{"id":265867,"date":"2024-10-14T17:47:04","date_gmt":"2024-10-14T15:47:04","guid":{"rendered":"https:\/\/www.tapasmagazine.es\/restaurantes-contra-el-hambre-celebra-su-15o-aniversario-con-el-apoyo-de-la-elite-gastronomica-espanola\/"},"modified":"2024-10-14T17:49:26","modified_gmt":"2024-10-14T15:49:26","slug":"restaurantes-contra-el-hambre-celebra-su-15o-aniversario-con-el-apoyo-de-la-elite-gastronomica-espanola","status":"publish","type":"post","link":"https:\/\/www.tapasmagazine.es\/en\/restaurantes-contra-el-hambre-celebra-su-15o-aniversario-con-el-apoyo-de-la-elite-gastronomica-espanola\/","title":{"rendered":"Restaurantes contra el Hambre celebra su 15\u00ba aniversario con el apoyo de la \u00e9lite gastron\u00f3mica espa\u00f1ola"},"content":{"rendered":"\n<p>La campa\u00f1a solidaria <strong><a href=\"https:\/\/www.tapasmagazine.es\/vuelve-el-mayor-movimiento-solidario-de-la-hosteleria-espanola\/\" target=\"_blank\" rel=\"noreferrer noopener\">Restaurantes contra el Hambre<\/a><\/strong>, impulsada por <strong>Acci\u00f3n contra el Hambre<\/strong>, cumple 15 a\u00f1os y lo celebra con el respaldo masivo de los mejores chefs de Espa\u00f1a. En esta edici\u00f3n, los cocineros <strong>Susi D\u00edaz<\/strong> y <strong>Quique Dacosta <\/strong>lideran la iniciativa como embajadores, acompa\u00f1ados por figuras como <strong>Albert Adri\u00e0, \u00c1lvaro Castellanos, \u00c1ngel Le\u00f3n, Mario Sandoval y Pedro Subijana<\/strong>.<\/p>\n\n\n\n<p>El acto de presentaci\u00f3n de esta <strong>15\u00aa edici\u00f3n<\/strong> tuvo lugar en el emblem\u00e1tico <strong>Mercado de San Leopoldo <\/strong>de Madrid, y cont\u00f3 con la participaci\u00f3n de la presentadora Flora Gonz\u00e1lez. Adem\u00e1s de D\u00edaz y Dacosta, chefs de renombre como <strong>Pepa Mu\u00f1oz<\/strong>,<strong> Iv\u00e1n Morales <\/strong>y <strong>Mario Sandoval<\/strong> tambi\u00e9n apadrinan la campa\u00f1a, que arranca con 400 establecimientos inscritos.<\/p>\n\n\n\n<p><strong>Olivier Longu\u00e9<\/strong>, director general de Acci\u00f3n contra el Hambre, inaugur\u00f3 el evento destacando el impacto de estos 15 a\u00f1os de trabajo conjunto: &#8216;M\u00e1s de 12.000 restaurantes han colaborado desde el inicio, permiti\u00e9ndonos recaudar fondos vitales para reforzar nuestros programas en Espa\u00f1a. Este a\u00f1o, los beneficios se destinar\u00e1n a ayudar a los m\u00e1s vulnerables en nuestro pa\u00eds, donde el 13% de los hogares tiene dificultades para acceder a una alimentaci\u00f3n saludable&#8217;.<\/p>\n\n\n\n<figure class=\"wp-block-embed is-type-video is-provider-youtube wp-block-embed-youtube wp-embed-aspect-16-9 wp-has-aspect-ratio\"><div class=\"wp-block-embed__wrapper\">\n<iframe title=\"RESTAURANTES CONTRA EL HAMBRE | 15 a\u00f1os cocinando un FUTURO sin hambre\" width=\"640\" height=\"360\" src=\"https:\/\/www.youtube.com\/embed\/HN23WGlxpMU?feature=oembed\" frameborder=\"0\" allow=\"accelerometer; autoplay; clipboard-write; encrypted-media; gyroscope; picture-in-picture; web-share\" referrerpolicy=\"strict-origin-when-cross-origin\" allowfullscreen><\/iframe>\n<\/div><\/figure>\n\n\n\n<p>Por su parte, <strong>Mario Sandoval<\/strong>, chef del restaurante Coque y padrino veterano de la campa\u00f1a, expres\u00f3 su orgullo por participar nuevamente: &#8216;Todo el mundo deber\u00eda tener derecho a un plato de comida. Es una satisfacci\u00f3n poder contribuir a una causa tan justa&#8217;.<\/p>\n\n\n\n<h2 class=\"wp-block-heading\">15 a\u00f1os cocinando esperanza<\/h2>\n\n\n\n<p>Desde su creaci\u00f3n, &#8216;<strong>Restaurantes contra el Hambre<\/strong>&#8216; ha movilizado a <strong>12.000 establecimientos<\/strong>, recaudando m\u00e1s de 1,5 millones de euros a trav\u00e9s de<strong> platos solidarios<\/strong>. <strong>Susi D\u00edaz<\/strong>, chef del restaurante La Finca y embajadora de la campa\u00f1a desde 2018, destac\u00f3 el car\u00e1cter solidario de la hosteler\u00eda: &#8216;Trabajamos con alimentos y lo que m\u00e1s nos gusta es dar de comer. Esta es nuestra manera de contribuir&#8217;.<\/p>\n\n\n\n<p>El secretario general de Hosteler\u00eda de Espa\u00f1a, <strong>Emilio Gallego<\/strong>, reforz\u00f3 esta idea, animando a m\u00e1s establecimientos a unirse para superar los r\u00e9cords de participaci\u00f3n este a\u00f1o. Asimismo, Eduardo P\u00e9rez, de Makro Espa\u00f1a, patrocinador de la iniciativa, afirm\u00f3: &#8216;Luchamos juntos contra el hambre, un granito de arroz puede marcar la diferencia&#8217;.<\/p>\n\n\n\n<figure class=\"wp-block-gallery has-nested-images columns-default is-cropped wp-block-gallery-1 is-layout-flex wp-block-gallery-is-layout-flex\">\n<figure class=\"wp-block-image size-large\"><img decoding=\"async\" width=\"682\" height=\"1024\" data-id=\"265856\" src=\"https:\/\/www.tapasmagazine.es\/wp-content\/uploads\/2024\/10\/1-682x1024.jpg\" alt=\"\" class=\"wp-image-265856\" srcset=\"https:\/\/www.tapasmagazine.es\/wp-content\/uploads\/2024\/10\/1-682x1024.jpg 682w, https:\/\/www.tapasmagazine.es\/wp-content\/uploads\/2024\/10\/1-200x300.jpg 200w, https:\/\/www.tapasmagazine.es\/wp-content\/uploads\/2024\/10\/1-768x1154.jpg 768w, https:\/\/www.tapasmagazine.es\/wp-content\/uploads\/2024\/10\/1-1022x1536.jpg 1022w, https:\/\/www.tapasmagazine.es\/wp-content\/uploads\/2024\/10\/1-1000x1503.jpg 1000w, https:\/\/www.tapasmagazine.es\/wp-content\/uploads\/2024\/10\/1-400x601.jpg 400w, https:\/\/www.tapasmagazine.es\/wp-content\/uploads\/2024\/10\/1.jpg 1363w\" sizes=\"(max-width: 682px) 100vw, 682px\" \/><\/figure>\n\n\n\n<figure class=\"wp-block-image size-large\"><img decoding=\"async\" width=\"683\" height=\"1024\" data-id=\"265857\" src=\"https:\/\/www.tapasmagazine.es\/wp-content\/uploads\/2024\/10\/2-1-683x1024.jpg\" alt=\"\" class=\"wp-image-265857\" srcset=\"https:\/\/www.tapasmagazine.es\/wp-content\/uploads\/2024\/10\/2-1-683x1024.jpg 683w, https:\/\/www.tapasmagazine.es\/wp-content\/uploads\/2024\/10\/2-1-200x300.jpg 200w, https:\/\/www.tapasmagazine.es\/wp-content\/uploads\/2024\/10\/2-1-768x1152.jpg 768w, https:\/\/www.tapasmagazine.es\/wp-content\/uploads\/2024\/10\/2-1-1024x1536.jpg 1024w, https:\/\/www.tapasmagazine.es\/wp-content\/uploads\/2024\/10\/2-1-1000x1500.jpg 1000w, https:\/\/www.tapasmagazine.es\/wp-content\/uploads\/2024\/10\/2-1-400x600.jpg 400w, https:\/\/www.tapasmagazine.es\/wp-content\/uploads\/2024\/10\/2-1.jpg 1365w\" sizes=\"(max-width: 683px) 100vw, 683px\" \/><\/figure>\n<\/figure>\n\n\n\n<h2 class=\"wp-block-heading\">Solidaridad en clave local: ayudando a los m\u00e1s cercanos<\/h2>\n\n\n\n<p>La campa\u00f1a tambi\u00e9n pone el foco en la <strong>solidaridad &#8216;Km 0<\/strong>&#8216;, apoyando a familias vulnerables en Espa\u00f1a. Con casi 2,5 millones de hogares que no pueden cubrir sus necesidades alimentarias b\u00e1sicas, chefs como <strong>Iv\u00e1n Morales<\/strong> y<strong> \u00c1lvaro Castellanos<\/strong>, del Grupo Arz\u00e1bal, subrayan la importancia de ayudar a quienes m\u00e1s lo necesitan: &#8216;Podemos marcar la diferencia en la vida de las personas que nos rodean, y tenemos la responsabilidad de hacerlo tambi\u00e9n a trav\u00e9s de la inserci\u00f3n laboral&#8217;.<\/p>\n\n\n\n<p>El \u00e9xito de &#8216;Restaurantes contra el Hambre&#8217; no ser\u00eda posible sin la colaboraci\u00f3n de los clientes. Al elegir un plato o men\u00fa solidario en los restaurantes participantes, los comensales contribuyen directamente a la causa, ya que el establecimiento dona parte de sus ingresos a Acci\u00f3n contra el Hambre. <\/p>\n\n\n\n<p>Este a\u00f1o, la campa\u00f1a cuenta con el apoyo de ElPozo, Fundaci\u00f3n Seur y Makro como patrocinadores principales, junto con importantes colaboraciones de Gu\u00eda Michelin, Hosteler\u00eda de Espa\u00f1a, Mujeres en Gastronom\u00eda, y muchas m\u00e1s. Para encontrar un restaurante solidario cercano, se puede consultar el mapa en la <strong><a href=\"https:\/\/restaurantescontraelhambre.accioncontraelhambre.org\/es\" target=\"_blank\" rel=\"noreferrer noopener\">web oficial<\/a><\/strong> de esta poderosa iniciativa.<\/p>\n","protected":false},"excerpt":{"rendered":"<p>La campa\u00f1a solidaria Restaurantes contra el Hambre, impulsada por Acci\u00f3n contra el Hambre, cumple 15 a\u00f1os y lo celebra con el respaldo masivo de los mejores chefs de Espa\u00f1a. En esta edici\u00f3n, los cocineros Susi D\u00edaz y Quique Dacosta lideran la iniciativa como embajadores, acompa\u00f1ados por figuras como Albert Adri\u00e0, \u00c1lvaro Castellanos, \u00c1ngel Le\u00f3n, Mario [&hellip;]<\/p>\n","protected":false},"author":318,"featured_media":265853,"comment_status":"closed","ping_status":"closed","sticky":false,"template":"","format":"standard","meta":{"_acf_changed":false,"footnotes":""},"categories":[15802,1],"tags":[16152,15803],"class_list":["post-265867","post","type-post","status-publish","format-standard","has-post-thumbnail","hentry","category-news","category-sin-categorizar","tag-chefs-en","tag-restaurants","cat-15802-id","cat-1-id"],"acf":[],"yoast_head":"<!-- This site is optimized with the Yoast SEO plugin v27.4 - https:\/\/yoast.com\/product\/yoast-seo-wordpress\/ -->\n<title>Restaurantes contra el Hambre celebra su 15\u00ba aniversario con el apoyo de la \u00e9lite gastron\u00f3mica espa\u00f1ola - Tapas<\/title>\n<meta name=\"description\" content=\"La campa\u00f1a solidaria Restaurantes contra el Hambre, impulsada por Acci\u00f3n contra el Hambre, cumple 15 a\u00f1os y lo celebra con el respaldo masivo de los\" \/>\n<meta name=\"robots\" content=\"index, follow, max-snippet:-1, max-image-preview:large, max-video-preview:-1\" \/>\n<link rel=\"canonical\" href=\"https:\/\/www.tapasmagazine.es\/en\/restaurantes-contra-el-hambre-celebra-su-15o-aniversario-con-el-apoyo-de-la-elite-gastronomica-espanola\/\" \/>\n<meta property=\"og:locale\" content=\"en_US\" \/>\n<meta property=\"og:type\" content=\"article\" \/>\n<meta property=\"og:title\" content=\"Restaurantes contra el Hambre celebra su 15\u00ba aniversario con el apoyo de la \u00e9lite gastron\u00f3mica espa\u00f1ola - Tapas\" \/>\n<meta property=\"og:description\" content=\"La campa\u00f1a solidaria Restaurantes contra el Hambre, impulsada por Acci\u00f3n contra el Hambre, cumple 15 a\u00f1os y lo celebra con el respaldo masivo de los\" \/>\n<meta property=\"og:url\" content=\"https:\/\/www.tapasmagazine.es\/en\/restaurantes-contra-el-hambre-celebra-su-15o-aniversario-con-el-apoyo-de-la-elite-gastronomica-espanola\/\" \/>\n<meta property=\"og:site_name\" content=\"Tapas\" \/>\n<meta property=\"article:publisher\" content=\"https:\/\/www.facebook.com\/tapasmagazine\" \/>\n<meta property=\"article:published_time\" content=\"2024-10-14T15:47:04+00:00\" \/>\n<meta property=\"article:modified_time\" content=\"2024-10-14T15:49:26+00:00\" \/>\n<meta property=\"og:image\" content=\"https:\/\/www.tapasmagazine.es\/wp-content\/uploads\/2024\/10\/restaurantes-contra-el-hambre.jpg\" \/>\n\t<meta property=\"og:image:width\" content=\"1200\" \/>\n\t<meta property=\"og:image:height\" content=\"675\" \/>\n\t<meta property=\"og:image:type\" content=\"image\/jpeg\" \/>\n<meta name=\"author\" content=\"Tapas Magazine\" \/>\n<meta name=\"twitter:card\" content=\"summary_large_image\" \/>\n<meta name=\"twitter:creator\" content=\"@TapasMagazine\" \/>\n<meta name=\"twitter:site\" content=\"@TapasMagazine\" \/>\n<meta name=\"twitter:label1\" content=\"Written by\" \/>\n\t<meta name=\"twitter:data1\" content=\"Tapas Magazine\" \/>\n\t<meta name=\"twitter:label2\" content=\"Est. reading time\" \/>\n\t<meta name=\"twitter:data2\" content=\"4 minutes\" \/>\n<script type=\"application\/ld+json\" class=\"yoast-schema-graph\">{\"@context\":\"https:\\\/\\\/schema.org\",\"@graph\":[{\"@type\":\"Article\",\"@id\":\"https:\\\/\\\/www.tapasmagazine.es\\\/en\\\/restaurantes-contra-el-hambre-celebra-su-15o-aniversario-con-el-apoyo-de-la-elite-gastronomica-espanola\\\/#article\",\"isPartOf\":{\"@id\":\"https:\\\/\\\/www.tapasmagazine.es\\\/en\\\/restaurantes-contra-el-hambre-celebra-su-15o-aniversario-con-el-apoyo-de-la-elite-gastronomica-espanola\\\/\"},\"author\":{\"name\":\"Tapas Magazine\",\"@id\":\"https:\\\/\\\/www.tapasmagazine.es\\\/#\\\/schema\\\/person\\\/ea9005ac2d36a0c25f3e81c47da0182f\"},\"headline\":\"Restaurantes contra el Hambre celebra su 15\u00ba aniversario con el apoyo de la \u00e9lite gastron\u00f3mica espa\u00f1ola\",\"datePublished\":\"2024-10-14T15:47:04+00:00\",\"dateModified\":\"2024-10-14T15:49:26+00:00\",\"mainEntityOfPage\":{\"@id\":\"https:\\\/\\\/www.tapasmagazine.es\\\/en\\\/restaurantes-contra-el-hambre-celebra-su-15o-aniversario-con-el-apoyo-de-la-elite-gastronomica-espanola\\\/\"},\"wordCount\":631,\"publisher\":{\"@id\":\"https:\\\/\\\/www.tapasmagazine.es\\\/#organization\"},\"image\":{\"@id\":\"https:\\\/\\\/www.tapasmagazine.es\\\/en\\\/restaurantes-contra-el-hambre-celebra-su-15o-aniversario-con-el-apoyo-de-la-elite-gastronomica-espanola\\\/#primaryimage\"},\"thumbnailUrl\":\"https:\\\/\\\/www.tapasmagazine.es\\\/wp-content\\\/uploads\\\/2024\\\/10\\\/restaurantes-contra-el-hambre.jpg\",\"keywords\":[\"Chefs\",\"restaurants\"],\"articleSection\":[\"News\",\"Sin categorizar\"],\"inLanguage\":\"en-US\"},{\"@type\":\"WebPage\",\"@id\":\"https:\\\/\\\/www.tapasmagazine.es\\\/en\\\/restaurantes-contra-el-hambre-celebra-su-15o-aniversario-con-el-apoyo-de-la-elite-gastronomica-espanola\\\/\",\"url\":\"https:\\\/\\\/www.tapasmagazine.es\\\/en\\\/restaurantes-contra-el-hambre-celebra-su-15o-aniversario-con-el-apoyo-de-la-elite-gastronomica-espanola\\\/\",\"name\":\"Restaurantes contra el Hambre celebra su 15\u00ba aniversario con el apoyo de la \u00e9lite gastron\u00f3mica espa\u00f1ola - Tapas\",\"isPartOf\":{\"@id\":\"https:\\\/\\\/www.tapasmagazine.es\\\/#website\"},\"primaryImageOfPage\":{\"@id\":\"https:\\\/\\\/www.tapasmagazine.es\\\/en\\\/restaurantes-contra-el-hambre-celebra-su-15o-aniversario-con-el-apoyo-de-la-elite-gastronomica-espanola\\\/#primaryimage\"},\"image\":{\"@id\":\"https:\\\/\\\/www.tapasmagazine.es\\\/en\\\/restaurantes-contra-el-hambre-celebra-su-15o-aniversario-con-el-apoyo-de-la-elite-gastronomica-espanola\\\/#primaryimage\"},\"thumbnailUrl\":\"https:\\\/\\\/www.tapasmagazine.es\\\/wp-content\\\/uploads\\\/2024\\\/10\\\/restaurantes-contra-el-hambre.jpg\",\"datePublished\":\"2024-10-14T15:47:04+00:00\",\"dateModified\":\"2024-10-14T15:49:26+00:00\",\"description\":\"La campa\u00f1a solidaria Restaurantes contra el Hambre, impulsada por Acci\u00f3n contra el Hambre, cumple 15 a\u00f1os y lo celebra con el respaldo masivo de los\",\"breadcrumb\":{\"@id\":\"https:\\\/\\\/www.tapasmagazine.es\\\/en\\\/restaurantes-contra-el-hambre-celebra-su-15o-aniversario-con-el-apoyo-de-la-elite-gastronomica-espanola\\\/#breadcrumb\"},\"inLanguage\":\"en-US\",\"potentialAction\":[{\"@type\":\"ReadAction\",\"target\":[\"https:\\\/\\\/www.tapasmagazine.es\\\/en\\\/restaurantes-contra-el-hambre-celebra-su-15o-aniversario-con-el-apoyo-de-la-elite-gastronomica-espanola\\\/\"]}]},{\"@type\":\"ImageObject\",\"inLanguage\":\"en-US\",\"@id\":\"https:\\\/\\\/www.tapasmagazine.es\\\/en\\\/restaurantes-contra-el-hambre-celebra-su-15o-aniversario-con-el-apoyo-de-la-elite-gastronomica-espanola\\\/#primaryimage\",\"url\":\"https:\\\/\\\/www.tapasmagazine.es\\\/wp-content\\\/uploads\\\/2024\\\/10\\\/restaurantes-contra-el-hambre.jpg\",\"contentUrl\":\"https:\\\/\\\/www.tapasmagazine.es\\\/wp-content\\\/uploads\\\/2024\\\/10\\\/restaurantes-contra-el-hambre.jpg\",\"width\":1200,\"height\":675},{\"@type\":\"BreadcrumbList\",\"@id\":\"https:\\\/\\\/www.tapasmagazine.es\\\/en\\\/restaurantes-contra-el-hambre-celebra-su-15o-aniversario-con-el-apoyo-de-la-elite-gastronomica-espanola\\\/#breadcrumb\",\"itemListElement\":[{\"@type\":\"ListItem\",\"position\":1,\"name\":\"Portada\",\"item\":\"https:\\\/\\\/www.tapasmagazine.es\\\/\"},{\"@type\":\"ListItem\",\"position\":2,\"name\":\"Actualidad\",\"item\":\"https:\\\/\\\/www.tapasmagazine.es\\\/categorias\\\/actualidad\\\/\"},{\"@type\":\"ListItem\",\"position\":3,\"name\":\"Restaurantes contra el Hambre celebra su 15\u00ba aniversario con el apoyo de la \u00e9lite gastron\u00f3mica espa\u00f1ola\"}]},{\"@type\":\"WebSite\",\"@id\":\"https:\\\/\\\/www.tapasmagazine.es\\\/#website\",\"url\":\"https:\\\/\\\/www.tapasmagazine.es\\\/\",\"name\":\"Tapas\",\"description\":\"\u00d1am \u00d1am Lifestyle. La vida a bocados. Premio Nacional de Gastronom\u00eda 2016.\",\"publisher\":{\"@id\":\"https:\\\/\\\/www.tapasmagazine.es\\\/#organization\"},\"potentialAction\":[{\"@type\":\"SearchAction\",\"target\":{\"@type\":\"EntryPoint\",\"urlTemplate\":\"https:\\\/\\\/www.tapasmagazine.es\\\/?s={search_term_string}\"},\"query-input\":{\"@type\":\"PropertyValueSpecification\",\"valueRequired\":true,\"valueName\":\"search_term_string\"}}],\"inLanguage\":\"en-US\"},{\"@type\":\"Organization\",\"@id\":\"https:\\\/\\\/www.tapasmagazine.es\\\/#organization\",\"name\":\"Tapas Magazine\",\"url\":\"https:\\\/\\\/www.tapasmagazine.es\\\/\",\"logo\":{\"@type\":\"ImageObject\",\"inLanguage\":\"en-US\",\"@id\":\"https:\\\/\\\/www.tapasmagazine.es\\\/#\\\/schema\\\/logo\\\/image\\\/\",\"url\":\"https:\\\/\\\/www.tapasmagazine.es\\\/wp-content\\\/uploads\\\/2018\\\/01\\\/logo.png\",\"contentUrl\":\"https:\\\/\\\/www.tapasmagazine.es\\\/wp-content\\\/uploads\\\/2018\\\/01\\\/logo.png\",\"width\":180,\"height\":60,\"caption\":\"Tapas Magazine\"},\"image\":{\"@id\":\"https:\\\/\\\/www.tapasmagazine.es\\\/#\\\/schema\\\/logo\\\/image\\\/\"},\"sameAs\":[\"https:\\\/\\\/www.facebook.com\\\/tapasmagazine\",\"https:\\\/\\\/x.com\\\/TapasMagazine\",\"https:\\\/\\\/www.instagram.com\\\/tapasmagazine\\\/\",\"https:\\\/\\\/www.linkedin.com\\\/company\\\/tapas-magazine\",\"https:\\\/\\\/es.pinterest.com\\\/tapasmagazine\\\/\",\"https:\\\/\\\/www.youtube.com\\\/channel\\\/UCEyxneAaACuR0lfDagrWjjg?sub_confirmation=1\"]},{\"@type\":\"Person\",\"@id\":\"https:\\\/\\\/www.tapasmagazine.es\\\/#\\\/schema\\\/person\\\/ea9005ac2d36a0c25f3e81c47da0182f\",\"name\":\"Tapas Magazine\",\"url\":\"https:\\\/\\\/www.tapasmagazine.es\\\/en\\\/author\\\/tapas-magazine\\\/\"}]}<\/script>\n<!-- \/ Yoast SEO plugin. -->","yoast_head_json":{"title":"Restaurantes contra el Hambre celebra su 15\u00ba aniversario con el apoyo de la \u00e9lite gastron\u00f3mica espa\u00f1ola - Tapas","description":"La campa\u00f1a solidaria Restaurantes contra el Hambre, impulsada por Acci\u00f3n contra el Hambre, cumple 15 a\u00f1os y lo celebra con el respaldo masivo de los","robots":{"index":"index","follow":"follow","max-snippet":"max-snippet:-1","max-image-preview":"max-image-preview:large","max-video-preview":"max-video-preview:-1"},"canonical":"https:\/\/www.tapasmagazine.es\/en\/restaurantes-contra-el-hambre-celebra-su-15o-aniversario-con-el-apoyo-de-la-elite-gastronomica-espanola\/","og_locale":"en_US","og_type":"article","og_title":"Restaurantes contra el Hambre celebra su 15\u00ba aniversario con el apoyo de la \u00e9lite gastron\u00f3mica espa\u00f1ola - Tapas","og_description":"La campa\u00f1a solidaria Restaurantes contra el Hambre, impulsada por Acci\u00f3n contra el Hambre, cumple 15 a\u00f1os y lo celebra con el respaldo masivo de los","og_url":"https:\/\/www.tapasmagazine.es\/en\/restaurantes-contra-el-hambre-celebra-su-15o-aniversario-con-el-apoyo-de-la-elite-gastronomica-espanola\/","og_site_name":"Tapas","article_publisher":"https:\/\/www.facebook.com\/tapasmagazine","article_published_time":"2024-10-14T15:47:04+00:00","article_modified_time":"2024-10-14T15:49:26+00:00","og_image":[{"width":1200,"height":675,"url":"https:\/\/www.tapasmagazine.es\/wp-content\/uploads\/2024\/10\/restaurantes-contra-el-hambre.jpg","type":"image\/jpeg"}],"author":"Tapas Magazine","twitter_card":"summary_large_image","twitter_creator":"@TapasMagazine","twitter_site":"@TapasMagazine","twitter_misc":{"Written by":"Tapas Magazine","Est. reading time":"4 minutes"},"schema":{"@context":"https:\/\/schema.org","@graph":[{"@type":"Article","@id":"https:\/\/www.tapasmagazine.es\/en\/restaurantes-contra-el-hambre-celebra-su-15o-aniversario-con-el-apoyo-de-la-elite-gastronomica-espanola\/#article","isPartOf":{"@id":"https:\/\/www.tapasmagazine.es\/en\/restaurantes-contra-el-hambre-celebra-su-15o-aniversario-con-el-apoyo-de-la-elite-gastronomica-espanola\/"},"author":{"name":"Tapas Magazine","@id":"https:\/\/www.tapasmagazine.es\/#\/schema\/person\/ea9005ac2d36a0c25f3e81c47da0182f"},"headline":"Restaurantes contra el Hambre celebra su 15\u00ba aniversario con el apoyo de la \u00e9lite gastron\u00f3mica espa\u00f1ola","datePublished":"2024-10-14T15:47:04+00:00","dateModified":"2024-10-14T15:49:26+00:00","mainEntityOfPage":{"@id":"https:\/\/www.tapasmagazine.es\/en\/restaurantes-contra-el-hambre-celebra-su-15o-aniversario-con-el-apoyo-de-la-elite-gastronomica-espanola\/"},"wordCount":631,"publisher":{"@id":"https:\/\/www.tapasmagazine.es\/#organization"},"image":{"@id":"https:\/\/www.tapasmagazine.es\/en\/restaurantes-contra-el-hambre-celebra-su-15o-aniversario-con-el-apoyo-de-la-elite-gastronomica-espanola\/#primaryimage"},"thumbnailUrl":"https:\/\/www.tapasmagazine.es\/wp-content\/uploads\/2024\/10\/restaurantes-contra-el-hambre.jpg","keywords":["Chefs","restaurants"],"articleSection":["News","Sin categorizar"],"inLanguage":"en-US"},{"@type":"WebPage","@id":"https:\/\/www.tapasmagazine.es\/en\/restaurantes-contra-el-hambre-celebra-su-15o-aniversario-con-el-apoyo-de-la-elite-gastronomica-espanola\/","url":"https:\/\/www.tapasmagazine.es\/en\/restaurantes-contra-el-hambre-celebra-su-15o-aniversario-con-el-apoyo-de-la-elite-gastronomica-espanola\/","name":"Restaurantes contra el Hambre celebra su 15\u00ba aniversario con el apoyo de la \u00e9lite gastron\u00f3mica espa\u00f1ola - Tapas","isPartOf":{"@id":"https:\/\/www.tapasmagazine.es\/#website"},"primaryImageOfPage":{"@id":"https:\/\/www.tapasmagazine.es\/en\/restaurantes-contra-el-hambre-celebra-su-15o-aniversario-con-el-apoyo-de-la-elite-gastronomica-espanola\/#primaryimage"},"image":{"@id":"https:\/\/www.tapasmagazine.es\/en\/restaurantes-contra-el-hambre-celebra-su-15o-aniversario-con-el-apoyo-de-la-elite-gastronomica-espanola\/#primaryimage"},"thumbnailUrl":"https:\/\/www.tapasmagazine.es\/wp-content\/uploads\/2024\/10\/restaurantes-contra-el-hambre.jpg","datePublished":"2024-10-14T15:47:04+00:00","dateModified":"2024-10-14T15:49:26+00:00","description":"La campa\u00f1a solidaria Restaurantes contra el Hambre, impulsada por Acci\u00f3n contra el Hambre, cumple 15 a\u00f1os y lo celebra con el respaldo masivo de los","breadcrumb":{"@id":"https:\/\/www.tapasmagazine.es\/en\/restaurantes-contra-el-hambre-celebra-su-15o-aniversario-con-el-apoyo-de-la-elite-gastronomica-espanola\/#breadcrumb"},"inLanguage":"en-US","potentialAction":[{"@type":"ReadAction","target":["https:\/\/www.tapasmagazine.es\/en\/restaurantes-contra-el-hambre-celebra-su-15o-aniversario-con-el-apoyo-de-la-elite-gastronomica-espanola\/"]}]},{"@type":"ImageObject","inLanguage":"en-US","@id":"https:\/\/www.tapasmagazine.es\/en\/restaurantes-contra-el-hambre-celebra-su-15o-aniversario-con-el-apoyo-de-la-elite-gastronomica-espanola\/#primaryimage","url":"https:\/\/www.tapasmagazine.es\/wp-content\/uploads\/2024\/10\/restaurantes-contra-el-hambre.jpg","contentUrl":"https:\/\/www.tapasmagazine.es\/wp-content\/uploads\/2024\/10\/restaurantes-contra-el-hambre.jpg","width":1200,"height":675},{"@type":"BreadcrumbList","@id":"https:\/\/www.tapasmagazine.es\/en\/restaurantes-contra-el-hambre-celebra-su-15o-aniversario-con-el-apoyo-de-la-elite-gastronomica-espanola\/#breadcrumb","itemListElement":[{"@type":"ListItem","position":1,"name":"Portada","item":"https:\/\/www.tapasmagazine.es\/"},{"@type":"ListItem","position":2,"name":"Actualidad","item":"https:\/\/www.tapasmagazine.es\/categorias\/actualidad\/"},{"@type":"ListItem","position":3,"name":"Restaurantes contra el Hambre celebra su 15\u00ba aniversario con el apoyo de la \u00e9lite gastron\u00f3mica espa\u00f1ola"}]},{"@type":"WebSite","@id":"https:\/\/www.tapasmagazine.es\/#website","url":"https:\/\/www.tapasmagazine.es\/","name":"Tapas","description":"\u00d1am \u00d1am Lifestyle. La vida a bocados. Premio Nacional de Gastronom\u00eda 2016.","publisher":{"@id":"https:\/\/www.tapasmagazine.es\/#organization"},"potentialAction":[{"@type":"SearchAction","target":{"@type":"EntryPoint","urlTemplate":"https:\/\/www.tapasmagazine.es\/?s={search_term_string}"},"query-input":{"@type":"PropertyValueSpecification","valueRequired":true,"valueName":"search_term_string"}}],"inLanguage":"en-US"},{"@type":"Organization","@id":"https:\/\/www.tapasmagazine.es\/#organization","name":"Tapas Magazine","url":"https:\/\/www.tapasmagazine.es\/","logo":{"@type":"ImageObject","inLanguage":"en-US","@id":"https:\/\/www.tapasmagazine.es\/#\/schema\/logo\/image\/","url":"https:\/\/www.tapasmagazine.es\/wp-content\/uploads\/2018\/01\/logo.png","contentUrl":"https:\/\/www.tapasmagazine.es\/wp-content\/uploads\/2018\/01\/logo.png","width":180,"height":60,"caption":"Tapas Magazine"},"image":{"@id":"https:\/\/www.tapasmagazine.es\/#\/schema\/logo\/image\/"},"sameAs":["https:\/\/www.facebook.com\/tapasmagazine","https:\/\/x.com\/TapasMagazine","https:\/\/www.instagram.com\/tapasmagazine\/","https:\/\/www.linkedin.com\/company\/tapas-magazine","https:\/\/es.pinterest.com\/tapasmagazine\/","https:\/\/www.youtube.com\/channel\/UCEyxneAaACuR0lfDagrWjjg?sub_confirmation=1"]},{"@type":"Person","@id":"https:\/\/www.tapasmagazine.es\/#\/schema\/person\/ea9005ac2d36a0c25f3e81c47da0182f","name":"Tapas Magazine","url":"https:\/\/www.tapasmagazine.es\/en\/author\/tapas-magazine\/"}]}},"_links":{"self":[{"href":"https:\/\/www.tapasmagazine.es\/en\/wp-json\/wp\/v2\/posts\/265867","targetHints":{"allow":["GET"]}}],"collection":[{"href":"https:\/\/www.tapasmagazine.es\/en\/wp-json\/wp\/v2\/posts"}],"about":[{"href":"https:\/\/www.tapasmagazine.es\/en\/wp-json\/wp\/v2\/types\/post"}],"author":[{"embeddable":true,"href":"https:\/\/www.tapasmagazine.es\/en\/wp-json\/wp\/v2\/users\/318"}],"replies":[{"embeddable":true,"href":"https:\/\/www.tapasmagazine.es\/en\/wp-json\/wp\/v2\/comments?post=265867"}],"version-history":[{"count":2,"href":"https:\/\/www.tapasmagazine.es\/en\/wp-json\/wp\/v2\/posts\/265867\/revisions"}],"predecessor-version":[{"id":265872,"href":"https:\/\/www.tapasmagazine.es\/en\/wp-json\/wp\/v2\/posts\/265867\/revisions\/265872"}],"wp:featuredmedia":[{"embeddable":true,"href":"https:\/\/www.tapasmagazine.es\/en\/wp-json\/wp\/v2\/media\/265853"}],"wp:attachment":[{"href":"https:\/\/www.tapasmagazine.es\/en\/wp-json\/wp\/v2\/media?parent=265867"}],"wp:term":[{"taxonomy":"category","embeddable":true,"href":"https:\/\/www.tapasmagazine.es\/en\/wp-json\/wp\/v2\/categories?post=265867"},{"taxonomy":"post_tag","embeddable":true,"href":"https:\/\/www.tapasmagazine.es\/en\/wp-json\/wp\/v2\/tags?post=265867"}],"curies":[{"name":"wp","href":"https:\/\/api.w.org\/{rel}","templated":true}]}}