{"id":265376,"date":"2024-10-10T13:32:57","date_gmt":"2024-10-10T11:32:57","guid":{"rendered":"https:\/\/www.tapasmagazine.es\/el-dueno-de-7-eleven-confirma-una-nueva-oferta-de-compra-por-parte-de-couche-tard\/"},"modified":"2024-10-10T13:37:57","modified_gmt":"2024-10-10T11:37:57","slug":"7-eleven-owner-confirms-new-takeover-offer-from-couche-tard","status":"publish","type":"post","link":"https:\/\/www.tapasmagazine.es\/en\/7-eleven-owner-confirms-new-takeover-offer-from-couche-tard\/","title":{"rendered":"7-Eleven owner confirms new takeover offer from Couche-Tard"},"content":{"rendered":"\n<p><strong>Click\u00a0<a href=\"https:\/\/www.tapasmagazine.es\/el-dueno-de-7-eleven-confirma-una-nueva-oferta-de-compra-por-parte-de-couche-tard\/\" target=\"_blank\" rel=\"noreferrer noopener\">here<\/a>\u00a0to read the Spanish version.<\/strong><\/p>\n\n\n\n<p>MADRID, 9 (EUROPA PRESS).<strong> Seven &amp; i Holdings<\/strong>, the operator of 7-Eleven convenience stores, has confirmed having received a non-binding &#8216;revised proposal&#8217; from Alimentation Couche-Tard (ACT), which would have improved its previous offer by 22%, to just over 47,000 million dollars (42,801 million euros).<\/p>\n\n\n\n<p>According to<em> Bloomberg<\/em>, the new proposal for the acquisition of ACT was presented in September and would contemplate the payment of 18.19 dollars per share, compared to the 14.86 dollars of the offer presented last August, which had been rejected by the Japanese group.<\/p>\n\n\n\n<p>In this regard, the owner of <strong>7-Eleven<\/strong> has indicated this Wednesday that, as requested by ACT, Seven &amp; i Holdings has maintained, and intends to continue to maintain, the confidentiality of its current discussions with the Canadian at this time. The Company will continue to act in the best interests of its shareholders and other stakeholders of the Company.<\/p>\n\n\n\n<p>Seven &amp; i Holdings shares closed the session up 4.71%, after advancing as much as 11.78%. Since last August, the Japanese company&#8217;s shares have appreciated by around 45%.<\/p>\n","protected":false},"excerpt":{"rendered":"<p>Click\u00a0here\u00a0to read the Spanish version. MADRID, 9 (EUROPA PRESS). Seven &amp; i Holdings, the operator of 7-Eleven convenience stores, has confirmed having received a non-binding &#8216;revised proposal&#8217; from Alimentation Couche-Tard (ACT), which would have improved its previous offer by 22%, to just over 47,000 million dollars (42,801 million euros). According to Bloomberg, the new proposal [&hellip;]<\/p>\n","protected":false},"author":318,"featured_media":265370,"comment_status":"closed","ping_status":"closed","sticky":false,"template":"","format":"standard","meta":{"_acf_changed":false,"footnotes":""},"categories":[15812,1],"tags":[],"class_list":["post-265376","post","type-post","status-publish","format-standard","has-post-thumbnail","hentry","category-breaking-news","category-sin-categorizar","cat-15812-id","cat-1-id"],"acf":[],"yoast_head":"<!-- This site is optimized with the Yoast SEO plugin v27.4 - https:\/\/yoast.com\/product\/yoast-seo-wordpress\/ -->\n<title>7-Eleven owner confirms new takeover offer from Couche-Tard - Tapas<\/title>\n<meta name=\"description\" content=\"Click\u00a0here\u00a0to read the Spanish version. MADRID, 9 (EUROPA PRESS). Seven &amp; i Holdings, the operator of 7-Eleven convenience stores, has confirmed\" \/>\n<meta name=\"robots\" content=\"index, follow, max-snippet:-1, max-image-preview:large, max-video-preview:-1\" \/>\n<link rel=\"canonical\" href=\"https:\/\/www.tapasmagazine.es\/en\/7-eleven-owner-confirms-new-takeover-offer-from-couche-tard\/\" \/>\n<meta property=\"og:locale\" content=\"en_US\" \/>\n<meta property=\"og:type\" content=\"article\" \/>\n<meta property=\"og:title\" content=\"7-Eleven owner confirms new takeover offer from Couche-Tard - Tapas\" \/>\n<meta property=\"og:description\" content=\"Click\u00a0here\u00a0to read the Spanish version. MADRID, 9 (EUROPA PRESS). Seven &amp; i Holdings, the operator of 7-Eleven convenience stores, has confirmed\" \/>\n<meta property=\"og:url\" content=\"https:\/\/www.tapasmagazine.es\/en\/7-eleven-owner-confirms-new-takeover-offer-from-couche-tard\/\" \/>\n<meta property=\"og:site_name\" content=\"Tapas\" \/>\n<meta property=\"article:publisher\" content=\"https:\/\/www.facebook.com\/tapasmagazine\" \/>\n<meta property=\"article:published_time\" content=\"2024-10-10T11:32:57+00:00\" \/>\n<meta property=\"article:modified_time\" content=\"2024-10-10T11:37:57+00:00\" \/>\n<meta property=\"og:image\" content=\"https:\/\/www.tapasmagazine.es\/wp-content\/uploads\/2024\/10\/7-eleven.jpg\" \/>\n\t<meta property=\"og:image:width\" content=\"1200\" \/>\n\t<meta property=\"og:image:height\" content=\"675\" \/>\n\t<meta property=\"og:image:type\" content=\"image\/jpeg\" \/>\n<meta name=\"author\" content=\"Tapas Magazine\" \/>\n<meta name=\"twitter:card\" content=\"summary_large_image\" \/>\n<meta name=\"twitter:creator\" content=\"@TapasMagazine\" \/>\n<meta name=\"twitter:site\" content=\"@TapasMagazine\" \/>\n<meta name=\"twitter:label1\" content=\"Written by\" \/>\n\t<meta name=\"twitter:data1\" content=\"Tapas Magazine\" \/>\n\t<meta name=\"twitter:label2\" content=\"Est. reading time\" \/>\n\t<meta name=\"twitter:data2\" content=\"2 minutes\" \/>\n<script type=\"application\/ld+json\" class=\"yoast-schema-graph\">{\"@context\":\"https:\\\/\\\/schema.org\",\"@graph\":[{\"@type\":\"Article\",\"@id\":\"https:\\\/\\\/www.tapasmagazine.es\\\/en\\\/7-eleven-owner-confirms-new-takeover-offer-from-couche-tard\\\/#article\",\"isPartOf\":{\"@id\":\"https:\\\/\\\/www.tapasmagazine.es\\\/en\\\/7-eleven-owner-confirms-new-takeover-offer-from-couche-tard\\\/\"},\"author\":{\"name\":\"Tapas Magazine\",\"@id\":\"https:\\\/\\\/www.tapasmagazine.es\\\/#\\\/schema\\\/person\\\/ea9005ac2d36a0c25f3e81c47da0182f\"},\"headline\":\"7-Eleven owner confirms new takeover offer from Couche-Tard\",\"datePublished\":\"2024-10-10T11:32:57+00:00\",\"dateModified\":\"2024-10-10T11:37:57+00:00\",\"mainEntityOfPage\":{\"@id\":\"https:\\\/\\\/www.tapasmagazine.es\\\/en\\\/7-eleven-owner-confirms-new-takeover-offer-from-couche-tard\\\/\"},\"wordCount\":182,\"publisher\":{\"@id\":\"https:\\\/\\\/www.tapasmagazine.es\\\/#organization\"},\"image\":{\"@id\":\"https:\\\/\\\/www.tapasmagazine.es\\\/en\\\/7-eleven-owner-confirms-new-takeover-offer-from-couche-tard\\\/#primaryimage\"},\"thumbnailUrl\":\"https:\\\/\\\/www.tapasmagazine.es\\\/wp-content\\\/uploads\\\/2024\\\/10\\\/7-eleven.jpg\",\"articleSection\":[\"Breaking News\",\"Sin categorizar\"],\"inLanguage\":\"en-US\"},{\"@type\":\"WebPage\",\"@id\":\"https:\\\/\\\/www.tapasmagazine.es\\\/en\\\/7-eleven-owner-confirms-new-takeover-offer-from-couche-tard\\\/\",\"url\":\"https:\\\/\\\/www.tapasmagazine.es\\\/en\\\/7-eleven-owner-confirms-new-takeover-offer-from-couche-tard\\\/\",\"name\":\"7-Eleven owner confirms new takeover offer from Couche-Tard - Tapas\",\"isPartOf\":{\"@id\":\"https:\\\/\\\/www.tapasmagazine.es\\\/#website\"},\"primaryImageOfPage\":{\"@id\":\"https:\\\/\\\/www.tapasmagazine.es\\\/en\\\/7-eleven-owner-confirms-new-takeover-offer-from-couche-tard\\\/#primaryimage\"},\"image\":{\"@id\":\"https:\\\/\\\/www.tapasmagazine.es\\\/en\\\/7-eleven-owner-confirms-new-takeover-offer-from-couche-tard\\\/#primaryimage\"},\"thumbnailUrl\":\"https:\\\/\\\/www.tapasmagazine.es\\\/wp-content\\\/uploads\\\/2024\\\/10\\\/7-eleven.jpg\",\"datePublished\":\"2024-10-10T11:32:57+00:00\",\"dateModified\":\"2024-10-10T11:37:57+00:00\",\"description\":\"Click\u00a0here\u00a0to read the Spanish version. MADRID, 9 (EUROPA PRESS). Seven &amp; i Holdings, the operator of 7-Eleven convenience stores, has confirmed\",\"breadcrumb\":{\"@id\":\"https:\\\/\\\/www.tapasmagazine.es\\\/en\\\/7-eleven-owner-confirms-new-takeover-offer-from-couche-tard\\\/#breadcrumb\"},\"inLanguage\":\"en-US\",\"potentialAction\":[{\"@type\":\"ReadAction\",\"target\":[\"https:\\\/\\\/www.tapasmagazine.es\\\/en\\\/7-eleven-owner-confirms-new-takeover-offer-from-couche-tard\\\/\"]}]},{\"@type\":\"ImageObject\",\"inLanguage\":\"en-US\",\"@id\":\"https:\\\/\\\/www.tapasmagazine.es\\\/en\\\/7-eleven-owner-confirms-new-takeover-offer-from-couche-tard\\\/#primaryimage\",\"url\":\"https:\\\/\\\/www.tapasmagazine.es\\\/wp-content\\\/uploads\\\/2024\\\/10\\\/7-eleven.jpg\",\"contentUrl\":\"https:\\\/\\\/www.tapasmagazine.es\\\/wp-content\\\/uploads\\\/2024\\\/10\\\/7-eleven.jpg\",\"width\":1200,\"height\":675},{\"@type\":\"BreadcrumbList\",\"@id\":\"https:\\\/\\\/www.tapasmagazine.es\\\/en\\\/7-eleven-owner-confirms-new-takeover-offer-from-couche-tard\\\/#breadcrumb\",\"itemListElement\":[{\"@type\":\"ListItem\",\"position\":1,\"name\":\"Portada\",\"item\":\"https:\\\/\\\/www.tapasmagazine.es\\\/\"},{\"@type\":\"ListItem\",\"position\":2,\"name\":\"Sin categorizar\",\"item\":\"https:\\\/\\\/www.tapasmagazine.es\\\/categorias\\\/sin-categorizar\\\/\"},{\"@type\":\"ListItem\",\"position\":3,\"name\":\"7-Eleven owner confirms new takeover offer from Couche-Tard\"}]},{\"@type\":\"WebSite\",\"@id\":\"https:\\\/\\\/www.tapasmagazine.es\\\/#website\",\"url\":\"https:\\\/\\\/www.tapasmagazine.es\\\/\",\"name\":\"Tapas\",\"description\":\"\u00d1am \u00d1am Lifestyle. La vida a bocados. Premio Nacional de Gastronom\u00eda 2016.\",\"publisher\":{\"@id\":\"https:\\\/\\\/www.tapasmagazine.es\\\/#organization\"},\"potentialAction\":[{\"@type\":\"SearchAction\",\"target\":{\"@type\":\"EntryPoint\",\"urlTemplate\":\"https:\\\/\\\/www.tapasmagazine.es\\\/?s={search_term_string}\"},\"query-input\":{\"@type\":\"PropertyValueSpecification\",\"valueRequired\":true,\"valueName\":\"search_term_string\"}}],\"inLanguage\":\"en-US\"},{\"@type\":\"Organization\",\"@id\":\"https:\\\/\\\/www.tapasmagazine.es\\\/#organization\",\"name\":\"Tapas Magazine\",\"url\":\"https:\\\/\\\/www.tapasmagazine.es\\\/\",\"logo\":{\"@type\":\"ImageObject\",\"inLanguage\":\"en-US\",\"@id\":\"https:\\\/\\\/www.tapasmagazine.es\\\/#\\\/schema\\\/logo\\\/image\\\/\",\"url\":\"https:\\\/\\\/www.tapasmagazine.es\\\/wp-content\\\/uploads\\\/2018\\\/01\\\/logo.png\",\"contentUrl\":\"https:\\\/\\\/www.tapasmagazine.es\\\/wp-content\\\/uploads\\\/2018\\\/01\\\/logo.png\",\"width\":180,\"height\":60,\"caption\":\"Tapas Magazine\"},\"image\":{\"@id\":\"https:\\\/\\\/www.tapasmagazine.es\\\/#\\\/schema\\\/logo\\\/image\\\/\"},\"sameAs\":[\"https:\\\/\\\/www.facebook.com\\\/tapasmagazine\",\"https:\\\/\\\/x.com\\\/TapasMagazine\",\"https:\\\/\\\/www.instagram.com\\\/tapasmagazine\\\/\",\"https:\\\/\\\/www.linkedin.com\\\/company\\\/tapas-magazine\",\"https:\\\/\\\/es.pinterest.com\\\/tapasmagazine\\\/\",\"https:\\\/\\\/www.youtube.com\\\/channel\\\/UCEyxneAaACuR0lfDagrWjjg?sub_confirmation=1\"]},{\"@type\":\"Person\",\"@id\":\"https:\\\/\\\/www.tapasmagazine.es\\\/#\\\/schema\\\/person\\\/ea9005ac2d36a0c25f3e81c47da0182f\",\"name\":\"Tapas Magazine\",\"url\":\"https:\\\/\\\/www.tapasmagazine.es\\\/en\\\/author\\\/tapas-magazine\\\/\"}]}<\/script>\n<!-- \/ Yoast SEO plugin. -->","yoast_head_json":{"title":"7-Eleven owner confirms new takeover offer from Couche-Tard - Tapas","description":"Click\u00a0here\u00a0to read the Spanish version. MADRID, 9 (EUROPA PRESS). Seven &amp; i Holdings, the operator of 7-Eleven convenience stores, has confirmed","robots":{"index":"index","follow":"follow","max-snippet":"max-snippet:-1","max-image-preview":"max-image-preview:large","max-video-preview":"max-video-preview:-1"},"canonical":"https:\/\/www.tapasmagazine.es\/en\/7-eleven-owner-confirms-new-takeover-offer-from-couche-tard\/","og_locale":"en_US","og_type":"article","og_title":"7-Eleven owner confirms new takeover offer from Couche-Tard - Tapas","og_description":"Click\u00a0here\u00a0to read the Spanish version. MADRID, 9 (EUROPA PRESS). Seven &amp; i Holdings, the operator of 7-Eleven convenience stores, has confirmed","og_url":"https:\/\/www.tapasmagazine.es\/en\/7-eleven-owner-confirms-new-takeover-offer-from-couche-tard\/","og_site_name":"Tapas","article_publisher":"https:\/\/www.facebook.com\/tapasmagazine","article_published_time":"2024-10-10T11:32:57+00:00","article_modified_time":"2024-10-10T11:37:57+00:00","og_image":[{"width":1200,"height":675,"url":"https:\/\/www.tapasmagazine.es\/wp-content\/uploads\/2024\/10\/7-eleven.jpg","type":"image\/jpeg"}],"author":"Tapas Magazine","twitter_card":"summary_large_image","twitter_creator":"@TapasMagazine","twitter_site":"@TapasMagazine","twitter_misc":{"Written by":"Tapas Magazine","Est. reading time":"2 minutes"},"schema":{"@context":"https:\/\/schema.org","@graph":[{"@type":"Article","@id":"https:\/\/www.tapasmagazine.es\/en\/7-eleven-owner-confirms-new-takeover-offer-from-couche-tard\/#article","isPartOf":{"@id":"https:\/\/www.tapasmagazine.es\/en\/7-eleven-owner-confirms-new-takeover-offer-from-couche-tard\/"},"author":{"name":"Tapas Magazine","@id":"https:\/\/www.tapasmagazine.es\/#\/schema\/person\/ea9005ac2d36a0c25f3e81c47da0182f"},"headline":"7-Eleven owner confirms new takeover offer from Couche-Tard","datePublished":"2024-10-10T11:32:57+00:00","dateModified":"2024-10-10T11:37:57+00:00","mainEntityOfPage":{"@id":"https:\/\/www.tapasmagazine.es\/en\/7-eleven-owner-confirms-new-takeover-offer-from-couche-tard\/"},"wordCount":182,"publisher":{"@id":"https:\/\/www.tapasmagazine.es\/#organization"},"image":{"@id":"https:\/\/www.tapasmagazine.es\/en\/7-eleven-owner-confirms-new-takeover-offer-from-couche-tard\/#primaryimage"},"thumbnailUrl":"https:\/\/www.tapasmagazine.es\/wp-content\/uploads\/2024\/10\/7-eleven.jpg","articleSection":["Breaking News","Sin categorizar"],"inLanguage":"en-US"},{"@type":"WebPage","@id":"https:\/\/www.tapasmagazine.es\/en\/7-eleven-owner-confirms-new-takeover-offer-from-couche-tard\/","url":"https:\/\/www.tapasmagazine.es\/en\/7-eleven-owner-confirms-new-takeover-offer-from-couche-tard\/","name":"7-Eleven owner confirms new takeover offer from Couche-Tard - Tapas","isPartOf":{"@id":"https:\/\/www.tapasmagazine.es\/#website"},"primaryImageOfPage":{"@id":"https:\/\/www.tapasmagazine.es\/en\/7-eleven-owner-confirms-new-takeover-offer-from-couche-tard\/#primaryimage"},"image":{"@id":"https:\/\/www.tapasmagazine.es\/en\/7-eleven-owner-confirms-new-takeover-offer-from-couche-tard\/#primaryimage"},"thumbnailUrl":"https:\/\/www.tapasmagazine.es\/wp-content\/uploads\/2024\/10\/7-eleven.jpg","datePublished":"2024-10-10T11:32:57+00:00","dateModified":"2024-10-10T11:37:57+00:00","description":"Click\u00a0here\u00a0to read the Spanish version. MADRID, 9 (EUROPA PRESS). Seven &amp; i Holdings, the operator of 7-Eleven convenience stores, has confirmed","breadcrumb":{"@id":"https:\/\/www.tapasmagazine.es\/en\/7-eleven-owner-confirms-new-takeover-offer-from-couche-tard\/#breadcrumb"},"inLanguage":"en-US","potentialAction":[{"@type":"ReadAction","target":["https:\/\/www.tapasmagazine.es\/en\/7-eleven-owner-confirms-new-takeover-offer-from-couche-tard\/"]}]},{"@type":"ImageObject","inLanguage":"en-US","@id":"https:\/\/www.tapasmagazine.es\/en\/7-eleven-owner-confirms-new-takeover-offer-from-couche-tard\/#primaryimage","url":"https:\/\/www.tapasmagazine.es\/wp-content\/uploads\/2024\/10\/7-eleven.jpg","contentUrl":"https:\/\/www.tapasmagazine.es\/wp-content\/uploads\/2024\/10\/7-eleven.jpg","width":1200,"height":675},{"@type":"BreadcrumbList","@id":"https:\/\/www.tapasmagazine.es\/en\/7-eleven-owner-confirms-new-takeover-offer-from-couche-tard\/#breadcrumb","itemListElement":[{"@type":"ListItem","position":1,"name":"Portada","item":"https:\/\/www.tapasmagazine.es\/"},{"@type":"ListItem","position":2,"name":"Sin categorizar","item":"https:\/\/www.tapasmagazine.es\/categorias\/sin-categorizar\/"},{"@type":"ListItem","position":3,"name":"7-Eleven owner confirms new takeover offer from Couche-Tard"}]},{"@type":"WebSite","@id":"https:\/\/www.tapasmagazine.es\/#website","url":"https:\/\/www.tapasmagazine.es\/","name":"Tapas","description":"\u00d1am \u00d1am Lifestyle. La vida a bocados. Premio Nacional de Gastronom\u00eda 2016.","publisher":{"@id":"https:\/\/www.tapasmagazine.es\/#organization"},"potentialAction":[{"@type":"SearchAction","target":{"@type":"EntryPoint","urlTemplate":"https:\/\/www.tapasmagazine.es\/?s={search_term_string}"},"query-input":{"@type":"PropertyValueSpecification","valueRequired":true,"valueName":"search_term_string"}}],"inLanguage":"en-US"},{"@type":"Organization","@id":"https:\/\/www.tapasmagazine.es\/#organization","name":"Tapas Magazine","url":"https:\/\/www.tapasmagazine.es\/","logo":{"@type":"ImageObject","inLanguage":"en-US","@id":"https:\/\/www.tapasmagazine.es\/#\/schema\/logo\/image\/","url":"https:\/\/www.tapasmagazine.es\/wp-content\/uploads\/2018\/01\/logo.png","contentUrl":"https:\/\/www.tapasmagazine.es\/wp-content\/uploads\/2018\/01\/logo.png","width":180,"height":60,"caption":"Tapas Magazine"},"image":{"@id":"https:\/\/www.tapasmagazine.es\/#\/schema\/logo\/image\/"},"sameAs":["https:\/\/www.facebook.com\/tapasmagazine","https:\/\/x.com\/TapasMagazine","https:\/\/www.instagram.com\/tapasmagazine\/","https:\/\/www.linkedin.com\/company\/tapas-magazine","https:\/\/es.pinterest.com\/tapasmagazine\/","https:\/\/www.youtube.com\/channel\/UCEyxneAaACuR0lfDagrWjjg?sub_confirmation=1"]},{"@type":"Person","@id":"https:\/\/www.tapasmagazine.es\/#\/schema\/person\/ea9005ac2d36a0c25f3e81c47da0182f","name":"Tapas Magazine","url":"https:\/\/www.tapasmagazine.es\/en\/author\/tapas-magazine\/"}]}},"_links":{"self":[{"href":"https:\/\/www.tapasmagazine.es\/en\/wp-json\/wp\/v2\/posts\/265376","targetHints":{"allow":["GET"]}}],"collection":[{"href":"https:\/\/www.tapasmagazine.es\/en\/wp-json\/wp\/v2\/posts"}],"about":[{"href":"https:\/\/www.tapasmagazine.es\/en\/wp-json\/wp\/v2\/types\/post"}],"author":[{"embeddable":true,"href":"https:\/\/www.tapasmagazine.es\/en\/wp-json\/wp\/v2\/users\/318"}],"replies":[{"embeddable":true,"href":"https:\/\/www.tapasmagazine.es\/en\/wp-json\/wp\/v2\/comments?post=265376"}],"version-history":[{"count":2,"href":"https:\/\/www.tapasmagazine.es\/en\/wp-json\/wp\/v2\/posts\/265376\/revisions"}],"predecessor-version":[{"id":265381,"href":"https:\/\/www.tapasmagazine.es\/en\/wp-json\/wp\/v2\/posts\/265376\/revisions\/265381"}],"wp:featuredmedia":[{"embeddable":true,"href":"https:\/\/www.tapasmagazine.es\/en\/wp-json\/wp\/v2\/media\/265370"}],"wp:attachment":[{"href":"https:\/\/www.tapasmagazine.es\/en\/wp-json\/wp\/v2\/media?parent=265376"}],"wp:term":[{"taxonomy":"category","embeddable":true,"href":"https:\/\/www.tapasmagazine.es\/en\/wp-json\/wp\/v2\/categories?post=265376"},{"taxonomy":"post_tag","embeddable":true,"href":"https:\/\/www.tapasmagazine.es\/en\/wp-json\/wp\/v2\/tags?post=265376"}],"curies":[{"name":"wp","href":"https:\/\/api.w.org\/{rel}","templated":true}]}}