{"id":265361,"date":"2024-10-10T13:07:15","date_gmt":"2024-10-10T11:07:15","guid":{"rendered":"https:\/\/www.tapasmagazine.es\/fernando-moraga-nuevo-director-general-de-pepsico-espana\/"},"modified":"2024-10-10T13:10:06","modified_gmt":"2024-10-10T11:10:06","slug":"fernando-moraga-new-ceo-pepsico-spain","status":"publish","type":"post","link":"https:\/\/www.tapasmagazine.es\/en\/fernando-moraga-new-ceo-pepsico-spain\/","title":{"rendered":"Fernando Moraga, new CEO of Pepsico Spain"},"content":{"rendered":"\n<p><strong>Click\u00a0<a href=\"https:\/\/www.tapasmagazine.es\/fernando-moraga-nuevo-director-general-de-pepsico-espana\/\" target=\"_blank\" rel=\"noreferrer noopener\">here<\/a>\u00a0to read the Spanish version.<\/strong><\/p>\n\n\n\n<p><strong>PepsiCo Spain <\/strong>has appointed <strong>Fernando Moraga<\/strong> as the company&#8217;s new general manager, after leading the Portuguese market for the past three years, the company said in a statement on Wednesday, October 9.<\/p>\n\n\n\n<p>The executive will continue to be part of the management committee reporting to PepsiCo&#8217;s general manager for Southwest Europe, Pol Codina.<\/p>\n\n\n\n<p>Moraga takes over from<strong> Iker Ganuza<\/strong>, who has been at the helm of PepsiCo Spain since the end of 2021 and takes over as head of Strategy and Transformation in DACH (Germany, Austria and Switzerland), Benelux and Nordics.<\/p>\n\n\n\n<p>I assume this new stage with enthusiasm and convinced that I can continue to contribute, together with my team, to the growth and success of this business unit, one of the 20 main markets of the company globally,&#8217; says Fernando Moraga.<\/p>\n\n\n\n<p>The new CEO began his career at <strong>PepsiCo<\/strong> in 2001 holding different positions within Sales and Marketing, and in 2019 he was appointed Sales Director for Spain. In 2021 he assumed the position of general manager in Portugal.<\/p>\n\n\n\n<p>The company explained that &#8216;he will be responsible for driving the group&#8217;s business in all its categories in Spain by betting on growth through key categories, innovation and transformation.&#8217;<\/p>\n","protected":false},"excerpt":{"rendered":"<p>Click\u00a0here\u00a0to read the Spanish version. PepsiCo Spain has appointed Fernando Moraga as the company&#8217;s new general manager, after leading the Portuguese market for the past three years, the company said in a statement on Wednesday, October 9. The executive will continue to be part of the management committee reporting to PepsiCo&#8217;s general manager for Southwest [&hellip;]<\/p>\n","protected":false},"author":318,"featured_media":265355,"comment_status":"closed","ping_status":"closed","sticky":false,"template":"","format":"standard","meta":{"_acf_changed":false,"footnotes":""},"categories":[15851],"tags":[17426,19297],"class_list":["post-265361","post","type-post","status-publish","format-standard","has-post-thumbnail","hentry","category-nombres-propios-en","tag-pepsi-en","tag-pepsico-en","cat-15851-id"],"acf":[],"yoast_head":"<!-- This site is optimized with the Yoast SEO plugin v27.4 - https:\/\/yoast.com\/product\/yoast-seo-wordpress\/ -->\n<title>Fernando Moraga, new CEO of Pepsico Spain - Tapas<\/title>\n<meta name=\"description\" content=\"Click\u00a0here\u00a0to read the Spanish version. PepsiCo Spain has appointed Fernando Moraga as the company&#039;s new general manager, after leading the Portuguese\" \/>\n<meta name=\"robots\" content=\"index, follow, max-snippet:-1, max-image-preview:large, max-video-preview:-1\" \/>\n<link rel=\"canonical\" href=\"https:\/\/www.tapasmagazine.es\/en\/fernando-moraga-new-ceo-pepsico-spain\/\" \/>\n<meta property=\"og:locale\" content=\"en_US\" \/>\n<meta property=\"og:type\" content=\"article\" \/>\n<meta property=\"og:title\" content=\"Fernando Moraga, new CEO of Pepsico Spain - Tapas\" \/>\n<meta property=\"og:description\" content=\"Click\u00a0here\u00a0to read the Spanish version. PepsiCo Spain has appointed Fernando Moraga as the company&#039;s new general manager, after leading the Portuguese\" \/>\n<meta property=\"og:url\" content=\"https:\/\/www.tapasmagazine.es\/en\/fernando-moraga-new-ceo-pepsico-spain\/\" \/>\n<meta property=\"og:site_name\" content=\"Tapas\" \/>\n<meta property=\"article:publisher\" content=\"https:\/\/www.facebook.com\/tapasmagazine\" \/>\n<meta property=\"article:published_time\" content=\"2024-10-10T11:07:15+00:00\" \/>\n<meta property=\"article:modified_time\" content=\"2024-10-10T11:10:06+00:00\" \/>\n<meta property=\"og:image\" content=\"https:\/\/www.tapasmagazine.es\/wp-content\/uploads\/2024\/10\/fernando-moraga.jpg\" \/>\n\t<meta property=\"og:image:width\" content=\"1200\" \/>\n\t<meta property=\"og:image:height\" content=\"675\" \/>\n\t<meta property=\"og:image:type\" content=\"image\/jpeg\" \/>\n<meta name=\"author\" content=\"Tapas Magazine\" \/>\n<meta name=\"twitter:card\" content=\"summary_large_image\" \/>\n<meta name=\"twitter:creator\" content=\"@TapasMagazine\" \/>\n<meta name=\"twitter:site\" content=\"@TapasMagazine\" \/>\n<meta name=\"twitter:label1\" content=\"Written by\" \/>\n\t<meta name=\"twitter:data1\" content=\"Tapas Magazine\" \/>\n\t<meta name=\"twitter:label2\" content=\"Est. reading time\" \/>\n\t<meta name=\"twitter:data2\" content=\"2 minutes\" \/>\n<script type=\"application\/ld+json\" class=\"yoast-schema-graph\">{\"@context\":\"https:\\\/\\\/schema.org\",\"@graph\":[{\"@type\":\"Article\",\"@id\":\"https:\\\/\\\/www.tapasmagazine.es\\\/en\\\/fernando-moraga-new-ceo-pepsico-spain\\\/#article\",\"isPartOf\":{\"@id\":\"https:\\\/\\\/www.tapasmagazine.es\\\/en\\\/fernando-moraga-new-ceo-pepsico-spain\\\/\"},\"author\":{\"name\":\"Tapas Magazine\",\"@id\":\"https:\\\/\\\/www.tapasmagazine.es\\\/#\\\/schema\\\/person\\\/ea9005ac2d36a0c25f3e81c47da0182f\"},\"headline\":\"Fernando Moraga, new CEO of Pepsico Spain\",\"datePublished\":\"2024-10-10T11:07:15+00:00\",\"dateModified\":\"2024-10-10T11:10:06+00:00\",\"mainEntityOfPage\":{\"@id\":\"https:\\\/\\\/www.tapasmagazine.es\\\/en\\\/fernando-moraga-new-ceo-pepsico-spain\\\/\"},\"wordCount\":210,\"publisher\":{\"@id\":\"https:\\\/\\\/www.tapasmagazine.es\\\/#organization\"},\"image\":{\"@id\":\"https:\\\/\\\/www.tapasmagazine.es\\\/en\\\/fernando-moraga-new-ceo-pepsico-spain\\\/#primaryimage\"},\"thumbnailUrl\":\"https:\\\/\\\/www.tapasmagazine.es\\\/wp-content\\\/uploads\\\/2024\\\/10\\\/fernando-moraga.jpg\",\"keywords\":[\"Pepsi\",\"PepsiCo\"],\"articleSection\":[\"Nombres propios\"],\"inLanguage\":\"en-US\"},{\"@type\":\"WebPage\",\"@id\":\"https:\\\/\\\/www.tapasmagazine.es\\\/en\\\/fernando-moraga-new-ceo-pepsico-spain\\\/\",\"url\":\"https:\\\/\\\/www.tapasmagazine.es\\\/en\\\/fernando-moraga-new-ceo-pepsico-spain\\\/\",\"name\":\"Fernando Moraga, new CEO of Pepsico Spain - Tapas\",\"isPartOf\":{\"@id\":\"https:\\\/\\\/www.tapasmagazine.es\\\/#website\"},\"primaryImageOfPage\":{\"@id\":\"https:\\\/\\\/www.tapasmagazine.es\\\/en\\\/fernando-moraga-new-ceo-pepsico-spain\\\/#primaryimage\"},\"image\":{\"@id\":\"https:\\\/\\\/www.tapasmagazine.es\\\/en\\\/fernando-moraga-new-ceo-pepsico-spain\\\/#primaryimage\"},\"thumbnailUrl\":\"https:\\\/\\\/www.tapasmagazine.es\\\/wp-content\\\/uploads\\\/2024\\\/10\\\/fernando-moraga.jpg\",\"datePublished\":\"2024-10-10T11:07:15+00:00\",\"dateModified\":\"2024-10-10T11:10:06+00:00\",\"description\":\"Click\u00a0here\u00a0to read the Spanish version. PepsiCo Spain has appointed Fernando Moraga as the company's new general manager, after leading the Portuguese\",\"breadcrumb\":{\"@id\":\"https:\\\/\\\/www.tapasmagazine.es\\\/en\\\/fernando-moraga-new-ceo-pepsico-spain\\\/#breadcrumb\"},\"inLanguage\":\"en-US\",\"potentialAction\":[{\"@type\":\"ReadAction\",\"target\":[\"https:\\\/\\\/www.tapasmagazine.es\\\/en\\\/fernando-moraga-new-ceo-pepsico-spain\\\/\"]}]},{\"@type\":\"ImageObject\",\"inLanguage\":\"en-US\",\"@id\":\"https:\\\/\\\/www.tapasmagazine.es\\\/en\\\/fernando-moraga-new-ceo-pepsico-spain\\\/#primaryimage\",\"url\":\"https:\\\/\\\/www.tapasmagazine.es\\\/wp-content\\\/uploads\\\/2024\\\/10\\\/fernando-moraga.jpg\",\"contentUrl\":\"https:\\\/\\\/www.tapasmagazine.es\\\/wp-content\\\/uploads\\\/2024\\\/10\\\/fernando-moraga.jpg\",\"width\":1200,\"height\":675},{\"@type\":\"BreadcrumbList\",\"@id\":\"https:\\\/\\\/www.tapasmagazine.es\\\/en\\\/fernando-moraga-new-ceo-pepsico-spain\\\/#breadcrumb\",\"itemListElement\":[{\"@type\":\"ListItem\",\"position\":1,\"name\":\"Portada\",\"item\":\"https:\\\/\\\/www.tapasmagazine.es\\\/\"},{\"@type\":\"ListItem\",\"position\":2,\"name\":\"Nombres propios\",\"item\":\"https:\\\/\\\/www.tapasmagazine.es\\\/en\\\/categorias\\\/nombres-propios-en\\\/\"},{\"@type\":\"ListItem\",\"position\":3,\"name\":\"Fernando Moraga, new CEO of Pepsico Spain\"}]},{\"@type\":\"WebSite\",\"@id\":\"https:\\\/\\\/www.tapasmagazine.es\\\/#website\",\"url\":\"https:\\\/\\\/www.tapasmagazine.es\\\/\",\"name\":\"Tapas\",\"description\":\"\u00d1am \u00d1am Lifestyle. La vida a bocados. Premio Nacional de Gastronom\u00eda 2016.\",\"publisher\":{\"@id\":\"https:\\\/\\\/www.tapasmagazine.es\\\/#organization\"},\"potentialAction\":[{\"@type\":\"SearchAction\",\"target\":{\"@type\":\"EntryPoint\",\"urlTemplate\":\"https:\\\/\\\/www.tapasmagazine.es\\\/?s={search_term_string}\"},\"query-input\":{\"@type\":\"PropertyValueSpecification\",\"valueRequired\":true,\"valueName\":\"search_term_string\"}}],\"inLanguage\":\"en-US\"},{\"@type\":\"Organization\",\"@id\":\"https:\\\/\\\/www.tapasmagazine.es\\\/#organization\",\"name\":\"Tapas Magazine\",\"url\":\"https:\\\/\\\/www.tapasmagazine.es\\\/\",\"logo\":{\"@type\":\"ImageObject\",\"inLanguage\":\"en-US\",\"@id\":\"https:\\\/\\\/www.tapasmagazine.es\\\/#\\\/schema\\\/logo\\\/image\\\/\",\"url\":\"https:\\\/\\\/www.tapasmagazine.es\\\/wp-content\\\/uploads\\\/2018\\\/01\\\/logo.png\",\"contentUrl\":\"https:\\\/\\\/www.tapasmagazine.es\\\/wp-content\\\/uploads\\\/2018\\\/01\\\/logo.png\",\"width\":180,\"height\":60,\"caption\":\"Tapas Magazine\"},\"image\":{\"@id\":\"https:\\\/\\\/www.tapasmagazine.es\\\/#\\\/schema\\\/logo\\\/image\\\/\"},\"sameAs\":[\"https:\\\/\\\/www.facebook.com\\\/tapasmagazine\",\"https:\\\/\\\/x.com\\\/TapasMagazine\",\"https:\\\/\\\/www.instagram.com\\\/tapasmagazine\\\/\",\"https:\\\/\\\/www.linkedin.com\\\/company\\\/tapas-magazine\",\"https:\\\/\\\/es.pinterest.com\\\/tapasmagazine\\\/\",\"https:\\\/\\\/www.youtube.com\\\/channel\\\/UCEyxneAaACuR0lfDagrWjjg?sub_confirmation=1\"]},{\"@type\":\"Person\",\"@id\":\"https:\\\/\\\/www.tapasmagazine.es\\\/#\\\/schema\\\/person\\\/ea9005ac2d36a0c25f3e81c47da0182f\",\"name\":\"Tapas Magazine\",\"url\":\"https:\\\/\\\/www.tapasmagazine.es\\\/en\\\/author\\\/tapas-magazine\\\/\"}]}<\/script>\n<!-- \/ Yoast SEO plugin. -->","yoast_head_json":{"title":"Fernando Moraga, new CEO of Pepsico Spain - Tapas","description":"Click\u00a0here\u00a0to read the Spanish version. PepsiCo Spain has appointed Fernando Moraga as the company's new general manager, after leading the Portuguese","robots":{"index":"index","follow":"follow","max-snippet":"max-snippet:-1","max-image-preview":"max-image-preview:large","max-video-preview":"max-video-preview:-1"},"canonical":"https:\/\/www.tapasmagazine.es\/en\/fernando-moraga-new-ceo-pepsico-spain\/","og_locale":"en_US","og_type":"article","og_title":"Fernando Moraga, new CEO of Pepsico Spain - Tapas","og_description":"Click\u00a0here\u00a0to read the Spanish version. PepsiCo Spain has appointed Fernando Moraga as the company's new general manager, after leading the Portuguese","og_url":"https:\/\/www.tapasmagazine.es\/en\/fernando-moraga-new-ceo-pepsico-spain\/","og_site_name":"Tapas","article_publisher":"https:\/\/www.facebook.com\/tapasmagazine","article_published_time":"2024-10-10T11:07:15+00:00","article_modified_time":"2024-10-10T11:10:06+00:00","og_image":[{"width":1200,"height":675,"url":"https:\/\/www.tapasmagazine.es\/wp-content\/uploads\/2024\/10\/fernando-moraga.jpg","type":"image\/jpeg"}],"author":"Tapas Magazine","twitter_card":"summary_large_image","twitter_creator":"@TapasMagazine","twitter_site":"@TapasMagazine","twitter_misc":{"Written by":"Tapas Magazine","Est. reading time":"2 minutes"},"schema":{"@context":"https:\/\/schema.org","@graph":[{"@type":"Article","@id":"https:\/\/www.tapasmagazine.es\/en\/fernando-moraga-new-ceo-pepsico-spain\/#article","isPartOf":{"@id":"https:\/\/www.tapasmagazine.es\/en\/fernando-moraga-new-ceo-pepsico-spain\/"},"author":{"name":"Tapas Magazine","@id":"https:\/\/www.tapasmagazine.es\/#\/schema\/person\/ea9005ac2d36a0c25f3e81c47da0182f"},"headline":"Fernando Moraga, new CEO of Pepsico Spain","datePublished":"2024-10-10T11:07:15+00:00","dateModified":"2024-10-10T11:10:06+00:00","mainEntityOfPage":{"@id":"https:\/\/www.tapasmagazine.es\/en\/fernando-moraga-new-ceo-pepsico-spain\/"},"wordCount":210,"publisher":{"@id":"https:\/\/www.tapasmagazine.es\/#organization"},"image":{"@id":"https:\/\/www.tapasmagazine.es\/en\/fernando-moraga-new-ceo-pepsico-spain\/#primaryimage"},"thumbnailUrl":"https:\/\/www.tapasmagazine.es\/wp-content\/uploads\/2024\/10\/fernando-moraga.jpg","keywords":["Pepsi","PepsiCo"],"articleSection":["Nombres propios"],"inLanguage":"en-US"},{"@type":"WebPage","@id":"https:\/\/www.tapasmagazine.es\/en\/fernando-moraga-new-ceo-pepsico-spain\/","url":"https:\/\/www.tapasmagazine.es\/en\/fernando-moraga-new-ceo-pepsico-spain\/","name":"Fernando Moraga, new CEO of Pepsico Spain - Tapas","isPartOf":{"@id":"https:\/\/www.tapasmagazine.es\/#website"},"primaryImageOfPage":{"@id":"https:\/\/www.tapasmagazine.es\/en\/fernando-moraga-new-ceo-pepsico-spain\/#primaryimage"},"image":{"@id":"https:\/\/www.tapasmagazine.es\/en\/fernando-moraga-new-ceo-pepsico-spain\/#primaryimage"},"thumbnailUrl":"https:\/\/www.tapasmagazine.es\/wp-content\/uploads\/2024\/10\/fernando-moraga.jpg","datePublished":"2024-10-10T11:07:15+00:00","dateModified":"2024-10-10T11:10:06+00:00","description":"Click\u00a0here\u00a0to read the Spanish version. PepsiCo Spain has appointed Fernando Moraga as the company's new general manager, after leading the Portuguese","breadcrumb":{"@id":"https:\/\/www.tapasmagazine.es\/en\/fernando-moraga-new-ceo-pepsico-spain\/#breadcrumb"},"inLanguage":"en-US","potentialAction":[{"@type":"ReadAction","target":["https:\/\/www.tapasmagazine.es\/en\/fernando-moraga-new-ceo-pepsico-spain\/"]}]},{"@type":"ImageObject","inLanguage":"en-US","@id":"https:\/\/www.tapasmagazine.es\/en\/fernando-moraga-new-ceo-pepsico-spain\/#primaryimage","url":"https:\/\/www.tapasmagazine.es\/wp-content\/uploads\/2024\/10\/fernando-moraga.jpg","contentUrl":"https:\/\/www.tapasmagazine.es\/wp-content\/uploads\/2024\/10\/fernando-moraga.jpg","width":1200,"height":675},{"@type":"BreadcrumbList","@id":"https:\/\/www.tapasmagazine.es\/en\/fernando-moraga-new-ceo-pepsico-spain\/#breadcrumb","itemListElement":[{"@type":"ListItem","position":1,"name":"Portada","item":"https:\/\/www.tapasmagazine.es\/"},{"@type":"ListItem","position":2,"name":"Nombres propios","item":"https:\/\/www.tapasmagazine.es\/en\/categorias\/nombres-propios-en\/"},{"@type":"ListItem","position":3,"name":"Fernando Moraga, new CEO of Pepsico Spain"}]},{"@type":"WebSite","@id":"https:\/\/www.tapasmagazine.es\/#website","url":"https:\/\/www.tapasmagazine.es\/","name":"Tapas","description":"\u00d1am \u00d1am Lifestyle. La vida a bocados. Premio Nacional de Gastronom\u00eda 2016.","publisher":{"@id":"https:\/\/www.tapasmagazine.es\/#organization"},"potentialAction":[{"@type":"SearchAction","target":{"@type":"EntryPoint","urlTemplate":"https:\/\/www.tapasmagazine.es\/?s={search_term_string}"},"query-input":{"@type":"PropertyValueSpecification","valueRequired":true,"valueName":"search_term_string"}}],"inLanguage":"en-US"},{"@type":"Organization","@id":"https:\/\/www.tapasmagazine.es\/#organization","name":"Tapas Magazine","url":"https:\/\/www.tapasmagazine.es\/","logo":{"@type":"ImageObject","inLanguage":"en-US","@id":"https:\/\/www.tapasmagazine.es\/#\/schema\/logo\/image\/","url":"https:\/\/www.tapasmagazine.es\/wp-content\/uploads\/2018\/01\/logo.png","contentUrl":"https:\/\/www.tapasmagazine.es\/wp-content\/uploads\/2018\/01\/logo.png","width":180,"height":60,"caption":"Tapas Magazine"},"image":{"@id":"https:\/\/www.tapasmagazine.es\/#\/schema\/logo\/image\/"},"sameAs":["https:\/\/www.facebook.com\/tapasmagazine","https:\/\/x.com\/TapasMagazine","https:\/\/www.instagram.com\/tapasmagazine\/","https:\/\/www.linkedin.com\/company\/tapas-magazine","https:\/\/es.pinterest.com\/tapasmagazine\/","https:\/\/www.youtube.com\/channel\/UCEyxneAaACuR0lfDagrWjjg?sub_confirmation=1"]},{"@type":"Person","@id":"https:\/\/www.tapasmagazine.es\/#\/schema\/person\/ea9005ac2d36a0c25f3e81c47da0182f","name":"Tapas Magazine","url":"https:\/\/www.tapasmagazine.es\/en\/author\/tapas-magazine\/"}]}},"_links":{"self":[{"href":"https:\/\/www.tapasmagazine.es\/en\/wp-json\/wp\/v2\/posts\/265361","targetHints":{"allow":["GET"]}}],"collection":[{"href":"https:\/\/www.tapasmagazine.es\/en\/wp-json\/wp\/v2\/posts"}],"about":[{"href":"https:\/\/www.tapasmagazine.es\/en\/wp-json\/wp\/v2\/types\/post"}],"author":[{"embeddable":true,"href":"https:\/\/www.tapasmagazine.es\/en\/wp-json\/wp\/v2\/users\/318"}],"replies":[{"embeddable":true,"href":"https:\/\/www.tapasmagazine.es\/en\/wp-json\/wp\/v2\/comments?post=265361"}],"version-history":[{"count":2,"href":"https:\/\/www.tapasmagazine.es\/en\/wp-json\/wp\/v2\/posts\/265361\/revisions"}],"predecessor-version":[{"id":265367,"href":"https:\/\/www.tapasmagazine.es\/en\/wp-json\/wp\/v2\/posts\/265361\/revisions\/265367"}],"wp:featuredmedia":[{"embeddable":true,"href":"https:\/\/www.tapasmagazine.es\/en\/wp-json\/wp\/v2\/media\/265355"}],"wp:attachment":[{"href":"https:\/\/www.tapasmagazine.es\/en\/wp-json\/wp\/v2\/media?parent=265361"}],"wp:term":[{"taxonomy":"category","embeddable":true,"href":"https:\/\/www.tapasmagazine.es\/en\/wp-json\/wp\/v2\/categories?post=265361"},{"taxonomy":"post_tag","embeddable":true,"href":"https:\/\/www.tapasmagazine.es\/en\/wp-json\/wp\/v2\/tags?post=265361"}],"curies":[{"name":"wp","href":"https:\/\/api.w.org\/{rel}","templated":true}]}}