{"id":265193,"date":"2024-10-09T10:16:38","date_gmt":"2024-10-09T08:16:38","guid":{"rendered":"https:\/\/www.tapasmagazine.es\/nestle-seguira-vendiendo-nestea-en-espana-tras-finalizar-su-acuerdo-con-coca-cola\/"},"modified":"2024-10-09T10:31:41","modified_gmt":"2024-10-09T08:31:41","slug":"nestle-will-continue-sell-nestea-in-spain","status":"publish","type":"post","link":"https:\/\/www.tapasmagazine.es\/en\/nestle-will-continue-sell-nestea-in-spain\/","title":{"rendered":"Nestl\u00e9 will continue to sell Nestea in Spain"},"content":{"rendered":"\n<p><strong>Click\u00a0<a href=\"https:\/\/www.tapasmagazine.es\/nestle-seguira-vendiendo-nestea-en-espana-tras-finalizar-su-acuerdo-con-coca-cola\/\" target=\"_blank\" rel=\"noreferrer noopener\">here<\/a>\u00a0to read the Spanish version.<\/strong><\/p>\n\n\n\n<p><strong>Nestl\u00e9<\/strong> has released an official statement about the sale of NESTEA, in order to clarify all the rumors that have been going on in this regard. NESTEA will continue to be marketed in our country, once the current contract between Nestl\u00e9 and Coca-Cola comes to an end&#8217;.<\/p>\n\n\n\n<p>&#8216;Thus, consumers will still be able to find NESTEA in their usual stores also from January 1, 2025 and will be able to continue to enjoy their favorite brand, market leader, in their favorite flavors as before. Nestl\u00e9 thus wants to put an end to the misinformation that has arisen in recent days regarding the future of its marketing, the origin and intentions of which it does not know.&#8217;<\/p>\n\n\n\n<p>The company terminates its licensing contract with Coca-Cola, after seven years that gave Coca-Cola the responsibility for the manufacture and distribution of Nestea in Spain. That task will now be left in the hands of Nestl\u00e9 or a new partner, although the Swiss company has not yet disclosed details on how it will manage these processes from 2025 onwards.<\/p>\n\n\n\n<h2 class=\"wp-block-heading\">The future of Nestea and Coca-Cola&#8217;s role in it<\/h2>\n\n\n\n<p>This change marks the end of a historic collaboration. In 2017, <strong>Coca-Cola <\/strong>and<strong> Nestl\u00e9 <\/strong>signed a licensing agreement granting Coca-Cola exclusivity to produce and distribute Nestea in several countries, including Spain, Portugal, Andorra, Romania, Hungary and Bulgaria. This agreement had a seven-year term and followed the dissolution of the joint venture that both companies formed in 2001, Beverage Partners Worldwide, which had the objective of developing and expanding the Nestea brand in Canada and Europe. The alliance between the two companies allowed Nestea to consolidate its position as one of the leading iced tea brands in the Spanish market, where it began to be marketed in 1993.<\/p>\n\n\n\n<p>However, in 2017, Nestl\u00e9 offered a turn of events by announcing its decision to manage the brand independently, in response to new dynamics in the ready-to-drink tea market. Although the global alliance with Coca-Cola came to an end, in countries such as Spain and Portugal, Coca-Cola temporarily retained the license to produce and distribute Nestea.<\/p>\n\n\n<div class=\"wp-block-image\">\n<figure class=\"aligncenter size-large is-resized\"><img decoding=\"async\" width=\"1024\" height=\"576\" src=\"https:\/\/www.tapasmagazine.es\/wp-content\/uploads\/2024\/10\/fuzetea-sabororiginal-desktop-1024x576.webp\" alt=\"\" class=\"wp-image-265190\" style=\"width:1042px;height:auto\" srcset=\"https:\/\/www.tapasmagazine.es\/wp-content\/uploads\/2024\/10\/fuzetea-sabororiginal-desktop-1024x576.webp 1024w, https:\/\/www.tapasmagazine.es\/wp-content\/uploads\/2024\/10\/fuzetea-sabororiginal-desktop-300x169.webp 300w, https:\/\/www.tapasmagazine.es\/wp-content\/uploads\/2024\/10\/fuzetea-sabororiginal-desktop-768x432.webp 768w, https:\/\/www.tapasmagazine.es\/wp-content\/uploads\/2024\/10\/fuzetea-sabororiginal-desktop-1200x675.webp 1200w, https:\/\/www.tapasmagazine.es\/wp-content\/uploads\/2024\/10\/fuzetea-sabororiginal-desktop-1000x563.webp 1000w, https:\/\/www.tapasmagazine.es\/wp-content\/uploads\/2024\/10\/fuzetea-sabororiginal-desktop-400x225.webp 400w, https:\/\/www.tapasmagazine.es\/wp-content\/uploads\/2024\/10\/fuzetea-sabororiginal-desktop.webp 1440w\" sizes=\"(max-width: 1024px) 100vw, 1024px\" \/><\/figure>\n<\/div>\n\n\n<p>With the end of this agreement in 2024, Coca-Cola has decided not to renew its commitment to Nestea and has launched its own product to compete in the segment: Fuze Tea. This new brand, which Coca-Cola has already begun to introduce in Spain since September, seeks to occupy the space left by Nestea. Fuze Tea will be distributed in approximately 225,000 points of sale, both in the food distribution channel and in the on-trade. The company has high expectations for the brand, confident that Spanish consumers will receive well the product, which has already been successful in other markets.<\/p>\n\n\n\n<h2 class=\"wp-block-heading\">Competition in the iced tea market<\/h2>\n\n\n\n<p>The ready-to-drink tea sector in Spain has experienced 6.3% growth in recent years, according to Nielsen data. Moreover, the value of this market is expected to double by 2030, which bodes well for intense competition between Nestea and Fuze Tea in the coming years.<\/p>\n\n\n\n<p>Fuze Tea is not a completely new product. Coca-Cola has already marketed the drink in other countries, and now brings it to Spain with the ambition to occupy a significant place in an expanding market. &#8216;We hope that Fuze Tea will conquer the hearts of Spanish consumers, with the same taste and bottle they already know and love,&#8217; said Carlos Mart\u00edn, general manager of Coca-Cola Iberia, during the presentation of the drink.<\/p>\n","protected":false},"excerpt":{"rendered":"<p>Click\u00a0here\u00a0to read the Spanish version. Nestl\u00e9 has released an official statement about the sale of NESTEA, in order to clarify all the rumors that have been going on in this regard. NESTEA will continue to be marketed in our country, once the current contract between Nestl\u00e9 and Coca-Cola comes to an end&#8217;. &#8216;Thus, consumers will [&hellip;]<\/p>\n","protected":false},"author":285,"featured_media":265188,"comment_status":"closed","ping_status":"closed","sticky":false,"template":"","format":"standard","meta":{"_acf_changed":false,"footnotes":""},"categories":[15812],"tags":[19296,18830],"class_list":["post-265193","post","type-post","status-publish","format-standard","has-post-thumbnail","hentry","category-breaking-news","tag-nestea-en","tag-nestle-en","cat-15812-id"],"acf":[],"yoast_head":"<!-- This site is optimized with the Yoast SEO plugin v27.4 - https:\/\/yoast.com\/product\/yoast-seo-wordpress\/ -->\n<title>Nestl\u00e9 will continue to sell Nestea in Spain - Tapas<\/title>\n<meta name=\"description\" content=\"Click\u00a0here\u00a0to read the Spanish version. Nestl\u00e9 has released an official statement about the sale of NESTEA, in order to clarify all the rumors that have\" \/>\n<meta name=\"robots\" content=\"index, follow, max-snippet:-1, max-image-preview:large, max-video-preview:-1\" \/>\n<link rel=\"canonical\" href=\"https:\/\/www.tapasmagazine.es\/en\/nestle-will-continue-sell-nestea-in-spain\/\" \/>\n<meta property=\"og:locale\" content=\"en_US\" \/>\n<meta property=\"og:type\" content=\"article\" \/>\n<meta property=\"og:title\" content=\"Nestl\u00e9 will continue to sell Nestea in Spain - Tapas\" \/>\n<meta property=\"og:description\" content=\"Click\u00a0here\u00a0to read the Spanish version. Nestl\u00e9 has released an official statement about the sale of NESTEA, in order to clarify all the rumors that have\" \/>\n<meta property=\"og:url\" content=\"https:\/\/www.tapasmagazine.es\/en\/nestle-will-continue-sell-nestea-in-spain\/\" \/>\n<meta property=\"og:site_name\" content=\"Tapas\" \/>\n<meta property=\"article:publisher\" content=\"https:\/\/www.facebook.com\/tapasmagazine\" \/>\n<meta property=\"article:published_time\" content=\"2024-10-09T08:16:38+00:00\" \/>\n<meta property=\"article:modified_time\" content=\"2024-10-09T08:31:41+00:00\" \/>\n<meta property=\"og:image\" content=\"https:\/\/www.tapasmagazine.es\/wp-content\/uploads\/2024\/10\/nestea.jpg\" \/>\n\t<meta property=\"og:image:width\" content=\"1200\" \/>\n\t<meta property=\"og:image:height\" content=\"675\" \/>\n\t<meta property=\"og:image:type\" content=\"image\/jpeg\" \/>\n<meta name=\"author\" content=\"Laura P\u00e9rez\" \/>\n<meta name=\"twitter:card\" content=\"summary_large_image\" \/>\n<meta name=\"twitter:creator\" content=\"@TapasMagazine\" \/>\n<meta name=\"twitter:site\" content=\"@TapasMagazine\" \/>\n<meta name=\"twitter:label1\" content=\"Written by\" \/>\n\t<meta name=\"twitter:data1\" content=\"Laura P\u00e9rez\" \/>\n\t<meta name=\"twitter:label2\" content=\"Est. reading time\" \/>\n\t<meta name=\"twitter:data2\" content=\"4 minutes\" \/>\n<script type=\"application\/ld+json\" class=\"yoast-schema-graph\">{\"@context\":\"https:\\\/\\\/schema.org\",\"@graph\":[{\"@type\":\"Article\",\"@id\":\"https:\\\/\\\/www.tapasmagazine.es\\\/en\\\/nestle-will-continue-sell-nestea-in-spain\\\/#article\",\"isPartOf\":{\"@id\":\"https:\\\/\\\/www.tapasmagazine.es\\\/en\\\/nestle-will-continue-sell-nestea-in-spain\\\/\"},\"author\":{\"name\":\"Laura P\u00e9rez\",\"@id\":\"https:\\\/\\\/www.tapasmagazine.es\\\/#\\\/schema\\\/person\\\/eb46cbe76a9c8f062660eb609e3ecb4e\"},\"headline\":\"Nestl\u00e9 will continue to sell Nestea in Spain\",\"datePublished\":\"2024-10-09T08:16:38+00:00\",\"dateModified\":\"2024-10-09T08:31:41+00:00\",\"mainEntityOfPage\":{\"@id\":\"https:\\\/\\\/www.tapasmagazine.es\\\/en\\\/nestle-will-continue-sell-nestea-in-spain\\\/\"},\"wordCount\":573,\"publisher\":{\"@id\":\"https:\\\/\\\/www.tapasmagazine.es\\\/#organization\"},\"image\":{\"@id\":\"https:\\\/\\\/www.tapasmagazine.es\\\/en\\\/nestle-will-continue-sell-nestea-in-spain\\\/#primaryimage\"},\"thumbnailUrl\":\"https:\\\/\\\/www.tapasmagazine.es\\\/wp-content\\\/uploads\\\/2024\\\/10\\\/nestea.jpg\",\"keywords\":[\"Nestea\",\"Nestl\u00e9\"],\"articleSection\":[\"Breaking News\"],\"inLanguage\":\"en-US\"},{\"@type\":\"WebPage\",\"@id\":\"https:\\\/\\\/www.tapasmagazine.es\\\/en\\\/nestle-will-continue-sell-nestea-in-spain\\\/\",\"url\":\"https:\\\/\\\/www.tapasmagazine.es\\\/en\\\/nestle-will-continue-sell-nestea-in-spain\\\/\",\"name\":\"Nestl\u00e9 will continue to sell Nestea in Spain - Tapas\",\"isPartOf\":{\"@id\":\"https:\\\/\\\/www.tapasmagazine.es\\\/#website\"},\"primaryImageOfPage\":{\"@id\":\"https:\\\/\\\/www.tapasmagazine.es\\\/en\\\/nestle-will-continue-sell-nestea-in-spain\\\/#primaryimage\"},\"image\":{\"@id\":\"https:\\\/\\\/www.tapasmagazine.es\\\/en\\\/nestle-will-continue-sell-nestea-in-spain\\\/#primaryimage\"},\"thumbnailUrl\":\"https:\\\/\\\/www.tapasmagazine.es\\\/wp-content\\\/uploads\\\/2024\\\/10\\\/nestea.jpg\",\"datePublished\":\"2024-10-09T08:16:38+00:00\",\"dateModified\":\"2024-10-09T08:31:41+00:00\",\"description\":\"Click\u00a0here\u00a0to read the Spanish version. Nestl\u00e9 has released an official statement about the sale of NESTEA, in order to clarify all the rumors that have\",\"breadcrumb\":{\"@id\":\"https:\\\/\\\/www.tapasmagazine.es\\\/en\\\/nestle-will-continue-sell-nestea-in-spain\\\/#breadcrumb\"},\"inLanguage\":\"en-US\",\"potentialAction\":[{\"@type\":\"ReadAction\",\"target\":[\"https:\\\/\\\/www.tapasmagazine.es\\\/en\\\/nestle-will-continue-sell-nestea-in-spain\\\/\"]}]},{\"@type\":\"ImageObject\",\"inLanguage\":\"en-US\",\"@id\":\"https:\\\/\\\/www.tapasmagazine.es\\\/en\\\/nestle-will-continue-sell-nestea-in-spain\\\/#primaryimage\",\"url\":\"https:\\\/\\\/www.tapasmagazine.es\\\/wp-content\\\/uploads\\\/2024\\\/10\\\/nestea.jpg\",\"contentUrl\":\"https:\\\/\\\/www.tapasmagazine.es\\\/wp-content\\\/uploads\\\/2024\\\/10\\\/nestea.jpg\",\"width\":1200,\"height\":675},{\"@type\":\"BreadcrumbList\",\"@id\":\"https:\\\/\\\/www.tapasmagazine.es\\\/en\\\/nestle-will-continue-sell-nestea-in-spain\\\/#breadcrumb\",\"itemListElement\":[{\"@type\":\"ListItem\",\"position\":1,\"name\":\"Portada\",\"item\":\"https:\\\/\\\/www.tapasmagazine.es\\\/\"},{\"@type\":\"ListItem\",\"position\":2,\"name\":\"Breaking News\",\"item\":\"https:\\\/\\\/www.tapasmagazine.es\\\/en\\\/categorias\\\/breaking-news\\\/\"},{\"@type\":\"ListItem\",\"position\":3,\"name\":\"Nestl\u00e9 will continue to sell Nestea in Spain\"}]},{\"@type\":\"WebSite\",\"@id\":\"https:\\\/\\\/www.tapasmagazine.es\\\/#website\",\"url\":\"https:\\\/\\\/www.tapasmagazine.es\\\/\",\"name\":\"Tapas\",\"description\":\"\u00d1am \u00d1am Lifestyle. La vida a bocados. Premio Nacional de Gastronom\u00eda 2016.\",\"publisher\":{\"@id\":\"https:\\\/\\\/www.tapasmagazine.es\\\/#organization\"},\"potentialAction\":[{\"@type\":\"SearchAction\",\"target\":{\"@type\":\"EntryPoint\",\"urlTemplate\":\"https:\\\/\\\/www.tapasmagazine.es\\\/?s={search_term_string}\"},\"query-input\":{\"@type\":\"PropertyValueSpecification\",\"valueRequired\":true,\"valueName\":\"search_term_string\"}}],\"inLanguage\":\"en-US\"},{\"@type\":\"Organization\",\"@id\":\"https:\\\/\\\/www.tapasmagazine.es\\\/#organization\",\"name\":\"Tapas Magazine\",\"url\":\"https:\\\/\\\/www.tapasmagazine.es\\\/\",\"logo\":{\"@type\":\"ImageObject\",\"inLanguage\":\"en-US\",\"@id\":\"https:\\\/\\\/www.tapasmagazine.es\\\/#\\\/schema\\\/logo\\\/image\\\/\",\"url\":\"https:\\\/\\\/www.tapasmagazine.es\\\/wp-content\\\/uploads\\\/2018\\\/01\\\/logo.png\",\"contentUrl\":\"https:\\\/\\\/www.tapasmagazine.es\\\/wp-content\\\/uploads\\\/2018\\\/01\\\/logo.png\",\"width\":180,\"height\":60,\"caption\":\"Tapas Magazine\"},\"image\":{\"@id\":\"https:\\\/\\\/www.tapasmagazine.es\\\/#\\\/schema\\\/logo\\\/image\\\/\"},\"sameAs\":[\"https:\\\/\\\/www.facebook.com\\\/tapasmagazine\",\"https:\\\/\\\/x.com\\\/TapasMagazine\",\"https:\\\/\\\/www.instagram.com\\\/tapasmagazine\\\/\",\"https:\\\/\\\/www.linkedin.com\\\/company\\\/tapas-magazine\",\"https:\\\/\\\/es.pinterest.com\\\/tapasmagazine\\\/\",\"https:\\\/\\\/www.youtube.com\\\/channel\\\/UCEyxneAaACuR0lfDagrWjjg?sub_confirmation=1\"]},{\"@type\":\"Person\",\"@id\":\"https:\\\/\\\/www.tapasmagazine.es\\\/#\\\/schema\\\/person\\\/eb46cbe76a9c8f062660eb609e3ecb4e\",\"name\":\"Laura P\u00e9rez\",\"url\":\"https:\\\/\\\/www.tapasmagazine.es\\\/en\\\/author\\\/laura-perez\\\/\"}]}<\/script>\n<!-- \/ Yoast SEO plugin. -->","yoast_head_json":{"title":"Nestl\u00e9 will continue to sell Nestea in Spain - Tapas","description":"Click\u00a0here\u00a0to read the Spanish version. Nestl\u00e9 has released an official statement about the sale of NESTEA, in order to clarify all the rumors that have","robots":{"index":"index","follow":"follow","max-snippet":"max-snippet:-1","max-image-preview":"max-image-preview:large","max-video-preview":"max-video-preview:-1"},"canonical":"https:\/\/www.tapasmagazine.es\/en\/nestle-will-continue-sell-nestea-in-spain\/","og_locale":"en_US","og_type":"article","og_title":"Nestl\u00e9 will continue to sell Nestea in Spain - Tapas","og_description":"Click\u00a0here\u00a0to read the Spanish version. Nestl\u00e9 has released an official statement about the sale of NESTEA, in order to clarify all the rumors that have","og_url":"https:\/\/www.tapasmagazine.es\/en\/nestle-will-continue-sell-nestea-in-spain\/","og_site_name":"Tapas","article_publisher":"https:\/\/www.facebook.com\/tapasmagazine","article_published_time":"2024-10-09T08:16:38+00:00","article_modified_time":"2024-10-09T08:31:41+00:00","og_image":[{"width":1200,"height":675,"url":"https:\/\/www.tapasmagazine.es\/wp-content\/uploads\/2024\/10\/nestea.jpg","type":"image\/jpeg"}],"author":"Laura P\u00e9rez","twitter_card":"summary_large_image","twitter_creator":"@TapasMagazine","twitter_site":"@TapasMagazine","twitter_misc":{"Written by":"Laura P\u00e9rez","Est. reading time":"4 minutes"},"schema":{"@context":"https:\/\/schema.org","@graph":[{"@type":"Article","@id":"https:\/\/www.tapasmagazine.es\/en\/nestle-will-continue-sell-nestea-in-spain\/#article","isPartOf":{"@id":"https:\/\/www.tapasmagazine.es\/en\/nestle-will-continue-sell-nestea-in-spain\/"},"author":{"name":"Laura P\u00e9rez","@id":"https:\/\/www.tapasmagazine.es\/#\/schema\/person\/eb46cbe76a9c8f062660eb609e3ecb4e"},"headline":"Nestl\u00e9 will continue to sell Nestea in Spain","datePublished":"2024-10-09T08:16:38+00:00","dateModified":"2024-10-09T08:31:41+00:00","mainEntityOfPage":{"@id":"https:\/\/www.tapasmagazine.es\/en\/nestle-will-continue-sell-nestea-in-spain\/"},"wordCount":573,"publisher":{"@id":"https:\/\/www.tapasmagazine.es\/#organization"},"image":{"@id":"https:\/\/www.tapasmagazine.es\/en\/nestle-will-continue-sell-nestea-in-spain\/#primaryimage"},"thumbnailUrl":"https:\/\/www.tapasmagazine.es\/wp-content\/uploads\/2024\/10\/nestea.jpg","keywords":["Nestea","Nestl\u00e9"],"articleSection":["Breaking News"],"inLanguage":"en-US"},{"@type":"WebPage","@id":"https:\/\/www.tapasmagazine.es\/en\/nestle-will-continue-sell-nestea-in-spain\/","url":"https:\/\/www.tapasmagazine.es\/en\/nestle-will-continue-sell-nestea-in-spain\/","name":"Nestl\u00e9 will continue to sell Nestea in Spain - Tapas","isPartOf":{"@id":"https:\/\/www.tapasmagazine.es\/#website"},"primaryImageOfPage":{"@id":"https:\/\/www.tapasmagazine.es\/en\/nestle-will-continue-sell-nestea-in-spain\/#primaryimage"},"image":{"@id":"https:\/\/www.tapasmagazine.es\/en\/nestle-will-continue-sell-nestea-in-spain\/#primaryimage"},"thumbnailUrl":"https:\/\/www.tapasmagazine.es\/wp-content\/uploads\/2024\/10\/nestea.jpg","datePublished":"2024-10-09T08:16:38+00:00","dateModified":"2024-10-09T08:31:41+00:00","description":"Click\u00a0here\u00a0to read the Spanish version. Nestl\u00e9 has released an official statement about the sale of NESTEA, in order to clarify all the rumors that have","breadcrumb":{"@id":"https:\/\/www.tapasmagazine.es\/en\/nestle-will-continue-sell-nestea-in-spain\/#breadcrumb"},"inLanguage":"en-US","potentialAction":[{"@type":"ReadAction","target":["https:\/\/www.tapasmagazine.es\/en\/nestle-will-continue-sell-nestea-in-spain\/"]}]},{"@type":"ImageObject","inLanguage":"en-US","@id":"https:\/\/www.tapasmagazine.es\/en\/nestle-will-continue-sell-nestea-in-spain\/#primaryimage","url":"https:\/\/www.tapasmagazine.es\/wp-content\/uploads\/2024\/10\/nestea.jpg","contentUrl":"https:\/\/www.tapasmagazine.es\/wp-content\/uploads\/2024\/10\/nestea.jpg","width":1200,"height":675},{"@type":"BreadcrumbList","@id":"https:\/\/www.tapasmagazine.es\/en\/nestle-will-continue-sell-nestea-in-spain\/#breadcrumb","itemListElement":[{"@type":"ListItem","position":1,"name":"Portada","item":"https:\/\/www.tapasmagazine.es\/"},{"@type":"ListItem","position":2,"name":"Breaking News","item":"https:\/\/www.tapasmagazine.es\/en\/categorias\/breaking-news\/"},{"@type":"ListItem","position":3,"name":"Nestl\u00e9 will continue to sell Nestea in Spain"}]},{"@type":"WebSite","@id":"https:\/\/www.tapasmagazine.es\/#website","url":"https:\/\/www.tapasmagazine.es\/","name":"Tapas","description":"\u00d1am \u00d1am Lifestyle. La vida a bocados. Premio Nacional de Gastronom\u00eda 2016.","publisher":{"@id":"https:\/\/www.tapasmagazine.es\/#organization"},"potentialAction":[{"@type":"SearchAction","target":{"@type":"EntryPoint","urlTemplate":"https:\/\/www.tapasmagazine.es\/?s={search_term_string}"},"query-input":{"@type":"PropertyValueSpecification","valueRequired":true,"valueName":"search_term_string"}}],"inLanguage":"en-US"},{"@type":"Organization","@id":"https:\/\/www.tapasmagazine.es\/#organization","name":"Tapas Magazine","url":"https:\/\/www.tapasmagazine.es\/","logo":{"@type":"ImageObject","inLanguage":"en-US","@id":"https:\/\/www.tapasmagazine.es\/#\/schema\/logo\/image\/","url":"https:\/\/www.tapasmagazine.es\/wp-content\/uploads\/2018\/01\/logo.png","contentUrl":"https:\/\/www.tapasmagazine.es\/wp-content\/uploads\/2018\/01\/logo.png","width":180,"height":60,"caption":"Tapas Magazine"},"image":{"@id":"https:\/\/www.tapasmagazine.es\/#\/schema\/logo\/image\/"},"sameAs":["https:\/\/www.facebook.com\/tapasmagazine","https:\/\/x.com\/TapasMagazine","https:\/\/www.instagram.com\/tapasmagazine\/","https:\/\/www.linkedin.com\/company\/tapas-magazine","https:\/\/es.pinterest.com\/tapasmagazine\/","https:\/\/www.youtube.com\/channel\/UCEyxneAaACuR0lfDagrWjjg?sub_confirmation=1"]},{"@type":"Person","@id":"https:\/\/www.tapasmagazine.es\/#\/schema\/person\/eb46cbe76a9c8f062660eb609e3ecb4e","name":"Laura P\u00e9rez","url":"https:\/\/www.tapasmagazine.es\/en\/author\/laura-perez\/"}]}},"_links":{"self":[{"href":"https:\/\/www.tapasmagazine.es\/en\/wp-json\/wp\/v2\/posts\/265193","targetHints":{"allow":["GET"]}}],"collection":[{"href":"https:\/\/www.tapasmagazine.es\/en\/wp-json\/wp\/v2\/posts"}],"about":[{"href":"https:\/\/www.tapasmagazine.es\/en\/wp-json\/wp\/v2\/types\/post"}],"author":[{"embeddable":true,"href":"https:\/\/www.tapasmagazine.es\/en\/wp-json\/wp\/v2\/users\/285"}],"replies":[{"embeddable":true,"href":"https:\/\/www.tapasmagazine.es\/en\/wp-json\/wp\/v2\/comments?post=265193"}],"version-history":[{"count":1,"href":"https:\/\/www.tapasmagazine.es\/en\/wp-json\/wp\/v2\/posts\/265193\/revisions"}],"predecessor-version":[{"id":265215,"href":"https:\/\/www.tapasmagazine.es\/en\/wp-json\/wp\/v2\/posts\/265193\/revisions\/265215"}],"wp:featuredmedia":[{"embeddable":true,"href":"https:\/\/www.tapasmagazine.es\/en\/wp-json\/wp\/v2\/media\/265188"}],"wp:attachment":[{"href":"https:\/\/www.tapasmagazine.es\/en\/wp-json\/wp\/v2\/media?parent=265193"}],"wp:term":[{"taxonomy":"category","embeddable":true,"href":"https:\/\/www.tapasmagazine.es\/en\/wp-json\/wp\/v2\/categories?post=265193"},{"taxonomy":"post_tag","embeddable":true,"href":"https:\/\/www.tapasmagazine.es\/en\/wp-json\/wp\/v2\/tags?post=265193"}],"curies":[{"name":"wp","href":"https:\/\/api.w.org\/{rel}","templated":true}]}}