{"id":265164,"date":"2024-10-08T17:55:16","date_gmt":"2024-10-08T15:55:16","guid":{"rendered":"https:\/\/www.tapasmagazine.es\/esta-heladeria-de-estilo-art-deco-es-el-nuevo-sitio-de-moda-de-barcelona\/"},"modified":"2024-10-08T17:58:00","modified_gmt":"2024-10-08T15:58:00","slug":"this-art-deco-ice-cream-parlor-is-the-new-trendy-place-in-barcelona","status":"publish","type":"post","link":"https:\/\/www.tapasmagazine.es\/en\/this-art-deco-ice-cream-parlor-is-the-new-trendy-place-in-barcelona\/","title":{"rendered":"This Art Deco ice cream parlor is the new trendy place in Barcelona"},"content":{"rendered":"\n<p><strong>Click\u00a0<a href=\"https:\/\/www.tapasmagazine.es\/esta-heladeria-de-estilo-art-deco-es-el-nuevo-sitio-de-moda-de-barcelona\/\" target=\"_blank\" rel=\"noreferrer noopener\">here<\/a>\u00a0to read the Spanish version.<\/strong><\/p>\n\n\n\n<p><strong>Amiko Gelato<\/strong> is not just for summer. Its concept transcends all seasons with its sensory experience to stimulate its visitors with specialty coffees, ice cream, and lots of aesthetic content to capture with the cell phone.<\/p>\n\n\n<div class=\"wp-block-image\">\n<figure class=\"aligncenter size-large is-resized\"><img decoding=\"async\" width=\"1024\" height=\"635\" src=\"https:\/\/www.tapasmagazine.es\/wp-content\/uploads\/2024\/10\/amiko-gelato-la-heladeria-mas-colorida-de-barcelona-disenada-por-masquespacio_c36860c4_240721165130_1280x794-1024x635.jpg\" alt=\"\" class=\"wp-image-265149\" style=\"width:948px;height:auto\" srcset=\"https:\/\/www.tapasmagazine.es\/wp-content\/uploads\/2024\/10\/amiko-gelato-la-heladeria-mas-colorida-de-barcelona-disenada-por-masquespacio_c36860c4_240721165130_1280x794-1024x635.jpg 1024w, https:\/\/www.tapasmagazine.es\/wp-content\/uploads\/2024\/10\/amiko-gelato-la-heladeria-mas-colorida-de-barcelona-disenada-por-masquespacio_c36860c4_240721165130_1280x794-300x186.jpg 300w, https:\/\/www.tapasmagazine.es\/wp-content\/uploads\/2024\/10\/amiko-gelato-la-heladeria-mas-colorida-de-barcelona-disenada-por-masquespacio_c36860c4_240721165130_1280x794-768x476.jpg 768w, https:\/\/www.tapasmagazine.es\/wp-content\/uploads\/2024\/10\/amiko-gelato-la-heladeria-mas-colorida-de-barcelona-disenada-por-masquespacio_c36860c4_240721165130_1280x794-1000x620.jpg 1000w, https:\/\/www.tapasmagazine.es\/wp-content\/uploads\/2024\/10\/amiko-gelato-la-heladeria-mas-colorida-de-barcelona-disenada-por-masquespacio_c36860c4_240721165130_1280x794-400x248.jpg 400w, https:\/\/www.tapasmagazine.es\/wp-content\/uploads\/2024\/10\/amiko-gelato-la-heladeria-mas-colorida-de-barcelona-disenada-por-masquespacio_c36860c4_240721165130_1280x794.jpg 1280w\" sizes=\"(max-width: 1024px) 100vw, 1024px\" \/><\/figure>\n<\/div>\n\n\n<p>Each of its corners is inspired by the Art Deco of Miami&#8217;s Palm Beach County. A reference to which is offered a futuristic twist that has captivated, above all, the new generations. From the curves that evoke the buildings of the time, to the chromatic contrasts in pastel tones, and the shadows cast by its sculptures and tropical vegetation.<\/p>\n\n\n\n<p>Located on a street adjacent to Paseo de Garc\u00eda, this retro-futuristic ice cream parlor not only stands out for its high level of interior design, but also for its specialty coffee served on the same menu along with other options in high demand in the current era, such as matcha or chai, which are served in 3D printed cups.<\/p>\n\n\n<div class=\"wp-block-image\">\n<figure class=\"aligncenter size-large is-resized\"><img decoding=\"async\" width=\"683\" height=\"1024\" src=\"https:\/\/www.tapasmagazine.es\/wp-content\/uploads\/2024\/10\/masquespacio-disena-la-heladeria-futurista-inspirada-en-el-art-deco-de-miami-en-el-corazon-de-barcelona_039f1ab3_240721170444_1267x1900-683x1024.jpg\" alt=\"\" class=\"wp-image-265151\" style=\"width:903px;height:auto\" srcset=\"https:\/\/www.tapasmagazine.es\/wp-content\/uploads\/2024\/10\/masquespacio-disena-la-heladeria-futurista-inspirada-en-el-art-deco-de-miami-en-el-corazon-de-barcelona_039f1ab3_240721170444_1267x1900-683x1024.jpg 683w, https:\/\/www.tapasmagazine.es\/wp-content\/uploads\/2024\/10\/masquespacio-disena-la-heladeria-futurista-inspirada-en-el-art-deco-de-miami-en-el-corazon-de-barcelona_039f1ab3_240721170444_1267x1900-200x300.jpg 200w, https:\/\/www.tapasmagazine.es\/wp-content\/uploads\/2024\/10\/masquespacio-disena-la-heladeria-futurista-inspirada-en-el-art-deco-de-miami-en-el-corazon-de-barcelona_039f1ab3_240721170444_1267x1900-768x1152.jpg 768w, https:\/\/www.tapasmagazine.es\/wp-content\/uploads\/2024\/10\/masquespacio-disena-la-heladeria-futurista-inspirada-en-el-art-deco-de-miami-en-el-corazon-de-barcelona_039f1ab3_240721170444_1267x1900-1024x1536.jpg 1024w, https:\/\/www.tapasmagazine.es\/wp-content\/uploads\/2024\/10\/masquespacio-disena-la-heladeria-futurista-inspirada-en-el-art-deco-de-miami-en-el-corazon-de-barcelona_039f1ab3_240721170444_1267x1900-1000x1500.jpg 1000w, https:\/\/www.tapasmagazine.es\/wp-content\/uploads\/2024\/10\/masquespacio-disena-la-heladeria-futurista-inspirada-en-el-art-deco-de-miami-en-el-corazon-de-barcelona_039f1ab3_240721170444_1267x1900-400x600.jpg 400w, https:\/\/www.tapasmagazine.es\/wp-content\/uploads\/2024\/10\/masquespacio-disena-la-heladeria-futurista-inspirada-en-el-art-deco-de-miami-en-el-corazon-de-barcelona_039f1ab3_240721170444_1267x1900.jpg 1267w\" sizes=\"(max-width: 683px) 100vw, 683px\" \/><\/figure>\n<\/div>\n\n\n<p>In their ice cream display we can find some flavors such as mango, pistachio, raspberry and dulce de leche; while in their pastry proposal they exhibit an assortment of sweets such as cheese cakes, carrot cakes, lemon cake, pistachio cake\u2026 and, of course, their alfajores, in honor of the Argentinean origins of the founders.<\/p>\n","protected":false},"excerpt":{"rendered":"<p>Click\u00a0here\u00a0to read the Spanish version. Amiko Gelato is not just for summer. Its concept transcends all seasons with its sensory experience to stimulate its visitors with specialty coffees, ice cream, and lots of aesthetic content to capture with the cell phone. Each of its corners is inspired by the Art Deco of Miami&#8217;s Palm Beach [&hellip;]<\/p>\n","protected":false},"author":285,"featured_media":265157,"comment_status":"closed","ping_status":"closed","sticky":false,"template":"","format":"standard","meta":{"_acf_changed":false,"footnotes":""},"categories":[15802,1],"tags":[16260,15828],"class_list":["post-265164","post","type-post","status-publish","format-standard","has-post-thumbnail","hentry","category-news","category-sin-categorizar","tag-barcelona-en","tag-heladeria-en","cat-15802-id","cat-1-id"],"acf":[],"yoast_head":"<!-- This site is optimized with the Yoast SEO plugin v27.4 - https:\/\/yoast.com\/product\/yoast-seo-wordpress\/ -->\n<title>This Art Deco ice cream parlor is the new trendy place in Barcelona - Tapas<\/title>\n<meta name=\"description\" content=\"Click\u00a0here\u00a0to read the Spanish version. Amiko Gelato is not just for summer. Its concept transcends all seasons with its sensory experience to stimulate\" \/>\n<meta name=\"robots\" content=\"index, follow, max-snippet:-1, max-image-preview:large, max-video-preview:-1\" \/>\n<link rel=\"canonical\" href=\"https:\/\/www.tapasmagazine.es\/en\/this-art-deco-ice-cream-parlor-is-the-new-trendy-place-in-barcelona\/\" \/>\n<meta property=\"og:locale\" content=\"en_US\" \/>\n<meta property=\"og:type\" content=\"article\" \/>\n<meta property=\"og:title\" content=\"This Art Deco ice cream parlor is the new trendy place in Barcelona - Tapas\" \/>\n<meta property=\"og:description\" content=\"Click\u00a0here\u00a0to read the Spanish version. Amiko Gelato is not just for summer. Its concept transcends all seasons with its sensory experience to stimulate\" \/>\n<meta property=\"og:url\" content=\"https:\/\/www.tapasmagazine.es\/en\/this-art-deco-ice-cream-parlor-is-the-new-trendy-place-in-barcelona\/\" \/>\n<meta property=\"og:site_name\" content=\"Tapas\" \/>\n<meta property=\"article:publisher\" content=\"https:\/\/www.facebook.com\/tapasmagazine\" \/>\n<meta property=\"article:published_time\" content=\"2024-10-08T15:55:16+00:00\" \/>\n<meta property=\"article:modified_time\" content=\"2024-10-08T15:58:00+00:00\" \/>\n<meta property=\"og:image\" content=\"https:\/\/www.tapasmagazine.es\/wp-content\/uploads\/2024\/10\/amiko-gelato-1.jpg\" \/>\n\t<meta property=\"og:image:width\" content=\"1200\" \/>\n\t<meta property=\"og:image:height\" content=\"675\" \/>\n\t<meta property=\"og:image:type\" content=\"image\/jpeg\" \/>\n<meta name=\"author\" content=\"Laura P\u00e9rez\" \/>\n<meta name=\"twitter:card\" content=\"summary_large_image\" \/>\n<meta name=\"twitter:creator\" content=\"@TapasMagazine\" \/>\n<meta name=\"twitter:site\" content=\"@TapasMagazine\" \/>\n<meta name=\"twitter:label1\" content=\"Written by\" \/>\n\t<meta name=\"twitter:data1\" content=\"Laura P\u00e9rez\" \/>\n\t<meta name=\"twitter:label2\" content=\"Est. reading time\" \/>\n\t<meta name=\"twitter:data2\" content=\"2 minutes\" \/>\n<script type=\"application\/ld+json\" class=\"yoast-schema-graph\">{\"@context\":\"https:\\\/\\\/schema.org\",\"@graph\":[{\"@type\":\"Article\",\"@id\":\"https:\\\/\\\/www.tapasmagazine.es\\\/en\\\/this-art-deco-ice-cream-parlor-is-the-new-trendy-place-in-barcelona\\\/#article\",\"isPartOf\":{\"@id\":\"https:\\\/\\\/www.tapasmagazine.es\\\/en\\\/this-art-deco-ice-cream-parlor-is-the-new-trendy-place-in-barcelona\\\/\"},\"author\":{\"name\":\"Laura P\u00e9rez\",\"@id\":\"https:\\\/\\\/www.tapasmagazine.es\\\/#\\\/schema\\\/person\\\/eb46cbe76a9c8f062660eb609e3ecb4e\"},\"headline\":\"This Art Deco ice cream parlor is the new trendy place in Barcelona\",\"datePublished\":\"2024-10-08T15:55:16+00:00\",\"dateModified\":\"2024-10-08T15:58:00+00:00\",\"mainEntityOfPage\":{\"@id\":\"https:\\\/\\\/www.tapasmagazine.es\\\/en\\\/this-art-deco-ice-cream-parlor-is-the-new-trendy-place-in-barcelona\\\/\"},\"wordCount\":230,\"publisher\":{\"@id\":\"https:\\\/\\\/www.tapasmagazine.es\\\/#organization\"},\"image\":{\"@id\":\"https:\\\/\\\/www.tapasmagazine.es\\\/en\\\/this-art-deco-ice-cream-parlor-is-the-new-trendy-place-in-barcelona\\\/#primaryimage\"},\"thumbnailUrl\":\"https:\\\/\\\/www.tapasmagazine.es\\\/wp-content\\\/uploads\\\/2024\\\/10\\\/amiko-gelato-1.jpg\",\"keywords\":[\"Barcelona\",\"helader\u00eda\"],\"articleSection\":[\"News\",\"Sin categorizar\"],\"inLanguage\":\"en-US\"},{\"@type\":\"WebPage\",\"@id\":\"https:\\\/\\\/www.tapasmagazine.es\\\/en\\\/this-art-deco-ice-cream-parlor-is-the-new-trendy-place-in-barcelona\\\/\",\"url\":\"https:\\\/\\\/www.tapasmagazine.es\\\/en\\\/this-art-deco-ice-cream-parlor-is-the-new-trendy-place-in-barcelona\\\/\",\"name\":\"This Art Deco ice cream parlor is the new trendy place in Barcelona - Tapas\",\"isPartOf\":{\"@id\":\"https:\\\/\\\/www.tapasmagazine.es\\\/#website\"},\"primaryImageOfPage\":{\"@id\":\"https:\\\/\\\/www.tapasmagazine.es\\\/en\\\/this-art-deco-ice-cream-parlor-is-the-new-trendy-place-in-barcelona\\\/#primaryimage\"},\"image\":{\"@id\":\"https:\\\/\\\/www.tapasmagazine.es\\\/en\\\/this-art-deco-ice-cream-parlor-is-the-new-trendy-place-in-barcelona\\\/#primaryimage\"},\"thumbnailUrl\":\"https:\\\/\\\/www.tapasmagazine.es\\\/wp-content\\\/uploads\\\/2024\\\/10\\\/amiko-gelato-1.jpg\",\"datePublished\":\"2024-10-08T15:55:16+00:00\",\"dateModified\":\"2024-10-08T15:58:00+00:00\",\"description\":\"Click\u00a0here\u00a0to read the Spanish version. Amiko Gelato is not just for summer. Its concept transcends all seasons with its sensory experience to stimulate\",\"breadcrumb\":{\"@id\":\"https:\\\/\\\/www.tapasmagazine.es\\\/en\\\/this-art-deco-ice-cream-parlor-is-the-new-trendy-place-in-barcelona\\\/#breadcrumb\"},\"inLanguage\":\"en-US\",\"potentialAction\":[{\"@type\":\"ReadAction\",\"target\":[\"https:\\\/\\\/www.tapasmagazine.es\\\/en\\\/this-art-deco-ice-cream-parlor-is-the-new-trendy-place-in-barcelona\\\/\"]}]},{\"@type\":\"ImageObject\",\"inLanguage\":\"en-US\",\"@id\":\"https:\\\/\\\/www.tapasmagazine.es\\\/en\\\/this-art-deco-ice-cream-parlor-is-the-new-trendy-place-in-barcelona\\\/#primaryimage\",\"url\":\"https:\\\/\\\/www.tapasmagazine.es\\\/wp-content\\\/uploads\\\/2024\\\/10\\\/amiko-gelato-1.jpg\",\"contentUrl\":\"https:\\\/\\\/www.tapasmagazine.es\\\/wp-content\\\/uploads\\\/2024\\\/10\\\/amiko-gelato-1.jpg\",\"width\":1200,\"height\":675},{\"@type\":\"BreadcrumbList\",\"@id\":\"https:\\\/\\\/www.tapasmagazine.es\\\/en\\\/this-art-deco-ice-cream-parlor-is-the-new-trendy-place-in-barcelona\\\/#breadcrumb\",\"itemListElement\":[{\"@type\":\"ListItem\",\"position\":1,\"name\":\"Portada\",\"item\":\"https:\\\/\\\/www.tapasmagazine.es\\\/\"},{\"@type\":\"ListItem\",\"position\":2,\"name\":\"Sin categorizar\",\"item\":\"https:\\\/\\\/www.tapasmagazine.es\\\/categorias\\\/sin-categorizar\\\/\"},{\"@type\":\"ListItem\",\"position\":3,\"name\":\"This Art Deco ice cream parlor is the new trendy place in Barcelona\"}]},{\"@type\":\"WebSite\",\"@id\":\"https:\\\/\\\/www.tapasmagazine.es\\\/#website\",\"url\":\"https:\\\/\\\/www.tapasmagazine.es\\\/\",\"name\":\"Tapas\",\"description\":\"\u00d1am \u00d1am Lifestyle. La vida a bocados. Premio Nacional de Gastronom\u00eda 2016.\",\"publisher\":{\"@id\":\"https:\\\/\\\/www.tapasmagazine.es\\\/#organization\"},\"potentialAction\":[{\"@type\":\"SearchAction\",\"target\":{\"@type\":\"EntryPoint\",\"urlTemplate\":\"https:\\\/\\\/www.tapasmagazine.es\\\/?s={search_term_string}\"},\"query-input\":{\"@type\":\"PropertyValueSpecification\",\"valueRequired\":true,\"valueName\":\"search_term_string\"}}],\"inLanguage\":\"en-US\"},{\"@type\":\"Organization\",\"@id\":\"https:\\\/\\\/www.tapasmagazine.es\\\/#organization\",\"name\":\"Tapas Magazine\",\"url\":\"https:\\\/\\\/www.tapasmagazine.es\\\/\",\"logo\":{\"@type\":\"ImageObject\",\"inLanguage\":\"en-US\",\"@id\":\"https:\\\/\\\/www.tapasmagazine.es\\\/#\\\/schema\\\/logo\\\/image\\\/\",\"url\":\"https:\\\/\\\/www.tapasmagazine.es\\\/wp-content\\\/uploads\\\/2018\\\/01\\\/logo.png\",\"contentUrl\":\"https:\\\/\\\/www.tapasmagazine.es\\\/wp-content\\\/uploads\\\/2018\\\/01\\\/logo.png\",\"width\":180,\"height\":60,\"caption\":\"Tapas Magazine\"},\"image\":{\"@id\":\"https:\\\/\\\/www.tapasmagazine.es\\\/#\\\/schema\\\/logo\\\/image\\\/\"},\"sameAs\":[\"https:\\\/\\\/www.facebook.com\\\/tapasmagazine\",\"https:\\\/\\\/x.com\\\/TapasMagazine\",\"https:\\\/\\\/www.instagram.com\\\/tapasmagazine\\\/\",\"https:\\\/\\\/www.linkedin.com\\\/company\\\/tapas-magazine\",\"https:\\\/\\\/es.pinterest.com\\\/tapasmagazine\\\/\",\"https:\\\/\\\/www.youtube.com\\\/channel\\\/UCEyxneAaACuR0lfDagrWjjg?sub_confirmation=1\"]},{\"@type\":\"Person\",\"@id\":\"https:\\\/\\\/www.tapasmagazine.es\\\/#\\\/schema\\\/person\\\/eb46cbe76a9c8f062660eb609e3ecb4e\",\"name\":\"Laura P\u00e9rez\",\"url\":\"https:\\\/\\\/www.tapasmagazine.es\\\/en\\\/author\\\/laura-perez\\\/\"}]}<\/script>\n<!-- \/ Yoast SEO plugin. -->","yoast_head_json":{"title":"This Art Deco ice cream parlor is the new trendy place in Barcelona - Tapas","description":"Click\u00a0here\u00a0to read the Spanish version. Amiko Gelato is not just for summer. Its concept transcends all seasons with its sensory experience to stimulate","robots":{"index":"index","follow":"follow","max-snippet":"max-snippet:-1","max-image-preview":"max-image-preview:large","max-video-preview":"max-video-preview:-1"},"canonical":"https:\/\/www.tapasmagazine.es\/en\/this-art-deco-ice-cream-parlor-is-the-new-trendy-place-in-barcelona\/","og_locale":"en_US","og_type":"article","og_title":"This Art Deco ice cream parlor is the new trendy place in Barcelona - Tapas","og_description":"Click\u00a0here\u00a0to read the Spanish version. Amiko Gelato is not just for summer. Its concept transcends all seasons with its sensory experience to stimulate","og_url":"https:\/\/www.tapasmagazine.es\/en\/this-art-deco-ice-cream-parlor-is-the-new-trendy-place-in-barcelona\/","og_site_name":"Tapas","article_publisher":"https:\/\/www.facebook.com\/tapasmagazine","article_published_time":"2024-10-08T15:55:16+00:00","article_modified_time":"2024-10-08T15:58:00+00:00","og_image":[{"width":1200,"height":675,"url":"https:\/\/www.tapasmagazine.es\/wp-content\/uploads\/2024\/10\/amiko-gelato-1.jpg","type":"image\/jpeg"}],"author":"Laura P\u00e9rez","twitter_card":"summary_large_image","twitter_creator":"@TapasMagazine","twitter_site":"@TapasMagazine","twitter_misc":{"Written by":"Laura P\u00e9rez","Est. reading time":"2 minutes"},"schema":{"@context":"https:\/\/schema.org","@graph":[{"@type":"Article","@id":"https:\/\/www.tapasmagazine.es\/en\/this-art-deco-ice-cream-parlor-is-the-new-trendy-place-in-barcelona\/#article","isPartOf":{"@id":"https:\/\/www.tapasmagazine.es\/en\/this-art-deco-ice-cream-parlor-is-the-new-trendy-place-in-barcelona\/"},"author":{"name":"Laura P\u00e9rez","@id":"https:\/\/www.tapasmagazine.es\/#\/schema\/person\/eb46cbe76a9c8f062660eb609e3ecb4e"},"headline":"This Art Deco ice cream parlor is the new trendy place in Barcelona","datePublished":"2024-10-08T15:55:16+00:00","dateModified":"2024-10-08T15:58:00+00:00","mainEntityOfPage":{"@id":"https:\/\/www.tapasmagazine.es\/en\/this-art-deco-ice-cream-parlor-is-the-new-trendy-place-in-barcelona\/"},"wordCount":230,"publisher":{"@id":"https:\/\/www.tapasmagazine.es\/#organization"},"image":{"@id":"https:\/\/www.tapasmagazine.es\/en\/this-art-deco-ice-cream-parlor-is-the-new-trendy-place-in-barcelona\/#primaryimage"},"thumbnailUrl":"https:\/\/www.tapasmagazine.es\/wp-content\/uploads\/2024\/10\/amiko-gelato-1.jpg","keywords":["Barcelona","helader\u00eda"],"articleSection":["News","Sin categorizar"],"inLanguage":"en-US"},{"@type":"WebPage","@id":"https:\/\/www.tapasmagazine.es\/en\/this-art-deco-ice-cream-parlor-is-the-new-trendy-place-in-barcelona\/","url":"https:\/\/www.tapasmagazine.es\/en\/this-art-deco-ice-cream-parlor-is-the-new-trendy-place-in-barcelona\/","name":"This Art Deco ice cream parlor is the new trendy place in Barcelona - Tapas","isPartOf":{"@id":"https:\/\/www.tapasmagazine.es\/#website"},"primaryImageOfPage":{"@id":"https:\/\/www.tapasmagazine.es\/en\/this-art-deco-ice-cream-parlor-is-the-new-trendy-place-in-barcelona\/#primaryimage"},"image":{"@id":"https:\/\/www.tapasmagazine.es\/en\/this-art-deco-ice-cream-parlor-is-the-new-trendy-place-in-barcelona\/#primaryimage"},"thumbnailUrl":"https:\/\/www.tapasmagazine.es\/wp-content\/uploads\/2024\/10\/amiko-gelato-1.jpg","datePublished":"2024-10-08T15:55:16+00:00","dateModified":"2024-10-08T15:58:00+00:00","description":"Click\u00a0here\u00a0to read the Spanish version. Amiko Gelato is not just for summer. Its concept transcends all seasons with its sensory experience to stimulate","breadcrumb":{"@id":"https:\/\/www.tapasmagazine.es\/en\/this-art-deco-ice-cream-parlor-is-the-new-trendy-place-in-barcelona\/#breadcrumb"},"inLanguage":"en-US","potentialAction":[{"@type":"ReadAction","target":["https:\/\/www.tapasmagazine.es\/en\/this-art-deco-ice-cream-parlor-is-the-new-trendy-place-in-barcelona\/"]}]},{"@type":"ImageObject","inLanguage":"en-US","@id":"https:\/\/www.tapasmagazine.es\/en\/this-art-deco-ice-cream-parlor-is-the-new-trendy-place-in-barcelona\/#primaryimage","url":"https:\/\/www.tapasmagazine.es\/wp-content\/uploads\/2024\/10\/amiko-gelato-1.jpg","contentUrl":"https:\/\/www.tapasmagazine.es\/wp-content\/uploads\/2024\/10\/amiko-gelato-1.jpg","width":1200,"height":675},{"@type":"BreadcrumbList","@id":"https:\/\/www.tapasmagazine.es\/en\/this-art-deco-ice-cream-parlor-is-the-new-trendy-place-in-barcelona\/#breadcrumb","itemListElement":[{"@type":"ListItem","position":1,"name":"Portada","item":"https:\/\/www.tapasmagazine.es\/"},{"@type":"ListItem","position":2,"name":"Sin categorizar","item":"https:\/\/www.tapasmagazine.es\/categorias\/sin-categorizar\/"},{"@type":"ListItem","position":3,"name":"This Art Deco ice cream parlor is the new trendy place in Barcelona"}]},{"@type":"WebSite","@id":"https:\/\/www.tapasmagazine.es\/#website","url":"https:\/\/www.tapasmagazine.es\/","name":"Tapas","description":"\u00d1am \u00d1am Lifestyle. La vida a bocados. Premio Nacional de Gastronom\u00eda 2016.","publisher":{"@id":"https:\/\/www.tapasmagazine.es\/#organization"},"potentialAction":[{"@type":"SearchAction","target":{"@type":"EntryPoint","urlTemplate":"https:\/\/www.tapasmagazine.es\/?s={search_term_string}"},"query-input":{"@type":"PropertyValueSpecification","valueRequired":true,"valueName":"search_term_string"}}],"inLanguage":"en-US"},{"@type":"Organization","@id":"https:\/\/www.tapasmagazine.es\/#organization","name":"Tapas Magazine","url":"https:\/\/www.tapasmagazine.es\/","logo":{"@type":"ImageObject","inLanguage":"en-US","@id":"https:\/\/www.tapasmagazine.es\/#\/schema\/logo\/image\/","url":"https:\/\/www.tapasmagazine.es\/wp-content\/uploads\/2018\/01\/logo.png","contentUrl":"https:\/\/www.tapasmagazine.es\/wp-content\/uploads\/2018\/01\/logo.png","width":180,"height":60,"caption":"Tapas Magazine"},"image":{"@id":"https:\/\/www.tapasmagazine.es\/#\/schema\/logo\/image\/"},"sameAs":["https:\/\/www.facebook.com\/tapasmagazine","https:\/\/x.com\/TapasMagazine","https:\/\/www.instagram.com\/tapasmagazine\/","https:\/\/www.linkedin.com\/company\/tapas-magazine","https:\/\/es.pinterest.com\/tapasmagazine\/","https:\/\/www.youtube.com\/channel\/UCEyxneAaACuR0lfDagrWjjg?sub_confirmation=1"]},{"@type":"Person","@id":"https:\/\/www.tapasmagazine.es\/#\/schema\/person\/eb46cbe76a9c8f062660eb609e3ecb4e","name":"Laura P\u00e9rez","url":"https:\/\/www.tapasmagazine.es\/en\/author\/laura-perez\/"}]}},"_links":{"self":[{"href":"https:\/\/www.tapasmagazine.es\/en\/wp-json\/wp\/v2\/posts\/265164","targetHints":{"allow":["GET"]}}],"collection":[{"href":"https:\/\/www.tapasmagazine.es\/en\/wp-json\/wp\/v2\/posts"}],"about":[{"href":"https:\/\/www.tapasmagazine.es\/en\/wp-json\/wp\/v2\/types\/post"}],"author":[{"embeddable":true,"href":"https:\/\/www.tapasmagazine.es\/en\/wp-json\/wp\/v2\/users\/285"}],"replies":[{"embeddable":true,"href":"https:\/\/www.tapasmagazine.es\/en\/wp-json\/wp\/v2\/comments?post=265164"}],"version-history":[{"count":2,"href":"https:\/\/www.tapasmagazine.es\/en\/wp-json\/wp\/v2\/posts\/265164\/revisions"}],"predecessor-version":[{"id":265169,"href":"https:\/\/www.tapasmagazine.es\/en\/wp-json\/wp\/v2\/posts\/265164\/revisions\/265169"}],"wp:featuredmedia":[{"embeddable":true,"href":"https:\/\/www.tapasmagazine.es\/en\/wp-json\/wp\/v2\/media\/265157"}],"wp:attachment":[{"href":"https:\/\/www.tapasmagazine.es\/en\/wp-json\/wp\/v2\/media?parent=265164"}],"wp:term":[{"taxonomy":"category","embeddable":true,"href":"https:\/\/www.tapasmagazine.es\/en\/wp-json\/wp\/v2\/categories?post=265164"},{"taxonomy":"post_tag","embeddable":true,"href":"https:\/\/www.tapasmagazine.es\/en\/wp-json\/wp\/v2\/tags?post=265164"}],"curies":[{"name":"wp","href":"https:\/\/api.w.org\/{rel}","templated":true}]}}