{"id":264752,"date":"2024-10-04T13:11:49","date_gmt":"2024-10-04T11:11:49","guid":{"rendered":"https:\/\/www.tapasmagazine.es\/la-reina-de-la-pasta-nadia-caterina-estrena-una-serie-culinaria\/"},"modified":"2024-10-04T13:19:12","modified_gmt":"2024-10-04T11:19:12","slug":"the-pasta-queen-nadia-caterina-unveils-culinary-series","status":"publish","type":"post","link":"https:\/\/www.tapasmagazine.es\/en\/the-pasta-queen-nadia-caterina-unveils-culinary-series\/","title":{"rendered":"The &#8216;pasta queen&#8217;, Nadia Caterina, unveils culinary series"},"content":{"rendered":"\n<p><strong>Click\u00a0<a href=\"https:\/\/www.tapasmagazine.es\/la-reina-de-la-pasta-nadia-caterina-estrena-una-serie-culinaria\/\" target=\"_blank\" rel=\"noreferrer noopener\">here<\/a>\u00a0to read the Spanish version.<\/strong><\/p>\n\n\n\n<p>The title of her new series sums up her culinary identity. At least, what she&#8217;s mostly known for: elevating pasta to cult status. &#8216;<strong>The Pasta Queen<\/strong>&#8216; will premiere on Prime Video on October 24, and will follow the influencer around Italy.<\/p>\n\n\n\n<p>The pasta chef, with 8.5 million followers on Instagram and TikTok, will bring her love for Italian cuisine to the small screen with her series of travels through different regions of her native country; while teaching viewers how to make original recipes with which to cook &#8216;like a real Italian&#8217;.<\/p>\n\n\n<div class=\"wp-block-image\">\n<figure class=\"aligncenter size-large is-resized\"><img decoding=\"async\" width=\"683\" height=\"1024\" src=\"https:\/\/www.tapasmagazine.es\/wp-content\/uploads\/2024\/10\/The-Pasta-Queen-Nadia-Caterina-Munno-100224-b45a27f8895e4937bfb025e16d16a54d-683x1024.webp\" alt=\"\" class=\"wp-image-264745\" style=\"width:1109px;height:auto\" srcset=\"https:\/\/www.tapasmagazine.es\/wp-content\/uploads\/2024\/10\/The-Pasta-Queen-Nadia-Caterina-Munno-100224-b45a27f8895e4937bfb025e16d16a54d-683x1024.webp 683w, https:\/\/www.tapasmagazine.es\/wp-content\/uploads\/2024\/10\/The-Pasta-Queen-Nadia-Caterina-Munno-100224-b45a27f8895e4937bfb025e16d16a54d-200x300.webp 200w, https:\/\/www.tapasmagazine.es\/wp-content\/uploads\/2024\/10\/The-Pasta-Queen-Nadia-Caterina-Munno-100224-b45a27f8895e4937bfb025e16d16a54d-768x1151.webp 768w, https:\/\/www.tapasmagazine.es\/wp-content\/uploads\/2024\/10\/The-Pasta-Queen-Nadia-Caterina-Munno-100224-b45a27f8895e4937bfb025e16d16a54d-400x599.webp 400w, https:\/\/www.tapasmagazine.es\/wp-content\/uploads\/2024\/10\/The-Pasta-Queen-Nadia-Caterina-Munno-100224-b45a27f8895e4937bfb025e16d16a54d.webp 1001w\" sizes=\"(max-width: 683px) 100vw, 683px\" \/><\/figure>\n<\/div>\n\n\n<p>Amidst coastal, urban and rural landscapes, <strong>Munno<\/strong> will also take us into his own harvest from which he extracts the ingredients, as well as into the 1,400-year-old tradition of mussel farming practices.<\/p>\n\n\n\n<figure class=\"wp-block-embed is-type-video is-provider-youtube wp-block-embed-youtube wp-embed-aspect-16-9 wp-has-aspect-ratio\"><div class=\"wp-block-embed__wrapper\">\n<iframe title=\"The Pasta Queen - Official Trailer | Prime Video\" width=\"640\" height=\"360\" src=\"https:\/\/www.youtube.com\/embed\/Y6JoNl0mmpw?feature=oembed\" frameborder=\"0\" allow=\"accelerometer; autoplay; clipboard-write; encrypted-media; gyroscope; picture-in-picture; web-share\" referrerpolicy=\"strict-origin-when-cross-origin\" allowfullscreen><\/iframe>\n<\/div><\/figure>\n\n\n\n<p>Beyond the journey, Nadia will also open the doors of her home to the spectators to &#8216;teach them all my secrets so that they can make these dishes in their own kitchen&#8217;. A great feast with dishes such as gnocchi, focaccia or lasagna that she will share at a large table with her family members.<\/p>\n","protected":false},"excerpt":{"rendered":"<p>Click\u00a0here\u00a0to read the Spanish version. The title of her new series sums up her culinary identity. At least, what she&#8217;s mostly known for: elevating pasta to cult status. &#8216;The Pasta Queen&#8216; will premiere on Prime Video on October 24, and will follow the influencer around Italy. The pasta chef, with 8.5 million followers on Instagram [&hellip;]<\/p>\n","protected":false},"author":285,"featured_media":264743,"comment_status":"closed","ping_status":"closed","sticky":false,"template":"","format":"standard","meta":{"_acf_changed":false,"footnotes":""},"categories":[18831,15851,15910,1],"tags":[15923,17717],"class_list":["post-264752","post","type-post","status-publish","format-standard","has-post-thumbnail","hentry","category-lifestyle-en","category-nombres-propios-en","category-personajes-en","category-sin-categorizar","tag-pasta-en","tag-serie-en","cat-18831-id","cat-15851-id","cat-15910-id","cat-1-id"],"acf":[],"yoast_head":"<!-- This site is optimized with the Yoast SEO plugin v27.4 - https:\/\/yoast.com\/product\/yoast-seo-wordpress\/ -->\n<title>The &#039;pasta queen&#039;, Nadia Caterina, unveils culinary series - Tapas<\/title>\n<meta name=\"description\" content=\"Click\u00a0here\u00a0to read the Spanish version. The title of her new series sums up her culinary identity. At least, what she&#039;s mostly known for: elevating pasta\" \/>\n<meta name=\"robots\" content=\"index, follow, max-snippet:-1, max-image-preview:large, max-video-preview:-1\" \/>\n<link rel=\"canonical\" href=\"https:\/\/www.tapasmagazine.es\/en\/the-pasta-queen-nadia-caterina-unveils-culinary-series\/\" \/>\n<meta property=\"og:locale\" content=\"en_US\" \/>\n<meta property=\"og:type\" content=\"article\" \/>\n<meta property=\"og:title\" content=\"The &#039;pasta queen&#039;, Nadia Caterina, unveils culinary series - Tapas\" \/>\n<meta property=\"og:description\" content=\"Click\u00a0here\u00a0to read the Spanish version. The title of her new series sums up her culinary identity. At least, what she&#039;s mostly known for: elevating pasta\" \/>\n<meta property=\"og:url\" content=\"https:\/\/www.tapasmagazine.es\/en\/the-pasta-queen-nadia-caterina-unveils-culinary-series\/\" \/>\n<meta property=\"og:site_name\" content=\"Tapas\" \/>\n<meta property=\"article:publisher\" content=\"https:\/\/www.facebook.com\/tapasmagazine\" \/>\n<meta property=\"article:published_time\" content=\"2024-10-04T11:11:49+00:00\" \/>\n<meta property=\"article:modified_time\" content=\"2024-10-04T11:19:12+00:00\" \/>\n<meta property=\"og:image\" content=\"https:\/\/www.tapasmagazine.es\/wp-content\/uploads\/2024\/10\/pasta-queen-1.jpg\" \/>\n\t<meta property=\"og:image:width\" content=\"1200\" \/>\n\t<meta property=\"og:image:height\" content=\"675\" \/>\n\t<meta property=\"og:image:type\" content=\"image\/jpeg\" \/>\n<meta name=\"author\" content=\"Laura P\u00e9rez\" \/>\n<meta name=\"twitter:card\" content=\"summary_large_image\" \/>\n<meta name=\"twitter:creator\" content=\"@TapasMagazine\" \/>\n<meta name=\"twitter:site\" content=\"@TapasMagazine\" \/>\n<meta name=\"twitter:label1\" content=\"Written by\" \/>\n\t<meta name=\"twitter:data1\" content=\"Laura P\u00e9rez\" \/>\n\t<meta name=\"twitter:label2\" content=\"Est. reading time\" \/>\n\t<meta name=\"twitter:data2\" content=\"2 minutes\" \/>\n<script type=\"application\/ld+json\" class=\"yoast-schema-graph\">{\"@context\":\"https:\\\/\\\/schema.org\",\"@graph\":[{\"@type\":\"Article\",\"@id\":\"https:\\\/\\\/www.tapasmagazine.es\\\/en\\\/the-pasta-queen-nadia-caterina-unveils-culinary-series\\\/#article\",\"isPartOf\":{\"@id\":\"https:\\\/\\\/www.tapasmagazine.es\\\/en\\\/the-pasta-queen-nadia-caterina-unveils-culinary-series\\\/\"},\"author\":{\"name\":\"Laura P\u00e9rez\",\"@id\":\"https:\\\/\\\/www.tapasmagazine.es\\\/#\\\/schema\\\/person\\\/eb46cbe76a9c8f062660eb609e3ecb4e\"},\"headline\":\"The &#8216;pasta queen&#8217;, Nadia Caterina, unveils culinary series\",\"datePublished\":\"2024-10-04T11:11:49+00:00\",\"dateModified\":\"2024-10-04T11:19:12+00:00\",\"mainEntityOfPage\":{\"@id\":\"https:\\\/\\\/www.tapasmagazine.es\\\/en\\\/the-pasta-queen-nadia-caterina-unveils-culinary-series\\\/\"},\"wordCount\":217,\"publisher\":{\"@id\":\"https:\\\/\\\/www.tapasmagazine.es\\\/#organization\"},\"image\":{\"@id\":\"https:\\\/\\\/www.tapasmagazine.es\\\/en\\\/the-pasta-queen-nadia-caterina-unveils-culinary-series\\\/#primaryimage\"},\"thumbnailUrl\":\"https:\\\/\\\/www.tapasmagazine.es\\\/wp-content\\\/uploads\\\/2024\\\/10\\\/pasta-queen-1.jpg\",\"keywords\":[\"Pasta\",\"serie\"],\"articleSection\":[\"Lifestyle\",\"Nombres propios\",\"Personajes\",\"Sin categorizar\"],\"inLanguage\":\"en-US\"},{\"@type\":\"WebPage\",\"@id\":\"https:\\\/\\\/www.tapasmagazine.es\\\/en\\\/the-pasta-queen-nadia-caterina-unveils-culinary-series\\\/\",\"url\":\"https:\\\/\\\/www.tapasmagazine.es\\\/en\\\/the-pasta-queen-nadia-caterina-unveils-culinary-series\\\/\",\"name\":\"The 'pasta queen', Nadia Caterina, unveils culinary series - Tapas\",\"isPartOf\":{\"@id\":\"https:\\\/\\\/www.tapasmagazine.es\\\/#website\"},\"primaryImageOfPage\":{\"@id\":\"https:\\\/\\\/www.tapasmagazine.es\\\/en\\\/the-pasta-queen-nadia-caterina-unveils-culinary-series\\\/#primaryimage\"},\"image\":{\"@id\":\"https:\\\/\\\/www.tapasmagazine.es\\\/en\\\/the-pasta-queen-nadia-caterina-unveils-culinary-series\\\/#primaryimage\"},\"thumbnailUrl\":\"https:\\\/\\\/www.tapasmagazine.es\\\/wp-content\\\/uploads\\\/2024\\\/10\\\/pasta-queen-1.jpg\",\"datePublished\":\"2024-10-04T11:11:49+00:00\",\"dateModified\":\"2024-10-04T11:19:12+00:00\",\"description\":\"Click\u00a0here\u00a0to read the Spanish version. The title of her new series sums up her culinary identity. At least, what she's mostly known for: elevating pasta\",\"breadcrumb\":{\"@id\":\"https:\\\/\\\/www.tapasmagazine.es\\\/en\\\/the-pasta-queen-nadia-caterina-unveils-culinary-series\\\/#breadcrumb\"},\"inLanguage\":\"en-US\",\"potentialAction\":[{\"@type\":\"ReadAction\",\"target\":[\"https:\\\/\\\/www.tapasmagazine.es\\\/en\\\/the-pasta-queen-nadia-caterina-unveils-culinary-series\\\/\"]}]},{\"@type\":\"ImageObject\",\"inLanguage\":\"en-US\",\"@id\":\"https:\\\/\\\/www.tapasmagazine.es\\\/en\\\/the-pasta-queen-nadia-caterina-unveils-culinary-series\\\/#primaryimage\",\"url\":\"https:\\\/\\\/www.tapasmagazine.es\\\/wp-content\\\/uploads\\\/2024\\\/10\\\/pasta-queen-1.jpg\",\"contentUrl\":\"https:\\\/\\\/www.tapasmagazine.es\\\/wp-content\\\/uploads\\\/2024\\\/10\\\/pasta-queen-1.jpg\",\"width\":1200,\"height\":675},{\"@type\":\"BreadcrumbList\",\"@id\":\"https:\\\/\\\/www.tapasmagazine.es\\\/en\\\/the-pasta-queen-nadia-caterina-unveils-culinary-series\\\/#breadcrumb\",\"itemListElement\":[{\"@type\":\"ListItem\",\"position\":1,\"name\":\"Portada\",\"item\":\"https:\\\/\\\/www.tapasmagazine.es\\\/\"},{\"@type\":\"ListItem\",\"position\":2,\"name\":\"Sin categorizar\",\"item\":\"https:\\\/\\\/www.tapasmagazine.es\\\/categorias\\\/sin-categorizar\\\/\"},{\"@type\":\"ListItem\",\"position\":3,\"name\":\"The &#8216;pasta queen&#8217;, Nadia Caterina, unveils culinary series\"}]},{\"@type\":\"WebSite\",\"@id\":\"https:\\\/\\\/www.tapasmagazine.es\\\/#website\",\"url\":\"https:\\\/\\\/www.tapasmagazine.es\\\/\",\"name\":\"Tapas\",\"description\":\"\u00d1am \u00d1am Lifestyle. La vida a bocados. Premio Nacional de Gastronom\u00eda 2016.\",\"publisher\":{\"@id\":\"https:\\\/\\\/www.tapasmagazine.es\\\/#organization\"},\"potentialAction\":[{\"@type\":\"SearchAction\",\"target\":{\"@type\":\"EntryPoint\",\"urlTemplate\":\"https:\\\/\\\/www.tapasmagazine.es\\\/?s={search_term_string}\"},\"query-input\":{\"@type\":\"PropertyValueSpecification\",\"valueRequired\":true,\"valueName\":\"search_term_string\"}}],\"inLanguage\":\"en-US\"},{\"@type\":\"Organization\",\"@id\":\"https:\\\/\\\/www.tapasmagazine.es\\\/#organization\",\"name\":\"Tapas Magazine\",\"url\":\"https:\\\/\\\/www.tapasmagazine.es\\\/\",\"logo\":{\"@type\":\"ImageObject\",\"inLanguage\":\"en-US\",\"@id\":\"https:\\\/\\\/www.tapasmagazine.es\\\/#\\\/schema\\\/logo\\\/image\\\/\",\"url\":\"https:\\\/\\\/www.tapasmagazine.es\\\/wp-content\\\/uploads\\\/2018\\\/01\\\/logo.png\",\"contentUrl\":\"https:\\\/\\\/www.tapasmagazine.es\\\/wp-content\\\/uploads\\\/2018\\\/01\\\/logo.png\",\"width\":180,\"height\":60,\"caption\":\"Tapas Magazine\"},\"image\":{\"@id\":\"https:\\\/\\\/www.tapasmagazine.es\\\/#\\\/schema\\\/logo\\\/image\\\/\"},\"sameAs\":[\"https:\\\/\\\/www.facebook.com\\\/tapasmagazine\",\"https:\\\/\\\/x.com\\\/TapasMagazine\",\"https:\\\/\\\/www.instagram.com\\\/tapasmagazine\\\/\",\"https:\\\/\\\/www.linkedin.com\\\/company\\\/tapas-magazine\",\"https:\\\/\\\/es.pinterest.com\\\/tapasmagazine\\\/\",\"https:\\\/\\\/www.youtube.com\\\/channel\\\/UCEyxneAaACuR0lfDagrWjjg?sub_confirmation=1\"]},{\"@type\":\"Person\",\"@id\":\"https:\\\/\\\/www.tapasmagazine.es\\\/#\\\/schema\\\/person\\\/eb46cbe76a9c8f062660eb609e3ecb4e\",\"name\":\"Laura P\u00e9rez\",\"url\":\"https:\\\/\\\/www.tapasmagazine.es\\\/en\\\/author\\\/laura-perez\\\/\"}]}<\/script>\n<!-- \/ Yoast SEO plugin. -->","yoast_head_json":{"title":"The 'pasta queen', Nadia Caterina, unveils culinary series - Tapas","description":"Click\u00a0here\u00a0to read the Spanish version. The title of her new series sums up her culinary identity. At least, what she's mostly known for: elevating pasta","robots":{"index":"index","follow":"follow","max-snippet":"max-snippet:-1","max-image-preview":"max-image-preview:large","max-video-preview":"max-video-preview:-1"},"canonical":"https:\/\/www.tapasmagazine.es\/en\/the-pasta-queen-nadia-caterina-unveils-culinary-series\/","og_locale":"en_US","og_type":"article","og_title":"The 'pasta queen', Nadia Caterina, unveils culinary series - Tapas","og_description":"Click\u00a0here\u00a0to read the Spanish version. The title of her new series sums up her culinary identity. At least, what she's mostly known for: elevating pasta","og_url":"https:\/\/www.tapasmagazine.es\/en\/the-pasta-queen-nadia-caterina-unveils-culinary-series\/","og_site_name":"Tapas","article_publisher":"https:\/\/www.facebook.com\/tapasmagazine","article_published_time":"2024-10-04T11:11:49+00:00","article_modified_time":"2024-10-04T11:19:12+00:00","og_image":[{"width":1200,"height":675,"url":"https:\/\/www.tapasmagazine.es\/wp-content\/uploads\/2024\/10\/pasta-queen-1.jpg","type":"image\/jpeg"}],"author":"Laura P\u00e9rez","twitter_card":"summary_large_image","twitter_creator":"@TapasMagazine","twitter_site":"@TapasMagazine","twitter_misc":{"Written by":"Laura P\u00e9rez","Est. reading time":"2 minutes"},"schema":{"@context":"https:\/\/schema.org","@graph":[{"@type":"Article","@id":"https:\/\/www.tapasmagazine.es\/en\/the-pasta-queen-nadia-caterina-unveils-culinary-series\/#article","isPartOf":{"@id":"https:\/\/www.tapasmagazine.es\/en\/the-pasta-queen-nadia-caterina-unveils-culinary-series\/"},"author":{"name":"Laura P\u00e9rez","@id":"https:\/\/www.tapasmagazine.es\/#\/schema\/person\/eb46cbe76a9c8f062660eb609e3ecb4e"},"headline":"The &#8216;pasta queen&#8217;, Nadia Caterina, unveils culinary series","datePublished":"2024-10-04T11:11:49+00:00","dateModified":"2024-10-04T11:19:12+00:00","mainEntityOfPage":{"@id":"https:\/\/www.tapasmagazine.es\/en\/the-pasta-queen-nadia-caterina-unveils-culinary-series\/"},"wordCount":217,"publisher":{"@id":"https:\/\/www.tapasmagazine.es\/#organization"},"image":{"@id":"https:\/\/www.tapasmagazine.es\/en\/the-pasta-queen-nadia-caterina-unveils-culinary-series\/#primaryimage"},"thumbnailUrl":"https:\/\/www.tapasmagazine.es\/wp-content\/uploads\/2024\/10\/pasta-queen-1.jpg","keywords":["Pasta","serie"],"articleSection":["Lifestyle","Nombres propios","Personajes","Sin categorizar"],"inLanguage":"en-US"},{"@type":"WebPage","@id":"https:\/\/www.tapasmagazine.es\/en\/the-pasta-queen-nadia-caterina-unveils-culinary-series\/","url":"https:\/\/www.tapasmagazine.es\/en\/the-pasta-queen-nadia-caterina-unveils-culinary-series\/","name":"The 'pasta queen', Nadia Caterina, unveils culinary series - Tapas","isPartOf":{"@id":"https:\/\/www.tapasmagazine.es\/#website"},"primaryImageOfPage":{"@id":"https:\/\/www.tapasmagazine.es\/en\/the-pasta-queen-nadia-caterina-unveils-culinary-series\/#primaryimage"},"image":{"@id":"https:\/\/www.tapasmagazine.es\/en\/the-pasta-queen-nadia-caterina-unveils-culinary-series\/#primaryimage"},"thumbnailUrl":"https:\/\/www.tapasmagazine.es\/wp-content\/uploads\/2024\/10\/pasta-queen-1.jpg","datePublished":"2024-10-04T11:11:49+00:00","dateModified":"2024-10-04T11:19:12+00:00","description":"Click\u00a0here\u00a0to read the Spanish version. The title of her new series sums up her culinary identity. At least, what she's mostly known for: elevating pasta","breadcrumb":{"@id":"https:\/\/www.tapasmagazine.es\/en\/the-pasta-queen-nadia-caterina-unveils-culinary-series\/#breadcrumb"},"inLanguage":"en-US","potentialAction":[{"@type":"ReadAction","target":["https:\/\/www.tapasmagazine.es\/en\/the-pasta-queen-nadia-caterina-unveils-culinary-series\/"]}]},{"@type":"ImageObject","inLanguage":"en-US","@id":"https:\/\/www.tapasmagazine.es\/en\/the-pasta-queen-nadia-caterina-unveils-culinary-series\/#primaryimage","url":"https:\/\/www.tapasmagazine.es\/wp-content\/uploads\/2024\/10\/pasta-queen-1.jpg","contentUrl":"https:\/\/www.tapasmagazine.es\/wp-content\/uploads\/2024\/10\/pasta-queen-1.jpg","width":1200,"height":675},{"@type":"BreadcrumbList","@id":"https:\/\/www.tapasmagazine.es\/en\/the-pasta-queen-nadia-caterina-unveils-culinary-series\/#breadcrumb","itemListElement":[{"@type":"ListItem","position":1,"name":"Portada","item":"https:\/\/www.tapasmagazine.es\/"},{"@type":"ListItem","position":2,"name":"Sin categorizar","item":"https:\/\/www.tapasmagazine.es\/categorias\/sin-categorizar\/"},{"@type":"ListItem","position":3,"name":"The &#8216;pasta queen&#8217;, Nadia Caterina, unveils culinary series"}]},{"@type":"WebSite","@id":"https:\/\/www.tapasmagazine.es\/#website","url":"https:\/\/www.tapasmagazine.es\/","name":"Tapas","description":"\u00d1am \u00d1am Lifestyle. La vida a bocados. Premio Nacional de Gastronom\u00eda 2016.","publisher":{"@id":"https:\/\/www.tapasmagazine.es\/#organization"},"potentialAction":[{"@type":"SearchAction","target":{"@type":"EntryPoint","urlTemplate":"https:\/\/www.tapasmagazine.es\/?s={search_term_string}"},"query-input":{"@type":"PropertyValueSpecification","valueRequired":true,"valueName":"search_term_string"}}],"inLanguage":"en-US"},{"@type":"Organization","@id":"https:\/\/www.tapasmagazine.es\/#organization","name":"Tapas Magazine","url":"https:\/\/www.tapasmagazine.es\/","logo":{"@type":"ImageObject","inLanguage":"en-US","@id":"https:\/\/www.tapasmagazine.es\/#\/schema\/logo\/image\/","url":"https:\/\/www.tapasmagazine.es\/wp-content\/uploads\/2018\/01\/logo.png","contentUrl":"https:\/\/www.tapasmagazine.es\/wp-content\/uploads\/2018\/01\/logo.png","width":180,"height":60,"caption":"Tapas Magazine"},"image":{"@id":"https:\/\/www.tapasmagazine.es\/#\/schema\/logo\/image\/"},"sameAs":["https:\/\/www.facebook.com\/tapasmagazine","https:\/\/x.com\/TapasMagazine","https:\/\/www.instagram.com\/tapasmagazine\/","https:\/\/www.linkedin.com\/company\/tapas-magazine","https:\/\/es.pinterest.com\/tapasmagazine\/","https:\/\/www.youtube.com\/channel\/UCEyxneAaACuR0lfDagrWjjg?sub_confirmation=1"]},{"@type":"Person","@id":"https:\/\/www.tapasmagazine.es\/#\/schema\/person\/eb46cbe76a9c8f062660eb609e3ecb4e","name":"Laura P\u00e9rez","url":"https:\/\/www.tapasmagazine.es\/en\/author\/laura-perez\/"}]}},"_links":{"self":[{"href":"https:\/\/www.tapasmagazine.es\/en\/wp-json\/wp\/v2\/posts\/264752","targetHints":{"allow":["GET"]}}],"collection":[{"href":"https:\/\/www.tapasmagazine.es\/en\/wp-json\/wp\/v2\/posts"}],"about":[{"href":"https:\/\/www.tapasmagazine.es\/en\/wp-json\/wp\/v2\/types\/post"}],"author":[{"embeddable":true,"href":"https:\/\/www.tapasmagazine.es\/en\/wp-json\/wp\/v2\/users\/285"}],"replies":[{"embeddable":true,"href":"https:\/\/www.tapasmagazine.es\/en\/wp-json\/wp\/v2\/comments?post=264752"}],"version-history":[{"count":2,"href":"https:\/\/www.tapasmagazine.es\/en\/wp-json\/wp\/v2\/posts\/264752\/revisions"}],"predecessor-version":[{"id":264757,"href":"https:\/\/www.tapasmagazine.es\/en\/wp-json\/wp\/v2\/posts\/264752\/revisions\/264757"}],"wp:featuredmedia":[{"embeddable":true,"href":"https:\/\/www.tapasmagazine.es\/en\/wp-json\/wp\/v2\/media\/264743"}],"wp:attachment":[{"href":"https:\/\/www.tapasmagazine.es\/en\/wp-json\/wp\/v2\/media?parent=264752"}],"wp:term":[{"taxonomy":"category","embeddable":true,"href":"https:\/\/www.tapasmagazine.es\/en\/wp-json\/wp\/v2\/categories?post=264752"},{"taxonomy":"post_tag","embeddable":true,"href":"https:\/\/www.tapasmagazine.es\/en\/wp-json\/wp\/v2\/tags?post=264752"}],"curies":[{"name":"wp","href":"https:\/\/api.w.org\/{rel}","templated":true}]}}