{"id":264658,"date":"2024-10-03T17:33:48","date_gmt":"2024-10-03T15:33:48","guid":{"rendered":"https:\/\/www.tapasmagazine.es\/tapa-de-mercat-cerrara-este-fin-de-semana-por-todo-lo-alto-en-el-mercat-de-la-llibertat\/"},"modified":"2024-10-03T17:37:52","modified_gmt":"2024-10-03T15:37:52","slug":"tapa-de-mercat-will-close-this-weekend-at-mercart-de-la-llibertat-barcelona","status":"publish","type":"post","link":"https:\/\/www.tapasmagazine.es\/en\/tapa-de-mercat-will-close-this-weekend-at-mercart-de-la-llibertat-barcelona\/","title":{"rendered":"Tapa de Mercat will close this weekend at Mercat de la Llibertat in Barcelona"},"content":{"rendered":"\n<p><strong>Click\u00a0<a href=\"https:\/\/www.tapasmagazine.es\/tapa-de-mercat-cerrara-este-fin-de-semana-por-todo-lo-alto-en-el-mercat-de-la-llibertat\/\" target=\"_blank\" rel=\"noreferrer noopener\">here<\/a>\u00a0to read the Spanish version.<\/strong><\/p>\n\n\n\n<p>This October 5, the <strong>Mercat de la Llibertat <\/strong>will be the epicenter of the closing of this gastronomic celebration, which has already passed through the Mercats del Ninot and Sant Antoni. To add a new festive dimension to this last day, <strong>DJ Lola Van<\/strong> will be in charge of the musical pairing of the event, offering the attendees the possibility to choose the vinyl that will be played.<\/p>\n\n\n\n<p>Known for being one of the gastronomic references of the neighborhood of Gr\u00e0cia, the Mercat de la Llibertat will offer attendees a unique experience. You will be able to taste delicious <strong>spanish tapas<\/strong> accompanied by a classic <strong>Cinzano Bitter Soda<\/strong>.<\/p>\n\n\n\n<figure class=\"wp-block-image size-full\"><img decoding=\"async\" width=\"1024\" height=\"768\" src=\"https:\/\/www.tapasmagazine.es\/wp-content\/uploads\/2024\/10\/Mercado-Llibertat.jpg\" alt=\"\" class=\"wp-image-264652\" srcset=\"https:\/\/www.tapasmagazine.es\/wp-content\/uploads\/2024\/10\/Mercado-Llibertat.jpg 1024w, https:\/\/www.tapasmagazine.es\/wp-content\/uploads\/2024\/10\/Mercado-Llibertat-300x225.jpg 300w, https:\/\/www.tapasmagazine.es\/wp-content\/uploads\/2024\/10\/Mercado-Llibertat-768x576.jpg 768w, https:\/\/www.tapasmagazine.es\/wp-content\/uploads\/2024\/10\/Mercado-Llibertat-1000x750.jpg 1000w, https:\/\/www.tapasmagazine.es\/wp-content\/uploads\/2024\/10\/Mercado-Llibertat-400x300.jpg 400w\" sizes=\"(max-width: 1024px) 100vw, 1024px\" \/><\/figure>\n\n\n\n<p>The aim of the <strong>Tapa de Mercat<\/strong> has always been to highlight local gastronomy and the culture of the markets, and to this end, tapas have been created especially paired with Cinzano Bitter Soda.<\/p>\n\n\n<div class=\"wp-block-image\">\n<figure class=\"aligncenter size-large\"><img decoding=\"async\" width=\"726\" height=\"1024\" src=\"https:\/\/www.tapasmagazine.es\/wp-content\/uploads\/2024\/10\/Cinzano-Bitter-Soda_Tapa-de-Mercat1-726x1024.png\" alt=\"\" class=\"wp-image-264654\" srcset=\"https:\/\/www.tapasmagazine.es\/wp-content\/uploads\/2024\/10\/Cinzano-Bitter-Soda_Tapa-de-Mercat1-726x1024.png 726w, https:\/\/www.tapasmagazine.es\/wp-content\/uploads\/2024\/10\/Cinzano-Bitter-Soda_Tapa-de-Mercat1-213x300.png 213w, https:\/\/www.tapasmagazine.es\/wp-content\/uploads\/2024\/10\/Cinzano-Bitter-Soda_Tapa-de-Mercat1-768x1083.png 768w, https:\/\/www.tapasmagazine.es\/wp-content\/uploads\/2024\/10\/Cinzano-Bitter-Soda_Tapa-de-Mercat1-400x564.png 400w, https:\/\/www.tapasmagazine.es\/wp-content\/uploads\/2024\/10\/Cinzano-Bitter-Soda_Tapa-de-Mercat1.png 796w\" sizes=\"(max-width: 726px) 100vw, 726px\" \/><\/figure>\n<\/div>\n\n\n<p>In addition, during the day, several locals near the Mercat de la Llibertat will join the party with their own version of the Tapa de Mercat, where you can enjoy an exclusive tapa accompanied with Cinzano Bitter Soda at a special price. These are the participating establishments:<\/p>\n\n\n\n<ul class=\"wp-block-list\">\n<li><strong>Caf\u00e9 Pag\u00e8s<\/strong>: Torrent de l\u2019Olla, 27, Gr\u00e0cia<\/li>\n\n\n\n<li><strong>Casa Pag\u00e8s<\/strong>: Carrer de la Llibertat, 19, Gr\u00e0cia<\/li>\n\n\n\n<li><strong>Las Vermudas<\/strong>: Carrer del Rob\u00ed 32, Gr\u00e0cia<\/li>\n\n\n\n<li><strong>Caf\u00e9 del Canari<\/strong>: Plaza Lesseps 32, Sarri\u00e0-Sant Gervasi<\/li>\n\n\n\n<li><strong>Casa Vall<\/strong>: Pla\u00e7a de Rovira i Trias, 3, Gr\u00e0cia<\/li>\n\n\n\n<li><strong>Sol de Nit<\/strong>: Pla\u00e7a del Sol, 9, Gr\u00e0cia<\/li>\n\n\n\n<li><strong>Caf\u00e9 del Sol<\/strong>: Pla\u00e7a del Sol, 16, Gr\u00e0cia<\/li>\n<\/ul>\n\n\n\n<h3 class=\"wp-block-heading\">What&#8217;s next: Mercat de Mercats 2024<\/h3>\n\n\n\n<p>But it doesn&#8217;t end here. For food lovers who want to continue celebrating the event, <strong>Mercat de Mercats <\/strong>will take place from October 18 to 20, where the best tapas of the participating markets in this edition of the Tapa de Mercat will be chosen. Mercat del Ninot, Sant Antoni and Mercat de la Llibertat will compete for the title of the best tapa of 2024.<\/p>\n","protected":false},"excerpt":{"rendered":"<p>Click\u00a0here\u00a0to read the Spanish version. This October 5, the Mercat de la Llibertat will be the epicenter of the closing of this gastronomic celebration, which has already passed through the Mercats del Ninot and Sant Antoni. To add a new festive dimension to this last day, DJ Lola Van will be in charge of the [&hellip;]<\/p>\n","protected":false},"author":285,"featured_media":264651,"comment_status":"closed","ping_status":"closed","sticky":false,"template":"","format":"standard","meta":{"_acf_changed":false,"footnotes":""},"categories":[15797,1],"tags":[16260,19288],"class_list":["post-264658","post","type-post","status-publish","format-standard","has-post-thumbnail","hentry","category-planes-en","category-sin-categorizar","tag-barcelona-en","tag-mercado-en","cat-15797-id","cat-1-id"],"acf":[],"yoast_head":"<!-- This site is optimized with the Yoast SEO plugin v27.4 - https:\/\/yoast.com\/product\/yoast-seo-wordpress\/ -->\n<title>Tapa de Mercat will close this weekend at Mercat de la Llibertat in Barcelona - Tapas<\/title>\n<meta name=\"description\" content=\"Click\u00a0here\u00a0to read the Spanish version. This October 5, the Mercat de la Llibertat will be the epicenter of the closing of this gastronomic celebration,\" \/>\n<meta name=\"robots\" content=\"index, follow, max-snippet:-1, max-image-preview:large, max-video-preview:-1\" \/>\n<link rel=\"canonical\" href=\"https:\/\/www.tapasmagazine.es\/en\/tapa-de-mercat-will-close-this-weekend-at-mercart-de-la-llibertat-barcelona\/\" \/>\n<meta property=\"og:locale\" content=\"en_US\" \/>\n<meta property=\"og:type\" content=\"article\" \/>\n<meta property=\"og:title\" content=\"Tapa de Mercat will close this weekend at Mercat de la Llibertat in Barcelona - Tapas\" \/>\n<meta property=\"og:description\" content=\"Click\u00a0here\u00a0to read the Spanish version. This October 5, the Mercat de la Llibertat will be the epicenter of the closing of this gastronomic celebration,\" \/>\n<meta property=\"og:url\" content=\"https:\/\/www.tapasmagazine.es\/en\/tapa-de-mercat-will-close-this-weekend-at-mercart-de-la-llibertat-barcelona\/\" \/>\n<meta property=\"og:site_name\" content=\"Tapas\" \/>\n<meta property=\"article:publisher\" content=\"https:\/\/www.facebook.com\/tapasmagazine\" \/>\n<meta property=\"article:published_time\" content=\"2024-10-03T15:33:48+00:00\" \/>\n<meta property=\"article:modified_time\" content=\"2024-10-03T15:37:52+00:00\" \/>\n<meta property=\"og:image\" content=\"https:\/\/www.tapasmagazine.es\/wp-content\/uploads\/2024\/10\/tapa-de-mercat.jpg\" \/>\n\t<meta property=\"og:image:width\" content=\"1200\" \/>\n\t<meta property=\"og:image:height\" content=\"675\" \/>\n\t<meta property=\"og:image:type\" content=\"image\/jpeg\" \/>\n<meta name=\"author\" content=\"Laura P\u00e9rez\" \/>\n<meta name=\"twitter:card\" content=\"summary_large_image\" \/>\n<meta name=\"twitter:creator\" content=\"@TapasMagazine\" \/>\n<meta name=\"twitter:site\" content=\"@TapasMagazine\" \/>\n<meta name=\"twitter:label1\" content=\"Written by\" \/>\n\t<meta name=\"twitter:data1\" content=\"Laura P\u00e9rez\" \/>\n\t<meta name=\"twitter:label2\" content=\"Est. reading time\" \/>\n\t<meta name=\"twitter:data2\" content=\"3 minutes\" \/>\n<script type=\"application\/ld+json\" class=\"yoast-schema-graph\">{\"@context\":\"https:\\\/\\\/schema.org\",\"@graph\":[{\"@type\":\"Article\",\"@id\":\"https:\\\/\\\/www.tapasmagazine.es\\\/en\\\/tapa-de-mercat-will-close-this-weekend-at-mercart-de-la-llibertat-barcelona\\\/#article\",\"isPartOf\":{\"@id\":\"https:\\\/\\\/www.tapasmagazine.es\\\/en\\\/tapa-de-mercat-will-close-this-weekend-at-mercart-de-la-llibertat-barcelona\\\/\"},\"author\":{\"name\":\"Laura P\u00e9rez\",\"@id\":\"https:\\\/\\\/www.tapasmagazine.es\\\/#\\\/schema\\\/person\\\/eb46cbe76a9c8f062660eb609e3ecb4e\"},\"headline\":\"Tapa de Mercat will close this weekend at Mercat de la Llibertat in Barcelona\",\"datePublished\":\"2024-10-03T15:33:48+00:00\",\"dateModified\":\"2024-10-03T15:37:52+00:00\",\"mainEntityOfPage\":{\"@id\":\"https:\\\/\\\/www.tapasmagazine.es\\\/en\\\/tapa-de-mercat-will-close-this-weekend-at-mercart-de-la-llibertat-barcelona\\\/\"},\"wordCount\":341,\"publisher\":{\"@id\":\"https:\\\/\\\/www.tapasmagazine.es\\\/#organization\"},\"image\":{\"@id\":\"https:\\\/\\\/www.tapasmagazine.es\\\/en\\\/tapa-de-mercat-will-close-this-weekend-at-mercart-de-la-llibertat-barcelona\\\/#primaryimage\"},\"thumbnailUrl\":\"https:\\\/\\\/www.tapasmagazine.es\\\/wp-content\\\/uploads\\\/2024\\\/10\\\/tapa-de-mercat.jpg\",\"keywords\":[\"Barcelona\",\"mercado\"],\"articleSection\":[\"Planes\",\"Sin categorizar\"],\"inLanguage\":\"en-US\"},{\"@type\":\"WebPage\",\"@id\":\"https:\\\/\\\/www.tapasmagazine.es\\\/en\\\/tapa-de-mercat-will-close-this-weekend-at-mercart-de-la-llibertat-barcelona\\\/\",\"url\":\"https:\\\/\\\/www.tapasmagazine.es\\\/en\\\/tapa-de-mercat-will-close-this-weekend-at-mercart-de-la-llibertat-barcelona\\\/\",\"name\":\"Tapa de Mercat will close this weekend at Mercat de la Llibertat in Barcelona - Tapas\",\"isPartOf\":{\"@id\":\"https:\\\/\\\/www.tapasmagazine.es\\\/#website\"},\"primaryImageOfPage\":{\"@id\":\"https:\\\/\\\/www.tapasmagazine.es\\\/en\\\/tapa-de-mercat-will-close-this-weekend-at-mercart-de-la-llibertat-barcelona\\\/#primaryimage\"},\"image\":{\"@id\":\"https:\\\/\\\/www.tapasmagazine.es\\\/en\\\/tapa-de-mercat-will-close-this-weekend-at-mercart-de-la-llibertat-barcelona\\\/#primaryimage\"},\"thumbnailUrl\":\"https:\\\/\\\/www.tapasmagazine.es\\\/wp-content\\\/uploads\\\/2024\\\/10\\\/tapa-de-mercat.jpg\",\"datePublished\":\"2024-10-03T15:33:48+00:00\",\"dateModified\":\"2024-10-03T15:37:52+00:00\",\"description\":\"Click\u00a0here\u00a0to read the Spanish version. This October 5, the Mercat de la Llibertat will be the epicenter of the closing of this gastronomic celebration,\",\"breadcrumb\":{\"@id\":\"https:\\\/\\\/www.tapasmagazine.es\\\/en\\\/tapa-de-mercat-will-close-this-weekend-at-mercart-de-la-llibertat-barcelona\\\/#breadcrumb\"},\"inLanguage\":\"en-US\",\"potentialAction\":[{\"@type\":\"ReadAction\",\"target\":[\"https:\\\/\\\/www.tapasmagazine.es\\\/en\\\/tapa-de-mercat-will-close-this-weekend-at-mercart-de-la-llibertat-barcelona\\\/\"]}]},{\"@type\":\"ImageObject\",\"inLanguage\":\"en-US\",\"@id\":\"https:\\\/\\\/www.tapasmagazine.es\\\/en\\\/tapa-de-mercat-will-close-this-weekend-at-mercart-de-la-llibertat-barcelona\\\/#primaryimage\",\"url\":\"https:\\\/\\\/www.tapasmagazine.es\\\/wp-content\\\/uploads\\\/2024\\\/10\\\/tapa-de-mercat.jpg\",\"contentUrl\":\"https:\\\/\\\/www.tapasmagazine.es\\\/wp-content\\\/uploads\\\/2024\\\/10\\\/tapa-de-mercat.jpg\",\"width\":1200,\"height\":675},{\"@type\":\"BreadcrumbList\",\"@id\":\"https:\\\/\\\/www.tapasmagazine.es\\\/en\\\/tapa-de-mercat-will-close-this-weekend-at-mercart-de-la-llibertat-barcelona\\\/#breadcrumb\",\"itemListElement\":[{\"@type\":\"ListItem\",\"position\":1,\"name\":\"Portada\",\"item\":\"https:\\\/\\\/www.tapasmagazine.es\\\/\"},{\"@type\":\"ListItem\",\"position\":2,\"name\":\"Sin categorizar\",\"item\":\"https:\\\/\\\/www.tapasmagazine.es\\\/categorias\\\/sin-categorizar\\\/\"},{\"@type\":\"ListItem\",\"position\":3,\"name\":\"Tapa de Mercat will close this weekend at Mercat de la Llibertat in Barcelona\"}]},{\"@type\":\"WebSite\",\"@id\":\"https:\\\/\\\/www.tapasmagazine.es\\\/#website\",\"url\":\"https:\\\/\\\/www.tapasmagazine.es\\\/\",\"name\":\"Tapas\",\"description\":\"\u00d1am \u00d1am Lifestyle. La vida a bocados. Premio Nacional de Gastronom\u00eda 2016.\",\"publisher\":{\"@id\":\"https:\\\/\\\/www.tapasmagazine.es\\\/#organization\"},\"potentialAction\":[{\"@type\":\"SearchAction\",\"target\":{\"@type\":\"EntryPoint\",\"urlTemplate\":\"https:\\\/\\\/www.tapasmagazine.es\\\/?s={search_term_string}\"},\"query-input\":{\"@type\":\"PropertyValueSpecification\",\"valueRequired\":true,\"valueName\":\"search_term_string\"}}],\"inLanguage\":\"en-US\"},{\"@type\":\"Organization\",\"@id\":\"https:\\\/\\\/www.tapasmagazine.es\\\/#organization\",\"name\":\"Tapas Magazine\",\"url\":\"https:\\\/\\\/www.tapasmagazine.es\\\/\",\"logo\":{\"@type\":\"ImageObject\",\"inLanguage\":\"en-US\",\"@id\":\"https:\\\/\\\/www.tapasmagazine.es\\\/#\\\/schema\\\/logo\\\/image\\\/\",\"url\":\"https:\\\/\\\/www.tapasmagazine.es\\\/wp-content\\\/uploads\\\/2018\\\/01\\\/logo.png\",\"contentUrl\":\"https:\\\/\\\/www.tapasmagazine.es\\\/wp-content\\\/uploads\\\/2018\\\/01\\\/logo.png\",\"width\":180,\"height\":60,\"caption\":\"Tapas Magazine\"},\"image\":{\"@id\":\"https:\\\/\\\/www.tapasmagazine.es\\\/#\\\/schema\\\/logo\\\/image\\\/\"},\"sameAs\":[\"https:\\\/\\\/www.facebook.com\\\/tapasmagazine\",\"https:\\\/\\\/x.com\\\/TapasMagazine\",\"https:\\\/\\\/www.instagram.com\\\/tapasmagazine\\\/\",\"https:\\\/\\\/www.linkedin.com\\\/company\\\/tapas-magazine\",\"https:\\\/\\\/es.pinterest.com\\\/tapasmagazine\\\/\",\"https:\\\/\\\/www.youtube.com\\\/channel\\\/UCEyxneAaACuR0lfDagrWjjg?sub_confirmation=1\"]},{\"@type\":\"Person\",\"@id\":\"https:\\\/\\\/www.tapasmagazine.es\\\/#\\\/schema\\\/person\\\/eb46cbe76a9c8f062660eb609e3ecb4e\",\"name\":\"Laura P\u00e9rez\",\"url\":\"https:\\\/\\\/www.tapasmagazine.es\\\/en\\\/author\\\/laura-perez\\\/\"}]}<\/script>\n<!-- \/ Yoast SEO plugin. -->","yoast_head_json":{"title":"Tapa de Mercat will close this weekend at Mercat de la Llibertat in Barcelona - Tapas","description":"Click\u00a0here\u00a0to read the Spanish version. This October 5, the Mercat de la Llibertat will be the epicenter of the closing of this gastronomic celebration,","robots":{"index":"index","follow":"follow","max-snippet":"max-snippet:-1","max-image-preview":"max-image-preview:large","max-video-preview":"max-video-preview:-1"},"canonical":"https:\/\/www.tapasmagazine.es\/en\/tapa-de-mercat-will-close-this-weekend-at-mercart-de-la-llibertat-barcelona\/","og_locale":"en_US","og_type":"article","og_title":"Tapa de Mercat will close this weekend at Mercat de la Llibertat in Barcelona - Tapas","og_description":"Click\u00a0here\u00a0to read the Spanish version. This October 5, the Mercat de la Llibertat will be the epicenter of the closing of this gastronomic celebration,","og_url":"https:\/\/www.tapasmagazine.es\/en\/tapa-de-mercat-will-close-this-weekend-at-mercart-de-la-llibertat-barcelona\/","og_site_name":"Tapas","article_publisher":"https:\/\/www.facebook.com\/tapasmagazine","article_published_time":"2024-10-03T15:33:48+00:00","article_modified_time":"2024-10-03T15:37:52+00:00","og_image":[{"width":1200,"height":675,"url":"https:\/\/www.tapasmagazine.es\/wp-content\/uploads\/2024\/10\/tapa-de-mercat.jpg","type":"image\/jpeg"}],"author":"Laura P\u00e9rez","twitter_card":"summary_large_image","twitter_creator":"@TapasMagazine","twitter_site":"@TapasMagazine","twitter_misc":{"Written by":"Laura P\u00e9rez","Est. reading time":"3 minutes"},"schema":{"@context":"https:\/\/schema.org","@graph":[{"@type":"Article","@id":"https:\/\/www.tapasmagazine.es\/en\/tapa-de-mercat-will-close-this-weekend-at-mercart-de-la-llibertat-barcelona\/#article","isPartOf":{"@id":"https:\/\/www.tapasmagazine.es\/en\/tapa-de-mercat-will-close-this-weekend-at-mercart-de-la-llibertat-barcelona\/"},"author":{"name":"Laura P\u00e9rez","@id":"https:\/\/www.tapasmagazine.es\/#\/schema\/person\/eb46cbe76a9c8f062660eb609e3ecb4e"},"headline":"Tapa de Mercat will close this weekend at Mercat de la Llibertat in Barcelona","datePublished":"2024-10-03T15:33:48+00:00","dateModified":"2024-10-03T15:37:52+00:00","mainEntityOfPage":{"@id":"https:\/\/www.tapasmagazine.es\/en\/tapa-de-mercat-will-close-this-weekend-at-mercart-de-la-llibertat-barcelona\/"},"wordCount":341,"publisher":{"@id":"https:\/\/www.tapasmagazine.es\/#organization"},"image":{"@id":"https:\/\/www.tapasmagazine.es\/en\/tapa-de-mercat-will-close-this-weekend-at-mercart-de-la-llibertat-barcelona\/#primaryimage"},"thumbnailUrl":"https:\/\/www.tapasmagazine.es\/wp-content\/uploads\/2024\/10\/tapa-de-mercat.jpg","keywords":["Barcelona","mercado"],"articleSection":["Planes","Sin categorizar"],"inLanguage":"en-US"},{"@type":"WebPage","@id":"https:\/\/www.tapasmagazine.es\/en\/tapa-de-mercat-will-close-this-weekend-at-mercart-de-la-llibertat-barcelona\/","url":"https:\/\/www.tapasmagazine.es\/en\/tapa-de-mercat-will-close-this-weekend-at-mercart-de-la-llibertat-barcelona\/","name":"Tapa de Mercat will close this weekend at Mercat de la Llibertat in Barcelona - Tapas","isPartOf":{"@id":"https:\/\/www.tapasmagazine.es\/#website"},"primaryImageOfPage":{"@id":"https:\/\/www.tapasmagazine.es\/en\/tapa-de-mercat-will-close-this-weekend-at-mercart-de-la-llibertat-barcelona\/#primaryimage"},"image":{"@id":"https:\/\/www.tapasmagazine.es\/en\/tapa-de-mercat-will-close-this-weekend-at-mercart-de-la-llibertat-barcelona\/#primaryimage"},"thumbnailUrl":"https:\/\/www.tapasmagazine.es\/wp-content\/uploads\/2024\/10\/tapa-de-mercat.jpg","datePublished":"2024-10-03T15:33:48+00:00","dateModified":"2024-10-03T15:37:52+00:00","description":"Click\u00a0here\u00a0to read the Spanish version. This October 5, the Mercat de la Llibertat will be the epicenter of the closing of this gastronomic celebration,","breadcrumb":{"@id":"https:\/\/www.tapasmagazine.es\/en\/tapa-de-mercat-will-close-this-weekend-at-mercart-de-la-llibertat-barcelona\/#breadcrumb"},"inLanguage":"en-US","potentialAction":[{"@type":"ReadAction","target":["https:\/\/www.tapasmagazine.es\/en\/tapa-de-mercat-will-close-this-weekend-at-mercart-de-la-llibertat-barcelona\/"]}]},{"@type":"ImageObject","inLanguage":"en-US","@id":"https:\/\/www.tapasmagazine.es\/en\/tapa-de-mercat-will-close-this-weekend-at-mercart-de-la-llibertat-barcelona\/#primaryimage","url":"https:\/\/www.tapasmagazine.es\/wp-content\/uploads\/2024\/10\/tapa-de-mercat.jpg","contentUrl":"https:\/\/www.tapasmagazine.es\/wp-content\/uploads\/2024\/10\/tapa-de-mercat.jpg","width":1200,"height":675},{"@type":"BreadcrumbList","@id":"https:\/\/www.tapasmagazine.es\/en\/tapa-de-mercat-will-close-this-weekend-at-mercart-de-la-llibertat-barcelona\/#breadcrumb","itemListElement":[{"@type":"ListItem","position":1,"name":"Portada","item":"https:\/\/www.tapasmagazine.es\/"},{"@type":"ListItem","position":2,"name":"Sin categorizar","item":"https:\/\/www.tapasmagazine.es\/categorias\/sin-categorizar\/"},{"@type":"ListItem","position":3,"name":"Tapa de Mercat will close this weekend at Mercat de la Llibertat in Barcelona"}]},{"@type":"WebSite","@id":"https:\/\/www.tapasmagazine.es\/#website","url":"https:\/\/www.tapasmagazine.es\/","name":"Tapas","description":"\u00d1am \u00d1am Lifestyle. La vida a bocados. Premio Nacional de Gastronom\u00eda 2016.","publisher":{"@id":"https:\/\/www.tapasmagazine.es\/#organization"},"potentialAction":[{"@type":"SearchAction","target":{"@type":"EntryPoint","urlTemplate":"https:\/\/www.tapasmagazine.es\/?s={search_term_string}"},"query-input":{"@type":"PropertyValueSpecification","valueRequired":true,"valueName":"search_term_string"}}],"inLanguage":"en-US"},{"@type":"Organization","@id":"https:\/\/www.tapasmagazine.es\/#organization","name":"Tapas Magazine","url":"https:\/\/www.tapasmagazine.es\/","logo":{"@type":"ImageObject","inLanguage":"en-US","@id":"https:\/\/www.tapasmagazine.es\/#\/schema\/logo\/image\/","url":"https:\/\/www.tapasmagazine.es\/wp-content\/uploads\/2018\/01\/logo.png","contentUrl":"https:\/\/www.tapasmagazine.es\/wp-content\/uploads\/2018\/01\/logo.png","width":180,"height":60,"caption":"Tapas Magazine"},"image":{"@id":"https:\/\/www.tapasmagazine.es\/#\/schema\/logo\/image\/"},"sameAs":["https:\/\/www.facebook.com\/tapasmagazine","https:\/\/x.com\/TapasMagazine","https:\/\/www.instagram.com\/tapasmagazine\/","https:\/\/www.linkedin.com\/company\/tapas-magazine","https:\/\/es.pinterest.com\/tapasmagazine\/","https:\/\/www.youtube.com\/channel\/UCEyxneAaACuR0lfDagrWjjg?sub_confirmation=1"]},{"@type":"Person","@id":"https:\/\/www.tapasmagazine.es\/#\/schema\/person\/eb46cbe76a9c8f062660eb609e3ecb4e","name":"Laura P\u00e9rez","url":"https:\/\/www.tapasmagazine.es\/en\/author\/laura-perez\/"}]}},"_links":{"self":[{"href":"https:\/\/www.tapasmagazine.es\/en\/wp-json\/wp\/v2\/posts\/264658","targetHints":{"allow":["GET"]}}],"collection":[{"href":"https:\/\/www.tapasmagazine.es\/en\/wp-json\/wp\/v2\/posts"}],"about":[{"href":"https:\/\/www.tapasmagazine.es\/en\/wp-json\/wp\/v2\/types\/post"}],"author":[{"embeddable":true,"href":"https:\/\/www.tapasmagazine.es\/en\/wp-json\/wp\/v2\/users\/285"}],"replies":[{"embeddable":true,"href":"https:\/\/www.tapasmagazine.es\/en\/wp-json\/wp\/v2\/comments?post=264658"}],"version-history":[{"count":2,"href":"https:\/\/www.tapasmagazine.es\/en\/wp-json\/wp\/v2\/posts\/264658\/revisions"}],"predecessor-version":[{"id":264667,"href":"https:\/\/www.tapasmagazine.es\/en\/wp-json\/wp\/v2\/posts\/264658\/revisions\/264667"}],"wp:featuredmedia":[{"embeddable":true,"href":"https:\/\/www.tapasmagazine.es\/en\/wp-json\/wp\/v2\/media\/264651"}],"wp:attachment":[{"href":"https:\/\/www.tapasmagazine.es\/en\/wp-json\/wp\/v2\/media?parent=264658"}],"wp:term":[{"taxonomy":"category","embeddable":true,"href":"https:\/\/www.tapasmagazine.es\/en\/wp-json\/wp\/v2\/categories?post=264658"},{"taxonomy":"post_tag","embeddable":true,"href":"https:\/\/www.tapasmagazine.es\/en\/wp-json\/wp\/v2\/tags?post=264658"}],"curies":[{"name":"wp","href":"https:\/\/api.w.org\/{rel}","templated":true}]}}