{"id":264376,"date":"2024-10-01T16:43:37","date_gmt":"2024-10-01T14:43:37","guid":{"rendered":"https:\/\/www.tapasmagazine.es\/green-day-rinde-tributo-a-american-idiot-con-una-exclusiva-lata-de-cafe\/"},"modified":"2024-10-01T16:48:24","modified_gmt":"2024-10-01T14:48:24","slug":"green-day-pays-tribute-american-idiot-exclusive-coffee-tin","status":"publish","type":"post","link":"https:\/\/www.tapasmagazine.es\/en\/green-day-pays-tribute-american-idiot-exclusive-coffee-tin\/","title":{"rendered":"Green Day pays tribute to \u2018American Idiot\u2019 with exclusive coffee tin"},"content":{"rendered":"\n<p><strong>Click\u00a0<a href=\"https:\/\/www.tapasmagazine.es\/green-day-rinde-tributo-a-american-idiot-con-una-exclusiva-lata-de-cafe\/\" target=\"_blank\" rel=\"noreferrer noopener\">here<\/a>\u00a0to read the Spanish version.<\/strong><\/p>\n\n\n\n<p>Children of the 90s will be excited by this news related to one of the most relevant rock bands of their adolescence. Green Day are now back on the scene to present a new product for their coffee brand, and this time they are doing so to mark the 20th anniversary of the iconic &#8216;<strong><a href=\"https:\/\/www.instagram.com\/p\/C-czfR2uFuJ\/?img_index=1\" target=\"_blank\" rel=\"noreferrer noopener\">American Idiot<\/a><\/strong>&#8216; album.<\/p>\n\n\n\n<p>Back in the summer, \u2018<a href=\"https:\/\/www.tapasmagazine.es\/en\/most-punk-coffee-on-the-scene-has-just-been-unveiled-by-green-day\/\" target=\"_blank\" rel=\"noreferrer noopener\"><strong>Punk Bunny Coffee<\/strong><\/a>\u2019 teamed up with Grind to launch an<strong> Iced Match Latte<\/strong> that would sell out in a matter of 8 hours. Now, this new collaborative release brings back the popular drink and introduces a limited edition coffee can.<\/p>\n\n\n<div class=\"wp-block-image\">\n<figure class=\"aligncenter size-large is-resized\"><img decoding=\"async\" width=\"741\" height=\"1024\" src=\"https:\/\/www.tapasmagazine.es\/wp-content\/uploads\/2024\/10\/MATCHA-4-741x1024.jpg\" alt=\"\" class=\"wp-image-264366\" style=\"width:1133px;height:auto\" srcset=\"https:\/\/www.tapasmagazine.es\/wp-content\/uploads\/2024\/10\/MATCHA-4-741x1024.jpg 741w, https:\/\/www.tapasmagazine.es\/wp-content\/uploads\/2024\/10\/MATCHA-4-217x300.jpg 217w, https:\/\/www.tapasmagazine.es\/wp-content\/uploads\/2024\/10\/MATCHA-4-768x1061.jpg 768w, https:\/\/www.tapasmagazine.es\/wp-content\/uploads\/2024\/10\/MATCHA-4-1112x1536.jpg 1112w, https:\/\/www.tapasmagazine.es\/wp-content\/uploads\/2024\/10\/MATCHA-4-1483x2048.jpg 1483w, https:\/\/www.tapasmagazine.es\/wp-content\/uploads\/2024\/10\/MATCHA-4-1000x1381.jpg 1000w, https:\/\/www.tapasmagazine.es\/wp-content\/uploads\/2024\/10\/MATCHA-4-400x552.jpg 400w, https:\/\/www.tapasmagazine.es\/wp-content\/uploads\/2024\/10\/MATCHA-4-scaled.jpg 1853w\" sizes=\"(max-width: 741px) 100vw, 741px\" \/><\/figure>\n<\/div>\n\n\n<p>The can is stamped with the graphic identity of the iconic heart-shaped pomegranate from the cover of American Idiot, and is available with Grind&#8217;s compostable coffee pods, ground coffee or coffee beans.<\/p>\n\n\n\n<p>Billie Joe Armstrong, lead singer of Green Day, had this to say about the collaboration: \u2018Over the past few years, we&#8217;ve spent time at football games, recording our album Saviors in London and drinking English coffee. Partnering our company Punk Bunny Coffee with Grind is a natural way to continue the celebration of our latest album Saviors and the anniversary of American Idiot.&#8217;<\/p>\n\n\n<div class=\"wp-block-image\">\n<figure class=\"aligncenter size-large is-resized\"><img decoding=\"async\" width=\"1024\" height=\"682\" src=\"https:\/\/www.tapasmagazine.es\/wp-content\/uploads\/2024\/10\/a-1024x682.jpg\" alt=\"\" class=\"wp-image-264364\" style=\"width:906px;height:auto\" srcset=\"https:\/\/www.tapasmagazine.es\/wp-content\/uploads\/2024\/10\/a-1024x682.jpg 1024w, https:\/\/www.tapasmagazine.es\/wp-content\/uploads\/2024\/10\/a-300x200.jpg 300w, https:\/\/www.tapasmagazine.es\/wp-content\/uploads\/2024\/10\/a-768x512.jpg 768w, https:\/\/www.tapasmagazine.es\/wp-content\/uploads\/2024\/10\/a-1000x666.jpg 1000w, https:\/\/www.tapasmagazine.es\/wp-content\/uploads\/2024\/10\/a-400x267.jpg 400w, https:\/\/www.tapasmagazine.es\/wp-content\/uploads\/2024\/10\/a.jpg 1280w\" sizes=\"(max-width: 1024px) 100vw, 1024px\" \/><\/figure>\n<\/div>\n\n\n<p>This limited edition is now available on the <strong><a href=\"https:\/\/grind.co.uk\/\" target=\"_blank\" rel=\"noreferrer noopener\">official Grind website<\/a><\/strong>.<\/p>\n","protected":false},"excerpt":{"rendered":"<p>Click\u00a0here\u00a0to read the Spanish version. Children of the 90s will be excited by this news related to one of the most relevant rock bands of their adolescence. Green Day are now back on the scene to present a new product for their coffee brand, and this time they are doing so to mark the 20th [&hellip;]<\/p>\n","protected":false},"author":285,"featured_media":264371,"comment_status":"closed","ping_status":"closed","sticky":false,"template":"","format":"standard","meta":{"_acf_changed":false,"footnotes":""},"categories":[15802,1],"tags":[16537],"class_list":["post-264376","post","type-post","status-publish","format-standard","has-post-thumbnail","hentry","category-news","category-sin-categorizar","tag-cafe-en","cat-15802-id","cat-1-id"],"acf":[],"yoast_head":"<!-- This site is optimized with the Yoast SEO plugin v27.5 - https:\/\/yoast.com\/product\/yoast-seo-wordpress\/ -->\n<title>Green Day unveils an exclusive coffee can<\/title>\n<meta name=\"description\" content=\"Click\u00a0here\u00a0to read the Spanish version. Children of the 90s will be excited by this news related to one of the most relevant rock bands of their\" \/>\n<meta name=\"robots\" content=\"index, follow, max-snippet:-1, max-image-preview:large, max-video-preview:-1\" \/>\n<link rel=\"canonical\" href=\"https:\/\/www.tapasmagazine.es\/en\/green-day-pays-tribute-american-idiot-exclusive-coffee-tin\/\" \/>\n<meta property=\"og:locale\" content=\"en_US\" \/>\n<meta property=\"og:type\" content=\"article\" \/>\n<meta property=\"og:title\" content=\"Green Day unveils an exclusive coffee can\" \/>\n<meta property=\"og:description\" content=\"Click\u00a0here\u00a0to read the Spanish version. Children of the 90s will be excited by this news related to one of the most relevant rock bands of their\" \/>\n<meta property=\"og:url\" content=\"https:\/\/www.tapasmagazine.es\/en\/green-day-pays-tribute-american-idiot-exclusive-coffee-tin\/\" \/>\n<meta property=\"og:site_name\" content=\"Tapas\" \/>\n<meta property=\"article:publisher\" content=\"https:\/\/www.facebook.com\/tapasmagazine\" \/>\n<meta property=\"article:published_time\" content=\"2024-10-01T14:43:37+00:00\" \/>\n<meta property=\"article:modified_time\" content=\"2024-10-01T14:48:24+00:00\" \/>\n<meta property=\"og:image\" content=\"https:\/\/www.tapasmagazine.es\/wp-content\/uploads\/2024\/10\/bbbb.jpg\" \/>\n\t<meta property=\"og:image:width\" content=\"1200\" \/>\n\t<meta property=\"og:image:height\" content=\"675\" \/>\n\t<meta property=\"og:image:type\" content=\"image\/jpeg\" \/>\n<meta name=\"author\" content=\"Laura P\u00e9rez\" \/>\n<meta name=\"twitter:card\" content=\"summary_large_image\" \/>\n<meta name=\"twitter:creator\" content=\"@TapasMagazine\" \/>\n<meta name=\"twitter:site\" content=\"@TapasMagazine\" \/>\n<meta name=\"twitter:label1\" content=\"Written by\" \/>\n\t<meta name=\"twitter:data1\" content=\"Laura P\u00e9rez\" \/>\n\t<meta name=\"twitter:label2\" content=\"Est. reading time\" \/>\n\t<meta name=\"twitter:data2\" content=\"2 minutes\" \/>\n<script type=\"application\/ld+json\" class=\"yoast-schema-graph\">{\"@context\":\"https:\\\/\\\/schema.org\",\"@graph\":[{\"@type\":\"Article\",\"@id\":\"https:\\\/\\\/www.tapasmagazine.es\\\/en\\\/green-day-pays-tribute-american-idiot-exclusive-coffee-tin\\\/#article\",\"isPartOf\":{\"@id\":\"https:\\\/\\\/www.tapasmagazine.es\\\/en\\\/green-day-pays-tribute-american-idiot-exclusive-coffee-tin\\\/\"},\"author\":{\"name\":\"Laura P\u00e9rez\",\"@id\":\"https:\\\/\\\/www.tapasmagazine.es\\\/#\\\/schema\\\/person\\\/eb46cbe76a9c8f062660eb609e3ecb4e\"},\"headline\":\"Green Day pays tribute to \u2018American Idiot\u2019 with exclusive coffee tin\",\"datePublished\":\"2024-10-01T14:43:37+00:00\",\"dateModified\":\"2024-10-01T14:48:24+00:00\",\"mainEntityOfPage\":{\"@id\":\"https:\\\/\\\/www.tapasmagazine.es\\\/en\\\/green-day-pays-tribute-american-idiot-exclusive-coffee-tin\\\/\"},\"wordCount\":226,\"publisher\":{\"@id\":\"https:\\\/\\\/www.tapasmagazine.es\\\/#organization\"},\"image\":{\"@id\":\"https:\\\/\\\/www.tapasmagazine.es\\\/en\\\/green-day-pays-tribute-american-idiot-exclusive-coffee-tin\\\/#primaryimage\"},\"thumbnailUrl\":\"https:\\\/\\\/www.tapasmagazine.es\\\/wp-content\\\/uploads\\\/2024\\\/10\\\/bbbb.jpg\",\"keywords\":[\"caf\u00e9\"],\"articleSection\":[\"News\",\"Sin categorizar\"],\"inLanguage\":\"en-US\"},{\"@type\":\"WebPage\",\"@id\":\"https:\\\/\\\/www.tapasmagazine.es\\\/en\\\/green-day-pays-tribute-american-idiot-exclusive-coffee-tin\\\/\",\"url\":\"https:\\\/\\\/www.tapasmagazine.es\\\/en\\\/green-day-pays-tribute-american-idiot-exclusive-coffee-tin\\\/\",\"name\":\"Green Day unveils an exclusive coffee can\",\"isPartOf\":{\"@id\":\"https:\\\/\\\/www.tapasmagazine.es\\\/#website\"},\"primaryImageOfPage\":{\"@id\":\"https:\\\/\\\/www.tapasmagazine.es\\\/en\\\/green-day-pays-tribute-american-idiot-exclusive-coffee-tin\\\/#primaryimage\"},\"image\":{\"@id\":\"https:\\\/\\\/www.tapasmagazine.es\\\/en\\\/green-day-pays-tribute-american-idiot-exclusive-coffee-tin\\\/#primaryimage\"},\"thumbnailUrl\":\"https:\\\/\\\/www.tapasmagazine.es\\\/wp-content\\\/uploads\\\/2024\\\/10\\\/bbbb.jpg\",\"datePublished\":\"2024-10-01T14:43:37+00:00\",\"dateModified\":\"2024-10-01T14:48:24+00:00\",\"description\":\"Click\u00a0here\u00a0to read the Spanish version. Children of the 90s will be excited by this news related to one of the most relevant rock bands of their\",\"breadcrumb\":{\"@id\":\"https:\\\/\\\/www.tapasmagazine.es\\\/en\\\/green-day-pays-tribute-american-idiot-exclusive-coffee-tin\\\/#breadcrumb\"},\"inLanguage\":\"en-US\",\"potentialAction\":[{\"@type\":\"ReadAction\",\"target\":[\"https:\\\/\\\/www.tapasmagazine.es\\\/en\\\/green-day-pays-tribute-american-idiot-exclusive-coffee-tin\\\/\"]}]},{\"@type\":\"ImageObject\",\"inLanguage\":\"en-US\",\"@id\":\"https:\\\/\\\/www.tapasmagazine.es\\\/en\\\/green-day-pays-tribute-american-idiot-exclusive-coffee-tin\\\/#primaryimage\",\"url\":\"https:\\\/\\\/www.tapasmagazine.es\\\/wp-content\\\/uploads\\\/2024\\\/10\\\/bbbb.jpg\",\"contentUrl\":\"https:\\\/\\\/www.tapasmagazine.es\\\/wp-content\\\/uploads\\\/2024\\\/10\\\/bbbb.jpg\",\"width\":1200,\"height\":675},{\"@type\":\"BreadcrumbList\",\"@id\":\"https:\\\/\\\/www.tapasmagazine.es\\\/en\\\/green-day-pays-tribute-american-idiot-exclusive-coffee-tin\\\/#breadcrumb\",\"itemListElement\":[{\"@type\":\"ListItem\",\"position\":1,\"name\":\"Portada\",\"item\":\"https:\\\/\\\/www.tapasmagazine.es\\\/\"},{\"@type\":\"ListItem\",\"position\":2,\"name\":\"Sin categorizar\",\"item\":\"https:\\\/\\\/www.tapasmagazine.es\\\/categorias\\\/sin-categorizar\\\/\"},{\"@type\":\"ListItem\",\"position\":3,\"name\":\"Green Day pays tribute to \u2018American Idiot\u2019 with exclusive coffee tin\"}]},{\"@type\":\"WebSite\",\"@id\":\"https:\\\/\\\/www.tapasmagazine.es\\\/#website\",\"url\":\"https:\\\/\\\/www.tapasmagazine.es\\\/\",\"name\":\"Tapas\",\"description\":\"\u00d1am \u00d1am Lifestyle. La vida a bocados. Premio Nacional de Gastronom\u00eda 2016.\",\"publisher\":{\"@id\":\"https:\\\/\\\/www.tapasmagazine.es\\\/#organization\"},\"potentialAction\":[{\"@type\":\"SearchAction\",\"target\":{\"@type\":\"EntryPoint\",\"urlTemplate\":\"https:\\\/\\\/www.tapasmagazine.es\\\/?s={search_term_string}\"},\"query-input\":{\"@type\":\"PropertyValueSpecification\",\"valueRequired\":true,\"valueName\":\"search_term_string\"}}],\"inLanguage\":\"en-US\"},{\"@type\":\"Organization\",\"@id\":\"https:\\\/\\\/www.tapasmagazine.es\\\/#organization\",\"name\":\"Tapas Magazine\",\"url\":\"https:\\\/\\\/www.tapasmagazine.es\\\/\",\"logo\":{\"@type\":\"ImageObject\",\"inLanguage\":\"en-US\",\"@id\":\"https:\\\/\\\/www.tapasmagazine.es\\\/#\\\/schema\\\/logo\\\/image\\\/\",\"url\":\"https:\\\/\\\/www.tapasmagazine.es\\\/wp-content\\\/uploads\\\/2018\\\/01\\\/logo.png\",\"contentUrl\":\"https:\\\/\\\/www.tapasmagazine.es\\\/wp-content\\\/uploads\\\/2018\\\/01\\\/logo.png\",\"width\":180,\"height\":60,\"caption\":\"Tapas Magazine\"},\"image\":{\"@id\":\"https:\\\/\\\/www.tapasmagazine.es\\\/#\\\/schema\\\/logo\\\/image\\\/\"},\"sameAs\":[\"https:\\\/\\\/www.facebook.com\\\/tapasmagazine\",\"https:\\\/\\\/x.com\\\/TapasMagazine\",\"https:\\\/\\\/www.instagram.com\\\/tapasmagazine\\\/\",\"https:\\\/\\\/www.linkedin.com\\\/company\\\/tapas-magazine\",\"https:\\\/\\\/es.pinterest.com\\\/tapasmagazine\\\/\",\"https:\\\/\\\/www.youtube.com\\\/channel\\\/UCEyxneAaACuR0lfDagrWjjg?sub_confirmation=1\"]},{\"@type\":\"Person\",\"@id\":\"https:\\\/\\\/www.tapasmagazine.es\\\/#\\\/schema\\\/person\\\/eb46cbe76a9c8f062660eb609e3ecb4e\",\"name\":\"Laura P\u00e9rez\",\"url\":\"https:\\\/\\\/www.tapasmagazine.es\\\/en\\\/author\\\/laura-perez\\\/\"}]}<\/script>\n<!-- \/ Yoast SEO plugin. -->","yoast_head_json":{"title":"Green Day unveils an exclusive coffee can","description":"Click\u00a0here\u00a0to read the Spanish version. Children of the 90s will be excited by this news related to one of the most relevant rock bands of their","robots":{"index":"index","follow":"follow","max-snippet":"max-snippet:-1","max-image-preview":"max-image-preview:large","max-video-preview":"max-video-preview:-1"},"canonical":"https:\/\/www.tapasmagazine.es\/en\/green-day-pays-tribute-american-idiot-exclusive-coffee-tin\/","og_locale":"en_US","og_type":"article","og_title":"Green Day unveils an exclusive coffee can","og_description":"Click\u00a0here\u00a0to read the Spanish version. Children of the 90s will be excited by this news related to one of the most relevant rock bands of their","og_url":"https:\/\/www.tapasmagazine.es\/en\/green-day-pays-tribute-american-idiot-exclusive-coffee-tin\/","og_site_name":"Tapas","article_publisher":"https:\/\/www.facebook.com\/tapasmagazine","article_published_time":"2024-10-01T14:43:37+00:00","article_modified_time":"2024-10-01T14:48:24+00:00","og_image":[{"width":1200,"height":675,"url":"https:\/\/www.tapasmagazine.es\/wp-content\/uploads\/2024\/10\/bbbb.jpg","type":"image\/jpeg"}],"author":"Laura P\u00e9rez","twitter_card":"summary_large_image","twitter_creator":"@TapasMagazine","twitter_site":"@TapasMagazine","twitter_misc":{"Written by":"Laura P\u00e9rez","Est. reading time":"2 minutes"},"schema":{"@context":"https:\/\/schema.org","@graph":[{"@type":"Article","@id":"https:\/\/www.tapasmagazine.es\/en\/green-day-pays-tribute-american-idiot-exclusive-coffee-tin\/#article","isPartOf":{"@id":"https:\/\/www.tapasmagazine.es\/en\/green-day-pays-tribute-american-idiot-exclusive-coffee-tin\/"},"author":{"name":"Laura P\u00e9rez","@id":"https:\/\/www.tapasmagazine.es\/#\/schema\/person\/eb46cbe76a9c8f062660eb609e3ecb4e"},"headline":"Green Day pays tribute to \u2018American Idiot\u2019 with exclusive coffee tin","datePublished":"2024-10-01T14:43:37+00:00","dateModified":"2024-10-01T14:48:24+00:00","mainEntityOfPage":{"@id":"https:\/\/www.tapasmagazine.es\/en\/green-day-pays-tribute-american-idiot-exclusive-coffee-tin\/"},"wordCount":226,"publisher":{"@id":"https:\/\/www.tapasmagazine.es\/#organization"},"image":{"@id":"https:\/\/www.tapasmagazine.es\/en\/green-day-pays-tribute-american-idiot-exclusive-coffee-tin\/#primaryimage"},"thumbnailUrl":"https:\/\/www.tapasmagazine.es\/wp-content\/uploads\/2024\/10\/bbbb.jpg","keywords":["caf\u00e9"],"articleSection":["News","Sin categorizar"],"inLanguage":"en-US"},{"@type":"WebPage","@id":"https:\/\/www.tapasmagazine.es\/en\/green-day-pays-tribute-american-idiot-exclusive-coffee-tin\/","url":"https:\/\/www.tapasmagazine.es\/en\/green-day-pays-tribute-american-idiot-exclusive-coffee-tin\/","name":"Green Day unveils an exclusive coffee can","isPartOf":{"@id":"https:\/\/www.tapasmagazine.es\/#website"},"primaryImageOfPage":{"@id":"https:\/\/www.tapasmagazine.es\/en\/green-day-pays-tribute-american-idiot-exclusive-coffee-tin\/#primaryimage"},"image":{"@id":"https:\/\/www.tapasmagazine.es\/en\/green-day-pays-tribute-american-idiot-exclusive-coffee-tin\/#primaryimage"},"thumbnailUrl":"https:\/\/www.tapasmagazine.es\/wp-content\/uploads\/2024\/10\/bbbb.jpg","datePublished":"2024-10-01T14:43:37+00:00","dateModified":"2024-10-01T14:48:24+00:00","description":"Click\u00a0here\u00a0to read the Spanish version. Children of the 90s will be excited by this news related to one of the most relevant rock bands of their","breadcrumb":{"@id":"https:\/\/www.tapasmagazine.es\/en\/green-day-pays-tribute-american-idiot-exclusive-coffee-tin\/#breadcrumb"},"inLanguage":"en-US","potentialAction":[{"@type":"ReadAction","target":["https:\/\/www.tapasmagazine.es\/en\/green-day-pays-tribute-american-idiot-exclusive-coffee-tin\/"]}]},{"@type":"ImageObject","inLanguage":"en-US","@id":"https:\/\/www.tapasmagazine.es\/en\/green-day-pays-tribute-american-idiot-exclusive-coffee-tin\/#primaryimage","url":"https:\/\/www.tapasmagazine.es\/wp-content\/uploads\/2024\/10\/bbbb.jpg","contentUrl":"https:\/\/www.tapasmagazine.es\/wp-content\/uploads\/2024\/10\/bbbb.jpg","width":1200,"height":675},{"@type":"BreadcrumbList","@id":"https:\/\/www.tapasmagazine.es\/en\/green-day-pays-tribute-american-idiot-exclusive-coffee-tin\/#breadcrumb","itemListElement":[{"@type":"ListItem","position":1,"name":"Portada","item":"https:\/\/www.tapasmagazine.es\/"},{"@type":"ListItem","position":2,"name":"Sin categorizar","item":"https:\/\/www.tapasmagazine.es\/categorias\/sin-categorizar\/"},{"@type":"ListItem","position":3,"name":"Green Day pays tribute to \u2018American Idiot\u2019 with exclusive coffee tin"}]},{"@type":"WebSite","@id":"https:\/\/www.tapasmagazine.es\/#website","url":"https:\/\/www.tapasmagazine.es\/","name":"Tapas","description":"\u00d1am \u00d1am Lifestyle. La vida a bocados. Premio Nacional de Gastronom\u00eda 2016.","publisher":{"@id":"https:\/\/www.tapasmagazine.es\/#organization"},"potentialAction":[{"@type":"SearchAction","target":{"@type":"EntryPoint","urlTemplate":"https:\/\/www.tapasmagazine.es\/?s={search_term_string}"},"query-input":{"@type":"PropertyValueSpecification","valueRequired":true,"valueName":"search_term_string"}}],"inLanguage":"en-US"},{"@type":"Organization","@id":"https:\/\/www.tapasmagazine.es\/#organization","name":"Tapas Magazine","url":"https:\/\/www.tapasmagazine.es\/","logo":{"@type":"ImageObject","inLanguage":"en-US","@id":"https:\/\/www.tapasmagazine.es\/#\/schema\/logo\/image\/","url":"https:\/\/www.tapasmagazine.es\/wp-content\/uploads\/2018\/01\/logo.png","contentUrl":"https:\/\/www.tapasmagazine.es\/wp-content\/uploads\/2018\/01\/logo.png","width":180,"height":60,"caption":"Tapas Magazine"},"image":{"@id":"https:\/\/www.tapasmagazine.es\/#\/schema\/logo\/image\/"},"sameAs":["https:\/\/www.facebook.com\/tapasmagazine","https:\/\/x.com\/TapasMagazine","https:\/\/www.instagram.com\/tapasmagazine\/","https:\/\/www.linkedin.com\/company\/tapas-magazine","https:\/\/es.pinterest.com\/tapasmagazine\/","https:\/\/www.youtube.com\/channel\/UCEyxneAaACuR0lfDagrWjjg?sub_confirmation=1"]},{"@type":"Person","@id":"https:\/\/www.tapasmagazine.es\/#\/schema\/person\/eb46cbe76a9c8f062660eb609e3ecb4e","name":"Laura P\u00e9rez","url":"https:\/\/www.tapasmagazine.es\/en\/author\/laura-perez\/"}]}},"_links":{"self":[{"href":"https:\/\/www.tapasmagazine.es\/en\/wp-json\/wp\/v2\/posts\/264376","targetHints":{"allow":["GET"]}}],"collection":[{"href":"https:\/\/www.tapasmagazine.es\/en\/wp-json\/wp\/v2\/posts"}],"about":[{"href":"https:\/\/www.tapasmagazine.es\/en\/wp-json\/wp\/v2\/types\/post"}],"author":[{"embeddable":true,"href":"https:\/\/www.tapasmagazine.es\/en\/wp-json\/wp\/v2\/users\/285"}],"replies":[{"embeddable":true,"href":"https:\/\/www.tapasmagazine.es\/en\/wp-json\/wp\/v2\/comments?post=264376"}],"version-history":[{"count":1,"href":"https:\/\/www.tapasmagazine.es\/en\/wp-json\/wp\/v2\/posts\/264376\/revisions"}],"predecessor-version":[{"id":264383,"href":"https:\/\/www.tapasmagazine.es\/en\/wp-json\/wp\/v2\/posts\/264376\/revisions\/264383"}],"wp:featuredmedia":[{"embeddable":true,"href":"https:\/\/www.tapasmagazine.es\/en\/wp-json\/wp\/v2\/media\/264371"}],"wp:attachment":[{"href":"https:\/\/www.tapasmagazine.es\/en\/wp-json\/wp\/v2\/media?parent=264376"}],"wp:term":[{"taxonomy":"category","embeddable":true,"href":"https:\/\/www.tapasmagazine.es\/en\/wp-json\/wp\/v2\/categories?post=264376"},{"taxonomy":"post_tag","embeddable":true,"href":"https:\/\/www.tapasmagazine.es\/en\/wp-json\/wp\/v2\/tags?post=264376"}],"curies":[{"name":"wp","href":"https:\/\/api.w.org\/{rel}","templated":true}]}}