{"id":263851,"date":"2024-09-25T12:13:37","date_gmt":"2024-09-25T10:13:37","guid":{"rendered":"https:\/\/www.tapasmagazine.es\/feria-instala-en-madrid-una-verbena-gastronomica-de-vanguardia\/"},"modified":"2024-09-25T12:17:19","modified_gmt":"2024-09-25T10:17:19","slug":"feria-sets-up-an-avant-garde-gastronomic-verbena-in-madrid","status":"publish","type":"post","link":"https:\/\/www.tapasmagazine.es\/en\/feria-sets-up-an-avant-garde-gastronomic-verbena-in-madrid\/","title":{"rendered":"FERIA sets up an avant-garde gastronomic verbena in Madrid"},"content":{"rendered":"\n<p><strong>Click\u00a0<a href=\"https:\/\/www.tapasmagazine.es\/feria-instala-en-madrid-una-verbena-gastronomica-de-vanguardia\/\" target=\"_blank\" rel=\"noreferrer noopener\">here<\/a>\u00a0to read the Spanish version.<\/strong><\/p>\n\n\n\n<p>In this place, every day is a fair. Whether for its vibrant aesthetics, its festive spirit or its gastronomy inspired by the imaginary \u2018ca\u00f1\u00ed\u2019 of the verbena.<\/p>\n\n\n\n<p><strong>FERIA<\/strong> opens its doors to a contemporary verbena, devised by <strong>Grupo Imparcial<\/strong>, which reinvents tradition to bring it up to date with the present so that all diners can get on board its constantly moving attraction. To its changing and collective experience around the table.<\/p>\n\n\n<div class=\"wp-block-image\">\n<figure class=\"aligncenter size-large is-resized\"><img decoding=\"async\" width=\"1024\" height=\"683\" src=\"https:\/\/www.tapasmagazine.es\/wp-content\/uploads\/2024\/09\/FERIA-0075-1024x683.jpg\" alt=\"\" class=\"wp-image-263827\" style=\"width:950px;height:auto\" srcset=\"https:\/\/www.tapasmagazine.es\/wp-content\/uploads\/2024\/09\/FERIA-0075-1024x683.jpg 1024w, https:\/\/www.tapasmagazine.es\/wp-content\/uploads\/2024\/09\/FERIA-0075-300x200.jpg 300w, https:\/\/www.tapasmagazine.es\/wp-content\/uploads\/2024\/09\/FERIA-0075-768x512.jpg 768w, https:\/\/www.tapasmagazine.es\/wp-content\/uploads\/2024\/09\/FERIA-0075-1000x667.jpg 1000w, https:\/\/www.tapasmagazine.es\/wp-content\/uploads\/2024\/09\/FERIA-0075-400x267.jpg 400w, https:\/\/www.tapasmagazine.es\/wp-content\/uploads\/2024\/09\/FERIA-0075.jpg 1500w\" sizes=\"(max-width: 1024px) 100vw, 1024px\" \/><\/figure>\n<\/div>\n\n\n<p>Located in <strong>Plaza Tirso de Molina 2<\/strong>, this new space designed by <strong>Plantea Studio<\/strong>, evokes the setting and atmosphere of a popular travelling fair through its furniture and its retro-minimal decoration in primary colours, set with works by artists such as Camilo Nu\u00f1ez.<\/p>\n\n\n<div class=\"wp-block-image\">\n<figure class=\"aligncenter size-large is-resized\"><img decoding=\"async\" width=\"1024\" height=\"683\" src=\"https:\/\/www.tapasmagazine.es\/wp-content\/uploads\/2024\/09\/FERIA-0097-1024x683.jpg\" alt=\"\" class=\"wp-image-263829\" style=\"width:962px;height:auto\" srcset=\"https:\/\/www.tapasmagazine.es\/wp-content\/uploads\/2024\/09\/FERIA-0097-1024x683.jpg 1024w, https:\/\/www.tapasmagazine.es\/wp-content\/uploads\/2024\/09\/FERIA-0097-300x200.jpg 300w, https:\/\/www.tapasmagazine.es\/wp-content\/uploads\/2024\/09\/FERIA-0097-768x512.jpg 768w, https:\/\/www.tapasmagazine.es\/wp-content\/uploads\/2024\/09\/FERIA-0097-1000x667.jpg 1000w, https:\/\/www.tapasmagazine.es\/wp-content\/uploads\/2024\/09\/FERIA-0097-400x267.jpg 400w, https:\/\/www.tapasmagazine.es\/wp-content\/uploads\/2024\/09\/FERIA-0097.jpg 1500w\" sizes=\"(max-width: 1024px) 100vw, 1024px\" \/><\/figure>\n<\/div>\n\n\n<h2 class=\"wp-block-heading\">The menu<\/h2>\n\n\n\n<p>From croquettes to candyfloss to cocktails. Visitors can enjoy its gastronomic fair through a journey of flavours and sensations presented in classic dishes of Spanish cuisine to liquid expressions made with the finest ingredients.<\/p>\n\n\n\n<figure class=\"wp-block-image size-large\"><img decoding=\"async\" width=\"1024\" height=\"683\" src=\"https:\/\/www.tapasmagazine.es\/wp-content\/uploads\/2024\/09\/FERIA-0199-1024x683.jpg\" alt=\"\" class=\"wp-image-263831\" srcset=\"https:\/\/www.tapasmagazine.es\/wp-content\/uploads\/2024\/09\/FERIA-0199-1024x683.jpg 1024w, https:\/\/www.tapasmagazine.es\/wp-content\/uploads\/2024\/09\/FERIA-0199-300x200.jpg 300w, https:\/\/www.tapasmagazine.es\/wp-content\/uploads\/2024\/09\/FERIA-0199-768x512.jpg 768w, https:\/\/www.tapasmagazine.es\/wp-content\/uploads\/2024\/09\/FERIA-0199-1000x667.jpg 1000w, https:\/\/www.tapasmagazine.es\/wp-content\/uploads\/2024\/09\/FERIA-0199-400x267.jpg 400w, https:\/\/www.tapasmagazine.es\/wp-content\/uploads\/2024\/09\/FERIA-0199.jpg 1500w\" sizes=\"(max-width: 1024px) 100vw, 1024px\" \/><\/figure>\n\n\n\n<p>The <strong>FERIA experience <\/strong>can be enjoyed at five different stalls: de la mar, de la tierra, golosus, pintxos and pimplar. Each one of them offers emblematic dishes of the imaginary \u2018ca\u00f1\u00ed\u2019 such as octopus a feira, croquettes, pintxos or Russian salad; along with other fairground classics such as sausages with Galician potato and farm sausage or tuna pintxo with stracciatella.<\/p>\n\n\n\n<p>They also have a menu of sweet snacks and sandwiches until dusk, in addition to the sweet stars of the fair: candyfloss and churros with chocolate.<\/p>\n\n\n\n<figure class=\"wp-block-gallery has-nested-images columns-default is-cropped wp-block-gallery-1 is-layout-flex wp-block-gallery-is-layout-flex\">\n<figure class=\"wp-block-image size-large\"><img decoding=\"async\" width=\"683\" height=\"1024\" data-id=\"263833\" src=\"https:\/\/www.tapasmagazine.es\/wp-content\/uploads\/2024\/09\/FERIA-0183-683x1024.jpg\" alt=\"\" class=\"wp-image-263833\" srcset=\"https:\/\/www.tapasmagazine.es\/wp-content\/uploads\/2024\/09\/FERIA-0183-683x1024.jpg 683w, https:\/\/www.tapasmagazine.es\/wp-content\/uploads\/2024\/09\/FERIA-0183-200x300.jpg 200w, https:\/\/www.tapasmagazine.es\/wp-content\/uploads\/2024\/09\/FERIA-0183-768x1152.jpg 768w, https:\/\/www.tapasmagazine.es\/wp-content\/uploads\/2024\/09\/FERIA-0183-400x600.jpg 400w, https:\/\/www.tapasmagazine.es\/wp-content\/uploads\/2024\/09\/FERIA-0183.jpg 1000w\" sizes=\"(max-width: 683px) 100vw, 683px\" \/><\/figure>\n\n\n\n<figure class=\"wp-block-image size-large\"><img decoding=\"async\" width=\"683\" height=\"1024\" data-id=\"263834\" src=\"https:\/\/www.tapasmagazine.es\/wp-content\/uploads\/2024\/09\/FERIA-0189-683x1024.jpg\" alt=\"\" class=\"wp-image-263834\" srcset=\"https:\/\/www.tapasmagazine.es\/wp-content\/uploads\/2024\/09\/FERIA-0189-683x1024.jpg 683w, https:\/\/www.tapasmagazine.es\/wp-content\/uploads\/2024\/09\/FERIA-0189-200x300.jpg 200w, https:\/\/www.tapasmagazine.es\/wp-content\/uploads\/2024\/09\/FERIA-0189-768x1152.jpg 768w, https:\/\/www.tapasmagazine.es\/wp-content\/uploads\/2024\/09\/FERIA-0189-400x600.jpg 400w, https:\/\/www.tapasmagazine.es\/wp-content\/uploads\/2024\/09\/FERIA-0189.jpg 1000w\" sizes=\"(max-width: 683px) 100vw, 683px\" \/><\/figure>\n<\/figure>\n\n\n\n<p>In the liquid section, you can find her signature cocktails that dilute a tribute to the aromas of the land. These are original proposals that mix sweet, spicy, bitter, acidic and smooth flavours, as well as offering a menu of classics, for those who are faithful to tradition&#8217;.<\/p>\n\n\n\n<p>The FERIA is rounded off by its <strong>entertainment programme<\/strong>, which will include the presence and performance of artists, musicians, fortune tellers and palm readers who will surprise attendees and add to the experience. Let the show begin.<\/p>\n","protected":false},"excerpt":{"rendered":"<p>Click\u00a0here\u00a0to read the Spanish version. In this place, every day is a fair. Whether for its vibrant aesthetics, its festive spirit or its gastronomy inspired by the imaginary \u2018ca\u00f1\u00ed\u2019 of the verbena. FERIA opens its doors to a contemporary verbena, devised by Grupo Imparcial, which reinvents tradition to bring it up to date with the [&hellip;]<\/p>\n","protected":false},"author":285,"featured_media":263825,"comment_status":"closed","ping_status":"closed","sticky":false,"template":"","format":"standard","meta":{"_acf_changed":false,"footnotes":""},"categories":[15802,1],"tags":[16033,15803],"class_list":["post-263851","post","type-post","status-publish","format-standard","has-post-thumbnail","hentry","category-news","category-sin-categorizar","tag-madrid-en","tag-restaurants","cat-15802-id","cat-1-id"],"acf":[],"yoast_head":"<!-- This site is optimized with the Yoast SEO plugin v27.5 - https:\/\/yoast.com\/product\/yoast-seo-wordpress\/ -->\n<title>FERIA sets up an avant-garde gastronomic verbena in Madrid - Tapas<\/title>\n<meta name=\"description\" content=\"Click\u00a0here\u00a0to read the Spanish version. In this place, every day is a fair. Whether for its vibrant aesthetics, its festive spirit or its gastronomy\" \/>\n<meta name=\"robots\" content=\"index, follow, max-snippet:-1, max-image-preview:large, max-video-preview:-1\" \/>\n<link rel=\"canonical\" href=\"https:\/\/www.tapasmagazine.es\/en\/feria-sets-up-an-avant-garde-gastronomic-verbena-in-madrid\/\" \/>\n<meta property=\"og:locale\" content=\"en_US\" \/>\n<meta property=\"og:type\" content=\"article\" \/>\n<meta property=\"og:title\" content=\"FERIA sets up an avant-garde gastronomic verbena in Madrid - Tapas\" \/>\n<meta property=\"og:description\" content=\"Click\u00a0here\u00a0to read the Spanish version. In this place, every day is a fair. Whether for its vibrant aesthetics, its festive spirit or its gastronomy\" \/>\n<meta property=\"og:url\" content=\"https:\/\/www.tapasmagazine.es\/en\/feria-sets-up-an-avant-garde-gastronomic-verbena-in-madrid\/\" \/>\n<meta property=\"og:site_name\" content=\"Tapas\" \/>\n<meta property=\"article:publisher\" content=\"https:\/\/www.facebook.com\/tapasmagazine\" \/>\n<meta property=\"article:published_time\" content=\"2024-09-25T10:13:37+00:00\" \/>\n<meta property=\"article:modified_time\" content=\"2024-09-25T10:17:19+00:00\" \/>\n<meta property=\"og:image\" content=\"https:\/\/www.tapasmagazine.es\/wp-content\/uploads\/2024\/09\/feria-1.jpg\" \/>\n\t<meta property=\"og:image:width\" content=\"1200\" \/>\n\t<meta property=\"og:image:height\" content=\"675\" \/>\n\t<meta property=\"og:image:type\" content=\"image\/jpeg\" \/>\n<meta name=\"author\" content=\"Laura P\u00e9rez\" \/>\n<meta name=\"twitter:card\" content=\"summary_large_image\" \/>\n<meta name=\"twitter:creator\" content=\"@TapasMagazine\" \/>\n<meta name=\"twitter:site\" content=\"@TapasMagazine\" \/>\n<meta name=\"twitter:label1\" content=\"Written by\" \/>\n\t<meta name=\"twitter:data1\" content=\"Laura P\u00e9rez\" \/>\n\t<meta name=\"twitter:label2\" content=\"Est. reading time\" \/>\n\t<meta name=\"twitter:data2\" content=\"3 minutes\" \/>\n<script type=\"application\/ld+json\" class=\"yoast-schema-graph\">{\"@context\":\"https:\\\/\\\/schema.org\",\"@graph\":[{\"@type\":\"Article\",\"@id\":\"https:\\\/\\\/www.tapasmagazine.es\\\/en\\\/feria-sets-up-an-avant-garde-gastronomic-verbena-in-madrid\\\/#article\",\"isPartOf\":{\"@id\":\"https:\\\/\\\/www.tapasmagazine.es\\\/en\\\/feria-sets-up-an-avant-garde-gastronomic-verbena-in-madrid\\\/\"},\"author\":{\"name\":\"Laura P\u00e9rez\",\"@id\":\"https:\\\/\\\/www.tapasmagazine.es\\\/#\\\/schema\\\/person\\\/eb46cbe76a9c8f062660eb609e3ecb4e\"},\"headline\":\"FERIA sets up an avant-garde gastronomic verbena in Madrid\",\"datePublished\":\"2024-09-25T10:13:37+00:00\",\"dateModified\":\"2024-09-25T10:17:19+00:00\",\"mainEntityOfPage\":{\"@id\":\"https:\\\/\\\/www.tapasmagazine.es\\\/en\\\/feria-sets-up-an-avant-garde-gastronomic-verbena-in-madrid\\\/\"},\"wordCount\":338,\"publisher\":{\"@id\":\"https:\\\/\\\/www.tapasmagazine.es\\\/#organization\"},\"image\":{\"@id\":\"https:\\\/\\\/www.tapasmagazine.es\\\/en\\\/feria-sets-up-an-avant-garde-gastronomic-verbena-in-madrid\\\/#primaryimage\"},\"thumbnailUrl\":\"https:\\\/\\\/www.tapasmagazine.es\\\/wp-content\\\/uploads\\\/2024\\\/09\\\/feria-1.jpg\",\"keywords\":[\"Madrid\",\"restaurants\"],\"articleSection\":[\"News\",\"Sin categorizar\"],\"inLanguage\":\"en-US\"},{\"@type\":\"WebPage\",\"@id\":\"https:\\\/\\\/www.tapasmagazine.es\\\/en\\\/feria-sets-up-an-avant-garde-gastronomic-verbena-in-madrid\\\/\",\"url\":\"https:\\\/\\\/www.tapasmagazine.es\\\/en\\\/feria-sets-up-an-avant-garde-gastronomic-verbena-in-madrid\\\/\",\"name\":\"FERIA sets up an avant-garde gastronomic verbena in Madrid - Tapas\",\"isPartOf\":{\"@id\":\"https:\\\/\\\/www.tapasmagazine.es\\\/#website\"},\"primaryImageOfPage\":{\"@id\":\"https:\\\/\\\/www.tapasmagazine.es\\\/en\\\/feria-sets-up-an-avant-garde-gastronomic-verbena-in-madrid\\\/#primaryimage\"},\"image\":{\"@id\":\"https:\\\/\\\/www.tapasmagazine.es\\\/en\\\/feria-sets-up-an-avant-garde-gastronomic-verbena-in-madrid\\\/#primaryimage\"},\"thumbnailUrl\":\"https:\\\/\\\/www.tapasmagazine.es\\\/wp-content\\\/uploads\\\/2024\\\/09\\\/feria-1.jpg\",\"datePublished\":\"2024-09-25T10:13:37+00:00\",\"dateModified\":\"2024-09-25T10:17:19+00:00\",\"description\":\"Click\u00a0here\u00a0to read the Spanish version. In this place, every day is a fair. Whether for its vibrant aesthetics, its festive spirit or its gastronomy\",\"breadcrumb\":{\"@id\":\"https:\\\/\\\/www.tapasmagazine.es\\\/en\\\/feria-sets-up-an-avant-garde-gastronomic-verbena-in-madrid\\\/#breadcrumb\"},\"inLanguage\":\"en-US\",\"potentialAction\":[{\"@type\":\"ReadAction\",\"target\":[\"https:\\\/\\\/www.tapasmagazine.es\\\/en\\\/feria-sets-up-an-avant-garde-gastronomic-verbena-in-madrid\\\/\"]}]},{\"@type\":\"ImageObject\",\"inLanguage\":\"en-US\",\"@id\":\"https:\\\/\\\/www.tapasmagazine.es\\\/en\\\/feria-sets-up-an-avant-garde-gastronomic-verbena-in-madrid\\\/#primaryimage\",\"url\":\"https:\\\/\\\/www.tapasmagazine.es\\\/wp-content\\\/uploads\\\/2024\\\/09\\\/feria-1.jpg\",\"contentUrl\":\"https:\\\/\\\/www.tapasmagazine.es\\\/wp-content\\\/uploads\\\/2024\\\/09\\\/feria-1.jpg\",\"width\":1200,\"height\":675},{\"@type\":\"BreadcrumbList\",\"@id\":\"https:\\\/\\\/www.tapasmagazine.es\\\/en\\\/feria-sets-up-an-avant-garde-gastronomic-verbena-in-madrid\\\/#breadcrumb\",\"itemListElement\":[{\"@type\":\"ListItem\",\"position\":1,\"name\":\"Portada\",\"item\":\"https:\\\/\\\/www.tapasmagazine.es\\\/\"},{\"@type\":\"ListItem\",\"position\":2,\"name\":\"Sin categorizar\",\"item\":\"https:\\\/\\\/www.tapasmagazine.es\\\/categorias\\\/sin-categorizar\\\/\"},{\"@type\":\"ListItem\",\"position\":3,\"name\":\"FERIA sets up an avant-garde gastronomic verbena in Madrid\"}]},{\"@type\":\"WebSite\",\"@id\":\"https:\\\/\\\/www.tapasmagazine.es\\\/#website\",\"url\":\"https:\\\/\\\/www.tapasmagazine.es\\\/\",\"name\":\"Tapas\",\"description\":\"\u00d1am \u00d1am Lifestyle. La vida a bocados. Premio Nacional de Gastronom\u00eda 2016.\",\"publisher\":{\"@id\":\"https:\\\/\\\/www.tapasmagazine.es\\\/#organization\"},\"potentialAction\":[{\"@type\":\"SearchAction\",\"target\":{\"@type\":\"EntryPoint\",\"urlTemplate\":\"https:\\\/\\\/www.tapasmagazine.es\\\/?s={search_term_string}\"},\"query-input\":{\"@type\":\"PropertyValueSpecification\",\"valueRequired\":true,\"valueName\":\"search_term_string\"}}],\"inLanguage\":\"en-US\"},{\"@type\":\"Organization\",\"@id\":\"https:\\\/\\\/www.tapasmagazine.es\\\/#organization\",\"name\":\"Tapas Magazine\",\"url\":\"https:\\\/\\\/www.tapasmagazine.es\\\/\",\"logo\":{\"@type\":\"ImageObject\",\"inLanguage\":\"en-US\",\"@id\":\"https:\\\/\\\/www.tapasmagazine.es\\\/#\\\/schema\\\/logo\\\/image\\\/\",\"url\":\"https:\\\/\\\/www.tapasmagazine.es\\\/wp-content\\\/uploads\\\/2018\\\/01\\\/logo.png\",\"contentUrl\":\"https:\\\/\\\/www.tapasmagazine.es\\\/wp-content\\\/uploads\\\/2018\\\/01\\\/logo.png\",\"width\":180,\"height\":60,\"caption\":\"Tapas Magazine\"},\"image\":{\"@id\":\"https:\\\/\\\/www.tapasmagazine.es\\\/#\\\/schema\\\/logo\\\/image\\\/\"},\"sameAs\":[\"https:\\\/\\\/www.facebook.com\\\/tapasmagazine\",\"https:\\\/\\\/x.com\\\/TapasMagazine\",\"https:\\\/\\\/www.instagram.com\\\/tapasmagazine\\\/\",\"https:\\\/\\\/www.linkedin.com\\\/company\\\/tapas-magazine\",\"https:\\\/\\\/es.pinterest.com\\\/tapasmagazine\\\/\",\"https:\\\/\\\/www.youtube.com\\\/channel\\\/UCEyxneAaACuR0lfDagrWjjg?sub_confirmation=1\"]},{\"@type\":\"Person\",\"@id\":\"https:\\\/\\\/www.tapasmagazine.es\\\/#\\\/schema\\\/person\\\/eb46cbe76a9c8f062660eb609e3ecb4e\",\"name\":\"Laura P\u00e9rez\",\"url\":\"https:\\\/\\\/www.tapasmagazine.es\\\/en\\\/author\\\/laura-perez\\\/\"}]}<\/script>\n<!-- \/ Yoast SEO plugin. -->","yoast_head_json":{"title":"FERIA sets up an avant-garde gastronomic verbena in Madrid - Tapas","description":"Click\u00a0here\u00a0to read the Spanish version. In this place, every day is a fair. Whether for its vibrant aesthetics, its festive spirit or its gastronomy","robots":{"index":"index","follow":"follow","max-snippet":"max-snippet:-1","max-image-preview":"max-image-preview:large","max-video-preview":"max-video-preview:-1"},"canonical":"https:\/\/www.tapasmagazine.es\/en\/feria-sets-up-an-avant-garde-gastronomic-verbena-in-madrid\/","og_locale":"en_US","og_type":"article","og_title":"FERIA sets up an avant-garde gastronomic verbena in Madrid - Tapas","og_description":"Click\u00a0here\u00a0to read the Spanish version. In this place, every day is a fair. Whether for its vibrant aesthetics, its festive spirit or its gastronomy","og_url":"https:\/\/www.tapasmagazine.es\/en\/feria-sets-up-an-avant-garde-gastronomic-verbena-in-madrid\/","og_site_name":"Tapas","article_publisher":"https:\/\/www.facebook.com\/tapasmagazine","article_published_time":"2024-09-25T10:13:37+00:00","article_modified_time":"2024-09-25T10:17:19+00:00","og_image":[{"width":1200,"height":675,"url":"https:\/\/www.tapasmagazine.es\/wp-content\/uploads\/2024\/09\/feria-1.jpg","type":"image\/jpeg"}],"author":"Laura P\u00e9rez","twitter_card":"summary_large_image","twitter_creator":"@TapasMagazine","twitter_site":"@TapasMagazine","twitter_misc":{"Written by":"Laura P\u00e9rez","Est. reading time":"3 minutes"},"schema":{"@context":"https:\/\/schema.org","@graph":[{"@type":"Article","@id":"https:\/\/www.tapasmagazine.es\/en\/feria-sets-up-an-avant-garde-gastronomic-verbena-in-madrid\/#article","isPartOf":{"@id":"https:\/\/www.tapasmagazine.es\/en\/feria-sets-up-an-avant-garde-gastronomic-verbena-in-madrid\/"},"author":{"name":"Laura P\u00e9rez","@id":"https:\/\/www.tapasmagazine.es\/#\/schema\/person\/eb46cbe76a9c8f062660eb609e3ecb4e"},"headline":"FERIA sets up an avant-garde gastronomic verbena in Madrid","datePublished":"2024-09-25T10:13:37+00:00","dateModified":"2024-09-25T10:17:19+00:00","mainEntityOfPage":{"@id":"https:\/\/www.tapasmagazine.es\/en\/feria-sets-up-an-avant-garde-gastronomic-verbena-in-madrid\/"},"wordCount":338,"publisher":{"@id":"https:\/\/www.tapasmagazine.es\/#organization"},"image":{"@id":"https:\/\/www.tapasmagazine.es\/en\/feria-sets-up-an-avant-garde-gastronomic-verbena-in-madrid\/#primaryimage"},"thumbnailUrl":"https:\/\/www.tapasmagazine.es\/wp-content\/uploads\/2024\/09\/feria-1.jpg","keywords":["Madrid","restaurants"],"articleSection":["News","Sin categorizar"],"inLanguage":"en-US"},{"@type":"WebPage","@id":"https:\/\/www.tapasmagazine.es\/en\/feria-sets-up-an-avant-garde-gastronomic-verbena-in-madrid\/","url":"https:\/\/www.tapasmagazine.es\/en\/feria-sets-up-an-avant-garde-gastronomic-verbena-in-madrid\/","name":"FERIA sets up an avant-garde gastronomic verbena in Madrid - Tapas","isPartOf":{"@id":"https:\/\/www.tapasmagazine.es\/#website"},"primaryImageOfPage":{"@id":"https:\/\/www.tapasmagazine.es\/en\/feria-sets-up-an-avant-garde-gastronomic-verbena-in-madrid\/#primaryimage"},"image":{"@id":"https:\/\/www.tapasmagazine.es\/en\/feria-sets-up-an-avant-garde-gastronomic-verbena-in-madrid\/#primaryimage"},"thumbnailUrl":"https:\/\/www.tapasmagazine.es\/wp-content\/uploads\/2024\/09\/feria-1.jpg","datePublished":"2024-09-25T10:13:37+00:00","dateModified":"2024-09-25T10:17:19+00:00","description":"Click\u00a0here\u00a0to read the Spanish version. In this place, every day is a fair. Whether for its vibrant aesthetics, its festive spirit or its gastronomy","breadcrumb":{"@id":"https:\/\/www.tapasmagazine.es\/en\/feria-sets-up-an-avant-garde-gastronomic-verbena-in-madrid\/#breadcrumb"},"inLanguage":"en-US","potentialAction":[{"@type":"ReadAction","target":["https:\/\/www.tapasmagazine.es\/en\/feria-sets-up-an-avant-garde-gastronomic-verbena-in-madrid\/"]}]},{"@type":"ImageObject","inLanguage":"en-US","@id":"https:\/\/www.tapasmagazine.es\/en\/feria-sets-up-an-avant-garde-gastronomic-verbena-in-madrid\/#primaryimage","url":"https:\/\/www.tapasmagazine.es\/wp-content\/uploads\/2024\/09\/feria-1.jpg","contentUrl":"https:\/\/www.tapasmagazine.es\/wp-content\/uploads\/2024\/09\/feria-1.jpg","width":1200,"height":675},{"@type":"BreadcrumbList","@id":"https:\/\/www.tapasmagazine.es\/en\/feria-sets-up-an-avant-garde-gastronomic-verbena-in-madrid\/#breadcrumb","itemListElement":[{"@type":"ListItem","position":1,"name":"Portada","item":"https:\/\/www.tapasmagazine.es\/"},{"@type":"ListItem","position":2,"name":"Sin categorizar","item":"https:\/\/www.tapasmagazine.es\/categorias\/sin-categorizar\/"},{"@type":"ListItem","position":3,"name":"FERIA sets up an avant-garde gastronomic verbena in Madrid"}]},{"@type":"WebSite","@id":"https:\/\/www.tapasmagazine.es\/#website","url":"https:\/\/www.tapasmagazine.es\/","name":"Tapas","description":"\u00d1am \u00d1am Lifestyle. La vida a bocados. Premio Nacional de Gastronom\u00eda 2016.","publisher":{"@id":"https:\/\/www.tapasmagazine.es\/#organization"},"potentialAction":[{"@type":"SearchAction","target":{"@type":"EntryPoint","urlTemplate":"https:\/\/www.tapasmagazine.es\/?s={search_term_string}"},"query-input":{"@type":"PropertyValueSpecification","valueRequired":true,"valueName":"search_term_string"}}],"inLanguage":"en-US"},{"@type":"Organization","@id":"https:\/\/www.tapasmagazine.es\/#organization","name":"Tapas Magazine","url":"https:\/\/www.tapasmagazine.es\/","logo":{"@type":"ImageObject","inLanguage":"en-US","@id":"https:\/\/www.tapasmagazine.es\/#\/schema\/logo\/image\/","url":"https:\/\/www.tapasmagazine.es\/wp-content\/uploads\/2018\/01\/logo.png","contentUrl":"https:\/\/www.tapasmagazine.es\/wp-content\/uploads\/2018\/01\/logo.png","width":180,"height":60,"caption":"Tapas Magazine"},"image":{"@id":"https:\/\/www.tapasmagazine.es\/#\/schema\/logo\/image\/"},"sameAs":["https:\/\/www.facebook.com\/tapasmagazine","https:\/\/x.com\/TapasMagazine","https:\/\/www.instagram.com\/tapasmagazine\/","https:\/\/www.linkedin.com\/company\/tapas-magazine","https:\/\/es.pinterest.com\/tapasmagazine\/","https:\/\/www.youtube.com\/channel\/UCEyxneAaACuR0lfDagrWjjg?sub_confirmation=1"]},{"@type":"Person","@id":"https:\/\/www.tapasmagazine.es\/#\/schema\/person\/eb46cbe76a9c8f062660eb609e3ecb4e","name":"Laura P\u00e9rez","url":"https:\/\/www.tapasmagazine.es\/en\/author\/laura-perez\/"}]}},"_links":{"self":[{"href":"https:\/\/www.tapasmagazine.es\/en\/wp-json\/wp\/v2\/posts\/263851","targetHints":{"allow":["GET"]}}],"collection":[{"href":"https:\/\/www.tapasmagazine.es\/en\/wp-json\/wp\/v2\/posts"}],"about":[{"href":"https:\/\/www.tapasmagazine.es\/en\/wp-json\/wp\/v2\/types\/post"}],"author":[{"embeddable":true,"href":"https:\/\/www.tapasmagazine.es\/en\/wp-json\/wp\/v2\/users\/285"}],"replies":[{"embeddable":true,"href":"https:\/\/www.tapasmagazine.es\/en\/wp-json\/wp\/v2\/comments?post=263851"}],"version-history":[{"count":1,"href":"https:\/\/www.tapasmagazine.es\/en\/wp-json\/wp\/v2\/posts\/263851\/revisions"}],"predecessor-version":[{"id":263867,"href":"https:\/\/www.tapasmagazine.es\/en\/wp-json\/wp\/v2\/posts\/263851\/revisions\/263867"}],"wp:featuredmedia":[{"embeddable":true,"href":"https:\/\/www.tapasmagazine.es\/en\/wp-json\/wp\/v2\/media\/263825"}],"wp:attachment":[{"href":"https:\/\/www.tapasmagazine.es\/en\/wp-json\/wp\/v2\/media?parent=263851"}],"wp:term":[{"taxonomy":"category","embeddable":true,"href":"https:\/\/www.tapasmagazine.es\/en\/wp-json\/wp\/v2\/categories?post=263851"},{"taxonomy":"post_tag","embeddable":true,"href":"https:\/\/www.tapasmagazine.es\/en\/wp-json\/wp\/v2\/tags?post=263851"}],"curies":[{"name":"wp","href":"https:\/\/api.w.org\/{rel}","templated":true}]}}