{"id":263798,"date":"2024-09-24T17:55:31","date_gmt":"2024-09-24T15:55:31","guid":{"rendered":"https:\/\/www.tapasmagazine.es\/david-beckham-recuerda-la-vez-que-su-amigo-gordon-ramsay-cocino-para-el\/"},"modified":"2024-09-24T17:59:16","modified_gmt":"2024-09-24T15:59:16","slug":"david-beckham-recalls-the-time-his-friend-gordon-ramsay-cooked-for-him","status":"publish","type":"post","link":"https:\/\/www.tapasmagazine.es\/en\/david-beckham-recalls-the-time-his-friend-gordon-ramsay-cooked-for-him\/","title":{"rendered":"David Beckham recalls the time his friend Gordon Ramsay cooked for him"},"content":{"rendered":"\n<p><strong>Click\u00a0<a href=\"https:\/\/www.tapasmagazine.es\/david-beckham-recuerda-la-vez-que-su-amigo-gordon-ramsay-cocino-para-el\/\" target=\"_blank\" rel=\"noreferrer noopener\">here<\/a>\u00a0to read the Spanish version.<\/strong><\/p>\n\n\n\n<p><strong>David Beckham<\/strong> attended Stella Artois&#8217; \u201c<strong>Let&#8217;s Do Dinner<\/strong>\u201d event in NYC. There, he spoke to <em>PEOPLE<\/em> magazine about his spiritual connection to the brand, and the gastronomic and friendly bond he has with <strong>Gordon Ramsay<\/strong>.<\/p>\n\n\n\n<p>We&#8217;ve been friends for about 22 years, and he&#8217;s cooked for me once. Once in 22 years,&#8217; David expressed in a sarcastic tone. The iconic former footballer would also talk about the \u2018worth more\u2019 moments of the campaign he maintains through food.<\/p>\n\n\n\n<p>That&#8217;s why I love to cook. That&#8217;s why I love to eat. That&#8217;s why I always like to barbecue for the family, because it really brings us together. Our family has always been a family that sits down at six o&#8217;clock every night, when we&#8217;re all in the same country,&#8217; he says. &#8216;And we&#8217;ve always had barbecues on Sundays. I think that&#8217;s why I like to cook so much, because I like to make my family happy, and I think they love what I cook&#8217;.<\/p>\n\n\n<div class=\"wp-block-image\">\n<figure class=\"aligncenter size-large is-resized\"><img decoding=\"async\" width=\"1024\" height=\"768\" src=\"https:\/\/www.tapasmagazine.es\/wp-content\/uploads\/2024\/09\/david-beckham-gordon-ramsayjpg-1024x768.jpg\" alt=\"\" class=\"wp-image-263792\" style=\"width:1184px;height:auto\" srcset=\"https:\/\/www.tapasmagazine.es\/wp-content\/uploads\/2024\/09\/david-beckham-gordon-ramsayjpg-1024x768.jpg 1024w, https:\/\/www.tapasmagazine.es\/wp-content\/uploads\/2024\/09\/david-beckham-gordon-ramsayjpg-300x225.jpg 300w, https:\/\/www.tapasmagazine.es\/wp-content\/uploads\/2024\/09\/david-beckham-gordon-ramsayjpg-768x576.jpg 768w, https:\/\/www.tapasmagazine.es\/wp-content\/uploads\/2024\/09\/david-beckham-gordon-ramsayjpg-1000x750.jpg 1000w, https:\/\/www.tapasmagazine.es\/wp-content\/uploads\/2024\/09\/david-beckham-gordon-ramsayjpg-400x300.jpg 400w, https:\/\/www.tapasmagazine.es\/wp-content\/uploads\/2024\/09\/david-beckham-gordon-ramsayjpg.jpg 1200w\" sizes=\"(max-width: 1024px) 100vw, 1024px\" \/><\/figure>\n<\/div>\n\n\n<p><strong>Beckham<\/strong> also spoke of how it was none other than Ramsay who helped one of his sons learn how to cook a top dish. \u2018One of my sons is obsessed with beef Wellington and he taught him how to do it himself,\u2019 says David of the one time he had the chance to sample Ramsay&#8217;s cooking. \u2018So he wasn&#8217;t really even cooking for us, but we ended up eating it anyway.\u2019<\/p>\n\n\n\n<p>Beckham also recalled a time when he had a cooking competition with Ramsay on a Los Angeles show, in which his competitor \u2018obviously won\u2019.<\/p>\n","protected":false},"excerpt":{"rendered":"<p>Click\u00a0here\u00a0to read the Spanish version. David Beckham attended Stella Artois&#8217; \u201cLet&#8217;s Do Dinner\u201d event in NYC. There, he spoke to PEOPLE magazine about his spiritual connection to the brand, and the gastronomic and friendly bond he has with Gordon Ramsay. We&#8217;ve been friends for about 22 years, and he&#8217;s cooked for me once. Once in [&hellip;]<\/p>\n","protected":false},"author":285,"featured_media":263791,"comment_status":"closed","ping_status":"closed","sticky":false,"template":"","format":"standard","meta":{"_acf_changed":false,"footnotes":""},"categories":[15851,15910,1],"tags":[18563,18230],"class_list":["post-263798","post","type-post","status-publish","format-standard","has-post-thumbnail","hentry","category-nombres-propios-en","category-personajes-en","category-sin-categorizar","tag-david-beckham-en","tag-gordon-ramsay-en","cat-15851-id","cat-15910-id","cat-1-id"],"acf":[],"yoast_head":"<!-- This site is optimized with the Yoast SEO plugin v27.4 - https:\/\/yoast.com\/product\/yoast-seo-wordpress\/ -->\n<title>David Beckham recalls the time his friend Gordon Ramsay cooked for him - Tapas<\/title>\n<meta name=\"description\" content=\"Click\u00a0here\u00a0to read the Spanish version. David Beckham attended Stella Artois&#039; \u201cLet&#039;s Do Dinner\u201d event in NYC. There, he spoke to PEOPLE magazine about his\" \/>\n<meta name=\"robots\" content=\"index, follow, max-snippet:-1, max-image-preview:large, max-video-preview:-1\" \/>\n<link rel=\"canonical\" href=\"https:\/\/www.tapasmagazine.es\/en\/david-beckham-recalls-the-time-his-friend-gordon-ramsay-cooked-for-him\/\" \/>\n<meta property=\"og:locale\" content=\"en_US\" \/>\n<meta property=\"og:type\" content=\"article\" \/>\n<meta property=\"og:title\" content=\"David Beckham recalls the time his friend Gordon Ramsay cooked for him - Tapas\" \/>\n<meta property=\"og:description\" content=\"Click\u00a0here\u00a0to read the Spanish version. David Beckham attended Stella Artois&#039; \u201cLet&#039;s Do Dinner\u201d event in NYC. There, he spoke to PEOPLE magazine about his\" \/>\n<meta property=\"og:url\" content=\"https:\/\/www.tapasmagazine.es\/en\/david-beckham-recalls-the-time-his-friend-gordon-ramsay-cooked-for-him\/\" \/>\n<meta property=\"og:site_name\" content=\"Tapas\" \/>\n<meta property=\"article:publisher\" content=\"https:\/\/www.facebook.com\/tapasmagazine\" \/>\n<meta property=\"article:published_time\" content=\"2024-09-24T15:55:31+00:00\" \/>\n<meta property=\"article:modified_time\" content=\"2024-09-24T15:59:16+00:00\" \/>\n<meta property=\"og:image\" content=\"https:\/\/www.tapasmagazine.es\/wp-content\/uploads\/2024\/09\/b-7.jpg\" \/>\n\t<meta property=\"og:image:width\" content=\"1200\" \/>\n\t<meta property=\"og:image:height\" content=\"675\" \/>\n\t<meta property=\"og:image:type\" content=\"image\/jpeg\" \/>\n<meta name=\"author\" content=\"Laura P\u00e9rez\" \/>\n<meta name=\"twitter:card\" content=\"summary_large_image\" \/>\n<meta name=\"twitter:creator\" content=\"@TapasMagazine\" \/>\n<meta name=\"twitter:site\" content=\"@TapasMagazine\" \/>\n<meta name=\"twitter:label1\" content=\"Written by\" \/>\n\t<meta name=\"twitter:data1\" content=\"Laura P\u00e9rez\" \/>\n\t<meta name=\"twitter:label2\" content=\"Est. reading time\" \/>\n\t<meta name=\"twitter:data2\" content=\"2 minutes\" \/>\n<script type=\"application\/ld+json\" class=\"yoast-schema-graph\">{\"@context\":\"https:\\\/\\\/schema.org\",\"@graph\":[{\"@type\":\"Article\",\"@id\":\"https:\\\/\\\/www.tapasmagazine.es\\\/en\\\/david-beckham-recalls-the-time-his-friend-gordon-ramsay-cooked-for-him\\\/#article\",\"isPartOf\":{\"@id\":\"https:\\\/\\\/www.tapasmagazine.es\\\/en\\\/david-beckham-recalls-the-time-his-friend-gordon-ramsay-cooked-for-him\\\/\"},\"author\":{\"name\":\"Laura P\u00e9rez\",\"@id\":\"https:\\\/\\\/www.tapasmagazine.es\\\/#\\\/schema\\\/person\\\/eb46cbe76a9c8f062660eb609e3ecb4e\"},\"headline\":\"David Beckham recalls the time his friend Gordon Ramsay cooked for him\",\"datePublished\":\"2024-09-24T15:55:31+00:00\",\"dateModified\":\"2024-09-24T15:59:16+00:00\",\"mainEntityOfPage\":{\"@id\":\"https:\\\/\\\/www.tapasmagazine.es\\\/en\\\/david-beckham-recalls-the-time-his-friend-gordon-ramsay-cooked-for-him\\\/\"},\"wordCount\":286,\"publisher\":{\"@id\":\"https:\\\/\\\/www.tapasmagazine.es\\\/#organization\"},\"image\":{\"@id\":\"https:\\\/\\\/www.tapasmagazine.es\\\/en\\\/david-beckham-recalls-the-time-his-friend-gordon-ramsay-cooked-for-him\\\/#primaryimage\"},\"thumbnailUrl\":\"https:\\\/\\\/www.tapasmagazine.es\\\/wp-content\\\/uploads\\\/2024\\\/09\\\/b-7.jpg\",\"keywords\":[\"David Beckham\",\"Gordon Ramsay\"],\"articleSection\":[\"Nombres propios\",\"Personajes\",\"Sin categorizar\"],\"inLanguage\":\"en-US\"},{\"@type\":\"WebPage\",\"@id\":\"https:\\\/\\\/www.tapasmagazine.es\\\/en\\\/david-beckham-recalls-the-time-his-friend-gordon-ramsay-cooked-for-him\\\/\",\"url\":\"https:\\\/\\\/www.tapasmagazine.es\\\/en\\\/david-beckham-recalls-the-time-his-friend-gordon-ramsay-cooked-for-him\\\/\",\"name\":\"David Beckham recalls the time his friend Gordon Ramsay cooked for him - Tapas\",\"isPartOf\":{\"@id\":\"https:\\\/\\\/www.tapasmagazine.es\\\/#website\"},\"primaryImageOfPage\":{\"@id\":\"https:\\\/\\\/www.tapasmagazine.es\\\/en\\\/david-beckham-recalls-the-time-his-friend-gordon-ramsay-cooked-for-him\\\/#primaryimage\"},\"image\":{\"@id\":\"https:\\\/\\\/www.tapasmagazine.es\\\/en\\\/david-beckham-recalls-the-time-his-friend-gordon-ramsay-cooked-for-him\\\/#primaryimage\"},\"thumbnailUrl\":\"https:\\\/\\\/www.tapasmagazine.es\\\/wp-content\\\/uploads\\\/2024\\\/09\\\/b-7.jpg\",\"datePublished\":\"2024-09-24T15:55:31+00:00\",\"dateModified\":\"2024-09-24T15:59:16+00:00\",\"description\":\"Click\u00a0here\u00a0to read the Spanish version. David Beckham attended Stella Artois' \u201cLet's Do Dinner\u201d event in NYC. There, he spoke to PEOPLE magazine about his\",\"breadcrumb\":{\"@id\":\"https:\\\/\\\/www.tapasmagazine.es\\\/en\\\/david-beckham-recalls-the-time-his-friend-gordon-ramsay-cooked-for-him\\\/#breadcrumb\"},\"inLanguage\":\"en-US\",\"potentialAction\":[{\"@type\":\"ReadAction\",\"target\":[\"https:\\\/\\\/www.tapasmagazine.es\\\/en\\\/david-beckham-recalls-the-time-his-friend-gordon-ramsay-cooked-for-him\\\/\"]}]},{\"@type\":\"ImageObject\",\"inLanguage\":\"en-US\",\"@id\":\"https:\\\/\\\/www.tapasmagazine.es\\\/en\\\/david-beckham-recalls-the-time-his-friend-gordon-ramsay-cooked-for-him\\\/#primaryimage\",\"url\":\"https:\\\/\\\/www.tapasmagazine.es\\\/wp-content\\\/uploads\\\/2024\\\/09\\\/b-7.jpg\",\"contentUrl\":\"https:\\\/\\\/www.tapasmagazine.es\\\/wp-content\\\/uploads\\\/2024\\\/09\\\/b-7.jpg\",\"width\":1200,\"height\":675},{\"@type\":\"BreadcrumbList\",\"@id\":\"https:\\\/\\\/www.tapasmagazine.es\\\/en\\\/david-beckham-recalls-the-time-his-friend-gordon-ramsay-cooked-for-him\\\/#breadcrumb\",\"itemListElement\":[{\"@type\":\"ListItem\",\"position\":1,\"name\":\"Portada\",\"item\":\"https:\\\/\\\/www.tapasmagazine.es\\\/\"},{\"@type\":\"ListItem\",\"position\":2,\"name\":\"Sin categorizar\",\"item\":\"https:\\\/\\\/www.tapasmagazine.es\\\/categorias\\\/sin-categorizar\\\/\"},{\"@type\":\"ListItem\",\"position\":3,\"name\":\"David Beckham recalls the time his friend Gordon Ramsay cooked for him\"}]},{\"@type\":\"WebSite\",\"@id\":\"https:\\\/\\\/www.tapasmagazine.es\\\/#website\",\"url\":\"https:\\\/\\\/www.tapasmagazine.es\\\/\",\"name\":\"Tapas\",\"description\":\"\u00d1am \u00d1am Lifestyle. La vida a bocados. Premio Nacional de Gastronom\u00eda 2016.\",\"publisher\":{\"@id\":\"https:\\\/\\\/www.tapasmagazine.es\\\/#organization\"},\"potentialAction\":[{\"@type\":\"SearchAction\",\"target\":{\"@type\":\"EntryPoint\",\"urlTemplate\":\"https:\\\/\\\/www.tapasmagazine.es\\\/?s={search_term_string}\"},\"query-input\":{\"@type\":\"PropertyValueSpecification\",\"valueRequired\":true,\"valueName\":\"search_term_string\"}}],\"inLanguage\":\"en-US\"},{\"@type\":\"Organization\",\"@id\":\"https:\\\/\\\/www.tapasmagazine.es\\\/#organization\",\"name\":\"Tapas Magazine\",\"url\":\"https:\\\/\\\/www.tapasmagazine.es\\\/\",\"logo\":{\"@type\":\"ImageObject\",\"inLanguage\":\"en-US\",\"@id\":\"https:\\\/\\\/www.tapasmagazine.es\\\/#\\\/schema\\\/logo\\\/image\\\/\",\"url\":\"https:\\\/\\\/www.tapasmagazine.es\\\/wp-content\\\/uploads\\\/2018\\\/01\\\/logo.png\",\"contentUrl\":\"https:\\\/\\\/www.tapasmagazine.es\\\/wp-content\\\/uploads\\\/2018\\\/01\\\/logo.png\",\"width\":180,\"height\":60,\"caption\":\"Tapas Magazine\"},\"image\":{\"@id\":\"https:\\\/\\\/www.tapasmagazine.es\\\/#\\\/schema\\\/logo\\\/image\\\/\"},\"sameAs\":[\"https:\\\/\\\/www.facebook.com\\\/tapasmagazine\",\"https:\\\/\\\/x.com\\\/TapasMagazine\",\"https:\\\/\\\/www.instagram.com\\\/tapasmagazine\\\/\",\"https:\\\/\\\/www.linkedin.com\\\/company\\\/tapas-magazine\",\"https:\\\/\\\/es.pinterest.com\\\/tapasmagazine\\\/\",\"https:\\\/\\\/www.youtube.com\\\/channel\\\/UCEyxneAaACuR0lfDagrWjjg?sub_confirmation=1\"]},{\"@type\":\"Person\",\"@id\":\"https:\\\/\\\/www.tapasmagazine.es\\\/#\\\/schema\\\/person\\\/eb46cbe76a9c8f062660eb609e3ecb4e\",\"name\":\"Laura P\u00e9rez\",\"url\":\"https:\\\/\\\/www.tapasmagazine.es\\\/en\\\/author\\\/laura-perez\\\/\"}]}<\/script>\n<!-- \/ Yoast SEO plugin. -->","yoast_head_json":{"title":"David Beckham recalls the time his friend Gordon Ramsay cooked for him - Tapas","description":"Click\u00a0here\u00a0to read the Spanish version. David Beckham attended Stella Artois' \u201cLet's Do Dinner\u201d event in NYC. There, he spoke to PEOPLE magazine about his","robots":{"index":"index","follow":"follow","max-snippet":"max-snippet:-1","max-image-preview":"max-image-preview:large","max-video-preview":"max-video-preview:-1"},"canonical":"https:\/\/www.tapasmagazine.es\/en\/david-beckham-recalls-the-time-his-friend-gordon-ramsay-cooked-for-him\/","og_locale":"en_US","og_type":"article","og_title":"David Beckham recalls the time his friend Gordon Ramsay cooked for him - Tapas","og_description":"Click\u00a0here\u00a0to read the Spanish version. David Beckham attended Stella Artois' \u201cLet's Do Dinner\u201d event in NYC. There, he spoke to PEOPLE magazine about his","og_url":"https:\/\/www.tapasmagazine.es\/en\/david-beckham-recalls-the-time-his-friend-gordon-ramsay-cooked-for-him\/","og_site_name":"Tapas","article_publisher":"https:\/\/www.facebook.com\/tapasmagazine","article_published_time":"2024-09-24T15:55:31+00:00","article_modified_time":"2024-09-24T15:59:16+00:00","og_image":[{"width":1200,"height":675,"url":"https:\/\/www.tapasmagazine.es\/wp-content\/uploads\/2024\/09\/b-7.jpg","type":"image\/jpeg"}],"author":"Laura P\u00e9rez","twitter_card":"summary_large_image","twitter_creator":"@TapasMagazine","twitter_site":"@TapasMagazine","twitter_misc":{"Written by":"Laura P\u00e9rez","Est. reading time":"2 minutes"},"schema":{"@context":"https:\/\/schema.org","@graph":[{"@type":"Article","@id":"https:\/\/www.tapasmagazine.es\/en\/david-beckham-recalls-the-time-his-friend-gordon-ramsay-cooked-for-him\/#article","isPartOf":{"@id":"https:\/\/www.tapasmagazine.es\/en\/david-beckham-recalls-the-time-his-friend-gordon-ramsay-cooked-for-him\/"},"author":{"name":"Laura P\u00e9rez","@id":"https:\/\/www.tapasmagazine.es\/#\/schema\/person\/eb46cbe76a9c8f062660eb609e3ecb4e"},"headline":"David Beckham recalls the time his friend Gordon Ramsay cooked for him","datePublished":"2024-09-24T15:55:31+00:00","dateModified":"2024-09-24T15:59:16+00:00","mainEntityOfPage":{"@id":"https:\/\/www.tapasmagazine.es\/en\/david-beckham-recalls-the-time-his-friend-gordon-ramsay-cooked-for-him\/"},"wordCount":286,"publisher":{"@id":"https:\/\/www.tapasmagazine.es\/#organization"},"image":{"@id":"https:\/\/www.tapasmagazine.es\/en\/david-beckham-recalls-the-time-his-friend-gordon-ramsay-cooked-for-him\/#primaryimage"},"thumbnailUrl":"https:\/\/www.tapasmagazine.es\/wp-content\/uploads\/2024\/09\/b-7.jpg","keywords":["David Beckham","Gordon Ramsay"],"articleSection":["Nombres propios","Personajes","Sin categorizar"],"inLanguage":"en-US"},{"@type":"WebPage","@id":"https:\/\/www.tapasmagazine.es\/en\/david-beckham-recalls-the-time-his-friend-gordon-ramsay-cooked-for-him\/","url":"https:\/\/www.tapasmagazine.es\/en\/david-beckham-recalls-the-time-his-friend-gordon-ramsay-cooked-for-him\/","name":"David Beckham recalls the time his friend Gordon Ramsay cooked for him - Tapas","isPartOf":{"@id":"https:\/\/www.tapasmagazine.es\/#website"},"primaryImageOfPage":{"@id":"https:\/\/www.tapasmagazine.es\/en\/david-beckham-recalls-the-time-his-friend-gordon-ramsay-cooked-for-him\/#primaryimage"},"image":{"@id":"https:\/\/www.tapasmagazine.es\/en\/david-beckham-recalls-the-time-his-friend-gordon-ramsay-cooked-for-him\/#primaryimage"},"thumbnailUrl":"https:\/\/www.tapasmagazine.es\/wp-content\/uploads\/2024\/09\/b-7.jpg","datePublished":"2024-09-24T15:55:31+00:00","dateModified":"2024-09-24T15:59:16+00:00","description":"Click\u00a0here\u00a0to read the Spanish version. David Beckham attended Stella Artois' \u201cLet's Do Dinner\u201d event in NYC. There, he spoke to PEOPLE magazine about his","breadcrumb":{"@id":"https:\/\/www.tapasmagazine.es\/en\/david-beckham-recalls-the-time-his-friend-gordon-ramsay-cooked-for-him\/#breadcrumb"},"inLanguage":"en-US","potentialAction":[{"@type":"ReadAction","target":["https:\/\/www.tapasmagazine.es\/en\/david-beckham-recalls-the-time-his-friend-gordon-ramsay-cooked-for-him\/"]}]},{"@type":"ImageObject","inLanguage":"en-US","@id":"https:\/\/www.tapasmagazine.es\/en\/david-beckham-recalls-the-time-his-friend-gordon-ramsay-cooked-for-him\/#primaryimage","url":"https:\/\/www.tapasmagazine.es\/wp-content\/uploads\/2024\/09\/b-7.jpg","contentUrl":"https:\/\/www.tapasmagazine.es\/wp-content\/uploads\/2024\/09\/b-7.jpg","width":1200,"height":675},{"@type":"BreadcrumbList","@id":"https:\/\/www.tapasmagazine.es\/en\/david-beckham-recalls-the-time-his-friend-gordon-ramsay-cooked-for-him\/#breadcrumb","itemListElement":[{"@type":"ListItem","position":1,"name":"Portada","item":"https:\/\/www.tapasmagazine.es\/"},{"@type":"ListItem","position":2,"name":"Sin categorizar","item":"https:\/\/www.tapasmagazine.es\/categorias\/sin-categorizar\/"},{"@type":"ListItem","position":3,"name":"David Beckham recalls the time his friend Gordon Ramsay cooked for him"}]},{"@type":"WebSite","@id":"https:\/\/www.tapasmagazine.es\/#website","url":"https:\/\/www.tapasmagazine.es\/","name":"Tapas","description":"\u00d1am \u00d1am Lifestyle. La vida a bocados. Premio Nacional de Gastronom\u00eda 2016.","publisher":{"@id":"https:\/\/www.tapasmagazine.es\/#organization"},"potentialAction":[{"@type":"SearchAction","target":{"@type":"EntryPoint","urlTemplate":"https:\/\/www.tapasmagazine.es\/?s={search_term_string}"},"query-input":{"@type":"PropertyValueSpecification","valueRequired":true,"valueName":"search_term_string"}}],"inLanguage":"en-US"},{"@type":"Organization","@id":"https:\/\/www.tapasmagazine.es\/#organization","name":"Tapas Magazine","url":"https:\/\/www.tapasmagazine.es\/","logo":{"@type":"ImageObject","inLanguage":"en-US","@id":"https:\/\/www.tapasmagazine.es\/#\/schema\/logo\/image\/","url":"https:\/\/www.tapasmagazine.es\/wp-content\/uploads\/2018\/01\/logo.png","contentUrl":"https:\/\/www.tapasmagazine.es\/wp-content\/uploads\/2018\/01\/logo.png","width":180,"height":60,"caption":"Tapas Magazine"},"image":{"@id":"https:\/\/www.tapasmagazine.es\/#\/schema\/logo\/image\/"},"sameAs":["https:\/\/www.facebook.com\/tapasmagazine","https:\/\/x.com\/TapasMagazine","https:\/\/www.instagram.com\/tapasmagazine\/","https:\/\/www.linkedin.com\/company\/tapas-magazine","https:\/\/es.pinterest.com\/tapasmagazine\/","https:\/\/www.youtube.com\/channel\/UCEyxneAaACuR0lfDagrWjjg?sub_confirmation=1"]},{"@type":"Person","@id":"https:\/\/www.tapasmagazine.es\/#\/schema\/person\/eb46cbe76a9c8f062660eb609e3ecb4e","name":"Laura P\u00e9rez","url":"https:\/\/www.tapasmagazine.es\/en\/author\/laura-perez\/"}]}},"_links":{"self":[{"href":"https:\/\/www.tapasmagazine.es\/en\/wp-json\/wp\/v2\/posts\/263798","targetHints":{"allow":["GET"]}}],"collection":[{"href":"https:\/\/www.tapasmagazine.es\/en\/wp-json\/wp\/v2\/posts"}],"about":[{"href":"https:\/\/www.tapasmagazine.es\/en\/wp-json\/wp\/v2\/types\/post"}],"author":[{"embeddable":true,"href":"https:\/\/www.tapasmagazine.es\/en\/wp-json\/wp\/v2\/users\/285"}],"replies":[{"embeddable":true,"href":"https:\/\/www.tapasmagazine.es\/en\/wp-json\/wp\/v2\/comments?post=263798"}],"version-history":[{"count":2,"href":"https:\/\/www.tapasmagazine.es\/en\/wp-json\/wp\/v2\/posts\/263798\/revisions"}],"predecessor-version":[{"id":263806,"href":"https:\/\/www.tapasmagazine.es\/en\/wp-json\/wp\/v2\/posts\/263798\/revisions\/263806"}],"wp:featuredmedia":[{"embeddable":true,"href":"https:\/\/www.tapasmagazine.es\/en\/wp-json\/wp\/v2\/media\/263791"}],"wp:attachment":[{"href":"https:\/\/www.tapasmagazine.es\/en\/wp-json\/wp\/v2\/media?parent=263798"}],"wp:term":[{"taxonomy":"category","embeddable":true,"href":"https:\/\/www.tapasmagazine.es\/en\/wp-json\/wp\/v2\/categories?post=263798"},{"taxonomy":"post_tag","embeddable":true,"href":"https:\/\/www.tapasmagazine.es\/en\/wp-json\/wp\/v2\/tags?post=263798"}],"curies":[{"name":"wp","href":"https:\/\/api.w.org\/{rel}","templated":true}]}}