{"id":263687,"date":"2024-09-24T13:58:28","date_gmt":"2024-09-24T11:58:28","guid":{"rendered":"https:\/\/www.tapasmagazine.es\/vicio-aterriza-en-el-centro-de-palma-de-mallorca\/"},"modified":"2024-09-24T14:10:13","modified_gmt":"2024-09-24T12:10:13","slug":"vicio-lands-in-the-centre-of-palma-de-mallorca","status":"publish","type":"post","link":"https:\/\/www.tapasmagazine.es\/en\/vicio-lands-in-the-centre-of-palma-de-mallorca\/","title":{"rendered":"VICIO opens its first restaurant in Mallorca"},"content":{"rendered":"\n<p><strong>Click\u00a0<a href=\"https:\/\/www.tapasmagazine.es\/vicio-aterriza-en-el-centro-de-palma-de-mallorca\/\" target=\"_blank\" rel=\"noreferrer noopener\">here<\/a>\u00a0to read the Spanish version.<\/strong><\/p>\n\n\n\n<p>The <strong>VICIO<\/strong> phenomenon expands its influence on the island paradise with a new location in <strong>Pla\u00e7a del Comtat del Rossell\u00f3 <\/strong>with capacity for 133 diners.<\/p>\n\n\n\n<p>The leading national burgers brand opens its first restaurant in<strong> Mallorca<\/strong>, following the success of the delivery format it installed last year on the island. Now, the chain wanted to expand the physical experience for customers with a new establishment located in the centre of Palma where they can enjoy its culinary hits in the middle of a new space with an avant-garde aesthetic.<\/p>\n\n\n<div class=\"wp-block-image\">\n<figure class=\"aligncenter size-large is-resized\"><img decoding=\"async\" width=\"1024\" height=\"683\" src=\"https:\/\/www.tapasmagazine.es\/wp-content\/uploads\/2024\/09\/VICIO-052-1024x683.jpg\" alt=\"\" class=\"wp-image-263676\" style=\"width:1036px;height:auto\" srcset=\"https:\/\/www.tapasmagazine.es\/wp-content\/uploads\/2024\/09\/VICIO-052-1024x683.jpg 1024w, https:\/\/www.tapasmagazine.es\/wp-content\/uploads\/2024\/09\/VICIO-052-300x200.jpg 300w, https:\/\/www.tapasmagazine.es\/wp-content\/uploads\/2024\/09\/VICIO-052-768x512.jpg 768w, https:\/\/www.tapasmagazine.es\/wp-content\/uploads\/2024\/09\/VICIO-052-1536x1024.jpg 1536w, https:\/\/www.tapasmagazine.es\/wp-content\/uploads\/2024\/09\/VICIO-052-1000x667.jpg 1000w, https:\/\/www.tapasmagazine.es\/wp-content\/uploads\/2024\/09\/VICIO-052-400x267.jpg 400w, https:\/\/www.tapasmagazine.es\/wp-content\/uploads\/2024\/09\/VICIO-052.jpg 1920w\" sizes=\"(max-width: 1024px) 100vw, 1024px\" \/><\/figure>\n<\/div>\n\n\n<p>In the words of <strong>Aleix Puig<\/strong>, co-founder and president of VICIO: \u2018The intention of this restaurant is to offer a space designed for Mallorcans. Fortunately, Palma is one of the cities with the most tourism at a national level, and this fact means that many restaurant groups focus their offer and their establishments on this more international public. We want to \u2018give all the locals their own\u2019, so that they feel that VICIO is their home, literally, and this is what we wanted to convey in our campaign \u2018a place for locals\u2019.<\/p>\n\n\n<div class=\"wp-block-image\">\n<figure class=\"aligncenter size-large is-resized\"><img decoding=\"async\" width=\"1024\" height=\"683\" src=\"https:\/\/www.tapasmagazine.es\/wp-content\/uploads\/2024\/09\/VICIO-017-1024x683.jpg\" alt=\"\" class=\"wp-image-263678\" style=\"width:1194px;height:auto\" srcset=\"https:\/\/www.tapasmagazine.es\/wp-content\/uploads\/2024\/09\/VICIO-017-1024x683.jpg 1024w, https:\/\/www.tapasmagazine.es\/wp-content\/uploads\/2024\/09\/VICIO-017-300x200.jpg 300w, https:\/\/www.tapasmagazine.es\/wp-content\/uploads\/2024\/09\/VICIO-017-768x512.jpg 768w, https:\/\/www.tapasmagazine.es\/wp-content\/uploads\/2024\/09\/VICIO-017-1536x1024.jpg 1536w, https:\/\/www.tapasmagazine.es\/wp-content\/uploads\/2024\/09\/VICIO-017-1000x667.jpg 1000w, https:\/\/www.tapasmagazine.es\/wp-content\/uploads\/2024\/09\/VICIO-017-400x267.jpg 400w, https:\/\/www.tapasmagazine.es\/wp-content\/uploads\/2024\/09\/VICIO-017.jpg 1920w\" sizes=\"(max-width: 1024px) 100vw, 1024px\" \/><\/figure>\n<\/div>\n\n\n<p>Their social media presentation campaign revolved around \u2018aquest nou VICIO\u2019 in a sarcastic way; highlighting that it is a restaurant without sangria or happy hours to reinforce their authentic and friendly approach to the island&#8217;s residents.<\/p>\n\n\n\n<figure class=\"wp-block-embed aligncenter is-type-rich is-provider-instagram wp-block-embed-instagram\"><div class=\"wp-block-embed__wrapper\">\n<div class=\"sbi-embed-wrap\"><blockquote class=\"instagram-media sbi-embed\" data-instgrm-captioned data-instgrm-permalink=\"https:\/\/www.instagram.com\/p\/C9-ZiPUo1gz\/?utm_source=ig_embed&amp;utm_campaign=loading\" data-instgrm-version=\"14\" style=\" background:#FFF; border:0; border-radius:3px; box-shadow:0 0 1px 0 rgba(0,0,0,0.5),0 1px 10px 0 rgba(0,0,0,0.15); margin: 1px; max-width:640px; min-width:326px; padding:0; width:99.375%; width:-webkit-calc(100% - 2px); width:calc(100% - 2px);\"><div style=\"padding:16px;\"> <a href=\"https:\/\/www.instagram.com\/p\/C9-ZiPUo1gz\/?utm_source=ig_embed&amp;utm_campaign=loading\" style=\" background:#FFFFFF; line-height:0; padding:0 0; text-align:center; text-decoration:none; width:100%;\" target=\"_blank\"> <div style=\" display: flex; flex-direction: row; align-items: center;\"> <div style=\"background-color: #F4F4F4; border-radius: 50%; flex-grow: 0; height: 40px; margin-right: 14px; width: 40px;\"><\/div> <div style=\"display: flex; flex-direction: column; flex-grow: 1; justify-content: center;\"> <div style=\" background-color: #F4F4F4; border-radius: 4px; flex-grow: 0; height: 14px; margin-bottom: 6px; width: 100px;\"><\/div> <div style=\" background-color: #F4F4F4; border-radius: 4px; flex-grow: 0; height: 14px; width: 60px;\"><\/div><\/div><\/div><div style=\"padding: 19% 0;\"><\/div> <div style=\"display:block; height:50px; margin:0 auto 12px; width:50px;\"><svg width=\"50px\" height=\"50px\" viewBox=\"0 0 60 60\" version=\"1.1\" xmlns=\"https:\/\/www.w3.org\/2000\/svg\" xmlns:xlink=\"https:\/\/www.w3.org\/1999\/xlink\"><g stroke=\"none\" stroke-width=\"1\" fill=\"none\" fill-rule=\"evenodd\"><g transform=\"translate(-511.000000, -20.000000)\" fill=\"#000000\"><g><path d=\"M556.869,30.41 C554.814,30.41 553.148,32.076 553.148,34.131 C553.148,36.186 554.814,37.852 556.869,37.852 C558.924,37.852 560.59,36.186 560.59,34.131 C560.59,32.076 558.924,30.41 556.869,30.41 M541,60.657 C535.114,60.657 530.342,55.887 530.342,50 C530.342,44.114 535.114,39.342 541,39.342 C546.887,39.342 551.658,44.114 551.658,50 C551.658,55.887 546.887,60.657 541,60.657 M541,33.886 C532.1,33.886 524.886,41.1 524.886,50 C524.886,58.899 532.1,66.113 541,66.113 C549.9,66.113 557.115,58.899 557.115,50 C557.115,41.1 549.9,33.886 541,33.886 M565.378,62.101 C565.244,65.022 564.756,66.606 564.346,67.663 C563.803,69.06 563.154,70.057 562.106,71.106 C561.058,72.155 560.06,72.803 558.662,73.347 C557.607,73.757 556.021,74.244 553.102,74.378 C549.944,74.521 548.997,74.552 541,74.552 C533.003,74.552 532.056,74.521 528.898,74.378 C525.979,74.244 524.393,73.757 523.338,73.347 C521.94,72.803 520.942,72.155 519.894,71.106 C518.846,70.057 518.197,69.06 517.654,67.663 C517.244,66.606 516.755,65.022 516.623,62.101 C516.479,58.943 516.448,57.996 516.448,50 C516.448,42.003 516.479,41.056 516.623,37.899 C516.755,34.978 517.244,33.391 517.654,32.338 C518.197,30.938 518.846,29.942 519.894,28.894 C520.942,27.846 521.94,27.196 523.338,26.654 C524.393,26.244 525.979,25.756 528.898,25.623 C532.057,25.479 533.004,25.448 541,25.448 C548.997,25.448 549.943,25.479 553.102,25.623 C556.021,25.756 557.607,26.244 558.662,26.654 C560.06,27.196 561.058,27.846 562.106,28.894 C563.154,29.942 563.803,30.938 564.346,32.338 C564.756,33.391 565.244,34.978 565.378,37.899 C565.522,41.056 565.552,42.003 565.552,50 C565.552,57.996 565.522,58.943 565.378,62.101 M570.82,37.631 C570.674,34.438 570.167,32.258 569.425,30.349 C568.659,28.377 567.633,26.702 565.965,25.035 C564.297,23.368 562.623,22.342 560.652,21.575 C558.743,20.834 556.562,20.326 553.369,20.18 C550.169,20.033 549.148,20 541,20 C532.853,20 531.831,20.033 528.631,20.18 C525.438,20.326 523.257,20.834 521.349,21.575 C519.376,22.342 517.703,23.368 516.035,25.035 C514.368,26.702 513.342,28.377 512.574,30.349 C511.834,32.258 511.326,34.438 511.181,37.631 C511.035,40.831 511,41.851 511,50 C511,58.147 511.035,59.17 511.181,62.369 C511.326,65.562 511.834,67.743 512.574,69.651 C513.342,71.625 514.368,73.296 516.035,74.965 C517.703,76.634 519.376,77.658 521.349,78.425 C523.257,79.167 525.438,79.673 528.631,79.82 C531.831,79.965 532.853,80.001 541,80.001 C549.148,80.001 550.169,79.965 553.369,79.82 C556.562,79.673 558.743,79.167 560.652,78.425 C562.623,77.658 564.297,76.634 565.965,74.965 C567.633,73.296 568.659,71.625 569.425,69.651 C570.167,67.743 570.674,65.562 570.82,62.369 C570.966,59.17 571,58.147 571,50 C571,41.851 570.966,40.831 570.82,37.631\"><\/path><\/g><\/g><\/g><\/svg><\/div><div style=\"padding-top: 8px;\"> <div style=\" color:#3897f0; font-family:Arial,sans-serif; font-size:14px; font-style:normal; font-weight:550; line-height:18px;\">View this post on Instagram<\/div><\/div><div style=\"padding: 12.5% 0;\"><\/div> <div style=\"display: flex; flex-direction: row; margin-bottom: 14px; align-items: center;\"><div> <div style=\"background-color: #F4F4F4; border-radius: 50%; height: 12.5px; width: 12.5px; transform: translateX(0px) translateY(7px);\"><\/div> <div style=\"background-color: #F4F4F4; height: 12.5px; transform: rotate(-45deg) translateX(3px) translateY(1px); width: 12.5px; flex-grow: 0; margin-right: 14px; margin-left: 2px;\"><\/div> <div style=\"background-color: #F4F4F4; border-radius: 50%; height: 12.5px; width: 12.5px; transform: translateX(9px) translateY(-18px);\"><\/div><\/div><div style=\"margin-left: 8px;\"> <div style=\" background-color: #F4F4F4; border-radius: 50%; flex-grow: 0; height: 20px; width: 20px;\"><\/div> <div style=\" width: 0; height: 0; border-top: 2px solid transparent; border-left: 6px solid #f4f4f4; border-bottom: 2px solid transparent; transform: translateX(16px) translateY(-4px) rotate(30deg)\"><\/div><\/div><div style=\"margin-left: auto;\"> <div style=\" width: 0px; border-top: 8px solid #F4F4F4; border-right: 8px solid transparent; transform: translateY(16px);\"><\/div> <div style=\" background-color: #F4F4F4; flex-grow: 0; height: 12px; width: 16px; transform: translateY(-4px);\"><\/div> <div style=\" width: 0; height: 0; border-top: 8px solid #F4F4F4; border-left: 8px solid transparent; transform: translateY(-4px) translateX(8px);\"><\/div><\/div><\/div> <div style=\"display: flex; flex-direction: column; flex-grow: 1; justify-content: center; margin-bottom: 24px;\"> <div style=\" background-color: #F4F4F4; border-radius: 4px; flex-grow: 0; height: 14px; margin-bottom: 6px; width: 224px;\"><\/div> <div style=\" background-color: #F4F4F4; border-radius: 4px; flex-grow: 0; height: 14px; width: 144px;\"><\/div><\/div><\/a><p style=\" color:#c9c8cd; font-family:Arial,sans-serif; font-size:14px; line-height:17px; margin-bottom:0; margin-top:8px; overflow:hidden; padding:8px 0 7px; text-align:center; text-overflow:ellipsis; white-space:nowrap;\"><a href=\"https:\/\/www.instagram.com\/p\/C9-ZiPUo1gz\/?utm_source=ig_embed&amp;utm_campaign=loading\" style=\" color:#c9c8cd; font-family:Arial,sans-serif; font-size:14px; font-style:normal; font-weight:normal; line-height:17px; text-decoration:none;\" target=\"_blank\">A post shared by VICIO (@ganasdevicio)<\/a><\/p><\/div><\/blockquote><script async src=\"\/\/platform.instagram.com\/en_US\/embeds.js\"><\/script><\/div>\n<\/div><\/figure>\n\n\n\n<p>The good reception of this local has been reflected in the more than 7,000 people who have passed through the premises, which means having sold more than 16,000 hamburgers in its first months of operation. Within its offer, \u2018Mallorcans are clear, La Bacon Cheeseburger is their favourite burger\u2019, Puig points out.<\/p>\n\n\n<div class=\"wp-block-image\">\n<figure class=\"aligncenter size-large is-resized\"><img decoding=\"async\" width=\"683\" height=\"1024\" src=\"https:\/\/www.tapasmagazine.es\/wp-content\/uploads\/2024\/09\/VICIO-020-683x1024.jpg\" alt=\"\" class=\"wp-image-263680\" style=\"width:1235px;height:auto\" srcset=\"https:\/\/www.tapasmagazine.es\/wp-content\/uploads\/2024\/09\/VICIO-020-683x1024.jpg 683w, https:\/\/www.tapasmagazine.es\/wp-content\/uploads\/2024\/09\/VICIO-020-200x300.jpg 200w, https:\/\/www.tapasmagazine.es\/wp-content\/uploads\/2024\/09\/VICIO-020-768x1152.jpg 768w, https:\/\/www.tapasmagazine.es\/wp-content\/uploads\/2024\/09\/VICIO-020-1024x1536.jpg 1024w, https:\/\/www.tapasmagazine.es\/wp-content\/uploads\/2024\/09\/VICIO-020-1000x1500.jpg 1000w, https:\/\/www.tapasmagazine.es\/wp-content\/uploads\/2024\/09\/VICIO-020-400x600.jpg 400w, https:\/\/www.tapasmagazine.es\/wp-content\/uploads\/2024\/09\/VICIO-020.jpg 1280w\" sizes=\"(max-width: 683px) 100vw, 683px\" \/><\/figure>\n<\/div>\n\n\n<p>The company currently operates 28 delivery outlets in Madrid, Barcelona, Seville, Malaga, Valencia and Palma de Mallorca, Zaragoza and Alicante, and six restaurants in Madrid, Barcelona and Palma de Mallorca. This remarkable growth, which began with a modest garage in Sants, has been achieved thanks to three fundamental pillars: the exceptional quality of its products, the implementation of advanced technology and a hamburger that conquers all.<\/p>\n","protected":false},"excerpt":{"rendered":"<p>Click\u00a0here\u00a0to read the Spanish version. The VICIO phenomenon expands its influence on the island paradise with a new location in Pla\u00e7a del Comtat del Rossell\u00f3 with capacity for 133 diners. The leading national burgers brand opens its first restaurant in Mallorca, following the success of the delivery format it installed last year on the island. [&hellip;]<\/p>\n","protected":false},"author":285,"featured_media":263674,"comment_status":"closed","ping_status":"closed","sticky":false,"template":"","format":"standard","meta":{"_acf_changed":false,"footnotes":""},"categories":[15802],"tags":[15875,15803,18541],"class_list":["post-263687","post","type-post","status-publish","format-standard","has-post-thumbnail","hentry","category-news","tag-mallorca-en","tag-restaurants","tag-vicio-en","cat-15802-id"],"acf":[],"yoast_head":"<!-- This site is optimized with the Yoast SEO plugin v27.4 - https:\/\/yoast.com\/product\/yoast-seo-wordpress\/ -->\n<title>VICIO opens its first restaurant in Mallorca - Tapas<\/title>\n<meta name=\"description\" content=\"Click\u00a0here\u00a0to read the Spanish version. The VICIO phenomenon expands its influence on the island paradise with a new location in Pla\u00e7a del Comtat del\" \/>\n<meta name=\"robots\" content=\"index, follow, max-snippet:-1, max-image-preview:large, max-video-preview:-1\" \/>\n<link rel=\"canonical\" href=\"https:\/\/www.tapasmagazine.es\/en\/vicio-lands-in-the-centre-of-palma-de-mallorca\/\" \/>\n<meta property=\"og:locale\" content=\"en_US\" \/>\n<meta property=\"og:type\" content=\"article\" \/>\n<meta property=\"og:title\" content=\"VICIO opens its first restaurant in Mallorca - Tapas\" \/>\n<meta property=\"og:description\" content=\"Click\u00a0here\u00a0to read the Spanish version. The VICIO phenomenon expands its influence on the island paradise with a new location in Pla\u00e7a del Comtat del\" \/>\n<meta property=\"og:url\" content=\"https:\/\/www.tapasmagazine.es\/en\/vicio-lands-in-the-centre-of-palma-de-mallorca\/\" \/>\n<meta property=\"og:site_name\" content=\"Tapas\" \/>\n<meta property=\"article:publisher\" content=\"https:\/\/www.facebook.com\/tapasmagazine\" \/>\n<meta property=\"article:published_time\" content=\"2024-09-24T11:58:28+00:00\" \/>\n<meta property=\"article:modified_time\" content=\"2024-09-24T12:10:13+00:00\" \/>\n<meta property=\"og:image\" content=\"https:\/\/www.tapasmagazine.es\/wp-content\/uploads\/2024\/09\/vicio-mallorca-1.jpg\" \/>\n\t<meta property=\"og:image:width\" content=\"1200\" \/>\n\t<meta property=\"og:image:height\" content=\"675\" \/>\n\t<meta property=\"og:image:type\" content=\"image\/jpeg\" \/>\n<meta name=\"author\" content=\"Laura P\u00e9rez\" \/>\n<meta name=\"twitter:card\" content=\"summary_large_image\" \/>\n<meta name=\"twitter:creator\" content=\"@TapasMagazine\" \/>\n<meta name=\"twitter:site\" content=\"@TapasMagazine\" \/>\n<meta name=\"twitter:label1\" content=\"Written by\" \/>\n\t<meta name=\"twitter:data1\" content=\"Laura P\u00e9rez\" \/>\n\t<meta name=\"twitter:label2\" content=\"Est. reading time\" \/>\n\t<meta name=\"twitter:data2\" content=\"1 minute\" \/>\n<script type=\"application\/ld+json\" class=\"yoast-schema-graph\">{\"@context\":\"https:\\\/\\\/schema.org\",\"@graph\":[{\"@type\":\"Article\",\"@id\":\"https:\\\/\\\/www.tapasmagazine.es\\\/en\\\/vicio-lands-in-the-centre-of-palma-de-mallorca\\\/#article\",\"isPartOf\":{\"@id\":\"https:\\\/\\\/www.tapasmagazine.es\\\/en\\\/vicio-lands-in-the-centre-of-palma-de-mallorca\\\/\"},\"author\":{\"name\":\"Laura P\u00e9rez\",\"@id\":\"https:\\\/\\\/www.tapasmagazine.es\\\/#\\\/schema\\\/person\\\/eb46cbe76a9c8f062660eb609e3ecb4e\"},\"headline\":\"VICIO opens its first restaurant in Mallorca\",\"datePublished\":\"2024-09-24T11:58:28+00:00\",\"dateModified\":\"2024-09-24T12:10:13+00:00\",\"mainEntityOfPage\":{\"@id\":\"https:\\\/\\\/www.tapasmagazine.es\\\/en\\\/vicio-lands-in-the-centre-of-palma-de-mallorca\\\/\"},\"wordCount\":359,\"publisher\":{\"@id\":\"https:\\\/\\\/www.tapasmagazine.es\\\/#organization\"},\"image\":{\"@id\":\"https:\\\/\\\/www.tapasmagazine.es\\\/en\\\/vicio-lands-in-the-centre-of-palma-de-mallorca\\\/#primaryimage\"},\"thumbnailUrl\":\"https:\\\/\\\/www.tapasmagazine.es\\\/wp-content\\\/uploads\\\/2024\\\/09\\\/vicio-mallorca-1.jpg\",\"keywords\":[\"Mallorca\",\"restaurants\",\"Vicio\"],\"articleSection\":[\"News\"],\"inLanguage\":\"en-US\"},{\"@type\":\"WebPage\",\"@id\":\"https:\\\/\\\/www.tapasmagazine.es\\\/en\\\/vicio-lands-in-the-centre-of-palma-de-mallorca\\\/\",\"url\":\"https:\\\/\\\/www.tapasmagazine.es\\\/en\\\/vicio-lands-in-the-centre-of-palma-de-mallorca\\\/\",\"name\":\"VICIO opens its first restaurant in Mallorca - Tapas\",\"isPartOf\":{\"@id\":\"https:\\\/\\\/www.tapasmagazine.es\\\/#website\"},\"primaryImageOfPage\":{\"@id\":\"https:\\\/\\\/www.tapasmagazine.es\\\/en\\\/vicio-lands-in-the-centre-of-palma-de-mallorca\\\/#primaryimage\"},\"image\":{\"@id\":\"https:\\\/\\\/www.tapasmagazine.es\\\/en\\\/vicio-lands-in-the-centre-of-palma-de-mallorca\\\/#primaryimage\"},\"thumbnailUrl\":\"https:\\\/\\\/www.tapasmagazine.es\\\/wp-content\\\/uploads\\\/2024\\\/09\\\/vicio-mallorca-1.jpg\",\"datePublished\":\"2024-09-24T11:58:28+00:00\",\"dateModified\":\"2024-09-24T12:10:13+00:00\",\"description\":\"Click\u00a0here\u00a0to read the Spanish version. The VICIO phenomenon expands its influence on the island paradise with a new location in Pla\u00e7a del Comtat del\",\"breadcrumb\":{\"@id\":\"https:\\\/\\\/www.tapasmagazine.es\\\/en\\\/vicio-lands-in-the-centre-of-palma-de-mallorca\\\/#breadcrumb\"},\"inLanguage\":\"en-US\",\"potentialAction\":[{\"@type\":\"ReadAction\",\"target\":[\"https:\\\/\\\/www.tapasmagazine.es\\\/en\\\/vicio-lands-in-the-centre-of-palma-de-mallorca\\\/\"]}]},{\"@type\":\"ImageObject\",\"inLanguage\":\"en-US\",\"@id\":\"https:\\\/\\\/www.tapasmagazine.es\\\/en\\\/vicio-lands-in-the-centre-of-palma-de-mallorca\\\/#primaryimage\",\"url\":\"https:\\\/\\\/www.tapasmagazine.es\\\/wp-content\\\/uploads\\\/2024\\\/09\\\/vicio-mallorca-1.jpg\",\"contentUrl\":\"https:\\\/\\\/www.tapasmagazine.es\\\/wp-content\\\/uploads\\\/2024\\\/09\\\/vicio-mallorca-1.jpg\",\"width\":1200,\"height\":675},{\"@type\":\"BreadcrumbList\",\"@id\":\"https:\\\/\\\/www.tapasmagazine.es\\\/en\\\/vicio-lands-in-the-centre-of-palma-de-mallorca\\\/#breadcrumb\",\"itemListElement\":[{\"@type\":\"ListItem\",\"position\":1,\"name\":\"Portada\",\"item\":\"https:\\\/\\\/www.tapasmagazine.es\\\/\"},{\"@type\":\"ListItem\",\"position\":2,\"name\":\"News\",\"item\":\"https:\\\/\\\/www.tapasmagazine.es\\\/en\\\/categorias\\\/news\\\/\"},{\"@type\":\"ListItem\",\"position\":3,\"name\":\"VICIO opens its first restaurant in Mallorca\"}]},{\"@type\":\"WebSite\",\"@id\":\"https:\\\/\\\/www.tapasmagazine.es\\\/#website\",\"url\":\"https:\\\/\\\/www.tapasmagazine.es\\\/\",\"name\":\"Tapas\",\"description\":\"\u00d1am \u00d1am Lifestyle. La vida a bocados. Premio Nacional de Gastronom\u00eda 2016.\",\"publisher\":{\"@id\":\"https:\\\/\\\/www.tapasmagazine.es\\\/#organization\"},\"potentialAction\":[{\"@type\":\"SearchAction\",\"target\":{\"@type\":\"EntryPoint\",\"urlTemplate\":\"https:\\\/\\\/www.tapasmagazine.es\\\/?s={search_term_string}\"},\"query-input\":{\"@type\":\"PropertyValueSpecification\",\"valueRequired\":true,\"valueName\":\"search_term_string\"}}],\"inLanguage\":\"en-US\"},{\"@type\":\"Organization\",\"@id\":\"https:\\\/\\\/www.tapasmagazine.es\\\/#organization\",\"name\":\"Tapas Magazine\",\"url\":\"https:\\\/\\\/www.tapasmagazine.es\\\/\",\"logo\":{\"@type\":\"ImageObject\",\"inLanguage\":\"en-US\",\"@id\":\"https:\\\/\\\/www.tapasmagazine.es\\\/#\\\/schema\\\/logo\\\/image\\\/\",\"url\":\"https:\\\/\\\/www.tapasmagazine.es\\\/wp-content\\\/uploads\\\/2018\\\/01\\\/logo.png\",\"contentUrl\":\"https:\\\/\\\/www.tapasmagazine.es\\\/wp-content\\\/uploads\\\/2018\\\/01\\\/logo.png\",\"width\":180,\"height\":60,\"caption\":\"Tapas Magazine\"},\"image\":{\"@id\":\"https:\\\/\\\/www.tapasmagazine.es\\\/#\\\/schema\\\/logo\\\/image\\\/\"},\"sameAs\":[\"https:\\\/\\\/www.facebook.com\\\/tapasmagazine\",\"https:\\\/\\\/x.com\\\/TapasMagazine\",\"https:\\\/\\\/www.instagram.com\\\/tapasmagazine\\\/\",\"https:\\\/\\\/www.linkedin.com\\\/company\\\/tapas-magazine\",\"https:\\\/\\\/es.pinterest.com\\\/tapasmagazine\\\/\",\"https:\\\/\\\/www.youtube.com\\\/channel\\\/UCEyxneAaACuR0lfDagrWjjg?sub_confirmation=1\"]},{\"@type\":\"Person\",\"@id\":\"https:\\\/\\\/www.tapasmagazine.es\\\/#\\\/schema\\\/person\\\/eb46cbe76a9c8f062660eb609e3ecb4e\",\"name\":\"Laura P\u00e9rez\",\"url\":\"https:\\\/\\\/www.tapasmagazine.es\\\/en\\\/author\\\/laura-perez\\\/\"}]}<\/script>\n<!-- \/ Yoast SEO plugin. -->","yoast_head_json":{"title":"VICIO opens its first restaurant in Mallorca - Tapas","description":"Click\u00a0here\u00a0to read the Spanish version. The VICIO phenomenon expands its influence on the island paradise with a new location in Pla\u00e7a del Comtat del","robots":{"index":"index","follow":"follow","max-snippet":"max-snippet:-1","max-image-preview":"max-image-preview:large","max-video-preview":"max-video-preview:-1"},"canonical":"https:\/\/www.tapasmagazine.es\/en\/vicio-lands-in-the-centre-of-palma-de-mallorca\/","og_locale":"en_US","og_type":"article","og_title":"VICIO opens its first restaurant in Mallorca - Tapas","og_description":"Click\u00a0here\u00a0to read the Spanish version. The VICIO phenomenon expands its influence on the island paradise with a new location in Pla\u00e7a del Comtat del","og_url":"https:\/\/www.tapasmagazine.es\/en\/vicio-lands-in-the-centre-of-palma-de-mallorca\/","og_site_name":"Tapas","article_publisher":"https:\/\/www.facebook.com\/tapasmagazine","article_published_time":"2024-09-24T11:58:28+00:00","article_modified_time":"2024-09-24T12:10:13+00:00","og_image":[{"width":1200,"height":675,"url":"https:\/\/www.tapasmagazine.es\/wp-content\/uploads\/2024\/09\/vicio-mallorca-1.jpg","type":"image\/jpeg"}],"author":"Laura P\u00e9rez","twitter_card":"summary_large_image","twitter_creator":"@TapasMagazine","twitter_site":"@TapasMagazine","twitter_misc":{"Written by":"Laura P\u00e9rez","Est. reading time":"1 minute"},"schema":{"@context":"https:\/\/schema.org","@graph":[{"@type":"Article","@id":"https:\/\/www.tapasmagazine.es\/en\/vicio-lands-in-the-centre-of-palma-de-mallorca\/#article","isPartOf":{"@id":"https:\/\/www.tapasmagazine.es\/en\/vicio-lands-in-the-centre-of-palma-de-mallorca\/"},"author":{"name":"Laura P\u00e9rez","@id":"https:\/\/www.tapasmagazine.es\/#\/schema\/person\/eb46cbe76a9c8f062660eb609e3ecb4e"},"headline":"VICIO opens its first restaurant in Mallorca","datePublished":"2024-09-24T11:58:28+00:00","dateModified":"2024-09-24T12:10:13+00:00","mainEntityOfPage":{"@id":"https:\/\/www.tapasmagazine.es\/en\/vicio-lands-in-the-centre-of-palma-de-mallorca\/"},"wordCount":359,"publisher":{"@id":"https:\/\/www.tapasmagazine.es\/#organization"},"image":{"@id":"https:\/\/www.tapasmagazine.es\/en\/vicio-lands-in-the-centre-of-palma-de-mallorca\/#primaryimage"},"thumbnailUrl":"https:\/\/www.tapasmagazine.es\/wp-content\/uploads\/2024\/09\/vicio-mallorca-1.jpg","keywords":["Mallorca","restaurants","Vicio"],"articleSection":["News"],"inLanguage":"en-US"},{"@type":"WebPage","@id":"https:\/\/www.tapasmagazine.es\/en\/vicio-lands-in-the-centre-of-palma-de-mallorca\/","url":"https:\/\/www.tapasmagazine.es\/en\/vicio-lands-in-the-centre-of-palma-de-mallorca\/","name":"VICIO opens its first restaurant in Mallorca - Tapas","isPartOf":{"@id":"https:\/\/www.tapasmagazine.es\/#website"},"primaryImageOfPage":{"@id":"https:\/\/www.tapasmagazine.es\/en\/vicio-lands-in-the-centre-of-palma-de-mallorca\/#primaryimage"},"image":{"@id":"https:\/\/www.tapasmagazine.es\/en\/vicio-lands-in-the-centre-of-palma-de-mallorca\/#primaryimage"},"thumbnailUrl":"https:\/\/www.tapasmagazine.es\/wp-content\/uploads\/2024\/09\/vicio-mallorca-1.jpg","datePublished":"2024-09-24T11:58:28+00:00","dateModified":"2024-09-24T12:10:13+00:00","description":"Click\u00a0here\u00a0to read the Spanish version. The VICIO phenomenon expands its influence on the island paradise with a new location in Pla\u00e7a del Comtat del","breadcrumb":{"@id":"https:\/\/www.tapasmagazine.es\/en\/vicio-lands-in-the-centre-of-palma-de-mallorca\/#breadcrumb"},"inLanguage":"en-US","potentialAction":[{"@type":"ReadAction","target":["https:\/\/www.tapasmagazine.es\/en\/vicio-lands-in-the-centre-of-palma-de-mallorca\/"]}]},{"@type":"ImageObject","inLanguage":"en-US","@id":"https:\/\/www.tapasmagazine.es\/en\/vicio-lands-in-the-centre-of-palma-de-mallorca\/#primaryimage","url":"https:\/\/www.tapasmagazine.es\/wp-content\/uploads\/2024\/09\/vicio-mallorca-1.jpg","contentUrl":"https:\/\/www.tapasmagazine.es\/wp-content\/uploads\/2024\/09\/vicio-mallorca-1.jpg","width":1200,"height":675},{"@type":"BreadcrumbList","@id":"https:\/\/www.tapasmagazine.es\/en\/vicio-lands-in-the-centre-of-palma-de-mallorca\/#breadcrumb","itemListElement":[{"@type":"ListItem","position":1,"name":"Portada","item":"https:\/\/www.tapasmagazine.es\/"},{"@type":"ListItem","position":2,"name":"News","item":"https:\/\/www.tapasmagazine.es\/en\/categorias\/news\/"},{"@type":"ListItem","position":3,"name":"VICIO opens its first restaurant in Mallorca"}]},{"@type":"WebSite","@id":"https:\/\/www.tapasmagazine.es\/#website","url":"https:\/\/www.tapasmagazine.es\/","name":"Tapas","description":"\u00d1am \u00d1am Lifestyle. La vida a bocados. Premio Nacional de Gastronom\u00eda 2016.","publisher":{"@id":"https:\/\/www.tapasmagazine.es\/#organization"},"potentialAction":[{"@type":"SearchAction","target":{"@type":"EntryPoint","urlTemplate":"https:\/\/www.tapasmagazine.es\/?s={search_term_string}"},"query-input":{"@type":"PropertyValueSpecification","valueRequired":true,"valueName":"search_term_string"}}],"inLanguage":"en-US"},{"@type":"Organization","@id":"https:\/\/www.tapasmagazine.es\/#organization","name":"Tapas Magazine","url":"https:\/\/www.tapasmagazine.es\/","logo":{"@type":"ImageObject","inLanguage":"en-US","@id":"https:\/\/www.tapasmagazine.es\/#\/schema\/logo\/image\/","url":"https:\/\/www.tapasmagazine.es\/wp-content\/uploads\/2018\/01\/logo.png","contentUrl":"https:\/\/www.tapasmagazine.es\/wp-content\/uploads\/2018\/01\/logo.png","width":180,"height":60,"caption":"Tapas Magazine"},"image":{"@id":"https:\/\/www.tapasmagazine.es\/#\/schema\/logo\/image\/"},"sameAs":["https:\/\/www.facebook.com\/tapasmagazine","https:\/\/x.com\/TapasMagazine","https:\/\/www.instagram.com\/tapasmagazine\/","https:\/\/www.linkedin.com\/company\/tapas-magazine","https:\/\/es.pinterest.com\/tapasmagazine\/","https:\/\/www.youtube.com\/channel\/UCEyxneAaACuR0lfDagrWjjg?sub_confirmation=1"]},{"@type":"Person","@id":"https:\/\/www.tapasmagazine.es\/#\/schema\/person\/eb46cbe76a9c8f062660eb609e3ecb4e","name":"Laura P\u00e9rez","url":"https:\/\/www.tapasmagazine.es\/en\/author\/laura-perez\/"}]}},"_links":{"self":[{"href":"https:\/\/www.tapasmagazine.es\/en\/wp-json\/wp\/v2\/posts\/263687","targetHints":{"allow":["GET"]}}],"collection":[{"href":"https:\/\/www.tapasmagazine.es\/en\/wp-json\/wp\/v2\/posts"}],"about":[{"href":"https:\/\/www.tapasmagazine.es\/en\/wp-json\/wp\/v2\/types\/post"}],"author":[{"embeddable":true,"href":"https:\/\/www.tapasmagazine.es\/en\/wp-json\/wp\/v2\/users\/285"}],"replies":[{"embeddable":true,"href":"https:\/\/www.tapasmagazine.es\/en\/wp-json\/wp\/v2\/comments?post=263687"}],"version-history":[{"count":2,"href":"https:\/\/www.tapasmagazine.es\/en\/wp-json\/wp\/v2\/posts\/263687\/revisions"}],"predecessor-version":[{"id":263734,"href":"https:\/\/www.tapasmagazine.es\/en\/wp-json\/wp\/v2\/posts\/263687\/revisions\/263734"}],"wp:featuredmedia":[{"embeddable":true,"href":"https:\/\/www.tapasmagazine.es\/en\/wp-json\/wp\/v2\/media\/263674"}],"wp:attachment":[{"href":"https:\/\/www.tapasmagazine.es\/en\/wp-json\/wp\/v2\/media?parent=263687"}],"wp:term":[{"taxonomy":"category","embeddable":true,"href":"https:\/\/www.tapasmagazine.es\/en\/wp-json\/wp\/v2\/categories?post=263687"},{"taxonomy":"post_tag","embeddable":true,"href":"https:\/\/www.tapasmagazine.es\/en\/wp-json\/wp\/v2\/tags?post=263687"}],"curies":[{"name":"wp","href":"https:\/\/api.w.org\/{rel}","templated":true}]}}