{"id":263664,"date":"2024-09-24T12:58:35","date_gmt":"2024-09-24T10:58:35","guid":{"rendered":"https:\/\/www.tapasmagazine.es\/mariang-se-sienta-en-la-sobremesa-exquisita-de-la-corte\/"},"modified":"2024-09-24T13:03:04","modified_gmt":"2024-09-24T11:03:04","slug":"mariang-stars-first-episode-of-la-corte","status":"publish","type":"post","link":"https:\/\/www.tapasmagazine.es\/en\/mariang-stars-first-episode-of-la-corte\/","title":{"rendered":"Mariang stars in the first episode of \u2018La Corte\u2019"},"content":{"rendered":"\n<p><strong>Click\u00a0<a href=\"https:\/\/www.tapasmagazine.es\/mariang-se-sienta-en-la-sobremesa-exquisita-de-la-corte\/\" target=\"_blank\" rel=\"noreferrer noopener\">here<\/a>\u00a0to read the Spanish version.<\/strong><\/p>\n\n\n\n<p>That altered state of consciousness and senses that induces the pleasure of an exquisite banquet will be felt by the protagonists of <strong>La Corte<\/strong>&#8216;s audiovisual pieces as they share their most intimate after-dinner stories with the public.<\/p>\n\n\n\n<p><strong>La Corte<\/strong> presents this new creative entertainment format that will take place in \u2018an exquisite after-dinner meal\u2019 in which a series of emerging urban talents will sit down and transcend the codes of communication with their speeches and testimonies.<\/p>\n\n\n\n<figure class=\"wp-block-image size-large\"><img decoding=\"async\" width=\"1024\" height=\"683\" src=\"https:\/\/www.tapasmagazine.es\/wp-content\/uploads\/2024\/09\/lacorte-mariang-2-1024x683.jpg\" alt=\"\" class=\"wp-image-263646\" srcset=\"https:\/\/www.tapasmagazine.es\/wp-content\/uploads\/2024\/09\/lacorte-mariang-2-1024x683.jpg 1024w, https:\/\/www.tapasmagazine.es\/wp-content\/uploads\/2024\/09\/lacorte-mariang-2-300x200.jpg 300w, https:\/\/www.tapasmagazine.es\/wp-content\/uploads\/2024\/09\/lacorte-mariang-2-768x513.jpg 768w, https:\/\/www.tapasmagazine.es\/wp-content\/uploads\/2024\/09\/lacorte-mariang-2-1536x1025.jpg 1536w, https:\/\/www.tapasmagazine.es\/wp-content\/uploads\/2024\/09\/lacorte-mariang-2-2048x1367.jpg 2048w, https:\/\/www.tapasmagazine.es\/wp-content\/uploads\/2024\/09\/lacorte-mariang-2-1000x667.jpg 1000w, https:\/\/www.tapasmagazine.es\/wp-content\/uploads\/2024\/09\/lacorte-mariang-2-400x267.jpg 400w\" sizes=\"(max-width: 1024px) 100vw, 1024px\" \/><\/figure>\n\n\n\n<p><strong>Mariang<\/strong> (@capulla-sixtina), from the podcast \u2018La Pija y la Quinqui\u2019, is the talent who has debuted in this new aesthetic show that will revolve around gastronomy. The podcaster, model and artist from Cartagena -who starred on the cover of the 95th issue of Tapas- studied Fine Arts in Madrid and has worked as a scriptwriter for Gen Playz and Cuerpos Especiales, as well as participating in many other projects of cultural interest.<\/p>\n\n\n\n<figure class=\"wp-block-gallery has-nested-images columns-default is-cropped wp-block-gallery-1 is-layout-flex wp-block-gallery-is-layout-flex\">\n<figure class=\"wp-block-image size-large\"><img decoding=\"async\" width=\"684\" height=\"1024\" data-id=\"263648\" src=\"https:\/\/www.tapasmagazine.es\/wp-content\/uploads\/2024\/09\/001_LACORTE_MARIANG-12-684x1024.jpg\" alt=\"\" class=\"wp-image-263648\" srcset=\"https:\/\/www.tapasmagazine.es\/wp-content\/uploads\/2024\/09\/001_LACORTE_MARIANG-12-684x1024.jpg 684w, https:\/\/www.tapasmagazine.es\/wp-content\/uploads\/2024\/09\/001_LACORTE_MARIANG-12-200x300.jpg 200w, https:\/\/www.tapasmagazine.es\/wp-content\/uploads\/2024\/09\/001_LACORTE_MARIANG-12-768x1150.jpg 768w, https:\/\/www.tapasmagazine.es\/wp-content\/uploads\/2024\/09\/001_LACORTE_MARIANG-12-1025x1536.jpg 1025w, https:\/\/www.tapasmagazine.es\/wp-content\/uploads\/2024\/09\/001_LACORTE_MARIANG-12-1367x2048.jpg 1367w, https:\/\/www.tapasmagazine.es\/wp-content\/uploads\/2024\/09\/001_LACORTE_MARIANG-12-1000x1498.jpg 1000w, https:\/\/www.tapasmagazine.es\/wp-content\/uploads\/2024\/09\/001_LACORTE_MARIANG-12-400x599.jpg 400w, https:\/\/www.tapasmagazine.es\/wp-content\/uploads\/2024\/09\/001_LACORTE_MARIANG-12-scaled.jpg 1709w\" sizes=\"(max-width: 684px) 100vw, 684px\" \/><\/figure>\n\n\n\n<figure class=\"wp-block-image size-large\"><img decoding=\"async\" width=\"683\" height=\"1024\" data-id=\"263650\" src=\"https:\/\/www.tapasmagazine.es\/wp-content\/uploads\/2024\/09\/001_LACORTE_MARIANG-18-683x1024.jpg\" alt=\"\" class=\"wp-image-263650\" srcset=\"https:\/\/www.tapasmagazine.es\/wp-content\/uploads\/2024\/09\/001_LACORTE_MARIANG-18-683x1024.jpg 683w, https:\/\/www.tapasmagazine.es\/wp-content\/uploads\/2024\/09\/001_LACORTE_MARIANG-18-200x300.jpg 200w, https:\/\/www.tapasmagazine.es\/wp-content\/uploads\/2024\/09\/001_LACORTE_MARIANG-18-768x1151.jpg 768w, https:\/\/www.tapasmagazine.es\/wp-content\/uploads\/2024\/09\/001_LACORTE_MARIANG-18-1025x1536.jpg 1025w, https:\/\/www.tapasmagazine.es\/wp-content\/uploads\/2024\/09\/001_LACORTE_MARIANG-18-1367x2048.jpg 1367w, https:\/\/www.tapasmagazine.es\/wp-content\/uploads\/2024\/09\/001_LACORTE_MARIANG-18-1000x1498.jpg 1000w, https:\/\/www.tapasmagazine.es\/wp-content\/uploads\/2024\/09\/001_LACORTE_MARIANG-18-400x599.jpg 400w, https:\/\/www.tapasmagazine.es\/wp-content\/uploads\/2024\/09\/001_LACORTE_MARIANG-18-scaled.jpg 1709w\" sizes=\"(max-width: 683px) 100vw, 683px\" \/><\/figure>\n<\/figure>\n\n\n\n<p>She is undoubtedly one of the voices of her generation. Mariang has her roots always present and has developed an intelligent humour that positions her as one of the best communicators of today&#8217;, say the notes of this programme, which in each episode will delve into the essence of the emerging creators of the Z generation.<\/p>\n\n\n\n<figure class=\"wp-block-embed is-type-video is-provider-youtube wp-block-embed-youtube wp-embed-aspect-16-9 wp-has-aspect-ratio\"><div class=\"wp-block-embed__wrapper\">\n<iframe title=\"Una iglesia en Moldavia, el ascensor de casa de los abuelos y salvar el mundo. Mariang x La Corte\" width=\"640\" height=\"360\" src=\"https:\/\/www.youtube.com\/embed\/TAqizOs5vh4?feature=oembed\" frameborder=\"0\" allow=\"accelerometer; autoplay; clipboard-write; encrypted-media; gyroscope; picture-in-picture; web-share\" referrerpolicy=\"strict-origin-when-cross-origin\" allowfullscreen><\/iframe>\n<\/div><\/figure>\n\n\n\n<p>La Corte will thus become the loudspeaker of an emerging urban collective connected to gastronomy, trends and cultural movements of the zeitgeist. The programme will create synergies and real connections that go beyond the screen through chapters that will be released every month on its Youtube channel.<\/p>\n","protected":false},"excerpt":{"rendered":"<p>Click\u00a0here\u00a0to read the Spanish version. That altered state of consciousness and senses that induces the pleasure of an exquisite banquet will be felt by the protagonists of La Corte&#8216;s audiovisual pieces as they share their most intimate after-dinner stories with the public. La Corte presents this new creative entertainment format that will take place in [&hellip;]<\/p>\n","protected":false},"author":285,"featured_media":263656,"comment_status":"closed","ping_status":"closed","sticky":false,"template":"","format":"standard","meta":{"_acf_changed":false,"footnotes":""},"categories":[18831,15851,15910,1],"tags":[],"class_list":["post-263664","post","type-post","status-publish","format-standard","has-post-thumbnail","hentry","category-lifestyle-en","category-nombres-propios-en","category-personajes-en","category-sin-categorizar","cat-18831-id","cat-15851-id","cat-15910-id","cat-1-id"],"acf":[],"yoast_head":"<!-- This site is optimized with the Yoast SEO plugin v27.5 - https:\/\/yoast.com\/product\/yoast-seo-wordpress\/ -->\n<title>Mariang stars in the first episode of \u2018La Corte\u2019 - Tapas<\/title>\n<meta name=\"description\" content=\"Click\u00a0here\u00a0to read the Spanish version. That altered state of consciousness and senses that induces the pleasure of an exquisite banquet will be felt by\" \/>\n<meta name=\"robots\" content=\"index, follow, max-snippet:-1, max-image-preview:large, max-video-preview:-1\" \/>\n<link rel=\"canonical\" href=\"https:\/\/www.tapasmagazine.es\/en\/mariang-stars-first-episode-of-la-corte\/\" \/>\n<meta property=\"og:locale\" content=\"en_US\" \/>\n<meta property=\"og:type\" content=\"article\" \/>\n<meta property=\"og:title\" content=\"Mariang stars in the first episode of \u2018La Corte\u2019 - Tapas\" \/>\n<meta property=\"og:description\" content=\"Click\u00a0here\u00a0to read the Spanish version. That altered state of consciousness and senses that induces the pleasure of an exquisite banquet will be felt by\" \/>\n<meta property=\"og:url\" content=\"https:\/\/www.tapasmagazine.es\/en\/mariang-stars-first-episode-of-la-corte\/\" \/>\n<meta property=\"og:site_name\" content=\"Tapas\" \/>\n<meta property=\"article:publisher\" content=\"https:\/\/www.facebook.com\/tapasmagazine\" \/>\n<meta property=\"article:published_time\" content=\"2024-09-24T10:58:35+00:00\" \/>\n<meta property=\"article:modified_time\" content=\"2024-09-24T11:03:04+00:00\" \/>\n<meta property=\"og:image\" content=\"https:\/\/www.tapasmagazine.es\/wp-content\/uploads\/2024\/09\/lacorte-mariang-1.jpg\" \/>\n\t<meta property=\"og:image:width\" content=\"1200\" \/>\n\t<meta property=\"og:image:height\" content=\"675\" \/>\n\t<meta property=\"og:image:type\" content=\"image\/jpeg\" \/>\n<meta name=\"author\" content=\"Laura P\u00e9rez\" \/>\n<meta name=\"twitter:card\" content=\"summary_large_image\" \/>\n<meta name=\"twitter:creator\" content=\"@TapasMagazine\" \/>\n<meta name=\"twitter:site\" content=\"@TapasMagazine\" \/>\n<meta name=\"twitter:label1\" content=\"Written by\" \/>\n\t<meta name=\"twitter:data1\" content=\"Laura P\u00e9rez\" \/>\n\t<meta name=\"twitter:label2\" content=\"Est. reading time\" \/>\n\t<meta name=\"twitter:data2\" content=\"2 minutes\" \/>\n<script type=\"application\/ld+json\" class=\"yoast-schema-graph\">{\"@context\":\"https:\\\/\\\/schema.org\",\"@graph\":[{\"@type\":\"Article\",\"@id\":\"https:\\\/\\\/www.tapasmagazine.es\\\/en\\\/mariang-stars-first-episode-of-la-corte\\\/#article\",\"isPartOf\":{\"@id\":\"https:\\\/\\\/www.tapasmagazine.es\\\/en\\\/mariang-stars-first-episode-of-la-corte\\\/\"},\"author\":{\"name\":\"Laura P\u00e9rez\",\"@id\":\"https:\\\/\\\/www.tapasmagazine.es\\\/#\\\/schema\\\/person\\\/eb46cbe76a9c8f062660eb609e3ecb4e\"},\"headline\":\"Mariang stars in the first episode of \u2018La Corte\u2019\",\"datePublished\":\"2024-09-24T10:58:35+00:00\",\"dateModified\":\"2024-09-24T11:03:04+00:00\",\"mainEntityOfPage\":{\"@id\":\"https:\\\/\\\/www.tapasmagazine.es\\\/en\\\/mariang-stars-first-episode-of-la-corte\\\/\"},\"wordCount\":280,\"publisher\":{\"@id\":\"https:\\\/\\\/www.tapasmagazine.es\\\/#organization\"},\"image\":{\"@id\":\"https:\\\/\\\/www.tapasmagazine.es\\\/en\\\/mariang-stars-first-episode-of-la-corte\\\/#primaryimage\"},\"thumbnailUrl\":\"https:\\\/\\\/www.tapasmagazine.es\\\/wp-content\\\/uploads\\\/2024\\\/09\\\/lacorte-mariang-1.jpg\",\"articleSection\":[\"Lifestyle\",\"Nombres propios\",\"Personajes\",\"Sin categorizar\"],\"inLanguage\":\"en-US\"},{\"@type\":\"WebPage\",\"@id\":\"https:\\\/\\\/www.tapasmagazine.es\\\/en\\\/mariang-stars-first-episode-of-la-corte\\\/\",\"url\":\"https:\\\/\\\/www.tapasmagazine.es\\\/en\\\/mariang-stars-first-episode-of-la-corte\\\/\",\"name\":\"Mariang stars in the first episode of \u2018La Corte\u2019 - Tapas\",\"isPartOf\":{\"@id\":\"https:\\\/\\\/www.tapasmagazine.es\\\/#website\"},\"primaryImageOfPage\":{\"@id\":\"https:\\\/\\\/www.tapasmagazine.es\\\/en\\\/mariang-stars-first-episode-of-la-corte\\\/#primaryimage\"},\"image\":{\"@id\":\"https:\\\/\\\/www.tapasmagazine.es\\\/en\\\/mariang-stars-first-episode-of-la-corte\\\/#primaryimage\"},\"thumbnailUrl\":\"https:\\\/\\\/www.tapasmagazine.es\\\/wp-content\\\/uploads\\\/2024\\\/09\\\/lacorte-mariang-1.jpg\",\"datePublished\":\"2024-09-24T10:58:35+00:00\",\"dateModified\":\"2024-09-24T11:03:04+00:00\",\"description\":\"Click\u00a0here\u00a0to read the Spanish version. That altered state of consciousness and senses that induces the pleasure of an exquisite banquet will be felt by\",\"breadcrumb\":{\"@id\":\"https:\\\/\\\/www.tapasmagazine.es\\\/en\\\/mariang-stars-first-episode-of-la-corte\\\/#breadcrumb\"},\"inLanguage\":\"en-US\",\"potentialAction\":[{\"@type\":\"ReadAction\",\"target\":[\"https:\\\/\\\/www.tapasmagazine.es\\\/en\\\/mariang-stars-first-episode-of-la-corte\\\/\"]}]},{\"@type\":\"ImageObject\",\"inLanguage\":\"en-US\",\"@id\":\"https:\\\/\\\/www.tapasmagazine.es\\\/en\\\/mariang-stars-first-episode-of-la-corte\\\/#primaryimage\",\"url\":\"https:\\\/\\\/www.tapasmagazine.es\\\/wp-content\\\/uploads\\\/2024\\\/09\\\/lacorte-mariang-1.jpg\",\"contentUrl\":\"https:\\\/\\\/www.tapasmagazine.es\\\/wp-content\\\/uploads\\\/2024\\\/09\\\/lacorte-mariang-1.jpg\",\"width\":1200,\"height\":675},{\"@type\":\"BreadcrumbList\",\"@id\":\"https:\\\/\\\/www.tapasmagazine.es\\\/en\\\/mariang-stars-first-episode-of-la-corte\\\/#breadcrumb\",\"itemListElement\":[{\"@type\":\"ListItem\",\"position\":1,\"name\":\"Portada\",\"item\":\"https:\\\/\\\/www.tapasmagazine.es\\\/\"},{\"@type\":\"ListItem\",\"position\":2,\"name\":\"Sin categorizar\",\"item\":\"https:\\\/\\\/www.tapasmagazine.es\\\/categorias\\\/sin-categorizar\\\/\"},{\"@type\":\"ListItem\",\"position\":3,\"name\":\"Mariang stars in the first episode of \u2018La Corte\u2019\"}]},{\"@type\":\"WebSite\",\"@id\":\"https:\\\/\\\/www.tapasmagazine.es\\\/#website\",\"url\":\"https:\\\/\\\/www.tapasmagazine.es\\\/\",\"name\":\"Tapas\",\"description\":\"\u00d1am \u00d1am Lifestyle. La vida a bocados. Premio Nacional de Gastronom\u00eda 2016.\",\"publisher\":{\"@id\":\"https:\\\/\\\/www.tapasmagazine.es\\\/#organization\"},\"potentialAction\":[{\"@type\":\"SearchAction\",\"target\":{\"@type\":\"EntryPoint\",\"urlTemplate\":\"https:\\\/\\\/www.tapasmagazine.es\\\/?s={search_term_string}\"},\"query-input\":{\"@type\":\"PropertyValueSpecification\",\"valueRequired\":true,\"valueName\":\"search_term_string\"}}],\"inLanguage\":\"en-US\"},{\"@type\":\"Organization\",\"@id\":\"https:\\\/\\\/www.tapasmagazine.es\\\/#organization\",\"name\":\"Tapas Magazine\",\"url\":\"https:\\\/\\\/www.tapasmagazine.es\\\/\",\"logo\":{\"@type\":\"ImageObject\",\"inLanguage\":\"en-US\",\"@id\":\"https:\\\/\\\/www.tapasmagazine.es\\\/#\\\/schema\\\/logo\\\/image\\\/\",\"url\":\"https:\\\/\\\/www.tapasmagazine.es\\\/wp-content\\\/uploads\\\/2018\\\/01\\\/logo.png\",\"contentUrl\":\"https:\\\/\\\/www.tapasmagazine.es\\\/wp-content\\\/uploads\\\/2018\\\/01\\\/logo.png\",\"width\":180,\"height\":60,\"caption\":\"Tapas Magazine\"},\"image\":{\"@id\":\"https:\\\/\\\/www.tapasmagazine.es\\\/#\\\/schema\\\/logo\\\/image\\\/\"},\"sameAs\":[\"https:\\\/\\\/www.facebook.com\\\/tapasmagazine\",\"https:\\\/\\\/x.com\\\/TapasMagazine\",\"https:\\\/\\\/www.instagram.com\\\/tapasmagazine\\\/\",\"https:\\\/\\\/www.linkedin.com\\\/company\\\/tapas-magazine\",\"https:\\\/\\\/es.pinterest.com\\\/tapasmagazine\\\/\",\"https:\\\/\\\/www.youtube.com\\\/channel\\\/UCEyxneAaACuR0lfDagrWjjg?sub_confirmation=1\"]},{\"@type\":\"Person\",\"@id\":\"https:\\\/\\\/www.tapasmagazine.es\\\/#\\\/schema\\\/person\\\/eb46cbe76a9c8f062660eb609e3ecb4e\",\"name\":\"Laura P\u00e9rez\",\"url\":\"https:\\\/\\\/www.tapasmagazine.es\\\/en\\\/author\\\/laura-perez\\\/\"}]}<\/script>\n<!-- \/ Yoast SEO plugin. -->","yoast_head_json":{"title":"Mariang stars in the first episode of \u2018La Corte\u2019 - Tapas","description":"Click\u00a0here\u00a0to read the Spanish version. That altered state of consciousness and senses that induces the pleasure of an exquisite banquet will be felt by","robots":{"index":"index","follow":"follow","max-snippet":"max-snippet:-1","max-image-preview":"max-image-preview:large","max-video-preview":"max-video-preview:-1"},"canonical":"https:\/\/www.tapasmagazine.es\/en\/mariang-stars-first-episode-of-la-corte\/","og_locale":"en_US","og_type":"article","og_title":"Mariang stars in the first episode of \u2018La Corte\u2019 - Tapas","og_description":"Click\u00a0here\u00a0to read the Spanish version. That altered state of consciousness and senses that induces the pleasure of an exquisite banquet will be felt by","og_url":"https:\/\/www.tapasmagazine.es\/en\/mariang-stars-first-episode-of-la-corte\/","og_site_name":"Tapas","article_publisher":"https:\/\/www.facebook.com\/tapasmagazine","article_published_time":"2024-09-24T10:58:35+00:00","article_modified_time":"2024-09-24T11:03:04+00:00","og_image":[{"width":1200,"height":675,"url":"https:\/\/www.tapasmagazine.es\/wp-content\/uploads\/2024\/09\/lacorte-mariang-1.jpg","type":"image\/jpeg"}],"author":"Laura P\u00e9rez","twitter_card":"summary_large_image","twitter_creator":"@TapasMagazine","twitter_site":"@TapasMagazine","twitter_misc":{"Written by":"Laura P\u00e9rez","Est. reading time":"2 minutes"},"schema":{"@context":"https:\/\/schema.org","@graph":[{"@type":"Article","@id":"https:\/\/www.tapasmagazine.es\/en\/mariang-stars-first-episode-of-la-corte\/#article","isPartOf":{"@id":"https:\/\/www.tapasmagazine.es\/en\/mariang-stars-first-episode-of-la-corte\/"},"author":{"name":"Laura P\u00e9rez","@id":"https:\/\/www.tapasmagazine.es\/#\/schema\/person\/eb46cbe76a9c8f062660eb609e3ecb4e"},"headline":"Mariang stars in the first episode of \u2018La Corte\u2019","datePublished":"2024-09-24T10:58:35+00:00","dateModified":"2024-09-24T11:03:04+00:00","mainEntityOfPage":{"@id":"https:\/\/www.tapasmagazine.es\/en\/mariang-stars-first-episode-of-la-corte\/"},"wordCount":280,"publisher":{"@id":"https:\/\/www.tapasmagazine.es\/#organization"},"image":{"@id":"https:\/\/www.tapasmagazine.es\/en\/mariang-stars-first-episode-of-la-corte\/#primaryimage"},"thumbnailUrl":"https:\/\/www.tapasmagazine.es\/wp-content\/uploads\/2024\/09\/lacorte-mariang-1.jpg","articleSection":["Lifestyle","Nombres propios","Personajes","Sin categorizar"],"inLanguage":"en-US"},{"@type":"WebPage","@id":"https:\/\/www.tapasmagazine.es\/en\/mariang-stars-first-episode-of-la-corte\/","url":"https:\/\/www.tapasmagazine.es\/en\/mariang-stars-first-episode-of-la-corte\/","name":"Mariang stars in the first episode of \u2018La Corte\u2019 - Tapas","isPartOf":{"@id":"https:\/\/www.tapasmagazine.es\/#website"},"primaryImageOfPage":{"@id":"https:\/\/www.tapasmagazine.es\/en\/mariang-stars-first-episode-of-la-corte\/#primaryimage"},"image":{"@id":"https:\/\/www.tapasmagazine.es\/en\/mariang-stars-first-episode-of-la-corte\/#primaryimage"},"thumbnailUrl":"https:\/\/www.tapasmagazine.es\/wp-content\/uploads\/2024\/09\/lacorte-mariang-1.jpg","datePublished":"2024-09-24T10:58:35+00:00","dateModified":"2024-09-24T11:03:04+00:00","description":"Click\u00a0here\u00a0to read the Spanish version. That altered state of consciousness and senses that induces the pleasure of an exquisite banquet will be felt by","breadcrumb":{"@id":"https:\/\/www.tapasmagazine.es\/en\/mariang-stars-first-episode-of-la-corte\/#breadcrumb"},"inLanguage":"en-US","potentialAction":[{"@type":"ReadAction","target":["https:\/\/www.tapasmagazine.es\/en\/mariang-stars-first-episode-of-la-corte\/"]}]},{"@type":"ImageObject","inLanguage":"en-US","@id":"https:\/\/www.tapasmagazine.es\/en\/mariang-stars-first-episode-of-la-corte\/#primaryimage","url":"https:\/\/www.tapasmagazine.es\/wp-content\/uploads\/2024\/09\/lacorte-mariang-1.jpg","contentUrl":"https:\/\/www.tapasmagazine.es\/wp-content\/uploads\/2024\/09\/lacorte-mariang-1.jpg","width":1200,"height":675},{"@type":"BreadcrumbList","@id":"https:\/\/www.tapasmagazine.es\/en\/mariang-stars-first-episode-of-la-corte\/#breadcrumb","itemListElement":[{"@type":"ListItem","position":1,"name":"Portada","item":"https:\/\/www.tapasmagazine.es\/"},{"@type":"ListItem","position":2,"name":"Sin categorizar","item":"https:\/\/www.tapasmagazine.es\/categorias\/sin-categorizar\/"},{"@type":"ListItem","position":3,"name":"Mariang stars in the first episode of \u2018La Corte\u2019"}]},{"@type":"WebSite","@id":"https:\/\/www.tapasmagazine.es\/#website","url":"https:\/\/www.tapasmagazine.es\/","name":"Tapas","description":"\u00d1am \u00d1am Lifestyle. La vida a bocados. Premio Nacional de Gastronom\u00eda 2016.","publisher":{"@id":"https:\/\/www.tapasmagazine.es\/#organization"},"potentialAction":[{"@type":"SearchAction","target":{"@type":"EntryPoint","urlTemplate":"https:\/\/www.tapasmagazine.es\/?s={search_term_string}"},"query-input":{"@type":"PropertyValueSpecification","valueRequired":true,"valueName":"search_term_string"}}],"inLanguage":"en-US"},{"@type":"Organization","@id":"https:\/\/www.tapasmagazine.es\/#organization","name":"Tapas Magazine","url":"https:\/\/www.tapasmagazine.es\/","logo":{"@type":"ImageObject","inLanguage":"en-US","@id":"https:\/\/www.tapasmagazine.es\/#\/schema\/logo\/image\/","url":"https:\/\/www.tapasmagazine.es\/wp-content\/uploads\/2018\/01\/logo.png","contentUrl":"https:\/\/www.tapasmagazine.es\/wp-content\/uploads\/2018\/01\/logo.png","width":180,"height":60,"caption":"Tapas Magazine"},"image":{"@id":"https:\/\/www.tapasmagazine.es\/#\/schema\/logo\/image\/"},"sameAs":["https:\/\/www.facebook.com\/tapasmagazine","https:\/\/x.com\/TapasMagazine","https:\/\/www.instagram.com\/tapasmagazine\/","https:\/\/www.linkedin.com\/company\/tapas-magazine","https:\/\/es.pinterest.com\/tapasmagazine\/","https:\/\/www.youtube.com\/channel\/UCEyxneAaACuR0lfDagrWjjg?sub_confirmation=1"]},{"@type":"Person","@id":"https:\/\/www.tapasmagazine.es\/#\/schema\/person\/eb46cbe76a9c8f062660eb609e3ecb4e","name":"Laura P\u00e9rez","url":"https:\/\/www.tapasmagazine.es\/en\/author\/laura-perez\/"}]}},"_links":{"self":[{"href":"https:\/\/www.tapasmagazine.es\/en\/wp-json\/wp\/v2\/posts\/263664","targetHints":{"allow":["GET"]}}],"collection":[{"href":"https:\/\/www.tapasmagazine.es\/en\/wp-json\/wp\/v2\/posts"}],"about":[{"href":"https:\/\/www.tapasmagazine.es\/en\/wp-json\/wp\/v2\/types\/post"}],"author":[{"embeddable":true,"href":"https:\/\/www.tapasmagazine.es\/en\/wp-json\/wp\/v2\/users\/285"}],"replies":[{"embeddable":true,"href":"https:\/\/www.tapasmagazine.es\/en\/wp-json\/wp\/v2\/comments?post=263664"}],"version-history":[{"count":2,"href":"https:\/\/www.tapasmagazine.es\/en\/wp-json\/wp\/v2\/posts\/263664\/revisions"}],"predecessor-version":[{"id":263671,"href":"https:\/\/www.tapasmagazine.es\/en\/wp-json\/wp\/v2\/posts\/263664\/revisions\/263671"}],"wp:featuredmedia":[{"embeddable":true,"href":"https:\/\/www.tapasmagazine.es\/en\/wp-json\/wp\/v2\/media\/263656"}],"wp:attachment":[{"href":"https:\/\/www.tapasmagazine.es\/en\/wp-json\/wp\/v2\/media?parent=263664"}],"wp:term":[{"taxonomy":"category","embeddable":true,"href":"https:\/\/www.tapasmagazine.es\/en\/wp-json\/wp\/v2\/categories?post=263664"},{"taxonomy":"post_tag","embeddable":true,"href":"https:\/\/www.tapasmagazine.es\/en\/wp-json\/wp\/v2\/tags?post=263664"}],"curies":[{"name":"wp","href":"https:\/\/api.w.org\/{rel}","templated":true}]}}