{"id":263403,"date":"2024-09-18T13:53:46","date_gmt":"2024-09-18T11:53:46","guid":{"rendered":"https:\/\/www.tapasmagazine.es\/zara-abre-una-nueva-concept-store-con-pasteleria-en-lisboa\/"},"modified":"2024-09-18T13:56:26","modified_gmt":"2024-09-18T11:56:26","slug":"zara-opens-new-concept-store-with-patisserie-in-lisbon","status":"publish","type":"post","link":"https:\/\/www.tapasmagazine.es\/en\/zara-opens-new-concept-store-with-patisserie-in-lisbon\/","title":{"rendered":"Zara opens new concept store with patisserie in Lisbon"},"content":{"rendered":"\n<p><strong>Click\u00a0<a href=\"https:\/\/www.tapasmagazine.es\/zara-abre-una-nueva-concept-store-con-pasteleria-en-lisboa\/\" target=\"_blank\" rel=\"noreferrer noopener\">here<\/a>\u00a0to read the Spanish version.<\/strong><\/p>\n\n\n\n<p><strong>Zara<\/strong> has now wanted to pay tribute to<strong> Portuguese culture<\/strong> with a high-end patisserie where you can savour the iconic pasteis de nata with a coffee from the emblematic<strong> Pra\u00e7a Dom Pedro IV<\/strong>.<\/p>\n\n\n\n<p>The brand continues to design experiences that extend the simple act of buying and selling of the employee-customer with this conceptual and experiential shop installed in the heart of the city. A vision or strategy with which to elevate its collections and favour a differential contact of the consumer with the product through technology and innovation.<\/p>\n\n\n<div class=\"wp-block-image\">\n<figure class=\"aligncenter size-large is-resized\"><img decoding=\"async\" width=\"819\" height=\"1024\" src=\"https:\/\/www.tapasmagazine.es\/wp-content\/uploads\/2024\/09\/e-1-819x1024.jpg\" alt=\"\" class=\"wp-image-263390\" style=\"width:973px;height:auto\" srcset=\"https:\/\/www.tapasmagazine.es\/wp-content\/uploads\/2024\/09\/e-1-819x1024.jpg 819w, https:\/\/www.tapasmagazine.es\/wp-content\/uploads\/2024\/09\/e-1-240x300.jpg 240w, https:\/\/www.tapasmagazine.es\/wp-content\/uploads\/2024\/09\/e-1-768x960.jpg 768w, https:\/\/www.tapasmagazine.es\/wp-content\/uploads\/2024\/09\/e-1-1000x1250.jpg 1000w, https:\/\/www.tapasmagazine.es\/wp-content\/uploads\/2024\/09\/e-1-400x500.jpg 400w, https:\/\/www.tapasmagazine.es\/wp-content\/uploads\/2024\/09\/e-1.jpg 1080w\" sizes=\"(max-width: 819px) 100vw, 819px\" \/><\/figure>\n<\/div>\n\n\n<p>This new space, which evokes the aesthetics and essence of a classic patisserie with a contemporary twist, is the result of a collaboration with cult patisserie <strong>Castro Atelier<\/strong>. There, at <strong>Zara by Castro<\/strong>, customers will be able to enjoy speciality coffees and other sweet treats amidst \u2018a unique, contemporary atmosphere full of history and memories\u2019.<\/p>\n\n\n\n<figure class=\"wp-block-gallery has-nested-images columns-default is-cropped wp-block-gallery-1 is-layout-flex wp-block-gallery-is-layout-flex\">\n<figure class=\"wp-block-image size-large\"><img decoding=\"async\" width=\"819\" height=\"1024\" data-id=\"263393\" src=\"https:\/\/www.tapasmagazine.es\/wp-content\/uploads\/2024\/09\/ss-819x1024.jpg\" alt=\"\" class=\"wp-image-263393\" srcset=\"https:\/\/www.tapasmagazine.es\/wp-content\/uploads\/2024\/09\/ss-819x1024.jpg 819w, https:\/\/www.tapasmagazine.es\/wp-content\/uploads\/2024\/09\/ss-240x300.jpg 240w, https:\/\/www.tapasmagazine.es\/wp-content\/uploads\/2024\/09\/ss-768x960.jpg 768w, https:\/\/www.tapasmagazine.es\/wp-content\/uploads\/2024\/09\/ss-1000x1250.jpg 1000w, https:\/\/www.tapasmagazine.es\/wp-content\/uploads\/2024\/09\/ss-400x500.jpg 400w, https:\/\/www.tapasmagazine.es\/wp-content\/uploads\/2024\/09\/ss.jpg 1080w\" sizes=\"(max-width: 819px) 100vw, 819px\" \/><\/figure>\n\n\n\n<figure class=\"wp-block-image size-large\"><img decoding=\"async\" width=\"819\" height=\"1024\" data-id=\"263392\" src=\"https:\/\/www.tapasmagazine.es\/wp-content\/uploads\/2024\/09\/xc-819x1024.jpg\" alt=\"\" class=\"wp-image-263392\" srcset=\"https:\/\/www.tapasmagazine.es\/wp-content\/uploads\/2024\/09\/xc-819x1024.jpg 819w, https:\/\/www.tapasmagazine.es\/wp-content\/uploads\/2024\/09\/xc-240x300.jpg 240w, https:\/\/www.tapasmagazine.es\/wp-content\/uploads\/2024\/09\/xc-768x960.jpg 768w, https:\/\/www.tapasmagazine.es\/wp-content\/uploads\/2024\/09\/xc-1000x1250.jpg 1000w, https:\/\/www.tapasmagazine.es\/wp-content\/uploads\/2024\/09\/xc-400x500.jpg 400w, https:\/\/www.tapasmagazine.es\/wp-content\/uploads\/2024\/09\/xc.jpg 1080w\" sizes=\"(max-width: 819px) 100vw, 819px\" \/><\/figure>\n<\/figure>\n\n\n\n<p><strong>Zara by Castro<\/strong> materialises as a caf\u00e9 and patisserie designed under the vision of the Portuguese artisan tradition of Elsa Urquijo Arquitectos, where you can taste its cream cakes served on designer crockery. All this together with Portuguese coffees or some classics such as Cappuccino or Matcha Latte.<\/p>\n","protected":false},"excerpt":{"rendered":"<p>Click\u00a0here\u00a0to read the Spanish version. Zara has now wanted to pay tribute to Portuguese culture with a high-end patisserie where you can savour the iconic pasteis de nata with a coffee from the emblematic Pra\u00e7a Dom Pedro IV. The brand continues to design experiences that extend the simple act of buying and selling of the [&hellip;]<\/p>\n","protected":false},"author":285,"featured_media":263389,"comment_status":"closed","ping_status":"closed","sticky":false,"template":"","format":"standard","meta":{"_acf_changed":false,"footnotes":""},"categories":[18831,1],"tags":[15891,18971],"class_list":["post-263403","post","type-post","status-publish","format-standard","has-post-thumbnail","hentry","category-lifestyle-en","category-sin-categorizar","tag-pasteleria-en","tag-zara-en","cat-18831-id","cat-1-id"],"acf":[],"yoast_head":"<!-- This site is optimized with the Yoast SEO plugin v27.4 - https:\/\/yoast.com\/product\/yoast-seo-wordpress\/ -->\n<title>Zara opens new concept store with patisserie in Lisbon - Tapas<\/title>\n<meta name=\"description\" content=\"Click\u00a0here\u00a0to read the Spanish version. Zara has now wanted to pay tribute to Portuguese culture with a high-end patisserie where you can savour the\" \/>\n<meta name=\"robots\" content=\"index, follow, max-snippet:-1, max-image-preview:large, max-video-preview:-1\" \/>\n<link rel=\"canonical\" href=\"https:\/\/www.tapasmagazine.es\/en\/zara-opens-new-concept-store-with-patisserie-in-lisbon\/\" \/>\n<meta property=\"og:locale\" content=\"en_US\" \/>\n<meta property=\"og:type\" content=\"article\" \/>\n<meta property=\"og:title\" content=\"Zara opens new concept store with patisserie in Lisbon - Tapas\" \/>\n<meta property=\"og:description\" content=\"Click\u00a0here\u00a0to read the Spanish version. Zara has now wanted to pay tribute to Portuguese culture with a high-end patisserie where you can savour the\" \/>\n<meta property=\"og:url\" content=\"https:\/\/www.tapasmagazine.es\/en\/zara-opens-new-concept-store-with-patisserie-in-lisbon\/\" \/>\n<meta property=\"og:site_name\" content=\"Tapas\" \/>\n<meta property=\"article:publisher\" content=\"https:\/\/www.facebook.com\/tapasmagazine\" \/>\n<meta property=\"article:published_time\" content=\"2024-09-18T11:53:46+00:00\" \/>\n<meta property=\"article:modified_time\" content=\"2024-09-18T11:56:26+00:00\" \/>\n<meta property=\"og:image\" content=\"https:\/\/www.tapasmagazine.es\/wp-content\/uploads\/2024\/09\/zara-cafe-lisboa-1.jpg\" \/>\n\t<meta property=\"og:image:width\" content=\"1200\" \/>\n\t<meta property=\"og:image:height\" content=\"675\" \/>\n\t<meta property=\"og:image:type\" content=\"image\/jpeg\" \/>\n<meta name=\"author\" content=\"Laura P\u00e9rez\" \/>\n<meta name=\"twitter:card\" content=\"summary_large_image\" \/>\n<meta name=\"twitter:creator\" content=\"@TapasMagazine\" \/>\n<meta name=\"twitter:site\" content=\"@TapasMagazine\" \/>\n<meta name=\"twitter:label1\" content=\"Written by\" \/>\n\t<meta name=\"twitter:data1\" content=\"Laura P\u00e9rez\" \/>\n\t<meta name=\"twitter:label2\" content=\"Est. reading time\" \/>\n\t<meta name=\"twitter:data2\" content=\"2 minutes\" \/>\n<script type=\"application\/ld+json\" class=\"yoast-schema-graph\">{\"@context\":\"https:\\\/\\\/schema.org\",\"@graph\":[{\"@type\":\"Article\",\"@id\":\"https:\\\/\\\/www.tapasmagazine.es\\\/en\\\/zara-opens-new-concept-store-with-patisserie-in-lisbon\\\/#article\",\"isPartOf\":{\"@id\":\"https:\\\/\\\/www.tapasmagazine.es\\\/en\\\/zara-opens-new-concept-store-with-patisserie-in-lisbon\\\/\"},\"author\":{\"name\":\"Laura P\u00e9rez\",\"@id\":\"https:\\\/\\\/www.tapasmagazine.es\\\/#\\\/schema\\\/person\\\/eb46cbe76a9c8f062660eb609e3ecb4e\"},\"headline\":\"Zara opens new concept store with patisserie in Lisbon\",\"datePublished\":\"2024-09-18T11:53:46+00:00\",\"dateModified\":\"2024-09-18T11:56:26+00:00\",\"mainEntityOfPage\":{\"@id\":\"https:\\\/\\\/www.tapasmagazine.es\\\/en\\\/zara-opens-new-concept-store-with-patisserie-in-lisbon\\\/\"},\"wordCount\":209,\"publisher\":{\"@id\":\"https:\\\/\\\/www.tapasmagazine.es\\\/#organization\"},\"image\":{\"@id\":\"https:\\\/\\\/www.tapasmagazine.es\\\/en\\\/zara-opens-new-concept-store-with-patisserie-in-lisbon\\\/#primaryimage\"},\"thumbnailUrl\":\"https:\\\/\\\/www.tapasmagazine.es\\\/wp-content\\\/uploads\\\/2024\\\/09\\\/zara-cafe-lisboa-1.jpg\",\"keywords\":[\"pasteler\u00eda\",\"ZARA\"],\"articleSection\":[\"Lifestyle\",\"Sin categorizar\"],\"inLanguage\":\"en-US\"},{\"@type\":\"WebPage\",\"@id\":\"https:\\\/\\\/www.tapasmagazine.es\\\/en\\\/zara-opens-new-concept-store-with-patisserie-in-lisbon\\\/\",\"url\":\"https:\\\/\\\/www.tapasmagazine.es\\\/en\\\/zara-opens-new-concept-store-with-patisserie-in-lisbon\\\/\",\"name\":\"Zara opens new concept store with patisserie in Lisbon - Tapas\",\"isPartOf\":{\"@id\":\"https:\\\/\\\/www.tapasmagazine.es\\\/#website\"},\"primaryImageOfPage\":{\"@id\":\"https:\\\/\\\/www.tapasmagazine.es\\\/en\\\/zara-opens-new-concept-store-with-patisserie-in-lisbon\\\/#primaryimage\"},\"image\":{\"@id\":\"https:\\\/\\\/www.tapasmagazine.es\\\/en\\\/zara-opens-new-concept-store-with-patisserie-in-lisbon\\\/#primaryimage\"},\"thumbnailUrl\":\"https:\\\/\\\/www.tapasmagazine.es\\\/wp-content\\\/uploads\\\/2024\\\/09\\\/zara-cafe-lisboa-1.jpg\",\"datePublished\":\"2024-09-18T11:53:46+00:00\",\"dateModified\":\"2024-09-18T11:56:26+00:00\",\"description\":\"Click\u00a0here\u00a0to read the Spanish version. Zara has now wanted to pay tribute to Portuguese culture with a high-end patisserie where you can savour the\",\"breadcrumb\":{\"@id\":\"https:\\\/\\\/www.tapasmagazine.es\\\/en\\\/zara-opens-new-concept-store-with-patisserie-in-lisbon\\\/#breadcrumb\"},\"inLanguage\":\"en-US\",\"potentialAction\":[{\"@type\":\"ReadAction\",\"target\":[\"https:\\\/\\\/www.tapasmagazine.es\\\/en\\\/zara-opens-new-concept-store-with-patisserie-in-lisbon\\\/\"]}]},{\"@type\":\"ImageObject\",\"inLanguage\":\"en-US\",\"@id\":\"https:\\\/\\\/www.tapasmagazine.es\\\/en\\\/zara-opens-new-concept-store-with-patisserie-in-lisbon\\\/#primaryimage\",\"url\":\"https:\\\/\\\/www.tapasmagazine.es\\\/wp-content\\\/uploads\\\/2024\\\/09\\\/zara-cafe-lisboa-1.jpg\",\"contentUrl\":\"https:\\\/\\\/www.tapasmagazine.es\\\/wp-content\\\/uploads\\\/2024\\\/09\\\/zara-cafe-lisboa-1.jpg\",\"width\":1200,\"height\":675},{\"@type\":\"BreadcrumbList\",\"@id\":\"https:\\\/\\\/www.tapasmagazine.es\\\/en\\\/zara-opens-new-concept-store-with-patisserie-in-lisbon\\\/#breadcrumb\",\"itemListElement\":[{\"@type\":\"ListItem\",\"position\":1,\"name\":\"Portada\",\"item\":\"https:\\\/\\\/www.tapasmagazine.es\\\/\"},{\"@type\":\"ListItem\",\"position\":2,\"name\":\"Sin categorizar\",\"item\":\"https:\\\/\\\/www.tapasmagazine.es\\\/categorias\\\/sin-categorizar\\\/\"},{\"@type\":\"ListItem\",\"position\":3,\"name\":\"Zara opens new concept store with patisserie in Lisbon\"}]},{\"@type\":\"WebSite\",\"@id\":\"https:\\\/\\\/www.tapasmagazine.es\\\/#website\",\"url\":\"https:\\\/\\\/www.tapasmagazine.es\\\/\",\"name\":\"Tapas\",\"description\":\"\u00d1am \u00d1am Lifestyle. La vida a bocados. Premio Nacional de Gastronom\u00eda 2016.\",\"publisher\":{\"@id\":\"https:\\\/\\\/www.tapasmagazine.es\\\/#organization\"},\"potentialAction\":[{\"@type\":\"SearchAction\",\"target\":{\"@type\":\"EntryPoint\",\"urlTemplate\":\"https:\\\/\\\/www.tapasmagazine.es\\\/?s={search_term_string}\"},\"query-input\":{\"@type\":\"PropertyValueSpecification\",\"valueRequired\":true,\"valueName\":\"search_term_string\"}}],\"inLanguage\":\"en-US\"},{\"@type\":\"Organization\",\"@id\":\"https:\\\/\\\/www.tapasmagazine.es\\\/#organization\",\"name\":\"Tapas Magazine\",\"url\":\"https:\\\/\\\/www.tapasmagazine.es\\\/\",\"logo\":{\"@type\":\"ImageObject\",\"inLanguage\":\"en-US\",\"@id\":\"https:\\\/\\\/www.tapasmagazine.es\\\/#\\\/schema\\\/logo\\\/image\\\/\",\"url\":\"https:\\\/\\\/www.tapasmagazine.es\\\/wp-content\\\/uploads\\\/2018\\\/01\\\/logo.png\",\"contentUrl\":\"https:\\\/\\\/www.tapasmagazine.es\\\/wp-content\\\/uploads\\\/2018\\\/01\\\/logo.png\",\"width\":180,\"height\":60,\"caption\":\"Tapas Magazine\"},\"image\":{\"@id\":\"https:\\\/\\\/www.tapasmagazine.es\\\/#\\\/schema\\\/logo\\\/image\\\/\"},\"sameAs\":[\"https:\\\/\\\/www.facebook.com\\\/tapasmagazine\",\"https:\\\/\\\/x.com\\\/TapasMagazine\",\"https:\\\/\\\/www.instagram.com\\\/tapasmagazine\\\/\",\"https:\\\/\\\/www.linkedin.com\\\/company\\\/tapas-magazine\",\"https:\\\/\\\/es.pinterest.com\\\/tapasmagazine\\\/\",\"https:\\\/\\\/www.youtube.com\\\/channel\\\/UCEyxneAaACuR0lfDagrWjjg?sub_confirmation=1\"]},{\"@type\":\"Person\",\"@id\":\"https:\\\/\\\/www.tapasmagazine.es\\\/#\\\/schema\\\/person\\\/eb46cbe76a9c8f062660eb609e3ecb4e\",\"name\":\"Laura P\u00e9rez\",\"url\":\"https:\\\/\\\/www.tapasmagazine.es\\\/en\\\/author\\\/laura-perez\\\/\"}]}<\/script>\n<!-- \/ Yoast SEO plugin. -->","yoast_head_json":{"title":"Zara opens new concept store with patisserie in Lisbon - Tapas","description":"Click\u00a0here\u00a0to read the Spanish version. Zara has now wanted to pay tribute to Portuguese culture with a high-end patisserie where you can savour the","robots":{"index":"index","follow":"follow","max-snippet":"max-snippet:-1","max-image-preview":"max-image-preview:large","max-video-preview":"max-video-preview:-1"},"canonical":"https:\/\/www.tapasmagazine.es\/en\/zara-opens-new-concept-store-with-patisserie-in-lisbon\/","og_locale":"en_US","og_type":"article","og_title":"Zara opens new concept store with patisserie in Lisbon - Tapas","og_description":"Click\u00a0here\u00a0to read the Spanish version. Zara has now wanted to pay tribute to Portuguese culture with a high-end patisserie where you can savour the","og_url":"https:\/\/www.tapasmagazine.es\/en\/zara-opens-new-concept-store-with-patisserie-in-lisbon\/","og_site_name":"Tapas","article_publisher":"https:\/\/www.facebook.com\/tapasmagazine","article_published_time":"2024-09-18T11:53:46+00:00","article_modified_time":"2024-09-18T11:56:26+00:00","og_image":[{"width":1200,"height":675,"url":"https:\/\/www.tapasmagazine.es\/wp-content\/uploads\/2024\/09\/zara-cafe-lisboa-1.jpg","type":"image\/jpeg"}],"author":"Laura P\u00e9rez","twitter_card":"summary_large_image","twitter_creator":"@TapasMagazine","twitter_site":"@TapasMagazine","twitter_misc":{"Written by":"Laura P\u00e9rez","Est. reading time":"2 minutes"},"schema":{"@context":"https:\/\/schema.org","@graph":[{"@type":"Article","@id":"https:\/\/www.tapasmagazine.es\/en\/zara-opens-new-concept-store-with-patisserie-in-lisbon\/#article","isPartOf":{"@id":"https:\/\/www.tapasmagazine.es\/en\/zara-opens-new-concept-store-with-patisserie-in-lisbon\/"},"author":{"name":"Laura P\u00e9rez","@id":"https:\/\/www.tapasmagazine.es\/#\/schema\/person\/eb46cbe76a9c8f062660eb609e3ecb4e"},"headline":"Zara opens new concept store with patisserie in Lisbon","datePublished":"2024-09-18T11:53:46+00:00","dateModified":"2024-09-18T11:56:26+00:00","mainEntityOfPage":{"@id":"https:\/\/www.tapasmagazine.es\/en\/zara-opens-new-concept-store-with-patisserie-in-lisbon\/"},"wordCount":209,"publisher":{"@id":"https:\/\/www.tapasmagazine.es\/#organization"},"image":{"@id":"https:\/\/www.tapasmagazine.es\/en\/zara-opens-new-concept-store-with-patisserie-in-lisbon\/#primaryimage"},"thumbnailUrl":"https:\/\/www.tapasmagazine.es\/wp-content\/uploads\/2024\/09\/zara-cafe-lisboa-1.jpg","keywords":["pasteler\u00eda","ZARA"],"articleSection":["Lifestyle","Sin categorizar"],"inLanguage":"en-US"},{"@type":"WebPage","@id":"https:\/\/www.tapasmagazine.es\/en\/zara-opens-new-concept-store-with-patisserie-in-lisbon\/","url":"https:\/\/www.tapasmagazine.es\/en\/zara-opens-new-concept-store-with-patisserie-in-lisbon\/","name":"Zara opens new concept store with patisserie in Lisbon - Tapas","isPartOf":{"@id":"https:\/\/www.tapasmagazine.es\/#website"},"primaryImageOfPage":{"@id":"https:\/\/www.tapasmagazine.es\/en\/zara-opens-new-concept-store-with-patisserie-in-lisbon\/#primaryimage"},"image":{"@id":"https:\/\/www.tapasmagazine.es\/en\/zara-opens-new-concept-store-with-patisserie-in-lisbon\/#primaryimage"},"thumbnailUrl":"https:\/\/www.tapasmagazine.es\/wp-content\/uploads\/2024\/09\/zara-cafe-lisboa-1.jpg","datePublished":"2024-09-18T11:53:46+00:00","dateModified":"2024-09-18T11:56:26+00:00","description":"Click\u00a0here\u00a0to read the Spanish version. Zara has now wanted to pay tribute to Portuguese culture with a high-end patisserie where you can savour the","breadcrumb":{"@id":"https:\/\/www.tapasmagazine.es\/en\/zara-opens-new-concept-store-with-patisserie-in-lisbon\/#breadcrumb"},"inLanguage":"en-US","potentialAction":[{"@type":"ReadAction","target":["https:\/\/www.tapasmagazine.es\/en\/zara-opens-new-concept-store-with-patisserie-in-lisbon\/"]}]},{"@type":"ImageObject","inLanguage":"en-US","@id":"https:\/\/www.tapasmagazine.es\/en\/zara-opens-new-concept-store-with-patisserie-in-lisbon\/#primaryimage","url":"https:\/\/www.tapasmagazine.es\/wp-content\/uploads\/2024\/09\/zara-cafe-lisboa-1.jpg","contentUrl":"https:\/\/www.tapasmagazine.es\/wp-content\/uploads\/2024\/09\/zara-cafe-lisboa-1.jpg","width":1200,"height":675},{"@type":"BreadcrumbList","@id":"https:\/\/www.tapasmagazine.es\/en\/zara-opens-new-concept-store-with-patisserie-in-lisbon\/#breadcrumb","itemListElement":[{"@type":"ListItem","position":1,"name":"Portada","item":"https:\/\/www.tapasmagazine.es\/"},{"@type":"ListItem","position":2,"name":"Sin categorizar","item":"https:\/\/www.tapasmagazine.es\/categorias\/sin-categorizar\/"},{"@type":"ListItem","position":3,"name":"Zara opens new concept store with patisserie in Lisbon"}]},{"@type":"WebSite","@id":"https:\/\/www.tapasmagazine.es\/#website","url":"https:\/\/www.tapasmagazine.es\/","name":"Tapas","description":"\u00d1am \u00d1am Lifestyle. La vida a bocados. Premio Nacional de Gastronom\u00eda 2016.","publisher":{"@id":"https:\/\/www.tapasmagazine.es\/#organization"},"potentialAction":[{"@type":"SearchAction","target":{"@type":"EntryPoint","urlTemplate":"https:\/\/www.tapasmagazine.es\/?s={search_term_string}"},"query-input":{"@type":"PropertyValueSpecification","valueRequired":true,"valueName":"search_term_string"}}],"inLanguage":"en-US"},{"@type":"Organization","@id":"https:\/\/www.tapasmagazine.es\/#organization","name":"Tapas Magazine","url":"https:\/\/www.tapasmagazine.es\/","logo":{"@type":"ImageObject","inLanguage":"en-US","@id":"https:\/\/www.tapasmagazine.es\/#\/schema\/logo\/image\/","url":"https:\/\/www.tapasmagazine.es\/wp-content\/uploads\/2018\/01\/logo.png","contentUrl":"https:\/\/www.tapasmagazine.es\/wp-content\/uploads\/2018\/01\/logo.png","width":180,"height":60,"caption":"Tapas Magazine"},"image":{"@id":"https:\/\/www.tapasmagazine.es\/#\/schema\/logo\/image\/"},"sameAs":["https:\/\/www.facebook.com\/tapasmagazine","https:\/\/x.com\/TapasMagazine","https:\/\/www.instagram.com\/tapasmagazine\/","https:\/\/www.linkedin.com\/company\/tapas-magazine","https:\/\/es.pinterest.com\/tapasmagazine\/","https:\/\/www.youtube.com\/channel\/UCEyxneAaACuR0lfDagrWjjg?sub_confirmation=1"]},{"@type":"Person","@id":"https:\/\/www.tapasmagazine.es\/#\/schema\/person\/eb46cbe76a9c8f062660eb609e3ecb4e","name":"Laura P\u00e9rez","url":"https:\/\/www.tapasmagazine.es\/en\/author\/laura-perez\/"}]}},"_links":{"self":[{"href":"https:\/\/www.tapasmagazine.es\/en\/wp-json\/wp\/v2\/posts\/263403","targetHints":{"allow":["GET"]}}],"collection":[{"href":"https:\/\/www.tapasmagazine.es\/en\/wp-json\/wp\/v2\/posts"}],"about":[{"href":"https:\/\/www.tapasmagazine.es\/en\/wp-json\/wp\/v2\/types\/post"}],"author":[{"embeddable":true,"href":"https:\/\/www.tapasmagazine.es\/en\/wp-json\/wp\/v2\/users\/285"}],"replies":[{"embeddable":true,"href":"https:\/\/www.tapasmagazine.es\/en\/wp-json\/wp\/v2\/comments?post=263403"}],"version-history":[{"count":1,"href":"https:\/\/www.tapasmagazine.es\/en\/wp-json\/wp\/v2\/posts\/263403\/revisions"}],"predecessor-version":[{"id":263410,"href":"https:\/\/www.tapasmagazine.es\/en\/wp-json\/wp\/v2\/posts\/263403\/revisions\/263410"}],"wp:featuredmedia":[{"embeddable":true,"href":"https:\/\/www.tapasmagazine.es\/en\/wp-json\/wp\/v2\/media\/263389"}],"wp:attachment":[{"href":"https:\/\/www.tapasmagazine.es\/en\/wp-json\/wp\/v2\/media?parent=263403"}],"wp:term":[{"taxonomy":"category","embeddable":true,"href":"https:\/\/www.tapasmagazine.es\/en\/wp-json\/wp\/v2\/categories?post=263403"},{"taxonomy":"post_tag","embeddable":true,"href":"https:\/\/www.tapasmagazine.es\/en\/wp-json\/wp\/v2\/tags?post=263403"}],"curies":[{"name":"wp","href":"https:\/\/api.w.org\/{rel}","templated":true}]}}