{"id":262904,"date":"2024-09-16T11:32:25","date_gmt":"2024-09-16T09:32:25","guid":{"rendered":"https:\/\/www.tapasmagazine.es\/hombre-del-dia-gonzalo-entrecanales-presidente-de-entrecanales-domeneq-e-hijos-adquiere-la-historica-vina-de-la-tula\/"},"modified":"2024-09-16T16:00:18","modified_gmt":"2024-09-16T14:00:18","slug":"man-of-the-day-gonzalo-entrecanales-acquires-historic-la-tula-vineyard","status":"publish","type":"post","link":"https:\/\/www.tapasmagazine.es\/en\/man-of-the-day-gonzalo-entrecanales-acquires-historic-la-tula-vineyard\/","title":{"rendered":"Man of the day: Gonzalo Entrecanales, chairman of Entrecanales Domecq e Hijos, acquires historic La Tula vineyard"},"content":{"rendered":"\n<p><strong>Click\u00a0<a href=\"https:\/\/www.tapasmagazine.es\/hombre-del-dia-gonzalo-entrecanales-presidente-de-entrecanales-domecq-e-hijos-adquiere-la-historica-vina-de-la-tula\/\" target=\"_blank\" rel=\"noreferrer noopener\">here<\/a>\u00a0to read the Spanish version.<\/strong><\/p>\n\n\n\n<p>The son of <strong>Jos\u00e9 Manuel Entrecanales<\/strong>, chairman of Acciona, and <strong>Mar\u00eda Carri\u00f3n<\/strong>, photographer, restaurateur and president of the NGO Musicians in Action, is in charge of the executive presidency of the Entrecanales Domecq e Hijos family winery. Now, he is adding another winemaking project to a historical legacy of more than two centuries: the acquisition of the <strong>La Tula<\/strong> vineyard by the winemaking group she manages.<\/p>\n\n\n\n<p>The wine company will extend its presence to six Spanish designations of origin, after achieving remarkable results, such as a turnover of 28.9 million in 2022, which has allowed it to remain at the top of the sector at a national level.<\/p>\n\n\n\n<p><strong>Gonzalo Entrecanales<\/strong> plays a key role in continuing the legacy and history of the family business, which is now extending its influence by acquiring one of the most important wineries in Jerez, the La Tula vineyard, which will allow Entrecanales Domenecq to produce a single-vineyard wine in the vineyard itself. This is a strategic move with which the company intends to reinforce its concept of boutique projects, which Gonzalo has been leading for the last four years.<\/p>\n\n\n\n<p>We have embarked on a project that requires special dedication. That is why we will take a few years to study the vineyard in depth and come up with a wine that conveys the peculiarities and idiosyncrasies of its unique soils and climatology&#8217;, he reveals in relation to the operation.<\/p>\n\n\n\n<p>With the purchase of<strong> La Tula<\/strong>, Entrecanales Domecq e Hijos brings together in its universe more than six projects in the most important appellations of origin in Spain, including wineries such as \u2018Caser\u00edo de Due\u00f1as\u2019, attached to the D.O. Rueda and based in Villaverde de Medina (Valladolid) or \u2018Finca Anzil\u2019, attached to the D.O. Toro and based in Villanueva del Puente (Zamora).<\/p>\n","protected":false},"excerpt":{"rendered":"<p>Click\u00a0here\u00a0to read the Spanish version. The son of Jos\u00e9 Manuel Entrecanales, chairman of Acciona, and Mar\u00eda Carri\u00f3n, photographer, restaurateur and president of the NGO Musicians in Action, is in charge of the executive presidency of the Entrecanales Domecq e Hijos family winery. Now, he is adding another winemaking project to a historical legacy of more [&hellip;]<\/p>\n","protected":false},"author":318,"featured_media":262899,"comment_status":"closed","ping_status":"closed","sticky":false,"template":"","format":"standard","meta":{"_acf_changed":false,"footnotes":""},"categories":[15851,15910],"tags":[],"class_list":["post-262904","post","type-post","status-publish","format-standard","has-post-thumbnail","hentry","category-nombres-propios-en","category-personajes-en","cat-15851-id","cat-15910-id"],"acf":[],"yoast_head":"<!-- This site is optimized with the Yoast SEO plugin v27.5 - https:\/\/yoast.com\/product\/yoast-seo-wordpress\/ -->\n<title>Man of the day: Gonzalo Entrecanales, chairman of Entrecanales Domecq e Hijos, acquires historic La Tula vineyard - Tapas<\/title>\n<meta name=\"description\" content=\"Click\u00a0here\u00a0to read the Spanish version. The son of Jos\u00e9 Manuel Entrecanales, chairman of Acciona, and Mar\u00eda Carri\u00f3n, photographer, restaurateur and\" \/>\n<meta name=\"robots\" content=\"index, follow, max-snippet:-1, max-image-preview:large, max-video-preview:-1\" \/>\n<link rel=\"canonical\" href=\"https:\/\/www.tapasmagazine.es\/en\/man-of-the-day-gonzalo-entrecanales-acquires-historic-la-tula-vineyard\/\" \/>\n<meta property=\"og:locale\" content=\"en_US\" \/>\n<meta property=\"og:type\" content=\"article\" \/>\n<meta property=\"og:title\" content=\"Man of the day: Gonzalo Entrecanales, chairman of Entrecanales Domecq e Hijos, acquires historic La Tula vineyard - Tapas\" \/>\n<meta property=\"og:description\" content=\"Click\u00a0here\u00a0to read the Spanish version. The son of Jos\u00e9 Manuel Entrecanales, chairman of Acciona, and Mar\u00eda Carri\u00f3n, photographer, restaurateur and\" \/>\n<meta property=\"og:url\" content=\"https:\/\/www.tapasmagazine.es\/en\/man-of-the-day-gonzalo-entrecanales-acquires-historic-la-tula-vineyard\/\" \/>\n<meta property=\"og:site_name\" content=\"Tapas\" \/>\n<meta property=\"article:publisher\" content=\"https:\/\/www.facebook.com\/tapasmagazine\" \/>\n<meta property=\"article:published_time\" content=\"2024-09-16T09:32:25+00:00\" \/>\n<meta property=\"article:modified_time\" content=\"2024-09-16T14:00:18+00:00\" \/>\n<meta property=\"og:image\" content=\"https:\/\/www.tapasmagazine.es\/wp-content\/uploads\/2024\/09\/hhhh.jpg\" \/>\n\t<meta property=\"og:image:width\" content=\"1200\" \/>\n\t<meta property=\"og:image:height\" content=\"675\" \/>\n\t<meta property=\"og:image:type\" content=\"image\/jpeg\" \/>\n<meta name=\"author\" content=\"Tapas Magazine\" \/>\n<meta name=\"twitter:card\" content=\"summary_large_image\" \/>\n<meta name=\"twitter:creator\" content=\"@TapasMagazine\" \/>\n<meta name=\"twitter:site\" content=\"@TapasMagazine\" \/>\n<meta name=\"twitter:label1\" content=\"Written by\" \/>\n\t<meta name=\"twitter:data1\" content=\"Tapas Magazine\" \/>\n\t<meta name=\"twitter:label2\" content=\"Est. reading time\" \/>\n\t<meta name=\"twitter:data2\" content=\"2 minutes\" \/>\n<script type=\"application\/ld+json\" class=\"yoast-schema-graph\">{\"@context\":\"https:\\\/\\\/schema.org\",\"@graph\":[{\"@type\":\"Article\",\"@id\":\"https:\\\/\\\/www.tapasmagazine.es\\\/en\\\/man-of-the-day-gonzalo-entrecanales-acquires-historic-la-tula-vineyard\\\/#article\",\"isPartOf\":{\"@id\":\"https:\\\/\\\/www.tapasmagazine.es\\\/en\\\/man-of-the-day-gonzalo-entrecanales-acquires-historic-la-tula-vineyard\\\/\"},\"author\":{\"name\":\"Tapas Magazine\",\"@id\":\"https:\\\/\\\/www.tapasmagazine.es\\\/#\\\/schema\\\/person\\\/ea9005ac2d36a0c25f3e81c47da0182f\"},\"headline\":\"Man of the day: Gonzalo Entrecanales, chairman of Entrecanales Domecq e Hijos, acquires historic La Tula vineyard\",\"datePublished\":\"2024-09-16T09:32:25+00:00\",\"dateModified\":\"2024-09-16T14:00:18+00:00\",\"mainEntityOfPage\":{\"@id\":\"https:\\\/\\\/www.tapasmagazine.es\\\/en\\\/man-of-the-day-gonzalo-entrecanales-acquires-historic-la-tula-vineyard\\\/\"},\"wordCount\":325,\"publisher\":{\"@id\":\"https:\\\/\\\/www.tapasmagazine.es\\\/#organization\"},\"image\":{\"@id\":\"https:\\\/\\\/www.tapasmagazine.es\\\/en\\\/man-of-the-day-gonzalo-entrecanales-acquires-historic-la-tula-vineyard\\\/#primaryimage\"},\"thumbnailUrl\":\"https:\\\/\\\/www.tapasmagazine.es\\\/wp-content\\\/uploads\\\/2024\\\/09\\\/hhhh.jpg\",\"articleSection\":[\"Nombres propios\",\"Personajes\"],\"inLanguage\":\"en-US\"},{\"@type\":\"WebPage\",\"@id\":\"https:\\\/\\\/www.tapasmagazine.es\\\/en\\\/man-of-the-day-gonzalo-entrecanales-acquires-historic-la-tula-vineyard\\\/\",\"url\":\"https:\\\/\\\/www.tapasmagazine.es\\\/en\\\/man-of-the-day-gonzalo-entrecanales-acquires-historic-la-tula-vineyard\\\/\",\"name\":\"Man of the day: Gonzalo Entrecanales, chairman of Entrecanales Domecq e Hijos, acquires historic La Tula vineyard - Tapas\",\"isPartOf\":{\"@id\":\"https:\\\/\\\/www.tapasmagazine.es\\\/#website\"},\"primaryImageOfPage\":{\"@id\":\"https:\\\/\\\/www.tapasmagazine.es\\\/en\\\/man-of-the-day-gonzalo-entrecanales-acquires-historic-la-tula-vineyard\\\/#primaryimage\"},\"image\":{\"@id\":\"https:\\\/\\\/www.tapasmagazine.es\\\/en\\\/man-of-the-day-gonzalo-entrecanales-acquires-historic-la-tula-vineyard\\\/#primaryimage\"},\"thumbnailUrl\":\"https:\\\/\\\/www.tapasmagazine.es\\\/wp-content\\\/uploads\\\/2024\\\/09\\\/hhhh.jpg\",\"datePublished\":\"2024-09-16T09:32:25+00:00\",\"dateModified\":\"2024-09-16T14:00:18+00:00\",\"description\":\"Click\u00a0here\u00a0to read the Spanish version. The son of Jos\u00e9 Manuel Entrecanales, chairman of Acciona, and Mar\u00eda Carri\u00f3n, photographer, restaurateur and\",\"breadcrumb\":{\"@id\":\"https:\\\/\\\/www.tapasmagazine.es\\\/en\\\/man-of-the-day-gonzalo-entrecanales-acquires-historic-la-tula-vineyard\\\/#breadcrumb\"},\"inLanguage\":\"en-US\",\"potentialAction\":[{\"@type\":\"ReadAction\",\"target\":[\"https:\\\/\\\/www.tapasmagazine.es\\\/en\\\/man-of-the-day-gonzalo-entrecanales-acquires-historic-la-tula-vineyard\\\/\"]}]},{\"@type\":\"ImageObject\",\"inLanguage\":\"en-US\",\"@id\":\"https:\\\/\\\/www.tapasmagazine.es\\\/en\\\/man-of-the-day-gonzalo-entrecanales-acquires-historic-la-tula-vineyard\\\/#primaryimage\",\"url\":\"https:\\\/\\\/www.tapasmagazine.es\\\/wp-content\\\/uploads\\\/2024\\\/09\\\/hhhh.jpg\",\"contentUrl\":\"https:\\\/\\\/www.tapasmagazine.es\\\/wp-content\\\/uploads\\\/2024\\\/09\\\/hhhh.jpg\",\"width\":1200,\"height\":675},{\"@type\":\"BreadcrumbList\",\"@id\":\"https:\\\/\\\/www.tapasmagazine.es\\\/en\\\/man-of-the-day-gonzalo-entrecanales-acquires-historic-la-tula-vineyard\\\/#breadcrumb\",\"itemListElement\":[{\"@type\":\"ListItem\",\"position\":1,\"name\":\"Portada\",\"item\":\"https:\\\/\\\/www.tapasmagazine.es\\\/\"},{\"@type\":\"ListItem\",\"position\":2,\"name\":\"Nombres propios\",\"item\":\"https:\\\/\\\/www.tapasmagazine.es\\\/en\\\/categorias\\\/nombres-propios-en\\\/\"},{\"@type\":\"ListItem\",\"position\":3,\"name\":\"Man of the day: Gonzalo Entrecanales, chairman of Entrecanales Domecq e Hijos, acquires historic La Tula vineyard\"}]},{\"@type\":\"WebSite\",\"@id\":\"https:\\\/\\\/www.tapasmagazine.es\\\/#website\",\"url\":\"https:\\\/\\\/www.tapasmagazine.es\\\/\",\"name\":\"Tapas\",\"description\":\"\u00d1am \u00d1am Lifestyle. La vida a bocados. Premio Nacional de Gastronom\u00eda 2016.\",\"publisher\":{\"@id\":\"https:\\\/\\\/www.tapasmagazine.es\\\/#organization\"},\"potentialAction\":[{\"@type\":\"SearchAction\",\"target\":{\"@type\":\"EntryPoint\",\"urlTemplate\":\"https:\\\/\\\/www.tapasmagazine.es\\\/?s={search_term_string}\"},\"query-input\":{\"@type\":\"PropertyValueSpecification\",\"valueRequired\":true,\"valueName\":\"search_term_string\"}}],\"inLanguage\":\"en-US\"},{\"@type\":\"Organization\",\"@id\":\"https:\\\/\\\/www.tapasmagazine.es\\\/#organization\",\"name\":\"Tapas Magazine\",\"url\":\"https:\\\/\\\/www.tapasmagazine.es\\\/\",\"logo\":{\"@type\":\"ImageObject\",\"inLanguage\":\"en-US\",\"@id\":\"https:\\\/\\\/www.tapasmagazine.es\\\/#\\\/schema\\\/logo\\\/image\\\/\",\"url\":\"https:\\\/\\\/www.tapasmagazine.es\\\/wp-content\\\/uploads\\\/2018\\\/01\\\/logo.png\",\"contentUrl\":\"https:\\\/\\\/www.tapasmagazine.es\\\/wp-content\\\/uploads\\\/2018\\\/01\\\/logo.png\",\"width\":180,\"height\":60,\"caption\":\"Tapas Magazine\"},\"image\":{\"@id\":\"https:\\\/\\\/www.tapasmagazine.es\\\/#\\\/schema\\\/logo\\\/image\\\/\"},\"sameAs\":[\"https:\\\/\\\/www.facebook.com\\\/tapasmagazine\",\"https:\\\/\\\/x.com\\\/TapasMagazine\",\"https:\\\/\\\/www.instagram.com\\\/tapasmagazine\\\/\",\"https:\\\/\\\/www.linkedin.com\\\/company\\\/tapas-magazine\",\"https:\\\/\\\/es.pinterest.com\\\/tapasmagazine\\\/\",\"https:\\\/\\\/www.youtube.com\\\/channel\\\/UCEyxneAaACuR0lfDagrWjjg?sub_confirmation=1\"]},{\"@type\":\"Person\",\"@id\":\"https:\\\/\\\/www.tapasmagazine.es\\\/#\\\/schema\\\/person\\\/ea9005ac2d36a0c25f3e81c47da0182f\",\"name\":\"Tapas Magazine\",\"url\":\"https:\\\/\\\/www.tapasmagazine.es\\\/en\\\/author\\\/tapas-magazine\\\/\"}]}<\/script>\n<!-- \/ Yoast SEO plugin. -->","yoast_head_json":{"title":"Man of the day: Gonzalo Entrecanales, chairman of Entrecanales Domecq e Hijos, acquires historic La Tula vineyard - Tapas","description":"Click\u00a0here\u00a0to read the Spanish version. The son of Jos\u00e9 Manuel Entrecanales, chairman of Acciona, and Mar\u00eda Carri\u00f3n, photographer, restaurateur and","robots":{"index":"index","follow":"follow","max-snippet":"max-snippet:-1","max-image-preview":"max-image-preview:large","max-video-preview":"max-video-preview:-1"},"canonical":"https:\/\/www.tapasmagazine.es\/en\/man-of-the-day-gonzalo-entrecanales-acquires-historic-la-tula-vineyard\/","og_locale":"en_US","og_type":"article","og_title":"Man of the day: Gonzalo Entrecanales, chairman of Entrecanales Domecq e Hijos, acquires historic La Tula vineyard - Tapas","og_description":"Click\u00a0here\u00a0to read the Spanish version. The son of Jos\u00e9 Manuel Entrecanales, chairman of Acciona, and Mar\u00eda Carri\u00f3n, photographer, restaurateur and","og_url":"https:\/\/www.tapasmagazine.es\/en\/man-of-the-day-gonzalo-entrecanales-acquires-historic-la-tula-vineyard\/","og_site_name":"Tapas","article_publisher":"https:\/\/www.facebook.com\/tapasmagazine","article_published_time":"2024-09-16T09:32:25+00:00","article_modified_time":"2024-09-16T14:00:18+00:00","og_image":[{"width":1200,"height":675,"url":"https:\/\/www.tapasmagazine.es\/wp-content\/uploads\/2024\/09\/hhhh.jpg","type":"image\/jpeg"}],"author":"Tapas Magazine","twitter_card":"summary_large_image","twitter_creator":"@TapasMagazine","twitter_site":"@TapasMagazine","twitter_misc":{"Written by":"Tapas Magazine","Est. reading time":"2 minutes"},"schema":{"@context":"https:\/\/schema.org","@graph":[{"@type":"Article","@id":"https:\/\/www.tapasmagazine.es\/en\/man-of-the-day-gonzalo-entrecanales-acquires-historic-la-tula-vineyard\/#article","isPartOf":{"@id":"https:\/\/www.tapasmagazine.es\/en\/man-of-the-day-gonzalo-entrecanales-acquires-historic-la-tula-vineyard\/"},"author":{"name":"Tapas Magazine","@id":"https:\/\/www.tapasmagazine.es\/#\/schema\/person\/ea9005ac2d36a0c25f3e81c47da0182f"},"headline":"Man of the day: Gonzalo Entrecanales, chairman of Entrecanales Domecq e Hijos, acquires historic La Tula vineyard","datePublished":"2024-09-16T09:32:25+00:00","dateModified":"2024-09-16T14:00:18+00:00","mainEntityOfPage":{"@id":"https:\/\/www.tapasmagazine.es\/en\/man-of-the-day-gonzalo-entrecanales-acquires-historic-la-tula-vineyard\/"},"wordCount":325,"publisher":{"@id":"https:\/\/www.tapasmagazine.es\/#organization"},"image":{"@id":"https:\/\/www.tapasmagazine.es\/en\/man-of-the-day-gonzalo-entrecanales-acquires-historic-la-tula-vineyard\/#primaryimage"},"thumbnailUrl":"https:\/\/www.tapasmagazine.es\/wp-content\/uploads\/2024\/09\/hhhh.jpg","articleSection":["Nombres propios","Personajes"],"inLanguage":"en-US"},{"@type":"WebPage","@id":"https:\/\/www.tapasmagazine.es\/en\/man-of-the-day-gonzalo-entrecanales-acquires-historic-la-tula-vineyard\/","url":"https:\/\/www.tapasmagazine.es\/en\/man-of-the-day-gonzalo-entrecanales-acquires-historic-la-tula-vineyard\/","name":"Man of the day: Gonzalo Entrecanales, chairman of Entrecanales Domecq e Hijos, acquires historic La Tula vineyard - Tapas","isPartOf":{"@id":"https:\/\/www.tapasmagazine.es\/#website"},"primaryImageOfPage":{"@id":"https:\/\/www.tapasmagazine.es\/en\/man-of-the-day-gonzalo-entrecanales-acquires-historic-la-tula-vineyard\/#primaryimage"},"image":{"@id":"https:\/\/www.tapasmagazine.es\/en\/man-of-the-day-gonzalo-entrecanales-acquires-historic-la-tula-vineyard\/#primaryimage"},"thumbnailUrl":"https:\/\/www.tapasmagazine.es\/wp-content\/uploads\/2024\/09\/hhhh.jpg","datePublished":"2024-09-16T09:32:25+00:00","dateModified":"2024-09-16T14:00:18+00:00","description":"Click\u00a0here\u00a0to read the Spanish version. The son of Jos\u00e9 Manuel Entrecanales, chairman of Acciona, and Mar\u00eda Carri\u00f3n, photographer, restaurateur and","breadcrumb":{"@id":"https:\/\/www.tapasmagazine.es\/en\/man-of-the-day-gonzalo-entrecanales-acquires-historic-la-tula-vineyard\/#breadcrumb"},"inLanguage":"en-US","potentialAction":[{"@type":"ReadAction","target":["https:\/\/www.tapasmagazine.es\/en\/man-of-the-day-gonzalo-entrecanales-acquires-historic-la-tula-vineyard\/"]}]},{"@type":"ImageObject","inLanguage":"en-US","@id":"https:\/\/www.tapasmagazine.es\/en\/man-of-the-day-gonzalo-entrecanales-acquires-historic-la-tula-vineyard\/#primaryimage","url":"https:\/\/www.tapasmagazine.es\/wp-content\/uploads\/2024\/09\/hhhh.jpg","contentUrl":"https:\/\/www.tapasmagazine.es\/wp-content\/uploads\/2024\/09\/hhhh.jpg","width":1200,"height":675},{"@type":"BreadcrumbList","@id":"https:\/\/www.tapasmagazine.es\/en\/man-of-the-day-gonzalo-entrecanales-acquires-historic-la-tula-vineyard\/#breadcrumb","itemListElement":[{"@type":"ListItem","position":1,"name":"Portada","item":"https:\/\/www.tapasmagazine.es\/"},{"@type":"ListItem","position":2,"name":"Nombres propios","item":"https:\/\/www.tapasmagazine.es\/en\/categorias\/nombres-propios-en\/"},{"@type":"ListItem","position":3,"name":"Man of the day: Gonzalo Entrecanales, chairman of Entrecanales Domecq e Hijos, acquires historic La Tula vineyard"}]},{"@type":"WebSite","@id":"https:\/\/www.tapasmagazine.es\/#website","url":"https:\/\/www.tapasmagazine.es\/","name":"Tapas","description":"\u00d1am \u00d1am Lifestyle. La vida a bocados. Premio Nacional de Gastronom\u00eda 2016.","publisher":{"@id":"https:\/\/www.tapasmagazine.es\/#organization"},"potentialAction":[{"@type":"SearchAction","target":{"@type":"EntryPoint","urlTemplate":"https:\/\/www.tapasmagazine.es\/?s={search_term_string}"},"query-input":{"@type":"PropertyValueSpecification","valueRequired":true,"valueName":"search_term_string"}}],"inLanguage":"en-US"},{"@type":"Organization","@id":"https:\/\/www.tapasmagazine.es\/#organization","name":"Tapas Magazine","url":"https:\/\/www.tapasmagazine.es\/","logo":{"@type":"ImageObject","inLanguage":"en-US","@id":"https:\/\/www.tapasmagazine.es\/#\/schema\/logo\/image\/","url":"https:\/\/www.tapasmagazine.es\/wp-content\/uploads\/2018\/01\/logo.png","contentUrl":"https:\/\/www.tapasmagazine.es\/wp-content\/uploads\/2018\/01\/logo.png","width":180,"height":60,"caption":"Tapas Magazine"},"image":{"@id":"https:\/\/www.tapasmagazine.es\/#\/schema\/logo\/image\/"},"sameAs":["https:\/\/www.facebook.com\/tapasmagazine","https:\/\/x.com\/TapasMagazine","https:\/\/www.instagram.com\/tapasmagazine\/","https:\/\/www.linkedin.com\/company\/tapas-magazine","https:\/\/es.pinterest.com\/tapasmagazine\/","https:\/\/www.youtube.com\/channel\/UCEyxneAaACuR0lfDagrWjjg?sub_confirmation=1"]},{"@type":"Person","@id":"https:\/\/www.tapasmagazine.es\/#\/schema\/person\/ea9005ac2d36a0c25f3e81c47da0182f","name":"Tapas Magazine","url":"https:\/\/www.tapasmagazine.es\/en\/author\/tapas-magazine\/"}]}},"_links":{"self":[{"href":"https:\/\/www.tapasmagazine.es\/en\/wp-json\/wp\/v2\/posts\/262904","targetHints":{"allow":["GET"]}}],"collection":[{"href":"https:\/\/www.tapasmagazine.es\/en\/wp-json\/wp\/v2\/posts"}],"about":[{"href":"https:\/\/www.tapasmagazine.es\/en\/wp-json\/wp\/v2\/types\/post"}],"author":[{"embeddable":true,"href":"https:\/\/www.tapasmagazine.es\/en\/wp-json\/wp\/v2\/users\/318"}],"replies":[{"embeddable":true,"href":"https:\/\/www.tapasmagazine.es\/en\/wp-json\/wp\/v2\/comments?post=262904"}],"version-history":[{"count":2,"href":"https:\/\/www.tapasmagazine.es\/en\/wp-json\/wp\/v2\/posts\/262904\/revisions"}],"predecessor-version":[{"id":263003,"href":"https:\/\/www.tapasmagazine.es\/en\/wp-json\/wp\/v2\/posts\/262904\/revisions\/263003"}],"wp:featuredmedia":[{"embeddable":true,"href":"https:\/\/www.tapasmagazine.es\/en\/wp-json\/wp\/v2\/media\/262899"}],"wp:attachment":[{"href":"https:\/\/www.tapasmagazine.es\/en\/wp-json\/wp\/v2\/media?parent=262904"}],"wp:term":[{"taxonomy":"category","embeddable":true,"href":"https:\/\/www.tapasmagazine.es\/en\/wp-json\/wp\/v2\/categories?post=262904"},{"taxonomy":"post_tag","embeddable":true,"href":"https:\/\/www.tapasmagazine.es\/en\/wp-json\/wp\/v2\/tags?post=262904"}],"curies":[{"name":"wp","href":"https:\/\/api.w.org\/{rel}","templated":true}]}}