{"id":262094,"date":"2024-09-10T09:26:18","date_gmt":"2024-09-10T07:26:18","guid":{"rendered":"https:\/\/www.tapasmagazine.es\/desde-angel-leon-a-jordi-roca-estos-son-todos-los-chefs-espanoles-que-han-pasado-por-chefs-table-de-netflix\/"},"modified":"2024-09-10T09:32:27","modified_gmt":"2024-09-10T07:32:27","slug":"from-angel-leon-to-jordi-roca-these-are-all-the-spanish-chefs-who-have-been-on-netflix-chefs-table","status":"publish","type":"post","link":"https:\/\/www.tapasmagazine.es\/en\/from-angel-leon-to-jordi-roca-these-are-all-the-spanish-chefs-who-have-been-on-netflix-chefs-table\/","title":{"rendered":"From \u00c1ngel Le\u00f3n to Jordi Roca: these are all the Spanish chefs who have been on Netflix&#8217;s &#8216;Chef&#8217;s Table&#8217;"},"content":{"rendered":"\n<p><strong>Click <a href=\"https:\/\/www.tapasmagazine.es\/desde-angel-leon-a-jordi-roca-estos-son-todos-los-chefs-espanoles-que-han-pasado-por-chefs-table-de-netflix\/\" target=\"_blank\" rel=\"noreferrer noopener\">here<\/a> to read the Spanish version.<\/strong><\/p>\n\n\n\n<p><strong>Jordi Roca<\/strong>,<strong> Albert Adri\u00e0<\/strong> and <strong>\u00c1ngel Le\u00f3n <\/strong>are not only connected for representing avant-garde national cuisine, but also for having jumped to the international scene for their milestones and stellar participation in the Netflix show &#8216;<strong>Chef&#8217;s Table<\/strong>&#8216;.<\/p>\n\n\n\n<p>We take a look back at the chapters that these three Spanish chefs have starred in, all of which have elevated everything from creative pastries to innovative maritime cuisine with global impact.<\/p>\n\n\n\n<h2 class=\"wp-block-heading\">\u00c1NGEL LE\u00d3N<\/h2>\n\n\n\n<p><strong>\u00c1ngel Le\u00f3n<\/strong>, renamed the &#8216;chef of the sea&#8217; for having created ecosystems for future generations through gastronomy, is one of the last members of the new season of Chef&#8217;s Table.<\/p>\n\n\n\n<figure class=\"wp-block-image size-large is-resized\"><img decoding=\"async\" width=\"1024\" height=\"683\" src=\"https:\/\/www.tapasmagazine.es\/wp-content\/uploads\/2024\/09\/230419_Aponiente_Angel-Leon_0Z6A6207Credit_Alvaro-Fernandez-Prieto--1024x683.jpg\" alt=\"\" class=\"wp-image-262031\" style=\"width:950px;height:auto\" srcset=\"https:\/\/www.tapasmagazine.es\/wp-content\/uploads\/2024\/09\/230419_Aponiente_Angel-Leon_0Z6A6207Credit_Alvaro-Fernandez-Prieto--1024x683.jpg 1024w, https:\/\/www.tapasmagazine.es\/wp-content\/uploads\/2024\/09\/230419_Aponiente_Angel-Leon_0Z6A6207Credit_Alvaro-Fernandez-Prieto--300x200.jpg 300w, https:\/\/www.tapasmagazine.es\/wp-content\/uploads\/2024\/09\/230419_Aponiente_Angel-Leon_0Z6A6207Credit_Alvaro-Fernandez-Prieto--768x512.jpg 768w, https:\/\/www.tapasmagazine.es\/wp-content\/uploads\/2024\/09\/230419_Aponiente_Angel-Leon_0Z6A6207Credit_Alvaro-Fernandez-Prieto--1536x1024.jpg 1536w, https:\/\/www.tapasmagazine.es\/wp-content\/uploads\/2024\/09\/230419_Aponiente_Angel-Leon_0Z6A6207Credit_Alvaro-Fernandez-Prieto--2048x1365.jpg 2048w, https:\/\/www.tapasmagazine.es\/wp-content\/uploads\/2024\/09\/230419_Aponiente_Angel-Leon_0Z6A6207Credit_Alvaro-Fernandez-Prieto--1000x667.jpg 1000w, https:\/\/www.tapasmagazine.es\/wp-content\/uploads\/2024\/09\/230419_Aponiente_Angel-Leon_0Z6A6207Credit_Alvaro-Fernandez-Prieto--400x267.jpg 400w\" sizes=\"(max-width: 1024px) 100vw, 1024px\" \/><\/figure>\n\n\n\n<p><strong>Netflix <\/strong>gets into the kitchen of <strong>\u00c1ngel Le\u00f3n&#8217;s Aponiente restaurant<\/strong> to launch a new episode of the documentary series that, since it was launched in 2015 by Brian McGinn and David Gelb, stands out for offering a unique look at the chefs protagonists; revealing details of their lives, talents and passions that influence their culinary identity.<\/p>\n\n\n\n<p>The episode filmed in C\u00e1diz dedicated to Le\u00f3n focuses especially on \u00c1ngel Le\u00f3n&#8217;s discovery of &#8216;marine rice&#8217;, and on the chef&#8217;s own frustration at not having obtained funding or collaboration from any NGO to be able to cultivate it massively and thus contribute to fighting hunger in disadvantaged areas and countries.<\/p>\n\n\n<div class=\"wp-block-image\">\n<figure class=\"aligncenter size-large is-resized\"><img decoding=\"async\" width=\"1024\" height=\"683\" src=\"https:\/\/www.tapasmagazine.es\/wp-content\/uploads\/2024\/09\/230419_Aponiente_Angel-Leon_equipo_Credit_Alvaro-Fernandez-Prieto--1024x683.jpg\" alt=\"\" class=\"wp-image-262033\" style=\"width:1168px;height:auto\" srcset=\"https:\/\/www.tapasmagazine.es\/wp-content\/uploads\/2024\/09\/230419_Aponiente_Angel-Leon_equipo_Credit_Alvaro-Fernandez-Prieto--1024x683.jpg 1024w, https:\/\/www.tapasmagazine.es\/wp-content\/uploads\/2024\/09\/230419_Aponiente_Angel-Leon_equipo_Credit_Alvaro-Fernandez-Prieto--300x200.jpg 300w, https:\/\/www.tapasmagazine.es\/wp-content\/uploads\/2024\/09\/230419_Aponiente_Angel-Leon_equipo_Credit_Alvaro-Fernandez-Prieto--768x512.jpg 768w, https:\/\/www.tapasmagazine.es\/wp-content\/uploads\/2024\/09\/230419_Aponiente_Angel-Leon_equipo_Credit_Alvaro-Fernandez-Prieto--1536x1024.jpg 1536w, https:\/\/www.tapasmagazine.es\/wp-content\/uploads\/2024\/09\/230419_Aponiente_Angel-Leon_equipo_Credit_Alvaro-Fernandez-Prieto--2048x1365.jpg 2048w, https:\/\/www.tapasmagazine.es\/wp-content\/uploads\/2024\/09\/230419_Aponiente_Angel-Leon_equipo_Credit_Alvaro-Fernandez-Prieto--1000x667.jpg 1000w, https:\/\/www.tapasmagazine.es\/wp-content\/uploads\/2024\/09\/230419_Aponiente_Angel-Leon_equipo_Credit_Alvaro-Fernandez-Prieto--400x267.jpg 400w\" sizes=\"(max-width: 1024px) 100vw, 1024px\" \/><\/figure>\n<\/div>\n\n\n<p>The content includes scenes filmed at the Aponiente restaurant, in the marshes of the Bay of Cadiz Natural Park, at the Tabanco El Pasaje, at the Antonio restaurant in Zahara de los Atunes, at the Taberna Casa Manteca, at Charo&#8217;s churros stand (an endearing local character from El Puerto de Santa Maria), at the municipal market in Jerez de la Frontera and at the facilities of the tuna company Petaca Chico.<\/p>\n\n\n\n<h2 class=\"wp-block-heading\">ALBERT ADRI\u00c0<\/h2>\n\n\n\n<p>Following the chronological order of <strong>Chef&#8217;s Table<\/strong>&#8216;s audiovisual archive, we rewind to the past, to the <strong>Albert Adri\u00e0 <\/strong>episode that premiered in September 2018. The former Bulli known for exploring the limits of creativity in contemporary haute cuisine would be part of the show&#8217;s fifth season.<\/p>\n\n\n<div class=\"wp-block-image\">\n<figure class=\"aligncenter size-large is-resized\"><img decoding=\"async\" width=\"1024\" height=\"682\" src=\"https:\/\/www.tapasmagazine.es\/wp-content\/uploads\/2024\/09\/albert_adria_chefs_table.0-1024x682.webp\" alt=\"\" class=\"wp-image-262035\" style=\"width:1062px;height:auto\" srcset=\"https:\/\/www.tapasmagazine.es\/wp-content\/uploads\/2024\/09\/albert_adria_chefs_table.0-1024x682.webp 1024w, https:\/\/www.tapasmagazine.es\/wp-content\/uploads\/2024\/09\/albert_adria_chefs_table.0-300x200.webp 300w, https:\/\/www.tapasmagazine.es\/wp-content\/uploads\/2024\/09\/albert_adria_chefs_table.0-768x512.webp 768w, https:\/\/www.tapasmagazine.es\/wp-content\/uploads\/2024\/09\/albert_adria_chefs_table.0-1536x1024.webp 1536w, https:\/\/www.tapasmagazine.es\/wp-content\/uploads\/2024\/09\/albert_adria_chefs_table.0-1000x666.webp 1000w, https:\/\/www.tapasmagazine.es\/wp-content\/uploads\/2024\/09\/albert_adria_chefs_table.0-400x267.webp 400w, https:\/\/www.tapasmagazine.es\/wp-content\/uploads\/2024\/09\/albert_adria_chefs_table.0.webp 1820w\" sizes=\"(max-width: 1024px) 100vw, 1024px\" \/><\/figure>\n<\/div>\n\n\n<p>The <strong>Albert Adri\u00e0<\/strong> episode of Chef&#8217;s Table traced the history of one of the world&#8217;s most important restaurants, while showing how one of its main protagonists continues to innovate. Throughout the sequences, some of the chef&#8217;s most famous elaborations were accurately shown under a hypnotic visual perspective.<\/p>\n\n\n\n<p>People know El Bulli, but they don&#8217;t know too much about Albert Adri\u00e0&#8217;s work. It was a question, again, of observing one of the great institutions of world cuisine from an unexpected perspective. He&#8217;s a magnificent chef and we wanted to give him the opportunity to tell his story,&#8217; said series creator David Gelb about the episode.<\/p>\n\n\n<div class=\"wp-block-image\">\n<figure class=\"aligncenter size-large is-resized\"><img decoding=\"async\" width=\"1024\" height=\"576\" src=\"https:\/\/www.tapasmagazine.es\/wp-content\/uploads\/2024\/09\/L1070714-1024x576.jpg\" alt=\"\" class=\"wp-image-262037\" style=\"width:1186px;height:auto\" srcset=\"https:\/\/www.tapasmagazine.es\/wp-content\/uploads\/2024\/09\/L1070714-1024x576.jpg 1024w, https:\/\/www.tapasmagazine.es\/wp-content\/uploads\/2024\/09\/L1070714-300x169.jpg 300w, https:\/\/www.tapasmagazine.es\/wp-content\/uploads\/2024\/09\/L1070714-768x432.jpg 768w, https:\/\/www.tapasmagazine.es\/wp-content\/uploads\/2024\/09\/L1070714-1200x675.jpg 1200w, https:\/\/www.tapasmagazine.es\/wp-content\/uploads\/2024\/09\/L1070714-1000x563.jpg 1000w, https:\/\/www.tapasmagazine.es\/wp-content\/uploads\/2024\/09\/L1070714-400x225.jpg 400w, https:\/\/www.tapasmagazine.es\/wp-content\/uploads\/2024\/09\/L1070714.jpg 1500w\" sizes=\"(max-width: 1024px) 100vw, 1024px\" \/><\/figure>\n<\/div>\n\n\n<p>At the time of filming, Albert Adri\u00e0 captained the elBarri group in Barcelona with six restaurants. The chapter tells the story of how the chef begins to reclaim his place as one of the cornerstones of what was once the best restaurant in the world elBulli and explores how far he can take his creativity in the world of gastronomy. Although the documentary focused on his successful Tickets restaurant, it really centered on the opening of his latest project at the time: his futuristic restaurant <strong>Enigma<\/strong>.<\/p>\n\n\n\n<h2 class=\"wp-block-heading\">JORDI ROCA <\/h2>\n\n\n\n<p>The first Spanish chef to participate in Chef&#8217;s Table was <strong>Jordi Roca<\/strong>. The famous pastry chef would also get in front of the cameras to record an episode dedicated to pastry, and the cult of dessert.<\/p>\n\n\n<div class=\"wp-block-image\">\n<figure class=\"aligncenter size-full is-resized\"><img decoding=\"async\" width=\"448\" height=\"252\" src=\"https:\/\/www.tapasmagazine.es\/wp-content\/uploads\/2024\/09\/AAAABaWjYUrzctgMqSgeaeipIESJlsUWd5_RHllhsBgdWQ99-YYL5OLA27z7OuwmJoOgdX4eiWyy0nAYQsrPyjt5fnN9f6UAgdA_cdF8fKcT9iMzU3aXwCBFj6Yx.jpg\" alt=\"\" class=\"wp-image-262039\" style=\"width:1292px;height:auto\" srcset=\"https:\/\/www.tapasmagazine.es\/wp-content\/uploads\/2024\/09\/AAAABaWjYUrzctgMqSgeaeipIESJlsUWd5_RHllhsBgdWQ99-YYL5OLA27z7OuwmJoOgdX4eiWyy0nAYQsrPyjt5fnN9f6UAgdA_cdF8fKcT9iMzU3aXwCBFj6Yx.jpg 448w, https:\/\/www.tapasmagazine.es\/wp-content\/uploads\/2024\/09\/AAAABaWjYUrzctgMqSgeaeipIESJlsUWd5_RHllhsBgdWQ99-YYL5OLA27z7OuwmJoOgdX4eiWyy0nAYQsrPyjt5fnN9f6UAgdA_cdF8fKcT9iMzU3aXwCBFj6Yx-300x169.jpg 300w, https:\/\/www.tapasmagazine.es\/wp-content\/uploads\/2024\/09\/AAAABaWjYUrzctgMqSgeaeipIESJlsUWd5_RHllhsBgdWQ99-YYL5OLA27z7OuwmJoOgdX4eiWyy0nAYQsrPyjt5fnN9f6UAgdA_cdF8fKcT9iMzU3aXwCBFj6Yx-400x225.jpg 400w\" sizes=\"(max-width: 448px) 100vw, 448px\" \/><\/figure>\n<\/div>\n\n\n<p><strong>Jordi Roca<\/strong> starred in one of the episodes of the fourth season of the series, along with a cast made up of personalities such as Christina Tosi and Will Goldfarb. The driving force behind the innovative <strong>Rocambolesc<\/strong> ice cream parlor was the figure who first represented the value of the national scene, from the restaurant he shared with his brothers, El Celler de Can Roca, awarded with three Michelin stars.<\/p>\n\n\n\n<p>The program featured some of the most representative elaborations of Roca&#8217;s imaginary, such as Anark\u00eda, a collage with more than 43 colorful elaborations; Viaje a La Habana, an ice cream enclosed in a chocolate cigar that retains the flavor of the Havana cigar; or the series of edible perfumes made hand in hand with his brother Josep.<\/p>\n\n\n<div class=\"wp-block-image\">\n<figure class=\"aligncenter size-large is-resized\"><img decoding=\"async\" width=\"1024\" height=\"683\" src=\"https:\/\/www.tapasmagazine.es\/wp-content\/uploads\/2024\/09\/PASTRY_Roca_00503R__1_-1024x683.jpeg\" alt=\"\" class=\"wp-image-262041\" style=\"width:1072px;height:auto\" srcset=\"https:\/\/www.tapasmagazine.es\/wp-content\/uploads\/2024\/09\/PASTRY_Roca_00503R__1_-1024x683.jpeg 1024w, https:\/\/www.tapasmagazine.es\/wp-content\/uploads\/2024\/09\/PASTRY_Roca_00503R__1_-300x200.jpeg 300w, https:\/\/www.tapasmagazine.es\/wp-content\/uploads\/2024\/09\/PASTRY_Roca_00503R__1_-768x512.jpeg 768w, https:\/\/www.tapasmagazine.es\/wp-content\/uploads\/2024\/09\/PASTRY_Roca_00503R__1_-1000x667.jpeg 1000w, https:\/\/www.tapasmagazine.es\/wp-content\/uploads\/2024\/09\/PASTRY_Roca_00503R__1_-400x267.jpeg 400w, https:\/\/www.tapasmagazine.es\/wp-content\/uploads\/2024\/09\/PASTRY_Roca_00503R__1_.jpeg 1200w\" sizes=\"(max-width: 1024px) 100vw, 1024px\" \/><\/figure>\n<\/div>\n\n\n<p>Jordi Roca&#8217;s episode of Netflix&#8217;s &#8216;Chef&#8217;s Table: Pastry&#8217; told the story of how a young man with no clear ambition managed to find his true calling in his older brothers&#8217; kitchen and, in doing so, turned his restaurant into one of the most acclaimed haute cuisine establishments in the world. Fate would put him in charge of the pastry at his brother&#8217;s famous restaurant, where his imaginative creations would eventually make him one of the world&#8217;s great dessert geniuses.<\/p>\n","protected":false},"excerpt":{"rendered":"<p>Click here to read the Spanish version. Jordi Roca, Albert Adri\u00e0 and \u00c1ngel Le\u00f3n are not only connected for representing avant-garde national cuisine, but also for having jumped to the international scene for their milestones and stellar participation in the Netflix show &#8216;Chef&#8217;s Table&#8216;. We take a look back at the chapters that these three [&hellip;]<\/p>\n","protected":false},"author":285,"featured_media":262045,"comment_status":"closed","ping_status":"closed","sticky":false,"template":"","format":"standard","meta":{"_acf_changed":false,"footnotes":""},"categories":[15848,15851],"tags":[17744,19068,19069,17087],"class_list":["post-262094","post","type-post","status-publish","format-standard","has-post-thumbnail","hentry","category-chefs-en","category-nombres-propios-en","tag-albert-adria-en","tag-angel-leon-en","tag-chefs-table-en","tag-jordi-roca-en","cat-15848-id","cat-15851-id"],"acf":[],"yoast_head":"<!-- This site is optimized with the Yoast SEO plugin v27.4 - https:\/\/yoast.com\/product\/yoast-seo-wordpress\/ -->\n<title>From \u00c1ngel Le\u00f3n to Jordi Roca: these are all the Spanish chefs who have been on Netflix&#039;s &#039;Chef&#039;s Table&#039; - Tapas<\/title>\n<meta name=\"description\" content=\"Click here to read the Spanish version. Jordi Roca, Albert Adri\u00e0 and \u00c1ngel Le\u00f3n are not only connected for representing avant-garde national cuisine, but\" \/>\n<meta name=\"robots\" content=\"index, follow, max-snippet:-1, max-image-preview:large, max-video-preview:-1\" \/>\n<link rel=\"canonical\" href=\"https:\/\/www.tapasmagazine.es\/en\/from-angel-leon-to-jordi-roca-these-are-all-the-spanish-chefs-who-have-been-on-netflix-chefs-table\/\" \/>\n<meta property=\"og:locale\" content=\"en_US\" \/>\n<meta property=\"og:type\" content=\"article\" \/>\n<meta property=\"og:title\" content=\"From \u00c1ngel Le\u00f3n to Jordi Roca: these are all the Spanish chefs who have been on Netflix&#039;s &#039;Chef&#039;s Table&#039; - Tapas\" \/>\n<meta property=\"og:description\" content=\"Click here to read the Spanish version. Jordi Roca, Albert Adri\u00e0 and \u00c1ngel Le\u00f3n are not only connected for representing avant-garde national cuisine, but\" \/>\n<meta property=\"og:url\" content=\"https:\/\/www.tapasmagazine.es\/en\/from-angel-leon-to-jordi-roca-these-are-all-the-spanish-chefs-who-have-been-on-netflix-chefs-table\/\" \/>\n<meta property=\"og:site_name\" content=\"Tapas\" \/>\n<meta property=\"article:publisher\" content=\"https:\/\/www.facebook.com\/tapasmagazine\" \/>\n<meta property=\"article:published_time\" content=\"2024-09-10T07:26:18+00:00\" \/>\n<meta property=\"article:modified_time\" content=\"2024-09-10T07:32:27+00:00\" \/>\n<meta property=\"og:image\" content=\"https:\/\/www.tapasmagazine.es\/wp-content\/uploads\/2024\/09\/chefs-table-1.jpg\" \/>\n\t<meta property=\"og:image:width\" content=\"1200\" \/>\n\t<meta property=\"og:image:height\" content=\"675\" \/>\n\t<meta property=\"og:image:type\" content=\"image\/jpeg\" \/>\n<meta name=\"author\" content=\"Laura P\u00e9rez\" \/>\n<meta name=\"twitter:card\" content=\"summary_large_image\" \/>\n<meta name=\"twitter:creator\" content=\"@TapasMagazine\" \/>\n<meta name=\"twitter:site\" content=\"@TapasMagazine\" \/>\n<meta name=\"twitter:label1\" content=\"Written by\" \/>\n\t<meta name=\"twitter:data1\" content=\"Laura P\u00e9rez\" \/>\n\t<meta name=\"twitter:label2\" content=\"Est. reading time\" \/>\n\t<meta name=\"twitter:data2\" content=\"5 minutes\" \/>\n<script type=\"application\/ld+json\" class=\"yoast-schema-graph\">{\"@context\":\"https:\\\/\\\/schema.org\",\"@graph\":[{\"@type\":\"Article\",\"@id\":\"https:\\\/\\\/www.tapasmagazine.es\\\/en\\\/from-angel-leon-to-jordi-roca-these-are-all-the-spanish-chefs-who-have-been-on-netflix-chefs-table\\\/#article\",\"isPartOf\":{\"@id\":\"https:\\\/\\\/www.tapasmagazine.es\\\/en\\\/from-angel-leon-to-jordi-roca-these-are-all-the-spanish-chefs-who-have-been-on-netflix-chefs-table\\\/\"},\"author\":{\"name\":\"Laura P\u00e9rez\",\"@id\":\"https:\\\/\\\/www.tapasmagazine.es\\\/#\\\/schema\\\/person\\\/eb46cbe76a9c8f062660eb609e3ecb4e\"},\"headline\":\"From \u00c1ngel Le\u00f3n to Jordi Roca: these are all the Spanish chefs who have been on Netflix&#8217;s &#8216;Chef&#8217;s Table&#8217;\",\"datePublished\":\"2024-09-10T07:26:18+00:00\",\"dateModified\":\"2024-09-10T07:32:27+00:00\",\"mainEntityOfPage\":{\"@id\":\"https:\\\/\\\/www.tapasmagazine.es\\\/en\\\/from-angel-leon-to-jordi-roca-these-are-all-the-spanish-chefs-who-have-been-on-netflix-chefs-table\\\/\"},\"wordCount\":817,\"publisher\":{\"@id\":\"https:\\\/\\\/www.tapasmagazine.es\\\/#organization\"},\"image\":{\"@id\":\"https:\\\/\\\/www.tapasmagazine.es\\\/en\\\/from-angel-leon-to-jordi-roca-these-are-all-the-spanish-chefs-who-have-been-on-netflix-chefs-table\\\/#primaryimage\"},\"thumbnailUrl\":\"https:\\\/\\\/www.tapasmagazine.es\\\/wp-content\\\/uploads\\\/2024\\\/09\\\/chefs-table-1.jpg\",\"keywords\":[\"Albert Adria\",\"Angel Leon\",\"chef&#8217;s table\",\"Jordi Roca\"],\"articleSection\":[\"Chefs\",\"Nombres propios\"],\"inLanguage\":\"en-US\"},{\"@type\":\"WebPage\",\"@id\":\"https:\\\/\\\/www.tapasmagazine.es\\\/en\\\/from-angel-leon-to-jordi-roca-these-are-all-the-spanish-chefs-who-have-been-on-netflix-chefs-table\\\/\",\"url\":\"https:\\\/\\\/www.tapasmagazine.es\\\/en\\\/from-angel-leon-to-jordi-roca-these-are-all-the-spanish-chefs-who-have-been-on-netflix-chefs-table\\\/\",\"name\":\"From \u00c1ngel Le\u00f3n to Jordi Roca: these are all the Spanish chefs who have been on Netflix's 'Chef's Table' - Tapas\",\"isPartOf\":{\"@id\":\"https:\\\/\\\/www.tapasmagazine.es\\\/#website\"},\"primaryImageOfPage\":{\"@id\":\"https:\\\/\\\/www.tapasmagazine.es\\\/en\\\/from-angel-leon-to-jordi-roca-these-are-all-the-spanish-chefs-who-have-been-on-netflix-chefs-table\\\/#primaryimage\"},\"image\":{\"@id\":\"https:\\\/\\\/www.tapasmagazine.es\\\/en\\\/from-angel-leon-to-jordi-roca-these-are-all-the-spanish-chefs-who-have-been-on-netflix-chefs-table\\\/#primaryimage\"},\"thumbnailUrl\":\"https:\\\/\\\/www.tapasmagazine.es\\\/wp-content\\\/uploads\\\/2024\\\/09\\\/chefs-table-1.jpg\",\"datePublished\":\"2024-09-10T07:26:18+00:00\",\"dateModified\":\"2024-09-10T07:32:27+00:00\",\"description\":\"Click here to read the Spanish version. Jordi Roca, Albert Adri\u00e0 and \u00c1ngel Le\u00f3n are not only connected for representing avant-garde national cuisine, but\",\"breadcrumb\":{\"@id\":\"https:\\\/\\\/www.tapasmagazine.es\\\/en\\\/from-angel-leon-to-jordi-roca-these-are-all-the-spanish-chefs-who-have-been-on-netflix-chefs-table\\\/#breadcrumb\"},\"inLanguage\":\"en-US\",\"potentialAction\":[{\"@type\":\"ReadAction\",\"target\":[\"https:\\\/\\\/www.tapasmagazine.es\\\/en\\\/from-angel-leon-to-jordi-roca-these-are-all-the-spanish-chefs-who-have-been-on-netflix-chefs-table\\\/\"]}]},{\"@type\":\"ImageObject\",\"inLanguage\":\"en-US\",\"@id\":\"https:\\\/\\\/www.tapasmagazine.es\\\/en\\\/from-angel-leon-to-jordi-roca-these-are-all-the-spanish-chefs-who-have-been-on-netflix-chefs-table\\\/#primaryimage\",\"url\":\"https:\\\/\\\/www.tapasmagazine.es\\\/wp-content\\\/uploads\\\/2024\\\/09\\\/chefs-table-1.jpg\",\"contentUrl\":\"https:\\\/\\\/www.tapasmagazine.es\\\/wp-content\\\/uploads\\\/2024\\\/09\\\/chefs-table-1.jpg\",\"width\":1200,\"height\":675},{\"@type\":\"BreadcrumbList\",\"@id\":\"https:\\\/\\\/www.tapasmagazine.es\\\/en\\\/from-angel-leon-to-jordi-roca-these-are-all-the-spanish-chefs-who-have-been-on-netflix-chefs-table\\\/#breadcrumb\",\"itemListElement\":[{\"@type\":\"ListItem\",\"position\":1,\"name\":\"Portada\",\"item\":\"https:\\\/\\\/www.tapasmagazine.es\\\/\"},{\"@type\":\"ListItem\",\"position\":2,\"name\":\"Nombres propios\",\"item\":\"https:\\\/\\\/www.tapasmagazine.es\\\/en\\\/categorias\\\/nombres-propios-en\\\/\"},{\"@type\":\"ListItem\",\"position\":3,\"name\":\"From \u00c1ngel Le\u00f3n to Jordi Roca: these are all the Spanish chefs who have been on Netflix&#8217;s &#8216;Chef&#8217;s Table&#8217;\"}]},{\"@type\":\"WebSite\",\"@id\":\"https:\\\/\\\/www.tapasmagazine.es\\\/#website\",\"url\":\"https:\\\/\\\/www.tapasmagazine.es\\\/\",\"name\":\"Tapas\",\"description\":\"\u00d1am \u00d1am Lifestyle. La vida a bocados. Premio Nacional de Gastronom\u00eda 2016.\",\"publisher\":{\"@id\":\"https:\\\/\\\/www.tapasmagazine.es\\\/#organization\"},\"potentialAction\":[{\"@type\":\"SearchAction\",\"target\":{\"@type\":\"EntryPoint\",\"urlTemplate\":\"https:\\\/\\\/www.tapasmagazine.es\\\/?s={search_term_string}\"},\"query-input\":{\"@type\":\"PropertyValueSpecification\",\"valueRequired\":true,\"valueName\":\"search_term_string\"}}],\"inLanguage\":\"en-US\"},{\"@type\":\"Organization\",\"@id\":\"https:\\\/\\\/www.tapasmagazine.es\\\/#organization\",\"name\":\"Tapas Magazine\",\"url\":\"https:\\\/\\\/www.tapasmagazine.es\\\/\",\"logo\":{\"@type\":\"ImageObject\",\"inLanguage\":\"en-US\",\"@id\":\"https:\\\/\\\/www.tapasmagazine.es\\\/#\\\/schema\\\/logo\\\/image\\\/\",\"url\":\"https:\\\/\\\/www.tapasmagazine.es\\\/wp-content\\\/uploads\\\/2018\\\/01\\\/logo.png\",\"contentUrl\":\"https:\\\/\\\/www.tapasmagazine.es\\\/wp-content\\\/uploads\\\/2018\\\/01\\\/logo.png\",\"width\":180,\"height\":60,\"caption\":\"Tapas Magazine\"},\"image\":{\"@id\":\"https:\\\/\\\/www.tapasmagazine.es\\\/#\\\/schema\\\/logo\\\/image\\\/\"},\"sameAs\":[\"https:\\\/\\\/www.facebook.com\\\/tapasmagazine\",\"https:\\\/\\\/x.com\\\/TapasMagazine\",\"https:\\\/\\\/www.instagram.com\\\/tapasmagazine\\\/\",\"https:\\\/\\\/www.linkedin.com\\\/company\\\/tapas-magazine\",\"https:\\\/\\\/es.pinterest.com\\\/tapasmagazine\\\/\",\"https:\\\/\\\/www.youtube.com\\\/channel\\\/UCEyxneAaACuR0lfDagrWjjg?sub_confirmation=1\"]},{\"@type\":\"Person\",\"@id\":\"https:\\\/\\\/www.tapasmagazine.es\\\/#\\\/schema\\\/person\\\/eb46cbe76a9c8f062660eb609e3ecb4e\",\"name\":\"Laura P\u00e9rez\",\"url\":\"https:\\\/\\\/www.tapasmagazine.es\\\/en\\\/author\\\/laura-perez\\\/\"}]}<\/script>\n<!-- \/ Yoast SEO plugin. -->","yoast_head_json":{"title":"From \u00c1ngel Le\u00f3n to Jordi Roca: these are all the Spanish chefs who have been on Netflix's 'Chef's Table' - Tapas","description":"Click here to read the Spanish version. Jordi Roca, Albert Adri\u00e0 and \u00c1ngel Le\u00f3n are not only connected for representing avant-garde national cuisine, but","robots":{"index":"index","follow":"follow","max-snippet":"max-snippet:-1","max-image-preview":"max-image-preview:large","max-video-preview":"max-video-preview:-1"},"canonical":"https:\/\/www.tapasmagazine.es\/en\/from-angel-leon-to-jordi-roca-these-are-all-the-spanish-chefs-who-have-been-on-netflix-chefs-table\/","og_locale":"en_US","og_type":"article","og_title":"From \u00c1ngel Le\u00f3n to Jordi Roca: these are all the Spanish chefs who have been on Netflix's 'Chef's Table' - Tapas","og_description":"Click here to read the Spanish version. Jordi Roca, Albert Adri\u00e0 and \u00c1ngel Le\u00f3n are not only connected for representing avant-garde national cuisine, but","og_url":"https:\/\/www.tapasmagazine.es\/en\/from-angel-leon-to-jordi-roca-these-are-all-the-spanish-chefs-who-have-been-on-netflix-chefs-table\/","og_site_name":"Tapas","article_publisher":"https:\/\/www.facebook.com\/tapasmagazine","article_published_time":"2024-09-10T07:26:18+00:00","article_modified_time":"2024-09-10T07:32:27+00:00","og_image":[{"width":1200,"height":675,"url":"https:\/\/www.tapasmagazine.es\/wp-content\/uploads\/2024\/09\/chefs-table-1.jpg","type":"image\/jpeg"}],"author":"Laura P\u00e9rez","twitter_card":"summary_large_image","twitter_creator":"@TapasMagazine","twitter_site":"@TapasMagazine","twitter_misc":{"Written by":"Laura P\u00e9rez","Est. reading time":"5 minutes"},"schema":{"@context":"https:\/\/schema.org","@graph":[{"@type":"Article","@id":"https:\/\/www.tapasmagazine.es\/en\/from-angel-leon-to-jordi-roca-these-are-all-the-spanish-chefs-who-have-been-on-netflix-chefs-table\/#article","isPartOf":{"@id":"https:\/\/www.tapasmagazine.es\/en\/from-angel-leon-to-jordi-roca-these-are-all-the-spanish-chefs-who-have-been-on-netflix-chefs-table\/"},"author":{"name":"Laura P\u00e9rez","@id":"https:\/\/www.tapasmagazine.es\/#\/schema\/person\/eb46cbe76a9c8f062660eb609e3ecb4e"},"headline":"From \u00c1ngel Le\u00f3n to Jordi Roca: these are all the Spanish chefs who have been on Netflix&#8217;s &#8216;Chef&#8217;s Table&#8217;","datePublished":"2024-09-10T07:26:18+00:00","dateModified":"2024-09-10T07:32:27+00:00","mainEntityOfPage":{"@id":"https:\/\/www.tapasmagazine.es\/en\/from-angel-leon-to-jordi-roca-these-are-all-the-spanish-chefs-who-have-been-on-netflix-chefs-table\/"},"wordCount":817,"publisher":{"@id":"https:\/\/www.tapasmagazine.es\/#organization"},"image":{"@id":"https:\/\/www.tapasmagazine.es\/en\/from-angel-leon-to-jordi-roca-these-are-all-the-spanish-chefs-who-have-been-on-netflix-chefs-table\/#primaryimage"},"thumbnailUrl":"https:\/\/www.tapasmagazine.es\/wp-content\/uploads\/2024\/09\/chefs-table-1.jpg","keywords":["Albert Adria","Angel Leon","chef&#8217;s table","Jordi Roca"],"articleSection":["Chefs","Nombres propios"],"inLanguage":"en-US"},{"@type":"WebPage","@id":"https:\/\/www.tapasmagazine.es\/en\/from-angel-leon-to-jordi-roca-these-are-all-the-spanish-chefs-who-have-been-on-netflix-chefs-table\/","url":"https:\/\/www.tapasmagazine.es\/en\/from-angel-leon-to-jordi-roca-these-are-all-the-spanish-chefs-who-have-been-on-netflix-chefs-table\/","name":"From \u00c1ngel Le\u00f3n to Jordi Roca: these are all the Spanish chefs who have been on Netflix's 'Chef's Table' - Tapas","isPartOf":{"@id":"https:\/\/www.tapasmagazine.es\/#website"},"primaryImageOfPage":{"@id":"https:\/\/www.tapasmagazine.es\/en\/from-angel-leon-to-jordi-roca-these-are-all-the-spanish-chefs-who-have-been-on-netflix-chefs-table\/#primaryimage"},"image":{"@id":"https:\/\/www.tapasmagazine.es\/en\/from-angel-leon-to-jordi-roca-these-are-all-the-spanish-chefs-who-have-been-on-netflix-chefs-table\/#primaryimage"},"thumbnailUrl":"https:\/\/www.tapasmagazine.es\/wp-content\/uploads\/2024\/09\/chefs-table-1.jpg","datePublished":"2024-09-10T07:26:18+00:00","dateModified":"2024-09-10T07:32:27+00:00","description":"Click here to read the Spanish version. Jordi Roca, Albert Adri\u00e0 and \u00c1ngel Le\u00f3n are not only connected for representing avant-garde national cuisine, but","breadcrumb":{"@id":"https:\/\/www.tapasmagazine.es\/en\/from-angel-leon-to-jordi-roca-these-are-all-the-spanish-chefs-who-have-been-on-netflix-chefs-table\/#breadcrumb"},"inLanguage":"en-US","potentialAction":[{"@type":"ReadAction","target":["https:\/\/www.tapasmagazine.es\/en\/from-angel-leon-to-jordi-roca-these-are-all-the-spanish-chefs-who-have-been-on-netflix-chefs-table\/"]}]},{"@type":"ImageObject","inLanguage":"en-US","@id":"https:\/\/www.tapasmagazine.es\/en\/from-angel-leon-to-jordi-roca-these-are-all-the-spanish-chefs-who-have-been-on-netflix-chefs-table\/#primaryimage","url":"https:\/\/www.tapasmagazine.es\/wp-content\/uploads\/2024\/09\/chefs-table-1.jpg","contentUrl":"https:\/\/www.tapasmagazine.es\/wp-content\/uploads\/2024\/09\/chefs-table-1.jpg","width":1200,"height":675},{"@type":"BreadcrumbList","@id":"https:\/\/www.tapasmagazine.es\/en\/from-angel-leon-to-jordi-roca-these-are-all-the-spanish-chefs-who-have-been-on-netflix-chefs-table\/#breadcrumb","itemListElement":[{"@type":"ListItem","position":1,"name":"Portada","item":"https:\/\/www.tapasmagazine.es\/"},{"@type":"ListItem","position":2,"name":"Nombres propios","item":"https:\/\/www.tapasmagazine.es\/en\/categorias\/nombres-propios-en\/"},{"@type":"ListItem","position":3,"name":"From \u00c1ngel Le\u00f3n to Jordi Roca: these are all the Spanish chefs who have been on Netflix&#8217;s &#8216;Chef&#8217;s Table&#8217;"}]},{"@type":"WebSite","@id":"https:\/\/www.tapasmagazine.es\/#website","url":"https:\/\/www.tapasmagazine.es\/","name":"Tapas","description":"\u00d1am \u00d1am Lifestyle. La vida a bocados. Premio Nacional de Gastronom\u00eda 2016.","publisher":{"@id":"https:\/\/www.tapasmagazine.es\/#organization"},"potentialAction":[{"@type":"SearchAction","target":{"@type":"EntryPoint","urlTemplate":"https:\/\/www.tapasmagazine.es\/?s={search_term_string}"},"query-input":{"@type":"PropertyValueSpecification","valueRequired":true,"valueName":"search_term_string"}}],"inLanguage":"en-US"},{"@type":"Organization","@id":"https:\/\/www.tapasmagazine.es\/#organization","name":"Tapas Magazine","url":"https:\/\/www.tapasmagazine.es\/","logo":{"@type":"ImageObject","inLanguage":"en-US","@id":"https:\/\/www.tapasmagazine.es\/#\/schema\/logo\/image\/","url":"https:\/\/www.tapasmagazine.es\/wp-content\/uploads\/2018\/01\/logo.png","contentUrl":"https:\/\/www.tapasmagazine.es\/wp-content\/uploads\/2018\/01\/logo.png","width":180,"height":60,"caption":"Tapas Magazine"},"image":{"@id":"https:\/\/www.tapasmagazine.es\/#\/schema\/logo\/image\/"},"sameAs":["https:\/\/www.facebook.com\/tapasmagazine","https:\/\/x.com\/TapasMagazine","https:\/\/www.instagram.com\/tapasmagazine\/","https:\/\/www.linkedin.com\/company\/tapas-magazine","https:\/\/es.pinterest.com\/tapasmagazine\/","https:\/\/www.youtube.com\/channel\/UCEyxneAaACuR0lfDagrWjjg?sub_confirmation=1"]},{"@type":"Person","@id":"https:\/\/www.tapasmagazine.es\/#\/schema\/person\/eb46cbe76a9c8f062660eb609e3ecb4e","name":"Laura P\u00e9rez","url":"https:\/\/www.tapasmagazine.es\/en\/author\/laura-perez\/"}]}},"_links":{"self":[{"href":"https:\/\/www.tapasmagazine.es\/en\/wp-json\/wp\/v2\/posts\/262094","targetHints":{"allow":["GET"]}}],"collection":[{"href":"https:\/\/www.tapasmagazine.es\/en\/wp-json\/wp\/v2\/posts"}],"about":[{"href":"https:\/\/www.tapasmagazine.es\/en\/wp-json\/wp\/v2\/types\/post"}],"author":[{"embeddable":true,"href":"https:\/\/www.tapasmagazine.es\/en\/wp-json\/wp\/v2\/users\/285"}],"replies":[{"embeddable":true,"href":"https:\/\/www.tapasmagazine.es\/en\/wp-json\/wp\/v2\/comments?post=262094"}],"version-history":[{"count":2,"href":"https:\/\/www.tapasmagazine.es\/en\/wp-json\/wp\/v2\/posts\/262094\/revisions"}],"predecessor-version":[{"id":262105,"href":"https:\/\/www.tapasmagazine.es\/en\/wp-json\/wp\/v2\/posts\/262094\/revisions\/262105"}],"wp:featuredmedia":[{"embeddable":true,"href":"https:\/\/www.tapasmagazine.es\/en\/wp-json\/wp\/v2\/media\/262045"}],"wp:attachment":[{"href":"https:\/\/www.tapasmagazine.es\/en\/wp-json\/wp\/v2\/media?parent=262094"}],"wp:term":[{"taxonomy":"category","embeddable":true,"href":"https:\/\/www.tapasmagazine.es\/en\/wp-json\/wp\/v2\/categories?post=262094"},{"taxonomy":"post_tag","embeddable":true,"href":"https:\/\/www.tapasmagazine.es\/en\/wp-json\/wp\/v2\/tags?post=262094"}],"curies":[{"name":"wp","href":"https:\/\/api.w.org\/{rel}","templated":true}]}}