{"id":261656,"date":"2024-09-06T11:15:59","date_gmt":"2024-09-06T09:15:59","guid":{"rendered":"https:\/\/www.tapasmagazine.es\/la-gran-fiesta-de-la-vendimia-planes-nacionales-que-la-celebran\/"},"modified":"2024-09-06T11:25:33","modified_gmt":"2024-09-06T09:25:33","slug":"the-great-spanish-grape-harvest-festival-where-to-celebrate-it","status":"publish","type":"post","link":"https:\/\/www.tapasmagazine.es\/en\/the-great-spanish-grape-harvest-festival-where-to-celebrate-it\/","title":{"rendered":"The great spanish grape harvest festival: where to celebrate it"},"content":{"rendered":"\n<p><strong>Click <a href=\"https:\/\/www.tapasmagazine.es\/la-gran-fiesta-de-la-vendimia-donde-celebrarla-2024\/\" target=\"_blank\" rel=\"noreferrer noopener\">here<\/a> to read the Spanish version.<\/strong><\/p>\n\n\n\n<p>The season of the beginning and end of the harvest becomes a great national celebration in which several wine regions celebrate in style. In <strong>Jerez de la Frontera <\/strong>they already started on August 31 and will end on September 15 with a program of festivities that includes blind tastings, visits to its most iconic wineries such as T\u00edo Pepe, tastings, as well as activities for children focused on their initiation in the harvest.<\/p>\n\n\n\n<p>Meanwhile, in<strong> Rioja<\/strong>, the Rioja Grape Harvest Festival is held in Logro\u00f1o from September 20 to 26. Its program includes concerts, craft markets and parades that pay tribute to the art of winemaking.<\/p>\n\n\n<div class=\"wp-block-image\">\n<figure class=\"aligncenter size-large is-resized\"><img decoding=\"async\" width=\"1024\" height=\"698\" src=\"https:\/\/www.tapasmagazine.es\/wp-content\/uploads\/2024\/09\/1Pisa_de_la_Uva___04__3_-1024x698.jpg\" alt=\"\" class=\"wp-image-261641\" style=\"width:1176px;height:auto\" srcset=\"https:\/\/www.tapasmagazine.es\/wp-content\/uploads\/2024\/09\/1Pisa_de_la_Uva___04__3_-1024x698.jpg 1024w, https:\/\/www.tapasmagazine.es\/wp-content\/uploads\/2024\/09\/1Pisa_de_la_Uva___04__3_-300x205.jpg 300w, https:\/\/www.tapasmagazine.es\/wp-content\/uploads\/2024\/09\/1Pisa_de_la_Uva___04__3_-768x524.jpg 768w, https:\/\/www.tapasmagazine.es\/wp-content\/uploads\/2024\/09\/1Pisa_de_la_Uva___04__3_-1536x1047.jpg 1536w, https:\/\/www.tapasmagazine.es\/wp-content\/uploads\/2024\/09\/1Pisa_de_la_Uva___04__3_-1000x682.jpg 1000w, https:\/\/www.tapasmagazine.es\/wp-content\/uploads\/2024\/09\/1Pisa_de_la_Uva___04__3_-400x273.jpg 400w, https:\/\/www.tapasmagazine.es\/wp-content\/uploads\/2024\/09\/1Pisa_de_la_Uva___04__3_.jpg 1732w\" sizes=\"(max-width: 1024px) 100vw, 1024px\" \/><\/figure>\n<\/div>\n\n\n<p>The municipality of <strong>Rueda<\/strong> also pays tribute to the grape with the harvesting of the grapes at night and by machine, including the tasting of the first grape juice of the year. A ritual that began in early August and continues through September. Wineries such as the legendary Yllera give the possibility on September 13 to visit their clandestine winery and take a guided tour. In addition, Mart\u00edn Berasategui has created a special menu with food and wine pairing in the gastrobodega to complete the experience.<\/p>\n\n\n\n<p>In Catalonia, the biggest celebration takes place in <strong>Pened\u00e8s <\/strong>throughout the month of September. Among the most outstanding activities is that of September 7 and 8: the Phylloxera Festival in Sant Sadurn\u00ed d&#8217;Anoia, which celebrates with fire and music the end of the plague that wiped out its vines.<\/p>\n\n\n\n<p>In other towns such as <strong>Binissalem<\/strong>, in <strong>Mallorca<\/strong>, La Festa des Vermar is held, with a grape stomping contest, a wine fair and a grape battle, as well as a large parade of floats through the town. From September 4 to October 4, there are plays centered on wine. In addition, on September 19, a wine tasting contest of DO Binissalem wines will be activated.<\/p>\n","protected":false},"excerpt":{"rendered":"<p>Click here to read the Spanish version. The season of the beginning and end of the harvest becomes a great national celebration in which several wine regions celebrate in style. In Jerez de la Frontera they already started on August 31 and will end on September 15 with a program of festivities that includes blind [&hellip;]<\/p>\n","protected":false},"author":285,"featured_media":261647,"comment_status":"closed","ping_status":"closed","sticky":false,"template":"","format":"standard","meta":{"_acf_changed":false,"footnotes":""},"categories":[15797,1],"tags":[19056,18882,19057],"class_list":["post-261656","post","type-post","status-publish","format-standard","has-post-thumbnail","hentry","category-planes-en","category-sin-categorizar","tag-fiestas-en","tag-uva-en","tag-vendimia-en","cat-15797-id","cat-1-id"],"acf":[],"yoast_head":"<!-- This site is optimized with the Yoast SEO plugin v27.5 - https:\/\/yoast.com\/product\/yoast-seo-wordpress\/ -->\n<title>The great spanish grape harvest festival: where to celebrate it - Tapas<\/title>\n<meta name=\"description\" content=\"Click here to read the Spanish version. The season of the beginning and end of the harvest becomes a great national celebration in which several wine\" \/>\n<meta name=\"robots\" content=\"index, follow, max-snippet:-1, max-image-preview:large, max-video-preview:-1\" \/>\n<link rel=\"canonical\" href=\"https:\/\/www.tapasmagazine.es\/en\/the-great-spanish-grape-harvest-festival-where-to-celebrate-it\/\" \/>\n<meta property=\"og:locale\" content=\"en_US\" \/>\n<meta property=\"og:type\" content=\"article\" \/>\n<meta property=\"og:title\" content=\"The great spanish grape harvest festival: where to celebrate it - Tapas\" \/>\n<meta property=\"og:description\" content=\"Click here to read the Spanish version. The season of the beginning and end of the harvest becomes a great national celebration in which several wine\" \/>\n<meta property=\"og:url\" content=\"https:\/\/www.tapasmagazine.es\/en\/the-great-spanish-grape-harvest-festival-where-to-celebrate-it\/\" \/>\n<meta property=\"og:site_name\" content=\"Tapas\" \/>\n<meta property=\"article:publisher\" content=\"https:\/\/www.facebook.com\/tapasmagazine\" \/>\n<meta property=\"article:published_time\" content=\"2024-09-06T09:15:59+00:00\" \/>\n<meta property=\"article:modified_time\" content=\"2024-09-06T09:25:33+00:00\" \/>\n<meta property=\"og:image\" content=\"https:\/\/www.tapasmagazine.es\/wp-content\/uploads\/2024\/09\/fiesta-vendimia.jpg\" \/>\n\t<meta property=\"og:image:width\" content=\"1200\" \/>\n\t<meta property=\"og:image:height\" content=\"675\" \/>\n\t<meta property=\"og:image:type\" content=\"image\/jpeg\" \/>\n<meta name=\"author\" content=\"Laura P\u00e9rez\" \/>\n<meta name=\"twitter:card\" content=\"summary_large_image\" \/>\n<meta name=\"twitter:creator\" content=\"@TapasMagazine\" \/>\n<meta name=\"twitter:site\" content=\"@TapasMagazine\" \/>\n<meta name=\"twitter:label1\" content=\"Written by\" \/>\n\t<meta name=\"twitter:data1\" content=\"Laura P\u00e9rez\" \/>\n\t<meta name=\"twitter:label2\" content=\"Est. reading time\" \/>\n\t<meta name=\"twitter:data2\" content=\"2 minutes\" \/>\n<script type=\"application\/ld+json\" class=\"yoast-schema-graph\">{\"@context\":\"https:\\\/\\\/schema.org\",\"@graph\":[{\"@type\":\"Article\",\"@id\":\"https:\\\/\\\/www.tapasmagazine.es\\\/en\\\/the-great-spanish-grape-harvest-festival-where-to-celebrate-it\\\/#article\",\"isPartOf\":{\"@id\":\"https:\\\/\\\/www.tapasmagazine.es\\\/en\\\/the-great-spanish-grape-harvest-festival-where-to-celebrate-it\\\/\"},\"author\":{\"name\":\"Laura P\u00e9rez\",\"@id\":\"https:\\\/\\\/www.tapasmagazine.es\\\/#\\\/schema\\\/person\\\/eb46cbe76a9c8f062660eb609e3ecb4e\"},\"headline\":\"The great spanish grape harvest festival: where to celebrate it\",\"datePublished\":\"2024-09-06T09:15:59+00:00\",\"dateModified\":\"2024-09-06T09:25:33+00:00\",\"mainEntityOfPage\":{\"@id\":\"https:\\\/\\\/www.tapasmagazine.es\\\/en\\\/the-great-spanish-grape-harvest-festival-where-to-celebrate-it\\\/\"},\"wordCount\":318,\"publisher\":{\"@id\":\"https:\\\/\\\/www.tapasmagazine.es\\\/#organization\"},\"image\":{\"@id\":\"https:\\\/\\\/www.tapasmagazine.es\\\/en\\\/the-great-spanish-grape-harvest-festival-where-to-celebrate-it\\\/#primaryimage\"},\"thumbnailUrl\":\"https:\\\/\\\/www.tapasmagazine.es\\\/wp-content\\\/uploads\\\/2024\\\/09\\\/fiesta-vendimia.jpg\",\"keywords\":[\"fiestas\",\"uva\",\"Vendimia\"],\"articleSection\":[\"Planes\",\"Sin categorizar\"],\"inLanguage\":\"en-US\"},{\"@type\":\"WebPage\",\"@id\":\"https:\\\/\\\/www.tapasmagazine.es\\\/en\\\/the-great-spanish-grape-harvest-festival-where-to-celebrate-it\\\/\",\"url\":\"https:\\\/\\\/www.tapasmagazine.es\\\/en\\\/the-great-spanish-grape-harvest-festival-where-to-celebrate-it\\\/\",\"name\":\"The great spanish grape harvest festival: where to celebrate it - Tapas\",\"isPartOf\":{\"@id\":\"https:\\\/\\\/www.tapasmagazine.es\\\/#website\"},\"primaryImageOfPage\":{\"@id\":\"https:\\\/\\\/www.tapasmagazine.es\\\/en\\\/the-great-spanish-grape-harvest-festival-where-to-celebrate-it\\\/#primaryimage\"},\"image\":{\"@id\":\"https:\\\/\\\/www.tapasmagazine.es\\\/en\\\/the-great-spanish-grape-harvest-festival-where-to-celebrate-it\\\/#primaryimage\"},\"thumbnailUrl\":\"https:\\\/\\\/www.tapasmagazine.es\\\/wp-content\\\/uploads\\\/2024\\\/09\\\/fiesta-vendimia.jpg\",\"datePublished\":\"2024-09-06T09:15:59+00:00\",\"dateModified\":\"2024-09-06T09:25:33+00:00\",\"description\":\"Click here to read the Spanish version. The season of the beginning and end of the harvest becomes a great national celebration in which several wine\",\"breadcrumb\":{\"@id\":\"https:\\\/\\\/www.tapasmagazine.es\\\/en\\\/the-great-spanish-grape-harvest-festival-where-to-celebrate-it\\\/#breadcrumb\"},\"inLanguage\":\"en-US\",\"potentialAction\":[{\"@type\":\"ReadAction\",\"target\":[\"https:\\\/\\\/www.tapasmagazine.es\\\/en\\\/the-great-spanish-grape-harvest-festival-where-to-celebrate-it\\\/\"]}]},{\"@type\":\"ImageObject\",\"inLanguage\":\"en-US\",\"@id\":\"https:\\\/\\\/www.tapasmagazine.es\\\/en\\\/the-great-spanish-grape-harvest-festival-where-to-celebrate-it\\\/#primaryimage\",\"url\":\"https:\\\/\\\/www.tapasmagazine.es\\\/wp-content\\\/uploads\\\/2024\\\/09\\\/fiesta-vendimia.jpg\",\"contentUrl\":\"https:\\\/\\\/www.tapasmagazine.es\\\/wp-content\\\/uploads\\\/2024\\\/09\\\/fiesta-vendimia.jpg\",\"width\":1200,\"height\":675},{\"@type\":\"BreadcrumbList\",\"@id\":\"https:\\\/\\\/www.tapasmagazine.es\\\/en\\\/the-great-spanish-grape-harvest-festival-where-to-celebrate-it\\\/#breadcrumb\",\"itemListElement\":[{\"@type\":\"ListItem\",\"position\":1,\"name\":\"Portada\",\"item\":\"https:\\\/\\\/www.tapasmagazine.es\\\/\"},{\"@type\":\"ListItem\",\"position\":2,\"name\":\"Sin categorizar\",\"item\":\"https:\\\/\\\/www.tapasmagazine.es\\\/categorias\\\/sin-categorizar\\\/\"},{\"@type\":\"ListItem\",\"position\":3,\"name\":\"The great spanish grape harvest festival: where to celebrate it\"}]},{\"@type\":\"WebSite\",\"@id\":\"https:\\\/\\\/www.tapasmagazine.es\\\/#website\",\"url\":\"https:\\\/\\\/www.tapasmagazine.es\\\/\",\"name\":\"Tapas\",\"description\":\"\u00d1am \u00d1am Lifestyle. La vida a bocados. Premio Nacional de Gastronom\u00eda 2016.\",\"publisher\":{\"@id\":\"https:\\\/\\\/www.tapasmagazine.es\\\/#organization\"},\"potentialAction\":[{\"@type\":\"SearchAction\",\"target\":{\"@type\":\"EntryPoint\",\"urlTemplate\":\"https:\\\/\\\/www.tapasmagazine.es\\\/?s={search_term_string}\"},\"query-input\":{\"@type\":\"PropertyValueSpecification\",\"valueRequired\":true,\"valueName\":\"search_term_string\"}}],\"inLanguage\":\"en-US\"},{\"@type\":\"Organization\",\"@id\":\"https:\\\/\\\/www.tapasmagazine.es\\\/#organization\",\"name\":\"Tapas Magazine\",\"url\":\"https:\\\/\\\/www.tapasmagazine.es\\\/\",\"logo\":{\"@type\":\"ImageObject\",\"inLanguage\":\"en-US\",\"@id\":\"https:\\\/\\\/www.tapasmagazine.es\\\/#\\\/schema\\\/logo\\\/image\\\/\",\"url\":\"https:\\\/\\\/www.tapasmagazine.es\\\/wp-content\\\/uploads\\\/2018\\\/01\\\/logo.png\",\"contentUrl\":\"https:\\\/\\\/www.tapasmagazine.es\\\/wp-content\\\/uploads\\\/2018\\\/01\\\/logo.png\",\"width\":180,\"height\":60,\"caption\":\"Tapas Magazine\"},\"image\":{\"@id\":\"https:\\\/\\\/www.tapasmagazine.es\\\/#\\\/schema\\\/logo\\\/image\\\/\"},\"sameAs\":[\"https:\\\/\\\/www.facebook.com\\\/tapasmagazine\",\"https:\\\/\\\/x.com\\\/TapasMagazine\",\"https:\\\/\\\/www.instagram.com\\\/tapasmagazine\\\/\",\"https:\\\/\\\/www.linkedin.com\\\/company\\\/tapas-magazine\",\"https:\\\/\\\/es.pinterest.com\\\/tapasmagazine\\\/\",\"https:\\\/\\\/www.youtube.com\\\/channel\\\/UCEyxneAaACuR0lfDagrWjjg?sub_confirmation=1\"]},{\"@type\":\"Person\",\"@id\":\"https:\\\/\\\/www.tapasmagazine.es\\\/#\\\/schema\\\/person\\\/eb46cbe76a9c8f062660eb609e3ecb4e\",\"name\":\"Laura P\u00e9rez\",\"url\":\"https:\\\/\\\/www.tapasmagazine.es\\\/en\\\/author\\\/laura-perez\\\/\"}]}<\/script>\n<!-- \/ Yoast SEO plugin. -->","yoast_head_json":{"title":"The great spanish grape harvest festival: where to celebrate it - Tapas","description":"Click here to read the Spanish version. The season of the beginning and end of the harvest becomes a great national celebration in which several wine","robots":{"index":"index","follow":"follow","max-snippet":"max-snippet:-1","max-image-preview":"max-image-preview:large","max-video-preview":"max-video-preview:-1"},"canonical":"https:\/\/www.tapasmagazine.es\/en\/the-great-spanish-grape-harvest-festival-where-to-celebrate-it\/","og_locale":"en_US","og_type":"article","og_title":"The great spanish grape harvest festival: where to celebrate it - Tapas","og_description":"Click here to read the Spanish version. The season of the beginning and end of the harvest becomes a great national celebration in which several wine","og_url":"https:\/\/www.tapasmagazine.es\/en\/the-great-spanish-grape-harvest-festival-where-to-celebrate-it\/","og_site_name":"Tapas","article_publisher":"https:\/\/www.facebook.com\/tapasmagazine","article_published_time":"2024-09-06T09:15:59+00:00","article_modified_time":"2024-09-06T09:25:33+00:00","og_image":[{"width":1200,"height":675,"url":"https:\/\/www.tapasmagazine.es\/wp-content\/uploads\/2024\/09\/fiesta-vendimia.jpg","type":"image\/jpeg"}],"author":"Laura P\u00e9rez","twitter_card":"summary_large_image","twitter_creator":"@TapasMagazine","twitter_site":"@TapasMagazine","twitter_misc":{"Written by":"Laura P\u00e9rez","Est. reading time":"2 minutes"},"schema":{"@context":"https:\/\/schema.org","@graph":[{"@type":"Article","@id":"https:\/\/www.tapasmagazine.es\/en\/the-great-spanish-grape-harvest-festival-where-to-celebrate-it\/#article","isPartOf":{"@id":"https:\/\/www.tapasmagazine.es\/en\/the-great-spanish-grape-harvest-festival-where-to-celebrate-it\/"},"author":{"name":"Laura P\u00e9rez","@id":"https:\/\/www.tapasmagazine.es\/#\/schema\/person\/eb46cbe76a9c8f062660eb609e3ecb4e"},"headline":"The great spanish grape harvest festival: where to celebrate it","datePublished":"2024-09-06T09:15:59+00:00","dateModified":"2024-09-06T09:25:33+00:00","mainEntityOfPage":{"@id":"https:\/\/www.tapasmagazine.es\/en\/the-great-spanish-grape-harvest-festival-where-to-celebrate-it\/"},"wordCount":318,"publisher":{"@id":"https:\/\/www.tapasmagazine.es\/#organization"},"image":{"@id":"https:\/\/www.tapasmagazine.es\/en\/the-great-spanish-grape-harvest-festival-where-to-celebrate-it\/#primaryimage"},"thumbnailUrl":"https:\/\/www.tapasmagazine.es\/wp-content\/uploads\/2024\/09\/fiesta-vendimia.jpg","keywords":["fiestas","uva","Vendimia"],"articleSection":["Planes","Sin categorizar"],"inLanguage":"en-US"},{"@type":"WebPage","@id":"https:\/\/www.tapasmagazine.es\/en\/the-great-spanish-grape-harvest-festival-where-to-celebrate-it\/","url":"https:\/\/www.tapasmagazine.es\/en\/the-great-spanish-grape-harvest-festival-where-to-celebrate-it\/","name":"The great spanish grape harvest festival: where to celebrate it - Tapas","isPartOf":{"@id":"https:\/\/www.tapasmagazine.es\/#website"},"primaryImageOfPage":{"@id":"https:\/\/www.tapasmagazine.es\/en\/the-great-spanish-grape-harvest-festival-where-to-celebrate-it\/#primaryimage"},"image":{"@id":"https:\/\/www.tapasmagazine.es\/en\/the-great-spanish-grape-harvest-festival-where-to-celebrate-it\/#primaryimage"},"thumbnailUrl":"https:\/\/www.tapasmagazine.es\/wp-content\/uploads\/2024\/09\/fiesta-vendimia.jpg","datePublished":"2024-09-06T09:15:59+00:00","dateModified":"2024-09-06T09:25:33+00:00","description":"Click here to read the Spanish version. The season of the beginning and end of the harvest becomes a great national celebration in which several wine","breadcrumb":{"@id":"https:\/\/www.tapasmagazine.es\/en\/the-great-spanish-grape-harvest-festival-where-to-celebrate-it\/#breadcrumb"},"inLanguage":"en-US","potentialAction":[{"@type":"ReadAction","target":["https:\/\/www.tapasmagazine.es\/en\/the-great-spanish-grape-harvest-festival-where-to-celebrate-it\/"]}]},{"@type":"ImageObject","inLanguage":"en-US","@id":"https:\/\/www.tapasmagazine.es\/en\/the-great-spanish-grape-harvest-festival-where-to-celebrate-it\/#primaryimage","url":"https:\/\/www.tapasmagazine.es\/wp-content\/uploads\/2024\/09\/fiesta-vendimia.jpg","contentUrl":"https:\/\/www.tapasmagazine.es\/wp-content\/uploads\/2024\/09\/fiesta-vendimia.jpg","width":1200,"height":675},{"@type":"BreadcrumbList","@id":"https:\/\/www.tapasmagazine.es\/en\/the-great-spanish-grape-harvest-festival-where-to-celebrate-it\/#breadcrumb","itemListElement":[{"@type":"ListItem","position":1,"name":"Portada","item":"https:\/\/www.tapasmagazine.es\/"},{"@type":"ListItem","position":2,"name":"Sin categorizar","item":"https:\/\/www.tapasmagazine.es\/categorias\/sin-categorizar\/"},{"@type":"ListItem","position":3,"name":"The great spanish grape harvest festival: where to celebrate it"}]},{"@type":"WebSite","@id":"https:\/\/www.tapasmagazine.es\/#website","url":"https:\/\/www.tapasmagazine.es\/","name":"Tapas","description":"\u00d1am \u00d1am Lifestyle. La vida a bocados. Premio Nacional de Gastronom\u00eda 2016.","publisher":{"@id":"https:\/\/www.tapasmagazine.es\/#organization"},"potentialAction":[{"@type":"SearchAction","target":{"@type":"EntryPoint","urlTemplate":"https:\/\/www.tapasmagazine.es\/?s={search_term_string}"},"query-input":{"@type":"PropertyValueSpecification","valueRequired":true,"valueName":"search_term_string"}}],"inLanguage":"en-US"},{"@type":"Organization","@id":"https:\/\/www.tapasmagazine.es\/#organization","name":"Tapas Magazine","url":"https:\/\/www.tapasmagazine.es\/","logo":{"@type":"ImageObject","inLanguage":"en-US","@id":"https:\/\/www.tapasmagazine.es\/#\/schema\/logo\/image\/","url":"https:\/\/www.tapasmagazine.es\/wp-content\/uploads\/2018\/01\/logo.png","contentUrl":"https:\/\/www.tapasmagazine.es\/wp-content\/uploads\/2018\/01\/logo.png","width":180,"height":60,"caption":"Tapas Magazine"},"image":{"@id":"https:\/\/www.tapasmagazine.es\/#\/schema\/logo\/image\/"},"sameAs":["https:\/\/www.facebook.com\/tapasmagazine","https:\/\/x.com\/TapasMagazine","https:\/\/www.instagram.com\/tapasmagazine\/","https:\/\/www.linkedin.com\/company\/tapas-magazine","https:\/\/es.pinterest.com\/tapasmagazine\/","https:\/\/www.youtube.com\/channel\/UCEyxneAaACuR0lfDagrWjjg?sub_confirmation=1"]},{"@type":"Person","@id":"https:\/\/www.tapasmagazine.es\/#\/schema\/person\/eb46cbe76a9c8f062660eb609e3ecb4e","name":"Laura P\u00e9rez","url":"https:\/\/www.tapasmagazine.es\/en\/author\/laura-perez\/"}]}},"_links":{"self":[{"href":"https:\/\/www.tapasmagazine.es\/en\/wp-json\/wp\/v2\/posts\/261656","targetHints":{"allow":["GET"]}}],"collection":[{"href":"https:\/\/www.tapasmagazine.es\/en\/wp-json\/wp\/v2\/posts"}],"about":[{"href":"https:\/\/www.tapasmagazine.es\/en\/wp-json\/wp\/v2\/types\/post"}],"author":[{"embeddable":true,"href":"https:\/\/www.tapasmagazine.es\/en\/wp-json\/wp\/v2\/users\/285"}],"replies":[{"embeddable":true,"href":"https:\/\/www.tapasmagazine.es\/en\/wp-json\/wp\/v2\/comments?post=261656"}],"version-history":[{"count":2,"href":"https:\/\/www.tapasmagazine.es\/en\/wp-json\/wp\/v2\/posts\/261656\/revisions"}],"predecessor-version":[{"id":261673,"href":"https:\/\/www.tapasmagazine.es\/en\/wp-json\/wp\/v2\/posts\/261656\/revisions\/261673"}],"wp:featuredmedia":[{"embeddable":true,"href":"https:\/\/www.tapasmagazine.es\/en\/wp-json\/wp\/v2\/media\/261647"}],"wp:attachment":[{"href":"https:\/\/www.tapasmagazine.es\/en\/wp-json\/wp\/v2\/media?parent=261656"}],"wp:term":[{"taxonomy":"category","embeddable":true,"href":"https:\/\/www.tapasmagazine.es\/en\/wp-json\/wp\/v2\/categories?post=261656"},{"taxonomy":"post_tag","embeddable":true,"href":"https:\/\/www.tapasmagazine.es\/en\/wp-json\/wp\/v2\/tags?post=261656"}],"curies":[{"name":"wp","href":"https:\/\/api.w.org\/{rel}","templated":true}]}}