{"id":261627,"date":"2024-09-06T10:06:53","date_gmt":"2024-09-06T08:06:53","guid":{"rendered":"https:\/\/www.tapasmagazine.es\/gordon-ramsay-lleva-a-su-hija-tilly-a-comprar-ropa-de-chef\/"},"modified":"2024-09-06T10:11:19","modified_gmt":"2024-09-06T08:11:19","slug":"gordon-ramsay-takes-daughter-tilly-shopping-chefs-clothes","status":"publish","type":"post","link":"https:\/\/www.tapasmagazine.es\/en\/gordon-ramsay-takes-daughter-tilly-shopping-chefs-clothes\/","title":{"rendered":"Gordon Ramsay takes daughter Tilly shopping for chef&#8217;s clothes"},"content":{"rendered":"\n<p><strong>Click <a href=\"https:\/\/www.tapasmagazine.es\/gordon-ramsay-lleva-a-su-hija-tilly-a-comprar-ropa-de-chef\/\" target=\"_blank\" rel=\"noreferrer noopener\">here<\/a> to read the Spanish version.<\/strong><\/p>\n\n\n\n<p><strong>Gordon Ramsay<\/strong>&#8216;s youngest daughter has just revealed that she will be going to cooking school in the fall. Of course, her father is helping her in every way he can so that, like him, she ends up shining as a true star of haute cuisine.<\/p>\n\n\n\n<p>On Tuesday, September 3, <strong>Tilly<\/strong>, who had previously announced her career change in a post in which she wrote: &#8216;I can&#8217;t believe this chapter is over, but I&#8217;m excited for future\ud83d\udc69\ud83c\udffc\u200d\ud83c\udf73\ud83c\udf73&#8217;, shared a photo on Instagram of herself sheathed in a head-to-toe chef&#8217;s uniform.<\/p>\n\n\n<div class=\"wp-block-image\">\n<figure class=\"aligncenter size-large is-resized\"><img decoding=\"async\" width=\"683\" height=\"1024\" src=\"https:\/\/www.tapasmagazine.es\/wp-content\/uploads\/2024\/09\/Tilly-fordon-ramsey-090424-1-fc99d8226f624612b81806c4504fce89-683x1024.webp\" alt=\"\" class=\"wp-image-261616\" style=\"width:809px;height:auto\" srcset=\"https:\/\/www.tapasmagazine.es\/wp-content\/uploads\/2024\/09\/Tilly-fordon-ramsey-090424-1-fc99d8226f624612b81806c4504fce89-683x1024.webp 683w, https:\/\/www.tapasmagazine.es\/wp-content\/uploads\/2024\/09\/Tilly-fordon-ramsey-090424-1-fc99d8226f624612b81806c4504fce89-200x300.webp 200w, https:\/\/www.tapasmagazine.es\/wp-content\/uploads\/2024\/09\/Tilly-fordon-ramsey-090424-1-fc99d8226f624612b81806c4504fce89-768x1152.webp 768w, https:\/\/www.tapasmagazine.es\/wp-content\/uploads\/2024\/09\/Tilly-fordon-ramsey-090424-1-fc99d8226f624612b81806c4504fce89-400x600.webp 400w, https:\/\/www.tapasmagazine.es\/wp-content\/uploads\/2024\/09\/Tilly-fordon-ramsey-090424-1-fc99d8226f624612b81806c4504fce89.webp 1000w\" sizes=\"(max-width: 683px) 100vw, 683px\" \/><\/figure>\n<\/div>\n\n\n<p>&#8216;So yesterday I went shopping for a different kind of uniform,&#8217; she wrote about the photo, in which she appears in the classic chef&#8217;s uniform: white double-breasted jacket, pants and black non-slip kitchen clogs.<\/p>\n\n\n\n<p>She also revealed that her father was there advising her. &#8216;<strong><a href=\"https:\/\/www.instagram.com\/gordongram\/\" target=\"_blank\" rel=\"noreferrer noopener\">@gordongram<\/a> took me shopping for my first chef&#8217;s whites since I&#8217;m going to culinary school this September!!!<\/strong>,&#8217; Tilly continued. &#8216;I&#8217;m so excited for this next chapter and dad and I had the most exciting day getting all my uniform and gear \ud83e\udef6\ud83c\udffc\u2764\ufe0f&#8217;. &#8216;P.s I think this look is kind of a \ud83d\udc40\ud83d\udc40 vibe,&#8217; she added in the bottom right corner.<\/p>\n","protected":false},"excerpt":{"rendered":"<p>Click here to read the Spanish version. Gordon Ramsay&#8216;s youngest daughter has just revealed that she will be going to cooking school in the fall. Of course, her father is helping her in every way he can so that, like him, she ends up shining as a true star of haute cuisine. On Tuesday, September [&hellip;]<\/p>\n","protected":false},"author":285,"featured_media":261624,"comment_status":"closed","ping_status":"closed","sticky":false,"template":"","format":"standard","meta":{"_acf_changed":false,"footnotes":""},"categories":[15851,15910],"tags":[18230],"class_list":["post-261627","post","type-post","status-publish","format-standard","has-post-thumbnail","hentry","category-nombres-propios-en","category-personajes-en","tag-gordon-ramsay-en","cat-15851-id","cat-15910-id"],"acf":[],"yoast_head":"<!-- This site is optimized with the Yoast SEO plugin v27.4 - https:\/\/yoast.com\/product\/yoast-seo-wordpress\/ -->\n<title>Gordon Ramsay takes daughter Tilly shopping for chef&#039;s clothes - Tapas<\/title>\n<meta name=\"description\" content=\"Click here to read the Spanish version. Gordon Ramsay&#039;s youngest daughter has just revealed that she will be going to cooking school in the fall. Of\" \/>\n<meta name=\"robots\" content=\"index, follow, max-snippet:-1, max-image-preview:large, max-video-preview:-1\" \/>\n<link rel=\"canonical\" href=\"https:\/\/www.tapasmagazine.es\/en\/gordon-ramsay-takes-daughter-tilly-shopping-chefs-clothes\/\" \/>\n<meta property=\"og:locale\" content=\"en_US\" \/>\n<meta property=\"og:type\" content=\"article\" \/>\n<meta property=\"og:title\" content=\"Gordon Ramsay takes daughter Tilly shopping for chef&#039;s clothes - Tapas\" \/>\n<meta property=\"og:description\" content=\"Click here to read the Spanish version. Gordon Ramsay&#039;s youngest daughter has just revealed that she will be going to cooking school in the fall. Of\" \/>\n<meta property=\"og:url\" content=\"https:\/\/www.tapasmagazine.es\/en\/gordon-ramsay-takes-daughter-tilly-shopping-chefs-clothes\/\" \/>\n<meta property=\"og:site_name\" content=\"Tapas\" \/>\n<meta property=\"article:publisher\" content=\"https:\/\/www.facebook.com\/tapasmagazine\" \/>\n<meta property=\"article:published_time\" content=\"2024-09-06T08:06:53+00:00\" \/>\n<meta property=\"article:modified_time\" content=\"2024-09-06T08:11:19+00:00\" \/>\n<meta property=\"og:image\" content=\"https:\/\/www.tapasmagazine.es\/wp-content\/uploads\/2024\/09\/gordon-ramsay-tilly-1.jpg\" \/>\n\t<meta property=\"og:image:width\" content=\"1200\" \/>\n\t<meta property=\"og:image:height\" content=\"675\" \/>\n\t<meta property=\"og:image:type\" content=\"image\/jpeg\" \/>\n<meta name=\"author\" content=\"Laura P\u00e9rez\" \/>\n<meta name=\"twitter:card\" content=\"summary_large_image\" \/>\n<meta name=\"twitter:creator\" content=\"@TapasMagazine\" \/>\n<meta name=\"twitter:site\" content=\"@TapasMagazine\" \/>\n<meta name=\"twitter:label1\" content=\"Written by\" \/>\n\t<meta name=\"twitter:data1\" content=\"Laura P\u00e9rez\" \/>\n\t<meta name=\"twitter:label2\" content=\"Est. reading time\" \/>\n\t<meta name=\"twitter:data2\" content=\"2 minutes\" \/>\n<script type=\"application\/ld+json\" class=\"yoast-schema-graph\">{\"@context\":\"https:\\\/\\\/schema.org\",\"@graph\":[{\"@type\":\"Article\",\"@id\":\"https:\\\/\\\/www.tapasmagazine.es\\\/en\\\/gordon-ramsay-takes-daughter-tilly-shopping-chefs-clothes\\\/#article\",\"isPartOf\":{\"@id\":\"https:\\\/\\\/www.tapasmagazine.es\\\/en\\\/gordon-ramsay-takes-daughter-tilly-shopping-chefs-clothes\\\/\"},\"author\":{\"name\":\"Laura P\u00e9rez\",\"@id\":\"https:\\\/\\\/www.tapasmagazine.es\\\/#\\\/schema\\\/person\\\/eb46cbe76a9c8f062660eb609e3ecb4e\"},\"headline\":\"Gordon Ramsay takes daughter Tilly shopping for chef&#8217;s clothes\",\"datePublished\":\"2024-09-06T08:06:53+00:00\",\"dateModified\":\"2024-09-06T08:11:19+00:00\",\"mainEntityOfPage\":{\"@id\":\"https:\\\/\\\/www.tapasmagazine.es\\\/en\\\/gordon-ramsay-takes-daughter-tilly-shopping-chefs-clothes\\\/\"},\"wordCount\":216,\"publisher\":{\"@id\":\"https:\\\/\\\/www.tapasmagazine.es\\\/#organization\"},\"image\":{\"@id\":\"https:\\\/\\\/www.tapasmagazine.es\\\/en\\\/gordon-ramsay-takes-daughter-tilly-shopping-chefs-clothes\\\/#primaryimage\"},\"thumbnailUrl\":\"https:\\\/\\\/www.tapasmagazine.es\\\/wp-content\\\/uploads\\\/2024\\\/09\\\/gordon-ramsay-tilly-1.jpg\",\"keywords\":[\"Gordon Ramsay\"],\"articleSection\":[\"Nombres propios\",\"Personajes\"],\"inLanguage\":\"en-US\"},{\"@type\":\"WebPage\",\"@id\":\"https:\\\/\\\/www.tapasmagazine.es\\\/en\\\/gordon-ramsay-takes-daughter-tilly-shopping-chefs-clothes\\\/\",\"url\":\"https:\\\/\\\/www.tapasmagazine.es\\\/en\\\/gordon-ramsay-takes-daughter-tilly-shopping-chefs-clothes\\\/\",\"name\":\"Gordon Ramsay takes daughter Tilly shopping for chef's clothes - Tapas\",\"isPartOf\":{\"@id\":\"https:\\\/\\\/www.tapasmagazine.es\\\/#website\"},\"primaryImageOfPage\":{\"@id\":\"https:\\\/\\\/www.tapasmagazine.es\\\/en\\\/gordon-ramsay-takes-daughter-tilly-shopping-chefs-clothes\\\/#primaryimage\"},\"image\":{\"@id\":\"https:\\\/\\\/www.tapasmagazine.es\\\/en\\\/gordon-ramsay-takes-daughter-tilly-shopping-chefs-clothes\\\/#primaryimage\"},\"thumbnailUrl\":\"https:\\\/\\\/www.tapasmagazine.es\\\/wp-content\\\/uploads\\\/2024\\\/09\\\/gordon-ramsay-tilly-1.jpg\",\"datePublished\":\"2024-09-06T08:06:53+00:00\",\"dateModified\":\"2024-09-06T08:11:19+00:00\",\"description\":\"Click here to read the Spanish version. Gordon Ramsay's youngest daughter has just revealed that she will be going to cooking school in the fall. Of\",\"breadcrumb\":{\"@id\":\"https:\\\/\\\/www.tapasmagazine.es\\\/en\\\/gordon-ramsay-takes-daughter-tilly-shopping-chefs-clothes\\\/#breadcrumb\"},\"inLanguage\":\"en-US\",\"potentialAction\":[{\"@type\":\"ReadAction\",\"target\":[\"https:\\\/\\\/www.tapasmagazine.es\\\/en\\\/gordon-ramsay-takes-daughter-tilly-shopping-chefs-clothes\\\/\"]}]},{\"@type\":\"ImageObject\",\"inLanguage\":\"en-US\",\"@id\":\"https:\\\/\\\/www.tapasmagazine.es\\\/en\\\/gordon-ramsay-takes-daughter-tilly-shopping-chefs-clothes\\\/#primaryimage\",\"url\":\"https:\\\/\\\/www.tapasmagazine.es\\\/wp-content\\\/uploads\\\/2024\\\/09\\\/gordon-ramsay-tilly-1.jpg\",\"contentUrl\":\"https:\\\/\\\/www.tapasmagazine.es\\\/wp-content\\\/uploads\\\/2024\\\/09\\\/gordon-ramsay-tilly-1.jpg\",\"width\":1200,\"height\":675},{\"@type\":\"BreadcrumbList\",\"@id\":\"https:\\\/\\\/www.tapasmagazine.es\\\/en\\\/gordon-ramsay-takes-daughter-tilly-shopping-chefs-clothes\\\/#breadcrumb\",\"itemListElement\":[{\"@type\":\"ListItem\",\"position\":1,\"name\":\"Portada\",\"item\":\"https:\\\/\\\/www.tapasmagazine.es\\\/\"},{\"@type\":\"ListItem\",\"position\":2,\"name\":\"Nombres propios\",\"item\":\"https:\\\/\\\/www.tapasmagazine.es\\\/en\\\/categorias\\\/nombres-propios-en\\\/\"},{\"@type\":\"ListItem\",\"position\":3,\"name\":\"Gordon Ramsay takes daughter Tilly shopping for chef&#8217;s clothes\"}]},{\"@type\":\"WebSite\",\"@id\":\"https:\\\/\\\/www.tapasmagazine.es\\\/#website\",\"url\":\"https:\\\/\\\/www.tapasmagazine.es\\\/\",\"name\":\"Tapas\",\"description\":\"\u00d1am \u00d1am Lifestyle. La vida a bocados. Premio Nacional de Gastronom\u00eda 2016.\",\"publisher\":{\"@id\":\"https:\\\/\\\/www.tapasmagazine.es\\\/#organization\"},\"potentialAction\":[{\"@type\":\"SearchAction\",\"target\":{\"@type\":\"EntryPoint\",\"urlTemplate\":\"https:\\\/\\\/www.tapasmagazine.es\\\/?s={search_term_string}\"},\"query-input\":{\"@type\":\"PropertyValueSpecification\",\"valueRequired\":true,\"valueName\":\"search_term_string\"}}],\"inLanguage\":\"en-US\"},{\"@type\":\"Organization\",\"@id\":\"https:\\\/\\\/www.tapasmagazine.es\\\/#organization\",\"name\":\"Tapas Magazine\",\"url\":\"https:\\\/\\\/www.tapasmagazine.es\\\/\",\"logo\":{\"@type\":\"ImageObject\",\"inLanguage\":\"en-US\",\"@id\":\"https:\\\/\\\/www.tapasmagazine.es\\\/#\\\/schema\\\/logo\\\/image\\\/\",\"url\":\"https:\\\/\\\/www.tapasmagazine.es\\\/wp-content\\\/uploads\\\/2018\\\/01\\\/logo.png\",\"contentUrl\":\"https:\\\/\\\/www.tapasmagazine.es\\\/wp-content\\\/uploads\\\/2018\\\/01\\\/logo.png\",\"width\":180,\"height\":60,\"caption\":\"Tapas Magazine\"},\"image\":{\"@id\":\"https:\\\/\\\/www.tapasmagazine.es\\\/#\\\/schema\\\/logo\\\/image\\\/\"},\"sameAs\":[\"https:\\\/\\\/www.facebook.com\\\/tapasmagazine\",\"https:\\\/\\\/x.com\\\/TapasMagazine\",\"https:\\\/\\\/www.instagram.com\\\/tapasmagazine\\\/\",\"https:\\\/\\\/www.linkedin.com\\\/company\\\/tapas-magazine\",\"https:\\\/\\\/es.pinterest.com\\\/tapasmagazine\\\/\",\"https:\\\/\\\/www.youtube.com\\\/channel\\\/UCEyxneAaACuR0lfDagrWjjg?sub_confirmation=1\"]},{\"@type\":\"Person\",\"@id\":\"https:\\\/\\\/www.tapasmagazine.es\\\/#\\\/schema\\\/person\\\/eb46cbe76a9c8f062660eb609e3ecb4e\",\"name\":\"Laura P\u00e9rez\",\"url\":\"https:\\\/\\\/www.tapasmagazine.es\\\/en\\\/author\\\/laura-perez\\\/\"}]}<\/script>\n<!-- \/ Yoast SEO plugin. -->","yoast_head_json":{"title":"Gordon Ramsay takes daughter Tilly shopping for chef's clothes - Tapas","description":"Click here to read the Spanish version. Gordon Ramsay's youngest daughter has just revealed that she will be going to cooking school in the fall. Of","robots":{"index":"index","follow":"follow","max-snippet":"max-snippet:-1","max-image-preview":"max-image-preview:large","max-video-preview":"max-video-preview:-1"},"canonical":"https:\/\/www.tapasmagazine.es\/en\/gordon-ramsay-takes-daughter-tilly-shopping-chefs-clothes\/","og_locale":"en_US","og_type":"article","og_title":"Gordon Ramsay takes daughter Tilly shopping for chef's clothes - Tapas","og_description":"Click here to read the Spanish version. Gordon Ramsay's youngest daughter has just revealed that she will be going to cooking school in the fall. Of","og_url":"https:\/\/www.tapasmagazine.es\/en\/gordon-ramsay-takes-daughter-tilly-shopping-chefs-clothes\/","og_site_name":"Tapas","article_publisher":"https:\/\/www.facebook.com\/tapasmagazine","article_published_time":"2024-09-06T08:06:53+00:00","article_modified_time":"2024-09-06T08:11:19+00:00","og_image":[{"width":1200,"height":675,"url":"https:\/\/www.tapasmagazine.es\/wp-content\/uploads\/2024\/09\/gordon-ramsay-tilly-1.jpg","type":"image\/jpeg"}],"author":"Laura P\u00e9rez","twitter_card":"summary_large_image","twitter_creator":"@TapasMagazine","twitter_site":"@TapasMagazine","twitter_misc":{"Written by":"Laura P\u00e9rez","Est. reading time":"2 minutes"},"schema":{"@context":"https:\/\/schema.org","@graph":[{"@type":"Article","@id":"https:\/\/www.tapasmagazine.es\/en\/gordon-ramsay-takes-daughter-tilly-shopping-chefs-clothes\/#article","isPartOf":{"@id":"https:\/\/www.tapasmagazine.es\/en\/gordon-ramsay-takes-daughter-tilly-shopping-chefs-clothes\/"},"author":{"name":"Laura P\u00e9rez","@id":"https:\/\/www.tapasmagazine.es\/#\/schema\/person\/eb46cbe76a9c8f062660eb609e3ecb4e"},"headline":"Gordon Ramsay takes daughter Tilly shopping for chef&#8217;s clothes","datePublished":"2024-09-06T08:06:53+00:00","dateModified":"2024-09-06T08:11:19+00:00","mainEntityOfPage":{"@id":"https:\/\/www.tapasmagazine.es\/en\/gordon-ramsay-takes-daughter-tilly-shopping-chefs-clothes\/"},"wordCount":216,"publisher":{"@id":"https:\/\/www.tapasmagazine.es\/#organization"},"image":{"@id":"https:\/\/www.tapasmagazine.es\/en\/gordon-ramsay-takes-daughter-tilly-shopping-chefs-clothes\/#primaryimage"},"thumbnailUrl":"https:\/\/www.tapasmagazine.es\/wp-content\/uploads\/2024\/09\/gordon-ramsay-tilly-1.jpg","keywords":["Gordon Ramsay"],"articleSection":["Nombres propios","Personajes"],"inLanguage":"en-US"},{"@type":"WebPage","@id":"https:\/\/www.tapasmagazine.es\/en\/gordon-ramsay-takes-daughter-tilly-shopping-chefs-clothes\/","url":"https:\/\/www.tapasmagazine.es\/en\/gordon-ramsay-takes-daughter-tilly-shopping-chefs-clothes\/","name":"Gordon Ramsay takes daughter Tilly shopping for chef's clothes - Tapas","isPartOf":{"@id":"https:\/\/www.tapasmagazine.es\/#website"},"primaryImageOfPage":{"@id":"https:\/\/www.tapasmagazine.es\/en\/gordon-ramsay-takes-daughter-tilly-shopping-chefs-clothes\/#primaryimage"},"image":{"@id":"https:\/\/www.tapasmagazine.es\/en\/gordon-ramsay-takes-daughter-tilly-shopping-chefs-clothes\/#primaryimage"},"thumbnailUrl":"https:\/\/www.tapasmagazine.es\/wp-content\/uploads\/2024\/09\/gordon-ramsay-tilly-1.jpg","datePublished":"2024-09-06T08:06:53+00:00","dateModified":"2024-09-06T08:11:19+00:00","description":"Click here to read the Spanish version. Gordon Ramsay's youngest daughter has just revealed that she will be going to cooking school in the fall. Of","breadcrumb":{"@id":"https:\/\/www.tapasmagazine.es\/en\/gordon-ramsay-takes-daughter-tilly-shopping-chefs-clothes\/#breadcrumb"},"inLanguage":"en-US","potentialAction":[{"@type":"ReadAction","target":["https:\/\/www.tapasmagazine.es\/en\/gordon-ramsay-takes-daughter-tilly-shopping-chefs-clothes\/"]}]},{"@type":"ImageObject","inLanguage":"en-US","@id":"https:\/\/www.tapasmagazine.es\/en\/gordon-ramsay-takes-daughter-tilly-shopping-chefs-clothes\/#primaryimage","url":"https:\/\/www.tapasmagazine.es\/wp-content\/uploads\/2024\/09\/gordon-ramsay-tilly-1.jpg","contentUrl":"https:\/\/www.tapasmagazine.es\/wp-content\/uploads\/2024\/09\/gordon-ramsay-tilly-1.jpg","width":1200,"height":675},{"@type":"BreadcrumbList","@id":"https:\/\/www.tapasmagazine.es\/en\/gordon-ramsay-takes-daughter-tilly-shopping-chefs-clothes\/#breadcrumb","itemListElement":[{"@type":"ListItem","position":1,"name":"Portada","item":"https:\/\/www.tapasmagazine.es\/"},{"@type":"ListItem","position":2,"name":"Nombres propios","item":"https:\/\/www.tapasmagazine.es\/en\/categorias\/nombres-propios-en\/"},{"@type":"ListItem","position":3,"name":"Gordon Ramsay takes daughter Tilly shopping for chef&#8217;s clothes"}]},{"@type":"WebSite","@id":"https:\/\/www.tapasmagazine.es\/#website","url":"https:\/\/www.tapasmagazine.es\/","name":"Tapas","description":"\u00d1am \u00d1am Lifestyle. La vida a bocados. Premio Nacional de Gastronom\u00eda 2016.","publisher":{"@id":"https:\/\/www.tapasmagazine.es\/#organization"},"potentialAction":[{"@type":"SearchAction","target":{"@type":"EntryPoint","urlTemplate":"https:\/\/www.tapasmagazine.es\/?s={search_term_string}"},"query-input":{"@type":"PropertyValueSpecification","valueRequired":true,"valueName":"search_term_string"}}],"inLanguage":"en-US"},{"@type":"Organization","@id":"https:\/\/www.tapasmagazine.es\/#organization","name":"Tapas Magazine","url":"https:\/\/www.tapasmagazine.es\/","logo":{"@type":"ImageObject","inLanguage":"en-US","@id":"https:\/\/www.tapasmagazine.es\/#\/schema\/logo\/image\/","url":"https:\/\/www.tapasmagazine.es\/wp-content\/uploads\/2018\/01\/logo.png","contentUrl":"https:\/\/www.tapasmagazine.es\/wp-content\/uploads\/2018\/01\/logo.png","width":180,"height":60,"caption":"Tapas Magazine"},"image":{"@id":"https:\/\/www.tapasmagazine.es\/#\/schema\/logo\/image\/"},"sameAs":["https:\/\/www.facebook.com\/tapasmagazine","https:\/\/x.com\/TapasMagazine","https:\/\/www.instagram.com\/tapasmagazine\/","https:\/\/www.linkedin.com\/company\/tapas-magazine","https:\/\/es.pinterest.com\/tapasmagazine\/","https:\/\/www.youtube.com\/channel\/UCEyxneAaACuR0lfDagrWjjg?sub_confirmation=1"]},{"@type":"Person","@id":"https:\/\/www.tapasmagazine.es\/#\/schema\/person\/eb46cbe76a9c8f062660eb609e3ecb4e","name":"Laura P\u00e9rez","url":"https:\/\/www.tapasmagazine.es\/en\/author\/laura-perez\/"}]}},"_links":{"self":[{"href":"https:\/\/www.tapasmagazine.es\/en\/wp-json\/wp\/v2\/posts\/261627","targetHints":{"allow":["GET"]}}],"collection":[{"href":"https:\/\/www.tapasmagazine.es\/en\/wp-json\/wp\/v2\/posts"}],"about":[{"href":"https:\/\/www.tapasmagazine.es\/en\/wp-json\/wp\/v2\/types\/post"}],"author":[{"embeddable":true,"href":"https:\/\/www.tapasmagazine.es\/en\/wp-json\/wp\/v2\/users\/285"}],"replies":[{"embeddable":true,"href":"https:\/\/www.tapasmagazine.es\/en\/wp-json\/wp\/v2\/comments?post=261627"}],"version-history":[{"count":2,"href":"https:\/\/www.tapasmagazine.es\/en\/wp-json\/wp\/v2\/posts\/261627\/revisions"}],"predecessor-version":[{"id":261636,"href":"https:\/\/www.tapasmagazine.es\/en\/wp-json\/wp\/v2\/posts\/261627\/revisions\/261636"}],"wp:featuredmedia":[{"embeddable":true,"href":"https:\/\/www.tapasmagazine.es\/en\/wp-json\/wp\/v2\/media\/261624"}],"wp:attachment":[{"href":"https:\/\/www.tapasmagazine.es\/en\/wp-json\/wp\/v2\/media?parent=261627"}],"wp:term":[{"taxonomy":"category","embeddable":true,"href":"https:\/\/www.tapasmagazine.es\/en\/wp-json\/wp\/v2\/categories?post=261627"},{"taxonomy":"post_tag","embeddable":true,"href":"https:\/\/www.tapasmagazine.es\/en\/wp-json\/wp\/v2\/tags?post=261627"}],"curies":[{"name":"wp","href":"https:\/\/api.w.org\/{rel}","templated":true}]}}