{"id":261484,"date":"2024-09-05T11:13:37","date_gmt":"2024-09-05T09:13:37","guid":{"rendered":"https:\/\/www.tapasmagazine.es\/nik-bentel-lleva-a-lidl-a-la-moda\/"},"modified":"2024-09-05T11:16:24","modified_gmt":"2024-09-05T09:16:24","slug":"nik-bentel-brings-lidl-into-fashion","status":"publish","type":"post","link":"https:\/\/www.tapasmagazine.es\/en\/nik-bentel-brings-lidl-into-fashion\/","title":{"rendered":"Nik Bentel brings LIDL into fashion"},"content":{"rendered":"\n<p><strong>Click <a href=\"https:\/\/www.tapasmagazine.es\/nik-bentel-lleva-a-lidl-a-la-moda\/\" target=\"_blank\" rel=\"noreferrer noopener\">here<\/a> to read the Spanish version.<\/strong><\/p>\n\n\n\n<p>The <strong>Italian-American designer<\/strong> known for decontextualizing food and devising quirky edible designs with food brands, once again draws inspiration from gastronomy to sculpt a bag in the shape of a croissant.<\/p>\n\n\n\n<p><strong>Nik Bentel <\/strong>has teamed up with one of Europe&#8217;s most beloved supermarkets, <strong>LIDL<\/strong>, to transform one of its flagship products into a buttery croissant. A creation in the shape of a purse that feeds the inside of a cross bag that evokes the typical bakery bags with precision.<\/p>\n\n\n\n<figure class=\"wp-block-gallery has-nested-images columns-default is-cropped wp-block-gallery-1 is-layout-flex wp-block-gallery-is-layout-flex\">\n<figure class=\"wp-block-image size-large\"><img decoding=\"async\" width=\"682\" height=\"1024\" data-id=\"261477\" src=\"https:\/\/www.tapasmagazine.es\/wp-content\/uploads\/2024\/09\/p-682x1024.jpg\" alt=\"\" class=\"wp-image-261477\" srcset=\"https:\/\/www.tapasmagazine.es\/wp-content\/uploads\/2024\/09\/p-682x1024.jpg 682w, https:\/\/www.tapasmagazine.es\/wp-content\/uploads\/2024\/09\/p-200x300.jpg 200w, https:\/\/www.tapasmagazine.es\/wp-content\/uploads\/2024\/09\/p-768x1152.jpg 768w, https:\/\/www.tapasmagazine.es\/wp-content\/uploads\/2024\/09\/p-400x600.jpg 400w, https:\/\/www.tapasmagazine.es\/wp-content\/uploads\/2024\/09\/p.jpg 853w\" sizes=\"(max-width: 682px) 100vw, 682px\" \/><\/figure>\n\n\n\n<figure class=\"wp-block-image size-large\"><img decoding=\"async\" width=\"682\" height=\"1024\" data-id=\"261475\" src=\"https:\/\/www.tapasmagazine.es\/wp-content\/uploads\/2024\/09\/b-682x1024.jpg\" alt=\"\" class=\"wp-image-261475\" srcset=\"https:\/\/www.tapasmagazine.es\/wp-content\/uploads\/2024\/09\/b-682x1024.jpg 682w, https:\/\/www.tapasmagazine.es\/wp-content\/uploads\/2024\/09\/b-200x300.jpg 200w, https:\/\/www.tapasmagazine.es\/wp-content\/uploads\/2024\/09\/b-768x1152.jpg 768w, https:\/\/www.tapasmagazine.es\/wp-content\/uploads\/2024\/09\/b-400x600.jpg 400w, https:\/\/www.tapasmagazine.es\/wp-content\/uploads\/2024\/09\/b.jpg 853w\" sizes=\"(max-width: 682px) 100vw, 682px\" \/><\/figure>\n<\/figure>\n\n\n\n<p>The bag is presented as an exclusive piece, made of leather, which awaits inside that mini croissant-shaped purse. In addition, it offers two options with which to adjust the strap so you can adapt it to your style.<\/p>\n\n\n\n<p>Despite the fact that the prices of Bentel&#8217;s works are quite high, this item counted with a lower price of $65. Plus all proceeds from each purchase went to the children&#8217;s charity NSPCC.<\/p>\n\n\n<div class=\"wp-block-image\">\n<figure class=\"aligncenter size-large is-resized\"><img decoding=\"async\" width=\"682\" height=\"1024\" src=\"https:\/\/www.tapasmagazine.es\/wp-content\/uploads\/2024\/09\/uuuuu-682x1024.jpg\" alt=\"\" class=\"wp-image-261473\" style=\"width:918px;height:auto\" srcset=\"https:\/\/www.tapasmagazine.es\/wp-content\/uploads\/2024\/09\/uuuuu-682x1024.jpg 682w, https:\/\/www.tapasmagazine.es\/wp-content\/uploads\/2024\/09\/uuuuu-200x300.jpg 200w, https:\/\/www.tapasmagazine.es\/wp-content\/uploads\/2024\/09\/uuuuu-768x1152.jpg 768w, https:\/\/www.tapasmagazine.es\/wp-content\/uploads\/2024\/09\/uuuuu-400x600.jpg 400w, https:\/\/www.tapasmagazine.es\/wp-content\/uploads\/2024\/09\/uuuuu.jpg 853w\" sizes=\"(max-width: 682px) 100vw, 682px\" \/><\/figure>\n<\/div>\n\n\n<p>The \u201c<strong>Bentel Croissant Handbag<\/strong>\u201d has already sold out in <strong>Nik Bentel<\/strong>&#8216;s <strong><a href=\"https:\/\/www.nikolasbentelstudio.com\/shop\" target=\"_blank\" rel=\"noreferrer noopener\">online store<\/a><\/strong>.<\/p>\n","protected":false},"excerpt":{"rendered":"<p>Click here to read the Spanish version. The Italian-American designer known for decontextualizing food and devising quirky edible designs with food brands, once again draws inspiration from gastronomy to sculpt a bag in the shape of a croissant. Nik Bentel has teamed up with one of Europe&#8217;s most beloved supermarkets, LIDL, to transform one of [&hellip;]<\/p>\n","protected":false},"author":285,"featured_media":261481,"comment_status":"closed","ping_status":"closed","sticky":false,"template":"","format":"standard","meta":{"_acf_changed":false,"footnotes":""},"categories":[18831,1],"tags":[19055,17640],"class_list":["post-261484","post","type-post","status-publish","format-standard","has-post-thumbnail","hentry","category-lifestyle-en","category-sin-categorizar","tag-lidl-en","tag-moda-en","cat-18831-id","cat-1-id"],"acf":[],"yoast_head":"<!-- This site is optimized with the Yoast SEO plugin v27.5 - https:\/\/yoast.com\/product\/yoast-seo-wordpress\/ -->\n<title>Nik Bentel brings LIDL into fashion - Tapas<\/title>\n<meta name=\"description\" content=\"Click here to read the Spanish version. The Italian-American designer known for decontextualizing food and devising quirky edible designs with food\" \/>\n<meta name=\"robots\" content=\"index, follow, max-snippet:-1, max-image-preview:large, max-video-preview:-1\" \/>\n<link rel=\"canonical\" href=\"https:\/\/www.tapasmagazine.es\/en\/nik-bentel-brings-lidl-into-fashion\/\" \/>\n<meta property=\"og:locale\" content=\"en_US\" \/>\n<meta property=\"og:type\" content=\"article\" \/>\n<meta property=\"og:title\" content=\"Nik Bentel brings LIDL into fashion - Tapas\" \/>\n<meta property=\"og:description\" content=\"Click here to read the Spanish version. The Italian-American designer known for decontextualizing food and devising quirky edible designs with food\" \/>\n<meta property=\"og:url\" content=\"https:\/\/www.tapasmagazine.es\/en\/nik-bentel-brings-lidl-into-fashion\/\" \/>\n<meta property=\"og:site_name\" content=\"Tapas\" \/>\n<meta property=\"article:publisher\" content=\"https:\/\/www.facebook.com\/tapasmagazine\" \/>\n<meta property=\"article:published_time\" content=\"2024-09-05T09:13:37+00:00\" \/>\n<meta property=\"article:modified_time\" content=\"2024-09-05T09:16:24+00:00\" \/>\n<meta property=\"og:image\" content=\"https:\/\/www.tapasmagazine.es\/wp-content\/uploads\/2024\/09\/i.jpg\" \/>\n\t<meta property=\"og:image:width\" content=\"1200\" \/>\n\t<meta property=\"og:image:height\" content=\"675\" \/>\n\t<meta property=\"og:image:type\" content=\"image\/jpeg\" \/>\n<meta name=\"author\" content=\"Laura P\u00e9rez\" \/>\n<meta name=\"twitter:card\" content=\"summary_large_image\" \/>\n<meta name=\"twitter:creator\" content=\"@TapasMagazine\" \/>\n<meta name=\"twitter:site\" content=\"@TapasMagazine\" \/>\n<meta name=\"twitter:label1\" content=\"Written by\" \/>\n\t<meta name=\"twitter:data1\" content=\"Laura P\u00e9rez\" \/>\n\t<meta name=\"twitter:label2\" content=\"Est. reading time\" \/>\n\t<meta name=\"twitter:data2\" content=\"2 minutes\" \/>\n<script type=\"application\/ld+json\" class=\"yoast-schema-graph\">{\"@context\":\"https:\\\/\\\/schema.org\",\"@graph\":[{\"@type\":\"Article\",\"@id\":\"https:\\\/\\\/www.tapasmagazine.es\\\/en\\\/nik-bentel-brings-lidl-into-fashion\\\/#article\",\"isPartOf\":{\"@id\":\"https:\\\/\\\/www.tapasmagazine.es\\\/en\\\/nik-bentel-brings-lidl-into-fashion\\\/\"},\"author\":{\"name\":\"Laura P\u00e9rez\",\"@id\":\"https:\\\/\\\/www.tapasmagazine.es\\\/#\\\/schema\\\/person\\\/eb46cbe76a9c8f062660eb609e3ecb4e\"},\"headline\":\"Nik Bentel brings LIDL into fashion\",\"datePublished\":\"2024-09-05T09:13:37+00:00\",\"dateModified\":\"2024-09-05T09:16:24+00:00\",\"mainEntityOfPage\":{\"@id\":\"https:\\\/\\\/www.tapasmagazine.es\\\/en\\\/nik-bentel-brings-lidl-into-fashion\\\/\"},\"wordCount\":179,\"publisher\":{\"@id\":\"https:\\\/\\\/www.tapasmagazine.es\\\/#organization\"},\"image\":{\"@id\":\"https:\\\/\\\/www.tapasmagazine.es\\\/en\\\/nik-bentel-brings-lidl-into-fashion\\\/#primaryimage\"},\"thumbnailUrl\":\"https:\\\/\\\/www.tapasmagazine.es\\\/wp-content\\\/uploads\\\/2024\\\/09\\\/i.jpg\",\"keywords\":[\"Lidl\",\"Moda\"],\"articleSection\":[\"Lifestyle\",\"Sin categorizar\"],\"inLanguage\":\"en-US\"},{\"@type\":\"WebPage\",\"@id\":\"https:\\\/\\\/www.tapasmagazine.es\\\/en\\\/nik-bentel-brings-lidl-into-fashion\\\/\",\"url\":\"https:\\\/\\\/www.tapasmagazine.es\\\/en\\\/nik-bentel-brings-lidl-into-fashion\\\/\",\"name\":\"Nik Bentel brings LIDL into fashion - Tapas\",\"isPartOf\":{\"@id\":\"https:\\\/\\\/www.tapasmagazine.es\\\/#website\"},\"primaryImageOfPage\":{\"@id\":\"https:\\\/\\\/www.tapasmagazine.es\\\/en\\\/nik-bentel-brings-lidl-into-fashion\\\/#primaryimage\"},\"image\":{\"@id\":\"https:\\\/\\\/www.tapasmagazine.es\\\/en\\\/nik-bentel-brings-lidl-into-fashion\\\/#primaryimage\"},\"thumbnailUrl\":\"https:\\\/\\\/www.tapasmagazine.es\\\/wp-content\\\/uploads\\\/2024\\\/09\\\/i.jpg\",\"datePublished\":\"2024-09-05T09:13:37+00:00\",\"dateModified\":\"2024-09-05T09:16:24+00:00\",\"description\":\"Click here to read the Spanish version. The Italian-American designer known for decontextualizing food and devising quirky edible designs with food\",\"breadcrumb\":{\"@id\":\"https:\\\/\\\/www.tapasmagazine.es\\\/en\\\/nik-bentel-brings-lidl-into-fashion\\\/#breadcrumb\"},\"inLanguage\":\"en-US\",\"potentialAction\":[{\"@type\":\"ReadAction\",\"target\":[\"https:\\\/\\\/www.tapasmagazine.es\\\/en\\\/nik-bentel-brings-lidl-into-fashion\\\/\"]}]},{\"@type\":\"ImageObject\",\"inLanguage\":\"en-US\",\"@id\":\"https:\\\/\\\/www.tapasmagazine.es\\\/en\\\/nik-bentel-brings-lidl-into-fashion\\\/#primaryimage\",\"url\":\"https:\\\/\\\/www.tapasmagazine.es\\\/wp-content\\\/uploads\\\/2024\\\/09\\\/i.jpg\",\"contentUrl\":\"https:\\\/\\\/www.tapasmagazine.es\\\/wp-content\\\/uploads\\\/2024\\\/09\\\/i.jpg\",\"width\":1200,\"height\":675},{\"@type\":\"BreadcrumbList\",\"@id\":\"https:\\\/\\\/www.tapasmagazine.es\\\/en\\\/nik-bentel-brings-lidl-into-fashion\\\/#breadcrumb\",\"itemListElement\":[{\"@type\":\"ListItem\",\"position\":1,\"name\":\"Portada\",\"item\":\"https:\\\/\\\/www.tapasmagazine.es\\\/\"},{\"@type\":\"ListItem\",\"position\":2,\"name\":\"Lifestyle\",\"item\":\"https:\\\/\\\/www.tapasmagazine.es\\\/categorias\\\/lifestyle\\\/\"},{\"@type\":\"ListItem\",\"position\":3,\"name\":\"Nik Bentel brings LIDL into fashion\"}]},{\"@type\":\"WebSite\",\"@id\":\"https:\\\/\\\/www.tapasmagazine.es\\\/#website\",\"url\":\"https:\\\/\\\/www.tapasmagazine.es\\\/\",\"name\":\"Tapas\",\"description\":\"\u00d1am \u00d1am Lifestyle. La vida a bocados. Premio Nacional de Gastronom\u00eda 2016.\",\"publisher\":{\"@id\":\"https:\\\/\\\/www.tapasmagazine.es\\\/#organization\"},\"potentialAction\":[{\"@type\":\"SearchAction\",\"target\":{\"@type\":\"EntryPoint\",\"urlTemplate\":\"https:\\\/\\\/www.tapasmagazine.es\\\/?s={search_term_string}\"},\"query-input\":{\"@type\":\"PropertyValueSpecification\",\"valueRequired\":true,\"valueName\":\"search_term_string\"}}],\"inLanguage\":\"en-US\"},{\"@type\":\"Organization\",\"@id\":\"https:\\\/\\\/www.tapasmagazine.es\\\/#organization\",\"name\":\"Tapas Magazine\",\"url\":\"https:\\\/\\\/www.tapasmagazine.es\\\/\",\"logo\":{\"@type\":\"ImageObject\",\"inLanguage\":\"en-US\",\"@id\":\"https:\\\/\\\/www.tapasmagazine.es\\\/#\\\/schema\\\/logo\\\/image\\\/\",\"url\":\"https:\\\/\\\/www.tapasmagazine.es\\\/wp-content\\\/uploads\\\/2018\\\/01\\\/logo.png\",\"contentUrl\":\"https:\\\/\\\/www.tapasmagazine.es\\\/wp-content\\\/uploads\\\/2018\\\/01\\\/logo.png\",\"width\":180,\"height\":60,\"caption\":\"Tapas Magazine\"},\"image\":{\"@id\":\"https:\\\/\\\/www.tapasmagazine.es\\\/#\\\/schema\\\/logo\\\/image\\\/\"},\"sameAs\":[\"https:\\\/\\\/www.facebook.com\\\/tapasmagazine\",\"https:\\\/\\\/x.com\\\/TapasMagazine\",\"https:\\\/\\\/www.instagram.com\\\/tapasmagazine\\\/\",\"https:\\\/\\\/www.linkedin.com\\\/company\\\/tapas-magazine\",\"https:\\\/\\\/es.pinterest.com\\\/tapasmagazine\\\/\",\"https:\\\/\\\/www.youtube.com\\\/channel\\\/UCEyxneAaACuR0lfDagrWjjg?sub_confirmation=1\"]},{\"@type\":\"Person\",\"@id\":\"https:\\\/\\\/www.tapasmagazine.es\\\/#\\\/schema\\\/person\\\/eb46cbe76a9c8f062660eb609e3ecb4e\",\"name\":\"Laura P\u00e9rez\",\"url\":\"https:\\\/\\\/www.tapasmagazine.es\\\/en\\\/author\\\/laura-perez\\\/\"}]}<\/script>\n<!-- \/ Yoast SEO plugin. -->","yoast_head_json":{"title":"Nik Bentel brings LIDL into fashion - Tapas","description":"Click here to read the Spanish version. The Italian-American designer known for decontextualizing food and devising quirky edible designs with food","robots":{"index":"index","follow":"follow","max-snippet":"max-snippet:-1","max-image-preview":"max-image-preview:large","max-video-preview":"max-video-preview:-1"},"canonical":"https:\/\/www.tapasmagazine.es\/en\/nik-bentel-brings-lidl-into-fashion\/","og_locale":"en_US","og_type":"article","og_title":"Nik Bentel brings LIDL into fashion - Tapas","og_description":"Click here to read the Spanish version. The Italian-American designer known for decontextualizing food and devising quirky edible designs with food","og_url":"https:\/\/www.tapasmagazine.es\/en\/nik-bentel-brings-lidl-into-fashion\/","og_site_name":"Tapas","article_publisher":"https:\/\/www.facebook.com\/tapasmagazine","article_published_time":"2024-09-05T09:13:37+00:00","article_modified_time":"2024-09-05T09:16:24+00:00","og_image":[{"width":1200,"height":675,"url":"https:\/\/www.tapasmagazine.es\/wp-content\/uploads\/2024\/09\/i.jpg","type":"image\/jpeg"}],"author":"Laura P\u00e9rez","twitter_card":"summary_large_image","twitter_creator":"@TapasMagazine","twitter_site":"@TapasMagazine","twitter_misc":{"Written by":"Laura P\u00e9rez","Est. reading time":"2 minutes"},"schema":{"@context":"https:\/\/schema.org","@graph":[{"@type":"Article","@id":"https:\/\/www.tapasmagazine.es\/en\/nik-bentel-brings-lidl-into-fashion\/#article","isPartOf":{"@id":"https:\/\/www.tapasmagazine.es\/en\/nik-bentel-brings-lidl-into-fashion\/"},"author":{"name":"Laura P\u00e9rez","@id":"https:\/\/www.tapasmagazine.es\/#\/schema\/person\/eb46cbe76a9c8f062660eb609e3ecb4e"},"headline":"Nik Bentel brings LIDL into fashion","datePublished":"2024-09-05T09:13:37+00:00","dateModified":"2024-09-05T09:16:24+00:00","mainEntityOfPage":{"@id":"https:\/\/www.tapasmagazine.es\/en\/nik-bentel-brings-lidl-into-fashion\/"},"wordCount":179,"publisher":{"@id":"https:\/\/www.tapasmagazine.es\/#organization"},"image":{"@id":"https:\/\/www.tapasmagazine.es\/en\/nik-bentel-brings-lidl-into-fashion\/#primaryimage"},"thumbnailUrl":"https:\/\/www.tapasmagazine.es\/wp-content\/uploads\/2024\/09\/i.jpg","keywords":["Lidl","Moda"],"articleSection":["Lifestyle","Sin categorizar"],"inLanguage":"en-US"},{"@type":"WebPage","@id":"https:\/\/www.tapasmagazine.es\/en\/nik-bentel-brings-lidl-into-fashion\/","url":"https:\/\/www.tapasmagazine.es\/en\/nik-bentel-brings-lidl-into-fashion\/","name":"Nik Bentel brings LIDL into fashion - Tapas","isPartOf":{"@id":"https:\/\/www.tapasmagazine.es\/#website"},"primaryImageOfPage":{"@id":"https:\/\/www.tapasmagazine.es\/en\/nik-bentel-brings-lidl-into-fashion\/#primaryimage"},"image":{"@id":"https:\/\/www.tapasmagazine.es\/en\/nik-bentel-brings-lidl-into-fashion\/#primaryimage"},"thumbnailUrl":"https:\/\/www.tapasmagazine.es\/wp-content\/uploads\/2024\/09\/i.jpg","datePublished":"2024-09-05T09:13:37+00:00","dateModified":"2024-09-05T09:16:24+00:00","description":"Click here to read the Spanish version. The Italian-American designer known for decontextualizing food and devising quirky edible designs with food","breadcrumb":{"@id":"https:\/\/www.tapasmagazine.es\/en\/nik-bentel-brings-lidl-into-fashion\/#breadcrumb"},"inLanguage":"en-US","potentialAction":[{"@type":"ReadAction","target":["https:\/\/www.tapasmagazine.es\/en\/nik-bentel-brings-lidl-into-fashion\/"]}]},{"@type":"ImageObject","inLanguage":"en-US","@id":"https:\/\/www.tapasmagazine.es\/en\/nik-bentel-brings-lidl-into-fashion\/#primaryimage","url":"https:\/\/www.tapasmagazine.es\/wp-content\/uploads\/2024\/09\/i.jpg","contentUrl":"https:\/\/www.tapasmagazine.es\/wp-content\/uploads\/2024\/09\/i.jpg","width":1200,"height":675},{"@type":"BreadcrumbList","@id":"https:\/\/www.tapasmagazine.es\/en\/nik-bentel-brings-lidl-into-fashion\/#breadcrumb","itemListElement":[{"@type":"ListItem","position":1,"name":"Portada","item":"https:\/\/www.tapasmagazine.es\/"},{"@type":"ListItem","position":2,"name":"Lifestyle","item":"https:\/\/www.tapasmagazine.es\/categorias\/lifestyle\/"},{"@type":"ListItem","position":3,"name":"Nik Bentel brings LIDL into fashion"}]},{"@type":"WebSite","@id":"https:\/\/www.tapasmagazine.es\/#website","url":"https:\/\/www.tapasmagazine.es\/","name":"Tapas","description":"\u00d1am \u00d1am Lifestyle. La vida a bocados. Premio Nacional de Gastronom\u00eda 2016.","publisher":{"@id":"https:\/\/www.tapasmagazine.es\/#organization"},"potentialAction":[{"@type":"SearchAction","target":{"@type":"EntryPoint","urlTemplate":"https:\/\/www.tapasmagazine.es\/?s={search_term_string}"},"query-input":{"@type":"PropertyValueSpecification","valueRequired":true,"valueName":"search_term_string"}}],"inLanguage":"en-US"},{"@type":"Organization","@id":"https:\/\/www.tapasmagazine.es\/#organization","name":"Tapas Magazine","url":"https:\/\/www.tapasmagazine.es\/","logo":{"@type":"ImageObject","inLanguage":"en-US","@id":"https:\/\/www.tapasmagazine.es\/#\/schema\/logo\/image\/","url":"https:\/\/www.tapasmagazine.es\/wp-content\/uploads\/2018\/01\/logo.png","contentUrl":"https:\/\/www.tapasmagazine.es\/wp-content\/uploads\/2018\/01\/logo.png","width":180,"height":60,"caption":"Tapas Magazine"},"image":{"@id":"https:\/\/www.tapasmagazine.es\/#\/schema\/logo\/image\/"},"sameAs":["https:\/\/www.facebook.com\/tapasmagazine","https:\/\/x.com\/TapasMagazine","https:\/\/www.instagram.com\/tapasmagazine\/","https:\/\/www.linkedin.com\/company\/tapas-magazine","https:\/\/es.pinterest.com\/tapasmagazine\/","https:\/\/www.youtube.com\/channel\/UCEyxneAaACuR0lfDagrWjjg?sub_confirmation=1"]},{"@type":"Person","@id":"https:\/\/www.tapasmagazine.es\/#\/schema\/person\/eb46cbe76a9c8f062660eb609e3ecb4e","name":"Laura P\u00e9rez","url":"https:\/\/www.tapasmagazine.es\/en\/author\/laura-perez\/"}]}},"_links":{"self":[{"href":"https:\/\/www.tapasmagazine.es\/en\/wp-json\/wp\/v2\/posts\/261484","targetHints":{"allow":["GET"]}}],"collection":[{"href":"https:\/\/www.tapasmagazine.es\/en\/wp-json\/wp\/v2\/posts"}],"about":[{"href":"https:\/\/www.tapasmagazine.es\/en\/wp-json\/wp\/v2\/types\/post"}],"author":[{"embeddable":true,"href":"https:\/\/www.tapasmagazine.es\/en\/wp-json\/wp\/v2\/users\/285"}],"replies":[{"embeddable":true,"href":"https:\/\/www.tapasmagazine.es\/en\/wp-json\/wp\/v2\/comments?post=261484"}],"version-history":[{"count":1,"href":"https:\/\/www.tapasmagazine.es\/en\/wp-json\/wp\/v2\/posts\/261484\/revisions"}],"predecessor-version":[{"id":261490,"href":"https:\/\/www.tapasmagazine.es\/en\/wp-json\/wp\/v2\/posts\/261484\/revisions\/261490"}],"wp:featuredmedia":[{"embeddable":true,"href":"https:\/\/www.tapasmagazine.es\/en\/wp-json\/wp\/v2\/media\/261481"}],"wp:attachment":[{"href":"https:\/\/www.tapasmagazine.es\/en\/wp-json\/wp\/v2\/media?parent=261484"}],"wp:term":[{"taxonomy":"category","embeddable":true,"href":"https:\/\/www.tapasmagazine.es\/en\/wp-json\/wp\/v2\/categories?post=261484"},{"taxonomy":"post_tag","embeddable":true,"href":"https:\/\/www.tapasmagazine.es\/en\/wp-json\/wp\/v2\/tags?post=261484"}],"curies":[{"name":"wp","href":"https:\/\/api.w.org\/{rel}","templated":true}]}}