{"id":261428,"date":"2024-09-05T09:15:09","date_gmt":"2024-09-05T07:15:09","guid":{"rendered":"https:\/\/www.tapasmagazine.es\/angel-leon-protagonizara-la-nueva-temporada-de-chefs-table\/"},"modified":"2024-09-05T13:28:38","modified_gmt":"2024-09-05T11:28:38","slug":"angel-leon-to-star-in-the-new-season-of-chefs-table","status":"publish","type":"post","link":"https:\/\/www.tapasmagazine.es\/en\/angel-leon-to-star-in-the-new-season-of-chefs-table\/","title":{"rendered":"\u00c1ngel Le\u00f3n to star in the new season of Chef&#8217;s Table"},"content":{"rendered":"\n<p><strong>Click <a href=\"https:\/\/www.tapasmagazine.es\/angel-leon-sera-uno-protagonistas-nueva-temporada-chefs-table\/\" target=\"_blank\" rel=\"noreferrer noopener\">here<\/a> to read the Spanish version.<\/strong><\/p>\n\n\n\n<p><strong>\u00c1ngel Le\u00f3n<\/strong>, re-baptized as the &#8216;<strong>chef of the sea<\/strong>&#8216; for his innovative proposal to create an ecosystem for future generations through gastronomy, becomes one of the great international figures that will star in the new season of <strong><a href=\"https:\/\/www.netflix.com\/tudum\/articles\/chefs-table-noodles-vol-7-legends-release-date-news\" target=\"_blank\" rel=\"noreferrer noopener\">Chef\u2019s Table<\/a><\/strong>.<\/p>\n\n\n\n<p>The haute cuisine chef will be the new representative of the national gastronomic scene, following in the wake of <strong>Jordi Roca<\/strong> and <strong>Albert Adri\u00e1<\/strong>, who also participated in the series. Netflix will now get into \u00c1ngel Le\u00f3n&#8217;s kitchen of this documentary series that, since its launch in 2015 by Brian McGinn and David Gelb, offers a unique look at the starring chefs, revealing details of their lives, talents and passions that influence their cooking style.<\/p>\n\n\n\n<figure class=\"wp-block-gallery has-nested-images columns-default is-cropped wp-block-gallery-1 is-layout-flex wp-block-gallery-is-layout-flex\">\n<figure class=\"wp-block-image size-large\"><img decoding=\"async\" width=\"683\" height=\"1024\" data-id=\"261413\" src=\"https:\/\/www.tapasmagazine.es\/wp-content\/uploads\/2024\/09\/Aponiente_cocina3_Credit_Alvaro-Fernandez-Prieto--683x1024.jpg\" alt=\"\" class=\"wp-image-261413\" srcset=\"https:\/\/www.tapasmagazine.es\/wp-content\/uploads\/2024\/09\/Aponiente_cocina3_Credit_Alvaro-Fernandez-Prieto--683x1024.jpg 683w, https:\/\/www.tapasmagazine.es\/wp-content\/uploads\/2024\/09\/Aponiente_cocina3_Credit_Alvaro-Fernandez-Prieto--200x300.jpg 200w, https:\/\/www.tapasmagazine.es\/wp-content\/uploads\/2024\/09\/Aponiente_cocina3_Credit_Alvaro-Fernandez-Prieto--768x1152.jpg 768w, https:\/\/www.tapasmagazine.es\/wp-content\/uploads\/2024\/09\/Aponiente_cocina3_Credit_Alvaro-Fernandez-Prieto--1024x1536.jpg 1024w, https:\/\/www.tapasmagazine.es\/wp-content\/uploads\/2024\/09\/Aponiente_cocina3_Credit_Alvaro-Fernandez-Prieto--1365x2048.jpg 1365w, https:\/\/www.tapasmagazine.es\/wp-content\/uploads\/2024\/09\/Aponiente_cocina3_Credit_Alvaro-Fernandez-Prieto--1000x1500.jpg 1000w, https:\/\/www.tapasmagazine.es\/wp-content\/uploads\/2024\/09\/Aponiente_cocina3_Credit_Alvaro-Fernandez-Prieto--400x600.jpg 400w, https:\/\/www.tapasmagazine.es\/wp-content\/uploads\/2024\/09\/Aponiente_cocina3_Credit_Alvaro-Fernandez-Prieto--scaled.jpg 1707w\" sizes=\"(max-width: 683px) 100vw, 683px\" \/><\/figure>\n\n\n\n<figure class=\"wp-block-image size-large\"><img decoding=\"async\" width=\"683\" height=\"1024\" data-id=\"261411\" src=\"https:\/\/www.tapasmagazine.es\/wp-content\/uploads\/2024\/09\/Aponiente_sala_Credit_Alvaro-Fernandez-Prieto--683x1024.jpg\" alt=\"\" class=\"wp-image-261411\" srcset=\"https:\/\/www.tapasmagazine.es\/wp-content\/uploads\/2024\/09\/Aponiente_sala_Credit_Alvaro-Fernandez-Prieto--683x1024.jpg 683w, https:\/\/www.tapasmagazine.es\/wp-content\/uploads\/2024\/09\/Aponiente_sala_Credit_Alvaro-Fernandez-Prieto--200x300.jpg 200w, https:\/\/www.tapasmagazine.es\/wp-content\/uploads\/2024\/09\/Aponiente_sala_Credit_Alvaro-Fernandez-Prieto--768x1152.jpg 768w, https:\/\/www.tapasmagazine.es\/wp-content\/uploads\/2024\/09\/Aponiente_sala_Credit_Alvaro-Fernandez-Prieto--1024x1536.jpg 1024w, https:\/\/www.tapasmagazine.es\/wp-content\/uploads\/2024\/09\/Aponiente_sala_Credit_Alvaro-Fernandez-Prieto--1365x2048.jpg 1365w, https:\/\/www.tapasmagazine.es\/wp-content\/uploads\/2024\/09\/Aponiente_sala_Credit_Alvaro-Fernandez-Prieto--1000x1500.jpg 1000w, https:\/\/www.tapasmagazine.es\/wp-content\/uploads\/2024\/09\/Aponiente_sala_Credit_Alvaro-Fernandez-Prieto--400x600.jpg 400w, https:\/\/www.tapasmagazine.es\/wp-content\/uploads\/2024\/09\/Aponiente_sala_Credit_Alvaro-Fernandez-Prieto--scaled.jpg 1707w\" sizes=\"(max-width: 683px) 100vw, 683px\" \/><\/figure>\n<\/figure>\n\n\n\n<p>I always watched the episodes of Chef&#8217;s Table at home and never thought I would be lucky enough to one day be able to tell our story and that of Aponiente,&#8217; said chef \u00c1ngel Le\u00f3n excitedly.<\/p>\n\n\n\n<p>The seventh season of the platform&#8217;s flagship culinary program will also feature the stories of Kwame Onwuachi (Tatiana restaurant, in New York), Norma Listman and Saqib Keval (Masala y Ma\u00edz, in Mexico City) and Chutatip Nok Suntaranon (from Kalaya restaurant, in Philadelphia).<\/p>\n\n\n<div class=\"wp-block-image\">\n<figure class=\"aligncenter size-large is-resized\"><img decoding=\"async\" width=\"1024\" height=\"512\" src=\"https:\/\/www.tapasmagazine.es\/wp-content\/uploads\/2024\/09\/AAAAQUzbMEE6Dkf8YyD79EjvnZEWFhRulroBlXBxBkz78_mSlM2VXzVwmK_eQBr27Pc2sk_bSdoJefh2NUOhig-rqH5fM-dEncyMMbqfsBCxCCtGP7cFY1Z5NNXQJ2t_73B1RPAfnP09T2i5hlvyzsOfbjIh-1024x512.jpg\" alt=\"\" class=\"wp-image-261405\" style=\"width:1038px;height:auto\" srcset=\"https:\/\/www.tapasmagazine.es\/wp-content\/uploads\/2024\/09\/AAAAQUzbMEE6Dkf8YyD79EjvnZEWFhRulroBlXBxBkz78_mSlM2VXzVwmK_eQBr27Pc2sk_bSdoJefh2NUOhig-rqH5fM-dEncyMMbqfsBCxCCtGP7cFY1Z5NNXQJ2t_73B1RPAfnP09T2i5hlvyzsOfbjIh-1024x512.jpg 1024w, https:\/\/www.tapasmagazine.es\/wp-content\/uploads\/2024\/09\/AAAAQUzbMEE6Dkf8YyD79EjvnZEWFhRulroBlXBxBkz78_mSlM2VXzVwmK_eQBr27Pc2sk_bSdoJefh2NUOhig-rqH5fM-dEncyMMbqfsBCxCCtGP7cFY1Z5NNXQJ2t_73B1RPAfnP09T2i5hlvyzsOfbjIh-300x150.jpg 300w, https:\/\/www.tapasmagazine.es\/wp-content\/uploads\/2024\/09\/AAAAQUzbMEE6Dkf8YyD79EjvnZEWFhRulroBlXBxBkz78_mSlM2VXzVwmK_eQBr27Pc2sk_bSdoJefh2NUOhig-rqH5fM-dEncyMMbqfsBCxCCtGP7cFY1Z5NNXQJ2t_73B1RPAfnP09T2i5hlvyzsOfbjIh-768x384.jpg 768w, https:\/\/www.tapasmagazine.es\/wp-content\/uploads\/2024\/09\/AAAAQUzbMEE6Dkf8YyD79EjvnZEWFhRulroBlXBxBkz78_mSlM2VXzVwmK_eQBr27Pc2sk_bSdoJefh2NUOhig-rqH5fM-dEncyMMbqfsBCxCCtGP7cFY1Z5NNXQJ2t_73B1RPAfnP09T2i5hlvyzsOfbjIh-1000x500.jpg 1000w, https:\/\/www.tapasmagazine.es\/wp-content\/uploads\/2024\/09\/AAAAQUzbMEE6Dkf8YyD79EjvnZEWFhRulroBlXBxBkz78_mSlM2VXzVwmK_eQBr27Pc2sk_bSdoJefh2NUOhig-rqH5fM-dEncyMMbqfsBCxCCtGP7cFY1Z5NNXQJ2t_73B1RPAfnP09T2i5hlvyzsOfbjIh-400x200.jpg 400w, https:\/\/www.tapasmagazine.es\/wp-content\/uploads\/2024\/09\/AAAAQUzbMEE6Dkf8YyD79EjvnZEWFhRulroBlXBxBkz78_mSlM2VXzVwmK_eQBr27Pc2sk_bSdoJefh2NUOhig-rqH5fM-dEncyMMbqfsBCxCCtGP7cFY1Z5NNXQJ2t_73B1RPAfnP09T2i5hlvyzsOfbjIh.jpg 1200w\" sizes=\"(max-width: 1024px) 100vw, 1024px\" \/><\/figure>\n<\/div>\n\n\n<h2 class=\"wp-block-heading\">\u00c1ngel Le\u00f3n&#8217;s episode<\/h2>\n\n\n\n<p>The episode dedicated to Le\u00f3n features the participation of the famous chef<strong> Jos\u00e9 Andr\u00e9s<\/strong>, as well as Benjam\u00edn Lana, General Director of Vocento Gastronom\u00eda, Madrid Fusi\u00f3n and San Sebasti\u00e1n Gastronomika.<\/p>\n\n\n\n<p>One of the peculiarities of this episode is that it has been directed by Brian McGinn, producer and creator of the series. The North American knew the history of Le\u00f3n closely and did not want another director from his team to be in charge of this chapter.<\/p>\n\n\n<div class=\"wp-block-image\">\n<figure class=\"aligncenter size-large is-resized\"><img decoding=\"async\" width=\"1024\" height=\"518\" src=\"https:\/\/www.tapasmagazine.es\/wp-content\/uploads\/2024\/09\/still-from-Chefs-table-1-1024x518.jpg\" alt=\"\" class=\"wp-image-261417\" style=\"width:1062px;height:auto\" srcset=\"https:\/\/www.tapasmagazine.es\/wp-content\/uploads\/2024\/09\/still-from-Chefs-table-1-1024x518.jpg 1024w, https:\/\/www.tapasmagazine.es\/wp-content\/uploads\/2024\/09\/still-from-Chefs-table-1-300x152.jpg 300w, https:\/\/www.tapasmagazine.es\/wp-content\/uploads\/2024\/09\/still-from-Chefs-table-1-768x388.jpg 768w, https:\/\/www.tapasmagazine.es\/wp-content\/uploads\/2024\/09\/still-from-Chefs-table-1-1000x506.jpg 1000w, https:\/\/www.tapasmagazine.es\/wp-content\/uploads\/2024\/09\/still-from-Chefs-table-1-400x202.jpg 400w, https:\/\/www.tapasmagazine.es\/wp-content\/uploads\/2024\/09\/still-from-Chefs-table-1.jpg 1080w\" sizes=\"(max-width: 1024px) 100vw, 1024px\" \/><\/figure>\n<\/div>\n\n\n<p>The chapter filmed in C\u00e1diz focuses especially on the discovery of \u201cmarine rice\u201d by \u00c1ngel Le\u00f3n, and on the frustration of the chef himself at not having obtained funding or collaboration from any NGO to be able to cultivate it massively and thus contribute to fight hunger in disadvantaged areas and countries.<\/p>\n\n\n\n<p>The content includes scenes filmed at the Aponiente restaurant, in the marshes of the Natural Park of the Bay of Cadiz, at the Tabanco El Pasaje, at the Antonio restaurant in Zahara de los Atunes, at the Taberna Casa Manteca, at Charo&#8217;s churros stand (an endearing local character from El Puerto de Santa Maria), at the municipal market in Jerez de la Frontera and at the facilities of the tuna company Petaca Chico.<\/p>\n\n\n<div class=\"wp-block-image\">\n<figure class=\"aligncenter size-large is-resized\"><img decoding=\"async\" width=\"1024\" height=\"677\" src=\"https:\/\/www.tapasmagazine.es\/wp-content\/uploads\/2024\/09\/BackstageNetflix3_Aponiente-1024x677.jpg\" alt=\"\" class=\"wp-image-261407\" style=\"width:1060px;height:auto\" srcset=\"https:\/\/www.tapasmagazine.es\/wp-content\/uploads\/2024\/09\/BackstageNetflix3_Aponiente-1024x677.jpg 1024w, https:\/\/www.tapasmagazine.es\/wp-content\/uploads\/2024\/09\/BackstageNetflix3_Aponiente-300x198.jpg 300w, https:\/\/www.tapasmagazine.es\/wp-content\/uploads\/2024\/09\/BackstageNetflix3_Aponiente-768x508.jpg 768w, https:\/\/www.tapasmagazine.es\/wp-content\/uploads\/2024\/09\/BackstageNetflix3_Aponiente-1536x1016.jpg 1536w, https:\/\/www.tapasmagazine.es\/wp-content\/uploads\/2024\/09\/BackstageNetflix3_Aponiente-1000x661.jpg 1000w, https:\/\/www.tapasmagazine.es\/wp-content\/uploads\/2024\/09\/BackstageNetflix3_Aponiente-400x264.jpg 400w, https:\/\/www.tapasmagazine.es\/wp-content\/uploads\/2024\/09\/BackstageNetflix3_Aponiente.jpg 2048w\" sizes=\"(max-width: 1024px) 100vw, 1024px\" \/><\/figure>\n<\/div>\n\n\n<p>Throughout all the sequences focused on the history of Le\u00f3n, you will also be able to appreciate its <strong>emblematic dishes<\/strong> such as rice with plankton, pickled plankton and fig leaves, marine shank, In\u00e9s Rosales del Mar cake or marine charcuterie, as well as the technique of cooking with salt.<\/p>\n\n\n\n<p>Take note: the new season of the eight-time <strong>Emmy-nominated series <\/strong>will <strong>premiere <\/strong>on <strong>November 27<\/strong>.<\/p>\n","protected":false},"excerpt":{"rendered":"<p>Click here to read the Spanish version. \u00c1ngel Le\u00f3n, re-baptized as the &#8216;chef of the sea&#8216; for his innovative proposal to create an ecosystem for future generations through gastronomy, becomes one of the great international figures that will star in the new season of Chef\u2019s Table. The haute cuisine chef will be the new representative [&hellip;]<\/p>\n","protected":false},"author":285,"featured_media":261423,"comment_status":"closed","ping_status":"closed","sticky":false,"template":"","format":"standard","meta":{"_acf_changed":false,"footnotes":""},"categories":[18831,15851,15910],"tags":[],"class_list":["post-261428","post","type-post","status-publish","format-standard","has-post-thumbnail","hentry","category-lifestyle-en","category-nombres-propios-en","category-personajes-en","cat-18831-id","cat-15851-id","cat-15910-id"],"acf":[],"yoast_head":"<!-- This site is optimized with the Yoast SEO plugin v27.5 - https:\/\/yoast.com\/product\/yoast-seo-wordpress\/ -->\n<title>\u00c1ngel Le\u00f3n to star in the new season of Chef&#039;s Table - Tapas<\/title>\n<meta name=\"description\" content=\"Click here to read the Spanish version. \u00c1ngel Le\u00f3n, re-baptized as the &#039;chef of the sea&#039; for his innovative proposal to create an ecosystem for future\" \/>\n<meta name=\"robots\" content=\"index, follow, max-snippet:-1, max-image-preview:large, max-video-preview:-1\" \/>\n<link rel=\"canonical\" href=\"https:\/\/www.tapasmagazine.es\/en\/angel-leon-to-star-in-the-new-season-of-chefs-table\/\" \/>\n<meta property=\"og:locale\" content=\"en_US\" \/>\n<meta property=\"og:type\" content=\"article\" \/>\n<meta property=\"og:title\" content=\"\u00c1ngel Le\u00f3n to star in the new season of Chef&#039;s Table - Tapas\" \/>\n<meta property=\"og:description\" content=\"Click here to read the Spanish version. \u00c1ngel Le\u00f3n, re-baptized as the &#039;chef of the sea&#039; for his innovative proposal to create an ecosystem for future\" \/>\n<meta property=\"og:url\" content=\"https:\/\/www.tapasmagazine.es\/en\/angel-leon-to-star-in-the-new-season-of-chefs-table\/\" \/>\n<meta property=\"og:site_name\" content=\"Tapas\" \/>\n<meta property=\"article:publisher\" content=\"https:\/\/www.facebook.com\/tapasmagazine\" \/>\n<meta property=\"article:published_time\" content=\"2024-09-05T07:15:09+00:00\" \/>\n<meta property=\"article:modified_time\" content=\"2024-09-05T11:28:38+00:00\" \/>\n<meta property=\"og:image\" content=\"https:\/\/www.tapasmagazine.es\/wp-content\/uploads\/2024\/09\/angel-leon-chefs-table.jpg\" \/>\n\t<meta property=\"og:image:width\" content=\"1200\" \/>\n\t<meta property=\"og:image:height\" content=\"675\" \/>\n\t<meta property=\"og:image:type\" content=\"image\/jpeg\" \/>\n<meta name=\"author\" content=\"Laura P\u00e9rez\" \/>\n<meta name=\"twitter:card\" content=\"summary_large_image\" \/>\n<meta name=\"twitter:creator\" content=\"@TapasMagazine\" \/>\n<meta name=\"twitter:site\" content=\"@TapasMagazine\" \/>\n<meta name=\"twitter:label1\" content=\"Written by\" \/>\n\t<meta name=\"twitter:data1\" content=\"Laura P\u00e9rez\" \/>\n\t<meta name=\"twitter:label2\" content=\"Est. reading time\" \/>\n\t<meta name=\"twitter:data2\" content=\"4 minutes\" \/>\n<script type=\"application\/ld+json\" class=\"yoast-schema-graph\">{\"@context\":\"https:\\\/\\\/schema.org\",\"@graph\":[{\"@type\":\"Article\",\"@id\":\"https:\\\/\\\/www.tapasmagazine.es\\\/en\\\/angel-leon-to-star-in-the-new-season-of-chefs-table\\\/#article\",\"isPartOf\":{\"@id\":\"https:\\\/\\\/www.tapasmagazine.es\\\/en\\\/angel-leon-to-star-in-the-new-season-of-chefs-table\\\/\"},\"author\":{\"name\":\"Laura P\u00e9rez\",\"@id\":\"https:\\\/\\\/www.tapasmagazine.es\\\/#\\\/schema\\\/person\\\/eb46cbe76a9c8f062660eb609e3ecb4e\"},\"headline\":\"\u00c1ngel Le\u00f3n to star in the new season of Chef&#8217;s Table\",\"datePublished\":\"2024-09-05T07:15:09+00:00\",\"dateModified\":\"2024-09-05T11:28:38+00:00\",\"mainEntityOfPage\":{\"@id\":\"https:\\\/\\\/www.tapasmagazine.es\\\/en\\\/angel-leon-to-star-in-the-new-season-of-chefs-table\\\/\"},\"wordCount\":501,\"publisher\":{\"@id\":\"https:\\\/\\\/www.tapasmagazine.es\\\/#organization\"},\"image\":{\"@id\":\"https:\\\/\\\/www.tapasmagazine.es\\\/en\\\/angel-leon-to-star-in-the-new-season-of-chefs-table\\\/#primaryimage\"},\"thumbnailUrl\":\"https:\\\/\\\/www.tapasmagazine.es\\\/wp-content\\\/uploads\\\/2024\\\/09\\\/angel-leon-chefs-table.jpg\",\"articleSection\":[\"Lifestyle\",\"Nombres propios\",\"Personajes\"],\"inLanguage\":\"en-US\"},{\"@type\":\"WebPage\",\"@id\":\"https:\\\/\\\/www.tapasmagazine.es\\\/en\\\/angel-leon-to-star-in-the-new-season-of-chefs-table\\\/\",\"url\":\"https:\\\/\\\/www.tapasmagazine.es\\\/en\\\/angel-leon-to-star-in-the-new-season-of-chefs-table\\\/\",\"name\":\"\u00c1ngel Le\u00f3n to star in the new season of Chef's Table - Tapas\",\"isPartOf\":{\"@id\":\"https:\\\/\\\/www.tapasmagazine.es\\\/#website\"},\"primaryImageOfPage\":{\"@id\":\"https:\\\/\\\/www.tapasmagazine.es\\\/en\\\/angel-leon-to-star-in-the-new-season-of-chefs-table\\\/#primaryimage\"},\"image\":{\"@id\":\"https:\\\/\\\/www.tapasmagazine.es\\\/en\\\/angel-leon-to-star-in-the-new-season-of-chefs-table\\\/#primaryimage\"},\"thumbnailUrl\":\"https:\\\/\\\/www.tapasmagazine.es\\\/wp-content\\\/uploads\\\/2024\\\/09\\\/angel-leon-chefs-table.jpg\",\"datePublished\":\"2024-09-05T07:15:09+00:00\",\"dateModified\":\"2024-09-05T11:28:38+00:00\",\"description\":\"Click here to read the Spanish version. \u00c1ngel Le\u00f3n, re-baptized as the 'chef of the sea' for his innovative proposal to create an ecosystem for future\",\"breadcrumb\":{\"@id\":\"https:\\\/\\\/www.tapasmagazine.es\\\/en\\\/angel-leon-to-star-in-the-new-season-of-chefs-table\\\/#breadcrumb\"},\"inLanguage\":\"en-US\",\"potentialAction\":[{\"@type\":\"ReadAction\",\"target\":[\"https:\\\/\\\/www.tapasmagazine.es\\\/en\\\/angel-leon-to-star-in-the-new-season-of-chefs-table\\\/\"]}]},{\"@type\":\"ImageObject\",\"inLanguage\":\"en-US\",\"@id\":\"https:\\\/\\\/www.tapasmagazine.es\\\/en\\\/angel-leon-to-star-in-the-new-season-of-chefs-table\\\/#primaryimage\",\"url\":\"https:\\\/\\\/www.tapasmagazine.es\\\/wp-content\\\/uploads\\\/2024\\\/09\\\/angel-leon-chefs-table.jpg\",\"contentUrl\":\"https:\\\/\\\/www.tapasmagazine.es\\\/wp-content\\\/uploads\\\/2024\\\/09\\\/angel-leon-chefs-table.jpg\",\"width\":1200,\"height\":675},{\"@type\":\"BreadcrumbList\",\"@id\":\"https:\\\/\\\/www.tapasmagazine.es\\\/en\\\/angel-leon-to-star-in-the-new-season-of-chefs-table\\\/#breadcrumb\",\"itemListElement\":[{\"@type\":\"ListItem\",\"position\":1,\"name\":\"Portada\",\"item\":\"https:\\\/\\\/www.tapasmagazine.es\\\/\"},{\"@type\":\"ListItem\",\"position\":2,\"name\":\"Nombres propios\",\"item\":\"https:\\\/\\\/www.tapasmagazine.es\\\/en\\\/categorias\\\/nombres-propios-en\\\/\"},{\"@type\":\"ListItem\",\"position\":3,\"name\":\"\u00c1ngel Le\u00f3n to star in the new season of Chef&#8217;s Table\"}]},{\"@type\":\"WebSite\",\"@id\":\"https:\\\/\\\/www.tapasmagazine.es\\\/#website\",\"url\":\"https:\\\/\\\/www.tapasmagazine.es\\\/\",\"name\":\"Tapas\",\"description\":\"\u00d1am \u00d1am Lifestyle. La vida a bocados. Premio Nacional de Gastronom\u00eda 2016.\",\"publisher\":{\"@id\":\"https:\\\/\\\/www.tapasmagazine.es\\\/#organization\"},\"potentialAction\":[{\"@type\":\"SearchAction\",\"target\":{\"@type\":\"EntryPoint\",\"urlTemplate\":\"https:\\\/\\\/www.tapasmagazine.es\\\/?s={search_term_string}\"},\"query-input\":{\"@type\":\"PropertyValueSpecification\",\"valueRequired\":true,\"valueName\":\"search_term_string\"}}],\"inLanguage\":\"en-US\"},{\"@type\":\"Organization\",\"@id\":\"https:\\\/\\\/www.tapasmagazine.es\\\/#organization\",\"name\":\"Tapas Magazine\",\"url\":\"https:\\\/\\\/www.tapasmagazine.es\\\/\",\"logo\":{\"@type\":\"ImageObject\",\"inLanguage\":\"en-US\",\"@id\":\"https:\\\/\\\/www.tapasmagazine.es\\\/#\\\/schema\\\/logo\\\/image\\\/\",\"url\":\"https:\\\/\\\/www.tapasmagazine.es\\\/wp-content\\\/uploads\\\/2018\\\/01\\\/logo.png\",\"contentUrl\":\"https:\\\/\\\/www.tapasmagazine.es\\\/wp-content\\\/uploads\\\/2018\\\/01\\\/logo.png\",\"width\":180,\"height\":60,\"caption\":\"Tapas Magazine\"},\"image\":{\"@id\":\"https:\\\/\\\/www.tapasmagazine.es\\\/#\\\/schema\\\/logo\\\/image\\\/\"},\"sameAs\":[\"https:\\\/\\\/www.facebook.com\\\/tapasmagazine\",\"https:\\\/\\\/x.com\\\/TapasMagazine\",\"https:\\\/\\\/www.instagram.com\\\/tapasmagazine\\\/\",\"https:\\\/\\\/www.linkedin.com\\\/company\\\/tapas-magazine\",\"https:\\\/\\\/es.pinterest.com\\\/tapasmagazine\\\/\",\"https:\\\/\\\/www.youtube.com\\\/channel\\\/UCEyxneAaACuR0lfDagrWjjg?sub_confirmation=1\"]},{\"@type\":\"Person\",\"@id\":\"https:\\\/\\\/www.tapasmagazine.es\\\/#\\\/schema\\\/person\\\/eb46cbe76a9c8f062660eb609e3ecb4e\",\"name\":\"Laura P\u00e9rez\",\"url\":\"https:\\\/\\\/www.tapasmagazine.es\\\/en\\\/author\\\/laura-perez\\\/\"}]}<\/script>\n<!-- \/ Yoast SEO plugin. -->","yoast_head_json":{"title":"\u00c1ngel Le\u00f3n to star in the new season of Chef's Table - Tapas","description":"Click here to read the Spanish version. \u00c1ngel Le\u00f3n, re-baptized as the 'chef of the sea' for his innovative proposal to create an ecosystem for future","robots":{"index":"index","follow":"follow","max-snippet":"max-snippet:-1","max-image-preview":"max-image-preview:large","max-video-preview":"max-video-preview:-1"},"canonical":"https:\/\/www.tapasmagazine.es\/en\/angel-leon-to-star-in-the-new-season-of-chefs-table\/","og_locale":"en_US","og_type":"article","og_title":"\u00c1ngel Le\u00f3n to star in the new season of Chef's Table - Tapas","og_description":"Click here to read the Spanish version. \u00c1ngel Le\u00f3n, re-baptized as the 'chef of the sea' for his innovative proposal to create an ecosystem for future","og_url":"https:\/\/www.tapasmagazine.es\/en\/angel-leon-to-star-in-the-new-season-of-chefs-table\/","og_site_name":"Tapas","article_publisher":"https:\/\/www.facebook.com\/tapasmagazine","article_published_time":"2024-09-05T07:15:09+00:00","article_modified_time":"2024-09-05T11:28:38+00:00","og_image":[{"width":1200,"height":675,"url":"https:\/\/www.tapasmagazine.es\/wp-content\/uploads\/2024\/09\/angel-leon-chefs-table.jpg","type":"image\/jpeg"}],"author":"Laura P\u00e9rez","twitter_card":"summary_large_image","twitter_creator":"@TapasMagazine","twitter_site":"@TapasMagazine","twitter_misc":{"Written by":"Laura P\u00e9rez","Est. reading time":"4 minutes"},"schema":{"@context":"https:\/\/schema.org","@graph":[{"@type":"Article","@id":"https:\/\/www.tapasmagazine.es\/en\/angel-leon-to-star-in-the-new-season-of-chefs-table\/#article","isPartOf":{"@id":"https:\/\/www.tapasmagazine.es\/en\/angel-leon-to-star-in-the-new-season-of-chefs-table\/"},"author":{"name":"Laura P\u00e9rez","@id":"https:\/\/www.tapasmagazine.es\/#\/schema\/person\/eb46cbe76a9c8f062660eb609e3ecb4e"},"headline":"\u00c1ngel Le\u00f3n to star in the new season of Chef&#8217;s Table","datePublished":"2024-09-05T07:15:09+00:00","dateModified":"2024-09-05T11:28:38+00:00","mainEntityOfPage":{"@id":"https:\/\/www.tapasmagazine.es\/en\/angel-leon-to-star-in-the-new-season-of-chefs-table\/"},"wordCount":501,"publisher":{"@id":"https:\/\/www.tapasmagazine.es\/#organization"},"image":{"@id":"https:\/\/www.tapasmagazine.es\/en\/angel-leon-to-star-in-the-new-season-of-chefs-table\/#primaryimage"},"thumbnailUrl":"https:\/\/www.tapasmagazine.es\/wp-content\/uploads\/2024\/09\/angel-leon-chefs-table.jpg","articleSection":["Lifestyle","Nombres propios","Personajes"],"inLanguage":"en-US"},{"@type":"WebPage","@id":"https:\/\/www.tapasmagazine.es\/en\/angel-leon-to-star-in-the-new-season-of-chefs-table\/","url":"https:\/\/www.tapasmagazine.es\/en\/angel-leon-to-star-in-the-new-season-of-chefs-table\/","name":"\u00c1ngel Le\u00f3n to star in the new season of Chef's Table - Tapas","isPartOf":{"@id":"https:\/\/www.tapasmagazine.es\/#website"},"primaryImageOfPage":{"@id":"https:\/\/www.tapasmagazine.es\/en\/angel-leon-to-star-in-the-new-season-of-chefs-table\/#primaryimage"},"image":{"@id":"https:\/\/www.tapasmagazine.es\/en\/angel-leon-to-star-in-the-new-season-of-chefs-table\/#primaryimage"},"thumbnailUrl":"https:\/\/www.tapasmagazine.es\/wp-content\/uploads\/2024\/09\/angel-leon-chefs-table.jpg","datePublished":"2024-09-05T07:15:09+00:00","dateModified":"2024-09-05T11:28:38+00:00","description":"Click here to read the Spanish version. \u00c1ngel Le\u00f3n, re-baptized as the 'chef of the sea' for his innovative proposal to create an ecosystem for future","breadcrumb":{"@id":"https:\/\/www.tapasmagazine.es\/en\/angel-leon-to-star-in-the-new-season-of-chefs-table\/#breadcrumb"},"inLanguage":"en-US","potentialAction":[{"@type":"ReadAction","target":["https:\/\/www.tapasmagazine.es\/en\/angel-leon-to-star-in-the-new-season-of-chefs-table\/"]}]},{"@type":"ImageObject","inLanguage":"en-US","@id":"https:\/\/www.tapasmagazine.es\/en\/angel-leon-to-star-in-the-new-season-of-chefs-table\/#primaryimage","url":"https:\/\/www.tapasmagazine.es\/wp-content\/uploads\/2024\/09\/angel-leon-chefs-table.jpg","contentUrl":"https:\/\/www.tapasmagazine.es\/wp-content\/uploads\/2024\/09\/angel-leon-chefs-table.jpg","width":1200,"height":675},{"@type":"BreadcrumbList","@id":"https:\/\/www.tapasmagazine.es\/en\/angel-leon-to-star-in-the-new-season-of-chefs-table\/#breadcrumb","itemListElement":[{"@type":"ListItem","position":1,"name":"Portada","item":"https:\/\/www.tapasmagazine.es\/"},{"@type":"ListItem","position":2,"name":"Nombres propios","item":"https:\/\/www.tapasmagazine.es\/en\/categorias\/nombres-propios-en\/"},{"@type":"ListItem","position":3,"name":"\u00c1ngel Le\u00f3n to star in the new season of Chef&#8217;s Table"}]},{"@type":"WebSite","@id":"https:\/\/www.tapasmagazine.es\/#website","url":"https:\/\/www.tapasmagazine.es\/","name":"Tapas","description":"\u00d1am \u00d1am Lifestyle. La vida a bocados. Premio Nacional de Gastronom\u00eda 2016.","publisher":{"@id":"https:\/\/www.tapasmagazine.es\/#organization"},"potentialAction":[{"@type":"SearchAction","target":{"@type":"EntryPoint","urlTemplate":"https:\/\/www.tapasmagazine.es\/?s={search_term_string}"},"query-input":{"@type":"PropertyValueSpecification","valueRequired":true,"valueName":"search_term_string"}}],"inLanguage":"en-US"},{"@type":"Organization","@id":"https:\/\/www.tapasmagazine.es\/#organization","name":"Tapas Magazine","url":"https:\/\/www.tapasmagazine.es\/","logo":{"@type":"ImageObject","inLanguage":"en-US","@id":"https:\/\/www.tapasmagazine.es\/#\/schema\/logo\/image\/","url":"https:\/\/www.tapasmagazine.es\/wp-content\/uploads\/2018\/01\/logo.png","contentUrl":"https:\/\/www.tapasmagazine.es\/wp-content\/uploads\/2018\/01\/logo.png","width":180,"height":60,"caption":"Tapas Magazine"},"image":{"@id":"https:\/\/www.tapasmagazine.es\/#\/schema\/logo\/image\/"},"sameAs":["https:\/\/www.facebook.com\/tapasmagazine","https:\/\/x.com\/TapasMagazine","https:\/\/www.instagram.com\/tapasmagazine\/","https:\/\/www.linkedin.com\/company\/tapas-magazine","https:\/\/es.pinterest.com\/tapasmagazine\/","https:\/\/www.youtube.com\/channel\/UCEyxneAaACuR0lfDagrWjjg?sub_confirmation=1"]},{"@type":"Person","@id":"https:\/\/www.tapasmagazine.es\/#\/schema\/person\/eb46cbe76a9c8f062660eb609e3ecb4e","name":"Laura P\u00e9rez","url":"https:\/\/www.tapasmagazine.es\/en\/author\/laura-perez\/"}]}},"_links":{"self":[{"href":"https:\/\/www.tapasmagazine.es\/en\/wp-json\/wp\/v2\/posts\/261428","targetHints":{"allow":["GET"]}}],"collection":[{"href":"https:\/\/www.tapasmagazine.es\/en\/wp-json\/wp\/v2\/posts"}],"about":[{"href":"https:\/\/www.tapasmagazine.es\/en\/wp-json\/wp\/v2\/types\/post"}],"author":[{"embeddable":true,"href":"https:\/\/www.tapasmagazine.es\/en\/wp-json\/wp\/v2\/users\/285"}],"replies":[{"embeddable":true,"href":"https:\/\/www.tapasmagazine.es\/en\/wp-json\/wp\/v2\/comments?post=261428"}],"version-history":[{"count":2,"href":"https:\/\/www.tapasmagazine.es\/en\/wp-json\/wp\/v2\/posts\/261428\/revisions"}],"predecessor-version":[{"id":261541,"href":"https:\/\/www.tapasmagazine.es\/en\/wp-json\/wp\/v2\/posts\/261428\/revisions\/261541"}],"wp:featuredmedia":[{"embeddable":true,"href":"https:\/\/www.tapasmagazine.es\/en\/wp-json\/wp\/v2\/media\/261423"}],"wp:attachment":[{"href":"https:\/\/www.tapasmagazine.es\/en\/wp-json\/wp\/v2\/media?parent=261428"}],"wp:term":[{"taxonomy":"category","embeddable":true,"href":"https:\/\/www.tapasmagazine.es\/en\/wp-json\/wp\/v2\/categories?post=261428"},{"taxonomy":"post_tag","embeddable":true,"href":"https:\/\/www.tapasmagazine.es\/en\/wp-json\/wp\/v2\/tags?post=261428"}],"curies":[{"name":"wp","href":"https:\/\/api.w.org\/{rel}","templated":true}]}}