{"id":261289,"date":"2024-09-04T10:37:46","date_gmt":"2024-09-04T08:37:46","guid":{"rendered":"https:\/\/www.tapasmagazine.es\/sabrina-carpenter-se-abre-acerca-de-su-relacion-con-el-espresso\/"},"modified":"2024-09-04T10:40:50","modified_gmt":"2024-09-04T08:40:50","slug":"sabrina-carpenter-opens-up-about-her-relationship-with-espresso","status":"publish","type":"post","link":"https:\/\/www.tapasmagazine.es\/en\/sabrina-carpenter-opens-up-about-her-relationship-with-espresso\/","title":{"rendered":"Sabrina Carpenter opens up about her relationship with espresso"},"content":{"rendered":"\n<p><strong>Click <a href=\"https:\/\/www.tapasmagazine.es\/sabrina-carpenter-se-abre-acerca-de-su-relacion-con-el-espresso\/\" target=\"_blank\" rel=\"noreferrer noopener\">here<\/a> to read the Spanish version.<\/strong><\/p>\n\n\n\n<p>Modern society has been able to refresh and satiate itself this summer with the BRAT phenomenon, but also with <strong>Sabrina Carpenter<\/strong>&#8216;s &#8216;Espresso&#8217;. The singer would release the hit single on April 11, generating a whole wave of fans stimulated by the caffeine her music exudes.<\/p>\n\n\n\n<p>Putting the focus not now on her musical output, but on the stimulating beverage itself, the American artist sat down at the <strong>Chicken Shop Date<\/strong> show table to talk to comedian <strong>Amelia Dimoldenberg <\/strong>about her career, and her <strong>relationship with espresso<\/strong>. &#8216;I do, I just have to be brave when I drink them,&#8217; she told Dimoldenberg. &#8216;It&#8217;s not that I like them for their taste, but for how they make me feel.&#8217;<\/p>\n\n\n\n<figure class=\"wp-block-embed is-type-video is-provider-youtube wp-block-embed-youtube wp-embed-aspect-16-9 wp-has-aspect-ratio\"><div class=\"wp-block-embed__wrapper\">\n<iframe title=\"SABRINA CARPENTER | CHICKEN SHOP DATE\" width=\"640\" height=\"360\" src=\"https:\/\/www.youtube.com\/embed\/wEFz0gRoXxg?start=43&#038;feature=oembed\" frameborder=\"0\" allow=\"accelerometer; autoplay; clipboard-write; encrypted-media; gyroscope; picture-in-picture; web-share\" referrerpolicy=\"strict-origin-when-cross-origin\" allowfullscreen><\/iframe>\n<\/div><\/figure>\n\n\n\n<p>On that sarcastic date -set in the London fried chicken restaurant <strong>Sam&#8217;s Chicken<\/strong>&#8211; Dimoldenberg began by offering the pop icon a cup of espresso, only to later ask, &#8216;Do I give off decaffeinated energy?&#8217; To which Carpenter instinctively replied, &#8216;Yes,&#8217; and the two began a discussion about what it meant to be an espresso guy. A conversation in which they addressed whether dating someone who is a doppelganger is too much. Sabrina said no, if you&#8217;re not a decaf.<\/p>\n\n\n\n<p>What does it really mean to be a decaf espresso, single or double? Amelia and Sabrina don&#8217;t say precisely, but both seem to implicitly understand what they are talking about. The obvious comparison might be to say that these three levels of caffeine correlate to different levels of energy in a person.<\/p>\n","protected":false},"excerpt":{"rendered":"<p>Click here to read the Spanish version. Modern society has been able to refresh and satiate itself this summer with the BRAT phenomenon, but also with Sabrina Carpenter&#8216;s &#8216;Espresso&#8217;. The singer would release the hit single on April 11, generating a whole wave of fans stimulated by the caffeine her music exudes. Putting the focus [&hellip;]<\/p>\n","protected":false},"author":285,"featured_media":261279,"comment_status":"closed","ping_status":"closed","sticky":false,"template":"","format":"standard","meta":{"_acf_changed":false,"footnotes":""},"categories":[15851,15910],"tags":[16537,19053],"class_list":["post-261289","post","type-post","status-publish","format-standard","has-post-thumbnail","hentry","category-nombres-propios-en","category-personajes-en","tag-cafe-en","tag-sabrina-carpenter-en","cat-15851-id","cat-15910-id"],"acf":[],"yoast_head":"<!-- This site is optimized with the Yoast SEO plugin v27.4 - https:\/\/yoast.com\/product\/yoast-seo-wordpress\/ -->\n<title>Sabrina Carpenter opens up about her relationship with espresso - Tapas<\/title>\n<meta name=\"description\" content=\"Click here to read the Spanish version. Modern society has been able to refresh and satiate itself this summer with the BRAT phenomenon, but also with\" \/>\n<meta name=\"robots\" content=\"index, follow, max-snippet:-1, max-image-preview:large, max-video-preview:-1\" \/>\n<link rel=\"canonical\" href=\"https:\/\/www.tapasmagazine.es\/en\/sabrina-carpenter-opens-up-about-her-relationship-with-espresso\/\" \/>\n<meta property=\"og:locale\" content=\"en_US\" \/>\n<meta property=\"og:type\" content=\"article\" \/>\n<meta property=\"og:title\" content=\"Sabrina Carpenter opens up about her relationship with espresso - Tapas\" \/>\n<meta property=\"og:description\" content=\"Click here to read the Spanish version. Modern society has been able to refresh and satiate itself this summer with the BRAT phenomenon, but also with\" \/>\n<meta property=\"og:url\" content=\"https:\/\/www.tapasmagazine.es\/en\/sabrina-carpenter-opens-up-about-her-relationship-with-espresso\/\" \/>\n<meta property=\"og:site_name\" content=\"Tapas\" \/>\n<meta property=\"article:publisher\" content=\"https:\/\/www.facebook.com\/tapasmagazine\" \/>\n<meta property=\"article:published_time\" content=\"2024-09-04T08:37:46+00:00\" \/>\n<meta property=\"article:modified_time\" content=\"2024-09-04T08:40:50+00:00\" \/>\n<meta property=\"og:image\" content=\"https:\/\/www.tapasmagazine.es\/wp-content\/uploads\/2024\/09\/sabrina-carpenter.jpg\" \/>\n\t<meta property=\"og:image:width\" content=\"1200\" \/>\n\t<meta property=\"og:image:height\" content=\"675\" \/>\n\t<meta property=\"og:image:type\" content=\"image\/jpeg\" \/>\n<meta name=\"author\" content=\"Laura P\u00e9rez\" \/>\n<meta name=\"twitter:card\" content=\"summary_large_image\" \/>\n<meta name=\"twitter:creator\" content=\"@TapasMagazine\" \/>\n<meta name=\"twitter:site\" content=\"@TapasMagazine\" \/>\n<meta name=\"twitter:label1\" content=\"Written by\" \/>\n\t<meta name=\"twitter:data1\" content=\"Laura P\u00e9rez\" \/>\n\t<meta name=\"twitter:label2\" content=\"Est. reading time\" \/>\n\t<meta name=\"twitter:data2\" content=\"2 minutes\" \/>\n<script type=\"application\/ld+json\" class=\"yoast-schema-graph\">{\"@context\":\"https:\\\/\\\/schema.org\",\"@graph\":[{\"@type\":\"Article\",\"@id\":\"https:\\\/\\\/www.tapasmagazine.es\\\/en\\\/sabrina-carpenter-opens-up-about-her-relationship-with-espresso\\\/#article\",\"isPartOf\":{\"@id\":\"https:\\\/\\\/www.tapasmagazine.es\\\/en\\\/sabrina-carpenter-opens-up-about-her-relationship-with-espresso\\\/\"},\"author\":{\"name\":\"Laura P\u00e9rez\",\"@id\":\"https:\\\/\\\/www.tapasmagazine.es\\\/#\\\/schema\\\/person\\\/eb46cbe76a9c8f062660eb609e3ecb4e\"},\"headline\":\"Sabrina Carpenter opens up about her relationship with espresso\",\"datePublished\":\"2024-09-04T08:37:46+00:00\",\"dateModified\":\"2024-09-04T08:40:50+00:00\",\"mainEntityOfPage\":{\"@id\":\"https:\\\/\\\/www.tapasmagazine.es\\\/en\\\/sabrina-carpenter-opens-up-about-her-relationship-with-espresso\\\/\"},\"wordCount\":296,\"publisher\":{\"@id\":\"https:\\\/\\\/www.tapasmagazine.es\\\/#organization\"},\"image\":{\"@id\":\"https:\\\/\\\/www.tapasmagazine.es\\\/en\\\/sabrina-carpenter-opens-up-about-her-relationship-with-espresso\\\/#primaryimage\"},\"thumbnailUrl\":\"https:\\\/\\\/www.tapasmagazine.es\\\/wp-content\\\/uploads\\\/2024\\\/09\\\/sabrina-carpenter.jpg\",\"keywords\":[\"caf\u00e9\",\"Sabrina Carpenter\"],\"articleSection\":[\"Nombres propios\",\"Personajes\"],\"inLanguage\":\"en-US\"},{\"@type\":\"WebPage\",\"@id\":\"https:\\\/\\\/www.tapasmagazine.es\\\/en\\\/sabrina-carpenter-opens-up-about-her-relationship-with-espresso\\\/\",\"url\":\"https:\\\/\\\/www.tapasmagazine.es\\\/en\\\/sabrina-carpenter-opens-up-about-her-relationship-with-espresso\\\/\",\"name\":\"Sabrina Carpenter opens up about her relationship with espresso - Tapas\",\"isPartOf\":{\"@id\":\"https:\\\/\\\/www.tapasmagazine.es\\\/#website\"},\"primaryImageOfPage\":{\"@id\":\"https:\\\/\\\/www.tapasmagazine.es\\\/en\\\/sabrina-carpenter-opens-up-about-her-relationship-with-espresso\\\/#primaryimage\"},\"image\":{\"@id\":\"https:\\\/\\\/www.tapasmagazine.es\\\/en\\\/sabrina-carpenter-opens-up-about-her-relationship-with-espresso\\\/#primaryimage\"},\"thumbnailUrl\":\"https:\\\/\\\/www.tapasmagazine.es\\\/wp-content\\\/uploads\\\/2024\\\/09\\\/sabrina-carpenter.jpg\",\"datePublished\":\"2024-09-04T08:37:46+00:00\",\"dateModified\":\"2024-09-04T08:40:50+00:00\",\"description\":\"Click here to read the Spanish version. Modern society has been able to refresh and satiate itself this summer with the BRAT phenomenon, but also with\",\"breadcrumb\":{\"@id\":\"https:\\\/\\\/www.tapasmagazine.es\\\/en\\\/sabrina-carpenter-opens-up-about-her-relationship-with-espresso\\\/#breadcrumb\"},\"inLanguage\":\"en-US\",\"potentialAction\":[{\"@type\":\"ReadAction\",\"target\":[\"https:\\\/\\\/www.tapasmagazine.es\\\/en\\\/sabrina-carpenter-opens-up-about-her-relationship-with-espresso\\\/\"]}]},{\"@type\":\"ImageObject\",\"inLanguage\":\"en-US\",\"@id\":\"https:\\\/\\\/www.tapasmagazine.es\\\/en\\\/sabrina-carpenter-opens-up-about-her-relationship-with-espresso\\\/#primaryimage\",\"url\":\"https:\\\/\\\/www.tapasmagazine.es\\\/wp-content\\\/uploads\\\/2024\\\/09\\\/sabrina-carpenter.jpg\",\"contentUrl\":\"https:\\\/\\\/www.tapasmagazine.es\\\/wp-content\\\/uploads\\\/2024\\\/09\\\/sabrina-carpenter.jpg\",\"width\":1200,\"height\":675},{\"@type\":\"BreadcrumbList\",\"@id\":\"https:\\\/\\\/www.tapasmagazine.es\\\/en\\\/sabrina-carpenter-opens-up-about-her-relationship-with-espresso\\\/#breadcrumb\",\"itemListElement\":[{\"@type\":\"ListItem\",\"position\":1,\"name\":\"Portada\",\"item\":\"https:\\\/\\\/www.tapasmagazine.es\\\/\"},{\"@type\":\"ListItem\",\"position\":2,\"name\":\"Nombres propios\",\"item\":\"https:\\\/\\\/www.tapasmagazine.es\\\/en\\\/categorias\\\/nombres-propios-en\\\/\"},{\"@type\":\"ListItem\",\"position\":3,\"name\":\"Sabrina Carpenter opens up about her relationship with espresso\"}]},{\"@type\":\"WebSite\",\"@id\":\"https:\\\/\\\/www.tapasmagazine.es\\\/#website\",\"url\":\"https:\\\/\\\/www.tapasmagazine.es\\\/\",\"name\":\"Tapas\",\"description\":\"\u00d1am \u00d1am Lifestyle. La vida a bocados. Premio Nacional de Gastronom\u00eda 2016.\",\"publisher\":{\"@id\":\"https:\\\/\\\/www.tapasmagazine.es\\\/#organization\"},\"potentialAction\":[{\"@type\":\"SearchAction\",\"target\":{\"@type\":\"EntryPoint\",\"urlTemplate\":\"https:\\\/\\\/www.tapasmagazine.es\\\/?s={search_term_string}\"},\"query-input\":{\"@type\":\"PropertyValueSpecification\",\"valueRequired\":true,\"valueName\":\"search_term_string\"}}],\"inLanguage\":\"en-US\"},{\"@type\":\"Organization\",\"@id\":\"https:\\\/\\\/www.tapasmagazine.es\\\/#organization\",\"name\":\"Tapas Magazine\",\"url\":\"https:\\\/\\\/www.tapasmagazine.es\\\/\",\"logo\":{\"@type\":\"ImageObject\",\"inLanguage\":\"en-US\",\"@id\":\"https:\\\/\\\/www.tapasmagazine.es\\\/#\\\/schema\\\/logo\\\/image\\\/\",\"url\":\"https:\\\/\\\/www.tapasmagazine.es\\\/wp-content\\\/uploads\\\/2018\\\/01\\\/logo.png\",\"contentUrl\":\"https:\\\/\\\/www.tapasmagazine.es\\\/wp-content\\\/uploads\\\/2018\\\/01\\\/logo.png\",\"width\":180,\"height\":60,\"caption\":\"Tapas Magazine\"},\"image\":{\"@id\":\"https:\\\/\\\/www.tapasmagazine.es\\\/#\\\/schema\\\/logo\\\/image\\\/\"},\"sameAs\":[\"https:\\\/\\\/www.facebook.com\\\/tapasmagazine\",\"https:\\\/\\\/x.com\\\/TapasMagazine\",\"https:\\\/\\\/www.instagram.com\\\/tapasmagazine\\\/\",\"https:\\\/\\\/www.linkedin.com\\\/company\\\/tapas-magazine\",\"https:\\\/\\\/es.pinterest.com\\\/tapasmagazine\\\/\",\"https:\\\/\\\/www.youtube.com\\\/channel\\\/UCEyxneAaACuR0lfDagrWjjg?sub_confirmation=1\"]},{\"@type\":\"Person\",\"@id\":\"https:\\\/\\\/www.tapasmagazine.es\\\/#\\\/schema\\\/person\\\/eb46cbe76a9c8f062660eb609e3ecb4e\",\"name\":\"Laura P\u00e9rez\",\"url\":\"https:\\\/\\\/www.tapasmagazine.es\\\/en\\\/author\\\/laura-perez\\\/\"}]}<\/script>\n<!-- \/ Yoast SEO plugin. -->","yoast_head_json":{"title":"Sabrina Carpenter opens up about her relationship with espresso - Tapas","description":"Click here to read the Spanish version. Modern society has been able to refresh and satiate itself this summer with the BRAT phenomenon, but also with","robots":{"index":"index","follow":"follow","max-snippet":"max-snippet:-1","max-image-preview":"max-image-preview:large","max-video-preview":"max-video-preview:-1"},"canonical":"https:\/\/www.tapasmagazine.es\/en\/sabrina-carpenter-opens-up-about-her-relationship-with-espresso\/","og_locale":"en_US","og_type":"article","og_title":"Sabrina Carpenter opens up about her relationship with espresso - Tapas","og_description":"Click here to read the Spanish version. Modern society has been able to refresh and satiate itself this summer with the BRAT phenomenon, but also with","og_url":"https:\/\/www.tapasmagazine.es\/en\/sabrina-carpenter-opens-up-about-her-relationship-with-espresso\/","og_site_name":"Tapas","article_publisher":"https:\/\/www.facebook.com\/tapasmagazine","article_published_time":"2024-09-04T08:37:46+00:00","article_modified_time":"2024-09-04T08:40:50+00:00","og_image":[{"width":1200,"height":675,"url":"https:\/\/www.tapasmagazine.es\/wp-content\/uploads\/2024\/09\/sabrina-carpenter.jpg","type":"image\/jpeg"}],"author":"Laura P\u00e9rez","twitter_card":"summary_large_image","twitter_creator":"@TapasMagazine","twitter_site":"@TapasMagazine","twitter_misc":{"Written by":"Laura P\u00e9rez","Est. reading time":"2 minutes"},"schema":{"@context":"https:\/\/schema.org","@graph":[{"@type":"Article","@id":"https:\/\/www.tapasmagazine.es\/en\/sabrina-carpenter-opens-up-about-her-relationship-with-espresso\/#article","isPartOf":{"@id":"https:\/\/www.tapasmagazine.es\/en\/sabrina-carpenter-opens-up-about-her-relationship-with-espresso\/"},"author":{"name":"Laura P\u00e9rez","@id":"https:\/\/www.tapasmagazine.es\/#\/schema\/person\/eb46cbe76a9c8f062660eb609e3ecb4e"},"headline":"Sabrina Carpenter opens up about her relationship with espresso","datePublished":"2024-09-04T08:37:46+00:00","dateModified":"2024-09-04T08:40:50+00:00","mainEntityOfPage":{"@id":"https:\/\/www.tapasmagazine.es\/en\/sabrina-carpenter-opens-up-about-her-relationship-with-espresso\/"},"wordCount":296,"publisher":{"@id":"https:\/\/www.tapasmagazine.es\/#organization"},"image":{"@id":"https:\/\/www.tapasmagazine.es\/en\/sabrina-carpenter-opens-up-about-her-relationship-with-espresso\/#primaryimage"},"thumbnailUrl":"https:\/\/www.tapasmagazine.es\/wp-content\/uploads\/2024\/09\/sabrina-carpenter.jpg","keywords":["caf\u00e9","Sabrina Carpenter"],"articleSection":["Nombres propios","Personajes"],"inLanguage":"en-US"},{"@type":"WebPage","@id":"https:\/\/www.tapasmagazine.es\/en\/sabrina-carpenter-opens-up-about-her-relationship-with-espresso\/","url":"https:\/\/www.tapasmagazine.es\/en\/sabrina-carpenter-opens-up-about-her-relationship-with-espresso\/","name":"Sabrina Carpenter opens up about her relationship with espresso - Tapas","isPartOf":{"@id":"https:\/\/www.tapasmagazine.es\/#website"},"primaryImageOfPage":{"@id":"https:\/\/www.tapasmagazine.es\/en\/sabrina-carpenter-opens-up-about-her-relationship-with-espresso\/#primaryimage"},"image":{"@id":"https:\/\/www.tapasmagazine.es\/en\/sabrina-carpenter-opens-up-about-her-relationship-with-espresso\/#primaryimage"},"thumbnailUrl":"https:\/\/www.tapasmagazine.es\/wp-content\/uploads\/2024\/09\/sabrina-carpenter.jpg","datePublished":"2024-09-04T08:37:46+00:00","dateModified":"2024-09-04T08:40:50+00:00","description":"Click here to read the Spanish version. Modern society has been able to refresh and satiate itself this summer with the BRAT phenomenon, but also with","breadcrumb":{"@id":"https:\/\/www.tapasmagazine.es\/en\/sabrina-carpenter-opens-up-about-her-relationship-with-espresso\/#breadcrumb"},"inLanguage":"en-US","potentialAction":[{"@type":"ReadAction","target":["https:\/\/www.tapasmagazine.es\/en\/sabrina-carpenter-opens-up-about-her-relationship-with-espresso\/"]}]},{"@type":"ImageObject","inLanguage":"en-US","@id":"https:\/\/www.tapasmagazine.es\/en\/sabrina-carpenter-opens-up-about-her-relationship-with-espresso\/#primaryimage","url":"https:\/\/www.tapasmagazine.es\/wp-content\/uploads\/2024\/09\/sabrina-carpenter.jpg","contentUrl":"https:\/\/www.tapasmagazine.es\/wp-content\/uploads\/2024\/09\/sabrina-carpenter.jpg","width":1200,"height":675},{"@type":"BreadcrumbList","@id":"https:\/\/www.tapasmagazine.es\/en\/sabrina-carpenter-opens-up-about-her-relationship-with-espresso\/#breadcrumb","itemListElement":[{"@type":"ListItem","position":1,"name":"Portada","item":"https:\/\/www.tapasmagazine.es\/"},{"@type":"ListItem","position":2,"name":"Nombres propios","item":"https:\/\/www.tapasmagazine.es\/en\/categorias\/nombres-propios-en\/"},{"@type":"ListItem","position":3,"name":"Sabrina Carpenter opens up about her relationship with espresso"}]},{"@type":"WebSite","@id":"https:\/\/www.tapasmagazine.es\/#website","url":"https:\/\/www.tapasmagazine.es\/","name":"Tapas","description":"\u00d1am \u00d1am Lifestyle. La vida a bocados. Premio Nacional de Gastronom\u00eda 2016.","publisher":{"@id":"https:\/\/www.tapasmagazine.es\/#organization"},"potentialAction":[{"@type":"SearchAction","target":{"@type":"EntryPoint","urlTemplate":"https:\/\/www.tapasmagazine.es\/?s={search_term_string}"},"query-input":{"@type":"PropertyValueSpecification","valueRequired":true,"valueName":"search_term_string"}}],"inLanguage":"en-US"},{"@type":"Organization","@id":"https:\/\/www.tapasmagazine.es\/#organization","name":"Tapas Magazine","url":"https:\/\/www.tapasmagazine.es\/","logo":{"@type":"ImageObject","inLanguage":"en-US","@id":"https:\/\/www.tapasmagazine.es\/#\/schema\/logo\/image\/","url":"https:\/\/www.tapasmagazine.es\/wp-content\/uploads\/2018\/01\/logo.png","contentUrl":"https:\/\/www.tapasmagazine.es\/wp-content\/uploads\/2018\/01\/logo.png","width":180,"height":60,"caption":"Tapas Magazine"},"image":{"@id":"https:\/\/www.tapasmagazine.es\/#\/schema\/logo\/image\/"},"sameAs":["https:\/\/www.facebook.com\/tapasmagazine","https:\/\/x.com\/TapasMagazine","https:\/\/www.instagram.com\/tapasmagazine\/","https:\/\/www.linkedin.com\/company\/tapas-magazine","https:\/\/es.pinterest.com\/tapasmagazine\/","https:\/\/www.youtube.com\/channel\/UCEyxneAaACuR0lfDagrWjjg?sub_confirmation=1"]},{"@type":"Person","@id":"https:\/\/www.tapasmagazine.es\/#\/schema\/person\/eb46cbe76a9c8f062660eb609e3ecb4e","name":"Laura P\u00e9rez","url":"https:\/\/www.tapasmagazine.es\/en\/author\/laura-perez\/"}]}},"_links":{"self":[{"href":"https:\/\/www.tapasmagazine.es\/en\/wp-json\/wp\/v2\/posts\/261289","targetHints":{"allow":["GET"]}}],"collection":[{"href":"https:\/\/www.tapasmagazine.es\/en\/wp-json\/wp\/v2\/posts"}],"about":[{"href":"https:\/\/www.tapasmagazine.es\/en\/wp-json\/wp\/v2\/types\/post"}],"author":[{"embeddable":true,"href":"https:\/\/www.tapasmagazine.es\/en\/wp-json\/wp\/v2\/users\/285"}],"replies":[{"embeddable":true,"href":"https:\/\/www.tapasmagazine.es\/en\/wp-json\/wp\/v2\/comments?post=261289"}],"version-history":[{"count":2,"href":"https:\/\/www.tapasmagazine.es\/en\/wp-json\/wp\/v2\/posts\/261289\/revisions"}],"predecessor-version":[{"id":261295,"href":"https:\/\/www.tapasmagazine.es\/en\/wp-json\/wp\/v2\/posts\/261289\/revisions\/261295"}],"wp:featuredmedia":[{"embeddable":true,"href":"https:\/\/www.tapasmagazine.es\/en\/wp-json\/wp\/v2\/media\/261279"}],"wp:attachment":[{"href":"https:\/\/www.tapasmagazine.es\/en\/wp-json\/wp\/v2\/media?parent=261289"}],"wp:term":[{"taxonomy":"category","embeddable":true,"href":"https:\/\/www.tapasmagazine.es\/en\/wp-json\/wp\/v2\/categories?post=261289"},{"taxonomy":"post_tag","embeddable":true,"href":"https:\/\/www.tapasmagazine.es\/en\/wp-json\/wp\/v2\/tags?post=261289"}],"curies":[{"name":"wp","href":"https:\/\/api.w.org\/{rel}","templated":true}]}}