{"id":261187,"date":"2024-09-03T13:11:58","date_gmt":"2024-09-03T11:11:58","guid":{"rendered":"https:\/\/www.tapasmagazine.es\/harry-styles-sube-al-escenario-global-las-tortillas-de-la-martinuca\/"},"modified":"2024-09-03T13:17:52","modified_gmt":"2024-09-03T11:17:52","slug":"harry-styles-takes-global-stage-la-martinuca-potato-omelettes","status":"publish","type":"post","link":"https:\/\/www.tapasmagazine.es\/en\/harry-styles-takes-global-stage-la-martinuca-potato-omelettes\/","title":{"rendered":"Harry Styles takes to the global stage La Martinuca potato omelettes"},"content":{"rendered":"\n<p><strong>Click <a href=\"https:\/\/www.tapasmagazine.es\/harry-styles-sube-al-escenario-global-las-tortillas-de-la-martinuca\/\" target=\"_blank\" rel=\"noreferrer noopener\">here<\/a> to read the Spanish version.<\/strong><\/p>\n\n\n\n<p><strong>Harry Styles<\/strong> unexpectedly visited the capital over the weekend. A trip in which, beyond attending the <strong>KALORAMA<\/strong> festival, he would take to the international stage the tortillas of La Martinuca. And the fact is that the artist visited the local Barquillo street twice, asking for the flavors of onion confit and green bell pepper version.<\/p>\n\n\n\n<p>The British star would be captivated by the elaborations of<strong> La Martinuca<\/strong>, the leading tortilla brand in Spain that produces 3,000 homemade tortillas a week. There he would opt for the classic omelette with onion, made with an onion confit in its own juice for hours at low temperature, which is then added to the egg that is mixed with a base of fried potato and normal onion.<\/p>\n\n\n\n<figure class=\"wp-block-gallery has-nested-images columns-default is-cropped wp-block-gallery-1 is-layout-flex wp-block-gallery-is-layout-flex\">\n<figure class=\"wp-block-image size-large\"><img decoding=\"async\" width=\"250\" height=\"315\" data-id=\"261174\" src=\"https:\/\/www.tapasmagazine.es\/wp-content\/uploads\/2024\/09\/Harry-Styles-en-su-visita-a-Madrid1.png\" alt=\"\" class=\"wp-image-261174\" srcset=\"https:\/\/www.tapasmagazine.es\/wp-content\/uploads\/2024\/09\/Harry-Styles-en-su-visita-a-Madrid1.png 250w, https:\/\/www.tapasmagazine.es\/wp-content\/uploads\/2024\/09\/Harry-Styles-en-su-visita-a-Madrid1-238x300.png 238w\" sizes=\"(max-width: 250px) 100vw, 250px\" \/><\/figure>\n\n\n\n<figure class=\"wp-block-image size-large\"><img decoding=\"async\" width=\"1024\" height=\"1024\" data-id=\"261176\" src=\"https:\/\/www.tapasmagazine.es\/wp-content\/uploads\/2024\/09\/La-Martinuca-Pimiento-Verde31-1024x1024.jpg\" alt=\"\" class=\"wp-image-261176\" srcset=\"https:\/\/www.tapasmagazine.es\/wp-content\/uploads\/2024\/09\/La-Martinuca-Pimiento-Verde31-1024x1024.jpg 1024w, https:\/\/www.tapasmagazine.es\/wp-content\/uploads\/2024\/09\/La-Martinuca-Pimiento-Verde31-300x300.jpg 300w, https:\/\/www.tapasmagazine.es\/wp-content\/uploads\/2024\/09\/La-Martinuca-Pimiento-Verde31-150x150.jpg 150w, https:\/\/www.tapasmagazine.es\/wp-content\/uploads\/2024\/09\/La-Martinuca-Pimiento-Verde31-768x768.jpg 768w, https:\/\/www.tapasmagazine.es\/wp-content\/uploads\/2024\/09\/La-Martinuca-Pimiento-Verde31-1536x1536.jpg 1536w, https:\/\/www.tapasmagazine.es\/wp-content\/uploads\/2024\/09\/La-Martinuca-Pimiento-Verde31-2048x2048.jpg 2048w, https:\/\/www.tapasmagazine.es\/wp-content\/uploads\/2024\/09\/La-Martinuca-Pimiento-Verde31-1000x1000.jpg 1000w, https:\/\/www.tapasmagazine.es\/wp-content\/uploads\/2024\/09\/La-Martinuca-Pimiento-Verde31-400x400.jpg 400w\" sizes=\"(max-width: 1024px) 100vw, 1024px\" \/><\/figure>\n<\/figure>\n\n\n\n<p>On his second visit, the artist opted for the tortilla with green bell pepper, reaffirming his great love for the Spanish omelette of La Martinuca. This preparation stands out for its texture and flavor, as a result of a precise elaboration; in which the diced Italian green bell pepper is cooked first, then poached for an hour and mixed with egg and potato, obtaining a cream that is brought to the point of cooking mellow representative of the house.<\/p>\n","protected":false},"excerpt":{"rendered":"<p>Click here to read the Spanish version. Harry Styles unexpectedly visited the capital over the weekend. A trip in which, beyond attending the KALORAMA festival, he would take to the international stage the tortillas of La Martinuca. And the fact is that the artist visited the local Barquillo street twice, asking for the flavors of [&hellip;]<\/p>\n","protected":false},"author":285,"featured_media":261173,"comment_status":"closed","ping_status":"closed","sticky":false,"template":"","format":"standard","meta":{"_acf_changed":false,"footnotes":""},"categories":[15851,15910],"tags":[19052,16033],"class_list":["post-261187","post","type-post","status-publish","format-standard","has-post-thumbnail","hentry","category-nombres-propios-en","category-personajes-en","tag-la-martinuca-en","tag-madrid-en","cat-15851-id","cat-15910-id"],"acf":[],"yoast_head":"<!-- This site is optimized with the Yoast SEO plugin v27.5 - https:\/\/yoast.com\/product\/yoast-seo-wordpress\/ -->\n<title>Harry Styles takes to the global stage La Martinuca potato omelettes - Tapas<\/title>\n<meta name=\"description\" content=\"Click here to read the Spanish version. Harry Styles unexpectedly visited the capital over the weekend. A trip in which, beyond attending the KALORAMA\" \/>\n<meta name=\"robots\" content=\"index, follow, max-snippet:-1, max-image-preview:large, max-video-preview:-1\" \/>\n<link rel=\"canonical\" href=\"https:\/\/www.tapasmagazine.es\/en\/harry-styles-takes-global-stage-la-martinuca-potato-omelettes\/\" \/>\n<meta property=\"og:locale\" content=\"en_US\" \/>\n<meta property=\"og:type\" content=\"article\" \/>\n<meta property=\"og:title\" content=\"Harry Styles takes to the global stage La Martinuca potato omelettes - Tapas\" \/>\n<meta property=\"og:description\" content=\"Click here to read the Spanish version. Harry Styles unexpectedly visited the capital over the weekend. A trip in which, beyond attending the KALORAMA\" \/>\n<meta property=\"og:url\" content=\"https:\/\/www.tapasmagazine.es\/en\/harry-styles-takes-global-stage-la-martinuca-potato-omelettes\/\" \/>\n<meta property=\"og:site_name\" content=\"Tapas\" \/>\n<meta property=\"article:publisher\" content=\"https:\/\/www.facebook.com\/tapasmagazine\" \/>\n<meta property=\"article:published_time\" content=\"2024-09-03T11:11:58+00:00\" \/>\n<meta property=\"article:modified_time\" content=\"2024-09-03T11:17:52+00:00\" \/>\n<meta property=\"og:image\" content=\"https:\/\/www.tapasmagazine.es\/wp-content\/uploads\/2024\/09\/harry.jpg\" \/>\n\t<meta property=\"og:image:width\" content=\"1200\" \/>\n\t<meta property=\"og:image:height\" content=\"675\" \/>\n\t<meta property=\"og:image:type\" content=\"image\/jpeg\" \/>\n<meta name=\"author\" content=\"Laura P\u00e9rez\" \/>\n<meta name=\"twitter:card\" content=\"summary_large_image\" \/>\n<meta name=\"twitter:creator\" content=\"@TapasMagazine\" \/>\n<meta name=\"twitter:site\" content=\"@TapasMagazine\" \/>\n<meta name=\"twitter:label1\" content=\"Written by\" \/>\n\t<meta name=\"twitter:data1\" content=\"Laura P\u00e9rez\" \/>\n\t<meta name=\"twitter:label2\" content=\"Est. reading time\" \/>\n\t<meta name=\"twitter:data2\" content=\"2 minutes\" \/>\n<script type=\"application\/ld+json\" class=\"yoast-schema-graph\">{\"@context\":\"https:\\\/\\\/schema.org\",\"@graph\":[{\"@type\":\"Article\",\"@id\":\"https:\\\/\\\/www.tapasmagazine.es\\\/en\\\/harry-styles-takes-global-stage-la-martinuca-potato-omelettes\\\/#article\",\"isPartOf\":{\"@id\":\"https:\\\/\\\/www.tapasmagazine.es\\\/en\\\/harry-styles-takes-global-stage-la-martinuca-potato-omelettes\\\/\"},\"author\":{\"name\":\"Laura P\u00e9rez\",\"@id\":\"https:\\\/\\\/www.tapasmagazine.es\\\/#\\\/schema\\\/person\\\/eb46cbe76a9c8f062660eb609e3ecb4e\"},\"headline\":\"Harry Styles takes to the global stage La Martinuca potato omelettes\",\"datePublished\":\"2024-09-03T11:11:58+00:00\",\"dateModified\":\"2024-09-03T11:17:52+00:00\",\"mainEntityOfPage\":{\"@id\":\"https:\\\/\\\/www.tapasmagazine.es\\\/en\\\/harry-styles-takes-global-stage-la-martinuca-potato-omelettes\\\/\"},\"wordCount\":219,\"publisher\":{\"@id\":\"https:\\\/\\\/www.tapasmagazine.es\\\/#organization\"},\"image\":{\"@id\":\"https:\\\/\\\/www.tapasmagazine.es\\\/en\\\/harry-styles-takes-global-stage-la-martinuca-potato-omelettes\\\/#primaryimage\"},\"thumbnailUrl\":\"https:\\\/\\\/www.tapasmagazine.es\\\/wp-content\\\/uploads\\\/2024\\\/09\\\/harry.jpg\",\"keywords\":[\"la martinuca\",\"Madrid\"],\"articleSection\":[\"Nombres propios\",\"Personajes\"],\"inLanguage\":\"en-US\"},{\"@type\":\"WebPage\",\"@id\":\"https:\\\/\\\/www.tapasmagazine.es\\\/en\\\/harry-styles-takes-global-stage-la-martinuca-potato-omelettes\\\/\",\"url\":\"https:\\\/\\\/www.tapasmagazine.es\\\/en\\\/harry-styles-takes-global-stage-la-martinuca-potato-omelettes\\\/\",\"name\":\"Harry Styles takes to the global stage La Martinuca potato omelettes - Tapas\",\"isPartOf\":{\"@id\":\"https:\\\/\\\/www.tapasmagazine.es\\\/#website\"},\"primaryImageOfPage\":{\"@id\":\"https:\\\/\\\/www.tapasmagazine.es\\\/en\\\/harry-styles-takes-global-stage-la-martinuca-potato-omelettes\\\/#primaryimage\"},\"image\":{\"@id\":\"https:\\\/\\\/www.tapasmagazine.es\\\/en\\\/harry-styles-takes-global-stage-la-martinuca-potato-omelettes\\\/#primaryimage\"},\"thumbnailUrl\":\"https:\\\/\\\/www.tapasmagazine.es\\\/wp-content\\\/uploads\\\/2024\\\/09\\\/harry.jpg\",\"datePublished\":\"2024-09-03T11:11:58+00:00\",\"dateModified\":\"2024-09-03T11:17:52+00:00\",\"description\":\"Click here to read the Spanish version. Harry Styles unexpectedly visited the capital over the weekend. A trip in which, beyond attending the KALORAMA\",\"breadcrumb\":{\"@id\":\"https:\\\/\\\/www.tapasmagazine.es\\\/en\\\/harry-styles-takes-global-stage-la-martinuca-potato-omelettes\\\/#breadcrumb\"},\"inLanguage\":\"en-US\",\"potentialAction\":[{\"@type\":\"ReadAction\",\"target\":[\"https:\\\/\\\/www.tapasmagazine.es\\\/en\\\/harry-styles-takes-global-stage-la-martinuca-potato-omelettes\\\/\"]}]},{\"@type\":\"ImageObject\",\"inLanguage\":\"en-US\",\"@id\":\"https:\\\/\\\/www.tapasmagazine.es\\\/en\\\/harry-styles-takes-global-stage-la-martinuca-potato-omelettes\\\/#primaryimage\",\"url\":\"https:\\\/\\\/www.tapasmagazine.es\\\/wp-content\\\/uploads\\\/2024\\\/09\\\/harry.jpg\",\"contentUrl\":\"https:\\\/\\\/www.tapasmagazine.es\\\/wp-content\\\/uploads\\\/2024\\\/09\\\/harry.jpg\",\"width\":1200,\"height\":675},{\"@type\":\"BreadcrumbList\",\"@id\":\"https:\\\/\\\/www.tapasmagazine.es\\\/en\\\/harry-styles-takes-global-stage-la-martinuca-potato-omelettes\\\/#breadcrumb\",\"itemListElement\":[{\"@type\":\"ListItem\",\"position\":1,\"name\":\"Portada\",\"item\":\"https:\\\/\\\/www.tapasmagazine.es\\\/\"},{\"@type\":\"ListItem\",\"position\":2,\"name\":\"Nombres propios\",\"item\":\"https:\\\/\\\/www.tapasmagazine.es\\\/en\\\/categorias\\\/nombres-propios-en\\\/\"},{\"@type\":\"ListItem\",\"position\":3,\"name\":\"Harry Styles takes to the global stage La Martinuca potato omelettes\"}]},{\"@type\":\"WebSite\",\"@id\":\"https:\\\/\\\/www.tapasmagazine.es\\\/#website\",\"url\":\"https:\\\/\\\/www.tapasmagazine.es\\\/\",\"name\":\"Tapas\",\"description\":\"\u00d1am \u00d1am Lifestyle. La vida a bocados. Premio Nacional de Gastronom\u00eda 2016.\",\"publisher\":{\"@id\":\"https:\\\/\\\/www.tapasmagazine.es\\\/#organization\"},\"potentialAction\":[{\"@type\":\"SearchAction\",\"target\":{\"@type\":\"EntryPoint\",\"urlTemplate\":\"https:\\\/\\\/www.tapasmagazine.es\\\/?s={search_term_string}\"},\"query-input\":{\"@type\":\"PropertyValueSpecification\",\"valueRequired\":true,\"valueName\":\"search_term_string\"}}],\"inLanguage\":\"en-US\"},{\"@type\":\"Organization\",\"@id\":\"https:\\\/\\\/www.tapasmagazine.es\\\/#organization\",\"name\":\"Tapas Magazine\",\"url\":\"https:\\\/\\\/www.tapasmagazine.es\\\/\",\"logo\":{\"@type\":\"ImageObject\",\"inLanguage\":\"en-US\",\"@id\":\"https:\\\/\\\/www.tapasmagazine.es\\\/#\\\/schema\\\/logo\\\/image\\\/\",\"url\":\"https:\\\/\\\/www.tapasmagazine.es\\\/wp-content\\\/uploads\\\/2018\\\/01\\\/logo.png\",\"contentUrl\":\"https:\\\/\\\/www.tapasmagazine.es\\\/wp-content\\\/uploads\\\/2018\\\/01\\\/logo.png\",\"width\":180,\"height\":60,\"caption\":\"Tapas Magazine\"},\"image\":{\"@id\":\"https:\\\/\\\/www.tapasmagazine.es\\\/#\\\/schema\\\/logo\\\/image\\\/\"},\"sameAs\":[\"https:\\\/\\\/www.facebook.com\\\/tapasmagazine\",\"https:\\\/\\\/x.com\\\/TapasMagazine\",\"https:\\\/\\\/www.instagram.com\\\/tapasmagazine\\\/\",\"https:\\\/\\\/www.linkedin.com\\\/company\\\/tapas-magazine\",\"https:\\\/\\\/es.pinterest.com\\\/tapasmagazine\\\/\",\"https:\\\/\\\/www.youtube.com\\\/channel\\\/UCEyxneAaACuR0lfDagrWjjg?sub_confirmation=1\"]},{\"@type\":\"Person\",\"@id\":\"https:\\\/\\\/www.tapasmagazine.es\\\/#\\\/schema\\\/person\\\/eb46cbe76a9c8f062660eb609e3ecb4e\",\"name\":\"Laura P\u00e9rez\",\"url\":\"https:\\\/\\\/www.tapasmagazine.es\\\/en\\\/author\\\/laura-perez\\\/\"}]}<\/script>\n<!-- \/ Yoast SEO plugin. -->","yoast_head_json":{"title":"Harry Styles takes to the global stage La Martinuca potato omelettes - Tapas","description":"Click here to read the Spanish version. Harry Styles unexpectedly visited the capital over the weekend. A trip in which, beyond attending the KALORAMA","robots":{"index":"index","follow":"follow","max-snippet":"max-snippet:-1","max-image-preview":"max-image-preview:large","max-video-preview":"max-video-preview:-1"},"canonical":"https:\/\/www.tapasmagazine.es\/en\/harry-styles-takes-global-stage-la-martinuca-potato-omelettes\/","og_locale":"en_US","og_type":"article","og_title":"Harry Styles takes to the global stage La Martinuca potato omelettes - Tapas","og_description":"Click here to read the Spanish version. Harry Styles unexpectedly visited the capital over the weekend. A trip in which, beyond attending the KALORAMA","og_url":"https:\/\/www.tapasmagazine.es\/en\/harry-styles-takes-global-stage-la-martinuca-potato-omelettes\/","og_site_name":"Tapas","article_publisher":"https:\/\/www.facebook.com\/tapasmagazine","article_published_time":"2024-09-03T11:11:58+00:00","article_modified_time":"2024-09-03T11:17:52+00:00","og_image":[{"width":1200,"height":675,"url":"https:\/\/www.tapasmagazine.es\/wp-content\/uploads\/2024\/09\/harry.jpg","type":"image\/jpeg"}],"author":"Laura P\u00e9rez","twitter_card":"summary_large_image","twitter_creator":"@TapasMagazine","twitter_site":"@TapasMagazine","twitter_misc":{"Written by":"Laura P\u00e9rez","Est. reading time":"2 minutes"},"schema":{"@context":"https:\/\/schema.org","@graph":[{"@type":"Article","@id":"https:\/\/www.tapasmagazine.es\/en\/harry-styles-takes-global-stage-la-martinuca-potato-omelettes\/#article","isPartOf":{"@id":"https:\/\/www.tapasmagazine.es\/en\/harry-styles-takes-global-stage-la-martinuca-potato-omelettes\/"},"author":{"name":"Laura P\u00e9rez","@id":"https:\/\/www.tapasmagazine.es\/#\/schema\/person\/eb46cbe76a9c8f062660eb609e3ecb4e"},"headline":"Harry Styles takes to the global stage La Martinuca potato omelettes","datePublished":"2024-09-03T11:11:58+00:00","dateModified":"2024-09-03T11:17:52+00:00","mainEntityOfPage":{"@id":"https:\/\/www.tapasmagazine.es\/en\/harry-styles-takes-global-stage-la-martinuca-potato-omelettes\/"},"wordCount":219,"publisher":{"@id":"https:\/\/www.tapasmagazine.es\/#organization"},"image":{"@id":"https:\/\/www.tapasmagazine.es\/en\/harry-styles-takes-global-stage-la-martinuca-potato-omelettes\/#primaryimage"},"thumbnailUrl":"https:\/\/www.tapasmagazine.es\/wp-content\/uploads\/2024\/09\/harry.jpg","keywords":["la martinuca","Madrid"],"articleSection":["Nombres propios","Personajes"],"inLanguage":"en-US"},{"@type":"WebPage","@id":"https:\/\/www.tapasmagazine.es\/en\/harry-styles-takes-global-stage-la-martinuca-potato-omelettes\/","url":"https:\/\/www.tapasmagazine.es\/en\/harry-styles-takes-global-stage-la-martinuca-potato-omelettes\/","name":"Harry Styles takes to the global stage La Martinuca potato omelettes - Tapas","isPartOf":{"@id":"https:\/\/www.tapasmagazine.es\/#website"},"primaryImageOfPage":{"@id":"https:\/\/www.tapasmagazine.es\/en\/harry-styles-takes-global-stage-la-martinuca-potato-omelettes\/#primaryimage"},"image":{"@id":"https:\/\/www.tapasmagazine.es\/en\/harry-styles-takes-global-stage-la-martinuca-potato-omelettes\/#primaryimage"},"thumbnailUrl":"https:\/\/www.tapasmagazine.es\/wp-content\/uploads\/2024\/09\/harry.jpg","datePublished":"2024-09-03T11:11:58+00:00","dateModified":"2024-09-03T11:17:52+00:00","description":"Click here to read the Spanish version. Harry Styles unexpectedly visited the capital over the weekend. A trip in which, beyond attending the KALORAMA","breadcrumb":{"@id":"https:\/\/www.tapasmagazine.es\/en\/harry-styles-takes-global-stage-la-martinuca-potato-omelettes\/#breadcrumb"},"inLanguage":"en-US","potentialAction":[{"@type":"ReadAction","target":["https:\/\/www.tapasmagazine.es\/en\/harry-styles-takes-global-stage-la-martinuca-potato-omelettes\/"]}]},{"@type":"ImageObject","inLanguage":"en-US","@id":"https:\/\/www.tapasmagazine.es\/en\/harry-styles-takes-global-stage-la-martinuca-potato-omelettes\/#primaryimage","url":"https:\/\/www.tapasmagazine.es\/wp-content\/uploads\/2024\/09\/harry.jpg","contentUrl":"https:\/\/www.tapasmagazine.es\/wp-content\/uploads\/2024\/09\/harry.jpg","width":1200,"height":675},{"@type":"BreadcrumbList","@id":"https:\/\/www.tapasmagazine.es\/en\/harry-styles-takes-global-stage-la-martinuca-potato-omelettes\/#breadcrumb","itemListElement":[{"@type":"ListItem","position":1,"name":"Portada","item":"https:\/\/www.tapasmagazine.es\/"},{"@type":"ListItem","position":2,"name":"Nombres propios","item":"https:\/\/www.tapasmagazine.es\/en\/categorias\/nombres-propios-en\/"},{"@type":"ListItem","position":3,"name":"Harry Styles takes to the global stage La Martinuca potato omelettes"}]},{"@type":"WebSite","@id":"https:\/\/www.tapasmagazine.es\/#website","url":"https:\/\/www.tapasmagazine.es\/","name":"Tapas","description":"\u00d1am \u00d1am Lifestyle. La vida a bocados. Premio Nacional de Gastronom\u00eda 2016.","publisher":{"@id":"https:\/\/www.tapasmagazine.es\/#organization"},"potentialAction":[{"@type":"SearchAction","target":{"@type":"EntryPoint","urlTemplate":"https:\/\/www.tapasmagazine.es\/?s={search_term_string}"},"query-input":{"@type":"PropertyValueSpecification","valueRequired":true,"valueName":"search_term_string"}}],"inLanguage":"en-US"},{"@type":"Organization","@id":"https:\/\/www.tapasmagazine.es\/#organization","name":"Tapas Magazine","url":"https:\/\/www.tapasmagazine.es\/","logo":{"@type":"ImageObject","inLanguage":"en-US","@id":"https:\/\/www.tapasmagazine.es\/#\/schema\/logo\/image\/","url":"https:\/\/www.tapasmagazine.es\/wp-content\/uploads\/2018\/01\/logo.png","contentUrl":"https:\/\/www.tapasmagazine.es\/wp-content\/uploads\/2018\/01\/logo.png","width":180,"height":60,"caption":"Tapas Magazine"},"image":{"@id":"https:\/\/www.tapasmagazine.es\/#\/schema\/logo\/image\/"},"sameAs":["https:\/\/www.facebook.com\/tapasmagazine","https:\/\/x.com\/TapasMagazine","https:\/\/www.instagram.com\/tapasmagazine\/","https:\/\/www.linkedin.com\/company\/tapas-magazine","https:\/\/es.pinterest.com\/tapasmagazine\/","https:\/\/www.youtube.com\/channel\/UCEyxneAaACuR0lfDagrWjjg?sub_confirmation=1"]},{"@type":"Person","@id":"https:\/\/www.tapasmagazine.es\/#\/schema\/person\/eb46cbe76a9c8f062660eb609e3ecb4e","name":"Laura P\u00e9rez","url":"https:\/\/www.tapasmagazine.es\/en\/author\/laura-perez\/"}]}},"_links":{"self":[{"href":"https:\/\/www.tapasmagazine.es\/en\/wp-json\/wp\/v2\/posts\/261187","targetHints":{"allow":["GET"]}}],"collection":[{"href":"https:\/\/www.tapasmagazine.es\/en\/wp-json\/wp\/v2\/posts"}],"about":[{"href":"https:\/\/www.tapasmagazine.es\/en\/wp-json\/wp\/v2\/types\/post"}],"author":[{"embeddable":true,"href":"https:\/\/www.tapasmagazine.es\/en\/wp-json\/wp\/v2\/users\/285"}],"replies":[{"embeddable":true,"href":"https:\/\/www.tapasmagazine.es\/en\/wp-json\/wp\/v2\/comments?post=261187"}],"version-history":[{"count":2,"href":"https:\/\/www.tapasmagazine.es\/en\/wp-json\/wp\/v2\/posts\/261187\/revisions"}],"predecessor-version":[{"id":261193,"href":"https:\/\/www.tapasmagazine.es\/en\/wp-json\/wp\/v2\/posts\/261187\/revisions\/261193"}],"wp:featuredmedia":[{"embeddable":true,"href":"https:\/\/www.tapasmagazine.es\/en\/wp-json\/wp\/v2\/media\/261173"}],"wp:attachment":[{"href":"https:\/\/www.tapasmagazine.es\/en\/wp-json\/wp\/v2\/media?parent=261187"}],"wp:term":[{"taxonomy":"category","embeddable":true,"href":"https:\/\/www.tapasmagazine.es\/en\/wp-json\/wp\/v2\/categories?post=261187"},{"taxonomy":"post_tag","embeddable":true,"href":"https:\/\/www.tapasmagazine.es\/en\/wp-json\/wp\/v2\/tags?post=261187"}],"curies":[{"name":"wp","href":"https:\/\/api.w.org\/{rel}","templated":true}]}}