{"id":260904,"date":"2024-09-02T09:40:36","date_gmt":"2024-09-02T07:40:36","guid":{"rendered":"https:\/\/www.tapasmagazine.es\/jenna-ortega-comparte-su-rutina-de-descompresion-tras-los-rodajes\/"},"modified":"2024-09-02T09:44:42","modified_gmt":"2024-09-02T07:44:42","slug":"jenna-ortega-shares-descompression-routine-after-shoots","status":"publish","type":"post","link":"https:\/\/www.tapasmagazine.es\/en\/jenna-ortega-shares-descompression-routine-after-shoots\/","title":{"rendered":"Jenna Ortega shares her &#8216;decompression&#8217; routine after shoots"},"content":{"rendered":"\n<p><strong>Click <a href=\"https:\/\/www.tapasmagazine.es\/jenna-ortega-comparte-su-rutina-de-descompresion-tras-los-rodajes\/\" target=\"_blank\" rel=\"noreferrer noopener\">here<\/a> to read the Spanish version.<\/strong><\/p>\n\n\n\n<p>After experiencing her stellar era with &#8216;Wednesday&#8217;, the spotlight is now turning back to Jenna Ortega for her role in the <strong><a href=\"https:\/\/www.tapasmagazine.es\/en\/sabrina-carpenter-drops-ice-cream-inspired-by-her-hit-espresso\/\" target=\"_blank\" rel=\"noreferrer noopener\">Sabrina Carpenter<\/a><\/strong> music video, and her creepy performance in the upcoming horror sequel &#8216;Bettlejuice Bettlejuice&#8217;.<\/p>\n\n\n\n<p>As part of the latter&#8217;s promo, Ortega sat down with <strong>Winona Ryder<\/strong> to answer ELLE&#8217;s questions about the upcoming audiovisual blockbuster. One of them was, &#8216;How do you decompress after a grueling scene?&#8217;<\/p>\n\n\n\n<figure class=\"wp-block-embed is-type-video is-provider-youtube wp-block-embed-youtube wp-embed-aspect-16-9 wp-has-aspect-ratio\"><div class=\"wp-block-embed__wrapper\">\n<iframe title=\"Winona Ryder &amp; Jenna Ortega Can\u2019t Focus in Uncomfortable Red Carpet Shoes | Ask Me Anything | ELLE\" width=\"640\" height=\"360\" src=\"https:\/\/www.youtube.com\/embed\/11jhQhzLwO0?feature=oembed\" frameborder=\"0\" allow=\"accelerometer; autoplay; clipboard-write; encrypted-media; gyroscope; picture-in-picture; web-share\" referrerpolicy=\"strict-origin-when-cross-origin\" allowfullscreen><\/iframe>\n<\/div><\/figure>\n\n\n\n<p>&#8216;I sit and stare at the wall, what are you going to do,&#8217; Ortega jokes. &#8216;You work these full, long days, and you get called back early in the morning, so you go home, learn your lines for the next one and go to bed.&#8217;<\/p>\n\n\n\n<p>But not everything in Jenna&#8217;s life revolves around work. There&#8217;s another healthy habit the star incorporates into her routine to decompress, which is likewise highly recommended in today&#8217;s age. &#8216;I like to walk around and do anything to clear my mind,&#8217; she says. &#8216;I listen to music and take a long walk. That&#8217;s probably the best answer I can give you. It&#8217;s pretty simple.<\/p>\n","protected":false},"excerpt":{"rendered":"<p>Click here to read the Spanish version. After experiencing her stellar era with &#8216;Wednesday&#8217;, the spotlight is now turning back to Jenna Ortega for her role in the Sabrina Carpenter music video, and her creepy performance in the upcoming horror sequel &#8216;Bettlejuice Bettlejuice&#8217;. As part of the latter&#8217;s promo, Ortega sat down with Winona Ryder [&hellip;]<\/p>\n","protected":false},"author":285,"featured_media":260900,"comment_status":"closed","ping_status":"closed","sticky":false,"template":"","format":"standard","meta":{"_acf_changed":false,"footnotes":""},"categories":[15851,15910,1],"tags":[],"class_list":["post-260904","post","type-post","status-publish","format-standard","has-post-thumbnail","hentry","category-nombres-propios-en","category-personajes-en","category-sin-categorizar","cat-15851-id","cat-15910-id","cat-1-id"],"acf":[],"yoast_head":"<!-- This site is optimized with the Yoast SEO plugin v27.5 - https:\/\/yoast.com\/product\/yoast-seo-wordpress\/ -->\n<title>Jenna Ortega shares her &#039;decompression&#039; routine after shoots - Tapas<\/title>\n<meta name=\"description\" content=\"Click here to read the Spanish version. After experiencing her stellar era with &#039;Wednesday&#039;, the spotlight is now turning back to Jenna Ortega for her\" \/>\n<meta name=\"robots\" content=\"index, follow, max-snippet:-1, max-image-preview:large, max-video-preview:-1\" \/>\n<link rel=\"canonical\" href=\"https:\/\/www.tapasmagazine.es\/en\/jenna-ortega-shares-descompression-routine-after-shoots\/\" \/>\n<meta property=\"og:locale\" content=\"en_US\" \/>\n<meta property=\"og:type\" content=\"article\" \/>\n<meta property=\"og:title\" content=\"Jenna Ortega shares her &#039;decompression&#039; routine after shoots - Tapas\" \/>\n<meta property=\"og:description\" content=\"Click here to read the Spanish version. After experiencing her stellar era with &#039;Wednesday&#039;, the spotlight is now turning back to Jenna Ortega for her\" \/>\n<meta property=\"og:url\" content=\"https:\/\/www.tapasmagazine.es\/en\/jenna-ortega-shares-descompression-routine-after-shoots\/\" \/>\n<meta property=\"og:site_name\" content=\"Tapas\" \/>\n<meta property=\"article:publisher\" content=\"https:\/\/www.facebook.com\/tapasmagazine\" \/>\n<meta property=\"article:published_time\" content=\"2024-09-02T07:40:36+00:00\" \/>\n<meta property=\"article:modified_time\" content=\"2024-09-02T07:44:42+00:00\" \/>\n<meta property=\"og:image\" content=\"https:\/\/www.tapasmagazine.es\/wp-content\/uploads\/2024\/09\/jenna-ortega.jpg\" \/>\n\t<meta property=\"og:image:width\" content=\"1200\" \/>\n\t<meta property=\"og:image:height\" content=\"675\" \/>\n\t<meta property=\"og:image:type\" content=\"image\/jpeg\" \/>\n<meta name=\"author\" content=\"Laura P\u00e9rez\" \/>\n<meta name=\"twitter:card\" content=\"summary_large_image\" \/>\n<meta name=\"twitter:creator\" content=\"@TapasMagazine\" \/>\n<meta name=\"twitter:site\" content=\"@TapasMagazine\" \/>\n<meta name=\"twitter:label1\" content=\"Written by\" \/>\n\t<meta name=\"twitter:data1\" content=\"Laura P\u00e9rez\" \/>\n\t<meta name=\"twitter:label2\" content=\"Est. reading time\" \/>\n\t<meta name=\"twitter:data2\" content=\"2 minutes\" \/>\n<script type=\"application\/ld+json\" class=\"yoast-schema-graph\">{\"@context\":\"https:\\\/\\\/schema.org\",\"@graph\":[{\"@type\":\"Article\",\"@id\":\"https:\\\/\\\/www.tapasmagazine.es\\\/en\\\/jenna-ortega-shares-descompression-routine-after-shoots\\\/#article\",\"isPartOf\":{\"@id\":\"https:\\\/\\\/www.tapasmagazine.es\\\/en\\\/jenna-ortega-shares-descompression-routine-after-shoots\\\/\"},\"author\":{\"name\":\"Laura P\u00e9rez\",\"@id\":\"https:\\\/\\\/www.tapasmagazine.es\\\/#\\\/schema\\\/person\\\/eb46cbe76a9c8f062660eb609e3ecb4e\"},\"headline\":\"Jenna Ortega shares her &#8216;decompression&#8217; routine after shoots\",\"datePublished\":\"2024-09-02T07:40:36+00:00\",\"dateModified\":\"2024-09-02T07:44:42+00:00\",\"mainEntityOfPage\":{\"@id\":\"https:\\\/\\\/www.tapasmagazine.es\\\/en\\\/jenna-ortega-shares-descompression-routine-after-shoots\\\/\"},\"wordCount\":224,\"publisher\":{\"@id\":\"https:\\\/\\\/www.tapasmagazine.es\\\/#organization\"},\"image\":{\"@id\":\"https:\\\/\\\/www.tapasmagazine.es\\\/en\\\/jenna-ortega-shares-descompression-routine-after-shoots\\\/#primaryimage\"},\"thumbnailUrl\":\"https:\\\/\\\/www.tapasmagazine.es\\\/wp-content\\\/uploads\\\/2024\\\/09\\\/jenna-ortega.jpg\",\"articleSection\":[\"Nombres propios\",\"Personajes\",\"Sin categorizar\"],\"inLanguage\":\"en-US\"},{\"@type\":\"WebPage\",\"@id\":\"https:\\\/\\\/www.tapasmagazine.es\\\/en\\\/jenna-ortega-shares-descompression-routine-after-shoots\\\/\",\"url\":\"https:\\\/\\\/www.tapasmagazine.es\\\/en\\\/jenna-ortega-shares-descompression-routine-after-shoots\\\/\",\"name\":\"Jenna Ortega shares her 'decompression' routine after shoots - Tapas\",\"isPartOf\":{\"@id\":\"https:\\\/\\\/www.tapasmagazine.es\\\/#website\"},\"primaryImageOfPage\":{\"@id\":\"https:\\\/\\\/www.tapasmagazine.es\\\/en\\\/jenna-ortega-shares-descompression-routine-after-shoots\\\/#primaryimage\"},\"image\":{\"@id\":\"https:\\\/\\\/www.tapasmagazine.es\\\/en\\\/jenna-ortega-shares-descompression-routine-after-shoots\\\/#primaryimage\"},\"thumbnailUrl\":\"https:\\\/\\\/www.tapasmagazine.es\\\/wp-content\\\/uploads\\\/2024\\\/09\\\/jenna-ortega.jpg\",\"datePublished\":\"2024-09-02T07:40:36+00:00\",\"dateModified\":\"2024-09-02T07:44:42+00:00\",\"description\":\"Click here to read the Spanish version. After experiencing her stellar era with 'Wednesday', the spotlight is now turning back to Jenna Ortega for her\",\"breadcrumb\":{\"@id\":\"https:\\\/\\\/www.tapasmagazine.es\\\/en\\\/jenna-ortega-shares-descompression-routine-after-shoots\\\/#breadcrumb\"},\"inLanguage\":\"en-US\",\"potentialAction\":[{\"@type\":\"ReadAction\",\"target\":[\"https:\\\/\\\/www.tapasmagazine.es\\\/en\\\/jenna-ortega-shares-descompression-routine-after-shoots\\\/\"]}]},{\"@type\":\"ImageObject\",\"inLanguage\":\"en-US\",\"@id\":\"https:\\\/\\\/www.tapasmagazine.es\\\/en\\\/jenna-ortega-shares-descompression-routine-after-shoots\\\/#primaryimage\",\"url\":\"https:\\\/\\\/www.tapasmagazine.es\\\/wp-content\\\/uploads\\\/2024\\\/09\\\/jenna-ortega.jpg\",\"contentUrl\":\"https:\\\/\\\/www.tapasmagazine.es\\\/wp-content\\\/uploads\\\/2024\\\/09\\\/jenna-ortega.jpg\",\"width\":1200,\"height\":675},{\"@type\":\"BreadcrumbList\",\"@id\":\"https:\\\/\\\/www.tapasmagazine.es\\\/en\\\/jenna-ortega-shares-descompression-routine-after-shoots\\\/#breadcrumb\",\"itemListElement\":[{\"@type\":\"ListItem\",\"position\":1,\"name\":\"Portada\",\"item\":\"https:\\\/\\\/www.tapasmagazine.es\\\/\"},{\"@type\":\"ListItem\",\"position\":2,\"name\":\"Sin categorizar\",\"item\":\"https:\\\/\\\/www.tapasmagazine.es\\\/categorias\\\/sin-categorizar\\\/\"},{\"@type\":\"ListItem\",\"position\":3,\"name\":\"Jenna Ortega shares her &#8216;decompression&#8217; routine after shoots\"}]},{\"@type\":\"WebSite\",\"@id\":\"https:\\\/\\\/www.tapasmagazine.es\\\/#website\",\"url\":\"https:\\\/\\\/www.tapasmagazine.es\\\/\",\"name\":\"Tapas\",\"description\":\"\u00d1am \u00d1am Lifestyle. La vida a bocados. Premio Nacional de Gastronom\u00eda 2016.\",\"publisher\":{\"@id\":\"https:\\\/\\\/www.tapasmagazine.es\\\/#organization\"},\"potentialAction\":[{\"@type\":\"SearchAction\",\"target\":{\"@type\":\"EntryPoint\",\"urlTemplate\":\"https:\\\/\\\/www.tapasmagazine.es\\\/?s={search_term_string}\"},\"query-input\":{\"@type\":\"PropertyValueSpecification\",\"valueRequired\":true,\"valueName\":\"search_term_string\"}}],\"inLanguage\":\"en-US\"},{\"@type\":\"Organization\",\"@id\":\"https:\\\/\\\/www.tapasmagazine.es\\\/#organization\",\"name\":\"Tapas Magazine\",\"url\":\"https:\\\/\\\/www.tapasmagazine.es\\\/\",\"logo\":{\"@type\":\"ImageObject\",\"inLanguage\":\"en-US\",\"@id\":\"https:\\\/\\\/www.tapasmagazine.es\\\/#\\\/schema\\\/logo\\\/image\\\/\",\"url\":\"https:\\\/\\\/www.tapasmagazine.es\\\/wp-content\\\/uploads\\\/2018\\\/01\\\/logo.png\",\"contentUrl\":\"https:\\\/\\\/www.tapasmagazine.es\\\/wp-content\\\/uploads\\\/2018\\\/01\\\/logo.png\",\"width\":180,\"height\":60,\"caption\":\"Tapas Magazine\"},\"image\":{\"@id\":\"https:\\\/\\\/www.tapasmagazine.es\\\/#\\\/schema\\\/logo\\\/image\\\/\"},\"sameAs\":[\"https:\\\/\\\/www.facebook.com\\\/tapasmagazine\",\"https:\\\/\\\/x.com\\\/TapasMagazine\",\"https:\\\/\\\/www.instagram.com\\\/tapasmagazine\\\/\",\"https:\\\/\\\/www.linkedin.com\\\/company\\\/tapas-magazine\",\"https:\\\/\\\/es.pinterest.com\\\/tapasmagazine\\\/\",\"https:\\\/\\\/www.youtube.com\\\/channel\\\/UCEyxneAaACuR0lfDagrWjjg?sub_confirmation=1\"]},{\"@type\":\"Person\",\"@id\":\"https:\\\/\\\/www.tapasmagazine.es\\\/#\\\/schema\\\/person\\\/eb46cbe76a9c8f062660eb609e3ecb4e\",\"name\":\"Laura P\u00e9rez\",\"url\":\"https:\\\/\\\/www.tapasmagazine.es\\\/en\\\/author\\\/laura-perez\\\/\"}]}<\/script>\n<!-- \/ Yoast SEO plugin. -->","yoast_head_json":{"title":"Jenna Ortega shares her 'decompression' routine after shoots - Tapas","description":"Click here to read the Spanish version. After experiencing her stellar era with 'Wednesday', the spotlight is now turning back to Jenna Ortega for her","robots":{"index":"index","follow":"follow","max-snippet":"max-snippet:-1","max-image-preview":"max-image-preview:large","max-video-preview":"max-video-preview:-1"},"canonical":"https:\/\/www.tapasmagazine.es\/en\/jenna-ortega-shares-descompression-routine-after-shoots\/","og_locale":"en_US","og_type":"article","og_title":"Jenna Ortega shares her 'decompression' routine after shoots - Tapas","og_description":"Click here to read the Spanish version. After experiencing her stellar era with 'Wednesday', the spotlight is now turning back to Jenna Ortega for her","og_url":"https:\/\/www.tapasmagazine.es\/en\/jenna-ortega-shares-descompression-routine-after-shoots\/","og_site_name":"Tapas","article_publisher":"https:\/\/www.facebook.com\/tapasmagazine","article_published_time":"2024-09-02T07:40:36+00:00","article_modified_time":"2024-09-02T07:44:42+00:00","og_image":[{"width":1200,"height":675,"url":"https:\/\/www.tapasmagazine.es\/wp-content\/uploads\/2024\/09\/jenna-ortega.jpg","type":"image\/jpeg"}],"author":"Laura P\u00e9rez","twitter_card":"summary_large_image","twitter_creator":"@TapasMagazine","twitter_site":"@TapasMagazine","twitter_misc":{"Written by":"Laura P\u00e9rez","Est. reading time":"2 minutes"},"schema":{"@context":"https:\/\/schema.org","@graph":[{"@type":"Article","@id":"https:\/\/www.tapasmagazine.es\/en\/jenna-ortega-shares-descompression-routine-after-shoots\/#article","isPartOf":{"@id":"https:\/\/www.tapasmagazine.es\/en\/jenna-ortega-shares-descompression-routine-after-shoots\/"},"author":{"name":"Laura P\u00e9rez","@id":"https:\/\/www.tapasmagazine.es\/#\/schema\/person\/eb46cbe76a9c8f062660eb609e3ecb4e"},"headline":"Jenna Ortega shares her &#8216;decompression&#8217; routine after shoots","datePublished":"2024-09-02T07:40:36+00:00","dateModified":"2024-09-02T07:44:42+00:00","mainEntityOfPage":{"@id":"https:\/\/www.tapasmagazine.es\/en\/jenna-ortega-shares-descompression-routine-after-shoots\/"},"wordCount":224,"publisher":{"@id":"https:\/\/www.tapasmagazine.es\/#organization"},"image":{"@id":"https:\/\/www.tapasmagazine.es\/en\/jenna-ortega-shares-descompression-routine-after-shoots\/#primaryimage"},"thumbnailUrl":"https:\/\/www.tapasmagazine.es\/wp-content\/uploads\/2024\/09\/jenna-ortega.jpg","articleSection":["Nombres propios","Personajes","Sin categorizar"],"inLanguage":"en-US"},{"@type":"WebPage","@id":"https:\/\/www.tapasmagazine.es\/en\/jenna-ortega-shares-descompression-routine-after-shoots\/","url":"https:\/\/www.tapasmagazine.es\/en\/jenna-ortega-shares-descompression-routine-after-shoots\/","name":"Jenna Ortega shares her 'decompression' routine after shoots - Tapas","isPartOf":{"@id":"https:\/\/www.tapasmagazine.es\/#website"},"primaryImageOfPage":{"@id":"https:\/\/www.tapasmagazine.es\/en\/jenna-ortega-shares-descompression-routine-after-shoots\/#primaryimage"},"image":{"@id":"https:\/\/www.tapasmagazine.es\/en\/jenna-ortega-shares-descompression-routine-after-shoots\/#primaryimage"},"thumbnailUrl":"https:\/\/www.tapasmagazine.es\/wp-content\/uploads\/2024\/09\/jenna-ortega.jpg","datePublished":"2024-09-02T07:40:36+00:00","dateModified":"2024-09-02T07:44:42+00:00","description":"Click here to read the Spanish version. After experiencing her stellar era with 'Wednesday', the spotlight is now turning back to Jenna Ortega for her","breadcrumb":{"@id":"https:\/\/www.tapasmagazine.es\/en\/jenna-ortega-shares-descompression-routine-after-shoots\/#breadcrumb"},"inLanguage":"en-US","potentialAction":[{"@type":"ReadAction","target":["https:\/\/www.tapasmagazine.es\/en\/jenna-ortega-shares-descompression-routine-after-shoots\/"]}]},{"@type":"ImageObject","inLanguage":"en-US","@id":"https:\/\/www.tapasmagazine.es\/en\/jenna-ortega-shares-descompression-routine-after-shoots\/#primaryimage","url":"https:\/\/www.tapasmagazine.es\/wp-content\/uploads\/2024\/09\/jenna-ortega.jpg","contentUrl":"https:\/\/www.tapasmagazine.es\/wp-content\/uploads\/2024\/09\/jenna-ortega.jpg","width":1200,"height":675},{"@type":"BreadcrumbList","@id":"https:\/\/www.tapasmagazine.es\/en\/jenna-ortega-shares-descompression-routine-after-shoots\/#breadcrumb","itemListElement":[{"@type":"ListItem","position":1,"name":"Portada","item":"https:\/\/www.tapasmagazine.es\/"},{"@type":"ListItem","position":2,"name":"Sin categorizar","item":"https:\/\/www.tapasmagazine.es\/categorias\/sin-categorizar\/"},{"@type":"ListItem","position":3,"name":"Jenna Ortega shares her &#8216;decompression&#8217; routine after shoots"}]},{"@type":"WebSite","@id":"https:\/\/www.tapasmagazine.es\/#website","url":"https:\/\/www.tapasmagazine.es\/","name":"Tapas","description":"\u00d1am \u00d1am Lifestyle. La vida a bocados. Premio Nacional de Gastronom\u00eda 2016.","publisher":{"@id":"https:\/\/www.tapasmagazine.es\/#organization"},"potentialAction":[{"@type":"SearchAction","target":{"@type":"EntryPoint","urlTemplate":"https:\/\/www.tapasmagazine.es\/?s={search_term_string}"},"query-input":{"@type":"PropertyValueSpecification","valueRequired":true,"valueName":"search_term_string"}}],"inLanguage":"en-US"},{"@type":"Organization","@id":"https:\/\/www.tapasmagazine.es\/#organization","name":"Tapas Magazine","url":"https:\/\/www.tapasmagazine.es\/","logo":{"@type":"ImageObject","inLanguage":"en-US","@id":"https:\/\/www.tapasmagazine.es\/#\/schema\/logo\/image\/","url":"https:\/\/www.tapasmagazine.es\/wp-content\/uploads\/2018\/01\/logo.png","contentUrl":"https:\/\/www.tapasmagazine.es\/wp-content\/uploads\/2018\/01\/logo.png","width":180,"height":60,"caption":"Tapas Magazine"},"image":{"@id":"https:\/\/www.tapasmagazine.es\/#\/schema\/logo\/image\/"},"sameAs":["https:\/\/www.facebook.com\/tapasmagazine","https:\/\/x.com\/TapasMagazine","https:\/\/www.instagram.com\/tapasmagazine\/","https:\/\/www.linkedin.com\/company\/tapas-magazine","https:\/\/es.pinterest.com\/tapasmagazine\/","https:\/\/www.youtube.com\/channel\/UCEyxneAaACuR0lfDagrWjjg?sub_confirmation=1"]},{"@type":"Person","@id":"https:\/\/www.tapasmagazine.es\/#\/schema\/person\/eb46cbe76a9c8f062660eb609e3ecb4e","name":"Laura P\u00e9rez","url":"https:\/\/www.tapasmagazine.es\/en\/author\/laura-perez\/"}]}},"_links":{"self":[{"href":"https:\/\/www.tapasmagazine.es\/en\/wp-json\/wp\/v2\/posts\/260904","targetHints":{"allow":["GET"]}}],"collection":[{"href":"https:\/\/www.tapasmagazine.es\/en\/wp-json\/wp\/v2\/posts"}],"about":[{"href":"https:\/\/www.tapasmagazine.es\/en\/wp-json\/wp\/v2\/types\/post"}],"author":[{"embeddable":true,"href":"https:\/\/www.tapasmagazine.es\/en\/wp-json\/wp\/v2\/users\/285"}],"replies":[{"embeddable":true,"href":"https:\/\/www.tapasmagazine.es\/en\/wp-json\/wp\/v2\/comments?post=260904"}],"version-history":[{"count":2,"href":"https:\/\/www.tapasmagazine.es\/en\/wp-json\/wp\/v2\/posts\/260904\/revisions"}],"predecessor-version":[{"id":260909,"href":"https:\/\/www.tapasmagazine.es\/en\/wp-json\/wp\/v2\/posts\/260904\/revisions\/260909"}],"wp:featuredmedia":[{"embeddable":true,"href":"https:\/\/www.tapasmagazine.es\/en\/wp-json\/wp\/v2\/media\/260900"}],"wp:attachment":[{"href":"https:\/\/www.tapasmagazine.es\/en\/wp-json\/wp\/v2\/media?parent=260904"}],"wp:term":[{"taxonomy":"category","embeddable":true,"href":"https:\/\/www.tapasmagazine.es\/en\/wp-json\/wp\/v2\/categories?post=260904"},{"taxonomy":"post_tag","embeddable":true,"href":"https:\/\/www.tapasmagazine.es\/en\/wp-json\/wp\/v2\/tags?post=260904"}],"curies":[{"name":"wp","href":"https:\/\/api.w.org\/{rel}","templated":true}]}}