{"id":260815,"date":"2024-08-30T12:29:33","date_gmt":"2024-08-30T10:29:33","guid":{"rendered":"https:\/\/www.tapasmagazine.es\/de-jose-andres-a-nancy-silverton-estos-son-los-chefs-del-colectivo-cooking-for-kamala\/"},"modified":"2024-08-30T12:37:34","modified_gmt":"2024-08-30T10:37:34","slug":"from-jose-andres-to-nancy-silverton-these-are-chefs-cooking-for-kamala-collective","status":"publish","type":"post","link":"https:\/\/www.tapasmagazine.es\/en\/from-jose-andres-to-nancy-silverton-these-are-chefs-cooking-for-kamala-collective\/","title":{"rendered":"From Jos\u00e9 Andr\u00e9s to Nancy Silverton: these are the chefs of the &#8216;Cooking for Kamala&#8217; collective"},"content":{"rendered":"\n<p><strong>Click <a href=\"https:\/\/www.tapasmagazine.es\/de-jose-andres-a-nancy-silverton-estos-son-los-chefs-del-colectivo-cooking-for-kamala\/\" target=\"_blank\" rel=\"noreferrer noopener\">here<\/a> to read the Spanish version.<\/strong><\/p>\n\n\n\n<p>From chef <strong>Jos\u00e9 Andr\u00e9s<\/strong> to American <strong>Niki Nayama<\/strong> have rallied around the figure of Kamala Harris to support the presidential candidate with the most culinary skills on the political scene.<\/p>\n\n\n\n<p>The &#8216;<strong><a href=\"https:\/\/www.instagram.com\/cooking4kamala\/?utm_source=ig_embed&amp;ig_rid=c012a730-276a-470f-ae13-2d90a20d33ab\" target=\"_blank\" rel=\"noreferrer noopener\">Cooking for Kamala<\/a><\/strong>&#8216; program is a grassroots project that began cooking in early August, just as Harris became the Democratic presidential nominee. That idea would lead to a big event at Zoom that would take place yesterday, Aug. 29.<\/p>\n\n\n\n<p>The initiative, started by Congressman<strong> Eric Swalwell<\/strong> (CA-14), brought together dozens of celebrity chefs for a live fundraiser hosted by <strong>Padma Lakshmi<\/strong> and<strong> Joel McHale<\/strong>.<\/p>\n\n\n\n<figure class=\"wp-block-embed is-type-video is-provider-tiktok wp-block-embed-tiktok\"><div class=\"wp-block-embed__wrapper\">\n<blockquote class=\"tiktok-embed\" cite=\"https:\/\/www.tiktok.com\/@swalwelleric\/video\/7408628818140728607\" data-video-id=\"7408628818140728607\" data-embed-from=\"oembed\" style=\"max-width:605px; min-width:325px;\"> <section> <a target=\"_blank\" title=\"@swalwelleric\" href=\"https:\/\/www.tiktok.com\/@swalwelleric?refer=embed\">@swalwelleric<\/a> <p>Join us for COOKING FOR KAMALA at 8PM ET TONIGHT with culinary icon @Jos\u00e9 Andr\u00e9s and America\u2019s top chefs as we come together to support our future President Kamala Harris. Tune into the free livestream co-hosted by @Padma Lakshmi &#038; @Joel McHale  Sign up\u00a0\u00a0\ud83d\udc49CookingForKamala.com<\/p> <a target=\"_blank\" title=\"\u266c original sound - swalwell\" href=\"https:\/\/www.tiktok.com\/music\/original-sound-7408628739795700511?refer=embed\">\u266c original sound &#8211; swalwell<\/a> <\/section> <\/blockquote> <script async src=\"https:\/\/www.tiktok.com\/embed.js\"><\/script>\n<\/div><\/figure>\n\n\n\n<p>The collective &#8211; led by chefs Suzanne Goin, Susan Feniger and Stuart O&#8217;Keefe &#8211; aimed to raise support and funds for Harris&#8217; campaign while celebrating her powerful figure and legacy on the political stage.<\/p>\n\n\n\n<p>The 90-minute virtual event featured Goin in his kitchen preparing Harris&#8217; recipe for whole herb-roasted chicken. Participants could shop for ingredients in an &#8216;a la carte cooking&#8217; format, enlivened by chefs weighing in with cooking tips, side dish suggestions, answers to cooking questions and more.<\/p>\n\n\n\n<h2 class=\"wp-block-heading\">Participating Chefs<\/h2>\n\n\n\n<p>Michelin-starred, James Beard Award winners, celebrity chefs and more culinary legends will prepare Harris&#8217; classic fowl dish during the convocation.<\/p>\n\n\n\n<figure class=\"wp-block-embed aligncenter is-type-rich is-provider-twitter wp-block-embed-twitter\"><div class=\"wp-block-embed__wrapper\">\n<blockquote class=\"twitter-tweet\" data-width=\"550\" data-dnt=\"true\"><p lang=\"en\" dir=\"ltr\">Freshly baked coconut cookies straight out of the coconut tree!!! \ud83e\udd65\ud83c\udf34 <a href=\"https:\/\/twitter.com\/hashtag\/CookingForKamala?src=hash&amp;ref_src=twsrc%5Etfw\">#CookingForKamala<\/a><a href=\"https:\/\/t.co\/f38gyQyEy7\">https:\/\/t.co\/f38gyQyEy7<\/a> <a href=\"https:\/\/t.co\/30OlfqGBxx\">pic.twitter.com\/30OlfqGBxx<\/a><\/p>&mdash; Eric Swalwell (@ericswalwell) <a href=\"https:\/\/twitter.com\/ericswalwell\/status\/1829343649056112765?ref_src=twsrc%5Etfw\">August 30, 2024<\/a><\/blockquote><script async src=\"https:\/\/platform.twitter.com\/widgets.js\" charset=\"utf-8\"><\/script>\n<\/div><\/figure>\n\n\n\n<p><strong>Participating chefs<\/strong> included: Jos\u00e9 Andr\u00e9s, Tom Colicchio, Ruth Reichl, Bricia Lopez, Mary Sue Milliken, Molly Baz, Nancy Silverton Jonathan Waxman, Carla Hall, Gail Simmons, Cat Cora, Susan Feniger, Suzanne Goin, Stuart O&#8217;Keeffe, Niki Nakayama, Carole Iida-Nakayama, April Bloomfield, Art Smith, Nyesha Arrington, Nancy Oakes, Chris Bianco, Brooke Williamson, Caleb Zigas, Meherwan Irani, Elizabeth Falkner, Herb Wilson, Zac Young, Steve Samson, Dina Samson, Neal Fraser, Josiah Citrin, Connor Franta, Akasha Richmond, Curtis Aikens, Traci Des Jardins, Jody Adams, Ben Ford and Cherry Yard.<\/p>\n","protected":false},"excerpt":{"rendered":"<p>Click here to read the Spanish version. From chef Jos\u00e9 Andr\u00e9s to American Niki Nayama have rallied around the figure of Kamala Harris to support the presidential candidate with the most culinary skills on the political scene. The &#8216;Cooking for Kamala&#8216; program is a grassroots project that began cooking in early August, just as Harris [&hellip;]<\/p>\n","protected":false},"author":285,"featured_media":260808,"comment_status":"closed","ping_status":"closed","sticky":false,"template":"","format":"standard","meta":{"_acf_changed":false,"footnotes":""},"categories":[15848,15851,15910],"tags":[],"class_list":["post-260815","post","type-post","status-publish","format-standard","has-post-thumbnail","hentry","category-chefs-en","category-nombres-propios-en","category-personajes-en","cat-15848-id","cat-15851-id","cat-15910-id"],"acf":[],"yoast_head":"<!-- This site is optimized with the Yoast SEO plugin v27.4 - https:\/\/yoast.com\/product\/yoast-seo-wordpress\/ -->\n<title>These are the chefs of the collective &#039;Cooking for Kamala&#039;<\/title>\n<meta name=\"description\" content=\"Click here to read the Spanish version. From chef Jos\u00e9 Andr\u00e9s to American Niki Nayama have rallied around the figure of Kamala Harris to support the\" \/>\n<meta name=\"robots\" content=\"index, follow, max-snippet:-1, max-image-preview:large, max-video-preview:-1\" \/>\n<link rel=\"canonical\" href=\"https:\/\/www.tapasmagazine.es\/en\/from-jose-andres-to-nancy-silverton-these-are-chefs-cooking-for-kamala-collective\/\" \/>\n<meta property=\"og:locale\" content=\"en_US\" \/>\n<meta property=\"og:type\" content=\"article\" \/>\n<meta property=\"og:title\" content=\"These are the chefs of the collective &#039;Cooking for Kamala&#039;\" \/>\n<meta property=\"og:description\" content=\"Click here to read the Spanish version. From chef Jos\u00e9 Andr\u00e9s to American Niki Nayama have rallied around the figure of Kamala Harris to support the\" \/>\n<meta property=\"og:url\" content=\"https:\/\/www.tapasmagazine.es\/en\/from-jose-andres-to-nancy-silverton-these-are-chefs-cooking-for-kamala-collective\/\" \/>\n<meta property=\"og:site_name\" content=\"Tapas\" \/>\n<meta property=\"article:publisher\" content=\"https:\/\/www.facebook.com\/tapasmagazine\" \/>\n<meta property=\"article:published_time\" content=\"2024-08-30T10:29:33+00:00\" \/>\n<meta property=\"article:modified_time\" content=\"2024-08-30T10:37:34+00:00\" \/>\n<meta property=\"og:image\" content=\"https:\/\/www.tapasmagazine.es\/wp-content\/uploads\/2024\/08\/kamala-harris-1.jpg\" \/>\n\t<meta property=\"og:image:width\" content=\"1200\" \/>\n\t<meta property=\"og:image:height\" content=\"675\" \/>\n\t<meta property=\"og:image:type\" content=\"image\/jpeg\" \/>\n<meta name=\"author\" content=\"Laura P\u00e9rez\" \/>\n<meta name=\"twitter:card\" content=\"summary_large_image\" \/>\n<meta name=\"twitter:creator\" content=\"@TapasMagazine\" \/>\n<meta name=\"twitter:site\" content=\"@TapasMagazine\" \/>\n<meta name=\"twitter:label1\" content=\"Written by\" \/>\n\t<meta name=\"twitter:data1\" content=\"Laura P\u00e9rez\" \/>\n\t<meta name=\"twitter:label2\" content=\"Est. reading time\" \/>\n\t<meta name=\"twitter:data2\" content=\"2 minutes\" \/>\n<script type=\"application\/ld+json\" class=\"yoast-schema-graph\">{\"@context\":\"https:\\\/\\\/schema.org\",\"@graph\":[{\"@type\":\"Article\",\"@id\":\"https:\\\/\\\/www.tapasmagazine.es\\\/en\\\/from-jose-andres-to-nancy-silverton-these-are-chefs-cooking-for-kamala-collective\\\/#article\",\"isPartOf\":{\"@id\":\"https:\\\/\\\/www.tapasmagazine.es\\\/en\\\/from-jose-andres-to-nancy-silverton-these-are-chefs-cooking-for-kamala-collective\\\/\"},\"author\":{\"name\":\"Laura P\u00e9rez\",\"@id\":\"https:\\\/\\\/www.tapasmagazine.es\\\/#\\\/schema\\\/person\\\/eb46cbe76a9c8f062660eb609e3ecb4e\"},\"headline\":\"From Jos\u00e9 Andr\u00e9s to Nancy Silverton: these are the chefs of the &#8216;Cooking for Kamala&#8217; collective\",\"datePublished\":\"2024-08-30T10:29:33+00:00\",\"dateModified\":\"2024-08-30T10:37:34+00:00\",\"mainEntityOfPage\":{\"@id\":\"https:\\\/\\\/www.tapasmagazine.es\\\/en\\\/from-jose-andres-to-nancy-silverton-these-are-chefs-cooking-for-kamala-collective\\\/\"},\"wordCount\":326,\"publisher\":{\"@id\":\"https:\\\/\\\/www.tapasmagazine.es\\\/#organization\"},\"image\":{\"@id\":\"https:\\\/\\\/www.tapasmagazine.es\\\/en\\\/from-jose-andres-to-nancy-silverton-these-are-chefs-cooking-for-kamala-collective\\\/#primaryimage\"},\"thumbnailUrl\":\"https:\\\/\\\/www.tapasmagazine.es\\\/wp-content\\\/uploads\\\/2024\\\/08\\\/kamala-harris-1.jpg\",\"articleSection\":[\"Chefs\",\"Nombres propios\",\"Personajes\"],\"inLanguage\":\"en-US\"},{\"@type\":\"WebPage\",\"@id\":\"https:\\\/\\\/www.tapasmagazine.es\\\/en\\\/from-jose-andres-to-nancy-silverton-these-are-chefs-cooking-for-kamala-collective\\\/\",\"url\":\"https:\\\/\\\/www.tapasmagazine.es\\\/en\\\/from-jose-andres-to-nancy-silverton-these-are-chefs-cooking-for-kamala-collective\\\/\",\"name\":\"These are the chefs of the collective 'Cooking for Kamala'\",\"isPartOf\":{\"@id\":\"https:\\\/\\\/www.tapasmagazine.es\\\/#website\"},\"primaryImageOfPage\":{\"@id\":\"https:\\\/\\\/www.tapasmagazine.es\\\/en\\\/from-jose-andres-to-nancy-silverton-these-are-chefs-cooking-for-kamala-collective\\\/#primaryimage\"},\"image\":{\"@id\":\"https:\\\/\\\/www.tapasmagazine.es\\\/en\\\/from-jose-andres-to-nancy-silverton-these-are-chefs-cooking-for-kamala-collective\\\/#primaryimage\"},\"thumbnailUrl\":\"https:\\\/\\\/www.tapasmagazine.es\\\/wp-content\\\/uploads\\\/2024\\\/08\\\/kamala-harris-1.jpg\",\"datePublished\":\"2024-08-30T10:29:33+00:00\",\"dateModified\":\"2024-08-30T10:37:34+00:00\",\"description\":\"Click here to read the Spanish version. From chef Jos\u00e9 Andr\u00e9s to American Niki Nayama have rallied around the figure of Kamala Harris to support the\",\"breadcrumb\":{\"@id\":\"https:\\\/\\\/www.tapasmagazine.es\\\/en\\\/from-jose-andres-to-nancy-silverton-these-are-chefs-cooking-for-kamala-collective\\\/#breadcrumb\"},\"inLanguage\":\"en-US\",\"potentialAction\":[{\"@type\":\"ReadAction\",\"target\":[\"https:\\\/\\\/www.tapasmagazine.es\\\/en\\\/from-jose-andres-to-nancy-silverton-these-are-chefs-cooking-for-kamala-collective\\\/\"]}]},{\"@type\":\"ImageObject\",\"inLanguage\":\"en-US\",\"@id\":\"https:\\\/\\\/www.tapasmagazine.es\\\/en\\\/from-jose-andres-to-nancy-silverton-these-are-chefs-cooking-for-kamala-collective\\\/#primaryimage\",\"url\":\"https:\\\/\\\/www.tapasmagazine.es\\\/wp-content\\\/uploads\\\/2024\\\/08\\\/kamala-harris-1.jpg\",\"contentUrl\":\"https:\\\/\\\/www.tapasmagazine.es\\\/wp-content\\\/uploads\\\/2024\\\/08\\\/kamala-harris-1.jpg\",\"width\":1200,\"height\":675},{\"@type\":\"BreadcrumbList\",\"@id\":\"https:\\\/\\\/www.tapasmagazine.es\\\/en\\\/from-jose-andres-to-nancy-silverton-these-are-chefs-cooking-for-kamala-collective\\\/#breadcrumb\",\"itemListElement\":[{\"@type\":\"ListItem\",\"position\":1,\"name\":\"Portada\",\"item\":\"https:\\\/\\\/www.tapasmagazine.es\\\/\"},{\"@type\":\"ListItem\",\"position\":2,\"name\":\"Nombres propios\",\"item\":\"https:\\\/\\\/www.tapasmagazine.es\\\/en\\\/categorias\\\/nombres-propios-en\\\/\"},{\"@type\":\"ListItem\",\"position\":3,\"name\":\"From Jos\u00e9 Andr\u00e9s to Nancy Silverton: these are the chefs of the &#8216;Cooking for Kamala&#8217; collective\"}]},{\"@type\":\"WebSite\",\"@id\":\"https:\\\/\\\/www.tapasmagazine.es\\\/#website\",\"url\":\"https:\\\/\\\/www.tapasmagazine.es\\\/\",\"name\":\"Tapas\",\"description\":\"\u00d1am \u00d1am Lifestyle. La vida a bocados. Premio Nacional de Gastronom\u00eda 2016.\",\"publisher\":{\"@id\":\"https:\\\/\\\/www.tapasmagazine.es\\\/#organization\"},\"potentialAction\":[{\"@type\":\"SearchAction\",\"target\":{\"@type\":\"EntryPoint\",\"urlTemplate\":\"https:\\\/\\\/www.tapasmagazine.es\\\/?s={search_term_string}\"},\"query-input\":{\"@type\":\"PropertyValueSpecification\",\"valueRequired\":true,\"valueName\":\"search_term_string\"}}],\"inLanguage\":\"en-US\"},{\"@type\":\"Organization\",\"@id\":\"https:\\\/\\\/www.tapasmagazine.es\\\/#organization\",\"name\":\"Tapas Magazine\",\"url\":\"https:\\\/\\\/www.tapasmagazine.es\\\/\",\"logo\":{\"@type\":\"ImageObject\",\"inLanguage\":\"en-US\",\"@id\":\"https:\\\/\\\/www.tapasmagazine.es\\\/#\\\/schema\\\/logo\\\/image\\\/\",\"url\":\"https:\\\/\\\/www.tapasmagazine.es\\\/wp-content\\\/uploads\\\/2018\\\/01\\\/logo.png\",\"contentUrl\":\"https:\\\/\\\/www.tapasmagazine.es\\\/wp-content\\\/uploads\\\/2018\\\/01\\\/logo.png\",\"width\":180,\"height\":60,\"caption\":\"Tapas Magazine\"},\"image\":{\"@id\":\"https:\\\/\\\/www.tapasmagazine.es\\\/#\\\/schema\\\/logo\\\/image\\\/\"},\"sameAs\":[\"https:\\\/\\\/www.facebook.com\\\/tapasmagazine\",\"https:\\\/\\\/x.com\\\/TapasMagazine\",\"https:\\\/\\\/www.instagram.com\\\/tapasmagazine\\\/\",\"https:\\\/\\\/www.linkedin.com\\\/company\\\/tapas-magazine\",\"https:\\\/\\\/es.pinterest.com\\\/tapasmagazine\\\/\",\"https:\\\/\\\/www.youtube.com\\\/channel\\\/UCEyxneAaACuR0lfDagrWjjg?sub_confirmation=1\"]},{\"@type\":\"Person\",\"@id\":\"https:\\\/\\\/www.tapasmagazine.es\\\/#\\\/schema\\\/person\\\/eb46cbe76a9c8f062660eb609e3ecb4e\",\"name\":\"Laura P\u00e9rez\",\"url\":\"https:\\\/\\\/www.tapasmagazine.es\\\/en\\\/author\\\/laura-perez\\\/\"}]}<\/script>\n<!-- \/ Yoast SEO plugin. -->","yoast_head_json":{"title":"These are the chefs of the collective 'Cooking for Kamala'","description":"Click here to read the Spanish version. From chef Jos\u00e9 Andr\u00e9s to American Niki Nayama have rallied around the figure of Kamala Harris to support the","robots":{"index":"index","follow":"follow","max-snippet":"max-snippet:-1","max-image-preview":"max-image-preview:large","max-video-preview":"max-video-preview:-1"},"canonical":"https:\/\/www.tapasmagazine.es\/en\/from-jose-andres-to-nancy-silverton-these-are-chefs-cooking-for-kamala-collective\/","og_locale":"en_US","og_type":"article","og_title":"These are the chefs of the collective 'Cooking for Kamala'","og_description":"Click here to read the Spanish version. From chef Jos\u00e9 Andr\u00e9s to American Niki Nayama have rallied around the figure of Kamala Harris to support the","og_url":"https:\/\/www.tapasmagazine.es\/en\/from-jose-andres-to-nancy-silverton-these-are-chefs-cooking-for-kamala-collective\/","og_site_name":"Tapas","article_publisher":"https:\/\/www.facebook.com\/tapasmagazine","article_published_time":"2024-08-30T10:29:33+00:00","article_modified_time":"2024-08-30T10:37:34+00:00","og_image":[{"width":1200,"height":675,"url":"https:\/\/www.tapasmagazine.es\/wp-content\/uploads\/2024\/08\/kamala-harris-1.jpg","type":"image\/jpeg"}],"author":"Laura P\u00e9rez","twitter_card":"summary_large_image","twitter_creator":"@TapasMagazine","twitter_site":"@TapasMagazine","twitter_misc":{"Written by":"Laura P\u00e9rez","Est. reading time":"2 minutes"},"schema":{"@context":"https:\/\/schema.org","@graph":[{"@type":"Article","@id":"https:\/\/www.tapasmagazine.es\/en\/from-jose-andres-to-nancy-silverton-these-are-chefs-cooking-for-kamala-collective\/#article","isPartOf":{"@id":"https:\/\/www.tapasmagazine.es\/en\/from-jose-andres-to-nancy-silverton-these-are-chefs-cooking-for-kamala-collective\/"},"author":{"name":"Laura P\u00e9rez","@id":"https:\/\/www.tapasmagazine.es\/#\/schema\/person\/eb46cbe76a9c8f062660eb609e3ecb4e"},"headline":"From Jos\u00e9 Andr\u00e9s to Nancy Silverton: these are the chefs of the &#8216;Cooking for Kamala&#8217; collective","datePublished":"2024-08-30T10:29:33+00:00","dateModified":"2024-08-30T10:37:34+00:00","mainEntityOfPage":{"@id":"https:\/\/www.tapasmagazine.es\/en\/from-jose-andres-to-nancy-silverton-these-are-chefs-cooking-for-kamala-collective\/"},"wordCount":326,"publisher":{"@id":"https:\/\/www.tapasmagazine.es\/#organization"},"image":{"@id":"https:\/\/www.tapasmagazine.es\/en\/from-jose-andres-to-nancy-silverton-these-are-chefs-cooking-for-kamala-collective\/#primaryimage"},"thumbnailUrl":"https:\/\/www.tapasmagazine.es\/wp-content\/uploads\/2024\/08\/kamala-harris-1.jpg","articleSection":["Chefs","Nombres propios","Personajes"],"inLanguage":"en-US"},{"@type":"WebPage","@id":"https:\/\/www.tapasmagazine.es\/en\/from-jose-andres-to-nancy-silverton-these-are-chefs-cooking-for-kamala-collective\/","url":"https:\/\/www.tapasmagazine.es\/en\/from-jose-andres-to-nancy-silverton-these-are-chefs-cooking-for-kamala-collective\/","name":"These are the chefs of the collective 'Cooking for Kamala'","isPartOf":{"@id":"https:\/\/www.tapasmagazine.es\/#website"},"primaryImageOfPage":{"@id":"https:\/\/www.tapasmagazine.es\/en\/from-jose-andres-to-nancy-silverton-these-are-chefs-cooking-for-kamala-collective\/#primaryimage"},"image":{"@id":"https:\/\/www.tapasmagazine.es\/en\/from-jose-andres-to-nancy-silverton-these-are-chefs-cooking-for-kamala-collective\/#primaryimage"},"thumbnailUrl":"https:\/\/www.tapasmagazine.es\/wp-content\/uploads\/2024\/08\/kamala-harris-1.jpg","datePublished":"2024-08-30T10:29:33+00:00","dateModified":"2024-08-30T10:37:34+00:00","description":"Click here to read the Spanish version. From chef Jos\u00e9 Andr\u00e9s to American Niki Nayama have rallied around the figure of Kamala Harris to support the","breadcrumb":{"@id":"https:\/\/www.tapasmagazine.es\/en\/from-jose-andres-to-nancy-silverton-these-are-chefs-cooking-for-kamala-collective\/#breadcrumb"},"inLanguage":"en-US","potentialAction":[{"@type":"ReadAction","target":["https:\/\/www.tapasmagazine.es\/en\/from-jose-andres-to-nancy-silverton-these-are-chefs-cooking-for-kamala-collective\/"]}]},{"@type":"ImageObject","inLanguage":"en-US","@id":"https:\/\/www.tapasmagazine.es\/en\/from-jose-andres-to-nancy-silverton-these-are-chefs-cooking-for-kamala-collective\/#primaryimage","url":"https:\/\/www.tapasmagazine.es\/wp-content\/uploads\/2024\/08\/kamala-harris-1.jpg","contentUrl":"https:\/\/www.tapasmagazine.es\/wp-content\/uploads\/2024\/08\/kamala-harris-1.jpg","width":1200,"height":675},{"@type":"BreadcrumbList","@id":"https:\/\/www.tapasmagazine.es\/en\/from-jose-andres-to-nancy-silverton-these-are-chefs-cooking-for-kamala-collective\/#breadcrumb","itemListElement":[{"@type":"ListItem","position":1,"name":"Portada","item":"https:\/\/www.tapasmagazine.es\/"},{"@type":"ListItem","position":2,"name":"Nombres propios","item":"https:\/\/www.tapasmagazine.es\/en\/categorias\/nombres-propios-en\/"},{"@type":"ListItem","position":3,"name":"From Jos\u00e9 Andr\u00e9s to Nancy Silverton: these are the chefs of the &#8216;Cooking for Kamala&#8217; collective"}]},{"@type":"WebSite","@id":"https:\/\/www.tapasmagazine.es\/#website","url":"https:\/\/www.tapasmagazine.es\/","name":"Tapas","description":"\u00d1am \u00d1am Lifestyle. La vida a bocados. Premio Nacional de Gastronom\u00eda 2016.","publisher":{"@id":"https:\/\/www.tapasmagazine.es\/#organization"},"potentialAction":[{"@type":"SearchAction","target":{"@type":"EntryPoint","urlTemplate":"https:\/\/www.tapasmagazine.es\/?s={search_term_string}"},"query-input":{"@type":"PropertyValueSpecification","valueRequired":true,"valueName":"search_term_string"}}],"inLanguage":"en-US"},{"@type":"Organization","@id":"https:\/\/www.tapasmagazine.es\/#organization","name":"Tapas Magazine","url":"https:\/\/www.tapasmagazine.es\/","logo":{"@type":"ImageObject","inLanguage":"en-US","@id":"https:\/\/www.tapasmagazine.es\/#\/schema\/logo\/image\/","url":"https:\/\/www.tapasmagazine.es\/wp-content\/uploads\/2018\/01\/logo.png","contentUrl":"https:\/\/www.tapasmagazine.es\/wp-content\/uploads\/2018\/01\/logo.png","width":180,"height":60,"caption":"Tapas Magazine"},"image":{"@id":"https:\/\/www.tapasmagazine.es\/#\/schema\/logo\/image\/"},"sameAs":["https:\/\/www.facebook.com\/tapasmagazine","https:\/\/x.com\/TapasMagazine","https:\/\/www.instagram.com\/tapasmagazine\/","https:\/\/www.linkedin.com\/company\/tapas-magazine","https:\/\/es.pinterest.com\/tapasmagazine\/","https:\/\/www.youtube.com\/channel\/UCEyxneAaACuR0lfDagrWjjg?sub_confirmation=1"]},{"@type":"Person","@id":"https:\/\/www.tapasmagazine.es\/#\/schema\/person\/eb46cbe76a9c8f062660eb609e3ecb4e","name":"Laura P\u00e9rez","url":"https:\/\/www.tapasmagazine.es\/en\/author\/laura-perez\/"}]}},"_links":{"self":[{"href":"https:\/\/www.tapasmagazine.es\/en\/wp-json\/wp\/v2\/posts\/260815","targetHints":{"allow":["GET"]}}],"collection":[{"href":"https:\/\/www.tapasmagazine.es\/en\/wp-json\/wp\/v2\/posts"}],"about":[{"href":"https:\/\/www.tapasmagazine.es\/en\/wp-json\/wp\/v2\/types\/post"}],"author":[{"embeddable":true,"href":"https:\/\/www.tapasmagazine.es\/en\/wp-json\/wp\/v2\/users\/285"}],"replies":[{"embeddable":true,"href":"https:\/\/www.tapasmagazine.es\/en\/wp-json\/wp\/v2\/comments?post=260815"}],"version-history":[{"count":2,"href":"https:\/\/www.tapasmagazine.es\/en\/wp-json\/wp\/v2\/posts\/260815\/revisions"}],"predecessor-version":[{"id":260822,"href":"https:\/\/www.tapasmagazine.es\/en\/wp-json\/wp\/v2\/posts\/260815\/revisions\/260822"}],"wp:featuredmedia":[{"embeddable":true,"href":"https:\/\/www.tapasmagazine.es\/en\/wp-json\/wp\/v2\/media\/260808"}],"wp:attachment":[{"href":"https:\/\/www.tapasmagazine.es\/en\/wp-json\/wp\/v2\/media?parent=260815"}],"wp:term":[{"taxonomy":"category","embeddable":true,"href":"https:\/\/www.tapasmagazine.es\/en\/wp-json\/wp\/v2\/categories?post=260815"},{"taxonomy":"post_tag","embeddable":true,"href":"https:\/\/www.tapasmagazine.es\/en\/wp-json\/wp\/v2\/tags?post=260815"}],"curies":[{"name":"wp","href":"https:\/\/api.w.org\/{rel}","templated":true}]}}