{"id":260263,"date":"2024-08-27T09:24:08","date_gmt":"2024-08-27T07:24:08","guid":{"rendered":"https:\/\/www.tapasmagazine.es\/el-chef-jesus-sanchez-expone-su-obra-fotografica-mas-intima-en-santander\/"},"modified":"2024-08-27T09:28:51","modified_gmt":"2024-08-27T07:28:51","slug":"chef-jesus-sanchez-exhibits-most-intimate-photographic-work-in-santander","status":"publish","type":"post","link":"https:\/\/www.tapasmagazine.es\/en\/chef-jesus-sanchez-exhibits-most-intimate-photographic-work-in-santander\/","title":{"rendered":"Chef Jes\u00fas S\u00e1nchez exhibits his most intimate photographic work in Santander"},"content":{"rendered":"\n<p><strong>Click <a href=\"https:\/\/www.tapasmagazine.es\/el-chef-jesus-sanchez-expone-su-obra-fotografica-mas-intima-en-santander\/\" target=\"_blank\" rel=\"noreferrer noopener\">here<\/a> to read the Spanish version.<\/strong><\/p>\n\n\n\n<p>The kitchen outside the kitchens. <strong>Jesus Sanchez<\/strong> portrays the exhibition entitled &#8216;Mirada de chef&#8217; in which he reflects through that concept another of his great passions in life.<\/p>\n\n\n\n<p>The<strong> Juan Sili\u00f3 gallery<\/strong> hosts the exhibition directed by the chef that will coincide with the PHotoEspa\u00f1a festival in the city, and will have a charitable background. The proceeds will go to Caritas Diocese of Santander, which protects the most vulnerable people.<\/p>\n\n\n\n<p>&#8216;<strong>Mirada de chef<\/strong>&#8216;, which will be available from <strong>August 29 to September 28<\/strong>, 2024, compiles 51 portraits of fellow chefs, men and women chefs who are references of world gastronomy that orbit around the chef&#8217;s universe. A series in black and white that he would capture through a Leica Q2 Monochrom, between 2022 and 2023; as an intimate exercise with people who share their experiences and illusions, their adversity and the love that binds them.<\/p>\n\n\n\n<h2 class=\"wp-block-heading\">Photographic and culinary art<\/h2>\n\n\n\n<p><strong>Jes\u00fas S\u00e1nchez<\/strong> is a reference of Spanish cuisine worldwide, recognized, above all, for his work in front of the restaurant <strong>Cenador de Am\u00f3s<\/strong> in Cantabria, with three Michelin Stars and a Green Star, among other awards such as three Repsol Suns. His figure has also been acclaimed through the National Gastronomy Award and the National Hospitality Award in 2022, and The Best Digital Chef in 2023.<\/p>\n\n\n<div class=\"wp-block-image\">\n<figure class=\"aligncenter size-large is-resized\"><img decoding=\"async\" width=\"767\" height=\"1024\" src=\"https:\/\/www.tapasmagazine.es\/wp-content\/uploads\/2024\/08\/jesus-sanchez-exposicion-1-767x1024.jpg\" alt=\"\" class=\"wp-image-260258\" style=\"width:831px;height:auto\" srcset=\"https:\/\/www.tapasmagazine.es\/wp-content\/uploads\/2024\/08\/jesus-sanchez-exposicion-1-767x1024.jpg 767w, https:\/\/www.tapasmagazine.es\/wp-content\/uploads\/2024\/08\/jesus-sanchez-exposicion-1-225x300.jpg 225w, https:\/\/www.tapasmagazine.es\/wp-content\/uploads\/2024\/08\/jesus-sanchez-exposicion-1-768x1025.jpg 768w, https:\/\/www.tapasmagazine.es\/wp-content\/uploads\/2024\/08\/jesus-sanchez-exposicion-1-1151x1536.jpg 1151w, https:\/\/www.tapasmagazine.es\/wp-content\/uploads\/2024\/08\/jesus-sanchez-exposicion-1-1000x1334.jpg 1000w, https:\/\/www.tapasmagazine.es\/wp-content\/uploads\/2024\/08\/jesus-sanchez-exposicion-1-400x534.jpg 400w, https:\/\/www.tapasmagazine.es\/wp-content\/uploads\/2024\/08\/jesus-sanchez-exposicion-1.jpg 1199w\" sizes=\"(max-width: 767px) 100vw, 767px\" \/><\/figure>\n<\/div>\n\n\n<p>Beyond gastronomy, Jes\u00fas has also experimented with photographic art throughout his life. A passion that has materialized in a work focused on the costumbrismo, in his work and in the trips he takes. Sequences that he shares with his clients in the restaurant, where a few years ago he selected 8 of his photographs related to gastronomy, and installed them temporarily.<\/p>\n\n\n\n<p>&#8216;The works on display in &#8216;Mirada de chef&#8217; go beyond simple portraits of friends and colleagues. Sanchez not only captures a face as a good connoisseur of the portrayed that he is, but always resurfaces in the image a facet that defines his model beyond the kitchen. The relationship between them allows the presence of the camera to be forgotten in almost all cases, allowing him to obtain intimate scenes of great naturalness. Alberto Chicote, for example, is photographed in his favorite environment, the city; the looks of pride and admiration between Paco Morales and his parents in the intimacy of the family kitchen focus his portrait or the case of Dabiz Mu\u00f1oz or Joan Roca, who were photographed in places where they disconnect from the day to day&#8217;.<\/p>\n","protected":false},"excerpt":{"rendered":"<p>Click here to read the Spanish version. The kitchen outside the kitchens. Jesus Sanchez portrays the exhibition entitled &#8216;Mirada de chef&#8217; in which he reflects through that concept another of his great passions in life. The Juan Sili\u00f3 gallery hosts the exhibition directed by the chef that will coincide with the PHotoEspa\u00f1a festival in the [&hellip;]<\/p>\n","protected":false},"author":285,"featured_media":260257,"comment_status":"closed","ping_status":"closed","sticky":false,"template":"","format":"standard","meta":{"_acf_changed":false,"footnotes":""},"categories":[18831,15851,15910,1],"tags":[19038,19039],"class_list":["post-260263","post","type-post","status-publish","format-standard","has-post-thumbnail","hentry","category-lifestyle-en","category-nombres-propios-en","category-personajes-en","category-sin-categorizar","tag-cenador-de-amos-en","tag-jesus-sanchez-en","cat-18831-id","cat-15851-id","cat-15910-id","cat-1-id"],"acf":[],"yoast_head":"<!-- This site is optimized with the Yoast SEO plugin v27.4 - https:\/\/yoast.com\/product\/yoast-seo-wordpress\/ -->\n<title>Chef Jes\u00fas S\u00e1nchez exhibits his most intimate photographic work in Santander - Tapas<\/title>\n<meta name=\"description\" content=\"Click here to read the Spanish version. The kitchen outside the kitchens. Jesus Sanchez portrays the exhibition entitled &#039;Mirada de chef&#039; in which he\" \/>\n<meta name=\"robots\" content=\"index, follow, max-snippet:-1, max-image-preview:large, max-video-preview:-1\" \/>\n<link rel=\"canonical\" href=\"https:\/\/www.tapasmagazine.es\/en\/chef-jesus-sanchez-exhibits-most-intimate-photographic-work-in-santander\/\" \/>\n<meta property=\"og:locale\" content=\"en_US\" \/>\n<meta property=\"og:type\" content=\"article\" \/>\n<meta property=\"og:title\" content=\"Chef Jes\u00fas S\u00e1nchez exhibits his most intimate photographic work in Santander - Tapas\" \/>\n<meta property=\"og:description\" content=\"Click here to read the Spanish version. The kitchen outside the kitchens. Jesus Sanchez portrays the exhibition entitled &#039;Mirada de chef&#039; in which he\" \/>\n<meta property=\"og:url\" content=\"https:\/\/www.tapasmagazine.es\/en\/chef-jesus-sanchez-exhibits-most-intimate-photographic-work-in-santander\/\" \/>\n<meta property=\"og:site_name\" content=\"Tapas\" \/>\n<meta property=\"article:publisher\" content=\"https:\/\/www.facebook.com\/tapasmagazine\" \/>\n<meta property=\"article:published_time\" content=\"2024-08-27T07:24:08+00:00\" \/>\n<meta property=\"article:modified_time\" content=\"2024-08-27T07:28:51+00:00\" \/>\n<meta property=\"og:image\" content=\"https:\/\/www.tapasmagazine.es\/wp-content\/uploads\/2024\/08\/jesus-sanchez-exposicion.jpg\" \/>\n\t<meta property=\"og:image:width\" content=\"1200\" \/>\n\t<meta property=\"og:image:height\" content=\"675\" \/>\n\t<meta property=\"og:image:type\" content=\"image\/jpeg\" \/>\n<meta name=\"author\" content=\"Laura P\u00e9rez\" \/>\n<meta name=\"twitter:card\" content=\"summary_large_image\" \/>\n<meta name=\"twitter:creator\" content=\"@TapasMagazine\" \/>\n<meta name=\"twitter:site\" content=\"@TapasMagazine\" \/>\n<meta name=\"twitter:label1\" content=\"Written by\" \/>\n\t<meta name=\"twitter:data1\" content=\"Laura P\u00e9rez\" \/>\n\t<meta name=\"twitter:label2\" content=\"Est. reading time\" \/>\n\t<meta name=\"twitter:data2\" content=\"3 minutes\" \/>\n<script type=\"application\/ld+json\" class=\"yoast-schema-graph\">{\"@context\":\"https:\\\/\\\/schema.org\",\"@graph\":[{\"@type\":\"Article\",\"@id\":\"https:\\\/\\\/www.tapasmagazine.es\\\/en\\\/chef-jesus-sanchez-exhibits-most-intimate-photographic-work-in-santander\\\/#article\",\"isPartOf\":{\"@id\":\"https:\\\/\\\/www.tapasmagazine.es\\\/en\\\/chef-jesus-sanchez-exhibits-most-intimate-photographic-work-in-santander\\\/\"},\"author\":{\"name\":\"Laura P\u00e9rez\",\"@id\":\"https:\\\/\\\/www.tapasmagazine.es\\\/#\\\/schema\\\/person\\\/eb46cbe76a9c8f062660eb609e3ecb4e\"},\"headline\":\"Chef Jes\u00fas S\u00e1nchez exhibits his most intimate photographic work in Santander\",\"datePublished\":\"2024-08-27T07:24:08+00:00\",\"dateModified\":\"2024-08-27T07:28:51+00:00\",\"mainEntityOfPage\":{\"@id\":\"https:\\\/\\\/www.tapasmagazine.es\\\/en\\\/chef-jesus-sanchez-exhibits-most-intimate-photographic-work-in-santander\\\/\"},\"wordCount\":423,\"publisher\":{\"@id\":\"https:\\\/\\\/www.tapasmagazine.es\\\/#organization\"},\"image\":{\"@id\":\"https:\\\/\\\/www.tapasmagazine.es\\\/en\\\/chef-jesus-sanchez-exhibits-most-intimate-photographic-work-in-santander\\\/#primaryimage\"},\"thumbnailUrl\":\"https:\\\/\\\/www.tapasmagazine.es\\\/wp-content\\\/uploads\\\/2024\\\/08\\\/jesus-sanchez-exposicion.jpg\",\"keywords\":[\"Cenador de Am\u00f3s\",\"Jes\u00fas S\u00e1nchez\"],\"articleSection\":[\"Lifestyle\",\"Nombres propios\",\"Personajes\",\"Sin categorizar\"],\"inLanguage\":\"en-US\"},{\"@type\":\"WebPage\",\"@id\":\"https:\\\/\\\/www.tapasmagazine.es\\\/en\\\/chef-jesus-sanchez-exhibits-most-intimate-photographic-work-in-santander\\\/\",\"url\":\"https:\\\/\\\/www.tapasmagazine.es\\\/en\\\/chef-jesus-sanchez-exhibits-most-intimate-photographic-work-in-santander\\\/\",\"name\":\"Chef Jes\u00fas S\u00e1nchez exhibits his most intimate photographic work in Santander - Tapas\",\"isPartOf\":{\"@id\":\"https:\\\/\\\/www.tapasmagazine.es\\\/#website\"},\"primaryImageOfPage\":{\"@id\":\"https:\\\/\\\/www.tapasmagazine.es\\\/en\\\/chef-jesus-sanchez-exhibits-most-intimate-photographic-work-in-santander\\\/#primaryimage\"},\"image\":{\"@id\":\"https:\\\/\\\/www.tapasmagazine.es\\\/en\\\/chef-jesus-sanchez-exhibits-most-intimate-photographic-work-in-santander\\\/#primaryimage\"},\"thumbnailUrl\":\"https:\\\/\\\/www.tapasmagazine.es\\\/wp-content\\\/uploads\\\/2024\\\/08\\\/jesus-sanchez-exposicion.jpg\",\"datePublished\":\"2024-08-27T07:24:08+00:00\",\"dateModified\":\"2024-08-27T07:28:51+00:00\",\"description\":\"Click here to read the Spanish version. The kitchen outside the kitchens. Jesus Sanchez portrays the exhibition entitled 'Mirada de chef' in which he\",\"breadcrumb\":{\"@id\":\"https:\\\/\\\/www.tapasmagazine.es\\\/en\\\/chef-jesus-sanchez-exhibits-most-intimate-photographic-work-in-santander\\\/#breadcrumb\"},\"inLanguage\":\"en-US\",\"potentialAction\":[{\"@type\":\"ReadAction\",\"target\":[\"https:\\\/\\\/www.tapasmagazine.es\\\/en\\\/chef-jesus-sanchez-exhibits-most-intimate-photographic-work-in-santander\\\/\"]}]},{\"@type\":\"ImageObject\",\"inLanguage\":\"en-US\",\"@id\":\"https:\\\/\\\/www.tapasmagazine.es\\\/en\\\/chef-jesus-sanchez-exhibits-most-intimate-photographic-work-in-santander\\\/#primaryimage\",\"url\":\"https:\\\/\\\/www.tapasmagazine.es\\\/wp-content\\\/uploads\\\/2024\\\/08\\\/jesus-sanchez-exposicion.jpg\",\"contentUrl\":\"https:\\\/\\\/www.tapasmagazine.es\\\/wp-content\\\/uploads\\\/2024\\\/08\\\/jesus-sanchez-exposicion.jpg\",\"width\":1200,\"height\":675},{\"@type\":\"BreadcrumbList\",\"@id\":\"https:\\\/\\\/www.tapasmagazine.es\\\/en\\\/chef-jesus-sanchez-exhibits-most-intimate-photographic-work-in-santander\\\/#breadcrumb\",\"itemListElement\":[{\"@type\":\"ListItem\",\"position\":1,\"name\":\"Portada\",\"item\":\"https:\\\/\\\/www.tapasmagazine.es\\\/\"},{\"@type\":\"ListItem\",\"position\":2,\"name\":\"Sin categorizar\",\"item\":\"https:\\\/\\\/www.tapasmagazine.es\\\/categorias\\\/sin-categorizar\\\/\"},{\"@type\":\"ListItem\",\"position\":3,\"name\":\"Chef Jes\u00fas S\u00e1nchez exhibits his most intimate photographic work in Santander\"}]},{\"@type\":\"WebSite\",\"@id\":\"https:\\\/\\\/www.tapasmagazine.es\\\/#website\",\"url\":\"https:\\\/\\\/www.tapasmagazine.es\\\/\",\"name\":\"Tapas\",\"description\":\"\u00d1am \u00d1am Lifestyle. La vida a bocados. Premio Nacional de Gastronom\u00eda 2016.\",\"publisher\":{\"@id\":\"https:\\\/\\\/www.tapasmagazine.es\\\/#organization\"},\"potentialAction\":[{\"@type\":\"SearchAction\",\"target\":{\"@type\":\"EntryPoint\",\"urlTemplate\":\"https:\\\/\\\/www.tapasmagazine.es\\\/?s={search_term_string}\"},\"query-input\":{\"@type\":\"PropertyValueSpecification\",\"valueRequired\":true,\"valueName\":\"search_term_string\"}}],\"inLanguage\":\"en-US\"},{\"@type\":\"Organization\",\"@id\":\"https:\\\/\\\/www.tapasmagazine.es\\\/#organization\",\"name\":\"Tapas Magazine\",\"url\":\"https:\\\/\\\/www.tapasmagazine.es\\\/\",\"logo\":{\"@type\":\"ImageObject\",\"inLanguage\":\"en-US\",\"@id\":\"https:\\\/\\\/www.tapasmagazine.es\\\/#\\\/schema\\\/logo\\\/image\\\/\",\"url\":\"https:\\\/\\\/www.tapasmagazine.es\\\/wp-content\\\/uploads\\\/2018\\\/01\\\/logo.png\",\"contentUrl\":\"https:\\\/\\\/www.tapasmagazine.es\\\/wp-content\\\/uploads\\\/2018\\\/01\\\/logo.png\",\"width\":180,\"height\":60,\"caption\":\"Tapas Magazine\"},\"image\":{\"@id\":\"https:\\\/\\\/www.tapasmagazine.es\\\/#\\\/schema\\\/logo\\\/image\\\/\"},\"sameAs\":[\"https:\\\/\\\/www.facebook.com\\\/tapasmagazine\",\"https:\\\/\\\/x.com\\\/TapasMagazine\",\"https:\\\/\\\/www.instagram.com\\\/tapasmagazine\\\/\",\"https:\\\/\\\/www.linkedin.com\\\/company\\\/tapas-magazine\",\"https:\\\/\\\/es.pinterest.com\\\/tapasmagazine\\\/\",\"https:\\\/\\\/www.youtube.com\\\/channel\\\/UCEyxneAaACuR0lfDagrWjjg?sub_confirmation=1\"]},{\"@type\":\"Person\",\"@id\":\"https:\\\/\\\/www.tapasmagazine.es\\\/#\\\/schema\\\/person\\\/eb46cbe76a9c8f062660eb609e3ecb4e\",\"name\":\"Laura P\u00e9rez\",\"url\":\"https:\\\/\\\/www.tapasmagazine.es\\\/en\\\/author\\\/laura-perez\\\/\"}]}<\/script>\n<!-- \/ Yoast SEO plugin. -->","yoast_head_json":{"title":"Chef Jes\u00fas S\u00e1nchez exhibits his most intimate photographic work in Santander - Tapas","description":"Click here to read the Spanish version. The kitchen outside the kitchens. Jesus Sanchez portrays the exhibition entitled 'Mirada de chef' in which he","robots":{"index":"index","follow":"follow","max-snippet":"max-snippet:-1","max-image-preview":"max-image-preview:large","max-video-preview":"max-video-preview:-1"},"canonical":"https:\/\/www.tapasmagazine.es\/en\/chef-jesus-sanchez-exhibits-most-intimate-photographic-work-in-santander\/","og_locale":"en_US","og_type":"article","og_title":"Chef Jes\u00fas S\u00e1nchez exhibits his most intimate photographic work in Santander - Tapas","og_description":"Click here to read the Spanish version. The kitchen outside the kitchens. Jesus Sanchez portrays the exhibition entitled 'Mirada de chef' in which he","og_url":"https:\/\/www.tapasmagazine.es\/en\/chef-jesus-sanchez-exhibits-most-intimate-photographic-work-in-santander\/","og_site_name":"Tapas","article_publisher":"https:\/\/www.facebook.com\/tapasmagazine","article_published_time":"2024-08-27T07:24:08+00:00","article_modified_time":"2024-08-27T07:28:51+00:00","og_image":[{"width":1200,"height":675,"url":"https:\/\/www.tapasmagazine.es\/wp-content\/uploads\/2024\/08\/jesus-sanchez-exposicion.jpg","type":"image\/jpeg"}],"author":"Laura P\u00e9rez","twitter_card":"summary_large_image","twitter_creator":"@TapasMagazine","twitter_site":"@TapasMagazine","twitter_misc":{"Written by":"Laura P\u00e9rez","Est. reading time":"3 minutes"},"schema":{"@context":"https:\/\/schema.org","@graph":[{"@type":"Article","@id":"https:\/\/www.tapasmagazine.es\/en\/chef-jesus-sanchez-exhibits-most-intimate-photographic-work-in-santander\/#article","isPartOf":{"@id":"https:\/\/www.tapasmagazine.es\/en\/chef-jesus-sanchez-exhibits-most-intimate-photographic-work-in-santander\/"},"author":{"name":"Laura P\u00e9rez","@id":"https:\/\/www.tapasmagazine.es\/#\/schema\/person\/eb46cbe76a9c8f062660eb609e3ecb4e"},"headline":"Chef Jes\u00fas S\u00e1nchez exhibits his most intimate photographic work in Santander","datePublished":"2024-08-27T07:24:08+00:00","dateModified":"2024-08-27T07:28:51+00:00","mainEntityOfPage":{"@id":"https:\/\/www.tapasmagazine.es\/en\/chef-jesus-sanchez-exhibits-most-intimate-photographic-work-in-santander\/"},"wordCount":423,"publisher":{"@id":"https:\/\/www.tapasmagazine.es\/#organization"},"image":{"@id":"https:\/\/www.tapasmagazine.es\/en\/chef-jesus-sanchez-exhibits-most-intimate-photographic-work-in-santander\/#primaryimage"},"thumbnailUrl":"https:\/\/www.tapasmagazine.es\/wp-content\/uploads\/2024\/08\/jesus-sanchez-exposicion.jpg","keywords":["Cenador de Am\u00f3s","Jes\u00fas S\u00e1nchez"],"articleSection":["Lifestyle","Nombres propios","Personajes","Sin categorizar"],"inLanguage":"en-US"},{"@type":"WebPage","@id":"https:\/\/www.tapasmagazine.es\/en\/chef-jesus-sanchez-exhibits-most-intimate-photographic-work-in-santander\/","url":"https:\/\/www.tapasmagazine.es\/en\/chef-jesus-sanchez-exhibits-most-intimate-photographic-work-in-santander\/","name":"Chef Jes\u00fas S\u00e1nchez exhibits his most intimate photographic work in Santander - Tapas","isPartOf":{"@id":"https:\/\/www.tapasmagazine.es\/#website"},"primaryImageOfPage":{"@id":"https:\/\/www.tapasmagazine.es\/en\/chef-jesus-sanchez-exhibits-most-intimate-photographic-work-in-santander\/#primaryimage"},"image":{"@id":"https:\/\/www.tapasmagazine.es\/en\/chef-jesus-sanchez-exhibits-most-intimate-photographic-work-in-santander\/#primaryimage"},"thumbnailUrl":"https:\/\/www.tapasmagazine.es\/wp-content\/uploads\/2024\/08\/jesus-sanchez-exposicion.jpg","datePublished":"2024-08-27T07:24:08+00:00","dateModified":"2024-08-27T07:28:51+00:00","description":"Click here to read the Spanish version. The kitchen outside the kitchens. Jesus Sanchez portrays the exhibition entitled 'Mirada de chef' in which he","breadcrumb":{"@id":"https:\/\/www.tapasmagazine.es\/en\/chef-jesus-sanchez-exhibits-most-intimate-photographic-work-in-santander\/#breadcrumb"},"inLanguage":"en-US","potentialAction":[{"@type":"ReadAction","target":["https:\/\/www.tapasmagazine.es\/en\/chef-jesus-sanchez-exhibits-most-intimate-photographic-work-in-santander\/"]}]},{"@type":"ImageObject","inLanguage":"en-US","@id":"https:\/\/www.tapasmagazine.es\/en\/chef-jesus-sanchez-exhibits-most-intimate-photographic-work-in-santander\/#primaryimage","url":"https:\/\/www.tapasmagazine.es\/wp-content\/uploads\/2024\/08\/jesus-sanchez-exposicion.jpg","contentUrl":"https:\/\/www.tapasmagazine.es\/wp-content\/uploads\/2024\/08\/jesus-sanchez-exposicion.jpg","width":1200,"height":675},{"@type":"BreadcrumbList","@id":"https:\/\/www.tapasmagazine.es\/en\/chef-jesus-sanchez-exhibits-most-intimate-photographic-work-in-santander\/#breadcrumb","itemListElement":[{"@type":"ListItem","position":1,"name":"Portada","item":"https:\/\/www.tapasmagazine.es\/"},{"@type":"ListItem","position":2,"name":"Sin categorizar","item":"https:\/\/www.tapasmagazine.es\/categorias\/sin-categorizar\/"},{"@type":"ListItem","position":3,"name":"Chef Jes\u00fas S\u00e1nchez exhibits his most intimate photographic work in Santander"}]},{"@type":"WebSite","@id":"https:\/\/www.tapasmagazine.es\/#website","url":"https:\/\/www.tapasmagazine.es\/","name":"Tapas","description":"\u00d1am \u00d1am Lifestyle. La vida a bocados. Premio Nacional de Gastronom\u00eda 2016.","publisher":{"@id":"https:\/\/www.tapasmagazine.es\/#organization"},"potentialAction":[{"@type":"SearchAction","target":{"@type":"EntryPoint","urlTemplate":"https:\/\/www.tapasmagazine.es\/?s={search_term_string}"},"query-input":{"@type":"PropertyValueSpecification","valueRequired":true,"valueName":"search_term_string"}}],"inLanguage":"en-US"},{"@type":"Organization","@id":"https:\/\/www.tapasmagazine.es\/#organization","name":"Tapas Magazine","url":"https:\/\/www.tapasmagazine.es\/","logo":{"@type":"ImageObject","inLanguage":"en-US","@id":"https:\/\/www.tapasmagazine.es\/#\/schema\/logo\/image\/","url":"https:\/\/www.tapasmagazine.es\/wp-content\/uploads\/2018\/01\/logo.png","contentUrl":"https:\/\/www.tapasmagazine.es\/wp-content\/uploads\/2018\/01\/logo.png","width":180,"height":60,"caption":"Tapas Magazine"},"image":{"@id":"https:\/\/www.tapasmagazine.es\/#\/schema\/logo\/image\/"},"sameAs":["https:\/\/www.facebook.com\/tapasmagazine","https:\/\/x.com\/TapasMagazine","https:\/\/www.instagram.com\/tapasmagazine\/","https:\/\/www.linkedin.com\/company\/tapas-magazine","https:\/\/es.pinterest.com\/tapasmagazine\/","https:\/\/www.youtube.com\/channel\/UCEyxneAaACuR0lfDagrWjjg?sub_confirmation=1"]},{"@type":"Person","@id":"https:\/\/www.tapasmagazine.es\/#\/schema\/person\/eb46cbe76a9c8f062660eb609e3ecb4e","name":"Laura P\u00e9rez","url":"https:\/\/www.tapasmagazine.es\/en\/author\/laura-perez\/"}]}},"_links":{"self":[{"href":"https:\/\/www.tapasmagazine.es\/en\/wp-json\/wp\/v2\/posts\/260263","targetHints":{"allow":["GET"]}}],"collection":[{"href":"https:\/\/www.tapasmagazine.es\/en\/wp-json\/wp\/v2\/posts"}],"about":[{"href":"https:\/\/www.tapasmagazine.es\/en\/wp-json\/wp\/v2\/types\/post"}],"author":[{"embeddable":true,"href":"https:\/\/www.tapasmagazine.es\/en\/wp-json\/wp\/v2\/users\/285"}],"replies":[{"embeddable":true,"href":"https:\/\/www.tapasmagazine.es\/en\/wp-json\/wp\/v2\/comments?post=260263"}],"version-history":[{"count":2,"href":"https:\/\/www.tapasmagazine.es\/en\/wp-json\/wp\/v2\/posts\/260263\/revisions"}],"predecessor-version":[{"id":260271,"href":"https:\/\/www.tapasmagazine.es\/en\/wp-json\/wp\/v2\/posts\/260263\/revisions\/260271"}],"wp:featuredmedia":[{"embeddable":true,"href":"https:\/\/www.tapasmagazine.es\/en\/wp-json\/wp\/v2\/media\/260257"}],"wp:attachment":[{"href":"https:\/\/www.tapasmagazine.es\/en\/wp-json\/wp\/v2\/media?parent=260263"}],"wp:term":[{"taxonomy":"category","embeddable":true,"href":"https:\/\/www.tapasmagazine.es\/en\/wp-json\/wp\/v2\/categories?post=260263"},{"taxonomy":"post_tag","embeddable":true,"href":"https:\/\/www.tapasmagazine.es\/en\/wp-json\/wp\/v2\/tags?post=260263"}],"curies":[{"name":"wp","href":"https:\/\/api.w.org\/{rel}","templated":true}]}}