{"id":260155,"date":"2024-08-26T11:26:29","date_gmt":"2024-08-26T09:26:29","guid":{"rendered":"https:\/\/www.tapasmagazine.es\/el-cafe-mas-punk-de-la-escena-lo-acaba-de-lanzar-green-day\/"},"modified":"2024-08-26T11:29:07","modified_gmt":"2024-08-26T09:29:07","slug":"most-punk-coffee-on-the-scene-has-just-been-unveiled-by-green-day","status":"publish","type":"post","link":"https:\/\/www.tapasmagazine.es\/en\/most-punk-coffee-on-the-scene-has-just-been-unveiled-by-green-day\/","title":{"rendered":"The most punk coffee on the scene has just been unveiled by Green Day"},"content":{"rendered":"\n<p><strong>Click <a href=\"https:\/\/www.tapasmagazine.es\/el-cafe-mas-punk-de-la-escena-lo-acaba-de-lanzar-green-day\/\" target=\"_blank\" rel=\"noreferrer noopener\">here<\/a> to read the Spanish version.<\/strong><\/p>\n\n\n\n<p>The iconic punk rock band consisting of <strong>Billie Joe Armstrong<\/strong>, <strong>Mike Dirnt<\/strong> and <strong>Tr\u00e9 Coo<\/strong>l has just dipped into the exhilarating world of coffee to launch a new version of its &#8216;<strong>Punk Bunny<\/strong>&#8216; brand.<\/p>\n\n\n\n<p>To commemorate two special milestones consisting of the 30th anniversary of Green Day&#8217;s &#8216;Dookie&#8217; album and the 60th anniversary of <strong>7-Eleven<\/strong>&#8216;s take-out cups, the group has created a special blend with vibrant citrus notes fused with hints of stone fruit. The coffee finally features a warm cocoa flavor and a hint of spice.<\/p>\n\n\n\n<p>Based on creating &#8216;a multi-layered coffee experience,&#8217; according to a press release, this new iteration introduces fair trade to 7-Eleven stores with bagged blends and K-Cups of Punk Bunny&#8217;s Sound Check and Last Ride In roasts.<\/p>\n\n\n<div class=\"wp-block-image\">\n<figure class=\"aligncenter size-large is-resized\"><img decoding=\"async\" width=\"1024\" height=\"1024\" src=\"https:\/\/www.tapasmagazine.es\/wp-content\/uploads\/2024\/08\/cafe-green-day-2-1024x1024.webp\" alt=\"\" class=\"wp-image-260147\" style=\"width:1110px;height:auto\" srcset=\"https:\/\/www.tapasmagazine.es\/wp-content\/uploads\/2024\/08\/cafe-green-day-2-1024x1024.webp 1024w, https:\/\/www.tapasmagazine.es\/wp-content\/uploads\/2024\/08\/cafe-green-day-2-300x300.webp 300w, https:\/\/www.tapasmagazine.es\/wp-content\/uploads\/2024\/08\/cafe-green-day-2-150x150.webp 150w, https:\/\/www.tapasmagazine.es\/wp-content\/uploads\/2024\/08\/cafe-green-day-2-768x768.webp 768w, https:\/\/www.tapasmagazine.es\/wp-content\/uploads\/2024\/08\/cafe-green-day-2-1000x1000.webp 1000w, https:\/\/www.tapasmagazine.es\/wp-content\/uploads\/2024\/08\/cafe-green-day-2-400x400.webp 400w, https:\/\/www.tapasmagazine.es\/wp-content\/uploads\/2024\/08\/cafe-green-day-2.webp 1500w\" sizes=\"(max-width: 1024px) 100vw, 1024px\" \/><\/figure>\n<\/div>\n\n\n<p>In addition, to celebrate the launch of <strong>7-Eleven x Green Day<\/strong>, on Wednesday, August 28, the first 50 fans to show up at the 7-Eleven store at 800 6th Ave. in New York City and get tattooed with the creative union&#8217;s custom tattoo will receive free 7-Eleven coffee for 711 days.<\/p>\n","protected":false},"excerpt":{"rendered":"<p>Click here to read the Spanish version. The iconic punk rock band consisting of Billie Joe Armstrong, Mike Dirnt and Tr\u00e9 Cool has just dipped into the exhilarating world of coffee to launch a new version of its &#8216;Punk Bunny&#8216; brand. To commemorate two special milestones consisting of the 30th anniversary of Green Day&#8217;s &#8216;Dookie&#8217; [&hellip;]<\/p>\n","protected":false},"author":285,"featured_media":260152,"comment_status":"closed","ping_status":"closed","sticky":false,"template":"","format":"standard","meta":{"_acf_changed":false,"footnotes":""},"categories":[15847,15807,15851,15910],"tags":[16537],"class_list":["post-260155","post","type-post","status-publish","format-standard","has-post-thumbnail","hentry","category-bebidas-en","category-gastro-en","category-nombres-propios-en","category-personajes-en","tag-cafe-en","cat-15847-id","cat-15807-id","cat-15851-id","cat-15910-id"],"acf":[],"yoast_head":"<!-- This site is optimized with the Yoast SEO plugin v27.4 - https:\/\/yoast.com\/product\/yoast-seo-wordpress\/ -->\n<title>The most punk coffee on the scene has just been unveiled by Green Day - Tapas<\/title>\n<meta name=\"description\" content=\"Click here to read the Spanish version. The iconic punk rock band consisting of Billie Joe Armstrong, Mike Dirnt and Tr\u00e9 Cool has just dipped into the\" \/>\n<meta name=\"robots\" content=\"index, follow, max-snippet:-1, max-image-preview:large, max-video-preview:-1\" \/>\n<link rel=\"canonical\" href=\"https:\/\/www.tapasmagazine.es\/en\/most-punk-coffee-on-the-scene-has-just-been-unveiled-by-green-day\/\" \/>\n<meta property=\"og:locale\" content=\"en_US\" \/>\n<meta property=\"og:type\" content=\"article\" \/>\n<meta property=\"og:title\" content=\"The most punk coffee on the scene has just been unveiled by Green Day - Tapas\" \/>\n<meta property=\"og:description\" content=\"Click here to read the Spanish version. The iconic punk rock band consisting of Billie Joe Armstrong, Mike Dirnt and Tr\u00e9 Cool has just dipped into the\" \/>\n<meta property=\"og:url\" content=\"https:\/\/www.tapasmagazine.es\/en\/most-punk-coffee-on-the-scene-has-just-been-unveiled-by-green-day\/\" \/>\n<meta property=\"og:site_name\" content=\"Tapas\" \/>\n<meta property=\"article:publisher\" content=\"https:\/\/www.facebook.com\/tapasmagazine\" \/>\n<meta property=\"article:published_time\" content=\"2024-08-26T09:26:29+00:00\" \/>\n<meta property=\"article:modified_time\" content=\"2024-08-26T09:29:07+00:00\" \/>\n<meta property=\"og:image\" content=\"https:\/\/www.tapasmagazine.es\/wp-content\/uploads\/2024\/08\/cafe-green-day-1.jpg\" \/>\n\t<meta property=\"og:image:width\" content=\"1200\" \/>\n\t<meta property=\"og:image:height\" content=\"675\" \/>\n\t<meta property=\"og:image:type\" content=\"image\/jpeg\" \/>\n<meta name=\"author\" content=\"Laura P\u00e9rez\" \/>\n<meta name=\"twitter:card\" content=\"summary_large_image\" \/>\n<meta name=\"twitter:creator\" content=\"@TapasMagazine\" \/>\n<meta name=\"twitter:site\" content=\"@TapasMagazine\" \/>\n<meta name=\"twitter:label1\" content=\"Written by\" \/>\n\t<meta name=\"twitter:data1\" content=\"Laura P\u00e9rez\" \/>\n\t<meta name=\"twitter:label2\" content=\"Est. reading time\" \/>\n\t<meta name=\"twitter:data2\" content=\"2 minutes\" \/>\n<script type=\"application\/ld+json\" class=\"yoast-schema-graph\">{\"@context\":\"https:\\\/\\\/schema.org\",\"@graph\":[{\"@type\":\"Article\",\"@id\":\"https:\\\/\\\/www.tapasmagazine.es\\\/en\\\/most-punk-coffee-on-the-scene-has-just-been-unveiled-by-green-day\\\/#article\",\"isPartOf\":{\"@id\":\"https:\\\/\\\/www.tapasmagazine.es\\\/en\\\/most-punk-coffee-on-the-scene-has-just-been-unveiled-by-green-day\\\/\"},\"author\":{\"name\":\"Laura P\u00e9rez\",\"@id\":\"https:\\\/\\\/www.tapasmagazine.es\\\/#\\\/schema\\\/person\\\/eb46cbe76a9c8f062660eb609e3ecb4e\"},\"headline\":\"The most punk coffee on the scene has just been unveiled by Green Day\",\"datePublished\":\"2024-08-26T09:26:29+00:00\",\"dateModified\":\"2024-08-26T09:29:07+00:00\",\"mainEntityOfPage\":{\"@id\":\"https:\\\/\\\/www.tapasmagazine.es\\\/en\\\/most-punk-coffee-on-the-scene-has-just-been-unveiled-by-green-day\\\/\"},\"wordCount\":195,\"publisher\":{\"@id\":\"https:\\\/\\\/www.tapasmagazine.es\\\/#organization\"},\"image\":{\"@id\":\"https:\\\/\\\/www.tapasmagazine.es\\\/en\\\/most-punk-coffee-on-the-scene-has-just-been-unveiled-by-green-day\\\/#primaryimage\"},\"thumbnailUrl\":\"https:\\\/\\\/www.tapasmagazine.es\\\/wp-content\\\/uploads\\\/2024\\\/08\\\/cafe-green-day-1.jpg\",\"keywords\":[\"caf\u00e9\"],\"articleSection\":[\"Bebidas\",\"Gastro\",\"Nombres propios\",\"Personajes\"],\"inLanguage\":\"en-US\"},{\"@type\":\"WebPage\",\"@id\":\"https:\\\/\\\/www.tapasmagazine.es\\\/en\\\/most-punk-coffee-on-the-scene-has-just-been-unveiled-by-green-day\\\/\",\"url\":\"https:\\\/\\\/www.tapasmagazine.es\\\/en\\\/most-punk-coffee-on-the-scene-has-just-been-unveiled-by-green-day\\\/\",\"name\":\"The most punk coffee on the scene has just been unveiled by Green Day - Tapas\",\"isPartOf\":{\"@id\":\"https:\\\/\\\/www.tapasmagazine.es\\\/#website\"},\"primaryImageOfPage\":{\"@id\":\"https:\\\/\\\/www.tapasmagazine.es\\\/en\\\/most-punk-coffee-on-the-scene-has-just-been-unveiled-by-green-day\\\/#primaryimage\"},\"image\":{\"@id\":\"https:\\\/\\\/www.tapasmagazine.es\\\/en\\\/most-punk-coffee-on-the-scene-has-just-been-unveiled-by-green-day\\\/#primaryimage\"},\"thumbnailUrl\":\"https:\\\/\\\/www.tapasmagazine.es\\\/wp-content\\\/uploads\\\/2024\\\/08\\\/cafe-green-day-1.jpg\",\"datePublished\":\"2024-08-26T09:26:29+00:00\",\"dateModified\":\"2024-08-26T09:29:07+00:00\",\"description\":\"Click here to read the Spanish version. The iconic punk rock band consisting of Billie Joe Armstrong, Mike Dirnt and Tr\u00e9 Cool has just dipped into the\",\"breadcrumb\":{\"@id\":\"https:\\\/\\\/www.tapasmagazine.es\\\/en\\\/most-punk-coffee-on-the-scene-has-just-been-unveiled-by-green-day\\\/#breadcrumb\"},\"inLanguage\":\"en-US\",\"potentialAction\":[{\"@type\":\"ReadAction\",\"target\":[\"https:\\\/\\\/www.tapasmagazine.es\\\/en\\\/most-punk-coffee-on-the-scene-has-just-been-unveiled-by-green-day\\\/\"]}]},{\"@type\":\"ImageObject\",\"inLanguage\":\"en-US\",\"@id\":\"https:\\\/\\\/www.tapasmagazine.es\\\/en\\\/most-punk-coffee-on-the-scene-has-just-been-unveiled-by-green-day\\\/#primaryimage\",\"url\":\"https:\\\/\\\/www.tapasmagazine.es\\\/wp-content\\\/uploads\\\/2024\\\/08\\\/cafe-green-day-1.jpg\",\"contentUrl\":\"https:\\\/\\\/www.tapasmagazine.es\\\/wp-content\\\/uploads\\\/2024\\\/08\\\/cafe-green-day-1.jpg\",\"width\":1200,\"height\":675},{\"@type\":\"BreadcrumbList\",\"@id\":\"https:\\\/\\\/www.tapasmagazine.es\\\/en\\\/most-punk-coffee-on-the-scene-has-just-been-unveiled-by-green-day\\\/#breadcrumb\",\"itemListElement\":[{\"@type\":\"ListItem\",\"position\":1,\"name\":\"Portada\",\"item\":\"https:\\\/\\\/www.tapasmagazine.es\\\/\"},{\"@type\":\"ListItem\",\"position\":2,\"name\":\"Gastro\",\"item\":\"https:\\\/\\\/www.tapasmagazine.es\\\/en\\\/categorias\\\/gastro-en\\\/\"},{\"@type\":\"ListItem\",\"position\":3,\"name\":\"The most punk coffee on the scene has just been unveiled by Green Day\"}]},{\"@type\":\"WebSite\",\"@id\":\"https:\\\/\\\/www.tapasmagazine.es\\\/#website\",\"url\":\"https:\\\/\\\/www.tapasmagazine.es\\\/\",\"name\":\"Tapas\",\"description\":\"\u00d1am \u00d1am Lifestyle. La vida a bocados. Premio Nacional de Gastronom\u00eda 2016.\",\"publisher\":{\"@id\":\"https:\\\/\\\/www.tapasmagazine.es\\\/#organization\"},\"potentialAction\":[{\"@type\":\"SearchAction\",\"target\":{\"@type\":\"EntryPoint\",\"urlTemplate\":\"https:\\\/\\\/www.tapasmagazine.es\\\/?s={search_term_string}\"},\"query-input\":{\"@type\":\"PropertyValueSpecification\",\"valueRequired\":true,\"valueName\":\"search_term_string\"}}],\"inLanguage\":\"en-US\"},{\"@type\":\"Organization\",\"@id\":\"https:\\\/\\\/www.tapasmagazine.es\\\/#organization\",\"name\":\"Tapas Magazine\",\"url\":\"https:\\\/\\\/www.tapasmagazine.es\\\/\",\"logo\":{\"@type\":\"ImageObject\",\"inLanguage\":\"en-US\",\"@id\":\"https:\\\/\\\/www.tapasmagazine.es\\\/#\\\/schema\\\/logo\\\/image\\\/\",\"url\":\"https:\\\/\\\/www.tapasmagazine.es\\\/wp-content\\\/uploads\\\/2018\\\/01\\\/logo.png\",\"contentUrl\":\"https:\\\/\\\/www.tapasmagazine.es\\\/wp-content\\\/uploads\\\/2018\\\/01\\\/logo.png\",\"width\":180,\"height\":60,\"caption\":\"Tapas Magazine\"},\"image\":{\"@id\":\"https:\\\/\\\/www.tapasmagazine.es\\\/#\\\/schema\\\/logo\\\/image\\\/\"},\"sameAs\":[\"https:\\\/\\\/www.facebook.com\\\/tapasmagazine\",\"https:\\\/\\\/x.com\\\/TapasMagazine\",\"https:\\\/\\\/www.instagram.com\\\/tapasmagazine\\\/\",\"https:\\\/\\\/www.linkedin.com\\\/company\\\/tapas-magazine\",\"https:\\\/\\\/es.pinterest.com\\\/tapasmagazine\\\/\",\"https:\\\/\\\/www.youtube.com\\\/channel\\\/UCEyxneAaACuR0lfDagrWjjg?sub_confirmation=1\"]},{\"@type\":\"Person\",\"@id\":\"https:\\\/\\\/www.tapasmagazine.es\\\/#\\\/schema\\\/person\\\/eb46cbe76a9c8f062660eb609e3ecb4e\",\"name\":\"Laura P\u00e9rez\",\"url\":\"https:\\\/\\\/www.tapasmagazine.es\\\/en\\\/author\\\/laura-perez\\\/\"}]}<\/script>\n<!-- \/ Yoast SEO plugin. -->","yoast_head_json":{"title":"The most punk coffee on the scene has just been unveiled by Green Day - Tapas","description":"Click here to read the Spanish version. The iconic punk rock band consisting of Billie Joe Armstrong, Mike Dirnt and Tr\u00e9 Cool has just dipped into the","robots":{"index":"index","follow":"follow","max-snippet":"max-snippet:-1","max-image-preview":"max-image-preview:large","max-video-preview":"max-video-preview:-1"},"canonical":"https:\/\/www.tapasmagazine.es\/en\/most-punk-coffee-on-the-scene-has-just-been-unveiled-by-green-day\/","og_locale":"en_US","og_type":"article","og_title":"The most punk coffee on the scene has just been unveiled by Green Day - Tapas","og_description":"Click here to read the Spanish version. The iconic punk rock band consisting of Billie Joe Armstrong, Mike Dirnt and Tr\u00e9 Cool has just dipped into the","og_url":"https:\/\/www.tapasmagazine.es\/en\/most-punk-coffee-on-the-scene-has-just-been-unveiled-by-green-day\/","og_site_name":"Tapas","article_publisher":"https:\/\/www.facebook.com\/tapasmagazine","article_published_time":"2024-08-26T09:26:29+00:00","article_modified_time":"2024-08-26T09:29:07+00:00","og_image":[{"width":1200,"height":675,"url":"https:\/\/www.tapasmagazine.es\/wp-content\/uploads\/2024\/08\/cafe-green-day-1.jpg","type":"image\/jpeg"}],"author":"Laura P\u00e9rez","twitter_card":"summary_large_image","twitter_creator":"@TapasMagazine","twitter_site":"@TapasMagazine","twitter_misc":{"Written by":"Laura P\u00e9rez","Est. reading time":"2 minutes"},"schema":{"@context":"https:\/\/schema.org","@graph":[{"@type":"Article","@id":"https:\/\/www.tapasmagazine.es\/en\/most-punk-coffee-on-the-scene-has-just-been-unveiled-by-green-day\/#article","isPartOf":{"@id":"https:\/\/www.tapasmagazine.es\/en\/most-punk-coffee-on-the-scene-has-just-been-unveiled-by-green-day\/"},"author":{"name":"Laura P\u00e9rez","@id":"https:\/\/www.tapasmagazine.es\/#\/schema\/person\/eb46cbe76a9c8f062660eb609e3ecb4e"},"headline":"The most punk coffee on the scene has just been unveiled by Green Day","datePublished":"2024-08-26T09:26:29+00:00","dateModified":"2024-08-26T09:29:07+00:00","mainEntityOfPage":{"@id":"https:\/\/www.tapasmagazine.es\/en\/most-punk-coffee-on-the-scene-has-just-been-unveiled-by-green-day\/"},"wordCount":195,"publisher":{"@id":"https:\/\/www.tapasmagazine.es\/#organization"},"image":{"@id":"https:\/\/www.tapasmagazine.es\/en\/most-punk-coffee-on-the-scene-has-just-been-unveiled-by-green-day\/#primaryimage"},"thumbnailUrl":"https:\/\/www.tapasmagazine.es\/wp-content\/uploads\/2024\/08\/cafe-green-day-1.jpg","keywords":["caf\u00e9"],"articleSection":["Bebidas","Gastro","Nombres propios","Personajes"],"inLanguage":"en-US"},{"@type":"WebPage","@id":"https:\/\/www.tapasmagazine.es\/en\/most-punk-coffee-on-the-scene-has-just-been-unveiled-by-green-day\/","url":"https:\/\/www.tapasmagazine.es\/en\/most-punk-coffee-on-the-scene-has-just-been-unveiled-by-green-day\/","name":"The most punk coffee on the scene has just been unveiled by Green Day - Tapas","isPartOf":{"@id":"https:\/\/www.tapasmagazine.es\/#website"},"primaryImageOfPage":{"@id":"https:\/\/www.tapasmagazine.es\/en\/most-punk-coffee-on-the-scene-has-just-been-unveiled-by-green-day\/#primaryimage"},"image":{"@id":"https:\/\/www.tapasmagazine.es\/en\/most-punk-coffee-on-the-scene-has-just-been-unveiled-by-green-day\/#primaryimage"},"thumbnailUrl":"https:\/\/www.tapasmagazine.es\/wp-content\/uploads\/2024\/08\/cafe-green-day-1.jpg","datePublished":"2024-08-26T09:26:29+00:00","dateModified":"2024-08-26T09:29:07+00:00","description":"Click here to read the Spanish version. The iconic punk rock band consisting of Billie Joe Armstrong, Mike Dirnt and Tr\u00e9 Cool has just dipped into the","breadcrumb":{"@id":"https:\/\/www.tapasmagazine.es\/en\/most-punk-coffee-on-the-scene-has-just-been-unveiled-by-green-day\/#breadcrumb"},"inLanguage":"en-US","potentialAction":[{"@type":"ReadAction","target":["https:\/\/www.tapasmagazine.es\/en\/most-punk-coffee-on-the-scene-has-just-been-unveiled-by-green-day\/"]}]},{"@type":"ImageObject","inLanguage":"en-US","@id":"https:\/\/www.tapasmagazine.es\/en\/most-punk-coffee-on-the-scene-has-just-been-unveiled-by-green-day\/#primaryimage","url":"https:\/\/www.tapasmagazine.es\/wp-content\/uploads\/2024\/08\/cafe-green-day-1.jpg","contentUrl":"https:\/\/www.tapasmagazine.es\/wp-content\/uploads\/2024\/08\/cafe-green-day-1.jpg","width":1200,"height":675},{"@type":"BreadcrumbList","@id":"https:\/\/www.tapasmagazine.es\/en\/most-punk-coffee-on-the-scene-has-just-been-unveiled-by-green-day\/#breadcrumb","itemListElement":[{"@type":"ListItem","position":1,"name":"Portada","item":"https:\/\/www.tapasmagazine.es\/"},{"@type":"ListItem","position":2,"name":"Gastro","item":"https:\/\/www.tapasmagazine.es\/en\/categorias\/gastro-en\/"},{"@type":"ListItem","position":3,"name":"The most punk coffee on the scene has just been unveiled by Green Day"}]},{"@type":"WebSite","@id":"https:\/\/www.tapasmagazine.es\/#website","url":"https:\/\/www.tapasmagazine.es\/","name":"Tapas","description":"\u00d1am \u00d1am Lifestyle. La vida a bocados. Premio Nacional de Gastronom\u00eda 2016.","publisher":{"@id":"https:\/\/www.tapasmagazine.es\/#organization"},"potentialAction":[{"@type":"SearchAction","target":{"@type":"EntryPoint","urlTemplate":"https:\/\/www.tapasmagazine.es\/?s={search_term_string}"},"query-input":{"@type":"PropertyValueSpecification","valueRequired":true,"valueName":"search_term_string"}}],"inLanguage":"en-US"},{"@type":"Organization","@id":"https:\/\/www.tapasmagazine.es\/#organization","name":"Tapas Magazine","url":"https:\/\/www.tapasmagazine.es\/","logo":{"@type":"ImageObject","inLanguage":"en-US","@id":"https:\/\/www.tapasmagazine.es\/#\/schema\/logo\/image\/","url":"https:\/\/www.tapasmagazine.es\/wp-content\/uploads\/2018\/01\/logo.png","contentUrl":"https:\/\/www.tapasmagazine.es\/wp-content\/uploads\/2018\/01\/logo.png","width":180,"height":60,"caption":"Tapas Magazine"},"image":{"@id":"https:\/\/www.tapasmagazine.es\/#\/schema\/logo\/image\/"},"sameAs":["https:\/\/www.facebook.com\/tapasmagazine","https:\/\/x.com\/TapasMagazine","https:\/\/www.instagram.com\/tapasmagazine\/","https:\/\/www.linkedin.com\/company\/tapas-magazine","https:\/\/es.pinterest.com\/tapasmagazine\/","https:\/\/www.youtube.com\/channel\/UCEyxneAaACuR0lfDagrWjjg?sub_confirmation=1"]},{"@type":"Person","@id":"https:\/\/www.tapasmagazine.es\/#\/schema\/person\/eb46cbe76a9c8f062660eb609e3ecb4e","name":"Laura P\u00e9rez","url":"https:\/\/www.tapasmagazine.es\/en\/author\/laura-perez\/"}]}},"_links":{"self":[{"href":"https:\/\/www.tapasmagazine.es\/en\/wp-json\/wp\/v2\/posts\/260155","targetHints":{"allow":["GET"]}}],"collection":[{"href":"https:\/\/www.tapasmagazine.es\/en\/wp-json\/wp\/v2\/posts"}],"about":[{"href":"https:\/\/www.tapasmagazine.es\/en\/wp-json\/wp\/v2\/types\/post"}],"author":[{"embeddable":true,"href":"https:\/\/www.tapasmagazine.es\/en\/wp-json\/wp\/v2\/users\/285"}],"replies":[{"embeddable":true,"href":"https:\/\/www.tapasmagazine.es\/en\/wp-json\/wp\/v2\/comments?post=260155"}],"version-history":[{"count":2,"href":"https:\/\/www.tapasmagazine.es\/en\/wp-json\/wp\/v2\/posts\/260155\/revisions"}],"predecessor-version":[{"id":260160,"href":"https:\/\/www.tapasmagazine.es\/en\/wp-json\/wp\/v2\/posts\/260155\/revisions\/260160"}],"wp:featuredmedia":[{"embeddable":true,"href":"https:\/\/www.tapasmagazine.es\/en\/wp-json\/wp\/v2\/media\/260152"}],"wp:attachment":[{"href":"https:\/\/www.tapasmagazine.es\/en\/wp-json\/wp\/v2\/media?parent=260155"}],"wp:term":[{"taxonomy":"category","embeddable":true,"href":"https:\/\/www.tapasmagazine.es\/en\/wp-json\/wp\/v2\/categories?post=260155"},{"taxonomy":"post_tag","embeddable":true,"href":"https:\/\/www.tapasmagazine.es\/en\/wp-json\/wp\/v2\/tags?post=260155"}],"curies":[{"name":"wp","href":"https:\/\/api.w.org\/{rel}","templated":true}]}}