{"id":259366,"date":"2024-08-19T12:11:59","date_gmt":"2024-08-19T10:11:59","guid":{"rendered":"https:\/\/www.tapasmagazine.es\/kamala-harris-planea-combatir-la-inflacion-alimenticia\/"},"modified":"2024-08-19T12:20:12","modified_gmt":"2024-08-19T10:20:12","slug":"kamala-harris-plans-fight-food-inflation","status":"publish","type":"post","link":"https:\/\/www.tapasmagazine.es\/en\/kamala-harris-plans-fight-food-inflation\/","title":{"rendered":"Kamala Harris plans to fight food inflation"},"content":{"rendered":"\n<p><strong>Click <a href=\"https:\/\/www.tapasmagazine.es\/kamala-harris-planea-combatir-la-inflacion-alimenticia\/\" target=\"_blank\" rel=\"noreferrer noopener\">here<\/a> to read the Spanish version.<\/strong><\/p>\n\n\n\n<p>During her election campaign, <strong>Kamala Harris <\/strong>has wanted to emphasize one of the strategies or measures she will carry out against &#8216;price gouging&#8217; and price gouging by supermarkets. There is a big difference between fair prices in competitive markets and excessive prices that bear no relation to the costs of doing business&#8217;.<\/p>\n\n\n\n<p>Harris will propose a federal ban on &#8216;corporate price gouging in the food and grocery industries&#8217;. In the official statement, the vice president emphasizes that these excessive prices are not related to the costs of doing business, and that Americans can see these differences in their grocery bills.<\/p>\n\n\n\n<p>According to<strong> CNBC<\/strong>, the proposed ban is part of Harris&#8217; broader economic policy platform, which she plans to share with the world on Friday during her campaign rally in North Carolina. Harris says she aims to enact the ban within 100 days of taking office if she wins the election and would instruct the Federal Trade Commission to impose &#8216;tough penalties&#8217; on those who violate the yet-to-be-announced limits on &#8216;predatory pricing,&#8217; the Washington Post reported.<\/p>\n\n\n\n<p>Harris further plans to specifically target the U.S. meat industry and meat processors as &#8216;particularly egregious&#8217; price-fixers, TIME reports. Rising meat prices have accounted for a large part of Americans&#8217; rising grocery bills, even as meat processors posted record profits in the wake of the pandemic.&#8217;<\/p>\n\n\n\n<p>Another of the measures will also try to alleviate the &#8216;shrinkflation&#8217; phenomenon, which consists of reducing the size of products while maintaining or even raising their price. A problem to which Biden would allude at the time. &#8216;Bottles of sports drinks are smaller, a bag of chips has fewer chips, but they still charge the same.&#8217; \u201cAnd as an ice cream lover, the thing that makes me most angry is that cartons of ice cream have shrunk in size, but not in price.&#8217; He added: &#8216;I&#8217;ve had enough of what they call shrinkflation. It&#8217;s a rip-off.<\/p>\n","protected":false},"excerpt":{"rendered":"<p>Click here to read the Spanish version. During her election campaign, Kamala Harris has wanted to emphasize one of the strategies or measures she will carry out against &#8216;price gouging&#8217; and price gouging by supermarkets. There is a big difference between fair prices in competitive markets and excessive prices that bear no relation to the [&hellip;]<\/p>\n","protected":false},"author":285,"featured_media":259359,"comment_status":"closed","ping_status":"closed","sticky":false,"template":"","format":"standard","meta":{"_acf_changed":false,"footnotes":""},"categories":[15851,15910,1],"tags":[19025],"class_list":["post-259366","post","type-post","status-publish","format-standard","has-post-thumbnail","hentry","category-nombres-propios-en","category-personajes-en","category-sin-categorizar","tag-kamala-harris-en","cat-15851-id","cat-15910-id","cat-1-id"],"acf":[],"yoast_head":"<!-- This site is optimized with the Yoast SEO plugin v27.4 - https:\/\/yoast.com\/product\/yoast-seo-wordpress\/ -->\n<title>Kamala Harris plans to fight food inflation - Tapas<\/title>\n<meta name=\"description\" content=\"Click here to read the Spanish version. During her election campaign, Kamala Harris has wanted to emphasize one of the strategies or measures she will\" \/>\n<meta name=\"robots\" content=\"index, follow, max-snippet:-1, max-image-preview:large, max-video-preview:-1\" \/>\n<link rel=\"canonical\" href=\"https:\/\/www.tapasmagazine.es\/en\/kamala-harris-plans-fight-food-inflation\/\" \/>\n<meta property=\"og:locale\" content=\"en_US\" \/>\n<meta property=\"og:type\" content=\"article\" \/>\n<meta property=\"og:title\" content=\"Kamala Harris plans to fight food inflation - Tapas\" \/>\n<meta property=\"og:description\" content=\"Click here to read the Spanish version. During her election campaign, Kamala Harris has wanted to emphasize one of the strategies or measures she will\" \/>\n<meta property=\"og:url\" content=\"https:\/\/www.tapasmagazine.es\/en\/kamala-harris-plans-fight-food-inflation\/\" \/>\n<meta property=\"og:site_name\" content=\"Tapas\" \/>\n<meta property=\"article:publisher\" content=\"https:\/\/www.facebook.com\/tapasmagazine\" \/>\n<meta property=\"article:published_time\" content=\"2024-08-19T10:11:59+00:00\" \/>\n<meta property=\"article:modified_time\" content=\"2024-08-19T10:20:12+00:00\" \/>\n<meta property=\"og:image\" content=\"https:\/\/www.tapasmagazine.es\/wp-content\/uploads\/2024\/08\/kamala-harris.jpg\" \/>\n\t<meta property=\"og:image:width\" content=\"1200\" \/>\n\t<meta property=\"og:image:height\" content=\"675\" \/>\n\t<meta property=\"og:image:type\" content=\"image\/jpeg\" \/>\n<meta name=\"author\" content=\"Laura P\u00e9rez\" \/>\n<meta name=\"twitter:card\" content=\"summary_large_image\" \/>\n<meta name=\"twitter:creator\" content=\"@TapasMagazine\" \/>\n<meta name=\"twitter:site\" content=\"@TapasMagazine\" \/>\n<meta name=\"twitter:label1\" content=\"Written by\" \/>\n\t<meta name=\"twitter:data1\" content=\"Laura P\u00e9rez\" \/>\n\t<meta name=\"twitter:label2\" content=\"Est. reading time\" \/>\n\t<meta name=\"twitter:data2\" content=\"2 minutes\" \/>\n<script type=\"application\/ld+json\" class=\"yoast-schema-graph\">{\"@context\":\"https:\\\/\\\/schema.org\",\"@graph\":[{\"@type\":\"Article\",\"@id\":\"https:\\\/\\\/www.tapasmagazine.es\\\/en\\\/kamala-harris-plans-fight-food-inflation\\\/#article\",\"isPartOf\":{\"@id\":\"https:\\\/\\\/www.tapasmagazine.es\\\/en\\\/kamala-harris-plans-fight-food-inflation\\\/\"},\"author\":{\"name\":\"Laura P\u00e9rez\",\"@id\":\"https:\\\/\\\/www.tapasmagazine.es\\\/#\\\/schema\\\/person\\\/eb46cbe76a9c8f062660eb609e3ecb4e\"},\"headline\":\"Kamala Harris plans to fight food inflation\",\"datePublished\":\"2024-08-19T10:11:59+00:00\",\"dateModified\":\"2024-08-19T10:20:12+00:00\",\"mainEntityOfPage\":{\"@id\":\"https:\\\/\\\/www.tapasmagazine.es\\\/en\\\/kamala-harris-plans-fight-food-inflation\\\/\"},\"wordCount\":333,\"publisher\":{\"@id\":\"https:\\\/\\\/www.tapasmagazine.es\\\/#organization\"},\"image\":{\"@id\":\"https:\\\/\\\/www.tapasmagazine.es\\\/en\\\/kamala-harris-plans-fight-food-inflation\\\/#primaryimage\"},\"thumbnailUrl\":\"https:\\\/\\\/www.tapasmagazine.es\\\/wp-content\\\/uploads\\\/2024\\\/08\\\/kamala-harris.jpg\",\"keywords\":[\"Kamala Harris\"],\"articleSection\":[\"Nombres propios\",\"Personajes\",\"Sin categorizar\"],\"inLanguage\":\"en-US\"},{\"@type\":\"WebPage\",\"@id\":\"https:\\\/\\\/www.tapasmagazine.es\\\/en\\\/kamala-harris-plans-fight-food-inflation\\\/\",\"url\":\"https:\\\/\\\/www.tapasmagazine.es\\\/en\\\/kamala-harris-plans-fight-food-inflation\\\/\",\"name\":\"Kamala Harris plans to fight food inflation - Tapas\",\"isPartOf\":{\"@id\":\"https:\\\/\\\/www.tapasmagazine.es\\\/#website\"},\"primaryImageOfPage\":{\"@id\":\"https:\\\/\\\/www.tapasmagazine.es\\\/en\\\/kamala-harris-plans-fight-food-inflation\\\/#primaryimage\"},\"image\":{\"@id\":\"https:\\\/\\\/www.tapasmagazine.es\\\/en\\\/kamala-harris-plans-fight-food-inflation\\\/#primaryimage\"},\"thumbnailUrl\":\"https:\\\/\\\/www.tapasmagazine.es\\\/wp-content\\\/uploads\\\/2024\\\/08\\\/kamala-harris.jpg\",\"datePublished\":\"2024-08-19T10:11:59+00:00\",\"dateModified\":\"2024-08-19T10:20:12+00:00\",\"description\":\"Click here to read the Spanish version. During her election campaign, Kamala Harris has wanted to emphasize one of the strategies or measures she will\",\"breadcrumb\":{\"@id\":\"https:\\\/\\\/www.tapasmagazine.es\\\/en\\\/kamala-harris-plans-fight-food-inflation\\\/#breadcrumb\"},\"inLanguage\":\"en-US\",\"potentialAction\":[{\"@type\":\"ReadAction\",\"target\":[\"https:\\\/\\\/www.tapasmagazine.es\\\/en\\\/kamala-harris-plans-fight-food-inflation\\\/\"]}]},{\"@type\":\"ImageObject\",\"inLanguage\":\"en-US\",\"@id\":\"https:\\\/\\\/www.tapasmagazine.es\\\/en\\\/kamala-harris-plans-fight-food-inflation\\\/#primaryimage\",\"url\":\"https:\\\/\\\/www.tapasmagazine.es\\\/wp-content\\\/uploads\\\/2024\\\/08\\\/kamala-harris.jpg\",\"contentUrl\":\"https:\\\/\\\/www.tapasmagazine.es\\\/wp-content\\\/uploads\\\/2024\\\/08\\\/kamala-harris.jpg\",\"width\":1200,\"height\":675},{\"@type\":\"BreadcrumbList\",\"@id\":\"https:\\\/\\\/www.tapasmagazine.es\\\/en\\\/kamala-harris-plans-fight-food-inflation\\\/#breadcrumb\",\"itemListElement\":[{\"@type\":\"ListItem\",\"position\":1,\"name\":\"Portada\",\"item\":\"https:\\\/\\\/www.tapasmagazine.es\\\/\"},{\"@type\":\"ListItem\",\"position\":2,\"name\":\"Sin categorizar\",\"item\":\"https:\\\/\\\/www.tapasmagazine.es\\\/categorias\\\/sin-categorizar\\\/\"},{\"@type\":\"ListItem\",\"position\":3,\"name\":\"Kamala Harris plans to fight food inflation\"}]},{\"@type\":\"WebSite\",\"@id\":\"https:\\\/\\\/www.tapasmagazine.es\\\/#website\",\"url\":\"https:\\\/\\\/www.tapasmagazine.es\\\/\",\"name\":\"Tapas\",\"description\":\"\u00d1am \u00d1am Lifestyle. La vida a bocados. Premio Nacional de Gastronom\u00eda 2016.\",\"publisher\":{\"@id\":\"https:\\\/\\\/www.tapasmagazine.es\\\/#organization\"},\"potentialAction\":[{\"@type\":\"SearchAction\",\"target\":{\"@type\":\"EntryPoint\",\"urlTemplate\":\"https:\\\/\\\/www.tapasmagazine.es\\\/?s={search_term_string}\"},\"query-input\":{\"@type\":\"PropertyValueSpecification\",\"valueRequired\":true,\"valueName\":\"search_term_string\"}}],\"inLanguage\":\"en-US\"},{\"@type\":\"Organization\",\"@id\":\"https:\\\/\\\/www.tapasmagazine.es\\\/#organization\",\"name\":\"Tapas Magazine\",\"url\":\"https:\\\/\\\/www.tapasmagazine.es\\\/\",\"logo\":{\"@type\":\"ImageObject\",\"inLanguage\":\"en-US\",\"@id\":\"https:\\\/\\\/www.tapasmagazine.es\\\/#\\\/schema\\\/logo\\\/image\\\/\",\"url\":\"https:\\\/\\\/www.tapasmagazine.es\\\/wp-content\\\/uploads\\\/2018\\\/01\\\/logo.png\",\"contentUrl\":\"https:\\\/\\\/www.tapasmagazine.es\\\/wp-content\\\/uploads\\\/2018\\\/01\\\/logo.png\",\"width\":180,\"height\":60,\"caption\":\"Tapas Magazine\"},\"image\":{\"@id\":\"https:\\\/\\\/www.tapasmagazine.es\\\/#\\\/schema\\\/logo\\\/image\\\/\"},\"sameAs\":[\"https:\\\/\\\/www.facebook.com\\\/tapasmagazine\",\"https:\\\/\\\/x.com\\\/TapasMagazine\",\"https:\\\/\\\/www.instagram.com\\\/tapasmagazine\\\/\",\"https:\\\/\\\/www.linkedin.com\\\/company\\\/tapas-magazine\",\"https:\\\/\\\/es.pinterest.com\\\/tapasmagazine\\\/\",\"https:\\\/\\\/www.youtube.com\\\/channel\\\/UCEyxneAaACuR0lfDagrWjjg?sub_confirmation=1\"]},{\"@type\":\"Person\",\"@id\":\"https:\\\/\\\/www.tapasmagazine.es\\\/#\\\/schema\\\/person\\\/eb46cbe76a9c8f062660eb609e3ecb4e\",\"name\":\"Laura P\u00e9rez\",\"url\":\"https:\\\/\\\/www.tapasmagazine.es\\\/en\\\/author\\\/laura-perez\\\/\"}]}<\/script>\n<!-- \/ Yoast SEO plugin. -->","yoast_head_json":{"title":"Kamala Harris plans to fight food inflation - Tapas","description":"Click here to read the Spanish version. During her election campaign, Kamala Harris has wanted to emphasize one of the strategies or measures she will","robots":{"index":"index","follow":"follow","max-snippet":"max-snippet:-1","max-image-preview":"max-image-preview:large","max-video-preview":"max-video-preview:-1"},"canonical":"https:\/\/www.tapasmagazine.es\/en\/kamala-harris-plans-fight-food-inflation\/","og_locale":"en_US","og_type":"article","og_title":"Kamala Harris plans to fight food inflation - Tapas","og_description":"Click here to read the Spanish version. During her election campaign, Kamala Harris has wanted to emphasize one of the strategies or measures she will","og_url":"https:\/\/www.tapasmagazine.es\/en\/kamala-harris-plans-fight-food-inflation\/","og_site_name":"Tapas","article_publisher":"https:\/\/www.facebook.com\/tapasmagazine","article_published_time":"2024-08-19T10:11:59+00:00","article_modified_time":"2024-08-19T10:20:12+00:00","og_image":[{"width":1200,"height":675,"url":"https:\/\/www.tapasmagazine.es\/wp-content\/uploads\/2024\/08\/kamala-harris.jpg","type":"image\/jpeg"}],"author":"Laura P\u00e9rez","twitter_card":"summary_large_image","twitter_creator":"@TapasMagazine","twitter_site":"@TapasMagazine","twitter_misc":{"Written by":"Laura P\u00e9rez","Est. reading time":"2 minutes"},"schema":{"@context":"https:\/\/schema.org","@graph":[{"@type":"Article","@id":"https:\/\/www.tapasmagazine.es\/en\/kamala-harris-plans-fight-food-inflation\/#article","isPartOf":{"@id":"https:\/\/www.tapasmagazine.es\/en\/kamala-harris-plans-fight-food-inflation\/"},"author":{"name":"Laura P\u00e9rez","@id":"https:\/\/www.tapasmagazine.es\/#\/schema\/person\/eb46cbe76a9c8f062660eb609e3ecb4e"},"headline":"Kamala Harris plans to fight food inflation","datePublished":"2024-08-19T10:11:59+00:00","dateModified":"2024-08-19T10:20:12+00:00","mainEntityOfPage":{"@id":"https:\/\/www.tapasmagazine.es\/en\/kamala-harris-plans-fight-food-inflation\/"},"wordCount":333,"publisher":{"@id":"https:\/\/www.tapasmagazine.es\/#organization"},"image":{"@id":"https:\/\/www.tapasmagazine.es\/en\/kamala-harris-plans-fight-food-inflation\/#primaryimage"},"thumbnailUrl":"https:\/\/www.tapasmagazine.es\/wp-content\/uploads\/2024\/08\/kamala-harris.jpg","keywords":["Kamala Harris"],"articleSection":["Nombres propios","Personajes","Sin categorizar"],"inLanguage":"en-US"},{"@type":"WebPage","@id":"https:\/\/www.tapasmagazine.es\/en\/kamala-harris-plans-fight-food-inflation\/","url":"https:\/\/www.tapasmagazine.es\/en\/kamala-harris-plans-fight-food-inflation\/","name":"Kamala Harris plans to fight food inflation - Tapas","isPartOf":{"@id":"https:\/\/www.tapasmagazine.es\/#website"},"primaryImageOfPage":{"@id":"https:\/\/www.tapasmagazine.es\/en\/kamala-harris-plans-fight-food-inflation\/#primaryimage"},"image":{"@id":"https:\/\/www.tapasmagazine.es\/en\/kamala-harris-plans-fight-food-inflation\/#primaryimage"},"thumbnailUrl":"https:\/\/www.tapasmagazine.es\/wp-content\/uploads\/2024\/08\/kamala-harris.jpg","datePublished":"2024-08-19T10:11:59+00:00","dateModified":"2024-08-19T10:20:12+00:00","description":"Click here to read the Spanish version. During her election campaign, Kamala Harris has wanted to emphasize one of the strategies or measures she will","breadcrumb":{"@id":"https:\/\/www.tapasmagazine.es\/en\/kamala-harris-plans-fight-food-inflation\/#breadcrumb"},"inLanguage":"en-US","potentialAction":[{"@type":"ReadAction","target":["https:\/\/www.tapasmagazine.es\/en\/kamala-harris-plans-fight-food-inflation\/"]}]},{"@type":"ImageObject","inLanguage":"en-US","@id":"https:\/\/www.tapasmagazine.es\/en\/kamala-harris-plans-fight-food-inflation\/#primaryimage","url":"https:\/\/www.tapasmagazine.es\/wp-content\/uploads\/2024\/08\/kamala-harris.jpg","contentUrl":"https:\/\/www.tapasmagazine.es\/wp-content\/uploads\/2024\/08\/kamala-harris.jpg","width":1200,"height":675},{"@type":"BreadcrumbList","@id":"https:\/\/www.tapasmagazine.es\/en\/kamala-harris-plans-fight-food-inflation\/#breadcrumb","itemListElement":[{"@type":"ListItem","position":1,"name":"Portada","item":"https:\/\/www.tapasmagazine.es\/"},{"@type":"ListItem","position":2,"name":"Sin categorizar","item":"https:\/\/www.tapasmagazine.es\/categorias\/sin-categorizar\/"},{"@type":"ListItem","position":3,"name":"Kamala Harris plans to fight food inflation"}]},{"@type":"WebSite","@id":"https:\/\/www.tapasmagazine.es\/#website","url":"https:\/\/www.tapasmagazine.es\/","name":"Tapas","description":"\u00d1am \u00d1am Lifestyle. La vida a bocados. Premio Nacional de Gastronom\u00eda 2016.","publisher":{"@id":"https:\/\/www.tapasmagazine.es\/#organization"},"potentialAction":[{"@type":"SearchAction","target":{"@type":"EntryPoint","urlTemplate":"https:\/\/www.tapasmagazine.es\/?s={search_term_string}"},"query-input":{"@type":"PropertyValueSpecification","valueRequired":true,"valueName":"search_term_string"}}],"inLanguage":"en-US"},{"@type":"Organization","@id":"https:\/\/www.tapasmagazine.es\/#organization","name":"Tapas Magazine","url":"https:\/\/www.tapasmagazine.es\/","logo":{"@type":"ImageObject","inLanguage":"en-US","@id":"https:\/\/www.tapasmagazine.es\/#\/schema\/logo\/image\/","url":"https:\/\/www.tapasmagazine.es\/wp-content\/uploads\/2018\/01\/logo.png","contentUrl":"https:\/\/www.tapasmagazine.es\/wp-content\/uploads\/2018\/01\/logo.png","width":180,"height":60,"caption":"Tapas Magazine"},"image":{"@id":"https:\/\/www.tapasmagazine.es\/#\/schema\/logo\/image\/"},"sameAs":["https:\/\/www.facebook.com\/tapasmagazine","https:\/\/x.com\/TapasMagazine","https:\/\/www.instagram.com\/tapasmagazine\/","https:\/\/www.linkedin.com\/company\/tapas-magazine","https:\/\/es.pinterest.com\/tapasmagazine\/","https:\/\/www.youtube.com\/channel\/UCEyxneAaACuR0lfDagrWjjg?sub_confirmation=1"]},{"@type":"Person","@id":"https:\/\/www.tapasmagazine.es\/#\/schema\/person\/eb46cbe76a9c8f062660eb609e3ecb4e","name":"Laura P\u00e9rez","url":"https:\/\/www.tapasmagazine.es\/en\/author\/laura-perez\/"}]}},"_links":{"self":[{"href":"https:\/\/www.tapasmagazine.es\/en\/wp-json\/wp\/v2\/posts\/259366","targetHints":{"allow":["GET"]}}],"collection":[{"href":"https:\/\/www.tapasmagazine.es\/en\/wp-json\/wp\/v2\/posts"}],"about":[{"href":"https:\/\/www.tapasmagazine.es\/en\/wp-json\/wp\/v2\/types\/post"}],"author":[{"embeddable":true,"href":"https:\/\/www.tapasmagazine.es\/en\/wp-json\/wp\/v2\/users\/285"}],"replies":[{"embeddable":true,"href":"https:\/\/www.tapasmagazine.es\/en\/wp-json\/wp\/v2\/comments?post=259366"}],"version-history":[{"count":2,"href":"https:\/\/www.tapasmagazine.es\/en\/wp-json\/wp\/v2\/posts\/259366\/revisions"}],"predecessor-version":[{"id":259372,"href":"https:\/\/www.tapasmagazine.es\/en\/wp-json\/wp\/v2\/posts\/259366\/revisions\/259372"}],"wp:featuredmedia":[{"embeddable":true,"href":"https:\/\/www.tapasmagazine.es\/en\/wp-json\/wp\/v2\/media\/259359"}],"wp:attachment":[{"href":"https:\/\/www.tapasmagazine.es\/en\/wp-json\/wp\/v2\/media?parent=259366"}],"wp:term":[{"taxonomy":"category","embeddable":true,"href":"https:\/\/www.tapasmagazine.es\/en\/wp-json\/wp\/v2\/categories?post=259366"},{"taxonomy":"post_tag","embeddable":true,"href":"https:\/\/www.tapasmagazine.es\/en\/wp-json\/wp\/v2\/tags?post=259366"}],"curies":[{"name":"wp","href":"https:\/\/api.w.org\/{rel}","templated":true}]}}