{"id":258975,"date":"2024-08-13T14:24:35","date_gmt":"2024-08-13T12:24:35","guid":{"rendered":"https:\/\/www.tapasmagazine.es\/disney-world-abrira-una-taberna-inspirada-en-los-piratas-del-caribe\/"},"modified":"2024-08-13T14:27:44","modified_gmt":"2024-08-13T12:27:44","slug":"disney-world-to-open-pirates-of-the-caribbean-inspired-tavern","status":"publish","type":"post","link":"https:\/\/www.tapasmagazine.es\/en\/disney-world-to-open-pirates-of-the-caribbean-inspired-tavern\/","title":{"rendered":"Disney World to open &#8216;Pirates of the Caribbean&#8217; inspired tavern"},"content":{"rendered":"\n<p><strong>Click <a href=\"https:\/\/www.tapasmagazine.es\/disney-world-abrira-una-taberna-inspirada-en-los-piratas-del-caribe\/\" target=\"_blank\" rel=\"noreferrer noopener\">here<\/a> to read the Spanish version.<\/strong><\/p>\n\n\n\n<p>On Saturday, August 10, <strong>Disney<\/strong> shared new details about the already announced &#8216;<strong>Pirates of the Caribbean<\/strong>&#8216; tavern that will open in <strong>2025 <\/strong>inside the Florida theme park. We have thus been able to access a sneak peek of the project with plans and renderings unveiled during the &#8216;Horizons: Disney Experiences Showcase&#8217; exhibit at the D23 fan expo.<\/p>\n\n\n\n<p>&#8216;At Disney Experiences, Imagineers dream, create, design and build these stories in real places. And we have Imagineers right now all over the world because everything we&#8217;re going to share with you is in active development,&#8217; said Disney Experiences president Josh D&#8217;Amaro. &#8216;The blueprints are drawn. The land is moving. I want to be clear: We&#8217;re doing everything you&#8217;re going to hear tonight.&#8217;<\/p>\n\n\n<div class=\"wp-block-image\">\n<figure class=\"aligncenter size-large is-resized\"><img decoding=\"async\" width=\"1024\" height=\"683\" src=\"https:\/\/www.tapasmagazine.es\/wp-content\/uploads\/2024\/08\/disney-taberna-piratas-del-caribe-1-1024x683.webp\" alt=\"\" class=\"wp-image-258968\" style=\"width:1186px;height:auto\" srcset=\"https:\/\/www.tapasmagazine.es\/wp-content\/uploads\/2024\/08\/disney-taberna-piratas-del-caribe-1-1024x683.webp 1024w, https:\/\/www.tapasmagazine.es\/wp-content\/uploads\/2024\/08\/disney-taberna-piratas-del-caribe-1-300x200.webp 300w, https:\/\/www.tapasmagazine.es\/wp-content\/uploads\/2024\/08\/disney-taberna-piratas-del-caribe-1-768x512.webp 768w, https:\/\/www.tapasmagazine.es\/wp-content\/uploads\/2024\/08\/disney-taberna-piratas-del-caribe-1-1000x667.webp 1000w, https:\/\/www.tapasmagazine.es\/wp-content\/uploads\/2024\/08\/disney-taberna-piratas-del-caribe-1-400x267.webp 400w, https:\/\/www.tapasmagazine.es\/wp-content\/uploads\/2024\/08\/disney-taberna-piratas-del-caribe-1.webp 1500w\" sizes=\"(max-width: 1024px) 100vw, 1024px\" \/><\/figure>\n<\/div>\n\n\n<p>The &#8216;Pirates&#8217; room, inspired by the hit 2003 film franchise, is described as a &#8216;bustling watering hole&#8217; for pirates that will be part of the Disney universe. In the drawing, it can be seen how the space features a large anchor-shaped chandelier on the ceiling adorned with candles, along with pirate motifs, such as swords and pieces of treasure.<\/p>\n\n\n\n<p>Pirate diners will be able to enjoy a selection of grogs and food worthy of the sea in this tavern that will arrive at Magic Kingdom Park.<\/p>\n","protected":false},"excerpt":{"rendered":"<p>Click here to read the Spanish version. On Saturday, August 10, Disney shared new details about the already announced &#8216;Pirates of the Caribbean&#8216; tavern that will open in 2025 inside the Florida theme park. We have thus been able to access a sneak peek of the project with plans and renderings unveiled during the &#8216;Horizons: [&hellip;]<\/p>\n","protected":false},"author":285,"featured_media":258967,"comment_status":"closed","ping_status":"closed","sticky":false,"template":"","format":"standard","meta":{"_acf_changed":false,"footnotes":""},"categories":[15802],"tags":[17895],"class_list":["post-258975","post","type-post","status-publish","format-standard","has-post-thumbnail","hentry","category-news","tag-disney-en","cat-15802-id"],"acf":[],"yoast_head":"<!-- This site is optimized with the Yoast SEO plugin v27.4 - https:\/\/yoast.com\/product\/yoast-seo-wordpress\/ -->\n<title>Disney World to open &#039;Pirates of the Caribbean&#039; inspired tavern - Tapas<\/title>\n<meta name=\"description\" content=\"Click here to read the Spanish version. On Saturday, August 10, Disney shared new details about the already announced &#039;Pirates of the Caribbean&#039; tavern\" \/>\n<meta name=\"robots\" content=\"index, follow, max-snippet:-1, max-image-preview:large, max-video-preview:-1\" \/>\n<link rel=\"canonical\" href=\"https:\/\/www.tapasmagazine.es\/en\/disney-world-to-open-pirates-of-the-caribbean-inspired-tavern\/\" \/>\n<meta property=\"og:locale\" content=\"en_US\" \/>\n<meta property=\"og:type\" content=\"article\" \/>\n<meta property=\"og:title\" content=\"Disney World to open &#039;Pirates of the Caribbean&#039; inspired tavern - Tapas\" \/>\n<meta property=\"og:description\" content=\"Click here to read the Spanish version. On Saturday, August 10, Disney shared new details about the already announced &#039;Pirates of the Caribbean&#039; tavern\" \/>\n<meta property=\"og:url\" content=\"https:\/\/www.tapasmagazine.es\/en\/disney-world-to-open-pirates-of-the-caribbean-inspired-tavern\/\" \/>\n<meta property=\"og:site_name\" content=\"Tapas\" \/>\n<meta property=\"article:publisher\" content=\"https:\/\/www.facebook.com\/tapasmagazine\" \/>\n<meta property=\"article:published_time\" content=\"2024-08-13T12:24:35+00:00\" \/>\n<meta property=\"article:modified_time\" content=\"2024-08-13T12:27:44+00:00\" \/>\n<meta property=\"og:image\" content=\"https:\/\/www.tapasmagazine.es\/wp-content\/uploads\/2024\/08\/disney-taberna-piratas-del-caribe.jpg\" \/>\n\t<meta property=\"og:image:width\" content=\"1200\" \/>\n\t<meta property=\"og:image:height\" content=\"675\" \/>\n\t<meta property=\"og:image:type\" content=\"image\/jpeg\" \/>\n<meta name=\"author\" content=\"Laura P\u00e9rez\" \/>\n<meta name=\"twitter:card\" content=\"summary_large_image\" \/>\n<meta name=\"twitter:creator\" content=\"@TapasMagazine\" \/>\n<meta name=\"twitter:site\" content=\"@TapasMagazine\" \/>\n<meta name=\"twitter:label1\" content=\"Written by\" \/>\n\t<meta name=\"twitter:data1\" content=\"Laura P\u00e9rez\" \/>\n\t<meta name=\"twitter:label2\" content=\"Est. reading time\" \/>\n\t<meta name=\"twitter:data2\" content=\"2 minutes\" \/>\n<script type=\"application\/ld+json\" class=\"yoast-schema-graph\">{\"@context\":\"https:\\\/\\\/schema.org\",\"@graph\":[{\"@type\":\"Article\",\"@id\":\"https:\\\/\\\/www.tapasmagazine.es\\\/en\\\/disney-world-to-open-pirates-of-the-caribbean-inspired-tavern\\\/#article\",\"isPartOf\":{\"@id\":\"https:\\\/\\\/www.tapasmagazine.es\\\/en\\\/disney-world-to-open-pirates-of-the-caribbean-inspired-tavern\\\/\"},\"author\":{\"name\":\"Laura P\u00e9rez\",\"@id\":\"https:\\\/\\\/www.tapasmagazine.es\\\/#\\\/schema\\\/person\\\/eb46cbe76a9c8f062660eb609e3ecb4e\"},\"headline\":\"Disney World to open &#8216;Pirates of the Caribbean&#8217; inspired tavern\",\"datePublished\":\"2024-08-13T12:24:35+00:00\",\"dateModified\":\"2024-08-13T12:27:44+00:00\",\"mainEntityOfPage\":{\"@id\":\"https:\\\/\\\/www.tapasmagazine.es\\\/en\\\/disney-world-to-open-pirates-of-the-caribbean-inspired-tavern\\\/\"},\"wordCount\":224,\"publisher\":{\"@id\":\"https:\\\/\\\/www.tapasmagazine.es\\\/#organization\"},\"image\":{\"@id\":\"https:\\\/\\\/www.tapasmagazine.es\\\/en\\\/disney-world-to-open-pirates-of-the-caribbean-inspired-tavern\\\/#primaryimage\"},\"thumbnailUrl\":\"https:\\\/\\\/www.tapasmagazine.es\\\/wp-content\\\/uploads\\\/2024\\\/08\\\/disney-taberna-piratas-del-caribe.jpg\",\"keywords\":[\"Disney\"],\"articleSection\":[\"News\"],\"inLanguage\":\"en-US\"},{\"@type\":\"WebPage\",\"@id\":\"https:\\\/\\\/www.tapasmagazine.es\\\/en\\\/disney-world-to-open-pirates-of-the-caribbean-inspired-tavern\\\/\",\"url\":\"https:\\\/\\\/www.tapasmagazine.es\\\/en\\\/disney-world-to-open-pirates-of-the-caribbean-inspired-tavern\\\/\",\"name\":\"Disney World to open 'Pirates of the Caribbean' inspired tavern - Tapas\",\"isPartOf\":{\"@id\":\"https:\\\/\\\/www.tapasmagazine.es\\\/#website\"},\"primaryImageOfPage\":{\"@id\":\"https:\\\/\\\/www.tapasmagazine.es\\\/en\\\/disney-world-to-open-pirates-of-the-caribbean-inspired-tavern\\\/#primaryimage\"},\"image\":{\"@id\":\"https:\\\/\\\/www.tapasmagazine.es\\\/en\\\/disney-world-to-open-pirates-of-the-caribbean-inspired-tavern\\\/#primaryimage\"},\"thumbnailUrl\":\"https:\\\/\\\/www.tapasmagazine.es\\\/wp-content\\\/uploads\\\/2024\\\/08\\\/disney-taberna-piratas-del-caribe.jpg\",\"datePublished\":\"2024-08-13T12:24:35+00:00\",\"dateModified\":\"2024-08-13T12:27:44+00:00\",\"description\":\"Click here to read the Spanish version. On Saturday, August 10, Disney shared new details about the already announced 'Pirates of the Caribbean' tavern\",\"breadcrumb\":{\"@id\":\"https:\\\/\\\/www.tapasmagazine.es\\\/en\\\/disney-world-to-open-pirates-of-the-caribbean-inspired-tavern\\\/#breadcrumb\"},\"inLanguage\":\"en-US\",\"potentialAction\":[{\"@type\":\"ReadAction\",\"target\":[\"https:\\\/\\\/www.tapasmagazine.es\\\/en\\\/disney-world-to-open-pirates-of-the-caribbean-inspired-tavern\\\/\"]}]},{\"@type\":\"ImageObject\",\"inLanguage\":\"en-US\",\"@id\":\"https:\\\/\\\/www.tapasmagazine.es\\\/en\\\/disney-world-to-open-pirates-of-the-caribbean-inspired-tavern\\\/#primaryimage\",\"url\":\"https:\\\/\\\/www.tapasmagazine.es\\\/wp-content\\\/uploads\\\/2024\\\/08\\\/disney-taberna-piratas-del-caribe.jpg\",\"contentUrl\":\"https:\\\/\\\/www.tapasmagazine.es\\\/wp-content\\\/uploads\\\/2024\\\/08\\\/disney-taberna-piratas-del-caribe.jpg\",\"width\":1200,\"height\":675},{\"@type\":\"BreadcrumbList\",\"@id\":\"https:\\\/\\\/www.tapasmagazine.es\\\/en\\\/disney-world-to-open-pirates-of-the-caribbean-inspired-tavern\\\/#breadcrumb\",\"itemListElement\":[{\"@type\":\"ListItem\",\"position\":1,\"name\":\"Portada\",\"item\":\"https:\\\/\\\/www.tapasmagazine.es\\\/\"},{\"@type\":\"ListItem\",\"position\":2,\"name\":\"News\",\"item\":\"https:\\\/\\\/www.tapasmagazine.es\\\/en\\\/categorias\\\/news\\\/\"},{\"@type\":\"ListItem\",\"position\":3,\"name\":\"Disney World to open &#8216;Pirates of the Caribbean&#8217; inspired tavern\"}]},{\"@type\":\"WebSite\",\"@id\":\"https:\\\/\\\/www.tapasmagazine.es\\\/#website\",\"url\":\"https:\\\/\\\/www.tapasmagazine.es\\\/\",\"name\":\"Tapas\",\"description\":\"\u00d1am \u00d1am Lifestyle. La vida a bocados. Premio Nacional de Gastronom\u00eda 2016.\",\"publisher\":{\"@id\":\"https:\\\/\\\/www.tapasmagazine.es\\\/#organization\"},\"potentialAction\":[{\"@type\":\"SearchAction\",\"target\":{\"@type\":\"EntryPoint\",\"urlTemplate\":\"https:\\\/\\\/www.tapasmagazine.es\\\/?s={search_term_string}\"},\"query-input\":{\"@type\":\"PropertyValueSpecification\",\"valueRequired\":true,\"valueName\":\"search_term_string\"}}],\"inLanguage\":\"en-US\"},{\"@type\":\"Organization\",\"@id\":\"https:\\\/\\\/www.tapasmagazine.es\\\/#organization\",\"name\":\"Tapas Magazine\",\"url\":\"https:\\\/\\\/www.tapasmagazine.es\\\/\",\"logo\":{\"@type\":\"ImageObject\",\"inLanguage\":\"en-US\",\"@id\":\"https:\\\/\\\/www.tapasmagazine.es\\\/#\\\/schema\\\/logo\\\/image\\\/\",\"url\":\"https:\\\/\\\/www.tapasmagazine.es\\\/wp-content\\\/uploads\\\/2018\\\/01\\\/logo.png\",\"contentUrl\":\"https:\\\/\\\/www.tapasmagazine.es\\\/wp-content\\\/uploads\\\/2018\\\/01\\\/logo.png\",\"width\":180,\"height\":60,\"caption\":\"Tapas Magazine\"},\"image\":{\"@id\":\"https:\\\/\\\/www.tapasmagazine.es\\\/#\\\/schema\\\/logo\\\/image\\\/\"},\"sameAs\":[\"https:\\\/\\\/www.facebook.com\\\/tapasmagazine\",\"https:\\\/\\\/x.com\\\/TapasMagazine\",\"https:\\\/\\\/www.instagram.com\\\/tapasmagazine\\\/\",\"https:\\\/\\\/www.linkedin.com\\\/company\\\/tapas-magazine\",\"https:\\\/\\\/es.pinterest.com\\\/tapasmagazine\\\/\",\"https:\\\/\\\/www.youtube.com\\\/channel\\\/UCEyxneAaACuR0lfDagrWjjg?sub_confirmation=1\"]},{\"@type\":\"Person\",\"@id\":\"https:\\\/\\\/www.tapasmagazine.es\\\/#\\\/schema\\\/person\\\/eb46cbe76a9c8f062660eb609e3ecb4e\",\"name\":\"Laura P\u00e9rez\",\"url\":\"https:\\\/\\\/www.tapasmagazine.es\\\/en\\\/author\\\/laura-perez\\\/\"}]}<\/script>\n<!-- \/ Yoast SEO plugin. -->","yoast_head_json":{"title":"Disney World to open 'Pirates of the Caribbean' inspired tavern - Tapas","description":"Click here to read the Spanish version. On Saturday, August 10, Disney shared new details about the already announced 'Pirates of the Caribbean' tavern","robots":{"index":"index","follow":"follow","max-snippet":"max-snippet:-1","max-image-preview":"max-image-preview:large","max-video-preview":"max-video-preview:-1"},"canonical":"https:\/\/www.tapasmagazine.es\/en\/disney-world-to-open-pirates-of-the-caribbean-inspired-tavern\/","og_locale":"en_US","og_type":"article","og_title":"Disney World to open 'Pirates of the Caribbean' inspired tavern - Tapas","og_description":"Click here to read the Spanish version. On Saturday, August 10, Disney shared new details about the already announced 'Pirates of the Caribbean' tavern","og_url":"https:\/\/www.tapasmagazine.es\/en\/disney-world-to-open-pirates-of-the-caribbean-inspired-tavern\/","og_site_name":"Tapas","article_publisher":"https:\/\/www.facebook.com\/tapasmagazine","article_published_time":"2024-08-13T12:24:35+00:00","article_modified_time":"2024-08-13T12:27:44+00:00","og_image":[{"width":1200,"height":675,"url":"https:\/\/www.tapasmagazine.es\/wp-content\/uploads\/2024\/08\/disney-taberna-piratas-del-caribe.jpg","type":"image\/jpeg"}],"author":"Laura P\u00e9rez","twitter_card":"summary_large_image","twitter_creator":"@TapasMagazine","twitter_site":"@TapasMagazine","twitter_misc":{"Written by":"Laura P\u00e9rez","Est. reading time":"2 minutes"},"schema":{"@context":"https:\/\/schema.org","@graph":[{"@type":"Article","@id":"https:\/\/www.tapasmagazine.es\/en\/disney-world-to-open-pirates-of-the-caribbean-inspired-tavern\/#article","isPartOf":{"@id":"https:\/\/www.tapasmagazine.es\/en\/disney-world-to-open-pirates-of-the-caribbean-inspired-tavern\/"},"author":{"name":"Laura P\u00e9rez","@id":"https:\/\/www.tapasmagazine.es\/#\/schema\/person\/eb46cbe76a9c8f062660eb609e3ecb4e"},"headline":"Disney World to open &#8216;Pirates of the Caribbean&#8217; inspired tavern","datePublished":"2024-08-13T12:24:35+00:00","dateModified":"2024-08-13T12:27:44+00:00","mainEntityOfPage":{"@id":"https:\/\/www.tapasmagazine.es\/en\/disney-world-to-open-pirates-of-the-caribbean-inspired-tavern\/"},"wordCount":224,"publisher":{"@id":"https:\/\/www.tapasmagazine.es\/#organization"},"image":{"@id":"https:\/\/www.tapasmagazine.es\/en\/disney-world-to-open-pirates-of-the-caribbean-inspired-tavern\/#primaryimage"},"thumbnailUrl":"https:\/\/www.tapasmagazine.es\/wp-content\/uploads\/2024\/08\/disney-taberna-piratas-del-caribe.jpg","keywords":["Disney"],"articleSection":["News"],"inLanguage":"en-US"},{"@type":"WebPage","@id":"https:\/\/www.tapasmagazine.es\/en\/disney-world-to-open-pirates-of-the-caribbean-inspired-tavern\/","url":"https:\/\/www.tapasmagazine.es\/en\/disney-world-to-open-pirates-of-the-caribbean-inspired-tavern\/","name":"Disney World to open 'Pirates of the Caribbean' inspired tavern - Tapas","isPartOf":{"@id":"https:\/\/www.tapasmagazine.es\/#website"},"primaryImageOfPage":{"@id":"https:\/\/www.tapasmagazine.es\/en\/disney-world-to-open-pirates-of-the-caribbean-inspired-tavern\/#primaryimage"},"image":{"@id":"https:\/\/www.tapasmagazine.es\/en\/disney-world-to-open-pirates-of-the-caribbean-inspired-tavern\/#primaryimage"},"thumbnailUrl":"https:\/\/www.tapasmagazine.es\/wp-content\/uploads\/2024\/08\/disney-taberna-piratas-del-caribe.jpg","datePublished":"2024-08-13T12:24:35+00:00","dateModified":"2024-08-13T12:27:44+00:00","description":"Click here to read the Spanish version. On Saturday, August 10, Disney shared new details about the already announced 'Pirates of the Caribbean' tavern","breadcrumb":{"@id":"https:\/\/www.tapasmagazine.es\/en\/disney-world-to-open-pirates-of-the-caribbean-inspired-tavern\/#breadcrumb"},"inLanguage":"en-US","potentialAction":[{"@type":"ReadAction","target":["https:\/\/www.tapasmagazine.es\/en\/disney-world-to-open-pirates-of-the-caribbean-inspired-tavern\/"]}]},{"@type":"ImageObject","inLanguage":"en-US","@id":"https:\/\/www.tapasmagazine.es\/en\/disney-world-to-open-pirates-of-the-caribbean-inspired-tavern\/#primaryimage","url":"https:\/\/www.tapasmagazine.es\/wp-content\/uploads\/2024\/08\/disney-taberna-piratas-del-caribe.jpg","contentUrl":"https:\/\/www.tapasmagazine.es\/wp-content\/uploads\/2024\/08\/disney-taberna-piratas-del-caribe.jpg","width":1200,"height":675},{"@type":"BreadcrumbList","@id":"https:\/\/www.tapasmagazine.es\/en\/disney-world-to-open-pirates-of-the-caribbean-inspired-tavern\/#breadcrumb","itemListElement":[{"@type":"ListItem","position":1,"name":"Portada","item":"https:\/\/www.tapasmagazine.es\/"},{"@type":"ListItem","position":2,"name":"News","item":"https:\/\/www.tapasmagazine.es\/en\/categorias\/news\/"},{"@type":"ListItem","position":3,"name":"Disney World to open &#8216;Pirates of the Caribbean&#8217; inspired tavern"}]},{"@type":"WebSite","@id":"https:\/\/www.tapasmagazine.es\/#website","url":"https:\/\/www.tapasmagazine.es\/","name":"Tapas","description":"\u00d1am \u00d1am Lifestyle. La vida a bocados. Premio Nacional de Gastronom\u00eda 2016.","publisher":{"@id":"https:\/\/www.tapasmagazine.es\/#organization"},"potentialAction":[{"@type":"SearchAction","target":{"@type":"EntryPoint","urlTemplate":"https:\/\/www.tapasmagazine.es\/?s={search_term_string}"},"query-input":{"@type":"PropertyValueSpecification","valueRequired":true,"valueName":"search_term_string"}}],"inLanguage":"en-US"},{"@type":"Organization","@id":"https:\/\/www.tapasmagazine.es\/#organization","name":"Tapas Magazine","url":"https:\/\/www.tapasmagazine.es\/","logo":{"@type":"ImageObject","inLanguage":"en-US","@id":"https:\/\/www.tapasmagazine.es\/#\/schema\/logo\/image\/","url":"https:\/\/www.tapasmagazine.es\/wp-content\/uploads\/2018\/01\/logo.png","contentUrl":"https:\/\/www.tapasmagazine.es\/wp-content\/uploads\/2018\/01\/logo.png","width":180,"height":60,"caption":"Tapas Magazine"},"image":{"@id":"https:\/\/www.tapasmagazine.es\/#\/schema\/logo\/image\/"},"sameAs":["https:\/\/www.facebook.com\/tapasmagazine","https:\/\/x.com\/TapasMagazine","https:\/\/www.instagram.com\/tapasmagazine\/","https:\/\/www.linkedin.com\/company\/tapas-magazine","https:\/\/es.pinterest.com\/tapasmagazine\/","https:\/\/www.youtube.com\/channel\/UCEyxneAaACuR0lfDagrWjjg?sub_confirmation=1"]},{"@type":"Person","@id":"https:\/\/www.tapasmagazine.es\/#\/schema\/person\/eb46cbe76a9c8f062660eb609e3ecb4e","name":"Laura P\u00e9rez","url":"https:\/\/www.tapasmagazine.es\/en\/author\/laura-perez\/"}]}},"_links":{"self":[{"href":"https:\/\/www.tapasmagazine.es\/en\/wp-json\/wp\/v2\/posts\/258975","targetHints":{"allow":["GET"]}}],"collection":[{"href":"https:\/\/www.tapasmagazine.es\/en\/wp-json\/wp\/v2\/posts"}],"about":[{"href":"https:\/\/www.tapasmagazine.es\/en\/wp-json\/wp\/v2\/types\/post"}],"author":[{"embeddable":true,"href":"https:\/\/www.tapasmagazine.es\/en\/wp-json\/wp\/v2\/users\/285"}],"replies":[{"embeddable":true,"href":"https:\/\/www.tapasmagazine.es\/en\/wp-json\/wp\/v2\/comments?post=258975"}],"version-history":[{"count":2,"href":"https:\/\/www.tapasmagazine.es\/en\/wp-json\/wp\/v2\/posts\/258975\/revisions"}],"predecessor-version":[{"id":258979,"href":"https:\/\/www.tapasmagazine.es\/en\/wp-json\/wp\/v2\/posts\/258975\/revisions\/258979"}],"wp:featuredmedia":[{"embeddable":true,"href":"https:\/\/www.tapasmagazine.es\/en\/wp-json\/wp\/v2\/media\/258967"}],"wp:attachment":[{"href":"https:\/\/www.tapasmagazine.es\/en\/wp-json\/wp\/v2\/media?parent=258975"}],"wp:term":[{"taxonomy":"category","embeddable":true,"href":"https:\/\/www.tapasmagazine.es\/en\/wp-json\/wp\/v2\/categories?post=258975"},{"taxonomy":"post_tag","embeddable":true,"href":"https:\/\/www.tapasmagazine.es\/en\/wp-json\/wp\/v2\/tags?post=258975"}],"curies":[{"name":"wp","href":"https:\/\/api.w.org\/{rel}","templated":true}]}}