{"id":258068,"date":"2024-07-29T11:36:47","date_gmt":"2024-07-29T09:36:47","guid":{"rendered":"https:\/\/www.tapasmagazine.es\/altered-la-experiencia-del-chef-chazz-titus-que-fusiona-arte-diseno-y-gastronomia\/"},"modified":"2024-07-29T11:42:03","modified_gmt":"2024-07-29T09:42:03","slug":"altered-experience-chef-chazz-titus-fuses-art-design-gastronmy","status":"publish","type":"post","link":"https:\/\/www.tapasmagazine.es\/en\/altered-experience-chef-chazz-titus-fuses-art-design-gastronmy\/","title":{"rendered":"Altered: the experience of chef Chazz Titus that fuses art, design and gastronomy"},"content":{"rendered":"\n<p><strong>Click <a href=\"https:\/\/www.tapasmagazine.es\/altered-la-experiencia-del-chef-chazz-titus-que-fusiona-arte-diseno-y-gastronomia\/\" target=\"_blank\" rel=\"noreferrer noopener\">here<\/a> to read the Spanish version.<\/strong><\/p>\n\n\n\n<p><strong>Titus<\/strong>&#8216;<strong> gastronomic laboratory<\/strong> emerged in 2022 in collaboration with Vanessa Redondo, founder of the <strong>We Crave Food Design Studio<\/strong>. The chef, who has just been recognised in Mexico with a Michelin Star and a Green Star for the restaurant Los Danzantes Oaxaca, thus leads the <strong>Altered by We Crave<\/strong> project that synthesises design, art and gastronomy in a single concept.<\/p>\n\n\n\n<p>This fusion serves up an immersive and memorable sensory experience in the<strong> Barrio de Las Salesas <\/strong>that combines the identity of the We Crave culinary design studio, with dishes capable of transcending and generating emotions and memories, with the high-level cuisine and sustainable commitment of chef Chazz Titus. This shared narrative is transferred to an avant-garde proposal for breakfasts and meals presented in this stimulating space.<\/p>\n\n\n<div class=\"wp-block-image\">\n<figure class=\"aligncenter size-large is-resized\"><img decoding=\"async\" width=\"683\" height=\"1024\" src=\"https:\/\/www.tapasmagazine.es\/wp-content\/uploads\/2024\/07\/altered-2-683x1024.jpg\" alt=\"\" class=\"wp-image-258053\" style=\"width:1117px;height:auto\" srcset=\"https:\/\/www.tapasmagazine.es\/wp-content\/uploads\/2024\/07\/altered-2-683x1024.jpg 683w, https:\/\/www.tapasmagazine.es\/wp-content\/uploads\/2024\/07\/altered-2-200x300.jpg 200w, https:\/\/www.tapasmagazine.es\/wp-content\/uploads\/2024\/07\/altered-2-768x1152.jpg 768w, https:\/\/www.tapasmagazine.es\/wp-content\/uploads\/2024\/07\/altered-2-1024x1536.jpg 1024w, https:\/\/www.tapasmagazine.es\/wp-content\/uploads\/2024\/07\/altered-2-1366x2048.jpg 1366w, https:\/\/www.tapasmagazine.es\/wp-content\/uploads\/2024\/07\/altered-2-1000x1500.jpg 1000w, https:\/\/www.tapasmagazine.es\/wp-content\/uploads\/2024\/07\/altered-2-400x600.jpg 400w, https:\/\/www.tapasmagazine.es\/wp-content\/uploads\/2024\/07\/altered-2-scaled.jpg 1707w\" sizes=\"(max-width: 683px) 100vw, 683px\" \/><\/figure>\n<\/div>\n\n\n<p>Altered is not just a tasting space, but a laboratory of gastronomic innovation. Here we explore new ways of knowing, valuing and enjoying food, creating dishes that are as much a work of art as they are a culinary experience&#8217;, says<strong> Chazz <\/strong>about the Madrid project. Vanessa, for her part, reflects that &#8216;Altered is a space where I can share my passion for gastronomy in a close environment. The trust and collaboration with Chazz allows us to create an authentic and exciting offer, based on our intuition and creativity&#8217;.<\/p>\n\n\n<div class=\"wp-block-image\">\n<figure class=\"aligncenter size-large is-resized\"><img decoding=\"async\" width=\"683\" height=\"1024\" src=\"https:\/\/www.tapasmagazine.es\/wp-content\/uploads\/2024\/07\/altered-5-683x1024.jpg\" alt=\"\" class=\"wp-image-258060\" style=\"width:1237px;height:auto\" srcset=\"https:\/\/www.tapasmagazine.es\/wp-content\/uploads\/2024\/07\/altered-5-683x1024.jpg 683w, https:\/\/www.tapasmagazine.es\/wp-content\/uploads\/2024\/07\/altered-5-200x300.jpg 200w, https:\/\/www.tapasmagazine.es\/wp-content\/uploads\/2024\/07\/altered-5-768x1152.jpg 768w, https:\/\/www.tapasmagazine.es\/wp-content\/uploads\/2024\/07\/altered-5-1024x1536.jpg 1024w, https:\/\/www.tapasmagazine.es\/wp-content\/uploads\/2024\/07\/altered-5-1365x2048.jpg 1365w, https:\/\/www.tapasmagazine.es\/wp-content\/uploads\/2024\/07\/altered-5-1000x1500.jpg 1000w, https:\/\/www.tapasmagazine.es\/wp-content\/uploads\/2024\/07\/altered-5-400x600.jpg 400w, https:\/\/www.tapasmagazine.es\/wp-content\/uploads\/2024\/07\/altered-5-scaled.jpg 1707w\" sizes=\"(max-width: 683px) 100vw, 683px\" \/><\/figure>\n<\/div>\n\n\n<h2 class=\"wp-block-heading\">Culinary works<\/h2>\n\n\n\n<p>The result is minimalist, sophisticated and unpretentious dishes that dilute the connection between art and craft. I love to play with asymmetry in my dishes, which is why I always use odd numbers in their composition. The point is always to achieve a high visual impact and the maximum prominence of the main ingredient&#8217;, says Vanessa. Minimalism is undoubtedly another of the great protagonists, says Vanessa: &#8216;When you work with an extraordinary product, the important thing is to let the flavours express themselves, that the purity of the ingredient is the protagonist and the components that accompany it are elements of contrast, texture and flavour, which together create a special synergy beyond the sum of its parts&#8217;.<\/p>\n\n\n<div class=\"wp-block-image\">\n<figure class=\"aligncenter size-large is-resized\"><img decoding=\"async\" width=\"1024\" height=\"683\" src=\"https:\/\/www.tapasmagazine.es\/wp-content\/uploads\/2024\/07\/altered-3-1024x683.jpg\" alt=\"\" class=\"wp-image-258055\" style=\"width:1168px;height:auto\" srcset=\"https:\/\/www.tapasmagazine.es\/wp-content\/uploads\/2024\/07\/altered-3-1024x683.jpg 1024w, https:\/\/www.tapasmagazine.es\/wp-content\/uploads\/2024\/07\/altered-3-300x200.jpg 300w, https:\/\/www.tapasmagazine.es\/wp-content\/uploads\/2024\/07\/altered-3-768x512.jpg 768w, https:\/\/www.tapasmagazine.es\/wp-content\/uploads\/2024\/07\/altered-3-1536x1024.jpg 1536w, https:\/\/www.tapasmagazine.es\/wp-content\/uploads\/2024\/07\/altered-3-2048x1365.jpg 2048w, https:\/\/www.tapasmagazine.es\/wp-content\/uploads\/2024\/07\/altered-3-1000x667.jpg 1000w, https:\/\/www.tapasmagazine.es\/wp-content\/uploads\/2024\/07\/altered-3-400x267.jpg 400w\" sizes=\"(max-width: 1024px) 100vw, 1024px\" \/><\/figure>\n<\/div>\n\n\n<p>Entre las opciones permanentes, que gozan de gran popularidad desde su apertura, destacan la Tosta de Setas, Mantequilla de Avellanas y Hierbas; el Gr\u00f8d, Avena al Estilo Dan\u00e9s con Fruta de Temporada, Granola, Nueces Tostadas y Caramelo Salado; el Consom\u00e9 de Boletus con Setas al Vapor, Fideos de Arroz y Aceite de Shiitake; la Ensalada de Pollo Confitado con Lascas de Hinojo, Gajos de Naranjas Navel y Sanguina y Emulsi\u00f3n C\u00edtrica con Piment\u00f3n de La Vera; o el Grilled Cheese de Ossau Iraty con Bacon y Emulsi\u00f3n de Yema. <\/p>\n\n\n<div class=\"wp-block-image\">\n<figure class=\"aligncenter size-large is-resized\"><img decoding=\"async\" width=\"1024\" height=\"683\" src=\"https:\/\/www.tapasmagazine.es\/wp-content\/uploads\/2024\/07\/altered-4-1024x683.jpg\" alt=\"\" class=\"wp-image-258057\" style=\"width:1132px;height:auto\" srcset=\"https:\/\/www.tapasmagazine.es\/wp-content\/uploads\/2024\/07\/altered-4-1024x683.jpg 1024w, https:\/\/www.tapasmagazine.es\/wp-content\/uploads\/2024\/07\/altered-4-300x200.jpg 300w, https:\/\/www.tapasmagazine.es\/wp-content\/uploads\/2024\/07\/altered-4-768x512.jpg 768w, https:\/\/www.tapasmagazine.es\/wp-content\/uploads\/2024\/07\/altered-4-1536x1024.jpg 1536w, https:\/\/www.tapasmagazine.es\/wp-content\/uploads\/2024\/07\/altered-4-2048x1365.jpg 2048w, https:\/\/www.tapasmagazine.es\/wp-content\/uploads\/2024\/07\/altered-4-1000x667.jpg 1000w, https:\/\/www.tapasmagazine.es\/wp-content\/uploads\/2024\/07\/altered-4-400x267.jpg 400w\" sizes=\"(max-width: 1024px) 100vw, 1024px\" \/><\/figure>\n<\/div>\n\n\n<p>The 2024 menu includes dishes such as the Iberian and Blue Tomato Slice Toast, Iberian Shoulder and Extra Virgin Olive Oil; the Creamy Yoghurt flavoured with Tonka Bean, Yellow Lemon Cream, Almond Crumble and Forest Fruits; or the Crispy Green Salad, made with Bobby Beans, Tirabeques, Bimi and Green Asparagus, accompanied with a Ginger and Furikake Vinaigrette.<\/p>\n\n\n\n<p>With an intimate seating capacity for only <strong>16 diners<\/strong> in the main area and 6 more in a private area, Altered by We Crave will offer a close and exclusive service.<\/p>\n\n\n\n<h2 class=\"wp-block-heading\">&#8216;Chef&#8217;s Table&#8217; con Chazz Titus<\/h2>\n\n\n\n<p>At the end of the summer, <strong>Altered by We Crave<\/strong> will also introduce a new concept of pop-up dinners, intimate, by reservation and only on weekends, where you can enjoy a creative haute cuisine experience designed by Chazz Titus. This will consist of a five-course tasting menu, which will evolve and renew itself over time.<\/p>\n","protected":false},"excerpt":{"rendered":"<p>Click here to read the Spanish version. Titus&#8216; gastronomic laboratory emerged in 2022 in collaboration with Vanessa Redondo, founder of the We Crave Food Design Studio. The chef, who has just been recognised in Mexico with a Michelin Star and a Green Star for the restaurant Los Danzantes Oaxaca, thus leads the Altered by We [&hellip;]<\/p>\n","protected":false},"author":285,"featured_media":258052,"comment_status":"closed","ping_status":"closed","sticky":false,"template":"","format":"standard","meta":{"_acf_changed":false,"footnotes":""},"categories":[15848,18831,15851,1],"tags":[17459,15824],"class_list":["post-258068","post","type-post","status-publish","format-standard","has-post-thumbnail","hentry","category-chefs-en","category-lifestyle-en","category-nombres-propios-en","category-sin-categorizar","tag-arte-en","tag-gastronomia-en","cat-15848-id","cat-18831-id","cat-15851-id","cat-1-id"],"acf":[],"yoast_head":"<!-- This site is optimized with the Yoast SEO plugin v27.5 - https:\/\/yoast.com\/product\/yoast-seo-wordpress\/ -->\n<title>Altered: the experience of chef Chazz Titus that fuses art, design and gastronomy - Tapas<\/title>\n<meta name=\"description\" content=\"Click here to read the Spanish version. Titus&#039; gastronomic laboratory emerged in 2022 in collaboration with Vanessa Redondo, founder of the We Crave Food\" \/>\n<meta name=\"robots\" content=\"index, follow, max-snippet:-1, max-image-preview:large, max-video-preview:-1\" \/>\n<link rel=\"canonical\" href=\"https:\/\/www.tapasmagazine.es\/en\/altered-experience-chef-chazz-titus-fuses-art-design-gastronmy\/\" \/>\n<meta property=\"og:locale\" content=\"en_US\" \/>\n<meta property=\"og:type\" content=\"article\" \/>\n<meta property=\"og:title\" content=\"Altered: the experience of chef Chazz Titus that fuses art, design and gastronomy - Tapas\" \/>\n<meta property=\"og:description\" content=\"Click here to read the Spanish version. Titus&#039; gastronomic laboratory emerged in 2022 in collaboration with Vanessa Redondo, founder of the We Crave Food\" \/>\n<meta property=\"og:url\" content=\"https:\/\/www.tapasmagazine.es\/en\/altered-experience-chef-chazz-titus-fuses-art-design-gastronmy\/\" \/>\n<meta property=\"og:site_name\" content=\"Tapas\" \/>\n<meta property=\"article:publisher\" content=\"https:\/\/www.facebook.com\/tapasmagazine\" \/>\n<meta property=\"article:published_time\" content=\"2024-07-29T09:36:47+00:00\" \/>\n<meta property=\"article:modified_time\" content=\"2024-07-29T09:42:03+00:00\" \/>\n<meta property=\"og:image\" content=\"https:\/\/www.tapasmagazine.es\/wp-content\/uploads\/2024\/07\/altered-1.jpg\" \/>\n\t<meta property=\"og:image:width\" content=\"1200\" \/>\n\t<meta property=\"og:image:height\" content=\"675\" \/>\n\t<meta property=\"og:image:type\" content=\"image\/jpeg\" \/>\n<meta name=\"author\" content=\"Laura P\u00e9rez\" \/>\n<meta name=\"twitter:card\" content=\"summary_large_image\" \/>\n<meta name=\"twitter:creator\" content=\"@TapasMagazine\" \/>\n<meta name=\"twitter:site\" content=\"@TapasMagazine\" \/>\n<meta name=\"twitter:label1\" content=\"Written by\" \/>\n\t<meta name=\"twitter:data1\" content=\"Laura P\u00e9rez\" \/>\n\t<meta name=\"twitter:label2\" content=\"Est. reading time\" \/>\n\t<meta name=\"twitter:data2\" content=\"4 minutes\" \/>\n<script type=\"application\/ld+json\" class=\"yoast-schema-graph\">{\"@context\":\"https:\\\/\\\/schema.org\",\"@graph\":[{\"@type\":\"Article\",\"@id\":\"https:\\\/\\\/www.tapasmagazine.es\\\/en\\\/altered-experience-chef-chazz-titus-fuses-art-design-gastronmy\\\/#article\",\"isPartOf\":{\"@id\":\"https:\\\/\\\/www.tapasmagazine.es\\\/en\\\/altered-experience-chef-chazz-titus-fuses-art-design-gastronmy\\\/\"},\"author\":{\"name\":\"Laura P\u00e9rez\",\"@id\":\"https:\\\/\\\/www.tapasmagazine.es\\\/#\\\/schema\\\/person\\\/eb46cbe76a9c8f062660eb609e3ecb4e\"},\"headline\":\"Altered: the experience of chef Chazz Titus that fuses art, design and gastronomy\",\"datePublished\":\"2024-07-29T09:36:47+00:00\",\"dateModified\":\"2024-07-29T09:42:03+00:00\",\"mainEntityOfPage\":{\"@id\":\"https:\\\/\\\/www.tapasmagazine.es\\\/en\\\/altered-experience-chef-chazz-titus-fuses-art-design-gastronmy\\\/\"},\"wordCount\":594,\"publisher\":{\"@id\":\"https:\\\/\\\/www.tapasmagazine.es\\\/#organization\"},\"image\":{\"@id\":\"https:\\\/\\\/www.tapasmagazine.es\\\/en\\\/altered-experience-chef-chazz-titus-fuses-art-design-gastronmy\\\/#primaryimage\"},\"thumbnailUrl\":\"https:\\\/\\\/www.tapasmagazine.es\\\/wp-content\\\/uploads\\\/2024\\\/07\\\/altered-1.jpg\",\"keywords\":[\"arte\",\"gastronom\u00eda\"],\"articleSection\":[\"Chefs\",\"Lifestyle\",\"Nombres propios\",\"Sin categorizar\"],\"inLanguage\":\"en-US\"},{\"@type\":\"WebPage\",\"@id\":\"https:\\\/\\\/www.tapasmagazine.es\\\/en\\\/altered-experience-chef-chazz-titus-fuses-art-design-gastronmy\\\/\",\"url\":\"https:\\\/\\\/www.tapasmagazine.es\\\/en\\\/altered-experience-chef-chazz-titus-fuses-art-design-gastronmy\\\/\",\"name\":\"Altered: the experience of chef Chazz Titus that fuses art, design and gastronomy - Tapas\",\"isPartOf\":{\"@id\":\"https:\\\/\\\/www.tapasmagazine.es\\\/#website\"},\"primaryImageOfPage\":{\"@id\":\"https:\\\/\\\/www.tapasmagazine.es\\\/en\\\/altered-experience-chef-chazz-titus-fuses-art-design-gastronmy\\\/#primaryimage\"},\"image\":{\"@id\":\"https:\\\/\\\/www.tapasmagazine.es\\\/en\\\/altered-experience-chef-chazz-titus-fuses-art-design-gastronmy\\\/#primaryimage\"},\"thumbnailUrl\":\"https:\\\/\\\/www.tapasmagazine.es\\\/wp-content\\\/uploads\\\/2024\\\/07\\\/altered-1.jpg\",\"datePublished\":\"2024-07-29T09:36:47+00:00\",\"dateModified\":\"2024-07-29T09:42:03+00:00\",\"description\":\"Click here to read the Spanish version. Titus' gastronomic laboratory emerged in 2022 in collaboration with Vanessa Redondo, founder of the We Crave Food\",\"breadcrumb\":{\"@id\":\"https:\\\/\\\/www.tapasmagazine.es\\\/en\\\/altered-experience-chef-chazz-titus-fuses-art-design-gastronmy\\\/#breadcrumb\"},\"inLanguage\":\"en-US\",\"potentialAction\":[{\"@type\":\"ReadAction\",\"target\":[\"https:\\\/\\\/www.tapasmagazine.es\\\/en\\\/altered-experience-chef-chazz-titus-fuses-art-design-gastronmy\\\/\"]}]},{\"@type\":\"ImageObject\",\"inLanguage\":\"en-US\",\"@id\":\"https:\\\/\\\/www.tapasmagazine.es\\\/en\\\/altered-experience-chef-chazz-titus-fuses-art-design-gastronmy\\\/#primaryimage\",\"url\":\"https:\\\/\\\/www.tapasmagazine.es\\\/wp-content\\\/uploads\\\/2024\\\/07\\\/altered-1.jpg\",\"contentUrl\":\"https:\\\/\\\/www.tapasmagazine.es\\\/wp-content\\\/uploads\\\/2024\\\/07\\\/altered-1.jpg\",\"width\":1200,\"height\":675},{\"@type\":\"BreadcrumbList\",\"@id\":\"https:\\\/\\\/www.tapasmagazine.es\\\/en\\\/altered-experience-chef-chazz-titus-fuses-art-design-gastronmy\\\/#breadcrumb\",\"itemListElement\":[{\"@type\":\"ListItem\",\"position\":1,\"name\":\"Portada\",\"item\":\"https:\\\/\\\/www.tapasmagazine.es\\\/\"},{\"@type\":\"ListItem\",\"position\":2,\"name\":\"Sin categorizar\",\"item\":\"https:\\\/\\\/www.tapasmagazine.es\\\/categorias\\\/sin-categorizar\\\/\"},{\"@type\":\"ListItem\",\"position\":3,\"name\":\"Altered: the experience of chef Chazz Titus that fuses art, design and gastronomy\"}]},{\"@type\":\"WebSite\",\"@id\":\"https:\\\/\\\/www.tapasmagazine.es\\\/#website\",\"url\":\"https:\\\/\\\/www.tapasmagazine.es\\\/\",\"name\":\"Tapas\",\"description\":\"\u00d1am \u00d1am Lifestyle. La vida a bocados. Premio Nacional de Gastronom\u00eda 2016.\",\"publisher\":{\"@id\":\"https:\\\/\\\/www.tapasmagazine.es\\\/#organization\"},\"potentialAction\":[{\"@type\":\"SearchAction\",\"target\":{\"@type\":\"EntryPoint\",\"urlTemplate\":\"https:\\\/\\\/www.tapasmagazine.es\\\/?s={search_term_string}\"},\"query-input\":{\"@type\":\"PropertyValueSpecification\",\"valueRequired\":true,\"valueName\":\"search_term_string\"}}],\"inLanguage\":\"en-US\"},{\"@type\":\"Organization\",\"@id\":\"https:\\\/\\\/www.tapasmagazine.es\\\/#organization\",\"name\":\"Tapas Magazine\",\"url\":\"https:\\\/\\\/www.tapasmagazine.es\\\/\",\"logo\":{\"@type\":\"ImageObject\",\"inLanguage\":\"en-US\",\"@id\":\"https:\\\/\\\/www.tapasmagazine.es\\\/#\\\/schema\\\/logo\\\/image\\\/\",\"url\":\"https:\\\/\\\/www.tapasmagazine.es\\\/wp-content\\\/uploads\\\/2018\\\/01\\\/logo.png\",\"contentUrl\":\"https:\\\/\\\/www.tapasmagazine.es\\\/wp-content\\\/uploads\\\/2018\\\/01\\\/logo.png\",\"width\":180,\"height\":60,\"caption\":\"Tapas Magazine\"},\"image\":{\"@id\":\"https:\\\/\\\/www.tapasmagazine.es\\\/#\\\/schema\\\/logo\\\/image\\\/\"},\"sameAs\":[\"https:\\\/\\\/www.facebook.com\\\/tapasmagazine\",\"https:\\\/\\\/x.com\\\/TapasMagazine\",\"https:\\\/\\\/www.instagram.com\\\/tapasmagazine\\\/\",\"https:\\\/\\\/www.linkedin.com\\\/company\\\/tapas-magazine\",\"https:\\\/\\\/es.pinterest.com\\\/tapasmagazine\\\/\",\"https:\\\/\\\/www.youtube.com\\\/channel\\\/UCEyxneAaACuR0lfDagrWjjg?sub_confirmation=1\"]},{\"@type\":\"Person\",\"@id\":\"https:\\\/\\\/www.tapasmagazine.es\\\/#\\\/schema\\\/person\\\/eb46cbe76a9c8f062660eb609e3ecb4e\",\"name\":\"Laura P\u00e9rez\",\"url\":\"https:\\\/\\\/www.tapasmagazine.es\\\/en\\\/author\\\/laura-perez\\\/\"}]}<\/script>\n<!-- \/ Yoast SEO plugin. -->","yoast_head_json":{"title":"Altered: the experience of chef Chazz Titus that fuses art, design and gastronomy - Tapas","description":"Click here to read the Spanish version. Titus' gastronomic laboratory emerged in 2022 in collaboration with Vanessa Redondo, founder of the We Crave Food","robots":{"index":"index","follow":"follow","max-snippet":"max-snippet:-1","max-image-preview":"max-image-preview:large","max-video-preview":"max-video-preview:-1"},"canonical":"https:\/\/www.tapasmagazine.es\/en\/altered-experience-chef-chazz-titus-fuses-art-design-gastronmy\/","og_locale":"en_US","og_type":"article","og_title":"Altered: the experience of chef Chazz Titus that fuses art, design and gastronomy - Tapas","og_description":"Click here to read the Spanish version. Titus' gastronomic laboratory emerged in 2022 in collaboration with Vanessa Redondo, founder of the We Crave Food","og_url":"https:\/\/www.tapasmagazine.es\/en\/altered-experience-chef-chazz-titus-fuses-art-design-gastronmy\/","og_site_name":"Tapas","article_publisher":"https:\/\/www.facebook.com\/tapasmagazine","article_published_time":"2024-07-29T09:36:47+00:00","article_modified_time":"2024-07-29T09:42:03+00:00","og_image":[{"width":1200,"height":675,"url":"https:\/\/www.tapasmagazine.es\/wp-content\/uploads\/2024\/07\/altered-1.jpg","type":"image\/jpeg"}],"author":"Laura P\u00e9rez","twitter_card":"summary_large_image","twitter_creator":"@TapasMagazine","twitter_site":"@TapasMagazine","twitter_misc":{"Written by":"Laura P\u00e9rez","Est. reading time":"4 minutes"},"schema":{"@context":"https:\/\/schema.org","@graph":[{"@type":"Article","@id":"https:\/\/www.tapasmagazine.es\/en\/altered-experience-chef-chazz-titus-fuses-art-design-gastronmy\/#article","isPartOf":{"@id":"https:\/\/www.tapasmagazine.es\/en\/altered-experience-chef-chazz-titus-fuses-art-design-gastronmy\/"},"author":{"name":"Laura P\u00e9rez","@id":"https:\/\/www.tapasmagazine.es\/#\/schema\/person\/eb46cbe76a9c8f062660eb609e3ecb4e"},"headline":"Altered: the experience of chef Chazz Titus that fuses art, design and gastronomy","datePublished":"2024-07-29T09:36:47+00:00","dateModified":"2024-07-29T09:42:03+00:00","mainEntityOfPage":{"@id":"https:\/\/www.tapasmagazine.es\/en\/altered-experience-chef-chazz-titus-fuses-art-design-gastronmy\/"},"wordCount":594,"publisher":{"@id":"https:\/\/www.tapasmagazine.es\/#organization"},"image":{"@id":"https:\/\/www.tapasmagazine.es\/en\/altered-experience-chef-chazz-titus-fuses-art-design-gastronmy\/#primaryimage"},"thumbnailUrl":"https:\/\/www.tapasmagazine.es\/wp-content\/uploads\/2024\/07\/altered-1.jpg","keywords":["arte","gastronom\u00eda"],"articleSection":["Chefs","Lifestyle","Nombres propios","Sin categorizar"],"inLanguage":"en-US"},{"@type":"WebPage","@id":"https:\/\/www.tapasmagazine.es\/en\/altered-experience-chef-chazz-titus-fuses-art-design-gastronmy\/","url":"https:\/\/www.tapasmagazine.es\/en\/altered-experience-chef-chazz-titus-fuses-art-design-gastronmy\/","name":"Altered: the experience of chef Chazz Titus that fuses art, design and gastronomy - Tapas","isPartOf":{"@id":"https:\/\/www.tapasmagazine.es\/#website"},"primaryImageOfPage":{"@id":"https:\/\/www.tapasmagazine.es\/en\/altered-experience-chef-chazz-titus-fuses-art-design-gastronmy\/#primaryimage"},"image":{"@id":"https:\/\/www.tapasmagazine.es\/en\/altered-experience-chef-chazz-titus-fuses-art-design-gastronmy\/#primaryimage"},"thumbnailUrl":"https:\/\/www.tapasmagazine.es\/wp-content\/uploads\/2024\/07\/altered-1.jpg","datePublished":"2024-07-29T09:36:47+00:00","dateModified":"2024-07-29T09:42:03+00:00","description":"Click here to read the Spanish version. Titus' gastronomic laboratory emerged in 2022 in collaboration with Vanessa Redondo, founder of the We Crave Food","breadcrumb":{"@id":"https:\/\/www.tapasmagazine.es\/en\/altered-experience-chef-chazz-titus-fuses-art-design-gastronmy\/#breadcrumb"},"inLanguage":"en-US","potentialAction":[{"@type":"ReadAction","target":["https:\/\/www.tapasmagazine.es\/en\/altered-experience-chef-chazz-titus-fuses-art-design-gastronmy\/"]}]},{"@type":"ImageObject","inLanguage":"en-US","@id":"https:\/\/www.tapasmagazine.es\/en\/altered-experience-chef-chazz-titus-fuses-art-design-gastronmy\/#primaryimage","url":"https:\/\/www.tapasmagazine.es\/wp-content\/uploads\/2024\/07\/altered-1.jpg","contentUrl":"https:\/\/www.tapasmagazine.es\/wp-content\/uploads\/2024\/07\/altered-1.jpg","width":1200,"height":675},{"@type":"BreadcrumbList","@id":"https:\/\/www.tapasmagazine.es\/en\/altered-experience-chef-chazz-titus-fuses-art-design-gastronmy\/#breadcrumb","itemListElement":[{"@type":"ListItem","position":1,"name":"Portada","item":"https:\/\/www.tapasmagazine.es\/"},{"@type":"ListItem","position":2,"name":"Sin categorizar","item":"https:\/\/www.tapasmagazine.es\/categorias\/sin-categorizar\/"},{"@type":"ListItem","position":3,"name":"Altered: the experience of chef Chazz Titus that fuses art, design and gastronomy"}]},{"@type":"WebSite","@id":"https:\/\/www.tapasmagazine.es\/#website","url":"https:\/\/www.tapasmagazine.es\/","name":"Tapas","description":"\u00d1am \u00d1am Lifestyle. La vida a bocados. Premio Nacional de Gastronom\u00eda 2016.","publisher":{"@id":"https:\/\/www.tapasmagazine.es\/#organization"},"potentialAction":[{"@type":"SearchAction","target":{"@type":"EntryPoint","urlTemplate":"https:\/\/www.tapasmagazine.es\/?s={search_term_string}"},"query-input":{"@type":"PropertyValueSpecification","valueRequired":true,"valueName":"search_term_string"}}],"inLanguage":"en-US"},{"@type":"Organization","@id":"https:\/\/www.tapasmagazine.es\/#organization","name":"Tapas Magazine","url":"https:\/\/www.tapasmagazine.es\/","logo":{"@type":"ImageObject","inLanguage":"en-US","@id":"https:\/\/www.tapasmagazine.es\/#\/schema\/logo\/image\/","url":"https:\/\/www.tapasmagazine.es\/wp-content\/uploads\/2018\/01\/logo.png","contentUrl":"https:\/\/www.tapasmagazine.es\/wp-content\/uploads\/2018\/01\/logo.png","width":180,"height":60,"caption":"Tapas Magazine"},"image":{"@id":"https:\/\/www.tapasmagazine.es\/#\/schema\/logo\/image\/"},"sameAs":["https:\/\/www.facebook.com\/tapasmagazine","https:\/\/x.com\/TapasMagazine","https:\/\/www.instagram.com\/tapasmagazine\/","https:\/\/www.linkedin.com\/company\/tapas-magazine","https:\/\/es.pinterest.com\/tapasmagazine\/","https:\/\/www.youtube.com\/channel\/UCEyxneAaACuR0lfDagrWjjg?sub_confirmation=1"]},{"@type":"Person","@id":"https:\/\/www.tapasmagazine.es\/#\/schema\/person\/eb46cbe76a9c8f062660eb609e3ecb4e","name":"Laura P\u00e9rez","url":"https:\/\/www.tapasmagazine.es\/en\/author\/laura-perez\/"}]}},"_links":{"self":[{"href":"https:\/\/www.tapasmagazine.es\/en\/wp-json\/wp\/v2\/posts\/258068","targetHints":{"allow":["GET"]}}],"collection":[{"href":"https:\/\/www.tapasmagazine.es\/en\/wp-json\/wp\/v2\/posts"}],"about":[{"href":"https:\/\/www.tapasmagazine.es\/en\/wp-json\/wp\/v2\/types\/post"}],"author":[{"embeddable":true,"href":"https:\/\/www.tapasmagazine.es\/en\/wp-json\/wp\/v2\/users\/285"}],"replies":[{"embeddable":true,"href":"https:\/\/www.tapasmagazine.es\/en\/wp-json\/wp\/v2\/comments?post=258068"}],"version-history":[{"count":2,"href":"https:\/\/www.tapasmagazine.es\/en\/wp-json\/wp\/v2\/posts\/258068\/revisions"}],"predecessor-version":[{"id":258077,"href":"https:\/\/www.tapasmagazine.es\/en\/wp-json\/wp\/v2\/posts\/258068\/revisions\/258077"}],"wp:featuredmedia":[{"embeddable":true,"href":"https:\/\/www.tapasmagazine.es\/en\/wp-json\/wp\/v2\/media\/258052"}],"wp:attachment":[{"href":"https:\/\/www.tapasmagazine.es\/en\/wp-json\/wp\/v2\/media?parent=258068"}],"wp:term":[{"taxonomy":"category","embeddable":true,"href":"https:\/\/www.tapasmagazine.es\/en\/wp-json\/wp\/v2\/categories?post=258068"},{"taxonomy":"post_tag","embeddable":true,"href":"https:\/\/www.tapasmagazine.es\/en\/wp-json\/wp\/v2\/tags?post=258068"}],"curies":[{"name":"wp","href":"https:\/\/api.w.org\/{rel}","templated":true}]}}