{"id":257506,"date":"2024-07-23T10:00:38","date_gmt":"2024-07-23T08:00:38","guid":{"rendered":"https:\/\/www.tapasmagazine.es\/kylie-jenner-y-timothee-chalamet-disfrutan-de-un-desayuno-en-chateau-la-coste\/"},"modified":"2024-07-23T10:04:51","modified_gmt":"2024-07-23T08:04:51","slug":"kylie-jenner-timothee-chalamet-enjoy-breakfast-at-chateau-la-coste","status":"publish","type":"post","link":"https:\/\/www.tapasmagazine.es\/en\/kylie-jenner-timothee-chalamet-enjoy-breakfast-at-chateau-la-coste\/","title":{"rendered":"Kylie Jenner and Timoth\u00e9e Chalamet enjoy a breakfast at Ch\u00e2teau La Coste"},"content":{"rendered":"\n<p><strong>Click <a href=\"https:\/\/www.tapasmagazine.es\/kylie-jenner-y-timothee-chalamet-disfrutan-de-un-desayuno-en-chateau-la-coste\/\" target=\"_blank\" rel=\"noreferrer noopener\">here<\/a> to read the Spanish version.<\/strong><\/p>\n\n\n\n<p>Having been in Italy for a holiday with her children, <strong>Kylie <\/strong>has continued to spice up her lavish life of luxury with <strong>Timoth\u00e9e Chalame<\/strong>t, rekindling the flame of their love once again.<\/p>\n\n\n\n<p>In the leaked images, the couple can be seen feasting over breakfast on one of the terraces at Ch\u00e2teau La Coste, a large vineyard located in the French community of Le Puy-Sainte-R\u00e9parade. There, organic wines are produced in a building that fuses architecture with gastronomy and art that shines in its spaces.<\/p>\n\n\n\n<p>With a surface area of 200 hectares, it has a rich history and a winemaking tradition that dates back to Roman times, in an exceptional setting of vineyards, cypress trees, stone pines, olive trees and oak trees. In addition, in its <strong>cellar<\/strong>, designed by the architect Jean Nouvel, you can taste some of the estate&#8217;s organic wines or sign up for a tasting workshop.<\/p>\n\n\n\n<figure class=\"wp-block-embed aligncenter is-type-rich is-provider-twitter wp-block-embed-twitter\"><div class=\"wp-block-embed__wrapper\">\n<blockquote class=\"twitter-tweet\" data-width=\"550\" data-dnt=\"true\"><p lang=\"en\" dir=\"ltr\">KYLIE JENNER &amp; TIMOTHEE CHALAMET<br>KEEPING UP WITH KYLI-THEE<a href=\"https:\/\/t.co\/M2HwHpFtOW\">https:\/\/t.co\/M2HwHpFtOW<\/a><\/p>&mdash; deuxmoi (@deuxmoiworld) <a href=\"https:\/\/twitter.com\/deuxmoiworld\/status\/1815507697581576659?ref_src=twsrc%5Etfw\">July 22, 2024<\/a><\/blockquote><script async src=\"https:\/\/platform.twitter.com\/widgets.js\" charset=\"utf-8\"><\/script>\n<\/div><\/figure>\n\n\n\n<p>The Ch\u00e2teau, in addition to having luxury suites to stay in, also has several fine dining restaurants such as that of chef <strong>H\u00e9l\u00e8ne Darroze<\/strong>. Seduced by the opulence and diversity of the region&#8217;s vegetables and fruit, H\u00e9l\u00e8ne has chosen to give them a starring role in the menus she creates for the H\u00e9l\u00e8ne Darroze haute cuisine restaurant at Villa La Coste. From the appetizers to the delicacies at the end of the meal, they lead the dance from start to finish until the title of each dish, with meat and fish only as accompaniments.&#8217;<\/p>\n","protected":false},"excerpt":{"rendered":"<p>Click here to read the Spanish version. Having been in Italy for a holiday with her children, Kylie has continued to spice up her lavish life of luxury with Timoth\u00e9e Chalamet, rekindling the flame of their love once again. In the leaked images, the couple can be seen feasting over breakfast on one of the [&hellip;]<\/p>\n","protected":false},"author":285,"featured_media":257502,"comment_status":"closed","ping_status":"closed","sticky":false,"template":"","format":"standard","meta":{"_acf_changed":false,"footnotes":""},"categories":[15851,15910],"tags":[18232],"class_list":["post-257506","post","type-post","status-publish","format-standard","has-post-thumbnail","hentry","category-nombres-propios-en","category-personajes-en","tag-kylie-jenner-en","cat-15851-id","cat-15910-id"],"acf":[],"yoast_head":"<!-- This site is optimized with the Yoast SEO plugin v27.4 - https:\/\/yoast.com\/product\/yoast-seo-wordpress\/ -->\n<title>Kylie Jenner and Timoth\u00e9e Chalamet enjoy a breakfast at Ch\u00e2teau La Coste - Tapas<\/title>\n<meta name=\"description\" content=\"Click here to read the Spanish version. Having been in Italy for a holiday with her children, Kylie has continued to spice up her lavish life of luxury\" \/>\n<meta name=\"robots\" content=\"index, follow, max-snippet:-1, max-image-preview:large, max-video-preview:-1\" \/>\n<link rel=\"canonical\" href=\"https:\/\/www.tapasmagazine.es\/en\/kylie-jenner-timothee-chalamet-enjoy-breakfast-at-chateau-la-coste\/\" \/>\n<meta property=\"og:locale\" content=\"en_US\" \/>\n<meta property=\"og:type\" content=\"article\" \/>\n<meta property=\"og:title\" content=\"Kylie Jenner and Timoth\u00e9e Chalamet enjoy a breakfast at Ch\u00e2teau La Coste - Tapas\" \/>\n<meta property=\"og:description\" content=\"Click here to read the Spanish version. Having been in Italy for a holiday with her children, Kylie has continued to spice up her lavish life of luxury\" \/>\n<meta property=\"og:url\" content=\"https:\/\/www.tapasmagazine.es\/en\/kylie-jenner-timothee-chalamet-enjoy-breakfast-at-chateau-la-coste\/\" \/>\n<meta property=\"og:site_name\" content=\"Tapas\" \/>\n<meta property=\"article:publisher\" content=\"https:\/\/www.facebook.com\/tapasmagazine\" \/>\n<meta property=\"article:published_time\" content=\"2024-07-23T08:00:38+00:00\" \/>\n<meta property=\"article:modified_time\" content=\"2024-07-23T08:04:51+00:00\" \/>\n<meta property=\"og:image\" content=\"https:\/\/www.tapasmagazine.es\/wp-content\/uploads\/2024\/07\/kylie-thimothee.jpg\" \/>\n\t<meta property=\"og:image:width\" content=\"1200\" \/>\n\t<meta property=\"og:image:height\" content=\"675\" \/>\n\t<meta property=\"og:image:type\" content=\"image\/jpeg\" \/>\n<meta name=\"author\" content=\"Laura P\u00e9rez\" \/>\n<meta name=\"twitter:card\" content=\"summary_large_image\" \/>\n<meta name=\"twitter:creator\" content=\"@TapasMagazine\" \/>\n<meta name=\"twitter:site\" content=\"@TapasMagazine\" \/>\n<meta name=\"twitter:label1\" content=\"Written by\" \/>\n\t<meta name=\"twitter:data1\" content=\"Laura P\u00e9rez\" \/>\n\t<meta name=\"twitter:label2\" content=\"Est. reading time\" \/>\n\t<meta name=\"twitter:data2\" content=\"2 minutes\" \/>\n<script type=\"application\/ld+json\" class=\"yoast-schema-graph\">{\"@context\":\"https:\\\/\\\/schema.org\",\"@graph\":[{\"@type\":\"Article\",\"@id\":\"https:\\\/\\\/www.tapasmagazine.es\\\/en\\\/kylie-jenner-timothee-chalamet-enjoy-breakfast-at-chateau-la-coste\\\/#article\",\"isPartOf\":{\"@id\":\"https:\\\/\\\/www.tapasmagazine.es\\\/en\\\/kylie-jenner-timothee-chalamet-enjoy-breakfast-at-chateau-la-coste\\\/\"},\"author\":{\"name\":\"Laura P\u00e9rez\",\"@id\":\"https:\\\/\\\/www.tapasmagazine.es\\\/#\\\/schema\\\/person\\\/eb46cbe76a9c8f062660eb609e3ecb4e\"},\"headline\":\"Kylie Jenner and Timoth\u00e9e Chalamet enjoy a breakfast at Ch\u00e2teau La Coste\",\"datePublished\":\"2024-07-23T08:00:38+00:00\",\"dateModified\":\"2024-07-23T08:04:51+00:00\",\"mainEntityOfPage\":{\"@id\":\"https:\\\/\\\/www.tapasmagazine.es\\\/en\\\/kylie-jenner-timothee-chalamet-enjoy-breakfast-at-chateau-la-coste\\\/\"},\"wordCount\":279,\"publisher\":{\"@id\":\"https:\\\/\\\/www.tapasmagazine.es\\\/#organization\"},\"image\":{\"@id\":\"https:\\\/\\\/www.tapasmagazine.es\\\/en\\\/kylie-jenner-timothee-chalamet-enjoy-breakfast-at-chateau-la-coste\\\/#primaryimage\"},\"thumbnailUrl\":\"https:\\\/\\\/www.tapasmagazine.es\\\/wp-content\\\/uploads\\\/2024\\\/07\\\/kylie-thimothee.jpg\",\"keywords\":[\"Kylie Jenner\"],\"articleSection\":[\"Nombres propios\",\"Personajes\"],\"inLanguage\":\"en-US\"},{\"@type\":\"WebPage\",\"@id\":\"https:\\\/\\\/www.tapasmagazine.es\\\/en\\\/kylie-jenner-timothee-chalamet-enjoy-breakfast-at-chateau-la-coste\\\/\",\"url\":\"https:\\\/\\\/www.tapasmagazine.es\\\/en\\\/kylie-jenner-timothee-chalamet-enjoy-breakfast-at-chateau-la-coste\\\/\",\"name\":\"Kylie Jenner and Timoth\u00e9e Chalamet enjoy a breakfast at Ch\u00e2teau La Coste - Tapas\",\"isPartOf\":{\"@id\":\"https:\\\/\\\/www.tapasmagazine.es\\\/#website\"},\"primaryImageOfPage\":{\"@id\":\"https:\\\/\\\/www.tapasmagazine.es\\\/en\\\/kylie-jenner-timothee-chalamet-enjoy-breakfast-at-chateau-la-coste\\\/#primaryimage\"},\"image\":{\"@id\":\"https:\\\/\\\/www.tapasmagazine.es\\\/en\\\/kylie-jenner-timothee-chalamet-enjoy-breakfast-at-chateau-la-coste\\\/#primaryimage\"},\"thumbnailUrl\":\"https:\\\/\\\/www.tapasmagazine.es\\\/wp-content\\\/uploads\\\/2024\\\/07\\\/kylie-thimothee.jpg\",\"datePublished\":\"2024-07-23T08:00:38+00:00\",\"dateModified\":\"2024-07-23T08:04:51+00:00\",\"description\":\"Click here to read the Spanish version. Having been in Italy for a holiday with her children, Kylie has continued to spice up her lavish life of luxury\",\"breadcrumb\":{\"@id\":\"https:\\\/\\\/www.tapasmagazine.es\\\/en\\\/kylie-jenner-timothee-chalamet-enjoy-breakfast-at-chateau-la-coste\\\/#breadcrumb\"},\"inLanguage\":\"en-US\",\"potentialAction\":[{\"@type\":\"ReadAction\",\"target\":[\"https:\\\/\\\/www.tapasmagazine.es\\\/en\\\/kylie-jenner-timothee-chalamet-enjoy-breakfast-at-chateau-la-coste\\\/\"]}]},{\"@type\":\"ImageObject\",\"inLanguage\":\"en-US\",\"@id\":\"https:\\\/\\\/www.tapasmagazine.es\\\/en\\\/kylie-jenner-timothee-chalamet-enjoy-breakfast-at-chateau-la-coste\\\/#primaryimage\",\"url\":\"https:\\\/\\\/www.tapasmagazine.es\\\/wp-content\\\/uploads\\\/2024\\\/07\\\/kylie-thimothee.jpg\",\"contentUrl\":\"https:\\\/\\\/www.tapasmagazine.es\\\/wp-content\\\/uploads\\\/2024\\\/07\\\/kylie-thimothee.jpg\",\"width\":1200,\"height\":675},{\"@type\":\"BreadcrumbList\",\"@id\":\"https:\\\/\\\/www.tapasmagazine.es\\\/en\\\/kylie-jenner-timothee-chalamet-enjoy-breakfast-at-chateau-la-coste\\\/#breadcrumb\",\"itemListElement\":[{\"@type\":\"ListItem\",\"position\":1,\"name\":\"Portada\",\"item\":\"https:\\\/\\\/www.tapasmagazine.es\\\/\"},{\"@type\":\"ListItem\",\"position\":2,\"name\":\"Nombres propios\",\"item\":\"https:\\\/\\\/www.tapasmagazine.es\\\/en\\\/categorias\\\/nombres-propios-en\\\/\"},{\"@type\":\"ListItem\",\"position\":3,\"name\":\"Kylie Jenner and Timoth\u00e9e Chalamet enjoy a breakfast at Ch\u00e2teau La Coste\"}]},{\"@type\":\"WebSite\",\"@id\":\"https:\\\/\\\/www.tapasmagazine.es\\\/#website\",\"url\":\"https:\\\/\\\/www.tapasmagazine.es\\\/\",\"name\":\"Tapas\",\"description\":\"\u00d1am \u00d1am Lifestyle. La vida a bocados. Premio Nacional de Gastronom\u00eda 2016.\",\"publisher\":{\"@id\":\"https:\\\/\\\/www.tapasmagazine.es\\\/#organization\"},\"potentialAction\":[{\"@type\":\"SearchAction\",\"target\":{\"@type\":\"EntryPoint\",\"urlTemplate\":\"https:\\\/\\\/www.tapasmagazine.es\\\/?s={search_term_string}\"},\"query-input\":{\"@type\":\"PropertyValueSpecification\",\"valueRequired\":true,\"valueName\":\"search_term_string\"}}],\"inLanguage\":\"en-US\"},{\"@type\":\"Organization\",\"@id\":\"https:\\\/\\\/www.tapasmagazine.es\\\/#organization\",\"name\":\"Tapas Magazine\",\"url\":\"https:\\\/\\\/www.tapasmagazine.es\\\/\",\"logo\":{\"@type\":\"ImageObject\",\"inLanguage\":\"en-US\",\"@id\":\"https:\\\/\\\/www.tapasmagazine.es\\\/#\\\/schema\\\/logo\\\/image\\\/\",\"url\":\"https:\\\/\\\/www.tapasmagazine.es\\\/wp-content\\\/uploads\\\/2018\\\/01\\\/logo.png\",\"contentUrl\":\"https:\\\/\\\/www.tapasmagazine.es\\\/wp-content\\\/uploads\\\/2018\\\/01\\\/logo.png\",\"width\":180,\"height\":60,\"caption\":\"Tapas Magazine\"},\"image\":{\"@id\":\"https:\\\/\\\/www.tapasmagazine.es\\\/#\\\/schema\\\/logo\\\/image\\\/\"},\"sameAs\":[\"https:\\\/\\\/www.facebook.com\\\/tapasmagazine\",\"https:\\\/\\\/x.com\\\/TapasMagazine\",\"https:\\\/\\\/www.instagram.com\\\/tapasmagazine\\\/\",\"https:\\\/\\\/www.linkedin.com\\\/company\\\/tapas-magazine\",\"https:\\\/\\\/es.pinterest.com\\\/tapasmagazine\\\/\",\"https:\\\/\\\/www.youtube.com\\\/channel\\\/UCEyxneAaACuR0lfDagrWjjg?sub_confirmation=1\"]},{\"@type\":\"Person\",\"@id\":\"https:\\\/\\\/www.tapasmagazine.es\\\/#\\\/schema\\\/person\\\/eb46cbe76a9c8f062660eb609e3ecb4e\",\"name\":\"Laura P\u00e9rez\",\"url\":\"https:\\\/\\\/www.tapasmagazine.es\\\/en\\\/author\\\/laura-perez\\\/\"}]}<\/script>\n<!-- \/ Yoast SEO plugin. -->","yoast_head_json":{"title":"Kylie Jenner and Timoth\u00e9e Chalamet enjoy a breakfast at Ch\u00e2teau La Coste - Tapas","description":"Click here to read the Spanish version. Having been in Italy for a holiday with her children, Kylie has continued to spice up her lavish life of luxury","robots":{"index":"index","follow":"follow","max-snippet":"max-snippet:-1","max-image-preview":"max-image-preview:large","max-video-preview":"max-video-preview:-1"},"canonical":"https:\/\/www.tapasmagazine.es\/en\/kylie-jenner-timothee-chalamet-enjoy-breakfast-at-chateau-la-coste\/","og_locale":"en_US","og_type":"article","og_title":"Kylie Jenner and Timoth\u00e9e Chalamet enjoy a breakfast at Ch\u00e2teau La Coste - Tapas","og_description":"Click here to read the Spanish version. Having been in Italy for a holiday with her children, Kylie has continued to spice up her lavish life of luxury","og_url":"https:\/\/www.tapasmagazine.es\/en\/kylie-jenner-timothee-chalamet-enjoy-breakfast-at-chateau-la-coste\/","og_site_name":"Tapas","article_publisher":"https:\/\/www.facebook.com\/tapasmagazine","article_published_time":"2024-07-23T08:00:38+00:00","article_modified_time":"2024-07-23T08:04:51+00:00","og_image":[{"width":1200,"height":675,"url":"https:\/\/www.tapasmagazine.es\/wp-content\/uploads\/2024\/07\/kylie-thimothee.jpg","type":"image\/jpeg"}],"author":"Laura P\u00e9rez","twitter_card":"summary_large_image","twitter_creator":"@TapasMagazine","twitter_site":"@TapasMagazine","twitter_misc":{"Written by":"Laura P\u00e9rez","Est. reading time":"2 minutes"},"schema":{"@context":"https:\/\/schema.org","@graph":[{"@type":"Article","@id":"https:\/\/www.tapasmagazine.es\/en\/kylie-jenner-timothee-chalamet-enjoy-breakfast-at-chateau-la-coste\/#article","isPartOf":{"@id":"https:\/\/www.tapasmagazine.es\/en\/kylie-jenner-timothee-chalamet-enjoy-breakfast-at-chateau-la-coste\/"},"author":{"name":"Laura P\u00e9rez","@id":"https:\/\/www.tapasmagazine.es\/#\/schema\/person\/eb46cbe76a9c8f062660eb609e3ecb4e"},"headline":"Kylie Jenner and Timoth\u00e9e Chalamet enjoy a breakfast at Ch\u00e2teau La Coste","datePublished":"2024-07-23T08:00:38+00:00","dateModified":"2024-07-23T08:04:51+00:00","mainEntityOfPage":{"@id":"https:\/\/www.tapasmagazine.es\/en\/kylie-jenner-timothee-chalamet-enjoy-breakfast-at-chateau-la-coste\/"},"wordCount":279,"publisher":{"@id":"https:\/\/www.tapasmagazine.es\/#organization"},"image":{"@id":"https:\/\/www.tapasmagazine.es\/en\/kylie-jenner-timothee-chalamet-enjoy-breakfast-at-chateau-la-coste\/#primaryimage"},"thumbnailUrl":"https:\/\/www.tapasmagazine.es\/wp-content\/uploads\/2024\/07\/kylie-thimothee.jpg","keywords":["Kylie Jenner"],"articleSection":["Nombres propios","Personajes"],"inLanguage":"en-US"},{"@type":"WebPage","@id":"https:\/\/www.tapasmagazine.es\/en\/kylie-jenner-timothee-chalamet-enjoy-breakfast-at-chateau-la-coste\/","url":"https:\/\/www.tapasmagazine.es\/en\/kylie-jenner-timothee-chalamet-enjoy-breakfast-at-chateau-la-coste\/","name":"Kylie Jenner and Timoth\u00e9e Chalamet enjoy a breakfast at Ch\u00e2teau La Coste - Tapas","isPartOf":{"@id":"https:\/\/www.tapasmagazine.es\/#website"},"primaryImageOfPage":{"@id":"https:\/\/www.tapasmagazine.es\/en\/kylie-jenner-timothee-chalamet-enjoy-breakfast-at-chateau-la-coste\/#primaryimage"},"image":{"@id":"https:\/\/www.tapasmagazine.es\/en\/kylie-jenner-timothee-chalamet-enjoy-breakfast-at-chateau-la-coste\/#primaryimage"},"thumbnailUrl":"https:\/\/www.tapasmagazine.es\/wp-content\/uploads\/2024\/07\/kylie-thimothee.jpg","datePublished":"2024-07-23T08:00:38+00:00","dateModified":"2024-07-23T08:04:51+00:00","description":"Click here to read the Spanish version. Having been in Italy for a holiday with her children, Kylie has continued to spice up her lavish life of luxury","breadcrumb":{"@id":"https:\/\/www.tapasmagazine.es\/en\/kylie-jenner-timothee-chalamet-enjoy-breakfast-at-chateau-la-coste\/#breadcrumb"},"inLanguage":"en-US","potentialAction":[{"@type":"ReadAction","target":["https:\/\/www.tapasmagazine.es\/en\/kylie-jenner-timothee-chalamet-enjoy-breakfast-at-chateau-la-coste\/"]}]},{"@type":"ImageObject","inLanguage":"en-US","@id":"https:\/\/www.tapasmagazine.es\/en\/kylie-jenner-timothee-chalamet-enjoy-breakfast-at-chateau-la-coste\/#primaryimage","url":"https:\/\/www.tapasmagazine.es\/wp-content\/uploads\/2024\/07\/kylie-thimothee.jpg","contentUrl":"https:\/\/www.tapasmagazine.es\/wp-content\/uploads\/2024\/07\/kylie-thimothee.jpg","width":1200,"height":675},{"@type":"BreadcrumbList","@id":"https:\/\/www.tapasmagazine.es\/en\/kylie-jenner-timothee-chalamet-enjoy-breakfast-at-chateau-la-coste\/#breadcrumb","itemListElement":[{"@type":"ListItem","position":1,"name":"Portada","item":"https:\/\/www.tapasmagazine.es\/"},{"@type":"ListItem","position":2,"name":"Nombres propios","item":"https:\/\/www.tapasmagazine.es\/en\/categorias\/nombres-propios-en\/"},{"@type":"ListItem","position":3,"name":"Kylie Jenner and Timoth\u00e9e Chalamet enjoy a breakfast at Ch\u00e2teau La Coste"}]},{"@type":"WebSite","@id":"https:\/\/www.tapasmagazine.es\/#website","url":"https:\/\/www.tapasmagazine.es\/","name":"Tapas","description":"\u00d1am \u00d1am Lifestyle. La vida a bocados. Premio Nacional de Gastronom\u00eda 2016.","publisher":{"@id":"https:\/\/www.tapasmagazine.es\/#organization"},"potentialAction":[{"@type":"SearchAction","target":{"@type":"EntryPoint","urlTemplate":"https:\/\/www.tapasmagazine.es\/?s={search_term_string}"},"query-input":{"@type":"PropertyValueSpecification","valueRequired":true,"valueName":"search_term_string"}}],"inLanguage":"en-US"},{"@type":"Organization","@id":"https:\/\/www.tapasmagazine.es\/#organization","name":"Tapas Magazine","url":"https:\/\/www.tapasmagazine.es\/","logo":{"@type":"ImageObject","inLanguage":"en-US","@id":"https:\/\/www.tapasmagazine.es\/#\/schema\/logo\/image\/","url":"https:\/\/www.tapasmagazine.es\/wp-content\/uploads\/2018\/01\/logo.png","contentUrl":"https:\/\/www.tapasmagazine.es\/wp-content\/uploads\/2018\/01\/logo.png","width":180,"height":60,"caption":"Tapas Magazine"},"image":{"@id":"https:\/\/www.tapasmagazine.es\/#\/schema\/logo\/image\/"},"sameAs":["https:\/\/www.facebook.com\/tapasmagazine","https:\/\/x.com\/TapasMagazine","https:\/\/www.instagram.com\/tapasmagazine\/","https:\/\/www.linkedin.com\/company\/tapas-magazine","https:\/\/es.pinterest.com\/tapasmagazine\/","https:\/\/www.youtube.com\/channel\/UCEyxneAaACuR0lfDagrWjjg?sub_confirmation=1"]},{"@type":"Person","@id":"https:\/\/www.tapasmagazine.es\/#\/schema\/person\/eb46cbe76a9c8f062660eb609e3ecb4e","name":"Laura P\u00e9rez","url":"https:\/\/www.tapasmagazine.es\/en\/author\/laura-perez\/"}]}},"_links":{"self":[{"href":"https:\/\/www.tapasmagazine.es\/en\/wp-json\/wp\/v2\/posts\/257506","targetHints":{"allow":["GET"]}}],"collection":[{"href":"https:\/\/www.tapasmagazine.es\/en\/wp-json\/wp\/v2\/posts"}],"about":[{"href":"https:\/\/www.tapasmagazine.es\/en\/wp-json\/wp\/v2\/types\/post"}],"author":[{"embeddable":true,"href":"https:\/\/www.tapasmagazine.es\/en\/wp-json\/wp\/v2\/users\/285"}],"replies":[{"embeddable":true,"href":"https:\/\/www.tapasmagazine.es\/en\/wp-json\/wp\/v2\/comments?post=257506"}],"version-history":[{"count":2,"href":"https:\/\/www.tapasmagazine.es\/en\/wp-json\/wp\/v2\/posts\/257506\/revisions"}],"predecessor-version":[{"id":257512,"href":"https:\/\/www.tapasmagazine.es\/en\/wp-json\/wp\/v2\/posts\/257506\/revisions\/257512"}],"wp:featuredmedia":[{"embeddable":true,"href":"https:\/\/www.tapasmagazine.es\/en\/wp-json\/wp\/v2\/media\/257502"}],"wp:attachment":[{"href":"https:\/\/www.tapasmagazine.es\/en\/wp-json\/wp\/v2\/media?parent=257506"}],"wp:term":[{"taxonomy":"category","embeddable":true,"href":"https:\/\/www.tapasmagazine.es\/en\/wp-json\/wp\/v2\/categories?post=257506"},{"taxonomy":"post_tag","embeddable":true,"href":"https:\/\/www.tapasmagazine.es\/en\/wp-json\/wp\/v2\/tags?post=257506"}],"curies":[{"name":"wp","href":"https:\/\/api.w.org\/{rel}","templated":true}]}}