{"id":257462,"date":"2024-07-22T14:34:57","date_gmt":"2024-07-22T12:34:57","guid":{"rendered":"https:\/\/www.tapasmagazine.es\/vicio-instala-una-pop-up-en-formentera\/"},"modified":"2024-07-22T14:37:38","modified_gmt":"2024-07-22T12:37:38","slug":"vicio-installs-pop-up-in-formentera","status":"publish","type":"post","link":"https:\/\/www.tapasmagazine.es\/en\/vicio-installs-pop-up-in-formentera\/","title":{"rendered":"VICIO installs a pop-up in Formentera"},"content":{"rendered":"\n<p><strong>Click <a href=\"https:\/\/www.tapasmagazine.es\/vicio-instala-una-pop-up-en-formentera\/\" target=\"_blank\" rel=\"noreferrer noopener\">here<\/a> to read the Spanish version.<\/strong><\/p>\n\n\n\n<p><strong>VICIO<\/strong> has landed in <strong>Formentera<\/strong> with a pop-up in the new restaurant <strong>CALA DUO<\/strong>, located in the privileged area of Ses Illetes.<\/p>\n\n\n\n<p>The smash burgers empire has decided to bring its culinary proposal to the Balearic Islands this summer. After four consecutive years leaving sparkles in the sunsets of the Costa Brava with its pop-up in Mas Sorrer, now it wanted to go a step further to settle in Formentera.<\/p>\n\n\n<div class=\"wp-block-image\">\n<figure class=\"aligncenter size-large is-resized\"><img decoding=\"async\" width=\"1024\" height=\"683\" src=\"https:\/\/www.tapasmagazine.es\/wp-content\/uploads\/2024\/07\/vicio-formentera-2-1024x683.jpg\" alt=\"\" class=\"wp-image-257452\" style=\"width:1064px;height:auto\" srcset=\"https:\/\/www.tapasmagazine.es\/wp-content\/uploads\/2024\/07\/vicio-formentera-2-1024x683.jpg 1024w, https:\/\/www.tapasmagazine.es\/wp-content\/uploads\/2024\/07\/vicio-formentera-2-300x200.jpg 300w, https:\/\/www.tapasmagazine.es\/wp-content\/uploads\/2024\/07\/vicio-formentera-2-768x512.jpg 768w, https:\/\/www.tapasmagazine.es\/wp-content\/uploads\/2024\/07\/vicio-formentera-2-1536x1024.jpg 1536w, https:\/\/www.tapasmagazine.es\/wp-content\/uploads\/2024\/07\/vicio-formentera-2-2048x1365.jpg 2048w, https:\/\/www.tapasmagazine.es\/wp-content\/uploads\/2024\/07\/vicio-formentera-2-1000x667.jpg 1000w, https:\/\/www.tapasmagazine.es\/wp-content\/uploads\/2024\/07\/vicio-formentera-2-400x267.jpg 400w\" sizes=\"(max-width: 1024px) 100vw, 1024px\" \/><\/figure>\n<\/div>\n\n\n<p>The inauguration of this collaboration was celebrated with a party at CALA DUO, attended by personalities such as Jessica Goicoechea and Noel Bayarri.<\/p>\n\n\n\n<p>The two recognized winners of MasterChef, <strong>Aleix Puig<\/strong> and <strong>Jorge Brazalez<\/strong>, have joined their talents to feed the summer spirit at CALA DUO with their proposal. Puig comments: &#8216;Coming to Formentera is one of the projects I am most excited about. This island is my place of peace and now it will also have our burgers in one of the best environments. Working together with Jorge has been a dream and we finally found the perfect time and the perfect place&#8217;.<\/p>\n\n\n<div class=\"wp-block-image\">\n<figure class=\"aligncenter size-full is-resized\"><img decoding=\"async\" width=\"600\" height=\"800\" src=\"https:\/\/www.tapasmagazine.es\/wp-content\/uploads\/2024\/07\/vicio-formentera-4.jpg\" alt=\"\" class=\"wp-image-257454\" style=\"width:1052px;height:auto\" srcset=\"https:\/\/www.tapasmagazine.es\/wp-content\/uploads\/2024\/07\/vicio-formentera-4.jpg 600w, https:\/\/www.tapasmagazine.es\/wp-content\/uploads\/2024\/07\/vicio-formentera-4-225x300.jpg 225w, https:\/\/www.tapasmagazine.es\/wp-content\/uploads\/2024\/07\/vicio-formentera-4-400x533.jpg 400w\" sizes=\"(max-width: 600px) 100vw, 600px\" \/><\/figure>\n<\/div>\n\n\n<h2 class=\"wp-block-heading\">Sunsets with a Taste of VICIO<\/h2>\n\n\n\n<p>The burgers will satisfy the &#8216;VICIO&#8217; of the island&#8217;s residents or tourists with its mythical cheeseburgers, truffled burgers and vegan options, along with appetizing sides such as VICIO fries. All this wrapped in a sustainable packaging to take care of the island&#8217;s ecosystem.<\/p>\n\n\n\n<p><strong>CALA DUO<\/strong>, located in front of Las Salinas and near the port of La Savina, will connect its gastronomic experience based on local high-end products with the coveted fast food of VICIO to become the new &#8216;place to be&#8217; on the island.<\/p>\n","protected":false},"excerpt":{"rendered":"<p>Click here to read the Spanish version. VICIO has landed in Formentera with a pop-up in the new restaurant CALA DUO, located in the privileged area of Ses Illetes. The smash burgers empire has decided to bring its culinary proposal to the Balearic Islands this summer. After four consecutive years leaving sparkles in the sunsets [&hellip;]<\/p>\n","protected":false},"author":285,"featured_media":257451,"comment_status":"closed","ping_status":"closed","sticky":false,"template":"","format":"standard","meta":{"_acf_changed":false,"footnotes":""},"categories":[15802],"tags":[16004,18541],"class_list":["post-257462","post","type-post","status-publish","format-standard","has-post-thumbnail","hentry","category-news","tag-hamburguesas-en","tag-vicio-en","cat-15802-id"],"acf":[],"yoast_head":"<!-- This site is optimized with the Yoast SEO plugin v27.4 - https:\/\/yoast.com\/product\/yoast-seo-wordpress\/ -->\n<title>VICIO installs a pop-up in Formentera - Tapas<\/title>\n<meta name=\"description\" content=\"Click here to read the Spanish version. VICIO has landed in Formentera with a pop-up in the new restaurant CALA DUO, located in the privileged area of Ses\" \/>\n<meta name=\"robots\" content=\"index, follow, max-snippet:-1, max-image-preview:large, max-video-preview:-1\" \/>\n<link rel=\"canonical\" href=\"https:\/\/www.tapasmagazine.es\/en\/vicio-installs-pop-up-in-formentera\/\" \/>\n<meta property=\"og:locale\" content=\"en_US\" \/>\n<meta property=\"og:type\" content=\"article\" \/>\n<meta property=\"og:title\" content=\"VICIO installs a pop-up in Formentera - Tapas\" \/>\n<meta property=\"og:description\" content=\"Click here to read the Spanish version. VICIO has landed in Formentera with a pop-up in the new restaurant CALA DUO, located in the privileged area of Ses\" \/>\n<meta property=\"og:url\" content=\"https:\/\/www.tapasmagazine.es\/en\/vicio-installs-pop-up-in-formentera\/\" \/>\n<meta property=\"og:site_name\" content=\"Tapas\" \/>\n<meta property=\"article:publisher\" content=\"https:\/\/www.facebook.com\/tapasmagazine\" \/>\n<meta property=\"article:published_time\" content=\"2024-07-22T12:34:57+00:00\" \/>\n<meta property=\"article:modified_time\" content=\"2024-07-22T12:37:38+00:00\" \/>\n<meta property=\"og:image\" content=\"https:\/\/www.tapasmagazine.es\/wp-content\/uploads\/2024\/07\/vicio-formentera-1.jpg\" \/>\n\t<meta property=\"og:image:width\" content=\"1200\" \/>\n\t<meta property=\"og:image:height\" content=\"675\" \/>\n\t<meta property=\"og:image:type\" content=\"image\/jpeg\" \/>\n<meta name=\"author\" content=\"Laura P\u00e9rez\" \/>\n<meta name=\"twitter:card\" content=\"summary_large_image\" \/>\n<meta name=\"twitter:creator\" content=\"@TapasMagazine\" \/>\n<meta name=\"twitter:site\" content=\"@TapasMagazine\" \/>\n<meta name=\"twitter:label1\" content=\"Written by\" \/>\n\t<meta name=\"twitter:data1\" content=\"Laura P\u00e9rez\" \/>\n\t<meta name=\"twitter:label2\" content=\"Est. reading time\" \/>\n\t<meta name=\"twitter:data2\" content=\"2 minutes\" \/>\n<script type=\"application\/ld+json\" class=\"yoast-schema-graph\">{\"@context\":\"https:\\\/\\\/schema.org\",\"@graph\":[{\"@type\":\"Article\",\"@id\":\"https:\\\/\\\/www.tapasmagazine.es\\\/en\\\/vicio-installs-pop-up-in-formentera\\\/#article\",\"isPartOf\":{\"@id\":\"https:\\\/\\\/www.tapasmagazine.es\\\/en\\\/vicio-installs-pop-up-in-formentera\\\/\"},\"author\":{\"name\":\"Laura P\u00e9rez\",\"@id\":\"https:\\\/\\\/www.tapasmagazine.es\\\/#\\\/schema\\\/person\\\/eb46cbe76a9c8f062660eb609e3ecb4e\"},\"headline\":\"VICIO installs a pop-up in Formentera\",\"datePublished\":\"2024-07-22T12:34:57+00:00\",\"dateModified\":\"2024-07-22T12:37:38+00:00\",\"mainEntityOfPage\":{\"@id\":\"https:\\\/\\\/www.tapasmagazine.es\\\/en\\\/vicio-installs-pop-up-in-formentera\\\/\"},\"wordCount\":280,\"publisher\":{\"@id\":\"https:\\\/\\\/www.tapasmagazine.es\\\/#organization\"},\"image\":{\"@id\":\"https:\\\/\\\/www.tapasmagazine.es\\\/en\\\/vicio-installs-pop-up-in-formentera\\\/#primaryimage\"},\"thumbnailUrl\":\"https:\\\/\\\/www.tapasmagazine.es\\\/wp-content\\\/uploads\\\/2024\\\/07\\\/vicio-formentera-1.jpg\",\"keywords\":[\"hamburguesas\",\"Vicio\"],\"articleSection\":[\"News\"],\"inLanguage\":\"en-US\"},{\"@type\":\"WebPage\",\"@id\":\"https:\\\/\\\/www.tapasmagazine.es\\\/en\\\/vicio-installs-pop-up-in-formentera\\\/\",\"url\":\"https:\\\/\\\/www.tapasmagazine.es\\\/en\\\/vicio-installs-pop-up-in-formentera\\\/\",\"name\":\"VICIO installs a pop-up in Formentera - Tapas\",\"isPartOf\":{\"@id\":\"https:\\\/\\\/www.tapasmagazine.es\\\/#website\"},\"primaryImageOfPage\":{\"@id\":\"https:\\\/\\\/www.tapasmagazine.es\\\/en\\\/vicio-installs-pop-up-in-formentera\\\/#primaryimage\"},\"image\":{\"@id\":\"https:\\\/\\\/www.tapasmagazine.es\\\/en\\\/vicio-installs-pop-up-in-formentera\\\/#primaryimage\"},\"thumbnailUrl\":\"https:\\\/\\\/www.tapasmagazine.es\\\/wp-content\\\/uploads\\\/2024\\\/07\\\/vicio-formentera-1.jpg\",\"datePublished\":\"2024-07-22T12:34:57+00:00\",\"dateModified\":\"2024-07-22T12:37:38+00:00\",\"description\":\"Click here to read the Spanish version. VICIO has landed in Formentera with a pop-up in the new restaurant CALA DUO, located in the privileged area of Ses\",\"breadcrumb\":{\"@id\":\"https:\\\/\\\/www.tapasmagazine.es\\\/en\\\/vicio-installs-pop-up-in-formentera\\\/#breadcrumb\"},\"inLanguage\":\"en-US\",\"potentialAction\":[{\"@type\":\"ReadAction\",\"target\":[\"https:\\\/\\\/www.tapasmagazine.es\\\/en\\\/vicio-installs-pop-up-in-formentera\\\/\"]}]},{\"@type\":\"ImageObject\",\"inLanguage\":\"en-US\",\"@id\":\"https:\\\/\\\/www.tapasmagazine.es\\\/en\\\/vicio-installs-pop-up-in-formentera\\\/#primaryimage\",\"url\":\"https:\\\/\\\/www.tapasmagazine.es\\\/wp-content\\\/uploads\\\/2024\\\/07\\\/vicio-formentera-1.jpg\",\"contentUrl\":\"https:\\\/\\\/www.tapasmagazine.es\\\/wp-content\\\/uploads\\\/2024\\\/07\\\/vicio-formentera-1.jpg\",\"width\":1200,\"height\":675},{\"@type\":\"BreadcrumbList\",\"@id\":\"https:\\\/\\\/www.tapasmagazine.es\\\/en\\\/vicio-installs-pop-up-in-formentera\\\/#breadcrumb\",\"itemListElement\":[{\"@type\":\"ListItem\",\"position\":1,\"name\":\"Portada\",\"item\":\"https:\\\/\\\/www.tapasmagazine.es\\\/\"},{\"@type\":\"ListItem\",\"position\":2,\"name\":\"News\",\"item\":\"https:\\\/\\\/www.tapasmagazine.es\\\/en\\\/categorias\\\/news\\\/\"},{\"@type\":\"ListItem\",\"position\":3,\"name\":\"VICIO installs a pop-up in Formentera\"}]},{\"@type\":\"WebSite\",\"@id\":\"https:\\\/\\\/www.tapasmagazine.es\\\/#website\",\"url\":\"https:\\\/\\\/www.tapasmagazine.es\\\/\",\"name\":\"Tapas\",\"description\":\"\u00d1am \u00d1am Lifestyle. La vida a bocados. Premio Nacional de Gastronom\u00eda 2016.\",\"publisher\":{\"@id\":\"https:\\\/\\\/www.tapasmagazine.es\\\/#organization\"},\"potentialAction\":[{\"@type\":\"SearchAction\",\"target\":{\"@type\":\"EntryPoint\",\"urlTemplate\":\"https:\\\/\\\/www.tapasmagazine.es\\\/?s={search_term_string}\"},\"query-input\":{\"@type\":\"PropertyValueSpecification\",\"valueRequired\":true,\"valueName\":\"search_term_string\"}}],\"inLanguage\":\"en-US\"},{\"@type\":\"Organization\",\"@id\":\"https:\\\/\\\/www.tapasmagazine.es\\\/#organization\",\"name\":\"Tapas Magazine\",\"url\":\"https:\\\/\\\/www.tapasmagazine.es\\\/\",\"logo\":{\"@type\":\"ImageObject\",\"inLanguage\":\"en-US\",\"@id\":\"https:\\\/\\\/www.tapasmagazine.es\\\/#\\\/schema\\\/logo\\\/image\\\/\",\"url\":\"https:\\\/\\\/www.tapasmagazine.es\\\/wp-content\\\/uploads\\\/2018\\\/01\\\/logo.png\",\"contentUrl\":\"https:\\\/\\\/www.tapasmagazine.es\\\/wp-content\\\/uploads\\\/2018\\\/01\\\/logo.png\",\"width\":180,\"height\":60,\"caption\":\"Tapas Magazine\"},\"image\":{\"@id\":\"https:\\\/\\\/www.tapasmagazine.es\\\/#\\\/schema\\\/logo\\\/image\\\/\"},\"sameAs\":[\"https:\\\/\\\/www.facebook.com\\\/tapasmagazine\",\"https:\\\/\\\/x.com\\\/TapasMagazine\",\"https:\\\/\\\/www.instagram.com\\\/tapasmagazine\\\/\",\"https:\\\/\\\/www.linkedin.com\\\/company\\\/tapas-magazine\",\"https:\\\/\\\/es.pinterest.com\\\/tapasmagazine\\\/\",\"https:\\\/\\\/www.youtube.com\\\/channel\\\/UCEyxneAaACuR0lfDagrWjjg?sub_confirmation=1\"]},{\"@type\":\"Person\",\"@id\":\"https:\\\/\\\/www.tapasmagazine.es\\\/#\\\/schema\\\/person\\\/eb46cbe76a9c8f062660eb609e3ecb4e\",\"name\":\"Laura P\u00e9rez\",\"url\":\"https:\\\/\\\/www.tapasmagazine.es\\\/en\\\/author\\\/laura-perez\\\/\"}]}<\/script>\n<!-- \/ Yoast SEO plugin. -->","yoast_head_json":{"title":"VICIO installs a pop-up in Formentera - Tapas","description":"Click here to read the Spanish version. VICIO has landed in Formentera with a pop-up in the new restaurant CALA DUO, located in the privileged area of Ses","robots":{"index":"index","follow":"follow","max-snippet":"max-snippet:-1","max-image-preview":"max-image-preview:large","max-video-preview":"max-video-preview:-1"},"canonical":"https:\/\/www.tapasmagazine.es\/en\/vicio-installs-pop-up-in-formentera\/","og_locale":"en_US","og_type":"article","og_title":"VICIO installs a pop-up in Formentera - Tapas","og_description":"Click here to read the Spanish version. VICIO has landed in Formentera with a pop-up in the new restaurant CALA DUO, located in the privileged area of Ses","og_url":"https:\/\/www.tapasmagazine.es\/en\/vicio-installs-pop-up-in-formentera\/","og_site_name":"Tapas","article_publisher":"https:\/\/www.facebook.com\/tapasmagazine","article_published_time":"2024-07-22T12:34:57+00:00","article_modified_time":"2024-07-22T12:37:38+00:00","og_image":[{"width":1200,"height":675,"url":"https:\/\/www.tapasmagazine.es\/wp-content\/uploads\/2024\/07\/vicio-formentera-1.jpg","type":"image\/jpeg"}],"author":"Laura P\u00e9rez","twitter_card":"summary_large_image","twitter_creator":"@TapasMagazine","twitter_site":"@TapasMagazine","twitter_misc":{"Written by":"Laura P\u00e9rez","Est. reading time":"2 minutes"},"schema":{"@context":"https:\/\/schema.org","@graph":[{"@type":"Article","@id":"https:\/\/www.tapasmagazine.es\/en\/vicio-installs-pop-up-in-formentera\/#article","isPartOf":{"@id":"https:\/\/www.tapasmagazine.es\/en\/vicio-installs-pop-up-in-formentera\/"},"author":{"name":"Laura P\u00e9rez","@id":"https:\/\/www.tapasmagazine.es\/#\/schema\/person\/eb46cbe76a9c8f062660eb609e3ecb4e"},"headline":"VICIO installs a pop-up in Formentera","datePublished":"2024-07-22T12:34:57+00:00","dateModified":"2024-07-22T12:37:38+00:00","mainEntityOfPage":{"@id":"https:\/\/www.tapasmagazine.es\/en\/vicio-installs-pop-up-in-formentera\/"},"wordCount":280,"publisher":{"@id":"https:\/\/www.tapasmagazine.es\/#organization"},"image":{"@id":"https:\/\/www.tapasmagazine.es\/en\/vicio-installs-pop-up-in-formentera\/#primaryimage"},"thumbnailUrl":"https:\/\/www.tapasmagazine.es\/wp-content\/uploads\/2024\/07\/vicio-formentera-1.jpg","keywords":["hamburguesas","Vicio"],"articleSection":["News"],"inLanguage":"en-US"},{"@type":"WebPage","@id":"https:\/\/www.tapasmagazine.es\/en\/vicio-installs-pop-up-in-formentera\/","url":"https:\/\/www.tapasmagazine.es\/en\/vicio-installs-pop-up-in-formentera\/","name":"VICIO installs a pop-up in Formentera - Tapas","isPartOf":{"@id":"https:\/\/www.tapasmagazine.es\/#website"},"primaryImageOfPage":{"@id":"https:\/\/www.tapasmagazine.es\/en\/vicio-installs-pop-up-in-formentera\/#primaryimage"},"image":{"@id":"https:\/\/www.tapasmagazine.es\/en\/vicio-installs-pop-up-in-formentera\/#primaryimage"},"thumbnailUrl":"https:\/\/www.tapasmagazine.es\/wp-content\/uploads\/2024\/07\/vicio-formentera-1.jpg","datePublished":"2024-07-22T12:34:57+00:00","dateModified":"2024-07-22T12:37:38+00:00","description":"Click here to read the Spanish version. VICIO has landed in Formentera with a pop-up in the new restaurant CALA DUO, located in the privileged area of Ses","breadcrumb":{"@id":"https:\/\/www.tapasmagazine.es\/en\/vicio-installs-pop-up-in-formentera\/#breadcrumb"},"inLanguage":"en-US","potentialAction":[{"@type":"ReadAction","target":["https:\/\/www.tapasmagazine.es\/en\/vicio-installs-pop-up-in-formentera\/"]}]},{"@type":"ImageObject","inLanguage":"en-US","@id":"https:\/\/www.tapasmagazine.es\/en\/vicio-installs-pop-up-in-formentera\/#primaryimage","url":"https:\/\/www.tapasmagazine.es\/wp-content\/uploads\/2024\/07\/vicio-formentera-1.jpg","contentUrl":"https:\/\/www.tapasmagazine.es\/wp-content\/uploads\/2024\/07\/vicio-formentera-1.jpg","width":1200,"height":675},{"@type":"BreadcrumbList","@id":"https:\/\/www.tapasmagazine.es\/en\/vicio-installs-pop-up-in-formentera\/#breadcrumb","itemListElement":[{"@type":"ListItem","position":1,"name":"Portada","item":"https:\/\/www.tapasmagazine.es\/"},{"@type":"ListItem","position":2,"name":"News","item":"https:\/\/www.tapasmagazine.es\/en\/categorias\/news\/"},{"@type":"ListItem","position":3,"name":"VICIO installs a pop-up in Formentera"}]},{"@type":"WebSite","@id":"https:\/\/www.tapasmagazine.es\/#website","url":"https:\/\/www.tapasmagazine.es\/","name":"Tapas","description":"\u00d1am \u00d1am Lifestyle. La vida a bocados. Premio Nacional de Gastronom\u00eda 2016.","publisher":{"@id":"https:\/\/www.tapasmagazine.es\/#organization"},"potentialAction":[{"@type":"SearchAction","target":{"@type":"EntryPoint","urlTemplate":"https:\/\/www.tapasmagazine.es\/?s={search_term_string}"},"query-input":{"@type":"PropertyValueSpecification","valueRequired":true,"valueName":"search_term_string"}}],"inLanguage":"en-US"},{"@type":"Organization","@id":"https:\/\/www.tapasmagazine.es\/#organization","name":"Tapas Magazine","url":"https:\/\/www.tapasmagazine.es\/","logo":{"@type":"ImageObject","inLanguage":"en-US","@id":"https:\/\/www.tapasmagazine.es\/#\/schema\/logo\/image\/","url":"https:\/\/www.tapasmagazine.es\/wp-content\/uploads\/2018\/01\/logo.png","contentUrl":"https:\/\/www.tapasmagazine.es\/wp-content\/uploads\/2018\/01\/logo.png","width":180,"height":60,"caption":"Tapas Magazine"},"image":{"@id":"https:\/\/www.tapasmagazine.es\/#\/schema\/logo\/image\/"},"sameAs":["https:\/\/www.facebook.com\/tapasmagazine","https:\/\/x.com\/TapasMagazine","https:\/\/www.instagram.com\/tapasmagazine\/","https:\/\/www.linkedin.com\/company\/tapas-magazine","https:\/\/es.pinterest.com\/tapasmagazine\/","https:\/\/www.youtube.com\/channel\/UCEyxneAaACuR0lfDagrWjjg?sub_confirmation=1"]},{"@type":"Person","@id":"https:\/\/www.tapasmagazine.es\/#\/schema\/person\/eb46cbe76a9c8f062660eb609e3ecb4e","name":"Laura P\u00e9rez","url":"https:\/\/www.tapasmagazine.es\/en\/author\/laura-perez\/"}]}},"_links":{"self":[{"href":"https:\/\/www.tapasmagazine.es\/en\/wp-json\/wp\/v2\/posts\/257462","targetHints":{"allow":["GET"]}}],"collection":[{"href":"https:\/\/www.tapasmagazine.es\/en\/wp-json\/wp\/v2\/posts"}],"about":[{"href":"https:\/\/www.tapasmagazine.es\/en\/wp-json\/wp\/v2\/types\/post"}],"author":[{"embeddable":true,"href":"https:\/\/www.tapasmagazine.es\/en\/wp-json\/wp\/v2\/users\/285"}],"replies":[{"embeddable":true,"href":"https:\/\/www.tapasmagazine.es\/en\/wp-json\/wp\/v2\/comments?post=257462"}],"version-history":[{"count":2,"href":"https:\/\/www.tapasmagazine.es\/en\/wp-json\/wp\/v2\/posts\/257462\/revisions"}],"predecessor-version":[{"id":257468,"href":"https:\/\/www.tapasmagazine.es\/en\/wp-json\/wp\/v2\/posts\/257462\/revisions\/257468"}],"wp:featuredmedia":[{"embeddable":true,"href":"https:\/\/www.tapasmagazine.es\/en\/wp-json\/wp\/v2\/media\/257451"}],"wp:attachment":[{"href":"https:\/\/www.tapasmagazine.es\/en\/wp-json\/wp\/v2\/media?parent=257462"}],"wp:term":[{"taxonomy":"category","embeddable":true,"href":"https:\/\/www.tapasmagazine.es\/en\/wp-json\/wp\/v2\/categories?post=257462"},{"taxonomy":"post_tag","embeddable":true,"href":"https:\/\/www.tapasmagazine.es\/en\/wp-json\/wp\/v2\/tags?post=257462"}],"curies":[{"name":"wp","href":"https:\/\/api.w.org\/{rel}","templated":true}]}}