{"id":257441,"date":"2024-07-22T13:53:57","date_gmt":"2024-07-22T11:53:57","guid":{"rendered":"https:\/\/www.tapasmagazine.es\/la-brat-ificacion-de-charli-xcx-inspira-la-comida-de-este-verano\/"},"modified":"2024-07-22T13:56:24","modified_gmt":"2024-07-22T11:56:24","slug":"charli-xcx-bratification-inspires-this-summers-food","status":"publish","type":"post","link":"https:\/\/www.tapasmagazine.es\/en\/charli-xcx-bratification-inspires-this-summers-food\/","title":{"rendered":"Charli XCX&#8217;s &#8216;brat-ification&#8217; inspires this summer&#8217;s food"},"content":{"rendered":"\n<p><strong>Click <a href=\"https:\/\/www.tapasmagazine.es\/la-brat-ificacion-de-charli-xcx-inspira-la-comida-de-este-verano\/\" target=\"_blank\" rel=\"noreferrer noopener\">here<\/a> to read the Spanish version.<\/strong><\/p>\n\n\n\n<p><strong>Charli XCX<\/strong>, who has just generated an entire global phenomenon around her latest album &#8216;brat&#8217;, filling everything with acid green and low-resolution arial typography, is inspiring the latest iterations of pop culture as one of the great musical and aesthetic references of our era. Now, the singer has also generated that impact in the culinary world.<\/p>\n\n\n\n<p>This summer has officially become Charli XCX&#8217;s summer of brats, and the culinary scene knows it too. The hyperpop icon&#8217;s new album is thus being remastered in the form of matcha lattes or avocado toast with the word &#8216;brat&#8217; inscribed on top. Meanwhile, other content creators have taken it to baking with neon green icings or green-colored drinks with which they explore the great viral phenomenon.<\/p>\n\n\n\n<figure class=\"wp-block-embed aligncenter is-type-video is-provider-tiktok wp-block-embed-tiktok\"><div class=\"wp-block-embed__wrapper\">\n<blockquote class=\"tiktok-embed\" cite=\"https:\/\/www.tiktok.com\/@misterpreda\/video\/7379705194604465454\" data-video-id=\"7379705194604465454\" data-embed-from=\"oembed\" style=\"max-width:605px; min-width:325px;\"> <section> <a target=\"_blank\" title=\"@misterpreda\" href=\"https:\/\/www.tiktok.com\/@misterpreda?refer=embed\">@misterpreda<\/a> <p>Here\u2019s how you can make the viral @Charli XCX x @Erewhon Market BRAT smoothie at home for yourself (p*ppers not included) \ud83c\udf4f\u26a1\ufe0f\ud83c\udf4b\u200d\ud83d\udfe9 Tag Erewhon below if you want this to actually happen, its time.  @Kin Euphorics \ud83c\udf38 @Moon Juice @Bee better @Vital Proteins @Vimergy @Guayak\u00ed Yerba Mate @Cymbiotika @Beast Health   <a title=\"charlixcx\" target=\"_blank\" href=\"https:\/\/www.tiktok.com\/tag\/charlixcx?refer=embed\">#charlixcx<\/a> <a title=\"brat\" target=\"_blank\" href=\"https:\/\/www.tiktok.com\/tag\/brat?refer=embed\">#brat<\/a> <a title=\"smoothie\" target=\"_blank\" href=\"https:\/\/www.tiktok.com\/tag\/smoothie?refer=embed\">#smoothie<\/a> <a title=\"recipe\" target=\"_blank\" href=\"https:\/\/www.tiktok.com\/tag\/recipe?refer=embed\">#recipe<\/a> <a title=\"food\" target=\"_blank\" href=\"https:\/\/www.tiktok.com\/tag\/food?refer=embed\">#food<\/a> <a title=\"viral\" target=\"_blank\" href=\"https:\/\/www.tiktok.com\/tag\/viral?refer=embed\">#viral<\/a> <a title=\"fyp\u30b7\u309aviral\" target=\"_blank\" href=\"https:\/\/www.tiktok.com\/tag\/fyp%E3%82%B7%E3%82%9Aviral?refer=embed\">#fyp\u30b7\u309aviral<\/a> <a title=\"smoothierecipe\" target=\"_blank\" href=\"https:\/\/www.tiktok.com\/tag\/smoothierecipe?refer=embed\">#smoothierecipe<\/a> <a title=\"brazil\" target=\"_blank\" href=\"https:\/\/www.tiktok.com\/tag\/brazil?refer=embed\">#brazil<\/a> <a title=\"lemonade\" target=\"_blank\" href=\"https:\/\/www.tiktok.com\/tag\/lemonade?refer=embed\">#lemonade<\/a> <a title=\"brasil\" target=\"_blank\" href=\"https:\/\/www.tiktok.com\/tag\/brasil?refer=embed\">#brasil<\/a> <a title=\"food\" target=\"_blank\" href=\"https:\/\/www.tiktok.com\/tag\/food?refer=embed\">#food<\/a> <a title=\"foodreview\" target=\"_blank\" href=\"https:\/\/www.tiktok.com\/tag\/foodreview?refer=embed\">#foodreview<\/a> <a title=\"foodie\" target=\"_blank\" href=\"https:\/\/www.tiktok.com\/tag\/foodie?refer=embed\">#foodie<\/a> <a title=\"foodietiktok\" target=\"_blank\" href=\"https:\/\/www.tiktok.com\/tag\/foodietiktok?refer=embed\">#foodietiktok<\/a> <\/p> <a target=\"_blank\" title=\"\u266c original sound - misterpreda\" href=\"https:\/\/www.tiktok.com\/music\/original-sound-7379705222408702766?refer=embed\">\u266c original sound &#8211; misterpreda<\/a> <\/section> <\/blockquote> <script async src=\"https:\/\/www.tiktok.com\/embed.js\"><\/script>\n<\/div><\/figure>\n\n\n\n<p><strong>Daniel Preda <\/strong>would also make a big splash on the internet for creating the &#8216;BRAT&#8217; milkshake, which would eventually become an actual milkshake in collaboration with Los Angeles-based chain Moon Juice.<\/p>\n\n\n\n<p>Frozen vegan frozen food company Field Roast also wanted to join the Charli boom by introducing a distinctive billboard that paid tribute to her album through the slogan &#8216;brat wurst&#8217;. This emulated the cover&#8217;s slightly elongated font on a bright neon green background and included a photo of the brand&#8217;s apple and sage smoked sausage.<\/p>\n\n\n<div class=\"wp-block-image\">\n<figure class=\"aligncenter size-large is-resized\"><img decoding=\"async\" width=\"1024\" height=\"577\" src=\"https:\/\/www.tapasmagazine.es\/wp-content\/uploads\/2024\/07\/charli-xcx-brat-comida-3-1024x577.jpg\" alt=\"\" class=\"wp-image-257430\" style=\"width:1174px;height:auto\" srcset=\"https:\/\/www.tapasmagazine.es\/wp-content\/uploads\/2024\/07\/charli-xcx-brat-comida-3-1024x577.jpg 1024w, https:\/\/www.tapasmagazine.es\/wp-content\/uploads\/2024\/07\/charli-xcx-brat-comida-3-300x169.jpg 300w, https:\/\/www.tapasmagazine.es\/wp-content\/uploads\/2024\/07\/charli-xcx-brat-comida-3-768x433.jpg 768w, https:\/\/www.tapasmagazine.es\/wp-content\/uploads\/2024\/07\/charli-xcx-brat-comida-3-1000x563.jpg 1000w, https:\/\/www.tapasmagazine.es\/wp-content\/uploads\/2024\/07\/charli-xcx-brat-comida-3-400x225.jpg 400w, https:\/\/www.tapasmagazine.es\/wp-content\/uploads\/2024\/07\/charli-xcx-brat-comida-3.jpg 1200w\" sizes=\"(max-width: 1024px) 100vw, 1024px\" \/><\/figure>\n<\/div>\n\n\n<p>Going a step further, the brand would post a mock-up of its Brat-themed sausage packaging on Instagram, and even change its profile picture to synchronize with the trend that has been replicated by countless users and brands on the network.<\/p>\n\n\n<div class=\"wp-block-image\">\n<figure class=\"aligncenter size-large is-resized\"><img decoding=\"async\" width=\"1024\" height=\"1024\" src=\"https:\/\/www.tapasmagazine.es\/wp-content\/uploads\/2024\/07\/charli-xcx-brat-comida-1-1024x1024.webp\" alt=\"\" class=\"wp-image-257427\" style=\"width:978px;height:auto\" srcset=\"https:\/\/www.tapasmagazine.es\/wp-content\/uploads\/2024\/07\/charli-xcx-brat-comida-1-1024x1024.webp 1024w, https:\/\/www.tapasmagazine.es\/wp-content\/uploads\/2024\/07\/charli-xcx-brat-comida-1-300x300.webp 300w, https:\/\/www.tapasmagazine.es\/wp-content\/uploads\/2024\/07\/charli-xcx-brat-comida-1-150x150.webp 150w, https:\/\/www.tapasmagazine.es\/wp-content\/uploads\/2024\/07\/charli-xcx-brat-comida-1-768x768.webp 768w, https:\/\/www.tapasmagazine.es\/wp-content\/uploads\/2024\/07\/charli-xcx-brat-comida-1-1000x1000.webp 1000w, https:\/\/www.tapasmagazine.es\/wp-content\/uploads\/2024\/07\/charli-xcx-brat-comida-1-400x400.webp 400w, https:\/\/www.tapasmagazine.es\/wp-content\/uploads\/2024\/07\/charli-xcx-brat-comida-1.webp 1525w\" sizes=\"(max-width: 1024px) 100vw, 1024px\" \/><figcaption class=\"wp-element-caption\">@jd_bakes_4u<\/figcaption><\/figure>\n<\/div>\n\n\n<p>Taking the Brat fever into other areas of food as well. Oakland graphic designer and amateur baker <strong>Jessica Duong<\/strong>, who operates virtually through <strong><a href=\"https:\/\/www.instagram.com\/jd_bakes_4u\/#\">@jd_bakes_4u<\/a><\/strong>, also transcended into the gastro-musical mainstream with the customization of a Brat-themed birthday cake.<\/p>\n","protected":false},"excerpt":{"rendered":"<p>Click here to read the Spanish version. Charli XCX, who has just generated an entire global phenomenon around her latest album &#8216;brat&#8217;, filling everything with acid green and low-resolution arial typography, is inspiring the latest iterations of pop culture as one of the great musical and aesthetic references of our era. Now, the singer has [&hellip;]<\/p>\n","protected":false},"author":285,"featured_media":257426,"comment_status":"closed","ping_status":"closed","sticky":false,"template":"","format":"standard","meta":{"_acf_changed":false,"footnotes":""},"categories":[15851,15910],"tags":[],"class_list":["post-257441","post","type-post","status-publish","format-standard","has-post-thumbnail","hentry","category-nombres-propios-en","category-personajes-en","cat-15851-id","cat-15910-id"],"acf":[],"yoast_head":"<!-- This site is optimized with the Yoast SEO plugin v27.4 - https:\/\/yoast.com\/product\/yoast-seo-wordpress\/ -->\n<title>Charli XCX&#039;s &#039;brat-ification&#039; inspires this summer&#039;s food - Tapas<\/title>\n<meta name=\"description\" content=\"Click here to read the Spanish version. Charli XCX, who has just generated an entire global phenomenon around her latest album &#039;brat&#039;, filling everything\" \/>\n<meta name=\"robots\" content=\"index, follow, max-snippet:-1, max-image-preview:large, max-video-preview:-1\" \/>\n<link rel=\"canonical\" href=\"https:\/\/www.tapasmagazine.es\/en\/charli-xcx-bratification-inspires-this-summers-food\/\" \/>\n<meta property=\"og:locale\" content=\"en_US\" \/>\n<meta property=\"og:type\" content=\"article\" \/>\n<meta property=\"og:title\" content=\"Charli XCX&#039;s &#039;brat-ification&#039; inspires this summer&#039;s food - Tapas\" \/>\n<meta property=\"og:description\" content=\"Click here to read the Spanish version. Charli XCX, who has just generated an entire global phenomenon around her latest album &#039;brat&#039;, filling everything\" \/>\n<meta property=\"og:url\" content=\"https:\/\/www.tapasmagazine.es\/en\/charli-xcx-bratification-inspires-this-summers-food\/\" \/>\n<meta property=\"og:site_name\" content=\"Tapas\" \/>\n<meta property=\"article:publisher\" content=\"https:\/\/www.facebook.com\/tapasmagazine\" \/>\n<meta property=\"article:published_time\" content=\"2024-07-22T11:53:57+00:00\" \/>\n<meta property=\"article:modified_time\" content=\"2024-07-22T11:56:24+00:00\" \/>\n<meta property=\"og:image\" content=\"https:\/\/www.tapasmagazine.es\/wp-content\/uploads\/2024\/07\/charli-xcx-brat-comida.jpg\" \/>\n\t<meta property=\"og:image:width\" content=\"1200\" \/>\n\t<meta property=\"og:image:height\" content=\"675\" \/>\n\t<meta property=\"og:image:type\" content=\"image\/jpeg\" \/>\n<meta name=\"author\" content=\"Laura P\u00e9rez\" \/>\n<meta name=\"twitter:card\" content=\"summary_large_image\" \/>\n<meta name=\"twitter:creator\" content=\"@TapasMagazine\" \/>\n<meta name=\"twitter:site\" content=\"@TapasMagazine\" \/>\n<meta name=\"twitter:label1\" content=\"Written by\" \/>\n\t<meta name=\"twitter:data1\" content=\"Laura P\u00e9rez\" \/>\n\t<meta name=\"twitter:label2\" content=\"Est. reading time\" \/>\n\t<meta name=\"twitter:data2\" content=\"2 minutes\" \/>\n<script type=\"application\/ld+json\" class=\"yoast-schema-graph\">{\"@context\":\"https:\\\/\\\/schema.org\",\"@graph\":[{\"@type\":\"Article\",\"@id\":\"https:\\\/\\\/www.tapasmagazine.es\\\/en\\\/charli-xcx-bratification-inspires-this-summers-food\\\/#article\",\"isPartOf\":{\"@id\":\"https:\\\/\\\/www.tapasmagazine.es\\\/en\\\/charli-xcx-bratification-inspires-this-summers-food\\\/\"},\"author\":{\"name\":\"Laura P\u00e9rez\",\"@id\":\"https:\\\/\\\/www.tapasmagazine.es\\\/#\\\/schema\\\/person\\\/eb46cbe76a9c8f062660eb609e3ecb4e\"},\"headline\":\"Charli XCX&#8217;s &#8216;brat-ification&#8217; inspires this summer&#8217;s food\",\"datePublished\":\"2024-07-22T11:53:57+00:00\",\"dateModified\":\"2024-07-22T11:56:24+00:00\",\"mainEntityOfPage\":{\"@id\":\"https:\\\/\\\/www.tapasmagazine.es\\\/en\\\/charli-xcx-bratification-inspires-this-summers-food\\\/\"},\"wordCount\":317,\"publisher\":{\"@id\":\"https:\\\/\\\/www.tapasmagazine.es\\\/#organization\"},\"image\":{\"@id\":\"https:\\\/\\\/www.tapasmagazine.es\\\/en\\\/charli-xcx-bratification-inspires-this-summers-food\\\/#primaryimage\"},\"thumbnailUrl\":\"https:\\\/\\\/www.tapasmagazine.es\\\/wp-content\\\/uploads\\\/2024\\\/07\\\/charli-xcx-brat-comida.jpg\",\"articleSection\":[\"Nombres propios\",\"Personajes\"],\"inLanguage\":\"en-US\"},{\"@type\":\"WebPage\",\"@id\":\"https:\\\/\\\/www.tapasmagazine.es\\\/en\\\/charli-xcx-bratification-inspires-this-summers-food\\\/\",\"url\":\"https:\\\/\\\/www.tapasmagazine.es\\\/en\\\/charli-xcx-bratification-inspires-this-summers-food\\\/\",\"name\":\"Charli XCX's 'brat-ification' inspires this summer's food - Tapas\",\"isPartOf\":{\"@id\":\"https:\\\/\\\/www.tapasmagazine.es\\\/#website\"},\"primaryImageOfPage\":{\"@id\":\"https:\\\/\\\/www.tapasmagazine.es\\\/en\\\/charli-xcx-bratification-inspires-this-summers-food\\\/#primaryimage\"},\"image\":{\"@id\":\"https:\\\/\\\/www.tapasmagazine.es\\\/en\\\/charli-xcx-bratification-inspires-this-summers-food\\\/#primaryimage\"},\"thumbnailUrl\":\"https:\\\/\\\/www.tapasmagazine.es\\\/wp-content\\\/uploads\\\/2024\\\/07\\\/charli-xcx-brat-comida.jpg\",\"datePublished\":\"2024-07-22T11:53:57+00:00\",\"dateModified\":\"2024-07-22T11:56:24+00:00\",\"description\":\"Click here to read the Spanish version. Charli XCX, who has just generated an entire global phenomenon around her latest album 'brat', filling everything\",\"breadcrumb\":{\"@id\":\"https:\\\/\\\/www.tapasmagazine.es\\\/en\\\/charli-xcx-bratification-inspires-this-summers-food\\\/#breadcrumb\"},\"inLanguage\":\"en-US\",\"potentialAction\":[{\"@type\":\"ReadAction\",\"target\":[\"https:\\\/\\\/www.tapasmagazine.es\\\/en\\\/charli-xcx-bratification-inspires-this-summers-food\\\/\"]}]},{\"@type\":\"ImageObject\",\"inLanguage\":\"en-US\",\"@id\":\"https:\\\/\\\/www.tapasmagazine.es\\\/en\\\/charli-xcx-bratification-inspires-this-summers-food\\\/#primaryimage\",\"url\":\"https:\\\/\\\/www.tapasmagazine.es\\\/wp-content\\\/uploads\\\/2024\\\/07\\\/charli-xcx-brat-comida.jpg\",\"contentUrl\":\"https:\\\/\\\/www.tapasmagazine.es\\\/wp-content\\\/uploads\\\/2024\\\/07\\\/charli-xcx-brat-comida.jpg\",\"width\":1200,\"height\":675},{\"@type\":\"BreadcrumbList\",\"@id\":\"https:\\\/\\\/www.tapasmagazine.es\\\/en\\\/charli-xcx-bratification-inspires-this-summers-food\\\/#breadcrumb\",\"itemListElement\":[{\"@type\":\"ListItem\",\"position\":1,\"name\":\"Portada\",\"item\":\"https:\\\/\\\/www.tapasmagazine.es\\\/\"},{\"@type\":\"ListItem\",\"position\":2,\"name\":\"Nombres propios\",\"item\":\"https:\\\/\\\/www.tapasmagazine.es\\\/en\\\/categorias\\\/nombres-propios-en\\\/\"},{\"@type\":\"ListItem\",\"position\":3,\"name\":\"Charli XCX&#8217;s &#8216;brat-ification&#8217; inspires this summer&#8217;s food\"}]},{\"@type\":\"WebSite\",\"@id\":\"https:\\\/\\\/www.tapasmagazine.es\\\/#website\",\"url\":\"https:\\\/\\\/www.tapasmagazine.es\\\/\",\"name\":\"Tapas\",\"description\":\"\u00d1am \u00d1am Lifestyle. La vida a bocados. Premio Nacional de Gastronom\u00eda 2016.\",\"publisher\":{\"@id\":\"https:\\\/\\\/www.tapasmagazine.es\\\/#organization\"},\"potentialAction\":[{\"@type\":\"SearchAction\",\"target\":{\"@type\":\"EntryPoint\",\"urlTemplate\":\"https:\\\/\\\/www.tapasmagazine.es\\\/?s={search_term_string}\"},\"query-input\":{\"@type\":\"PropertyValueSpecification\",\"valueRequired\":true,\"valueName\":\"search_term_string\"}}],\"inLanguage\":\"en-US\"},{\"@type\":\"Organization\",\"@id\":\"https:\\\/\\\/www.tapasmagazine.es\\\/#organization\",\"name\":\"Tapas Magazine\",\"url\":\"https:\\\/\\\/www.tapasmagazine.es\\\/\",\"logo\":{\"@type\":\"ImageObject\",\"inLanguage\":\"en-US\",\"@id\":\"https:\\\/\\\/www.tapasmagazine.es\\\/#\\\/schema\\\/logo\\\/image\\\/\",\"url\":\"https:\\\/\\\/www.tapasmagazine.es\\\/wp-content\\\/uploads\\\/2018\\\/01\\\/logo.png\",\"contentUrl\":\"https:\\\/\\\/www.tapasmagazine.es\\\/wp-content\\\/uploads\\\/2018\\\/01\\\/logo.png\",\"width\":180,\"height\":60,\"caption\":\"Tapas Magazine\"},\"image\":{\"@id\":\"https:\\\/\\\/www.tapasmagazine.es\\\/#\\\/schema\\\/logo\\\/image\\\/\"},\"sameAs\":[\"https:\\\/\\\/www.facebook.com\\\/tapasmagazine\",\"https:\\\/\\\/x.com\\\/TapasMagazine\",\"https:\\\/\\\/www.instagram.com\\\/tapasmagazine\\\/\",\"https:\\\/\\\/www.linkedin.com\\\/company\\\/tapas-magazine\",\"https:\\\/\\\/es.pinterest.com\\\/tapasmagazine\\\/\",\"https:\\\/\\\/www.youtube.com\\\/channel\\\/UCEyxneAaACuR0lfDagrWjjg?sub_confirmation=1\"]},{\"@type\":\"Person\",\"@id\":\"https:\\\/\\\/www.tapasmagazine.es\\\/#\\\/schema\\\/person\\\/eb46cbe76a9c8f062660eb609e3ecb4e\",\"name\":\"Laura P\u00e9rez\",\"url\":\"https:\\\/\\\/www.tapasmagazine.es\\\/en\\\/author\\\/laura-perez\\\/\"}]}<\/script>\n<!-- \/ Yoast SEO plugin. -->","yoast_head_json":{"title":"Charli XCX's 'brat-ification' inspires this summer's food - Tapas","description":"Click here to read the Spanish version. Charli XCX, who has just generated an entire global phenomenon around her latest album 'brat', filling everything","robots":{"index":"index","follow":"follow","max-snippet":"max-snippet:-1","max-image-preview":"max-image-preview:large","max-video-preview":"max-video-preview:-1"},"canonical":"https:\/\/www.tapasmagazine.es\/en\/charli-xcx-bratification-inspires-this-summers-food\/","og_locale":"en_US","og_type":"article","og_title":"Charli XCX's 'brat-ification' inspires this summer's food - Tapas","og_description":"Click here to read the Spanish version. Charli XCX, who has just generated an entire global phenomenon around her latest album 'brat', filling everything","og_url":"https:\/\/www.tapasmagazine.es\/en\/charli-xcx-bratification-inspires-this-summers-food\/","og_site_name":"Tapas","article_publisher":"https:\/\/www.facebook.com\/tapasmagazine","article_published_time":"2024-07-22T11:53:57+00:00","article_modified_time":"2024-07-22T11:56:24+00:00","og_image":[{"width":1200,"height":675,"url":"https:\/\/www.tapasmagazine.es\/wp-content\/uploads\/2024\/07\/charli-xcx-brat-comida.jpg","type":"image\/jpeg"}],"author":"Laura P\u00e9rez","twitter_card":"summary_large_image","twitter_creator":"@TapasMagazine","twitter_site":"@TapasMagazine","twitter_misc":{"Written by":"Laura P\u00e9rez","Est. reading time":"2 minutes"},"schema":{"@context":"https:\/\/schema.org","@graph":[{"@type":"Article","@id":"https:\/\/www.tapasmagazine.es\/en\/charli-xcx-bratification-inspires-this-summers-food\/#article","isPartOf":{"@id":"https:\/\/www.tapasmagazine.es\/en\/charli-xcx-bratification-inspires-this-summers-food\/"},"author":{"name":"Laura P\u00e9rez","@id":"https:\/\/www.tapasmagazine.es\/#\/schema\/person\/eb46cbe76a9c8f062660eb609e3ecb4e"},"headline":"Charli XCX&#8217;s &#8216;brat-ification&#8217; inspires this summer&#8217;s food","datePublished":"2024-07-22T11:53:57+00:00","dateModified":"2024-07-22T11:56:24+00:00","mainEntityOfPage":{"@id":"https:\/\/www.tapasmagazine.es\/en\/charli-xcx-bratification-inspires-this-summers-food\/"},"wordCount":317,"publisher":{"@id":"https:\/\/www.tapasmagazine.es\/#organization"},"image":{"@id":"https:\/\/www.tapasmagazine.es\/en\/charli-xcx-bratification-inspires-this-summers-food\/#primaryimage"},"thumbnailUrl":"https:\/\/www.tapasmagazine.es\/wp-content\/uploads\/2024\/07\/charli-xcx-brat-comida.jpg","articleSection":["Nombres propios","Personajes"],"inLanguage":"en-US"},{"@type":"WebPage","@id":"https:\/\/www.tapasmagazine.es\/en\/charli-xcx-bratification-inspires-this-summers-food\/","url":"https:\/\/www.tapasmagazine.es\/en\/charli-xcx-bratification-inspires-this-summers-food\/","name":"Charli XCX's 'brat-ification' inspires this summer's food - Tapas","isPartOf":{"@id":"https:\/\/www.tapasmagazine.es\/#website"},"primaryImageOfPage":{"@id":"https:\/\/www.tapasmagazine.es\/en\/charli-xcx-bratification-inspires-this-summers-food\/#primaryimage"},"image":{"@id":"https:\/\/www.tapasmagazine.es\/en\/charli-xcx-bratification-inspires-this-summers-food\/#primaryimage"},"thumbnailUrl":"https:\/\/www.tapasmagazine.es\/wp-content\/uploads\/2024\/07\/charli-xcx-brat-comida.jpg","datePublished":"2024-07-22T11:53:57+00:00","dateModified":"2024-07-22T11:56:24+00:00","description":"Click here to read the Spanish version. Charli XCX, who has just generated an entire global phenomenon around her latest album 'brat', filling everything","breadcrumb":{"@id":"https:\/\/www.tapasmagazine.es\/en\/charli-xcx-bratification-inspires-this-summers-food\/#breadcrumb"},"inLanguage":"en-US","potentialAction":[{"@type":"ReadAction","target":["https:\/\/www.tapasmagazine.es\/en\/charli-xcx-bratification-inspires-this-summers-food\/"]}]},{"@type":"ImageObject","inLanguage":"en-US","@id":"https:\/\/www.tapasmagazine.es\/en\/charli-xcx-bratification-inspires-this-summers-food\/#primaryimage","url":"https:\/\/www.tapasmagazine.es\/wp-content\/uploads\/2024\/07\/charli-xcx-brat-comida.jpg","contentUrl":"https:\/\/www.tapasmagazine.es\/wp-content\/uploads\/2024\/07\/charli-xcx-brat-comida.jpg","width":1200,"height":675},{"@type":"BreadcrumbList","@id":"https:\/\/www.tapasmagazine.es\/en\/charli-xcx-bratification-inspires-this-summers-food\/#breadcrumb","itemListElement":[{"@type":"ListItem","position":1,"name":"Portada","item":"https:\/\/www.tapasmagazine.es\/"},{"@type":"ListItem","position":2,"name":"Nombres propios","item":"https:\/\/www.tapasmagazine.es\/en\/categorias\/nombres-propios-en\/"},{"@type":"ListItem","position":3,"name":"Charli XCX&#8217;s &#8216;brat-ification&#8217; inspires this summer&#8217;s food"}]},{"@type":"WebSite","@id":"https:\/\/www.tapasmagazine.es\/#website","url":"https:\/\/www.tapasmagazine.es\/","name":"Tapas","description":"\u00d1am \u00d1am Lifestyle. La vida a bocados. Premio Nacional de Gastronom\u00eda 2016.","publisher":{"@id":"https:\/\/www.tapasmagazine.es\/#organization"},"potentialAction":[{"@type":"SearchAction","target":{"@type":"EntryPoint","urlTemplate":"https:\/\/www.tapasmagazine.es\/?s={search_term_string}"},"query-input":{"@type":"PropertyValueSpecification","valueRequired":true,"valueName":"search_term_string"}}],"inLanguage":"en-US"},{"@type":"Organization","@id":"https:\/\/www.tapasmagazine.es\/#organization","name":"Tapas Magazine","url":"https:\/\/www.tapasmagazine.es\/","logo":{"@type":"ImageObject","inLanguage":"en-US","@id":"https:\/\/www.tapasmagazine.es\/#\/schema\/logo\/image\/","url":"https:\/\/www.tapasmagazine.es\/wp-content\/uploads\/2018\/01\/logo.png","contentUrl":"https:\/\/www.tapasmagazine.es\/wp-content\/uploads\/2018\/01\/logo.png","width":180,"height":60,"caption":"Tapas Magazine"},"image":{"@id":"https:\/\/www.tapasmagazine.es\/#\/schema\/logo\/image\/"},"sameAs":["https:\/\/www.facebook.com\/tapasmagazine","https:\/\/x.com\/TapasMagazine","https:\/\/www.instagram.com\/tapasmagazine\/","https:\/\/www.linkedin.com\/company\/tapas-magazine","https:\/\/es.pinterest.com\/tapasmagazine\/","https:\/\/www.youtube.com\/channel\/UCEyxneAaACuR0lfDagrWjjg?sub_confirmation=1"]},{"@type":"Person","@id":"https:\/\/www.tapasmagazine.es\/#\/schema\/person\/eb46cbe76a9c8f062660eb609e3ecb4e","name":"Laura P\u00e9rez","url":"https:\/\/www.tapasmagazine.es\/en\/author\/laura-perez\/"}]}},"_links":{"self":[{"href":"https:\/\/www.tapasmagazine.es\/en\/wp-json\/wp\/v2\/posts\/257441","targetHints":{"allow":["GET"]}}],"collection":[{"href":"https:\/\/www.tapasmagazine.es\/en\/wp-json\/wp\/v2\/posts"}],"about":[{"href":"https:\/\/www.tapasmagazine.es\/en\/wp-json\/wp\/v2\/types\/post"}],"author":[{"embeddable":true,"href":"https:\/\/www.tapasmagazine.es\/en\/wp-json\/wp\/v2\/users\/285"}],"replies":[{"embeddable":true,"href":"https:\/\/www.tapasmagazine.es\/en\/wp-json\/wp\/v2\/comments?post=257441"}],"version-history":[{"count":2,"href":"https:\/\/www.tapasmagazine.es\/en\/wp-json\/wp\/v2\/posts\/257441\/revisions"}],"predecessor-version":[{"id":257447,"href":"https:\/\/www.tapasmagazine.es\/en\/wp-json\/wp\/v2\/posts\/257441\/revisions\/257447"}],"wp:featuredmedia":[{"embeddable":true,"href":"https:\/\/www.tapasmagazine.es\/en\/wp-json\/wp\/v2\/media\/257426"}],"wp:attachment":[{"href":"https:\/\/www.tapasmagazine.es\/en\/wp-json\/wp\/v2\/media?parent=257441"}],"wp:term":[{"taxonomy":"category","embeddable":true,"href":"https:\/\/www.tapasmagazine.es\/en\/wp-json\/wp\/v2\/categories?post=257441"},{"taxonomy":"post_tag","embeddable":true,"href":"https:\/\/www.tapasmagazine.es\/en\/wp-json\/wp\/v2\/tags?post=257441"}],"curies":[{"name":"wp","href":"https:\/\/api.w.org\/{rel}","templated":true}]}}