{"id":257411,"date":"2024-07-22T12:28:25","date_gmt":"2024-07-22T10:28:25","guid":{"rendered":"https:\/\/www.tapasmagazine.es\/selena-gomez-y-benny-blanco-reaccionan-al-sandwich-de-sandia-y-pepinillos\/"},"modified":"2024-07-22T12:33:50","modified_gmt":"2024-07-22T10:33:50","slug":"selena-gomez-y-benny-blanco-reaccionan-al-sandwich-de-sandia-y-pepinillos","status":"publish","type":"post","link":"https:\/\/www.tapasmagazine.es\/en\/selena-gomez-y-benny-blanco-reaccionan-al-sandwich-de-sandia-y-pepinillos\/","title":{"rendered":"Selena Gomez and Benny Blanco react to the watermelon pickle sandwich"},"content":{"rendered":"\n<p><strong>Click <a href=\"https:\/\/www.tapasmagazine.es\/selena-gomez-y-benny-blanco-reaccionan-al-sandwich-de-sandia-y-pepinillos\/\" target=\"_blank\" rel=\"noreferrer noopener\">here<\/a> to read the Spanish version.<\/strong><\/p>\n\n\n\n<p>Music producer and cookbook author, <strong>Benny Blanco<\/strong>, would share on Friday, July 19, his adventure tasting a summer sandwich he rescued from the depths of the internet. And that was the one with <strong>pickle <\/strong>and <strong>watermelon<\/strong>, which he discovered recently, and was shocked by its combination. Intrigued, he decided to try it for himself.<\/p>\n\n\n\n<p>In the <strong>video<\/strong> he appears cutting a watermelon and slicing two pieces of bread. He then combines the rest of the ingredients: cheese, a slice of pickle, balsamic vinegar and basil. &#8216;All right, so I guess it&#8217;s like a sandwich,&#8217; he says, adding that he &#8216;thinks it&#8217;s gross&#8217;.<\/p>\n\n\n\n<figure class=\"wp-block-embed aligncenter is-type-video is-provider-tiktok wp-block-embed-tiktok\"><div class=\"wp-block-embed__wrapper\">\n<blockquote class=\"tiktok-embed\" cite=\"https:\/\/www.tiktok.com\/@itsbennyblanco\/video\/7393440327266241834\" data-video-id=\"7393440327266241834\" data-embed-from=\"oembed\" style=\"max-width:605px; min-width:325px;\"> <section> <a target=\"_blank\" title=\"@itsbennyblanco\" href=\"https:\/\/www.tiktok.com\/@itsbennyblanco?refer=embed\">@itsbennyblanco<\/a> <p>watermelon pickle sandwich<\/p> <a target=\"_blank\" title=\"\u266c Little Things - Adrian Berenguer\" href=\"https:\/\/www.tiktok.com\/music\/Little-Things-6981828410792216577?refer=embed\">\u266c Little Things &#8211; Adrian Berenguer<\/a> <\/section> <\/blockquote> <script async src=\"https:\/\/www.tiktok.com\/embed.js\"><\/script>\n<\/div><\/figure>\n\n\n\n<p>After tasting, he declares that &#8216;it&#8217;s not bad,&#8217; and then invites his girlfriend <strong>Selena Gomez<\/strong> to taste it, who had been watching the whole scene from off-camera. &#8216;All right, baby, come taste it,&#8217; he said.<\/p>\n\n\n\n<p>&#8216;I don&#8217;t want to. I&#8217;m not going to like this,&#8217; said a very hesitant Gomez as she takes it, adding, &#8216;I love pickles.<\/p>\n\n\n<div class=\"wp-block-image\">\n<figure class=\"aligncenter size-large is-resized\"><img decoding=\"async\" width=\"1024\" height=\"683\" src=\"https:\/\/www.tapasmagazine.es\/wp-content\/uploads\/2024\/07\/selena-gomez-benny-blanco-watermelon-sandwich4-072024-7cb54a521f3c498a95ea119c60721319-1024x683.webp\" alt=\"\" class=\"wp-image-257404\" style=\"width:968px;height:auto\" srcset=\"https:\/\/www.tapasmagazine.es\/wp-content\/uploads\/2024\/07\/selena-gomez-benny-blanco-watermelon-sandwich4-072024-7cb54a521f3c498a95ea119c60721319-1024x683.webp 1024w, https:\/\/www.tapasmagazine.es\/wp-content\/uploads\/2024\/07\/selena-gomez-benny-blanco-watermelon-sandwich4-072024-7cb54a521f3c498a95ea119c60721319-300x200.webp 300w, https:\/\/www.tapasmagazine.es\/wp-content\/uploads\/2024\/07\/selena-gomez-benny-blanco-watermelon-sandwich4-072024-7cb54a521f3c498a95ea119c60721319-768x512.webp 768w, https:\/\/www.tapasmagazine.es\/wp-content\/uploads\/2024\/07\/selena-gomez-benny-blanco-watermelon-sandwich4-072024-7cb54a521f3c498a95ea119c60721319-1000x667.webp 1000w, https:\/\/www.tapasmagazine.es\/wp-content\/uploads\/2024\/07\/selena-gomez-benny-blanco-watermelon-sandwich4-072024-7cb54a521f3c498a95ea119c60721319-400x267.webp 400w, https:\/\/www.tapasmagazine.es\/wp-content\/uploads\/2024\/07\/selena-gomez-benny-blanco-watermelon-sandwich4-072024-7cb54a521f3c498a95ea119c60721319.webp 1500w\" sizes=\"(max-width: 1024px) 100vw, 1024px\" \/><\/figure>\n<\/div>\n\n\n<p>Still examining the sandwich, Blanco exclaims: &#8216;Eat it!&#8217;, to which G\u00f3mez replies: &#8216;I&#8217;m trying!&#8217;, to taste it and say that he doesn&#8217;t like the sandwich, walking away from the screen and putting an end to the reaction.<\/p>\n","protected":false},"excerpt":{"rendered":"<p>Click here to read the Spanish version. Music producer and cookbook author, Benny Blanco, would share on Friday, July 19, his adventure tasting a summer sandwich he rescued from the depths of the internet. And that was the one with pickle and watermelon, which he discovered recently, and was shocked by its combination. Intrigued, he [&hellip;]<\/p>\n","protected":false},"author":285,"featured_media":257402,"comment_status":"closed","ping_status":"closed","sticky":false,"template":"","format":"standard","meta":{"_acf_changed":false,"footnotes":""},"categories":[15851,15910],"tags":[18412,18373,16575],"class_list":["post-257411","post","type-post","status-publish","format-standard","has-post-thumbnail","hentry","category-nombres-propios-en","category-personajes-en","tag-pepinillos-en","tag-sandia-en","tag-selena-gomez-en","cat-15851-id","cat-15910-id"],"acf":[],"yoast_head":"<!-- This site is optimized with the Yoast SEO plugin v27.5 - https:\/\/yoast.com\/product\/yoast-seo-wordpress\/ -->\n<title>Selena Gomez and Benny Blanco react to the watermelon pickle sandwich - Tapas<\/title>\n<meta name=\"description\" content=\"Click here to read the Spanish version. Music producer and cookbook author, Benny Blanco, would share on Friday, July 19, his adventure tasting a summer\" \/>\n<meta name=\"robots\" content=\"index, follow, max-snippet:-1, max-image-preview:large, max-video-preview:-1\" \/>\n<link rel=\"canonical\" href=\"https:\/\/www.tapasmagazine.es\/en\/selena-gomez-y-benny-blanco-reaccionan-al-sandwich-de-sandia-y-pepinillos\/\" \/>\n<meta property=\"og:locale\" content=\"en_US\" \/>\n<meta property=\"og:type\" content=\"article\" \/>\n<meta property=\"og:title\" content=\"Selena Gomez and Benny Blanco react to the watermelon pickle sandwich - Tapas\" \/>\n<meta property=\"og:description\" content=\"Click here to read the Spanish version. Music producer and cookbook author, Benny Blanco, would share on Friday, July 19, his adventure tasting a summer\" \/>\n<meta property=\"og:url\" content=\"https:\/\/www.tapasmagazine.es\/en\/selena-gomez-y-benny-blanco-reaccionan-al-sandwich-de-sandia-y-pepinillos\/\" \/>\n<meta property=\"og:site_name\" content=\"Tapas\" \/>\n<meta property=\"article:publisher\" content=\"https:\/\/www.facebook.com\/tapasmagazine\" \/>\n<meta property=\"article:published_time\" content=\"2024-07-22T10:28:25+00:00\" \/>\n<meta property=\"article:modified_time\" content=\"2024-07-22T10:33:50+00:00\" \/>\n<meta property=\"og:image\" content=\"https:\/\/www.tapasmagazine.es\/wp-content\/uploads\/2024\/07\/selena-gomez-benny-blanco.jpg\" \/>\n\t<meta property=\"og:image:width\" content=\"1200\" \/>\n\t<meta property=\"og:image:height\" content=\"675\" \/>\n\t<meta property=\"og:image:type\" content=\"image\/jpeg\" \/>\n<meta name=\"author\" content=\"Laura P\u00e9rez\" \/>\n<meta name=\"twitter:card\" content=\"summary_large_image\" \/>\n<meta name=\"twitter:creator\" content=\"@TapasMagazine\" \/>\n<meta name=\"twitter:site\" content=\"@TapasMagazine\" \/>\n<meta name=\"twitter:label1\" content=\"Written by\" \/>\n\t<meta name=\"twitter:data1\" content=\"Laura P\u00e9rez\" \/>\n\t<meta name=\"twitter:label2\" content=\"Est. reading time\" \/>\n\t<meta name=\"twitter:data2\" content=\"2 minutes\" \/>\n<script type=\"application\/ld+json\" class=\"yoast-schema-graph\">{\"@context\":\"https:\\\/\\\/schema.org\",\"@graph\":[{\"@type\":\"Article\",\"@id\":\"https:\\\/\\\/www.tapasmagazine.es\\\/en\\\/selena-gomez-y-benny-blanco-reaccionan-al-sandwich-de-sandia-y-pepinillos\\\/#article\",\"isPartOf\":{\"@id\":\"https:\\\/\\\/www.tapasmagazine.es\\\/en\\\/selena-gomez-y-benny-blanco-reaccionan-al-sandwich-de-sandia-y-pepinillos\\\/\"},\"author\":{\"name\":\"Laura P\u00e9rez\",\"@id\":\"https:\\\/\\\/www.tapasmagazine.es\\\/#\\\/schema\\\/person\\\/eb46cbe76a9c8f062660eb609e3ecb4e\"},\"headline\":\"Selena Gomez and Benny Blanco react to the watermelon pickle sandwich\",\"datePublished\":\"2024-07-22T10:28:25+00:00\",\"dateModified\":\"2024-07-22T10:33:50+00:00\",\"mainEntityOfPage\":{\"@id\":\"https:\\\/\\\/www.tapasmagazine.es\\\/en\\\/selena-gomez-y-benny-blanco-reaccionan-al-sandwich-de-sandia-y-pepinillos\\\/\"},\"wordCount\":254,\"publisher\":{\"@id\":\"https:\\\/\\\/www.tapasmagazine.es\\\/#organization\"},\"image\":{\"@id\":\"https:\\\/\\\/www.tapasmagazine.es\\\/en\\\/selena-gomez-y-benny-blanco-reaccionan-al-sandwich-de-sandia-y-pepinillos\\\/#primaryimage\"},\"thumbnailUrl\":\"https:\\\/\\\/www.tapasmagazine.es\\\/wp-content\\\/uploads\\\/2024\\\/07\\\/selena-gomez-benny-blanco.jpg\",\"keywords\":[\"pepinillos\",\"sand\u00eda\",\"selena gomez\"],\"articleSection\":[\"Nombres propios\",\"Personajes\"],\"inLanguage\":\"en-US\"},{\"@type\":\"WebPage\",\"@id\":\"https:\\\/\\\/www.tapasmagazine.es\\\/en\\\/selena-gomez-y-benny-blanco-reaccionan-al-sandwich-de-sandia-y-pepinillos\\\/\",\"url\":\"https:\\\/\\\/www.tapasmagazine.es\\\/en\\\/selena-gomez-y-benny-blanco-reaccionan-al-sandwich-de-sandia-y-pepinillos\\\/\",\"name\":\"Selena Gomez and Benny Blanco react to the watermelon pickle sandwich - Tapas\",\"isPartOf\":{\"@id\":\"https:\\\/\\\/www.tapasmagazine.es\\\/#website\"},\"primaryImageOfPage\":{\"@id\":\"https:\\\/\\\/www.tapasmagazine.es\\\/en\\\/selena-gomez-y-benny-blanco-reaccionan-al-sandwich-de-sandia-y-pepinillos\\\/#primaryimage\"},\"image\":{\"@id\":\"https:\\\/\\\/www.tapasmagazine.es\\\/en\\\/selena-gomez-y-benny-blanco-reaccionan-al-sandwich-de-sandia-y-pepinillos\\\/#primaryimage\"},\"thumbnailUrl\":\"https:\\\/\\\/www.tapasmagazine.es\\\/wp-content\\\/uploads\\\/2024\\\/07\\\/selena-gomez-benny-blanco.jpg\",\"datePublished\":\"2024-07-22T10:28:25+00:00\",\"dateModified\":\"2024-07-22T10:33:50+00:00\",\"description\":\"Click here to read the Spanish version. Music producer and cookbook author, Benny Blanco, would share on Friday, July 19, his adventure tasting a summer\",\"breadcrumb\":{\"@id\":\"https:\\\/\\\/www.tapasmagazine.es\\\/en\\\/selena-gomez-y-benny-blanco-reaccionan-al-sandwich-de-sandia-y-pepinillos\\\/#breadcrumb\"},\"inLanguage\":\"en-US\",\"potentialAction\":[{\"@type\":\"ReadAction\",\"target\":[\"https:\\\/\\\/www.tapasmagazine.es\\\/en\\\/selena-gomez-y-benny-blanco-reaccionan-al-sandwich-de-sandia-y-pepinillos\\\/\"]}]},{\"@type\":\"ImageObject\",\"inLanguage\":\"en-US\",\"@id\":\"https:\\\/\\\/www.tapasmagazine.es\\\/en\\\/selena-gomez-y-benny-blanco-reaccionan-al-sandwich-de-sandia-y-pepinillos\\\/#primaryimage\",\"url\":\"https:\\\/\\\/www.tapasmagazine.es\\\/wp-content\\\/uploads\\\/2024\\\/07\\\/selena-gomez-benny-blanco.jpg\",\"contentUrl\":\"https:\\\/\\\/www.tapasmagazine.es\\\/wp-content\\\/uploads\\\/2024\\\/07\\\/selena-gomez-benny-blanco.jpg\",\"width\":1200,\"height\":675},{\"@type\":\"BreadcrumbList\",\"@id\":\"https:\\\/\\\/www.tapasmagazine.es\\\/en\\\/selena-gomez-y-benny-blanco-reaccionan-al-sandwich-de-sandia-y-pepinillos\\\/#breadcrumb\",\"itemListElement\":[{\"@type\":\"ListItem\",\"position\":1,\"name\":\"Portada\",\"item\":\"https:\\\/\\\/www.tapasmagazine.es\\\/\"},{\"@type\":\"ListItem\",\"position\":2,\"name\":\"Nombres propios\",\"item\":\"https:\\\/\\\/www.tapasmagazine.es\\\/en\\\/categorias\\\/nombres-propios-en\\\/\"},{\"@type\":\"ListItem\",\"position\":3,\"name\":\"Selena Gomez and Benny Blanco react to the watermelon pickle sandwich\"}]},{\"@type\":\"WebSite\",\"@id\":\"https:\\\/\\\/www.tapasmagazine.es\\\/#website\",\"url\":\"https:\\\/\\\/www.tapasmagazine.es\\\/\",\"name\":\"Tapas\",\"description\":\"\u00d1am \u00d1am Lifestyle. La vida a bocados. Premio Nacional de Gastronom\u00eda 2016.\",\"publisher\":{\"@id\":\"https:\\\/\\\/www.tapasmagazine.es\\\/#organization\"},\"potentialAction\":[{\"@type\":\"SearchAction\",\"target\":{\"@type\":\"EntryPoint\",\"urlTemplate\":\"https:\\\/\\\/www.tapasmagazine.es\\\/?s={search_term_string}\"},\"query-input\":{\"@type\":\"PropertyValueSpecification\",\"valueRequired\":true,\"valueName\":\"search_term_string\"}}],\"inLanguage\":\"en-US\"},{\"@type\":\"Organization\",\"@id\":\"https:\\\/\\\/www.tapasmagazine.es\\\/#organization\",\"name\":\"Tapas Magazine\",\"url\":\"https:\\\/\\\/www.tapasmagazine.es\\\/\",\"logo\":{\"@type\":\"ImageObject\",\"inLanguage\":\"en-US\",\"@id\":\"https:\\\/\\\/www.tapasmagazine.es\\\/#\\\/schema\\\/logo\\\/image\\\/\",\"url\":\"https:\\\/\\\/www.tapasmagazine.es\\\/wp-content\\\/uploads\\\/2018\\\/01\\\/logo.png\",\"contentUrl\":\"https:\\\/\\\/www.tapasmagazine.es\\\/wp-content\\\/uploads\\\/2018\\\/01\\\/logo.png\",\"width\":180,\"height\":60,\"caption\":\"Tapas Magazine\"},\"image\":{\"@id\":\"https:\\\/\\\/www.tapasmagazine.es\\\/#\\\/schema\\\/logo\\\/image\\\/\"},\"sameAs\":[\"https:\\\/\\\/www.facebook.com\\\/tapasmagazine\",\"https:\\\/\\\/x.com\\\/TapasMagazine\",\"https:\\\/\\\/www.instagram.com\\\/tapasmagazine\\\/\",\"https:\\\/\\\/www.linkedin.com\\\/company\\\/tapas-magazine\",\"https:\\\/\\\/es.pinterest.com\\\/tapasmagazine\\\/\",\"https:\\\/\\\/www.youtube.com\\\/channel\\\/UCEyxneAaACuR0lfDagrWjjg?sub_confirmation=1\"]},{\"@type\":\"Person\",\"@id\":\"https:\\\/\\\/www.tapasmagazine.es\\\/#\\\/schema\\\/person\\\/eb46cbe76a9c8f062660eb609e3ecb4e\",\"name\":\"Laura P\u00e9rez\",\"url\":\"https:\\\/\\\/www.tapasmagazine.es\\\/en\\\/author\\\/laura-perez\\\/\"}]}<\/script>\n<!-- \/ Yoast SEO plugin. -->","yoast_head_json":{"title":"Selena Gomez and Benny Blanco react to the watermelon pickle sandwich - Tapas","description":"Click here to read the Spanish version. Music producer and cookbook author, Benny Blanco, would share on Friday, July 19, his adventure tasting a summer","robots":{"index":"index","follow":"follow","max-snippet":"max-snippet:-1","max-image-preview":"max-image-preview:large","max-video-preview":"max-video-preview:-1"},"canonical":"https:\/\/www.tapasmagazine.es\/en\/selena-gomez-y-benny-blanco-reaccionan-al-sandwich-de-sandia-y-pepinillos\/","og_locale":"en_US","og_type":"article","og_title":"Selena Gomez and Benny Blanco react to the watermelon pickle sandwich - Tapas","og_description":"Click here to read the Spanish version. Music producer and cookbook author, Benny Blanco, would share on Friday, July 19, his adventure tasting a summer","og_url":"https:\/\/www.tapasmagazine.es\/en\/selena-gomez-y-benny-blanco-reaccionan-al-sandwich-de-sandia-y-pepinillos\/","og_site_name":"Tapas","article_publisher":"https:\/\/www.facebook.com\/tapasmagazine","article_published_time":"2024-07-22T10:28:25+00:00","article_modified_time":"2024-07-22T10:33:50+00:00","og_image":[{"width":1200,"height":675,"url":"https:\/\/www.tapasmagazine.es\/wp-content\/uploads\/2024\/07\/selena-gomez-benny-blanco.jpg","type":"image\/jpeg"}],"author":"Laura P\u00e9rez","twitter_card":"summary_large_image","twitter_creator":"@TapasMagazine","twitter_site":"@TapasMagazine","twitter_misc":{"Written by":"Laura P\u00e9rez","Est. reading time":"2 minutes"},"schema":{"@context":"https:\/\/schema.org","@graph":[{"@type":"Article","@id":"https:\/\/www.tapasmagazine.es\/en\/selena-gomez-y-benny-blanco-reaccionan-al-sandwich-de-sandia-y-pepinillos\/#article","isPartOf":{"@id":"https:\/\/www.tapasmagazine.es\/en\/selena-gomez-y-benny-blanco-reaccionan-al-sandwich-de-sandia-y-pepinillos\/"},"author":{"name":"Laura P\u00e9rez","@id":"https:\/\/www.tapasmagazine.es\/#\/schema\/person\/eb46cbe76a9c8f062660eb609e3ecb4e"},"headline":"Selena Gomez and Benny Blanco react to the watermelon pickle sandwich","datePublished":"2024-07-22T10:28:25+00:00","dateModified":"2024-07-22T10:33:50+00:00","mainEntityOfPage":{"@id":"https:\/\/www.tapasmagazine.es\/en\/selena-gomez-y-benny-blanco-reaccionan-al-sandwich-de-sandia-y-pepinillos\/"},"wordCount":254,"publisher":{"@id":"https:\/\/www.tapasmagazine.es\/#organization"},"image":{"@id":"https:\/\/www.tapasmagazine.es\/en\/selena-gomez-y-benny-blanco-reaccionan-al-sandwich-de-sandia-y-pepinillos\/#primaryimage"},"thumbnailUrl":"https:\/\/www.tapasmagazine.es\/wp-content\/uploads\/2024\/07\/selena-gomez-benny-blanco.jpg","keywords":["pepinillos","sand\u00eda","selena gomez"],"articleSection":["Nombres propios","Personajes"],"inLanguage":"en-US"},{"@type":"WebPage","@id":"https:\/\/www.tapasmagazine.es\/en\/selena-gomez-y-benny-blanco-reaccionan-al-sandwich-de-sandia-y-pepinillos\/","url":"https:\/\/www.tapasmagazine.es\/en\/selena-gomez-y-benny-blanco-reaccionan-al-sandwich-de-sandia-y-pepinillos\/","name":"Selena Gomez and Benny Blanco react to the watermelon pickle sandwich - Tapas","isPartOf":{"@id":"https:\/\/www.tapasmagazine.es\/#website"},"primaryImageOfPage":{"@id":"https:\/\/www.tapasmagazine.es\/en\/selena-gomez-y-benny-blanco-reaccionan-al-sandwich-de-sandia-y-pepinillos\/#primaryimage"},"image":{"@id":"https:\/\/www.tapasmagazine.es\/en\/selena-gomez-y-benny-blanco-reaccionan-al-sandwich-de-sandia-y-pepinillos\/#primaryimage"},"thumbnailUrl":"https:\/\/www.tapasmagazine.es\/wp-content\/uploads\/2024\/07\/selena-gomez-benny-blanco.jpg","datePublished":"2024-07-22T10:28:25+00:00","dateModified":"2024-07-22T10:33:50+00:00","description":"Click here to read the Spanish version. Music producer and cookbook author, Benny Blanco, would share on Friday, July 19, his adventure tasting a summer","breadcrumb":{"@id":"https:\/\/www.tapasmagazine.es\/en\/selena-gomez-y-benny-blanco-reaccionan-al-sandwich-de-sandia-y-pepinillos\/#breadcrumb"},"inLanguage":"en-US","potentialAction":[{"@type":"ReadAction","target":["https:\/\/www.tapasmagazine.es\/en\/selena-gomez-y-benny-blanco-reaccionan-al-sandwich-de-sandia-y-pepinillos\/"]}]},{"@type":"ImageObject","inLanguage":"en-US","@id":"https:\/\/www.tapasmagazine.es\/en\/selena-gomez-y-benny-blanco-reaccionan-al-sandwich-de-sandia-y-pepinillos\/#primaryimage","url":"https:\/\/www.tapasmagazine.es\/wp-content\/uploads\/2024\/07\/selena-gomez-benny-blanco.jpg","contentUrl":"https:\/\/www.tapasmagazine.es\/wp-content\/uploads\/2024\/07\/selena-gomez-benny-blanco.jpg","width":1200,"height":675},{"@type":"BreadcrumbList","@id":"https:\/\/www.tapasmagazine.es\/en\/selena-gomez-y-benny-blanco-reaccionan-al-sandwich-de-sandia-y-pepinillos\/#breadcrumb","itemListElement":[{"@type":"ListItem","position":1,"name":"Portada","item":"https:\/\/www.tapasmagazine.es\/"},{"@type":"ListItem","position":2,"name":"Nombres propios","item":"https:\/\/www.tapasmagazine.es\/en\/categorias\/nombres-propios-en\/"},{"@type":"ListItem","position":3,"name":"Selena Gomez and Benny Blanco react to the watermelon pickle sandwich"}]},{"@type":"WebSite","@id":"https:\/\/www.tapasmagazine.es\/#website","url":"https:\/\/www.tapasmagazine.es\/","name":"Tapas","description":"\u00d1am \u00d1am Lifestyle. La vida a bocados. Premio Nacional de Gastronom\u00eda 2016.","publisher":{"@id":"https:\/\/www.tapasmagazine.es\/#organization"},"potentialAction":[{"@type":"SearchAction","target":{"@type":"EntryPoint","urlTemplate":"https:\/\/www.tapasmagazine.es\/?s={search_term_string}"},"query-input":{"@type":"PropertyValueSpecification","valueRequired":true,"valueName":"search_term_string"}}],"inLanguage":"en-US"},{"@type":"Organization","@id":"https:\/\/www.tapasmagazine.es\/#organization","name":"Tapas Magazine","url":"https:\/\/www.tapasmagazine.es\/","logo":{"@type":"ImageObject","inLanguage":"en-US","@id":"https:\/\/www.tapasmagazine.es\/#\/schema\/logo\/image\/","url":"https:\/\/www.tapasmagazine.es\/wp-content\/uploads\/2018\/01\/logo.png","contentUrl":"https:\/\/www.tapasmagazine.es\/wp-content\/uploads\/2018\/01\/logo.png","width":180,"height":60,"caption":"Tapas Magazine"},"image":{"@id":"https:\/\/www.tapasmagazine.es\/#\/schema\/logo\/image\/"},"sameAs":["https:\/\/www.facebook.com\/tapasmagazine","https:\/\/x.com\/TapasMagazine","https:\/\/www.instagram.com\/tapasmagazine\/","https:\/\/www.linkedin.com\/company\/tapas-magazine","https:\/\/es.pinterest.com\/tapasmagazine\/","https:\/\/www.youtube.com\/channel\/UCEyxneAaACuR0lfDagrWjjg?sub_confirmation=1"]},{"@type":"Person","@id":"https:\/\/www.tapasmagazine.es\/#\/schema\/person\/eb46cbe76a9c8f062660eb609e3ecb4e","name":"Laura P\u00e9rez","url":"https:\/\/www.tapasmagazine.es\/en\/author\/laura-perez\/"}]}},"_links":{"self":[{"href":"https:\/\/www.tapasmagazine.es\/en\/wp-json\/wp\/v2\/posts\/257411","targetHints":{"allow":["GET"]}}],"collection":[{"href":"https:\/\/www.tapasmagazine.es\/en\/wp-json\/wp\/v2\/posts"}],"about":[{"href":"https:\/\/www.tapasmagazine.es\/en\/wp-json\/wp\/v2\/types\/post"}],"author":[{"embeddable":true,"href":"https:\/\/www.tapasmagazine.es\/en\/wp-json\/wp\/v2\/users\/285"}],"replies":[{"embeddable":true,"href":"https:\/\/www.tapasmagazine.es\/en\/wp-json\/wp\/v2\/comments?post=257411"}],"version-history":[{"count":2,"href":"https:\/\/www.tapasmagazine.es\/en\/wp-json\/wp\/v2\/posts\/257411\/revisions"}],"predecessor-version":[{"id":257417,"href":"https:\/\/www.tapasmagazine.es\/en\/wp-json\/wp\/v2\/posts\/257411\/revisions\/257417"}],"wp:featuredmedia":[{"embeddable":true,"href":"https:\/\/www.tapasmagazine.es\/en\/wp-json\/wp\/v2\/media\/257402"}],"wp:attachment":[{"href":"https:\/\/www.tapasmagazine.es\/en\/wp-json\/wp\/v2\/media?parent=257411"}],"wp:term":[{"taxonomy":"category","embeddable":true,"href":"https:\/\/www.tapasmagazine.es\/en\/wp-json\/wp\/v2\/categories?post=257411"},{"taxonomy":"post_tag","embeddable":true,"href":"https:\/\/www.tapasmagazine.es\/en\/wp-json\/wp\/v2\/tags?post=257411"}],"curies":[{"name":"wp","href":"https:\/\/api.w.org\/{rel}","templated":true}]}}