{"id":256724,"date":"2024-07-16T10:12:05","date_gmt":"2024-07-16T08:12:05","guid":{"rendered":"https:\/\/www.tapasmagazine.es\/ben-affleck-y-dunkin-proyectan-la-trend-del-verano\/"},"modified":"2024-07-16T10:14:49","modified_gmt":"2024-07-16T08:14:49","slug":"ben-affleck-and-dunkin-project-the-trend-of-the-summer","status":"publish","type":"post","link":"https:\/\/www.tapasmagazine.es\/en\/ben-affleck-and-dunkin-project-the-trend-of-the-summer\/","title":{"rendered":"Ben Affleck and Dunkin&#8217; project the trend of the summer"},"content":{"rendered":"\n<p><strong>Click <a href=\"https:\/\/www.tapasmagazine.es\/ben-affleck-y-dunkin-proyectan-la-trend-del-verano\/\" target=\"_blank\" rel=\"noreferrer noopener\">here<\/a> to read the Spanish version.<\/strong><\/p>\n\n\n\n<p><strong>Ben Affleck<\/strong> is not only known for his iconic roles in the film world, but also for his relationship with the famous coffee and donut chain. Acts of love that have been captured countless times by the paparazzi; who have portrayed him with Dunkin&#8217; products and a stressful attitude synchronized with the frenetic pace of the current era.<\/p>\n\n\n\n<p>That &#8216;mood&#8217; has now carried over to TikTok, and has even inspired a summer macro-trend that users are endlessly replicating. &#8216;Enjoying my &#8216;Ben Affleck summer,&#8217; user Michael Major wrote in one clip, before clarifying that it means &#8216;strolling around drinking a Dunkin iced coffee while being very stressed out.&#8217;<\/p>\n\n\n\n<figure class=\"wp-block-embed is-type-video is-provider-tiktok wp-block-embed-tiktok\"><div class=\"wp-block-embed__wrapper\">\n<blockquote class=\"tiktok-embed\" cite=\"https:\/\/www.tiktok.com\/@michaelmaj0r\/video\/7374405312566103338\" data-video-id=\"7374405312566103338\" data-embed-from=\"oembed\" style=\"max-width:605px; min-width:325px;\"> <section> <a target=\"_blank\" title=\"@michaelmaj0r\" href=\"https:\/\/www.tiktok.com\/@michaelmaj0r?refer=embed\">@michaelmaj0r<\/a> <p>BAS <a title=\"benaffleck\" target=\"_blank\" href=\"https:\/\/www.tiktok.com\/tag\/benaffleck?refer=embed\">#benaffleck<\/a> <a title=\"jlo\" target=\"_blank\" href=\"https:\/\/www.tiktok.com\/tag\/jlo?refer=embed\">#jlo<\/a> <a title=\"bennifer\" target=\"_blank\" href=\"https:\/\/www.tiktok.com\/tag\/bennifer?refer=embed\">#bennifer<\/a> <a title=\"dunkin\" target=\"_blank\" href=\"https:\/\/www.tiktok.com\/tag\/dunkin?refer=embed\">#dunkin<\/a> <a title=\"fyp\" target=\"_blank\" href=\"https:\/\/www.tiktok.com\/tag\/fyp?refer=embed\">#fyp<\/a> <a title=\"summer\" target=\"_blank\" href=\"https:\/\/www.tiktok.com\/tag\/summer?refer=embed\">#summer<\/a> <\/p> <a target=\"_blank\" title=\"\u266c original sound - Bella \uaa5c\" href=\"https:\/\/www.tiktok.com\/music\/original-sound-7327881653894843138?refer=embed\">\u266c original sound &#8211; Bella \uaa5c<\/a> <\/section> <\/blockquote> <script async src=\"https:\/\/www.tiktok.com\/embed.js\"><\/script>\n<\/div><\/figure>\n\n\n\n<p>Major isn&#8217;t the only one who has embraced the &#8216;Ben Affleck Summer&#8217; trend. &#8216;Ready for &#8216;Ben Affleck Summer, stressed out but with lots of caffeine,&#8217; comments Megan Mayday, in a video in which she sports a very Affleck flannel shirt and denim shorts.<\/p>\n\n\n\n<figure class=\"wp-block-embed is-type-video is-provider-tiktok wp-block-embed-tiktok\"><div class=\"wp-block-embed__wrapper\">\n<blockquote class=\"tiktok-embed\" cite=\"https:\/\/www.tiktok.com\/@lecoffeeconnoisseur\/video\/7374214534552112427\" data-video-id=\"7374214534552112427\" data-embed-from=\"oembed\" style=\"max-width:605px; min-width:325px;\"> <section> <a target=\"_blank\" title=\"@lecoffeeconnoisseur\" href=\"https:\/\/www.tiktok.com\/@lecoffeeconnoisseur?refer=embed\">@lecoffeeconnoisseur<\/a> <p>The theme for this summer \ud83c\udf1e \u2615\ufe0f <a title=\"benaffleck\" target=\"_blank\" href=\"https:\/\/www.tiktok.com\/tag\/benaffleck?refer=embed\">#benaffleck<\/a> <a title=\"coffee\" target=\"_blank\" href=\"https:\/\/www.tiktok.com\/tag\/coffee?refer=embed\">#coffee<\/a> <a title=\"coffeeholic\" target=\"_blank\" href=\"https:\/\/www.tiktok.com\/tag\/coffeeholic?refer=embed\">#coffeeholic<\/a> <a title=\"coffeetime\" target=\"_blank\" href=\"https:\/\/www.tiktok.com\/tag\/coffeetime?refer=embed\">#coffeetime<\/a> <a title=\"coffeelover\" target=\"_blank\" href=\"https:\/\/www.tiktok.com\/tag\/coffeelover?refer=embed\">#coffeelover<\/a> <a title=\"coffeelovers\" target=\"_blank\" href=\"https:\/\/www.tiktok.com\/tag\/coffeelovers?refer=embed\">#coffeelovers<\/a> <a title=\"coffeegram\" target=\"_blank\" href=\"https:\/\/www.tiktok.com\/tag\/coffeegram?refer=embed\">#coffeegram<\/a> <a title=\"coffeecoffeecoffee\" target=\"_blank\" href=\"https:\/\/www.tiktok.com\/tag\/coffeecoffeecoffee?refer=embed\">#coffeecoffeecoffee<\/a> <a title=\"coffeeaddict\" target=\"_blank\" href=\"https:\/\/www.tiktok.com\/tag\/coffeeaddict?refer=embed\">#coffeeaddict<\/a> <a title=\"coffeeart\" target=\"_blank\" href=\"https:\/\/www.tiktok.com\/tag\/coffeeart?refer=embed\">#coffeeart<\/a> <a title=\"merch\" target=\"_blank\" href=\"https:\/\/www.tiktok.com\/tag\/merch?refer=embed\">#merch<\/a> <a title=\"smallbusiness\" target=\"_blank\" href=\"https:\/\/www.tiktok.com\/tag\/smallbusiness?refer=embed\">#smallbusiness<\/a> <a title=\"coffeestory\" target=\"_blank\" href=\"https:\/\/www.tiktok.com\/tag\/coffeestory?refer=embed\">#coffeestory<\/a> <a title=\"coffeeculture\" target=\"_blank\" href=\"https:\/\/www.tiktok.com\/tag\/coffeeculture?refer=embed\">#coffeeculture<\/a> <a title=\"pinterestinspo\" target=\"_blank\" href=\"https:\/\/www.tiktok.com\/tag\/pinterestinspo?refer=embed\">#pinterestinspo<\/a> <\/p> <a target=\"_blank\" title=\"\u266c sonido original - M\u00fasica para estados 2.0\" href=\"https:\/\/www.tiktok.com\/music\/sonido-original-7325316157563570950?refer=embed\">\u266c sonido original &#8211; M\u00fasica para estados 2.0<\/a> <\/section> <\/blockquote> <script async src=\"https:\/\/www.tiktok.com\/embed.js\"><\/script>\n<\/div><\/figure>\n\n\n\n<p>Although <strong>Ben Affleck <\/strong>became the unofficial face of Dunkin&#8217;, his constant appearances with the brand&#8217;s products eventually led to an actual collaboration. Shortly after appearing alongside Tom Brady and his sidekick Matt Damon in Dunkin&#8217;s Super Bowl ad, the chain launched Affleck&#8217;s DunKing Iced Coffee with notes of vanilla combined with cream and topped with cold foam and cinnamon sugar.<\/p>\n","protected":false},"excerpt":{"rendered":"<p>Click here to read the Spanish version. Ben Affleck is not only known for his iconic roles in the film world, but also for his relationship with the famous coffee and donut chain. Acts of love that have been captured countless times by the paparazzi; who have portrayed him with Dunkin&#8217; products and a stressful [&hellip;]<\/p>\n","protected":false},"author":285,"featured_media":256716,"comment_status":"closed","ping_status":"closed","sticky":false,"template":"","format":"standard","meta":{"_acf_changed":false,"footnotes":""},"categories":[15802,15851,15910],"tags":[16537],"class_list":["post-256724","post","type-post","status-publish","format-standard","has-post-thumbnail","hentry","category-news","category-nombres-propios-en","category-personajes-en","tag-cafe-en","cat-15802-id","cat-15851-id","cat-15910-id"],"acf":[],"yoast_head":"<!-- This site is optimized with the Yoast SEO plugin v27.5 - https:\/\/yoast.com\/product\/yoast-seo-wordpress\/ -->\n<title>Ben Affleck and Dunkin&#039; project the trend of the summer - Tapas<\/title>\n<meta name=\"description\" content=\"Click here to read the Spanish version. Ben Affleck is not only known for his iconic roles in the film world, but also for his relationship with the\" \/>\n<meta name=\"robots\" content=\"index, follow, max-snippet:-1, max-image-preview:large, max-video-preview:-1\" \/>\n<link rel=\"canonical\" href=\"https:\/\/www.tapasmagazine.es\/en\/ben-affleck-and-dunkin-project-the-trend-of-the-summer\/\" \/>\n<meta property=\"og:locale\" content=\"en_US\" \/>\n<meta property=\"og:type\" content=\"article\" \/>\n<meta property=\"og:title\" content=\"Ben Affleck and Dunkin&#039; project the trend of the summer - Tapas\" \/>\n<meta property=\"og:description\" content=\"Click here to read the Spanish version. Ben Affleck is not only known for his iconic roles in the film world, but also for his relationship with the\" \/>\n<meta property=\"og:url\" content=\"https:\/\/www.tapasmagazine.es\/en\/ben-affleck-and-dunkin-project-the-trend-of-the-summer\/\" \/>\n<meta property=\"og:site_name\" content=\"Tapas\" \/>\n<meta property=\"article:publisher\" content=\"https:\/\/www.facebook.com\/tapasmagazine\" \/>\n<meta property=\"article:published_time\" content=\"2024-07-16T08:12:05+00:00\" \/>\n<meta property=\"article:modified_time\" content=\"2024-07-16T08:14:49+00:00\" \/>\n<meta property=\"og:image\" content=\"https:\/\/www.tapasmagazine.es\/wp-content\/uploads\/2024\/07\/ben-affleck-dunkin.jpg\" \/>\n\t<meta property=\"og:image:width\" content=\"1200\" \/>\n\t<meta property=\"og:image:height\" content=\"675\" \/>\n\t<meta property=\"og:image:type\" content=\"image\/jpeg\" \/>\n<meta name=\"author\" content=\"Laura P\u00e9rez\" \/>\n<meta name=\"twitter:card\" content=\"summary_large_image\" \/>\n<meta name=\"twitter:creator\" content=\"@TapasMagazine\" \/>\n<meta name=\"twitter:site\" content=\"@TapasMagazine\" \/>\n<meta name=\"twitter:label1\" content=\"Written by\" \/>\n\t<meta name=\"twitter:data1\" content=\"Laura P\u00e9rez\" \/>\n\t<meta name=\"twitter:label2\" content=\"Est. reading time\" \/>\n\t<meta name=\"twitter:data2\" content=\"2 minutes\" \/>\n<script type=\"application\/ld+json\" class=\"yoast-schema-graph\">{\"@context\":\"https:\\\/\\\/schema.org\",\"@graph\":[{\"@type\":\"Article\",\"@id\":\"https:\\\/\\\/www.tapasmagazine.es\\\/en\\\/ben-affleck-and-dunkin-project-the-trend-of-the-summer\\\/#article\",\"isPartOf\":{\"@id\":\"https:\\\/\\\/www.tapasmagazine.es\\\/en\\\/ben-affleck-and-dunkin-project-the-trend-of-the-summer\\\/\"},\"author\":{\"name\":\"Laura P\u00e9rez\",\"@id\":\"https:\\\/\\\/www.tapasmagazine.es\\\/#\\\/schema\\\/person\\\/eb46cbe76a9c8f062660eb609e3ecb4e\"},\"headline\":\"Ben Affleck and Dunkin&#8217; project the trend of the summer\",\"datePublished\":\"2024-07-16T08:12:05+00:00\",\"dateModified\":\"2024-07-16T08:14:49+00:00\",\"mainEntityOfPage\":{\"@id\":\"https:\\\/\\\/www.tapasmagazine.es\\\/en\\\/ben-affleck-and-dunkin-project-the-trend-of-the-summer\\\/\"},\"wordCount\":254,\"publisher\":{\"@id\":\"https:\\\/\\\/www.tapasmagazine.es\\\/#organization\"},\"image\":{\"@id\":\"https:\\\/\\\/www.tapasmagazine.es\\\/en\\\/ben-affleck-and-dunkin-project-the-trend-of-the-summer\\\/#primaryimage\"},\"thumbnailUrl\":\"https:\\\/\\\/www.tapasmagazine.es\\\/wp-content\\\/uploads\\\/2024\\\/07\\\/ben-affleck-dunkin.jpg\",\"keywords\":[\"caf\u00e9\"],\"articleSection\":[\"News\",\"Nombres propios\",\"Personajes\"],\"inLanguage\":\"en-US\"},{\"@type\":\"WebPage\",\"@id\":\"https:\\\/\\\/www.tapasmagazine.es\\\/en\\\/ben-affleck-and-dunkin-project-the-trend-of-the-summer\\\/\",\"url\":\"https:\\\/\\\/www.tapasmagazine.es\\\/en\\\/ben-affleck-and-dunkin-project-the-trend-of-the-summer\\\/\",\"name\":\"Ben Affleck and Dunkin' project the trend of the summer - Tapas\",\"isPartOf\":{\"@id\":\"https:\\\/\\\/www.tapasmagazine.es\\\/#website\"},\"primaryImageOfPage\":{\"@id\":\"https:\\\/\\\/www.tapasmagazine.es\\\/en\\\/ben-affleck-and-dunkin-project-the-trend-of-the-summer\\\/#primaryimage\"},\"image\":{\"@id\":\"https:\\\/\\\/www.tapasmagazine.es\\\/en\\\/ben-affleck-and-dunkin-project-the-trend-of-the-summer\\\/#primaryimage\"},\"thumbnailUrl\":\"https:\\\/\\\/www.tapasmagazine.es\\\/wp-content\\\/uploads\\\/2024\\\/07\\\/ben-affleck-dunkin.jpg\",\"datePublished\":\"2024-07-16T08:12:05+00:00\",\"dateModified\":\"2024-07-16T08:14:49+00:00\",\"description\":\"Click here to read the Spanish version. Ben Affleck is not only known for his iconic roles in the film world, but also for his relationship with the\",\"breadcrumb\":{\"@id\":\"https:\\\/\\\/www.tapasmagazine.es\\\/en\\\/ben-affleck-and-dunkin-project-the-trend-of-the-summer\\\/#breadcrumb\"},\"inLanguage\":\"en-US\",\"potentialAction\":[{\"@type\":\"ReadAction\",\"target\":[\"https:\\\/\\\/www.tapasmagazine.es\\\/en\\\/ben-affleck-and-dunkin-project-the-trend-of-the-summer\\\/\"]}]},{\"@type\":\"ImageObject\",\"inLanguage\":\"en-US\",\"@id\":\"https:\\\/\\\/www.tapasmagazine.es\\\/en\\\/ben-affleck-and-dunkin-project-the-trend-of-the-summer\\\/#primaryimage\",\"url\":\"https:\\\/\\\/www.tapasmagazine.es\\\/wp-content\\\/uploads\\\/2024\\\/07\\\/ben-affleck-dunkin.jpg\",\"contentUrl\":\"https:\\\/\\\/www.tapasmagazine.es\\\/wp-content\\\/uploads\\\/2024\\\/07\\\/ben-affleck-dunkin.jpg\",\"width\":1200,\"height\":675,\"caption\":\"Bellocqimages \\\/ Bauer-Griffin \\\/ Getty Images\"},{\"@type\":\"BreadcrumbList\",\"@id\":\"https:\\\/\\\/www.tapasmagazine.es\\\/en\\\/ben-affleck-and-dunkin-project-the-trend-of-the-summer\\\/#breadcrumb\",\"itemListElement\":[{\"@type\":\"ListItem\",\"position\":1,\"name\":\"Portada\",\"item\":\"https:\\\/\\\/www.tapasmagazine.es\\\/\"},{\"@type\":\"ListItem\",\"position\":2,\"name\":\"News\",\"item\":\"https:\\\/\\\/www.tapasmagazine.es\\\/en\\\/categorias\\\/news\\\/\"},{\"@type\":\"ListItem\",\"position\":3,\"name\":\"Ben Affleck and Dunkin&#8217; project the trend of the summer\"}]},{\"@type\":\"WebSite\",\"@id\":\"https:\\\/\\\/www.tapasmagazine.es\\\/#website\",\"url\":\"https:\\\/\\\/www.tapasmagazine.es\\\/\",\"name\":\"Tapas\",\"description\":\"\u00d1am \u00d1am Lifestyle. La vida a bocados. Premio Nacional de Gastronom\u00eda 2016.\",\"publisher\":{\"@id\":\"https:\\\/\\\/www.tapasmagazine.es\\\/#organization\"},\"potentialAction\":[{\"@type\":\"SearchAction\",\"target\":{\"@type\":\"EntryPoint\",\"urlTemplate\":\"https:\\\/\\\/www.tapasmagazine.es\\\/?s={search_term_string}\"},\"query-input\":{\"@type\":\"PropertyValueSpecification\",\"valueRequired\":true,\"valueName\":\"search_term_string\"}}],\"inLanguage\":\"en-US\"},{\"@type\":\"Organization\",\"@id\":\"https:\\\/\\\/www.tapasmagazine.es\\\/#organization\",\"name\":\"Tapas Magazine\",\"url\":\"https:\\\/\\\/www.tapasmagazine.es\\\/\",\"logo\":{\"@type\":\"ImageObject\",\"inLanguage\":\"en-US\",\"@id\":\"https:\\\/\\\/www.tapasmagazine.es\\\/#\\\/schema\\\/logo\\\/image\\\/\",\"url\":\"https:\\\/\\\/www.tapasmagazine.es\\\/wp-content\\\/uploads\\\/2018\\\/01\\\/logo.png\",\"contentUrl\":\"https:\\\/\\\/www.tapasmagazine.es\\\/wp-content\\\/uploads\\\/2018\\\/01\\\/logo.png\",\"width\":180,\"height\":60,\"caption\":\"Tapas Magazine\"},\"image\":{\"@id\":\"https:\\\/\\\/www.tapasmagazine.es\\\/#\\\/schema\\\/logo\\\/image\\\/\"},\"sameAs\":[\"https:\\\/\\\/www.facebook.com\\\/tapasmagazine\",\"https:\\\/\\\/x.com\\\/TapasMagazine\",\"https:\\\/\\\/www.instagram.com\\\/tapasmagazine\\\/\",\"https:\\\/\\\/www.linkedin.com\\\/company\\\/tapas-magazine\",\"https:\\\/\\\/es.pinterest.com\\\/tapasmagazine\\\/\",\"https:\\\/\\\/www.youtube.com\\\/channel\\\/UCEyxneAaACuR0lfDagrWjjg?sub_confirmation=1\"]},{\"@type\":\"Person\",\"@id\":\"https:\\\/\\\/www.tapasmagazine.es\\\/#\\\/schema\\\/person\\\/eb46cbe76a9c8f062660eb609e3ecb4e\",\"name\":\"Laura P\u00e9rez\",\"url\":\"https:\\\/\\\/www.tapasmagazine.es\\\/en\\\/author\\\/laura-perez\\\/\"}]}<\/script>\n<!-- \/ Yoast SEO plugin. -->","yoast_head_json":{"title":"Ben Affleck and Dunkin' project the trend of the summer - Tapas","description":"Click here to read the Spanish version. Ben Affleck is not only known for his iconic roles in the film world, but also for his relationship with the","robots":{"index":"index","follow":"follow","max-snippet":"max-snippet:-1","max-image-preview":"max-image-preview:large","max-video-preview":"max-video-preview:-1"},"canonical":"https:\/\/www.tapasmagazine.es\/en\/ben-affleck-and-dunkin-project-the-trend-of-the-summer\/","og_locale":"en_US","og_type":"article","og_title":"Ben Affleck and Dunkin' project the trend of the summer - Tapas","og_description":"Click here to read the Spanish version. Ben Affleck is not only known for his iconic roles in the film world, but also for his relationship with the","og_url":"https:\/\/www.tapasmagazine.es\/en\/ben-affleck-and-dunkin-project-the-trend-of-the-summer\/","og_site_name":"Tapas","article_publisher":"https:\/\/www.facebook.com\/tapasmagazine","article_published_time":"2024-07-16T08:12:05+00:00","article_modified_time":"2024-07-16T08:14:49+00:00","og_image":[{"width":1200,"height":675,"url":"https:\/\/www.tapasmagazine.es\/wp-content\/uploads\/2024\/07\/ben-affleck-dunkin.jpg","type":"image\/jpeg"}],"author":"Laura P\u00e9rez","twitter_card":"summary_large_image","twitter_creator":"@TapasMagazine","twitter_site":"@TapasMagazine","twitter_misc":{"Written by":"Laura P\u00e9rez","Est. reading time":"2 minutes"},"schema":{"@context":"https:\/\/schema.org","@graph":[{"@type":"Article","@id":"https:\/\/www.tapasmagazine.es\/en\/ben-affleck-and-dunkin-project-the-trend-of-the-summer\/#article","isPartOf":{"@id":"https:\/\/www.tapasmagazine.es\/en\/ben-affleck-and-dunkin-project-the-trend-of-the-summer\/"},"author":{"name":"Laura P\u00e9rez","@id":"https:\/\/www.tapasmagazine.es\/#\/schema\/person\/eb46cbe76a9c8f062660eb609e3ecb4e"},"headline":"Ben Affleck and Dunkin&#8217; project the trend of the summer","datePublished":"2024-07-16T08:12:05+00:00","dateModified":"2024-07-16T08:14:49+00:00","mainEntityOfPage":{"@id":"https:\/\/www.tapasmagazine.es\/en\/ben-affleck-and-dunkin-project-the-trend-of-the-summer\/"},"wordCount":254,"publisher":{"@id":"https:\/\/www.tapasmagazine.es\/#organization"},"image":{"@id":"https:\/\/www.tapasmagazine.es\/en\/ben-affleck-and-dunkin-project-the-trend-of-the-summer\/#primaryimage"},"thumbnailUrl":"https:\/\/www.tapasmagazine.es\/wp-content\/uploads\/2024\/07\/ben-affleck-dunkin.jpg","keywords":["caf\u00e9"],"articleSection":["News","Nombres propios","Personajes"],"inLanguage":"en-US"},{"@type":"WebPage","@id":"https:\/\/www.tapasmagazine.es\/en\/ben-affleck-and-dunkin-project-the-trend-of-the-summer\/","url":"https:\/\/www.tapasmagazine.es\/en\/ben-affleck-and-dunkin-project-the-trend-of-the-summer\/","name":"Ben Affleck and Dunkin' project the trend of the summer - Tapas","isPartOf":{"@id":"https:\/\/www.tapasmagazine.es\/#website"},"primaryImageOfPage":{"@id":"https:\/\/www.tapasmagazine.es\/en\/ben-affleck-and-dunkin-project-the-trend-of-the-summer\/#primaryimage"},"image":{"@id":"https:\/\/www.tapasmagazine.es\/en\/ben-affleck-and-dunkin-project-the-trend-of-the-summer\/#primaryimage"},"thumbnailUrl":"https:\/\/www.tapasmagazine.es\/wp-content\/uploads\/2024\/07\/ben-affleck-dunkin.jpg","datePublished":"2024-07-16T08:12:05+00:00","dateModified":"2024-07-16T08:14:49+00:00","description":"Click here to read the Spanish version. Ben Affleck is not only known for his iconic roles in the film world, but also for his relationship with the","breadcrumb":{"@id":"https:\/\/www.tapasmagazine.es\/en\/ben-affleck-and-dunkin-project-the-trend-of-the-summer\/#breadcrumb"},"inLanguage":"en-US","potentialAction":[{"@type":"ReadAction","target":["https:\/\/www.tapasmagazine.es\/en\/ben-affleck-and-dunkin-project-the-trend-of-the-summer\/"]}]},{"@type":"ImageObject","inLanguage":"en-US","@id":"https:\/\/www.tapasmagazine.es\/en\/ben-affleck-and-dunkin-project-the-trend-of-the-summer\/#primaryimage","url":"https:\/\/www.tapasmagazine.es\/wp-content\/uploads\/2024\/07\/ben-affleck-dunkin.jpg","contentUrl":"https:\/\/www.tapasmagazine.es\/wp-content\/uploads\/2024\/07\/ben-affleck-dunkin.jpg","width":1200,"height":675,"caption":"Bellocqimages \/ Bauer-Griffin \/ Getty Images"},{"@type":"BreadcrumbList","@id":"https:\/\/www.tapasmagazine.es\/en\/ben-affleck-and-dunkin-project-the-trend-of-the-summer\/#breadcrumb","itemListElement":[{"@type":"ListItem","position":1,"name":"Portada","item":"https:\/\/www.tapasmagazine.es\/"},{"@type":"ListItem","position":2,"name":"News","item":"https:\/\/www.tapasmagazine.es\/en\/categorias\/news\/"},{"@type":"ListItem","position":3,"name":"Ben Affleck and Dunkin&#8217; project the trend of the summer"}]},{"@type":"WebSite","@id":"https:\/\/www.tapasmagazine.es\/#website","url":"https:\/\/www.tapasmagazine.es\/","name":"Tapas","description":"\u00d1am \u00d1am Lifestyle. La vida a bocados. Premio Nacional de Gastronom\u00eda 2016.","publisher":{"@id":"https:\/\/www.tapasmagazine.es\/#organization"},"potentialAction":[{"@type":"SearchAction","target":{"@type":"EntryPoint","urlTemplate":"https:\/\/www.tapasmagazine.es\/?s={search_term_string}"},"query-input":{"@type":"PropertyValueSpecification","valueRequired":true,"valueName":"search_term_string"}}],"inLanguage":"en-US"},{"@type":"Organization","@id":"https:\/\/www.tapasmagazine.es\/#organization","name":"Tapas Magazine","url":"https:\/\/www.tapasmagazine.es\/","logo":{"@type":"ImageObject","inLanguage":"en-US","@id":"https:\/\/www.tapasmagazine.es\/#\/schema\/logo\/image\/","url":"https:\/\/www.tapasmagazine.es\/wp-content\/uploads\/2018\/01\/logo.png","contentUrl":"https:\/\/www.tapasmagazine.es\/wp-content\/uploads\/2018\/01\/logo.png","width":180,"height":60,"caption":"Tapas Magazine"},"image":{"@id":"https:\/\/www.tapasmagazine.es\/#\/schema\/logo\/image\/"},"sameAs":["https:\/\/www.facebook.com\/tapasmagazine","https:\/\/x.com\/TapasMagazine","https:\/\/www.instagram.com\/tapasmagazine\/","https:\/\/www.linkedin.com\/company\/tapas-magazine","https:\/\/es.pinterest.com\/tapasmagazine\/","https:\/\/www.youtube.com\/channel\/UCEyxneAaACuR0lfDagrWjjg?sub_confirmation=1"]},{"@type":"Person","@id":"https:\/\/www.tapasmagazine.es\/#\/schema\/person\/eb46cbe76a9c8f062660eb609e3ecb4e","name":"Laura P\u00e9rez","url":"https:\/\/www.tapasmagazine.es\/en\/author\/laura-perez\/"}]}},"_links":{"self":[{"href":"https:\/\/www.tapasmagazine.es\/en\/wp-json\/wp\/v2\/posts\/256724","targetHints":{"allow":["GET"]}}],"collection":[{"href":"https:\/\/www.tapasmagazine.es\/en\/wp-json\/wp\/v2\/posts"}],"about":[{"href":"https:\/\/www.tapasmagazine.es\/en\/wp-json\/wp\/v2\/types\/post"}],"author":[{"embeddable":true,"href":"https:\/\/www.tapasmagazine.es\/en\/wp-json\/wp\/v2\/users\/285"}],"replies":[{"embeddable":true,"href":"https:\/\/www.tapasmagazine.es\/en\/wp-json\/wp\/v2\/comments?post=256724"}],"version-history":[{"count":2,"href":"https:\/\/www.tapasmagazine.es\/en\/wp-json\/wp\/v2\/posts\/256724\/revisions"}],"predecessor-version":[{"id":256729,"href":"https:\/\/www.tapasmagazine.es\/en\/wp-json\/wp\/v2\/posts\/256724\/revisions\/256729"}],"wp:featuredmedia":[{"embeddable":true,"href":"https:\/\/www.tapasmagazine.es\/en\/wp-json\/wp\/v2\/media\/256716"}],"wp:attachment":[{"href":"https:\/\/www.tapasmagazine.es\/en\/wp-json\/wp\/v2\/media?parent=256724"}],"wp:term":[{"taxonomy":"category","embeddable":true,"href":"https:\/\/www.tapasmagazine.es\/en\/wp-json\/wp\/v2\/categories?post=256724"},{"taxonomy":"post_tag","embeddable":true,"href":"https:\/\/www.tapasmagazine.es\/en\/wp-json\/wp\/v2\/tags?post=256724"}],"curies":[{"name":"wp","href":"https:\/\/api.w.org\/{rel}","templated":true}]}}