{"id":255610,"date":"2024-07-01T12:47:37","date_gmt":"2024-07-01T10:47:37","guid":{"rendered":"https:\/\/www.tapasmagazine.es\/george-clooney-y-amal-cenan-en-el-restaurante-jardin-tropezina-de-saint-tropez\/"},"modified":"2024-07-01T12:50:07","modified_gmt":"2024-07-01T10:50:07","slug":"george-clooney-and-amal-dine-at-jardin-tropezina-restaurant-sait-tropez","status":"publish","type":"post","link":"https:\/\/www.tapasmagazine.es\/en\/george-clooney-and-amal-dine-at-jardin-tropezina-restaurant-sait-tropez\/","title":{"rendered":"George Clooney and Amal dine at Jardin Tropezina restaurant in Saint-Tropez"},"content":{"rendered":"\n<p><strong>Click <a href=\"https:\/\/www.tapasmagazine.es\/george-clooney-y-amal-cenan-en-el-restaurante-jardin-tropezina-de-saint-tropez\/\" target=\"_blank\" rel=\"noreferrer noopener\">here<\/a> to read the Spanish version.<\/strong><\/p>\n\n\n\n<p>During <strong>George <\/strong>and <strong>Amal Clooney<\/strong>&#8216;s vacation on the French Riviera the paparazzi would capture a special culinary moment. And that was their dinner at <strong>Jardin Tropezina <\/strong>restaurant in <strong>Saint-Tropez <\/strong>on Tuesday, June 25: a beach club and restaurant located on the bay of Pampelonne, known for serving French chef <strong>Jean Fran\u00e7ois Pi\u00e8ge<\/strong>&#8216;s elevated reinterpretation of Mediterranean cuisine.<\/p>\n\n\n\n<p>The Clooneys, of course, would have a privileged table set up under a lush pergola overlooking the ocean. George wore a casual look for the occasion with a white polo shirt, gray pants and gray shoes; while Amal wore a floral dress combined with sunglasses, just like her husband.<\/p>\n\n\n<div class=\"wp-block-image\">\n<figure class=\"aligncenter size-large is-resized\"><img decoding=\"async\" width=\"819\" height=\"1024\" src=\"https:\/\/www.tapasmagazine.es\/wp-content\/uploads\/2024\/07\/george-clooney-amal-2-819x1024.jpg\" alt=\"\" class=\"wp-image-255600\" style=\"width:1017px;height:auto\" srcset=\"https:\/\/www.tapasmagazine.es\/wp-content\/uploads\/2024\/07\/george-clooney-amal-2-819x1024.jpg 819w, https:\/\/www.tapasmagazine.es\/wp-content\/uploads\/2024\/07\/george-clooney-amal-2-240x300.jpg 240w, https:\/\/www.tapasmagazine.es\/wp-content\/uploads\/2024\/07\/george-clooney-amal-2-768x960.jpg 768w, https:\/\/www.tapasmagazine.es\/wp-content\/uploads\/2024\/07\/george-clooney-amal-2-1000x1250.jpg 1000w, https:\/\/www.tapasmagazine.es\/wp-content\/uploads\/2024\/07\/george-clooney-amal-2-400x500.jpg 400w, https:\/\/www.tapasmagazine.es\/wp-content\/uploads\/2024\/07\/george-clooney-amal-2.jpg 1080w\" sizes=\"(max-width: 819px) 100vw, 819px\" \/><\/figure>\n<\/div>\n\n\n<p>&#8216;Its delicious Mediterranean cuisine highlights the richness of the fresh produce of this sun-drenched region,&#8217; describes the chef in the notes of this idyllic oasis on the C\u00f4te d&#8217;Azur, which also has a space with private sun loungers in which to relax during the summer.<\/p>\n","protected":false},"excerpt":{"rendered":"<p>Click here to read the Spanish version. During George and Amal Clooney&#8216;s vacation on the French Riviera the paparazzi would capture a special culinary moment. And that was their dinner at Jardin Tropezina restaurant in Saint-Tropez on Tuesday, June 25: a beach club and restaurant located on the bay of Pampelonne, known for serving French [&hellip;]<\/p>\n","protected":false},"author":318,"featured_media":255598,"comment_status":"closed","ping_status":"closed","sticky":false,"template":"","format":"standard","meta":{"_acf_changed":false,"footnotes":""},"categories":[15851,15910],"tags":[18850,15803],"class_list":["post-255610","post","type-post","status-publish","format-standard","has-post-thumbnail","hentry","category-nombres-propios-en","category-personajes-en","tag-george-clooney-en","tag-restaurants","cat-15851-id","cat-15910-id"],"acf":[],"yoast_head":"<!-- This site is optimized with the Yoast SEO plugin v27.4 - https:\/\/yoast.com\/product\/yoast-seo-wordpress\/ -->\n<title>George Clooney and Amal dine at Jardin Tropezina restaurant in Saint-Tropez - Tapas<\/title>\n<meta name=\"description\" content=\"Click here to read the Spanish version. During George and Amal Clooney&#039;s vacation on the French Riviera the paparazzi would capture a special culinary\" \/>\n<meta name=\"robots\" content=\"index, follow, max-snippet:-1, max-image-preview:large, max-video-preview:-1\" \/>\n<link rel=\"canonical\" href=\"https:\/\/www.tapasmagazine.es\/en\/george-clooney-and-amal-dine-at-jardin-tropezina-restaurant-sait-tropez\/\" \/>\n<meta property=\"og:locale\" content=\"en_US\" \/>\n<meta property=\"og:type\" content=\"article\" \/>\n<meta property=\"og:title\" content=\"George Clooney and Amal dine at Jardin Tropezina restaurant in Saint-Tropez - Tapas\" \/>\n<meta property=\"og:description\" content=\"Click here to read the Spanish version. During George and Amal Clooney&#039;s vacation on the French Riviera the paparazzi would capture a special culinary\" \/>\n<meta property=\"og:url\" content=\"https:\/\/www.tapasmagazine.es\/en\/george-clooney-and-amal-dine-at-jardin-tropezina-restaurant-sait-tropez\/\" \/>\n<meta property=\"og:site_name\" content=\"Tapas\" \/>\n<meta property=\"article:publisher\" content=\"https:\/\/www.facebook.com\/tapasmagazine\" \/>\n<meta property=\"article:published_time\" content=\"2024-07-01T10:47:37+00:00\" \/>\n<meta property=\"article:modified_time\" content=\"2024-07-01T10:50:07+00:00\" \/>\n<meta property=\"og:image\" content=\"https:\/\/www.tapasmagazine.es\/wp-content\/uploads\/2024\/07\/george-clooney-amal-1.jpg\" \/>\n\t<meta property=\"og:image:width\" content=\"1200\" \/>\n\t<meta property=\"og:image:height\" content=\"675\" \/>\n\t<meta property=\"og:image:type\" content=\"image\/jpeg\" \/>\n<meta name=\"author\" content=\"Tapas Magazine\" \/>\n<meta name=\"twitter:card\" content=\"summary_large_image\" \/>\n<meta name=\"twitter:creator\" content=\"@TapasMagazine\" \/>\n<meta name=\"twitter:site\" content=\"@TapasMagazine\" \/>\n<meta name=\"twitter:label1\" content=\"Written by\" \/>\n\t<meta name=\"twitter:data1\" content=\"Tapas Magazine\" \/>\n\t<meta name=\"twitter:label2\" content=\"Est. reading time\" \/>\n\t<meta name=\"twitter:data2\" content=\"2 minutes\" \/>\n<script type=\"application\/ld+json\" class=\"yoast-schema-graph\">{\"@context\":\"https:\\\/\\\/schema.org\",\"@graph\":[{\"@type\":\"Article\",\"@id\":\"https:\\\/\\\/www.tapasmagazine.es\\\/en\\\/george-clooney-and-amal-dine-at-jardin-tropezina-restaurant-sait-tropez\\\/#article\",\"isPartOf\":{\"@id\":\"https:\\\/\\\/www.tapasmagazine.es\\\/en\\\/george-clooney-and-amal-dine-at-jardin-tropezina-restaurant-sait-tropez\\\/\"},\"author\":{\"name\":\"Tapas Magazine\",\"@id\":\"https:\\\/\\\/www.tapasmagazine.es\\\/#\\\/schema\\\/person\\\/ea9005ac2d36a0c25f3e81c47da0182f\"},\"headline\":\"George Clooney and Amal dine at Jardin Tropezina restaurant in Saint-Tropez\",\"datePublished\":\"2024-07-01T10:47:37+00:00\",\"dateModified\":\"2024-07-01T10:50:07+00:00\",\"mainEntityOfPage\":{\"@id\":\"https:\\\/\\\/www.tapasmagazine.es\\\/en\\\/george-clooney-and-amal-dine-at-jardin-tropezina-restaurant-sait-tropez\\\/\"},\"wordCount\":174,\"publisher\":{\"@id\":\"https:\\\/\\\/www.tapasmagazine.es\\\/#organization\"},\"image\":{\"@id\":\"https:\\\/\\\/www.tapasmagazine.es\\\/en\\\/george-clooney-and-amal-dine-at-jardin-tropezina-restaurant-sait-tropez\\\/#primaryimage\"},\"thumbnailUrl\":\"https:\\\/\\\/www.tapasmagazine.es\\\/wp-content\\\/uploads\\\/2024\\\/07\\\/george-clooney-amal-1.jpg\",\"keywords\":[\"George Clooney\",\"restaurants\"],\"articleSection\":[\"Nombres propios\",\"Personajes\"],\"inLanguage\":\"en-US\"},{\"@type\":\"WebPage\",\"@id\":\"https:\\\/\\\/www.tapasmagazine.es\\\/en\\\/george-clooney-and-amal-dine-at-jardin-tropezina-restaurant-sait-tropez\\\/\",\"url\":\"https:\\\/\\\/www.tapasmagazine.es\\\/en\\\/george-clooney-and-amal-dine-at-jardin-tropezina-restaurant-sait-tropez\\\/\",\"name\":\"George Clooney and Amal dine at Jardin Tropezina restaurant in Saint-Tropez - Tapas\",\"isPartOf\":{\"@id\":\"https:\\\/\\\/www.tapasmagazine.es\\\/#website\"},\"primaryImageOfPage\":{\"@id\":\"https:\\\/\\\/www.tapasmagazine.es\\\/en\\\/george-clooney-and-amal-dine-at-jardin-tropezina-restaurant-sait-tropez\\\/#primaryimage\"},\"image\":{\"@id\":\"https:\\\/\\\/www.tapasmagazine.es\\\/en\\\/george-clooney-and-amal-dine-at-jardin-tropezina-restaurant-sait-tropez\\\/#primaryimage\"},\"thumbnailUrl\":\"https:\\\/\\\/www.tapasmagazine.es\\\/wp-content\\\/uploads\\\/2024\\\/07\\\/george-clooney-amal-1.jpg\",\"datePublished\":\"2024-07-01T10:47:37+00:00\",\"dateModified\":\"2024-07-01T10:50:07+00:00\",\"description\":\"Click here to read the Spanish version. During George and Amal Clooney's vacation on the French Riviera the paparazzi would capture a special culinary\",\"breadcrumb\":{\"@id\":\"https:\\\/\\\/www.tapasmagazine.es\\\/en\\\/george-clooney-and-amal-dine-at-jardin-tropezina-restaurant-sait-tropez\\\/#breadcrumb\"},\"inLanguage\":\"en-US\",\"potentialAction\":[{\"@type\":\"ReadAction\",\"target\":[\"https:\\\/\\\/www.tapasmagazine.es\\\/en\\\/george-clooney-and-amal-dine-at-jardin-tropezina-restaurant-sait-tropez\\\/\"]}]},{\"@type\":\"ImageObject\",\"inLanguage\":\"en-US\",\"@id\":\"https:\\\/\\\/www.tapasmagazine.es\\\/en\\\/george-clooney-and-amal-dine-at-jardin-tropezina-restaurant-sait-tropez\\\/#primaryimage\",\"url\":\"https:\\\/\\\/www.tapasmagazine.es\\\/wp-content\\\/uploads\\\/2024\\\/07\\\/george-clooney-amal-1.jpg\",\"contentUrl\":\"https:\\\/\\\/www.tapasmagazine.es\\\/wp-content\\\/uploads\\\/2024\\\/07\\\/george-clooney-amal-1.jpg\",\"width\":1200,\"height\":675},{\"@type\":\"BreadcrumbList\",\"@id\":\"https:\\\/\\\/www.tapasmagazine.es\\\/en\\\/george-clooney-and-amal-dine-at-jardin-tropezina-restaurant-sait-tropez\\\/#breadcrumb\",\"itemListElement\":[{\"@type\":\"ListItem\",\"position\":1,\"name\":\"Portada\",\"item\":\"https:\\\/\\\/www.tapasmagazine.es\\\/\"},{\"@type\":\"ListItem\",\"position\":2,\"name\":\"Nombres propios\",\"item\":\"https:\\\/\\\/www.tapasmagazine.es\\\/en\\\/categorias\\\/nombres-propios-en\\\/\"},{\"@type\":\"ListItem\",\"position\":3,\"name\":\"George Clooney and Amal dine at Jardin Tropezina restaurant in Saint-Tropez\"}]},{\"@type\":\"WebSite\",\"@id\":\"https:\\\/\\\/www.tapasmagazine.es\\\/#website\",\"url\":\"https:\\\/\\\/www.tapasmagazine.es\\\/\",\"name\":\"Tapas\",\"description\":\"\u00d1am \u00d1am Lifestyle. La vida a bocados. Premio Nacional de Gastronom\u00eda 2016.\",\"publisher\":{\"@id\":\"https:\\\/\\\/www.tapasmagazine.es\\\/#organization\"},\"potentialAction\":[{\"@type\":\"SearchAction\",\"target\":{\"@type\":\"EntryPoint\",\"urlTemplate\":\"https:\\\/\\\/www.tapasmagazine.es\\\/?s={search_term_string}\"},\"query-input\":{\"@type\":\"PropertyValueSpecification\",\"valueRequired\":true,\"valueName\":\"search_term_string\"}}],\"inLanguage\":\"en-US\"},{\"@type\":\"Organization\",\"@id\":\"https:\\\/\\\/www.tapasmagazine.es\\\/#organization\",\"name\":\"Tapas Magazine\",\"url\":\"https:\\\/\\\/www.tapasmagazine.es\\\/\",\"logo\":{\"@type\":\"ImageObject\",\"inLanguage\":\"en-US\",\"@id\":\"https:\\\/\\\/www.tapasmagazine.es\\\/#\\\/schema\\\/logo\\\/image\\\/\",\"url\":\"https:\\\/\\\/www.tapasmagazine.es\\\/wp-content\\\/uploads\\\/2018\\\/01\\\/logo.png\",\"contentUrl\":\"https:\\\/\\\/www.tapasmagazine.es\\\/wp-content\\\/uploads\\\/2018\\\/01\\\/logo.png\",\"width\":180,\"height\":60,\"caption\":\"Tapas Magazine\"},\"image\":{\"@id\":\"https:\\\/\\\/www.tapasmagazine.es\\\/#\\\/schema\\\/logo\\\/image\\\/\"},\"sameAs\":[\"https:\\\/\\\/www.facebook.com\\\/tapasmagazine\",\"https:\\\/\\\/x.com\\\/TapasMagazine\",\"https:\\\/\\\/www.instagram.com\\\/tapasmagazine\\\/\",\"https:\\\/\\\/www.linkedin.com\\\/company\\\/tapas-magazine\",\"https:\\\/\\\/es.pinterest.com\\\/tapasmagazine\\\/\",\"https:\\\/\\\/www.youtube.com\\\/channel\\\/UCEyxneAaACuR0lfDagrWjjg?sub_confirmation=1\"]},{\"@type\":\"Person\",\"@id\":\"https:\\\/\\\/www.tapasmagazine.es\\\/#\\\/schema\\\/person\\\/ea9005ac2d36a0c25f3e81c47da0182f\",\"name\":\"Tapas Magazine\",\"url\":\"https:\\\/\\\/www.tapasmagazine.es\\\/en\\\/author\\\/tapas-magazine\\\/\"}]}<\/script>\n<!-- \/ Yoast SEO plugin. -->","yoast_head_json":{"title":"George Clooney and Amal dine at Jardin Tropezina restaurant in Saint-Tropez - Tapas","description":"Click here to read the Spanish version. During George and Amal Clooney's vacation on the French Riviera the paparazzi would capture a special culinary","robots":{"index":"index","follow":"follow","max-snippet":"max-snippet:-1","max-image-preview":"max-image-preview:large","max-video-preview":"max-video-preview:-1"},"canonical":"https:\/\/www.tapasmagazine.es\/en\/george-clooney-and-amal-dine-at-jardin-tropezina-restaurant-sait-tropez\/","og_locale":"en_US","og_type":"article","og_title":"George Clooney and Amal dine at Jardin Tropezina restaurant in Saint-Tropez - Tapas","og_description":"Click here to read the Spanish version. During George and Amal Clooney's vacation on the French Riviera the paparazzi would capture a special culinary","og_url":"https:\/\/www.tapasmagazine.es\/en\/george-clooney-and-amal-dine-at-jardin-tropezina-restaurant-sait-tropez\/","og_site_name":"Tapas","article_publisher":"https:\/\/www.facebook.com\/tapasmagazine","article_published_time":"2024-07-01T10:47:37+00:00","article_modified_time":"2024-07-01T10:50:07+00:00","og_image":[{"width":1200,"height":675,"url":"https:\/\/www.tapasmagazine.es\/wp-content\/uploads\/2024\/07\/george-clooney-amal-1.jpg","type":"image\/jpeg"}],"author":"Tapas Magazine","twitter_card":"summary_large_image","twitter_creator":"@TapasMagazine","twitter_site":"@TapasMagazine","twitter_misc":{"Written by":"Tapas Magazine","Est. reading time":"2 minutes"},"schema":{"@context":"https:\/\/schema.org","@graph":[{"@type":"Article","@id":"https:\/\/www.tapasmagazine.es\/en\/george-clooney-and-amal-dine-at-jardin-tropezina-restaurant-sait-tropez\/#article","isPartOf":{"@id":"https:\/\/www.tapasmagazine.es\/en\/george-clooney-and-amal-dine-at-jardin-tropezina-restaurant-sait-tropez\/"},"author":{"name":"Tapas Magazine","@id":"https:\/\/www.tapasmagazine.es\/#\/schema\/person\/ea9005ac2d36a0c25f3e81c47da0182f"},"headline":"George Clooney and Amal dine at Jardin Tropezina restaurant in Saint-Tropez","datePublished":"2024-07-01T10:47:37+00:00","dateModified":"2024-07-01T10:50:07+00:00","mainEntityOfPage":{"@id":"https:\/\/www.tapasmagazine.es\/en\/george-clooney-and-amal-dine-at-jardin-tropezina-restaurant-sait-tropez\/"},"wordCount":174,"publisher":{"@id":"https:\/\/www.tapasmagazine.es\/#organization"},"image":{"@id":"https:\/\/www.tapasmagazine.es\/en\/george-clooney-and-amal-dine-at-jardin-tropezina-restaurant-sait-tropez\/#primaryimage"},"thumbnailUrl":"https:\/\/www.tapasmagazine.es\/wp-content\/uploads\/2024\/07\/george-clooney-amal-1.jpg","keywords":["George Clooney","restaurants"],"articleSection":["Nombres propios","Personajes"],"inLanguage":"en-US"},{"@type":"WebPage","@id":"https:\/\/www.tapasmagazine.es\/en\/george-clooney-and-amal-dine-at-jardin-tropezina-restaurant-sait-tropez\/","url":"https:\/\/www.tapasmagazine.es\/en\/george-clooney-and-amal-dine-at-jardin-tropezina-restaurant-sait-tropez\/","name":"George Clooney and Amal dine at Jardin Tropezina restaurant in Saint-Tropez - Tapas","isPartOf":{"@id":"https:\/\/www.tapasmagazine.es\/#website"},"primaryImageOfPage":{"@id":"https:\/\/www.tapasmagazine.es\/en\/george-clooney-and-amal-dine-at-jardin-tropezina-restaurant-sait-tropez\/#primaryimage"},"image":{"@id":"https:\/\/www.tapasmagazine.es\/en\/george-clooney-and-amal-dine-at-jardin-tropezina-restaurant-sait-tropez\/#primaryimage"},"thumbnailUrl":"https:\/\/www.tapasmagazine.es\/wp-content\/uploads\/2024\/07\/george-clooney-amal-1.jpg","datePublished":"2024-07-01T10:47:37+00:00","dateModified":"2024-07-01T10:50:07+00:00","description":"Click here to read the Spanish version. During George and Amal Clooney's vacation on the French Riviera the paparazzi would capture a special culinary","breadcrumb":{"@id":"https:\/\/www.tapasmagazine.es\/en\/george-clooney-and-amal-dine-at-jardin-tropezina-restaurant-sait-tropez\/#breadcrumb"},"inLanguage":"en-US","potentialAction":[{"@type":"ReadAction","target":["https:\/\/www.tapasmagazine.es\/en\/george-clooney-and-amal-dine-at-jardin-tropezina-restaurant-sait-tropez\/"]}]},{"@type":"ImageObject","inLanguage":"en-US","@id":"https:\/\/www.tapasmagazine.es\/en\/george-clooney-and-amal-dine-at-jardin-tropezina-restaurant-sait-tropez\/#primaryimage","url":"https:\/\/www.tapasmagazine.es\/wp-content\/uploads\/2024\/07\/george-clooney-amal-1.jpg","contentUrl":"https:\/\/www.tapasmagazine.es\/wp-content\/uploads\/2024\/07\/george-clooney-amal-1.jpg","width":1200,"height":675},{"@type":"BreadcrumbList","@id":"https:\/\/www.tapasmagazine.es\/en\/george-clooney-and-amal-dine-at-jardin-tropezina-restaurant-sait-tropez\/#breadcrumb","itemListElement":[{"@type":"ListItem","position":1,"name":"Portada","item":"https:\/\/www.tapasmagazine.es\/"},{"@type":"ListItem","position":2,"name":"Nombres propios","item":"https:\/\/www.tapasmagazine.es\/en\/categorias\/nombres-propios-en\/"},{"@type":"ListItem","position":3,"name":"George Clooney and Amal dine at Jardin Tropezina restaurant in Saint-Tropez"}]},{"@type":"WebSite","@id":"https:\/\/www.tapasmagazine.es\/#website","url":"https:\/\/www.tapasmagazine.es\/","name":"Tapas","description":"\u00d1am \u00d1am Lifestyle. La vida a bocados. Premio Nacional de Gastronom\u00eda 2016.","publisher":{"@id":"https:\/\/www.tapasmagazine.es\/#organization"},"potentialAction":[{"@type":"SearchAction","target":{"@type":"EntryPoint","urlTemplate":"https:\/\/www.tapasmagazine.es\/?s={search_term_string}"},"query-input":{"@type":"PropertyValueSpecification","valueRequired":true,"valueName":"search_term_string"}}],"inLanguage":"en-US"},{"@type":"Organization","@id":"https:\/\/www.tapasmagazine.es\/#organization","name":"Tapas Magazine","url":"https:\/\/www.tapasmagazine.es\/","logo":{"@type":"ImageObject","inLanguage":"en-US","@id":"https:\/\/www.tapasmagazine.es\/#\/schema\/logo\/image\/","url":"https:\/\/www.tapasmagazine.es\/wp-content\/uploads\/2018\/01\/logo.png","contentUrl":"https:\/\/www.tapasmagazine.es\/wp-content\/uploads\/2018\/01\/logo.png","width":180,"height":60,"caption":"Tapas Magazine"},"image":{"@id":"https:\/\/www.tapasmagazine.es\/#\/schema\/logo\/image\/"},"sameAs":["https:\/\/www.facebook.com\/tapasmagazine","https:\/\/x.com\/TapasMagazine","https:\/\/www.instagram.com\/tapasmagazine\/","https:\/\/www.linkedin.com\/company\/tapas-magazine","https:\/\/es.pinterest.com\/tapasmagazine\/","https:\/\/www.youtube.com\/channel\/UCEyxneAaACuR0lfDagrWjjg?sub_confirmation=1"]},{"@type":"Person","@id":"https:\/\/www.tapasmagazine.es\/#\/schema\/person\/ea9005ac2d36a0c25f3e81c47da0182f","name":"Tapas Magazine","url":"https:\/\/www.tapasmagazine.es\/en\/author\/tapas-magazine\/"}]}},"_links":{"self":[{"href":"https:\/\/www.tapasmagazine.es\/en\/wp-json\/wp\/v2\/posts\/255610","targetHints":{"allow":["GET"]}}],"collection":[{"href":"https:\/\/www.tapasmagazine.es\/en\/wp-json\/wp\/v2\/posts"}],"about":[{"href":"https:\/\/www.tapasmagazine.es\/en\/wp-json\/wp\/v2\/types\/post"}],"author":[{"embeddable":true,"href":"https:\/\/www.tapasmagazine.es\/en\/wp-json\/wp\/v2\/users\/318"}],"replies":[{"embeddable":true,"href":"https:\/\/www.tapasmagazine.es\/en\/wp-json\/wp\/v2\/comments?post=255610"}],"version-history":[{"count":2,"href":"https:\/\/www.tapasmagazine.es\/en\/wp-json\/wp\/v2\/posts\/255610\/revisions"}],"predecessor-version":[{"id":255615,"href":"https:\/\/www.tapasmagazine.es\/en\/wp-json\/wp\/v2\/posts\/255610\/revisions\/255615"}],"wp:featuredmedia":[{"embeddable":true,"href":"https:\/\/www.tapasmagazine.es\/en\/wp-json\/wp\/v2\/media\/255598"}],"wp:attachment":[{"href":"https:\/\/www.tapasmagazine.es\/en\/wp-json\/wp\/v2\/media?parent=255610"}],"wp:term":[{"taxonomy":"category","embeddable":true,"href":"https:\/\/www.tapasmagazine.es\/en\/wp-json\/wp\/v2\/categories?post=255610"},{"taxonomy":"post_tag","embeddable":true,"href":"https:\/\/www.tapasmagazine.es\/en\/wp-json\/wp\/v2\/tags?post=255610"}],"curies":[{"name":"wp","href":"https:\/\/api.w.org\/{rel}","templated":true}]}}