{"id":254827,"date":"2024-06-26T11:39:35","date_gmt":"2024-06-26T09:39:35","guid":{"rendered":"https:\/\/www.tapasmagazine.es\/vicio-extiende-su-universo-con-un-segundo-restaurante-en-madrid\/"},"modified":"2024-06-26T11:42:11","modified_gmt":"2024-06-26T09:42:11","slug":"vicio-extends-its-universe-with-second-restaurant-in-madrid","status":"publish","type":"post","link":"https:\/\/www.tapasmagazine.es\/en\/vicio-extends-its-universe-with-second-restaurant-in-madrid\/","title":{"rendered":"VICIO extends its universe with a second restaurant in Madrid"},"content":{"rendered":"\n<p><strong>Click <a href=\"https:\/\/www.tapasmagazine.es\/vicio-extiende-su-universo-con-un-segundo-restaurante-en-madrid\/\" target=\"_blank\" rel=\"noreferrer noopener\">here<\/a> to read the Spanish version.<\/strong><\/p>\n\n\n\n<p><strong>VICIO<\/strong> marks a new milestone with the opening of its second restaurant in the capital city, dressed in its iconic New York-influenced avant-garde aesthetic. Illuminated by red neon lights, the restaurant has a capacity for 130 diners who will now be able to live in situ its &#8216;addictive experience&#8217; fused with its vibrant architectural vocabulary.<\/p>\n\n\n\n<p>Lovers of the leading national food delivery company will be able to enjoy VICIO&#8217;s iconic burgers from this new restaurant that joins the revolution of the fast food scene in the capital; following in the footsteps of its first flagship in Almagro less than a year ago.<\/p>\n\n\n<div class=\"wp-block-image\">\n<figure class=\"aligncenter size-large is-resized\"><img decoding=\"async\" width=\"1024\" height=\"683\" src=\"https:\/\/www.tapasmagazine.es\/wp-content\/uploads\/2024\/06\/vicio-madrid-2-1024x683.jpg\" alt=\"\" class=\"wp-image-254812\" style=\"width:1074px;height:auto\" srcset=\"https:\/\/www.tapasmagazine.es\/wp-content\/uploads\/2024\/06\/vicio-madrid-2-1024x683.jpg 1024w, https:\/\/www.tapasmagazine.es\/wp-content\/uploads\/2024\/06\/vicio-madrid-2-300x200.jpg 300w, https:\/\/www.tapasmagazine.es\/wp-content\/uploads\/2024\/06\/vicio-madrid-2-768x512.jpg 768w, https:\/\/www.tapasmagazine.es\/wp-content\/uploads\/2024\/06\/vicio-madrid-2-1536x1024.jpg 1536w, https:\/\/www.tapasmagazine.es\/wp-content\/uploads\/2024\/06\/vicio-madrid-2-2048x1366.jpg 2048w, https:\/\/www.tapasmagazine.es\/wp-content\/uploads\/2024\/06\/vicio-madrid-2-1000x667.jpg 1000w, https:\/\/www.tapasmagazine.es\/wp-content\/uploads\/2024\/06\/vicio-madrid-2-400x267.jpg 400w\" sizes=\"(max-width: 1024px) 100vw, 1024px\" \/><\/figure>\n<\/div>\n\n\n<p>This new establishment adds to the collection of restaurants that the company owns between Madrid and Barcelona, in addition to having 27 premises dedicated exclusively to delivery and take away. Although this is only the beginning, as VICIO plans to open up to 15 physical spaces like the one in Bravo Murillo throughout 2024.<\/p>\n\n\n\n<h2 class=\"wp-block-heading\">Space and proposal<\/h2>\n\n\n\n<p>Under the guidance of the interior design studio External Reference, led by architect <strong>Carmelo Zappulla<\/strong>, VICIO transforms any premises into an object of desire. This new space marks the beginning of a casual, fresh and innovative proposal, approaching the Quick Service Restaurant concept and aligning itself with the recent flagships in Madrid and Barcelona, as well as with its revolutionary corporate offices signed by the studio.<\/p>\n\n\n<div class=\"wp-block-image\">\n<figure class=\"aligncenter size-large is-resized\"><img decoding=\"async\" width=\"683\" height=\"1024\" src=\"https:\/\/www.tapasmagazine.es\/wp-content\/uploads\/2024\/06\/vicio-madrid-3-683x1024.jpg\" alt=\"\" class=\"wp-image-254815\" style=\"width:1129px;height:auto\" srcset=\"https:\/\/www.tapasmagazine.es\/wp-content\/uploads\/2024\/06\/vicio-madrid-3-683x1024.jpg 683w, https:\/\/www.tapasmagazine.es\/wp-content\/uploads\/2024\/06\/vicio-madrid-3-200x300.jpg 200w, https:\/\/www.tapasmagazine.es\/wp-content\/uploads\/2024\/06\/vicio-madrid-3-768x1152.jpg 768w, https:\/\/www.tapasmagazine.es\/wp-content\/uploads\/2024\/06\/vicio-madrid-3-1024x1536.jpg 1024w, https:\/\/www.tapasmagazine.es\/wp-content\/uploads\/2024\/06\/vicio-madrid-3-1365x2048.jpg 1365w, https:\/\/www.tapasmagazine.es\/wp-content\/uploads\/2024\/06\/vicio-madrid-3-1000x1500.jpg 1000w, https:\/\/www.tapasmagazine.es\/wp-content\/uploads\/2024\/06\/vicio-madrid-3-400x600.jpg 400w, https:\/\/www.tapasmagazine.es\/wp-content\/uploads\/2024\/06\/vicio-madrid-3-scaled.jpg 1707w\" sizes=\"(max-width: 683px) 100vw, 683px\" \/><\/figure>\n<\/div>\n\n\n<p>Inside the restaurant, the use of the red and black pattern, distinctive of the brand, runs through the entire space implemented through mosaic compositions that guide the customers&#8217; journey through the interior.<\/p>\n\n\n<div class=\"wp-block-image\">\n<figure class=\"aligncenter size-large is-resized\"><img decoding=\"async\" width=\"1024\" height=\"717\" src=\"https:\/\/www.tapasmagazine.es\/wp-content\/uploads\/2024\/06\/vicio-madrid-4-1024x717.webp\" alt=\"\" class=\"wp-image-254817\" style=\"width:1322px;height:auto\" srcset=\"https:\/\/www.tapasmagazine.es\/wp-content\/uploads\/2024\/06\/vicio-madrid-4-1024x717.webp 1024w, https:\/\/www.tapasmagazine.es\/wp-content\/uploads\/2024\/06\/vicio-madrid-4-300x210.webp 300w, https:\/\/www.tapasmagazine.es\/wp-content\/uploads\/2024\/06\/vicio-madrid-4-768x538.webp 768w, https:\/\/www.tapasmagazine.es\/wp-content\/uploads\/2024\/06\/vicio-madrid-4-1000x700.webp 1000w, https:\/\/www.tapasmagazine.es\/wp-content\/uploads\/2024\/06\/vicio-madrid-4-400x280.webp 400w, https:\/\/www.tapasmagazine.es\/wp-content\/uploads\/2024\/06\/vicio-madrid-4.webp 1200w\" sizes=\"(max-width: 1024px) 100vw, 1024px\" \/><\/figure>\n<\/div>\n\n\n<p>The menu remains faithful to its original proposal, highlighting the classic Cheeseburger, its Truffled version and the gluten-free VICIO Originals. Of course, there is also a variety of fries and a delicious Nutella Cheesecake or Oreo Tiramisu.<\/p>\n","protected":false},"excerpt":{"rendered":"<p>Click here to read the Spanish version. VICIO marks a new milestone with the opening of its second restaurant in the capital city, dressed in its iconic New York-influenced avant-garde aesthetic. Illuminated by red neon lights, the restaurant has a capacity for 130 diners who will now be able to live in situ its &#8216;addictive [&hellip;]<\/p>\n","protected":false},"author":285,"featured_media":254822,"comment_status":"closed","ping_status":"closed","sticky":false,"template":"","format":"standard","meta":{"_acf_changed":false,"footnotes":""},"categories":[15802,1],"tags":[16033,18541],"class_list":["post-254827","post","type-post","status-publish","format-standard","has-post-thumbnail","hentry","category-news","category-sin-categorizar","tag-madrid-en","tag-vicio-en","cat-15802-id","cat-1-id"],"acf":[],"yoast_head":"<!-- This site is optimized with the Yoast SEO plugin v27.4 - https:\/\/yoast.com\/product\/yoast-seo-wordpress\/ -->\n<title>VICIO extends its universe with a second restaurant in Madrid - Tapas<\/title>\n<meta name=\"description\" content=\"Click here to read the Spanish version. VICIO marks a new milestone with the opening of its second restaurant in the capital city, dressed in its iconic\" \/>\n<meta name=\"robots\" content=\"index, follow, max-snippet:-1, max-image-preview:large, max-video-preview:-1\" \/>\n<link rel=\"canonical\" href=\"https:\/\/www.tapasmagazine.es\/en\/vicio-extends-its-universe-with-second-restaurant-in-madrid\/\" \/>\n<meta property=\"og:locale\" content=\"en_US\" \/>\n<meta property=\"og:type\" content=\"article\" \/>\n<meta property=\"og:title\" content=\"VICIO extends its universe with a second restaurant in Madrid - Tapas\" \/>\n<meta property=\"og:description\" content=\"Click here to read the Spanish version. VICIO marks a new milestone with the opening of its second restaurant in the capital city, dressed in its iconic\" \/>\n<meta property=\"og:url\" content=\"https:\/\/www.tapasmagazine.es\/en\/vicio-extends-its-universe-with-second-restaurant-in-madrid\/\" \/>\n<meta property=\"og:site_name\" content=\"Tapas\" \/>\n<meta property=\"article:publisher\" content=\"https:\/\/www.facebook.com\/tapasmagazine\" \/>\n<meta property=\"article:published_time\" content=\"2024-06-26T09:39:35+00:00\" \/>\n<meta property=\"article:modified_time\" content=\"2024-06-26T09:42:11+00:00\" \/>\n<meta property=\"og:image\" content=\"https:\/\/www.tapasmagazine.es\/wp-content\/uploads\/2024\/06\/vicio-madrid-1.jpg\" \/>\n\t<meta property=\"og:image:width\" content=\"1200\" \/>\n\t<meta property=\"og:image:height\" content=\"675\" \/>\n\t<meta property=\"og:image:type\" content=\"image\/jpeg\" \/>\n<meta name=\"author\" content=\"Laura P\u00e9rez\" \/>\n<meta name=\"twitter:card\" content=\"summary_large_image\" \/>\n<meta name=\"twitter:creator\" content=\"@TapasMagazine\" \/>\n<meta name=\"twitter:site\" content=\"@TapasMagazine\" \/>\n<meta name=\"twitter:label1\" content=\"Written by\" \/>\n\t<meta name=\"twitter:data1\" content=\"Laura P\u00e9rez\" \/>\n\t<meta name=\"twitter:label2\" content=\"Est. reading time\" \/>\n\t<meta name=\"twitter:data2\" content=\"3 minutes\" \/>\n<script type=\"application\/ld+json\" class=\"yoast-schema-graph\">{\"@context\":\"https:\\\/\\\/schema.org\",\"@graph\":[{\"@type\":\"Article\",\"@id\":\"https:\\\/\\\/www.tapasmagazine.es\\\/en\\\/vicio-extends-its-universe-with-second-restaurant-in-madrid\\\/#article\",\"isPartOf\":{\"@id\":\"https:\\\/\\\/www.tapasmagazine.es\\\/en\\\/vicio-extends-its-universe-with-second-restaurant-in-madrid\\\/\"},\"author\":{\"name\":\"Laura P\u00e9rez\",\"@id\":\"https:\\\/\\\/www.tapasmagazine.es\\\/#\\\/schema\\\/person\\\/eb46cbe76a9c8f062660eb609e3ecb4e\"},\"headline\":\"VICIO extends its universe with a second restaurant in Madrid\",\"datePublished\":\"2024-06-26T09:39:35+00:00\",\"dateModified\":\"2024-06-26T09:42:11+00:00\",\"mainEntityOfPage\":{\"@id\":\"https:\\\/\\\/www.tapasmagazine.es\\\/en\\\/vicio-extends-its-universe-with-second-restaurant-in-madrid\\\/\"},\"wordCount\":308,\"publisher\":{\"@id\":\"https:\\\/\\\/www.tapasmagazine.es\\\/#organization\"},\"image\":{\"@id\":\"https:\\\/\\\/www.tapasmagazine.es\\\/en\\\/vicio-extends-its-universe-with-second-restaurant-in-madrid\\\/#primaryimage\"},\"thumbnailUrl\":\"https:\\\/\\\/www.tapasmagazine.es\\\/wp-content\\\/uploads\\\/2024\\\/06\\\/vicio-madrid-1.jpg\",\"keywords\":[\"Madrid\",\"Vicio\"],\"articleSection\":[\"News\",\"Sin categorizar\"],\"inLanguage\":\"en-US\"},{\"@type\":\"WebPage\",\"@id\":\"https:\\\/\\\/www.tapasmagazine.es\\\/en\\\/vicio-extends-its-universe-with-second-restaurant-in-madrid\\\/\",\"url\":\"https:\\\/\\\/www.tapasmagazine.es\\\/en\\\/vicio-extends-its-universe-with-second-restaurant-in-madrid\\\/\",\"name\":\"VICIO extends its universe with a second restaurant in Madrid - Tapas\",\"isPartOf\":{\"@id\":\"https:\\\/\\\/www.tapasmagazine.es\\\/#website\"},\"primaryImageOfPage\":{\"@id\":\"https:\\\/\\\/www.tapasmagazine.es\\\/en\\\/vicio-extends-its-universe-with-second-restaurant-in-madrid\\\/#primaryimage\"},\"image\":{\"@id\":\"https:\\\/\\\/www.tapasmagazine.es\\\/en\\\/vicio-extends-its-universe-with-second-restaurant-in-madrid\\\/#primaryimage\"},\"thumbnailUrl\":\"https:\\\/\\\/www.tapasmagazine.es\\\/wp-content\\\/uploads\\\/2024\\\/06\\\/vicio-madrid-1.jpg\",\"datePublished\":\"2024-06-26T09:39:35+00:00\",\"dateModified\":\"2024-06-26T09:42:11+00:00\",\"description\":\"Click here to read the Spanish version. VICIO marks a new milestone with the opening of its second restaurant in the capital city, dressed in its iconic\",\"breadcrumb\":{\"@id\":\"https:\\\/\\\/www.tapasmagazine.es\\\/en\\\/vicio-extends-its-universe-with-second-restaurant-in-madrid\\\/#breadcrumb\"},\"inLanguage\":\"en-US\",\"potentialAction\":[{\"@type\":\"ReadAction\",\"target\":[\"https:\\\/\\\/www.tapasmagazine.es\\\/en\\\/vicio-extends-its-universe-with-second-restaurant-in-madrid\\\/\"]}]},{\"@type\":\"ImageObject\",\"inLanguage\":\"en-US\",\"@id\":\"https:\\\/\\\/www.tapasmagazine.es\\\/en\\\/vicio-extends-its-universe-with-second-restaurant-in-madrid\\\/#primaryimage\",\"url\":\"https:\\\/\\\/www.tapasmagazine.es\\\/wp-content\\\/uploads\\\/2024\\\/06\\\/vicio-madrid-1.jpg\",\"contentUrl\":\"https:\\\/\\\/www.tapasmagazine.es\\\/wp-content\\\/uploads\\\/2024\\\/06\\\/vicio-madrid-1.jpg\",\"width\":1200,\"height\":675},{\"@type\":\"BreadcrumbList\",\"@id\":\"https:\\\/\\\/www.tapasmagazine.es\\\/en\\\/vicio-extends-its-universe-with-second-restaurant-in-madrid\\\/#breadcrumb\",\"itemListElement\":[{\"@type\":\"ListItem\",\"position\":1,\"name\":\"Portada\",\"item\":\"https:\\\/\\\/www.tapasmagazine.es\\\/\"},{\"@type\":\"ListItem\",\"position\":2,\"name\":\"Sin categorizar\",\"item\":\"https:\\\/\\\/www.tapasmagazine.es\\\/categorias\\\/sin-categorizar\\\/\"},{\"@type\":\"ListItem\",\"position\":3,\"name\":\"VICIO extends its universe with a second restaurant in Madrid\"}]},{\"@type\":\"WebSite\",\"@id\":\"https:\\\/\\\/www.tapasmagazine.es\\\/#website\",\"url\":\"https:\\\/\\\/www.tapasmagazine.es\\\/\",\"name\":\"Tapas\",\"description\":\"\u00d1am \u00d1am Lifestyle. La vida a bocados. Premio Nacional de Gastronom\u00eda 2016.\",\"publisher\":{\"@id\":\"https:\\\/\\\/www.tapasmagazine.es\\\/#organization\"},\"potentialAction\":[{\"@type\":\"SearchAction\",\"target\":{\"@type\":\"EntryPoint\",\"urlTemplate\":\"https:\\\/\\\/www.tapasmagazine.es\\\/?s={search_term_string}\"},\"query-input\":{\"@type\":\"PropertyValueSpecification\",\"valueRequired\":true,\"valueName\":\"search_term_string\"}}],\"inLanguage\":\"en-US\"},{\"@type\":\"Organization\",\"@id\":\"https:\\\/\\\/www.tapasmagazine.es\\\/#organization\",\"name\":\"Tapas Magazine\",\"url\":\"https:\\\/\\\/www.tapasmagazine.es\\\/\",\"logo\":{\"@type\":\"ImageObject\",\"inLanguage\":\"en-US\",\"@id\":\"https:\\\/\\\/www.tapasmagazine.es\\\/#\\\/schema\\\/logo\\\/image\\\/\",\"url\":\"https:\\\/\\\/www.tapasmagazine.es\\\/wp-content\\\/uploads\\\/2018\\\/01\\\/logo.png\",\"contentUrl\":\"https:\\\/\\\/www.tapasmagazine.es\\\/wp-content\\\/uploads\\\/2018\\\/01\\\/logo.png\",\"width\":180,\"height\":60,\"caption\":\"Tapas Magazine\"},\"image\":{\"@id\":\"https:\\\/\\\/www.tapasmagazine.es\\\/#\\\/schema\\\/logo\\\/image\\\/\"},\"sameAs\":[\"https:\\\/\\\/www.facebook.com\\\/tapasmagazine\",\"https:\\\/\\\/x.com\\\/TapasMagazine\",\"https:\\\/\\\/www.instagram.com\\\/tapasmagazine\\\/\",\"https:\\\/\\\/www.linkedin.com\\\/company\\\/tapas-magazine\",\"https:\\\/\\\/es.pinterest.com\\\/tapasmagazine\\\/\",\"https:\\\/\\\/www.youtube.com\\\/channel\\\/UCEyxneAaACuR0lfDagrWjjg?sub_confirmation=1\"]},{\"@type\":\"Person\",\"@id\":\"https:\\\/\\\/www.tapasmagazine.es\\\/#\\\/schema\\\/person\\\/eb46cbe76a9c8f062660eb609e3ecb4e\",\"name\":\"Laura P\u00e9rez\",\"url\":\"https:\\\/\\\/www.tapasmagazine.es\\\/en\\\/author\\\/laura-perez\\\/\"}]}<\/script>\n<!-- \/ Yoast SEO plugin. -->","yoast_head_json":{"title":"VICIO extends its universe with a second restaurant in Madrid - Tapas","description":"Click here to read the Spanish version. VICIO marks a new milestone with the opening of its second restaurant in the capital city, dressed in its iconic","robots":{"index":"index","follow":"follow","max-snippet":"max-snippet:-1","max-image-preview":"max-image-preview:large","max-video-preview":"max-video-preview:-1"},"canonical":"https:\/\/www.tapasmagazine.es\/en\/vicio-extends-its-universe-with-second-restaurant-in-madrid\/","og_locale":"en_US","og_type":"article","og_title":"VICIO extends its universe with a second restaurant in Madrid - Tapas","og_description":"Click here to read the Spanish version. VICIO marks a new milestone with the opening of its second restaurant in the capital city, dressed in its iconic","og_url":"https:\/\/www.tapasmagazine.es\/en\/vicio-extends-its-universe-with-second-restaurant-in-madrid\/","og_site_name":"Tapas","article_publisher":"https:\/\/www.facebook.com\/tapasmagazine","article_published_time":"2024-06-26T09:39:35+00:00","article_modified_time":"2024-06-26T09:42:11+00:00","og_image":[{"width":1200,"height":675,"url":"https:\/\/www.tapasmagazine.es\/wp-content\/uploads\/2024\/06\/vicio-madrid-1.jpg","type":"image\/jpeg"}],"author":"Laura P\u00e9rez","twitter_card":"summary_large_image","twitter_creator":"@TapasMagazine","twitter_site":"@TapasMagazine","twitter_misc":{"Written by":"Laura P\u00e9rez","Est. reading time":"3 minutes"},"schema":{"@context":"https:\/\/schema.org","@graph":[{"@type":"Article","@id":"https:\/\/www.tapasmagazine.es\/en\/vicio-extends-its-universe-with-second-restaurant-in-madrid\/#article","isPartOf":{"@id":"https:\/\/www.tapasmagazine.es\/en\/vicio-extends-its-universe-with-second-restaurant-in-madrid\/"},"author":{"name":"Laura P\u00e9rez","@id":"https:\/\/www.tapasmagazine.es\/#\/schema\/person\/eb46cbe76a9c8f062660eb609e3ecb4e"},"headline":"VICIO extends its universe with a second restaurant in Madrid","datePublished":"2024-06-26T09:39:35+00:00","dateModified":"2024-06-26T09:42:11+00:00","mainEntityOfPage":{"@id":"https:\/\/www.tapasmagazine.es\/en\/vicio-extends-its-universe-with-second-restaurant-in-madrid\/"},"wordCount":308,"publisher":{"@id":"https:\/\/www.tapasmagazine.es\/#organization"},"image":{"@id":"https:\/\/www.tapasmagazine.es\/en\/vicio-extends-its-universe-with-second-restaurant-in-madrid\/#primaryimage"},"thumbnailUrl":"https:\/\/www.tapasmagazine.es\/wp-content\/uploads\/2024\/06\/vicio-madrid-1.jpg","keywords":["Madrid","Vicio"],"articleSection":["News","Sin categorizar"],"inLanguage":"en-US"},{"@type":"WebPage","@id":"https:\/\/www.tapasmagazine.es\/en\/vicio-extends-its-universe-with-second-restaurant-in-madrid\/","url":"https:\/\/www.tapasmagazine.es\/en\/vicio-extends-its-universe-with-second-restaurant-in-madrid\/","name":"VICIO extends its universe with a second restaurant in Madrid - Tapas","isPartOf":{"@id":"https:\/\/www.tapasmagazine.es\/#website"},"primaryImageOfPage":{"@id":"https:\/\/www.tapasmagazine.es\/en\/vicio-extends-its-universe-with-second-restaurant-in-madrid\/#primaryimage"},"image":{"@id":"https:\/\/www.tapasmagazine.es\/en\/vicio-extends-its-universe-with-second-restaurant-in-madrid\/#primaryimage"},"thumbnailUrl":"https:\/\/www.tapasmagazine.es\/wp-content\/uploads\/2024\/06\/vicio-madrid-1.jpg","datePublished":"2024-06-26T09:39:35+00:00","dateModified":"2024-06-26T09:42:11+00:00","description":"Click here to read the Spanish version. VICIO marks a new milestone with the opening of its second restaurant in the capital city, dressed in its iconic","breadcrumb":{"@id":"https:\/\/www.tapasmagazine.es\/en\/vicio-extends-its-universe-with-second-restaurant-in-madrid\/#breadcrumb"},"inLanguage":"en-US","potentialAction":[{"@type":"ReadAction","target":["https:\/\/www.tapasmagazine.es\/en\/vicio-extends-its-universe-with-second-restaurant-in-madrid\/"]}]},{"@type":"ImageObject","inLanguage":"en-US","@id":"https:\/\/www.tapasmagazine.es\/en\/vicio-extends-its-universe-with-second-restaurant-in-madrid\/#primaryimage","url":"https:\/\/www.tapasmagazine.es\/wp-content\/uploads\/2024\/06\/vicio-madrid-1.jpg","contentUrl":"https:\/\/www.tapasmagazine.es\/wp-content\/uploads\/2024\/06\/vicio-madrid-1.jpg","width":1200,"height":675},{"@type":"BreadcrumbList","@id":"https:\/\/www.tapasmagazine.es\/en\/vicio-extends-its-universe-with-second-restaurant-in-madrid\/#breadcrumb","itemListElement":[{"@type":"ListItem","position":1,"name":"Portada","item":"https:\/\/www.tapasmagazine.es\/"},{"@type":"ListItem","position":2,"name":"Sin categorizar","item":"https:\/\/www.tapasmagazine.es\/categorias\/sin-categorizar\/"},{"@type":"ListItem","position":3,"name":"VICIO extends its universe with a second restaurant in Madrid"}]},{"@type":"WebSite","@id":"https:\/\/www.tapasmagazine.es\/#website","url":"https:\/\/www.tapasmagazine.es\/","name":"Tapas","description":"\u00d1am \u00d1am Lifestyle. La vida a bocados. Premio Nacional de Gastronom\u00eda 2016.","publisher":{"@id":"https:\/\/www.tapasmagazine.es\/#organization"},"potentialAction":[{"@type":"SearchAction","target":{"@type":"EntryPoint","urlTemplate":"https:\/\/www.tapasmagazine.es\/?s={search_term_string}"},"query-input":{"@type":"PropertyValueSpecification","valueRequired":true,"valueName":"search_term_string"}}],"inLanguage":"en-US"},{"@type":"Organization","@id":"https:\/\/www.tapasmagazine.es\/#organization","name":"Tapas Magazine","url":"https:\/\/www.tapasmagazine.es\/","logo":{"@type":"ImageObject","inLanguage":"en-US","@id":"https:\/\/www.tapasmagazine.es\/#\/schema\/logo\/image\/","url":"https:\/\/www.tapasmagazine.es\/wp-content\/uploads\/2018\/01\/logo.png","contentUrl":"https:\/\/www.tapasmagazine.es\/wp-content\/uploads\/2018\/01\/logo.png","width":180,"height":60,"caption":"Tapas Magazine"},"image":{"@id":"https:\/\/www.tapasmagazine.es\/#\/schema\/logo\/image\/"},"sameAs":["https:\/\/www.facebook.com\/tapasmagazine","https:\/\/x.com\/TapasMagazine","https:\/\/www.instagram.com\/tapasmagazine\/","https:\/\/www.linkedin.com\/company\/tapas-magazine","https:\/\/es.pinterest.com\/tapasmagazine\/","https:\/\/www.youtube.com\/channel\/UCEyxneAaACuR0lfDagrWjjg?sub_confirmation=1"]},{"@type":"Person","@id":"https:\/\/www.tapasmagazine.es\/#\/schema\/person\/eb46cbe76a9c8f062660eb609e3ecb4e","name":"Laura P\u00e9rez","url":"https:\/\/www.tapasmagazine.es\/en\/author\/laura-perez\/"}]}},"_links":{"self":[{"href":"https:\/\/www.tapasmagazine.es\/en\/wp-json\/wp\/v2\/posts\/254827","targetHints":{"allow":["GET"]}}],"collection":[{"href":"https:\/\/www.tapasmagazine.es\/en\/wp-json\/wp\/v2\/posts"}],"about":[{"href":"https:\/\/www.tapasmagazine.es\/en\/wp-json\/wp\/v2\/types\/post"}],"author":[{"embeddable":true,"href":"https:\/\/www.tapasmagazine.es\/en\/wp-json\/wp\/v2\/users\/285"}],"replies":[{"embeddable":true,"href":"https:\/\/www.tapasmagazine.es\/en\/wp-json\/wp\/v2\/comments?post=254827"}],"version-history":[{"count":1,"href":"https:\/\/www.tapasmagazine.es\/en\/wp-json\/wp\/v2\/posts\/254827\/revisions"}],"predecessor-version":[{"id":254833,"href":"https:\/\/www.tapasmagazine.es\/en\/wp-json\/wp\/v2\/posts\/254827\/revisions\/254833"}],"wp:featuredmedia":[{"embeddable":true,"href":"https:\/\/www.tapasmagazine.es\/en\/wp-json\/wp\/v2\/media\/254822"}],"wp:attachment":[{"href":"https:\/\/www.tapasmagazine.es\/en\/wp-json\/wp\/v2\/media?parent=254827"}],"wp:term":[{"taxonomy":"category","embeddable":true,"href":"https:\/\/www.tapasmagazine.es\/en\/wp-json\/wp\/v2\/categories?post=254827"},{"taxonomy":"post_tag","embeddable":true,"href":"https:\/\/www.tapasmagazine.es\/en\/wp-json\/wp\/v2\/tags?post=254827"}],"curies":[{"name":"wp","href":"https:\/\/api.w.org\/{rel}","templated":true}]}}