{"id":254480,"date":"2024-06-24T10:23:36","date_gmt":"2024-06-24T08:23:36","guid":{"rendered":"https:\/\/www.tapasmagazine.es\/taylor-swift-prende-internet-con-el-incendio-de-su-cocina\/"},"modified":"2024-06-24T10:27:26","modified_gmt":"2024-06-24T08:27:26","slug":"taylor-swift-sets-the-internet-alight-with-kitchen-fire","status":"publish","type":"post","link":"https:\/\/www.tapasmagazine.es\/en\/taylor-swift-sets-the-internet-alight-with-kitchen-fire\/","title":{"rendered":"Taylor Swift sets the internet alight with kitchen fire"},"content":{"rendered":"\n<p><strong>Click <a href=\"https:\/\/www.tapasmagazine.es\/taylor-swift-prende-internet-con-el-incendio-de-su-cocina\/\" target=\"_blank\" rel=\"noreferrer noopener\">here<\/a> to read the Spanish version.<\/strong><\/p>\n\n\n\n<p>The Eras Tour <strong><a href=\"https:\/\/www.tapasmagazine.es\/en\/travis-kelce-reveals-his-favourite-taylor-swift-sweet\/\" target=\"_blank\" rel=\"noreferrer noopener\">star<\/a><\/strong> mistakenly set a fire in the kitchen of her luxury Tribeca flat, and her friend and collaborator <strong>Gracie Abrams<\/strong> was there to capture the whole experience.<\/p>\n\n\n\n<p>Abrams then decided to post the video online. In it, <strong>Taylor<\/strong> is shown putting out the fire caused by a fallen candle that sparked a &#8216;dramatic episode&#8217; as they worked on Gracie&#8217;s new album, &#8216;The Secret of Us&#8217;. What do I do about it? I think we&#8217;re going to die,&#8217; Swift joked as she tried to put out the flames. &#8216;Our bags are ruined, and our shoes, and the whole room I think.&#8217;<\/p>\n\n\n\n<figure class=\"wp-block-embed is-type-video is-provider-youtube wp-block-embed-youtube wp-embed-aspect-16-9 wp-has-aspect-ratio\"><div class=\"wp-block-embed__wrapper\">\n<iframe title=\"Taylor Swift FIGHTS FIRE With Gracie Abrams\" width=\"640\" height=\"360\" src=\"https:\/\/www.youtube.com\/embed\/0HuVNqE12hQ?feature=oembed\" frameborder=\"0\" allow=\"accelerometer; autoplay; clipboard-write; encrypted-media; gyroscope; picture-in-picture; web-share\" referrerpolicy=\"strict-origin-when-cross-origin\" allowfullscreen><\/iframe>\n<\/div><\/figure>\n\n\n\n<p>&#8216;Writing this whole song from 2am to 6am was some of the most fun I&#8217;ve ever had in my life,&#8217; Abrams wrote in an Instagram post. @taylorswift we now know how to use a fire extinguisher. I love you guys.&#8217;<\/p>\n\n\n<div class=\"wp-block-image\">\n<figure class=\"aligncenter size-full is-resized\"><img decoding=\"async\" width=\"980\" height=\"595\" src=\"https:\/\/www.tapasmagazine.es\/wp-content\/uploads\/2024\/06\/taylor-swift-2.png\" alt=\"\" class=\"wp-image-254470\" style=\"width:1152px;height:auto\" srcset=\"https:\/\/www.tapasmagazine.es\/wp-content\/uploads\/2024\/06\/taylor-swift-2.png 980w, https:\/\/www.tapasmagazine.es\/wp-content\/uploads\/2024\/06\/taylor-swift-2-300x182.png 300w, https:\/\/www.tapasmagazine.es\/wp-content\/uploads\/2024\/06\/taylor-swift-2-768x466.png 768w, https:\/\/www.tapasmagazine.es\/wp-content\/uploads\/2024\/06\/taylor-swift-2-400x243.png 400w\" sizes=\"(max-width: 980px) 100vw, 980px\" \/><\/figure>\n<\/div>\n\n\n<p>Although they eventually managed to extinguish the flames, Brams shared with Billboard the effects they experienced: &#8216;I don&#8217;t know how at that hour or in our state she knew what to do. We both had crazy coughs from the fire extinguisher fumes for weeks&#8217;.<\/p>\n\n\n<div class=\"wp-block-image\">\n<figure class=\"aligncenter size-full is-resized\"><img decoding=\"async\" width=\"980\" height=\"597\" src=\"https:\/\/www.tapasmagazine.es\/wp-content\/uploads\/2024\/06\/taylor-swift-3.png\" alt=\"\" class=\"wp-image-254472\" style=\"width:1060px;height:auto\" srcset=\"https:\/\/www.tapasmagazine.es\/wp-content\/uploads\/2024\/06\/taylor-swift-3.png 980w, https:\/\/www.tapasmagazine.es\/wp-content\/uploads\/2024\/06\/taylor-swift-3-300x183.png 300w, https:\/\/www.tapasmagazine.es\/wp-content\/uploads\/2024\/06\/taylor-swift-3-768x468.png 768w, https:\/\/www.tapasmagazine.es\/wp-content\/uploads\/2024\/06\/taylor-swift-3-400x244.png 400w\" sizes=\"(max-width: 980px) 100vw, 980px\" \/><\/figure>\n<\/div>\n\n\n<p>Of course, since it was Taylor Swift, the social networks also echoed all of this, with countless comments and memes. Abrams&#8217; co-producer <strong>Aaron Dessner <\/strong>also wanted to contribute to the same thread. I&#8217;m so excited to share that @gracieabrams&#8217; second album, The Secret of Us, is out today. I couldn&#8217;t be more proud of Gracie and this album and all the friends who have contributed to it.&#8217; &#8216;They almost burned down Taylor&#8217;s flat writing this song and we had an incredibly fun day and night recording it at Long Pond.&#8217;<\/p>\n","protected":false},"excerpt":{"rendered":"<p>Click here to read the Spanish version. The Eras Tour star mistakenly set a fire in the kitchen of her luxury Tribeca flat, and her friend and collaborator Gracie Abrams was there to capture the whole experience. Abrams then decided to post the video online. In it, Taylor is shown putting out the fire caused [&hellip;]<\/p>\n","protected":false},"author":285,"featured_media":254467,"comment_status":"closed","ping_status":"closed","sticky":false,"template":"","format":"standard","meta":{"_acf_changed":false,"footnotes":""},"categories":[15851,15910],"tags":[18383],"class_list":["post-254480","post","type-post","status-publish","format-standard","has-post-thumbnail","hentry","category-nombres-propios-en","category-personajes-en","tag-cocina-en","cat-15851-id","cat-15910-id"],"acf":[],"yoast_head":"<!-- This site is optimized with the Yoast SEO plugin v27.4 - https:\/\/yoast.com\/product\/yoast-seo-wordpress\/ -->\n<title>Taylor Swift sets the internet alight with kitchen fire - Tapas<\/title>\n<meta name=\"description\" content=\"Click here to read the Spanish version. The Eras Tour star mistakenly set a fire in the kitchen of her luxury Tribeca flat, and her friend and\" \/>\n<meta name=\"robots\" content=\"index, follow, max-snippet:-1, max-image-preview:large, max-video-preview:-1\" \/>\n<link rel=\"canonical\" href=\"https:\/\/www.tapasmagazine.es\/en\/taylor-swift-sets-the-internet-alight-with-kitchen-fire\/\" \/>\n<meta property=\"og:locale\" content=\"en_US\" \/>\n<meta property=\"og:type\" content=\"article\" \/>\n<meta property=\"og:title\" content=\"Taylor Swift sets the internet alight with kitchen fire - Tapas\" \/>\n<meta property=\"og:description\" content=\"Click here to read the Spanish version. The Eras Tour star mistakenly set a fire in the kitchen of her luxury Tribeca flat, and her friend and\" \/>\n<meta property=\"og:url\" content=\"https:\/\/www.tapasmagazine.es\/en\/taylor-swift-sets-the-internet-alight-with-kitchen-fire\/\" \/>\n<meta property=\"og:site_name\" content=\"Tapas\" \/>\n<meta property=\"article:publisher\" content=\"https:\/\/www.facebook.com\/tapasmagazine\" \/>\n<meta property=\"article:published_time\" content=\"2024-06-24T08:23:36+00:00\" \/>\n<meta property=\"article:modified_time\" content=\"2024-06-24T08:27:26+00:00\" \/>\n<meta property=\"og:image\" content=\"https:\/\/www.tapasmagazine.es\/wp-content\/uploads\/2024\/06\/taylor-swift-1.jpg\" \/>\n\t<meta property=\"og:image:width\" content=\"1200\" \/>\n\t<meta property=\"og:image:height\" content=\"675\" \/>\n\t<meta property=\"og:image:type\" content=\"image\/jpeg\" \/>\n<meta name=\"author\" content=\"Laura P\u00e9rez\" \/>\n<meta name=\"twitter:card\" content=\"summary_large_image\" \/>\n<meta name=\"twitter:creator\" content=\"@TapasMagazine\" \/>\n<meta name=\"twitter:site\" content=\"@TapasMagazine\" \/>\n<meta name=\"twitter:label1\" content=\"Written by\" \/>\n\t<meta name=\"twitter:data1\" content=\"Laura P\u00e9rez\" \/>\n\t<meta name=\"twitter:label2\" content=\"Est. reading time\" \/>\n\t<meta name=\"twitter:data2\" content=\"2 minutes\" \/>\n<script type=\"application\/ld+json\" class=\"yoast-schema-graph\">{\"@context\":\"https:\\\/\\\/schema.org\",\"@graph\":[{\"@type\":\"Article\",\"@id\":\"https:\\\/\\\/www.tapasmagazine.es\\\/en\\\/taylor-swift-sets-the-internet-alight-with-kitchen-fire\\\/#article\",\"isPartOf\":{\"@id\":\"https:\\\/\\\/www.tapasmagazine.es\\\/en\\\/taylor-swift-sets-the-internet-alight-with-kitchen-fire\\\/\"},\"author\":{\"name\":\"Laura P\u00e9rez\",\"@id\":\"https:\\\/\\\/www.tapasmagazine.es\\\/#\\\/schema\\\/person\\\/eb46cbe76a9c8f062660eb609e3ecb4e\"},\"headline\":\"Taylor Swift sets the internet alight with kitchen fire\",\"datePublished\":\"2024-06-24T08:23:36+00:00\",\"dateModified\":\"2024-06-24T08:27:26+00:00\",\"mainEntityOfPage\":{\"@id\":\"https:\\\/\\\/www.tapasmagazine.es\\\/en\\\/taylor-swift-sets-the-internet-alight-with-kitchen-fire\\\/\"},\"wordCount\":308,\"publisher\":{\"@id\":\"https:\\\/\\\/www.tapasmagazine.es\\\/#organization\"},\"image\":{\"@id\":\"https:\\\/\\\/www.tapasmagazine.es\\\/en\\\/taylor-swift-sets-the-internet-alight-with-kitchen-fire\\\/#primaryimage\"},\"thumbnailUrl\":\"https:\\\/\\\/www.tapasmagazine.es\\\/wp-content\\\/uploads\\\/2024\\\/06\\\/taylor-swift-1.jpg\",\"keywords\":[\"cocina\"],\"articleSection\":[\"Nombres propios\",\"Personajes\"],\"inLanguage\":\"en-US\"},{\"@type\":\"WebPage\",\"@id\":\"https:\\\/\\\/www.tapasmagazine.es\\\/en\\\/taylor-swift-sets-the-internet-alight-with-kitchen-fire\\\/\",\"url\":\"https:\\\/\\\/www.tapasmagazine.es\\\/en\\\/taylor-swift-sets-the-internet-alight-with-kitchen-fire\\\/\",\"name\":\"Taylor Swift sets the internet alight with kitchen fire - Tapas\",\"isPartOf\":{\"@id\":\"https:\\\/\\\/www.tapasmagazine.es\\\/#website\"},\"primaryImageOfPage\":{\"@id\":\"https:\\\/\\\/www.tapasmagazine.es\\\/en\\\/taylor-swift-sets-the-internet-alight-with-kitchen-fire\\\/#primaryimage\"},\"image\":{\"@id\":\"https:\\\/\\\/www.tapasmagazine.es\\\/en\\\/taylor-swift-sets-the-internet-alight-with-kitchen-fire\\\/#primaryimage\"},\"thumbnailUrl\":\"https:\\\/\\\/www.tapasmagazine.es\\\/wp-content\\\/uploads\\\/2024\\\/06\\\/taylor-swift-1.jpg\",\"datePublished\":\"2024-06-24T08:23:36+00:00\",\"dateModified\":\"2024-06-24T08:27:26+00:00\",\"description\":\"Click here to read the Spanish version. The Eras Tour star mistakenly set a fire in the kitchen of her luxury Tribeca flat, and her friend and\",\"breadcrumb\":{\"@id\":\"https:\\\/\\\/www.tapasmagazine.es\\\/en\\\/taylor-swift-sets-the-internet-alight-with-kitchen-fire\\\/#breadcrumb\"},\"inLanguage\":\"en-US\",\"potentialAction\":[{\"@type\":\"ReadAction\",\"target\":[\"https:\\\/\\\/www.tapasmagazine.es\\\/en\\\/taylor-swift-sets-the-internet-alight-with-kitchen-fire\\\/\"]}]},{\"@type\":\"ImageObject\",\"inLanguage\":\"en-US\",\"@id\":\"https:\\\/\\\/www.tapasmagazine.es\\\/en\\\/taylor-swift-sets-the-internet-alight-with-kitchen-fire\\\/#primaryimage\",\"url\":\"https:\\\/\\\/www.tapasmagazine.es\\\/wp-content\\\/uploads\\\/2024\\\/06\\\/taylor-swift-1.jpg\",\"contentUrl\":\"https:\\\/\\\/www.tapasmagazine.es\\\/wp-content\\\/uploads\\\/2024\\\/06\\\/taylor-swift-1.jpg\",\"width\":1200,\"height\":675},{\"@type\":\"BreadcrumbList\",\"@id\":\"https:\\\/\\\/www.tapasmagazine.es\\\/en\\\/taylor-swift-sets-the-internet-alight-with-kitchen-fire\\\/#breadcrumb\",\"itemListElement\":[{\"@type\":\"ListItem\",\"position\":1,\"name\":\"Portada\",\"item\":\"https:\\\/\\\/www.tapasmagazine.es\\\/\"},{\"@type\":\"ListItem\",\"position\":2,\"name\":\"Nombres propios\",\"item\":\"https:\\\/\\\/www.tapasmagazine.es\\\/en\\\/categorias\\\/nombres-propios-en\\\/\"},{\"@type\":\"ListItem\",\"position\":3,\"name\":\"Taylor Swift sets the internet alight with kitchen fire\"}]},{\"@type\":\"WebSite\",\"@id\":\"https:\\\/\\\/www.tapasmagazine.es\\\/#website\",\"url\":\"https:\\\/\\\/www.tapasmagazine.es\\\/\",\"name\":\"Tapas\",\"description\":\"\u00d1am \u00d1am Lifestyle. La vida a bocados. Premio Nacional de Gastronom\u00eda 2016.\",\"publisher\":{\"@id\":\"https:\\\/\\\/www.tapasmagazine.es\\\/#organization\"},\"potentialAction\":[{\"@type\":\"SearchAction\",\"target\":{\"@type\":\"EntryPoint\",\"urlTemplate\":\"https:\\\/\\\/www.tapasmagazine.es\\\/?s={search_term_string}\"},\"query-input\":{\"@type\":\"PropertyValueSpecification\",\"valueRequired\":true,\"valueName\":\"search_term_string\"}}],\"inLanguage\":\"en-US\"},{\"@type\":\"Organization\",\"@id\":\"https:\\\/\\\/www.tapasmagazine.es\\\/#organization\",\"name\":\"Tapas Magazine\",\"url\":\"https:\\\/\\\/www.tapasmagazine.es\\\/\",\"logo\":{\"@type\":\"ImageObject\",\"inLanguage\":\"en-US\",\"@id\":\"https:\\\/\\\/www.tapasmagazine.es\\\/#\\\/schema\\\/logo\\\/image\\\/\",\"url\":\"https:\\\/\\\/www.tapasmagazine.es\\\/wp-content\\\/uploads\\\/2018\\\/01\\\/logo.png\",\"contentUrl\":\"https:\\\/\\\/www.tapasmagazine.es\\\/wp-content\\\/uploads\\\/2018\\\/01\\\/logo.png\",\"width\":180,\"height\":60,\"caption\":\"Tapas Magazine\"},\"image\":{\"@id\":\"https:\\\/\\\/www.tapasmagazine.es\\\/#\\\/schema\\\/logo\\\/image\\\/\"},\"sameAs\":[\"https:\\\/\\\/www.facebook.com\\\/tapasmagazine\",\"https:\\\/\\\/x.com\\\/TapasMagazine\",\"https:\\\/\\\/www.instagram.com\\\/tapasmagazine\\\/\",\"https:\\\/\\\/www.linkedin.com\\\/company\\\/tapas-magazine\",\"https:\\\/\\\/es.pinterest.com\\\/tapasmagazine\\\/\",\"https:\\\/\\\/www.youtube.com\\\/channel\\\/UCEyxneAaACuR0lfDagrWjjg?sub_confirmation=1\"]},{\"@type\":\"Person\",\"@id\":\"https:\\\/\\\/www.tapasmagazine.es\\\/#\\\/schema\\\/person\\\/eb46cbe76a9c8f062660eb609e3ecb4e\",\"name\":\"Laura P\u00e9rez\",\"url\":\"https:\\\/\\\/www.tapasmagazine.es\\\/en\\\/author\\\/laura-perez\\\/\"}]}<\/script>\n<!-- \/ Yoast SEO plugin. -->","yoast_head_json":{"title":"Taylor Swift sets the internet alight with kitchen fire - Tapas","description":"Click here to read the Spanish version. The Eras Tour star mistakenly set a fire in the kitchen of her luxury Tribeca flat, and her friend and","robots":{"index":"index","follow":"follow","max-snippet":"max-snippet:-1","max-image-preview":"max-image-preview:large","max-video-preview":"max-video-preview:-1"},"canonical":"https:\/\/www.tapasmagazine.es\/en\/taylor-swift-sets-the-internet-alight-with-kitchen-fire\/","og_locale":"en_US","og_type":"article","og_title":"Taylor Swift sets the internet alight with kitchen fire - Tapas","og_description":"Click here to read the Spanish version. The Eras Tour star mistakenly set a fire in the kitchen of her luxury Tribeca flat, and her friend and","og_url":"https:\/\/www.tapasmagazine.es\/en\/taylor-swift-sets-the-internet-alight-with-kitchen-fire\/","og_site_name":"Tapas","article_publisher":"https:\/\/www.facebook.com\/tapasmagazine","article_published_time":"2024-06-24T08:23:36+00:00","article_modified_time":"2024-06-24T08:27:26+00:00","og_image":[{"width":1200,"height":675,"url":"https:\/\/www.tapasmagazine.es\/wp-content\/uploads\/2024\/06\/taylor-swift-1.jpg","type":"image\/jpeg"}],"author":"Laura P\u00e9rez","twitter_card":"summary_large_image","twitter_creator":"@TapasMagazine","twitter_site":"@TapasMagazine","twitter_misc":{"Written by":"Laura P\u00e9rez","Est. reading time":"2 minutes"},"schema":{"@context":"https:\/\/schema.org","@graph":[{"@type":"Article","@id":"https:\/\/www.tapasmagazine.es\/en\/taylor-swift-sets-the-internet-alight-with-kitchen-fire\/#article","isPartOf":{"@id":"https:\/\/www.tapasmagazine.es\/en\/taylor-swift-sets-the-internet-alight-with-kitchen-fire\/"},"author":{"name":"Laura P\u00e9rez","@id":"https:\/\/www.tapasmagazine.es\/#\/schema\/person\/eb46cbe76a9c8f062660eb609e3ecb4e"},"headline":"Taylor Swift sets the internet alight with kitchen fire","datePublished":"2024-06-24T08:23:36+00:00","dateModified":"2024-06-24T08:27:26+00:00","mainEntityOfPage":{"@id":"https:\/\/www.tapasmagazine.es\/en\/taylor-swift-sets-the-internet-alight-with-kitchen-fire\/"},"wordCount":308,"publisher":{"@id":"https:\/\/www.tapasmagazine.es\/#organization"},"image":{"@id":"https:\/\/www.tapasmagazine.es\/en\/taylor-swift-sets-the-internet-alight-with-kitchen-fire\/#primaryimage"},"thumbnailUrl":"https:\/\/www.tapasmagazine.es\/wp-content\/uploads\/2024\/06\/taylor-swift-1.jpg","keywords":["cocina"],"articleSection":["Nombres propios","Personajes"],"inLanguage":"en-US"},{"@type":"WebPage","@id":"https:\/\/www.tapasmagazine.es\/en\/taylor-swift-sets-the-internet-alight-with-kitchen-fire\/","url":"https:\/\/www.tapasmagazine.es\/en\/taylor-swift-sets-the-internet-alight-with-kitchen-fire\/","name":"Taylor Swift sets the internet alight with kitchen fire - Tapas","isPartOf":{"@id":"https:\/\/www.tapasmagazine.es\/#website"},"primaryImageOfPage":{"@id":"https:\/\/www.tapasmagazine.es\/en\/taylor-swift-sets-the-internet-alight-with-kitchen-fire\/#primaryimage"},"image":{"@id":"https:\/\/www.tapasmagazine.es\/en\/taylor-swift-sets-the-internet-alight-with-kitchen-fire\/#primaryimage"},"thumbnailUrl":"https:\/\/www.tapasmagazine.es\/wp-content\/uploads\/2024\/06\/taylor-swift-1.jpg","datePublished":"2024-06-24T08:23:36+00:00","dateModified":"2024-06-24T08:27:26+00:00","description":"Click here to read the Spanish version. The Eras Tour star mistakenly set a fire in the kitchen of her luxury Tribeca flat, and her friend and","breadcrumb":{"@id":"https:\/\/www.tapasmagazine.es\/en\/taylor-swift-sets-the-internet-alight-with-kitchen-fire\/#breadcrumb"},"inLanguage":"en-US","potentialAction":[{"@type":"ReadAction","target":["https:\/\/www.tapasmagazine.es\/en\/taylor-swift-sets-the-internet-alight-with-kitchen-fire\/"]}]},{"@type":"ImageObject","inLanguage":"en-US","@id":"https:\/\/www.tapasmagazine.es\/en\/taylor-swift-sets-the-internet-alight-with-kitchen-fire\/#primaryimage","url":"https:\/\/www.tapasmagazine.es\/wp-content\/uploads\/2024\/06\/taylor-swift-1.jpg","contentUrl":"https:\/\/www.tapasmagazine.es\/wp-content\/uploads\/2024\/06\/taylor-swift-1.jpg","width":1200,"height":675},{"@type":"BreadcrumbList","@id":"https:\/\/www.tapasmagazine.es\/en\/taylor-swift-sets-the-internet-alight-with-kitchen-fire\/#breadcrumb","itemListElement":[{"@type":"ListItem","position":1,"name":"Portada","item":"https:\/\/www.tapasmagazine.es\/"},{"@type":"ListItem","position":2,"name":"Nombres propios","item":"https:\/\/www.tapasmagazine.es\/en\/categorias\/nombres-propios-en\/"},{"@type":"ListItem","position":3,"name":"Taylor Swift sets the internet alight with kitchen fire"}]},{"@type":"WebSite","@id":"https:\/\/www.tapasmagazine.es\/#website","url":"https:\/\/www.tapasmagazine.es\/","name":"Tapas","description":"\u00d1am \u00d1am Lifestyle. La vida a bocados. Premio Nacional de Gastronom\u00eda 2016.","publisher":{"@id":"https:\/\/www.tapasmagazine.es\/#organization"},"potentialAction":[{"@type":"SearchAction","target":{"@type":"EntryPoint","urlTemplate":"https:\/\/www.tapasmagazine.es\/?s={search_term_string}"},"query-input":{"@type":"PropertyValueSpecification","valueRequired":true,"valueName":"search_term_string"}}],"inLanguage":"en-US"},{"@type":"Organization","@id":"https:\/\/www.tapasmagazine.es\/#organization","name":"Tapas Magazine","url":"https:\/\/www.tapasmagazine.es\/","logo":{"@type":"ImageObject","inLanguage":"en-US","@id":"https:\/\/www.tapasmagazine.es\/#\/schema\/logo\/image\/","url":"https:\/\/www.tapasmagazine.es\/wp-content\/uploads\/2018\/01\/logo.png","contentUrl":"https:\/\/www.tapasmagazine.es\/wp-content\/uploads\/2018\/01\/logo.png","width":180,"height":60,"caption":"Tapas Magazine"},"image":{"@id":"https:\/\/www.tapasmagazine.es\/#\/schema\/logo\/image\/"},"sameAs":["https:\/\/www.facebook.com\/tapasmagazine","https:\/\/x.com\/TapasMagazine","https:\/\/www.instagram.com\/tapasmagazine\/","https:\/\/www.linkedin.com\/company\/tapas-magazine","https:\/\/es.pinterest.com\/tapasmagazine\/","https:\/\/www.youtube.com\/channel\/UCEyxneAaACuR0lfDagrWjjg?sub_confirmation=1"]},{"@type":"Person","@id":"https:\/\/www.tapasmagazine.es\/#\/schema\/person\/eb46cbe76a9c8f062660eb609e3ecb4e","name":"Laura P\u00e9rez","url":"https:\/\/www.tapasmagazine.es\/en\/author\/laura-perez\/"}]}},"_links":{"self":[{"href":"https:\/\/www.tapasmagazine.es\/en\/wp-json\/wp\/v2\/posts\/254480","targetHints":{"allow":["GET"]}}],"collection":[{"href":"https:\/\/www.tapasmagazine.es\/en\/wp-json\/wp\/v2\/posts"}],"about":[{"href":"https:\/\/www.tapasmagazine.es\/en\/wp-json\/wp\/v2\/types\/post"}],"author":[{"embeddable":true,"href":"https:\/\/www.tapasmagazine.es\/en\/wp-json\/wp\/v2\/users\/285"}],"replies":[{"embeddable":true,"href":"https:\/\/www.tapasmagazine.es\/en\/wp-json\/wp\/v2\/comments?post=254480"}],"version-history":[{"count":1,"href":"https:\/\/www.tapasmagazine.es\/en\/wp-json\/wp\/v2\/posts\/254480\/revisions"}],"predecessor-version":[{"id":254489,"href":"https:\/\/www.tapasmagazine.es\/en\/wp-json\/wp\/v2\/posts\/254480\/revisions\/254489"}],"wp:featuredmedia":[{"embeddable":true,"href":"https:\/\/www.tapasmagazine.es\/en\/wp-json\/wp\/v2\/media\/254467"}],"wp:attachment":[{"href":"https:\/\/www.tapasmagazine.es\/en\/wp-json\/wp\/v2\/media?parent=254480"}],"wp:term":[{"taxonomy":"category","embeddable":true,"href":"https:\/\/www.tapasmagazine.es\/en\/wp-json\/wp\/v2\/categories?post=254480"},{"taxonomy":"post_tag","embeddable":true,"href":"https:\/\/www.tapasmagazine.es\/en\/wp-json\/wp\/v2\/tags?post=254480"}],"curies":[{"name":"wp","href":"https:\/\/api.w.org\/{rel}","templated":true}]}}