{"id":253803,"date":"2024-06-18T09:39:12","date_gmt":"2024-06-18T07:39:12","guid":{"rendered":"https:\/\/www.tapasmagazine.es\/europastry-planea-salir-a-bolsa-este-julio\/"},"modified":"2024-06-18T09:57:07","modified_gmt":"2024-06-18T07:57:07","slug":"europastry-plans-to-go-public-this-july","status":"publish","type":"post","link":"https:\/\/www.tapasmagazine.es\/en\/europastry-plans-to-go-public-this-july\/","title":{"rendered":"Europastry plans to go public this July"},"content":{"rendered":"\n<p><strong>Click <a href=\"https:\/\/www.tapasmagazine.es\/europastry-planea-salir-a-bolsa-este-julio\/\" target=\"_blank\" rel=\"noreferrer noopener\">here<\/a> to read the Spanish version.<\/strong><\/p>\n\n\n\n<p>The leader in national bread and pastries is finalising all the details to go public this July. <strong>Europastry <\/strong>will debut on the stock exchange so that its shares can be listed on it, aspiring to reach a market value of up to <strong>1,500 million euros<\/strong>. This comes amid a revival of new IPOs in Europe after two years of inactivity, according to sources familiar with the matter consulted by Bloomberg.<\/p>\n\n\n<div class=\"wp-block-image\">\n<figure class=\"aligncenter size-full is-resized\"><img decoding=\"async\" width=\"828\" height=\"552\" src=\"https:\/\/www.tapasmagazine.es\/wp-content\/uploads\/2024\/06\/europastry-1.jpg\" alt=\"\" class=\"wp-image-253791\" style=\"width:926px;height:auto\" srcset=\"https:\/\/www.tapasmagazine.es\/wp-content\/uploads\/2024\/06\/europastry-1.jpg 828w, https:\/\/www.tapasmagazine.es\/wp-content\/uploads\/2024\/06\/europastry-1-300x200.jpg 300w, https:\/\/www.tapasmagazine.es\/wp-content\/uploads\/2024\/06\/europastry-1-768x512.jpg 768w, https:\/\/www.tapasmagazine.es\/wp-content\/uploads\/2024\/06\/europastry-1-400x267.jpg 400w\" sizes=\"(max-width: 828px) 100vw, 828px\" \/><\/figure>\n<\/div>\n\n\n<p>In this sense, the company founded by the <strong>Gall\u00e9s family <\/strong>and its investors, is considering the possibility of raising <strong>600 million euros <\/strong>through its IPO; produced after the debut of the beauty group <strong>Puig Brands <\/strong>as the first major IPO in Madrid since 2021.<\/p>\n\n\n\n<p>In 2019, <strong>Europastry <\/strong>tried to proceed with its IPO on the Madrid Stock Exchange (BME), but it did not go ahead despite taking the process to the final stage. At that time, the company would handle a price range of between 900 and 1,200 million, but investors did not even come close to the minimum, so they decided to pause the process.<\/p>\n\n\n\n<p>Now, with the advantage of having closed the 2023 financial year with sales of 1,350 million euros, 20% more than in the previous year, the company faces this new phase with which it will continue to strengthen and enrich its economic status and its positioning in the Spanish market.<\/p>\n","protected":false},"excerpt":{"rendered":"<p>Click here to read the Spanish version. The leader in national bread and pastries is finalising all the details to go public this July. Europastry will debut on the stock exchange so that its shares can be listed on it, aspiring to reach a market value of up to 1,500 million euros. This comes amid [&hellip;]<\/p>\n","protected":false},"author":285,"featured_media":253790,"comment_status":"closed","ping_status":"closed","sticky":false,"template":"","format":"standard","meta":{"_acf_changed":false,"footnotes":""},"categories":[15812,15802],"tags":[18973],"class_list":["post-253803","post","type-post","status-publish","format-standard","has-post-thumbnail","hentry","category-breaking-news","category-news","tag-bolsa-en","cat-15812-id","cat-15802-id"],"acf":[],"yoast_head":"<!-- This site is optimized with the Yoast SEO plugin v27.4 - https:\/\/yoast.com\/product\/yoast-seo-wordpress\/ -->\n<title>Europastry plans to go public this July - Tapas<\/title>\n<meta name=\"description\" content=\"Click here to read the Spanish version. The leader in national bread and pastries is finalising all the details to go public this July. Europastry will\" \/>\n<meta name=\"robots\" content=\"index, follow, max-snippet:-1, max-image-preview:large, max-video-preview:-1\" \/>\n<link rel=\"canonical\" href=\"https:\/\/www.tapasmagazine.es\/en\/europastry-plans-to-go-public-this-july\/\" \/>\n<meta property=\"og:locale\" content=\"en_US\" \/>\n<meta property=\"og:type\" content=\"article\" \/>\n<meta property=\"og:title\" content=\"Europastry plans to go public this July - Tapas\" \/>\n<meta property=\"og:description\" content=\"Click here to read the Spanish version. The leader in national bread and pastries is finalising all the details to go public this July. Europastry will\" \/>\n<meta property=\"og:url\" content=\"https:\/\/www.tapasmagazine.es\/en\/europastry-plans-to-go-public-this-july\/\" \/>\n<meta property=\"og:site_name\" content=\"Tapas\" \/>\n<meta property=\"article:publisher\" content=\"https:\/\/www.facebook.com\/tapasmagazine\" \/>\n<meta property=\"article:published_time\" content=\"2024-06-18T07:39:12+00:00\" \/>\n<meta property=\"article:modified_time\" content=\"2024-06-18T07:57:07+00:00\" \/>\n<meta property=\"og:image\" content=\"https:\/\/www.tapasmagazine.es\/wp-content\/uploads\/2024\/06\/europastry.jpg\" \/>\n\t<meta property=\"og:image:width\" content=\"1200\" \/>\n\t<meta property=\"og:image:height\" content=\"675\" \/>\n\t<meta property=\"og:image:type\" content=\"image\/jpeg\" \/>\n<meta name=\"author\" content=\"Laura P\u00e9rez\" \/>\n<meta name=\"twitter:card\" content=\"summary_large_image\" \/>\n<meta name=\"twitter:creator\" content=\"@TapasMagazine\" \/>\n<meta name=\"twitter:site\" content=\"@TapasMagazine\" \/>\n<meta name=\"twitter:label1\" content=\"Written by\" \/>\n\t<meta name=\"twitter:data1\" content=\"Laura P\u00e9rez\" \/>\n\t<meta name=\"twitter:label2\" content=\"Est. reading time\" \/>\n\t<meta name=\"twitter:data2\" content=\"2 minutes\" \/>\n<script type=\"application\/ld+json\" class=\"yoast-schema-graph\">{\"@context\":\"https:\\\/\\\/schema.org\",\"@graph\":[{\"@type\":\"Article\",\"@id\":\"https:\\\/\\\/www.tapasmagazine.es\\\/en\\\/europastry-plans-to-go-public-this-july\\\/#article\",\"isPartOf\":{\"@id\":\"https:\\\/\\\/www.tapasmagazine.es\\\/en\\\/europastry-plans-to-go-public-this-july\\\/\"},\"author\":{\"name\":\"Laura P\u00e9rez\",\"@id\":\"https:\\\/\\\/www.tapasmagazine.es\\\/#\\\/schema\\\/person\\\/eb46cbe76a9c8f062660eb609e3ecb4e\"},\"headline\":\"Europastry plans to go public this July\",\"datePublished\":\"2024-06-18T07:39:12+00:00\",\"dateModified\":\"2024-06-18T07:57:07+00:00\",\"mainEntityOfPage\":{\"@id\":\"https:\\\/\\\/www.tapasmagazine.es\\\/en\\\/europastry-plans-to-go-public-this-july\\\/\"},\"wordCount\":231,\"publisher\":{\"@id\":\"https:\\\/\\\/www.tapasmagazine.es\\\/#organization\"},\"image\":{\"@id\":\"https:\\\/\\\/www.tapasmagazine.es\\\/en\\\/europastry-plans-to-go-public-this-july\\\/#primaryimage\"},\"thumbnailUrl\":\"https:\\\/\\\/www.tapasmagazine.es\\\/wp-content\\\/uploads\\\/2024\\\/06\\\/europastry.jpg\",\"keywords\":[\"bolsa\"],\"articleSection\":[\"Breaking News\",\"News\"],\"inLanguage\":\"en-US\"},{\"@type\":\"WebPage\",\"@id\":\"https:\\\/\\\/www.tapasmagazine.es\\\/en\\\/europastry-plans-to-go-public-this-july\\\/\",\"url\":\"https:\\\/\\\/www.tapasmagazine.es\\\/en\\\/europastry-plans-to-go-public-this-july\\\/\",\"name\":\"Europastry plans to go public this July - Tapas\",\"isPartOf\":{\"@id\":\"https:\\\/\\\/www.tapasmagazine.es\\\/#website\"},\"primaryImageOfPage\":{\"@id\":\"https:\\\/\\\/www.tapasmagazine.es\\\/en\\\/europastry-plans-to-go-public-this-july\\\/#primaryimage\"},\"image\":{\"@id\":\"https:\\\/\\\/www.tapasmagazine.es\\\/en\\\/europastry-plans-to-go-public-this-july\\\/#primaryimage\"},\"thumbnailUrl\":\"https:\\\/\\\/www.tapasmagazine.es\\\/wp-content\\\/uploads\\\/2024\\\/06\\\/europastry.jpg\",\"datePublished\":\"2024-06-18T07:39:12+00:00\",\"dateModified\":\"2024-06-18T07:57:07+00:00\",\"description\":\"Click here to read the Spanish version. The leader in national bread and pastries is finalising all the details to go public this July. Europastry will\",\"breadcrumb\":{\"@id\":\"https:\\\/\\\/www.tapasmagazine.es\\\/en\\\/europastry-plans-to-go-public-this-july\\\/#breadcrumb\"},\"inLanguage\":\"en-US\",\"potentialAction\":[{\"@type\":\"ReadAction\",\"target\":[\"https:\\\/\\\/www.tapasmagazine.es\\\/en\\\/europastry-plans-to-go-public-this-july\\\/\"]}]},{\"@type\":\"ImageObject\",\"inLanguage\":\"en-US\",\"@id\":\"https:\\\/\\\/www.tapasmagazine.es\\\/en\\\/europastry-plans-to-go-public-this-july\\\/#primaryimage\",\"url\":\"https:\\\/\\\/www.tapasmagazine.es\\\/wp-content\\\/uploads\\\/2024\\\/06\\\/europastry.jpg\",\"contentUrl\":\"https:\\\/\\\/www.tapasmagazine.es\\\/wp-content\\\/uploads\\\/2024\\\/06\\\/europastry.jpg\",\"width\":1200,\"height\":675},{\"@type\":\"BreadcrumbList\",\"@id\":\"https:\\\/\\\/www.tapasmagazine.es\\\/en\\\/europastry-plans-to-go-public-this-july\\\/#breadcrumb\",\"itemListElement\":[{\"@type\":\"ListItem\",\"position\":1,\"name\":\"Portada\",\"item\":\"https:\\\/\\\/www.tapasmagazine.es\\\/\"},{\"@type\":\"ListItem\",\"position\":2,\"name\":\"News\",\"item\":\"https:\\\/\\\/www.tapasmagazine.es\\\/en\\\/categorias\\\/news\\\/\"},{\"@type\":\"ListItem\",\"position\":3,\"name\":\"Europastry plans to go public this July\"}]},{\"@type\":\"WebSite\",\"@id\":\"https:\\\/\\\/www.tapasmagazine.es\\\/#website\",\"url\":\"https:\\\/\\\/www.tapasmagazine.es\\\/\",\"name\":\"Tapas\",\"description\":\"\u00d1am \u00d1am Lifestyle. La vida a bocados. Premio Nacional de Gastronom\u00eda 2016.\",\"publisher\":{\"@id\":\"https:\\\/\\\/www.tapasmagazine.es\\\/#organization\"},\"potentialAction\":[{\"@type\":\"SearchAction\",\"target\":{\"@type\":\"EntryPoint\",\"urlTemplate\":\"https:\\\/\\\/www.tapasmagazine.es\\\/?s={search_term_string}\"},\"query-input\":{\"@type\":\"PropertyValueSpecification\",\"valueRequired\":true,\"valueName\":\"search_term_string\"}}],\"inLanguage\":\"en-US\"},{\"@type\":\"Organization\",\"@id\":\"https:\\\/\\\/www.tapasmagazine.es\\\/#organization\",\"name\":\"Tapas Magazine\",\"url\":\"https:\\\/\\\/www.tapasmagazine.es\\\/\",\"logo\":{\"@type\":\"ImageObject\",\"inLanguage\":\"en-US\",\"@id\":\"https:\\\/\\\/www.tapasmagazine.es\\\/#\\\/schema\\\/logo\\\/image\\\/\",\"url\":\"https:\\\/\\\/www.tapasmagazine.es\\\/wp-content\\\/uploads\\\/2018\\\/01\\\/logo.png\",\"contentUrl\":\"https:\\\/\\\/www.tapasmagazine.es\\\/wp-content\\\/uploads\\\/2018\\\/01\\\/logo.png\",\"width\":180,\"height\":60,\"caption\":\"Tapas Magazine\"},\"image\":{\"@id\":\"https:\\\/\\\/www.tapasmagazine.es\\\/#\\\/schema\\\/logo\\\/image\\\/\"},\"sameAs\":[\"https:\\\/\\\/www.facebook.com\\\/tapasmagazine\",\"https:\\\/\\\/x.com\\\/TapasMagazine\",\"https:\\\/\\\/www.instagram.com\\\/tapasmagazine\\\/\",\"https:\\\/\\\/www.linkedin.com\\\/company\\\/tapas-magazine\",\"https:\\\/\\\/es.pinterest.com\\\/tapasmagazine\\\/\",\"https:\\\/\\\/www.youtube.com\\\/channel\\\/UCEyxneAaACuR0lfDagrWjjg?sub_confirmation=1\"]},{\"@type\":\"Person\",\"@id\":\"https:\\\/\\\/www.tapasmagazine.es\\\/#\\\/schema\\\/person\\\/eb46cbe76a9c8f062660eb609e3ecb4e\",\"name\":\"Laura P\u00e9rez\",\"url\":\"https:\\\/\\\/www.tapasmagazine.es\\\/en\\\/author\\\/laura-perez\\\/\"}]}<\/script>\n<!-- \/ Yoast SEO plugin. -->","yoast_head_json":{"title":"Europastry plans to go public this July - Tapas","description":"Click here to read the Spanish version. The leader in national bread and pastries is finalising all the details to go public this July. Europastry will","robots":{"index":"index","follow":"follow","max-snippet":"max-snippet:-1","max-image-preview":"max-image-preview:large","max-video-preview":"max-video-preview:-1"},"canonical":"https:\/\/www.tapasmagazine.es\/en\/europastry-plans-to-go-public-this-july\/","og_locale":"en_US","og_type":"article","og_title":"Europastry plans to go public this July - Tapas","og_description":"Click here to read the Spanish version. The leader in national bread and pastries is finalising all the details to go public this July. Europastry will","og_url":"https:\/\/www.tapasmagazine.es\/en\/europastry-plans-to-go-public-this-july\/","og_site_name":"Tapas","article_publisher":"https:\/\/www.facebook.com\/tapasmagazine","article_published_time":"2024-06-18T07:39:12+00:00","article_modified_time":"2024-06-18T07:57:07+00:00","og_image":[{"width":1200,"height":675,"url":"https:\/\/www.tapasmagazine.es\/wp-content\/uploads\/2024\/06\/europastry.jpg","type":"image\/jpeg"}],"author":"Laura P\u00e9rez","twitter_card":"summary_large_image","twitter_creator":"@TapasMagazine","twitter_site":"@TapasMagazine","twitter_misc":{"Written by":"Laura P\u00e9rez","Est. reading time":"2 minutes"},"schema":{"@context":"https:\/\/schema.org","@graph":[{"@type":"Article","@id":"https:\/\/www.tapasmagazine.es\/en\/europastry-plans-to-go-public-this-july\/#article","isPartOf":{"@id":"https:\/\/www.tapasmagazine.es\/en\/europastry-plans-to-go-public-this-july\/"},"author":{"name":"Laura P\u00e9rez","@id":"https:\/\/www.tapasmagazine.es\/#\/schema\/person\/eb46cbe76a9c8f062660eb609e3ecb4e"},"headline":"Europastry plans to go public this July","datePublished":"2024-06-18T07:39:12+00:00","dateModified":"2024-06-18T07:57:07+00:00","mainEntityOfPage":{"@id":"https:\/\/www.tapasmagazine.es\/en\/europastry-plans-to-go-public-this-july\/"},"wordCount":231,"publisher":{"@id":"https:\/\/www.tapasmagazine.es\/#organization"},"image":{"@id":"https:\/\/www.tapasmagazine.es\/en\/europastry-plans-to-go-public-this-july\/#primaryimage"},"thumbnailUrl":"https:\/\/www.tapasmagazine.es\/wp-content\/uploads\/2024\/06\/europastry.jpg","keywords":["bolsa"],"articleSection":["Breaking News","News"],"inLanguage":"en-US"},{"@type":"WebPage","@id":"https:\/\/www.tapasmagazine.es\/en\/europastry-plans-to-go-public-this-july\/","url":"https:\/\/www.tapasmagazine.es\/en\/europastry-plans-to-go-public-this-july\/","name":"Europastry plans to go public this July - Tapas","isPartOf":{"@id":"https:\/\/www.tapasmagazine.es\/#website"},"primaryImageOfPage":{"@id":"https:\/\/www.tapasmagazine.es\/en\/europastry-plans-to-go-public-this-july\/#primaryimage"},"image":{"@id":"https:\/\/www.tapasmagazine.es\/en\/europastry-plans-to-go-public-this-july\/#primaryimage"},"thumbnailUrl":"https:\/\/www.tapasmagazine.es\/wp-content\/uploads\/2024\/06\/europastry.jpg","datePublished":"2024-06-18T07:39:12+00:00","dateModified":"2024-06-18T07:57:07+00:00","description":"Click here to read the Spanish version. The leader in national bread and pastries is finalising all the details to go public this July. Europastry will","breadcrumb":{"@id":"https:\/\/www.tapasmagazine.es\/en\/europastry-plans-to-go-public-this-july\/#breadcrumb"},"inLanguage":"en-US","potentialAction":[{"@type":"ReadAction","target":["https:\/\/www.tapasmagazine.es\/en\/europastry-plans-to-go-public-this-july\/"]}]},{"@type":"ImageObject","inLanguage":"en-US","@id":"https:\/\/www.tapasmagazine.es\/en\/europastry-plans-to-go-public-this-july\/#primaryimage","url":"https:\/\/www.tapasmagazine.es\/wp-content\/uploads\/2024\/06\/europastry.jpg","contentUrl":"https:\/\/www.tapasmagazine.es\/wp-content\/uploads\/2024\/06\/europastry.jpg","width":1200,"height":675},{"@type":"BreadcrumbList","@id":"https:\/\/www.tapasmagazine.es\/en\/europastry-plans-to-go-public-this-july\/#breadcrumb","itemListElement":[{"@type":"ListItem","position":1,"name":"Portada","item":"https:\/\/www.tapasmagazine.es\/"},{"@type":"ListItem","position":2,"name":"News","item":"https:\/\/www.tapasmagazine.es\/en\/categorias\/news\/"},{"@type":"ListItem","position":3,"name":"Europastry plans to go public this July"}]},{"@type":"WebSite","@id":"https:\/\/www.tapasmagazine.es\/#website","url":"https:\/\/www.tapasmagazine.es\/","name":"Tapas","description":"\u00d1am \u00d1am Lifestyle. La vida a bocados. Premio Nacional de Gastronom\u00eda 2016.","publisher":{"@id":"https:\/\/www.tapasmagazine.es\/#organization"},"potentialAction":[{"@type":"SearchAction","target":{"@type":"EntryPoint","urlTemplate":"https:\/\/www.tapasmagazine.es\/?s={search_term_string}"},"query-input":{"@type":"PropertyValueSpecification","valueRequired":true,"valueName":"search_term_string"}}],"inLanguage":"en-US"},{"@type":"Organization","@id":"https:\/\/www.tapasmagazine.es\/#organization","name":"Tapas Magazine","url":"https:\/\/www.tapasmagazine.es\/","logo":{"@type":"ImageObject","inLanguage":"en-US","@id":"https:\/\/www.tapasmagazine.es\/#\/schema\/logo\/image\/","url":"https:\/\/www.tapasmagazine.es\/wp-content\/uploads\/2018\/01\/logo.png","contentUrl":"https:\/\/www.tapasmagazine.es\/wp-content\/uploads\/2018\/01\/logo.png","width":180,"height":60,"caption":"Tapas Magazine"},"image":{"@id":"https:\/\/www.tapasmagazine.es\/#\/schema\/logo\/image\/"},"sameAs":["https:\/\/www.facebook.com\/tapasmagazine","https:\/\/x.com\/TapasMagazine","https:\/\/www.instagram.com\/tapasmagazine\/","https:\/\/www.linkedin.com\/company\/tapas-magazine","https:\/\/es.pinterest.com\/tapasmagazine\/","https:\/\/www.youtube.com\/channel\/UCEyxneAaACuR0lfDagrWjjg?sub_confirmation=1"]},{"@type":"Person","@id":"https:\/\/www.tapasmagazine.es\/#\/schema\/person\/eb46cbe76a9c8f062660eb609e3ecb4e","name":"Laura P\u00e9rez","url":"https:\/\/www.tapasmagazine.es\/en\/author\/laura-perez\/"}]}},"_links":{"self":[{"href":"https:\/\/www.tapasmagazine.es\/en\/wp-json\/wp\/v2\/posts\/253803","targetHints":{"allow":["GET"]}}],"collection":[{"href":"https:\/\/www.tapasmagazine.es\/en\/wp-json\/wp\/v2\/posts"}],"about":[{"href":"https:\/\/www.tapasmagazine.es\/en\/wp-json\/wp\/v2\/types\/post"}],"author":[{"embeddable":true,"href":"https:\/\/www.tapasmagazine.es\/en\/wp-json\/wp\/v2\/users\/285"}],"replies":[{"embeddable":true,"href":"https:\/\/www.tapasmagazine.es\/en\/wp-json\/wp\/v2\/comments?post=253803"}],"version-history":[{"count":2,"href":"https:\/\/www.tapasmagazine.es\/en\/wp-json\/wp\/v2\/posts\/253803\/revisions"}],"predecessor-version":[{"id":253809,"href":"https:\/\/www.tapasmagazine.es\/en\/wp-json\/wp\/v2\/posts\/253803\/revisions\/253809"}],"wp:featuredmedia":[{"embeddable":true,"href":"https:\/\/www.tapasmagazine.es\/en\/wp-json\/wp\/v2\/media\/253790"}],"wp:attachment":[{"href":"https:\/\/www.tapasmagazine.es\/en\/wp-json\/wp\/v2\/media?parent=253803"}],"wp:term":[{"taxonomy":"category","embeddable":true,"href":"https:\/\/www.tapasmagazine.es\/en\/wp-json\/wp\/v2\/categories?post=253803"},{"taxonomy":"post_tag","embeddable":true,"href":"https:\/\/www.tapasmagazine.es\/en\/wp-json\/wp\/v2\/tags?post=253803"}],"curies":[{"name":"wp","href":"https:\/\/api.w.org\/{rel}","templated":true}]}}