{"id":253623,"date":"2024-06-17T12:52:35","date_gmt":"2024-06-17T10:52:35","guid":{"rendered":"https:\/\/www.tapasmagazine.es\/zara-abre-un-cafe-de-diseno-efimero-en-atenas\/"},"modified":"2024-06-17T12:56:01","modified_gmt":"2024-06-17T10:56:01","slug":"zara-opens-ephemeral-design-cafe-athens","status":"publish","type":"post","link":"https:\/\/www.tapasmagazine.es\/en\/zara-opens-ephemeral-design-cafe-athens\/","title":{"rendered":"Zara opens an ephemeral design caf\u00e9 in Athens"},"content":{"rendered":"\n<p><strong>Click <a href=\"https:\/\/www.tapasmagazine.es\/zara-abre-un-cafe-de-diseno-efimero-en-atenas\/\" target=\"_blank\" rel=\"noreferrer noopener\">here<\/a> to read the Spanish version.<\/strong><\/p>\n\n\n\n<p>The<strong> pop-up caf\u00e9<\/strong> was installed at the end of May in the<strong> Pyrenees Tower <\/strong>to celebrate the opening of the new<strong> Zara <\/strong>shops in<strong> Athens<\/strong>. The aim of this action was to pay homage to the local gastronomic culture with products such as Koulouri, coffee and Greek delicacies, which were presented to visitors.<\/p>\n\n\n\n<p>The Madrid studio<strong> Wozere<\/strong> was in charge of developing the whole concept, the graphic system, the creative direction, the production, the scenography and the culinary offer in the middle of a kind of contemporary kiosk dressed in white and electric blue.<\/p>\n\n\n\n<figure class=\"wp-block-gallery has-nested-images columns-default is-cropped wp-block-gallery-1 is-layout-flex wp-block-gallery-is-layout-flex\">\n<figure class=\"wp-block-image size-large\"><img decoding=\"async\" width=\"820\" height=\"1024\" data-id=\"253615\" src=\"https:\/\/www.tapasmagazine.es\/wp-content\/uploads\/2024\/06\/zara-cafe-atenas-2-820x1024.jpg\" alt=\"\" class=\"wp-image-253615\" srcset=\"https:\/\/www.tapasmagazine.es\/wp-content\/uploads\/2024\/06\/zara-cafe-atenas-2-820x1024.jpg 820w, https:\/\/www.tapasmagazine.es\/wp-content\/uploads\/2024\/06\/zara-cafe-atenas-2-240x300.jpg 240w, https:\/\/www.tapasmagazine.es\/wp-content\/uploads\/2024\/06\/zara-cafe-atenas-2-768x959.jpg 768w, https:\/\/www.tapasmagazine.es\/wp-content\/uploads\/2024\/06\/zara-cafe-atenas-2-1000x1249.jpg 1000w, https:\/\/www.tapasmagazine.es\/wp-content\/uploads\/2024\/06\/zara-cafe-atenas-2-400x500.jpg 400w, https:\/\/www.tapasmagazine.es\/wp-content\/uploads\/2024\/06\/zara-cafe-atenas-2.jpg 1080w\" sizes=\"(max-width: 820px) 100vw, 820px\" \/><\/figure>\n\n\n\n<figure class=\"wp-block-image size-large\"><img decoding=\"async\" width=\"768\" height=\"960\" data-id=\"253613\" src=\"https:\/\/www.tapasmagazine.es\/wp-content\/uploads\/2024\/06\/zara-cafe-atenas-3.webp\" alt=\"\" class=\"wp-image-253613\" srcset=\"https:\/\/www.tapasmagazine.es\/wp-content\/uploads\/2024\/06\/zara-cafe-atenas-3.webp 768w, https:\/\/www.tapasmagazine.es\/wp-content\/uploads\/2024\/06\/zara-cafe-atenas-3-240x300.webp 240w, https:\/\/www.tapasmagazine.es\/wp-content\/uploads\/2024\/06\/zara-cafe-atenas-3-400x500.webp 400w\" sizes=\"(max-width: 768px) 100vw, 768px\" \/><\/figure>\n<\/figure>\n\n\n\n<p>Although it only lasted two days, the pop-up was thus precisely designed to serve an extended sensory and immersive in-store experience with coffees, traditional Greek dishes and sesame cakes; as well as an outdoor stand that extended the whole concept of welcoming and celebrating <strong>Zara<\/strong>&#8216;s fashion and culture.<\/p>\n","protected":false},"excerpt":{"rendered":"<p>Click here to read the Spanish version. The pop-up caf\u00e9 was installed at the end of May in the Pyrenees Tower to celebrate the opening of the new Zara shops in Athens. The aim of this action was to pay homage to the local gastronomic culture with products such as Koulouri, coffee and Greek delicacies, [&hellip;]<\/p>\n","protected":false},"author":285,"featured_media":253612,"comment_status":"closed","ping_status":"closed","sticky":false,"template":"","format":"standard","meta":{"_acf_changed":false,"footnotes":""},"categories":[18831],"tags":[16537,18971],"class_list":["post-253623","post","type-post","status-publish","format-standard","has-post-thumbnail","hentry","category-lifestyle-en","tag-cafe-en","tag-zara-en","cat-18831-id"],"acf":[],"yoast_head":"<!-- This site is optimized with the Yoast SEO plugin v27.4 - https:\/\/yoast.com\/product\/yoast-seo-wordpress\/ -->\n<title>Zara opens an ephemeral design caf\u00e9 in Athens - Tapas<\/title>\n<meta name=\"description\" content=\"Click here to read the Spanish version. The pop-up caf\u00e9 was installed at the end of May in the Pyrenees Tower to celebrate the opening of the new Zara\" \/>\n<meta name=\"robots\" content=\"index, follow, max-snippet:-1, max-image-preview:large, max-video-preview:-1\" \/>\n<link rel=\"canonical\" href=\"https:\/\/www.tapasmagazine.es\/en\/zara-opens-ephemeral-design-cafe-athens\/\" \/>\n<meta property=\"og:locale\" content=\"en_US\" \/>\n<meta property=\"og:type\" content=\"article\" \/>\n<meta property=\"og:title\" content=\"Zara opens an ephemeral design caf\u00e9 in Athens - Tapas\" \/>\n<meta property=\"og:description\" content=\"Click here to read the Spanish version. The pop-up caf\u00e9 was installed at the end of May in the Pyrenees Tower to celebrate the opening of the new Zara\" \/>\n<meta property=\"og:url\" content=\"https:\/\/www.tapasmagazine.es\/en\/zara-opens-ephemeral-design-cafe-athens\/\" \/>\n<meta property=\"og:site_name\" content=\"Tapas\" \/>\n<meta property=\"article:publisher\" content=\"https:\/\/www.facebook.com\/tapasmagazine\" \/>\n<meta property=\"article:published_time\" content=\"2024-06-17T10:52:35+00:00\" \/>\n<meta property=\"article:modified_time\" content=\"2024-06-17T10:56:01+00:00\" \/>\n<meta property=\"og:image\" content=\"https:\/\/www.tapasmagazine.es\/wp-content\/uploads\/2024\/06\/zara-cafe-atenas-1.jpg\" \/>\n\t<meta property=\"og:image:width\" content=\"1200\" \/>\n\t<meta property=\"og:image:height\" content=\"675\" \/>\n\t<meta property=\"og:image:type\" content=\"image\/jpeg\" \/>\n<meta name=\"author\" content=\"Laura P\u00e9rez\" \/>\n<meta name=\"twitter:card\" content=\"summary_large_image\" \/>\n<meta name=\"twitter:creator\" content=\"@TapasMagazine\" \/>\n<meta name=\"twitter:site\" content=\"@TapasMagazine\" \/>\n<meta name=\"twitter:label1\" content=\"Written by\" \/>\n\t<meta name=\"twitter:data1\" content=\"Laura P\u00e9rez\" \/>\n\t<meta name=\"twitter:label2\" content=\"Est. reading time\" \/>\n\t<meta name=\"twitter:data2\" content=\"2 minutes\" \/>\n<script type=\"application\/ld+json\" class=\"yoast-schema-graph\">{\"@context\":\"https:\\\/\\\/schema.org\",\"@graph\":[{\"@type\":\"Article\",\"@id\":\"https:\\\/\\\/www.tapasmagazine.es\\\/en\\\/zara-opens-ephemeral-design-cafe-athens\\\/#article\",\"isPartOf\":{\"@id\":\"https:\\\/\\\/www.tapasmagazine.es\\\/en\\\/zara-opens-ephemeral-design-cafe-athens\\\/\"},\"author\":{\"name\":\"Laura P\u00e9rez\",\"@id\":\"https:\\\/\\\/www.tapasmagazine.es\\\/#\\\/schema\\\/person\\\/eb46cbe76a9c8f062660eb609e3ecb4e\"},\"headline\":\"Zara opens an ephemeral design caf\u00e9 in Athens\",\"datePublished\":\"2024-06-17T10:52:35+00:00\",\"dateModified\":\"2024-06-17T10:56:01+00:00\",\"mainEntityOfPage\":{\"@id\":\"https:\\\/\\\/www.tapasmagazine.es\\\/en\\\/zara-opens-ephemeral-design-cafe-athens\\\/\"},\"wordCount\":158,\"publisher\":{\"@id\":\"https:\\\/\\\/www.tapasmagazine.es\\\/#organization\"},\"image\":{\"@id\":\"https:\\\/\\\/www.tapasmagazine.es\\\/en\\\/zara-opens-ephemeral-design-cafe-athens\\\/#primaryimage\"},\"thumbnailUrl\":\"https:\\\/\\\/www.tapasmagazine.es\\\/wp-content\\\/uploads\\\/2024\\\/06\\\/zara-cafe-atenas-1.jpg\",\"keywords\":[\"caf\u00e9\",\"ZARA\"],\"articleSection\":[\"Lifestyle\"],\"inLanguage\":\"en-US\"},{\"@type\":\"WebPage\",\"@id\":\"https:\\\/\\\/www.tapasmagazine.es\\\/en\\\/zara-opens-ephemeral-design-cafe-athens\\\/\",\"url\":\"https:\\\/\\\/www.tapasmagazine.es\\\/en\\\/zara-opens-ephemeral-design-cafe-athens\\\/\",\"name\":\"Zara opens an ephemeral design caf\u00e9 in Athens - Tapas\",\"isPartOf\":{\"@id\":\"https:\\\/\\\/www.tapasmagazine.es\\\/#website\"},\"primaryImageOfPage\":{\"@id\":\"https:\\\/\\\/www.tapasmagazine.es\\\/en\\\/zara-opens-ephemeral-design-cafe-athens\\\/#primaryimage\"},\"image\":{\"@id\":\"https:\\\/\\\/www.tapasmagazine.es\\\/en\\\/zara-opens-ephemeral-design-cafe-athens\\\/#primaryimage\"},\"thumbnailUrl\":\"https:\\\/\\\/www.tapasmagazine.es\\\/wp-content\\\/uploads\\\/2024\\\/06\\\/zara-cafe-atenas-1.jpg\",\"datePublished\":\"2024-06-17T10:52:35+00:00\",\"dateModified\":\"2024-06-17T10:56:01+00:00\",\"description\":\"Click here to read the Spanish version. The pop-up caf\u00e9 was installed at the end of May in the Pyrenees Tower to celebrate the opening of the new Zara\",\"breadcrumb\":{\"@id\":\"https:\\\/\\\/www.tapasmagazine.es\\\/en\\\/zara-opens-ephemeral-design-cafe-athens\\\/#breadcrumb\"},\"inLanguage\":\"en-US\",\"potentialAction\":[{\"@type\":\"ReadAction\",\"target\":[\"https:\\\/\\\/www.tapasmagazine.es\\\/en\\\/zara-opens-ephemeral-design-cafe-athens\\\/\"]}]},{\"@type\":\"ImageObject\",\"inLanguage\":\"en-US\",\"@id\":\"https:\\\/\\\/www.tapasmagazine.es\\\/en\\\/zara-opens-ephemeral-design-cafe-athens\\\/#primaryimage\",\"url\":\"https:\\\/\\\/www.tapasmagazine.es\\\/wp-content\\\/uploads\\\/2024\\\/06\\\/zara-cafe-atenas-1.jpg\",\"contentUrl\":\"https:\\\/\\\/www.tapasmagazine.es\\\/wp-content\\\/uploads\\\/2024\\\/06\\\/zara-cafe-atenas-1.jpg\",\"width\":1200,\"height\":675},{\"@type\":\"BreadcrumbList\",\"@id\":\"https:\\\/\\\/www.tapasmagazine.es\\\/en\\\/zara-opens-ephemeral-design-cafe-athens\\\/#breadcrumb\",\"itemListElement\":[{\"@type\":\"ListItem\",\"position\":1,\"name\":\"Portada\",\"item\":\"https:\\\/\\\/www.tapasmagazine.es\\\/\"},{\"@type\":\"ListItem\",\"position\":2,\"name\":\"Lifestyle\",\"item\":\"https:\\\/\\\/www.tapasmagazine.es\\\/en\\\/categorias\\\/lifestyle-en\\\/\"},{\"@type\":\"ListItem\",\"position\":3,\"name\":\"Zara opens an ephemeral design caf\u00e9 in Athens\"}]},{\"@type\":\"WebSite\",\"@id\":\"https:\\\/\\\/www.tapasmagazine.es\\\/#website\",\"url\":\"https:\\\/\\\/www.tapasmagazine.es\\\/\",\"name\":\"Tapas\",\"description\":\"\u00d1am \u00d1am Lifestyle. La vida a bocados. Premio Nacional de Gastronom\u00eda 2016.\",\"publisher\":{\"@id\":\"https:\\\/\\\/www.tapasmagazine.es\\\/#organization\"},\"potentialAction\":[{\"@type\":\"SearchAction\",\"target\":{\"@type\":\"EntryPoint\",\"urlTemplate\":\"https:\\\/\\\/www.tapasmagazine.es\\\/?s={search_term_string}\"},\"query-input\":{\"@type\":\"PropertyValueSpecification\",\"valueRequired\":true,\"valueName\":\"search_term_string\"}}],\"inLanguage\":\"en-US\"},{\"@type\":\"Organization\",\"@id\":\"https:\\\/\\\/www.tapasmagazine.es\\\/#organization\",\"name\":\"Tapas Magazine\",\"url\":\"https:\\\/\\\/www.tapasmagazine.es\\\/\",\"logo\":{\"@type\":\"ImageObject\",\"inLanguage\":\"en-US\",\"@id\":\"https:\\\/\\\/www.tapasmagazine.es\\\/#\\\/schema\\\/logo\\\/image\\\/\",\"url\":\"https:\\\/\\\/www.tapasmagazine.es\\\/wp-content\\\/uploads\\\/2018\\\/01\\\/logo.png\",\"contentUrl\":\"https:\\\/\\\/www.tapasmagazine.es\\\/wp-content\\\/uploads\\\/2018\\\/01\\\/logo.png\",\"width\":180,\"height\":60,\"caption\":\"Tapas Magazine\"},\"image\":{\"@id\":\"https:\\\/\\\/www.tapasmagazine.es\\\/#\\\/schema\\\/logo\\\/image\\\/\"},\"sameAs\":[\"https:\\\/\\\/www.facebook.com\\\/tapasmagazine\",\"https:\\\/\\\/x.com\\\/TapasMagazine\",\"https:\\\/\\\/www.instagram.com\\\/tapasmagazine\\\/\",\"https:\\\/\\\/www.linkedin.com\\\/company\\\/tapas-magazine\",\"https:\\\/\\\/es.pinterest.com\\\/tapasmagazine\\\/\",\"https:\\\/\\\/www.youtube.com\\\/channel\\\/UCEyxneAaACuR0lfDagrWjjg?sub_confirmation=1\"]},{\"@type\":\"Person\",\"@id\":\"https:\\\/\\\/www.tapasmagazine.es\\\/#\\\/schema\\\/person\\\/eb46cbe76a9c8f062660eb609e3ecb4e\",\"name\":\"Laura P\u00e9rez\",\"url\":\"https:\\\/\\\/www.tapasmagazine.es\\\/en\\\/author\\\/laura-perez\\\/\"}]}<\/script>\n<!-- \/ Yoast SEO plugin. -->","yoast_head_json":{"title":"Zara opens an ephemeral design caf\u00e9 in Athens - Tapas","description":"Click here to read the Spanish version. The pop-up caf\u00e9 was installed at the end of May in the Pyrenees Tower to celebrate the opening of the new Zara","robots":{"index":"index","follow":"follow","max-snippet":"max-snippet:-1","max-image-preview":"max-image-preview:large","max-video-preview":"max-video-preview:-1"},"canonical":"https:\/\/www.tapasmagazine.es\/en\/zara-opens-ephemeral-design-cafe-athens\/","og_locale":"en_US","og_type":"article","og_title":"Zara opens an ephemeral design caf\u00e9 in Athens - Tapas","og_description":"Click here to read the Spanish version. The pop-up caf\u00e9 was installed at the end of May in the Pyrenees Tower to celebrate the opening of the new Zara","og_url":"https:\/\/www.tapasmagazine.es\/en\/zara-opens-ephemeral-design-cafe-athens\/","og_site_name":"Tapas","article_publisher":"https:\/\/www.facebook.com\/tapasmagazine","article_published_time":"2024-06-17T10:52:35+00:00","article_modified_time":"2024-06-17T10:56:01+00:00","og_image":[{"width":1200,"height":675,"url":"https:\/\/www.tapasmagazine.es\/wp-content\/uploads\/2024\/06\/zara-cafe-atenas-1.jpg","type":"image\/jpeg"}],"author":"Laura P\u00e9rez","twitter_card":"summary_large_image","twitter_creator":"@TapasMagazine","twitter_site":"@TapasMagazine","twitter_misc":{"Written by":"Laura P\u00e9rez","Est. reading time":"2 minutes"},"schema":{"@context":"https:\/\/schema.org","@graph":[{"@type":"Article","@id":"https:\/\/www.tapasmagazine.es\/en\/zara-opens-ephemeral-design-cafe-athens\/#article","isPartOf":{"@id":"https:\/\/www.tapasmagazine.es\/en\/zara-opens-ephemeral-design-cafe-athens\/"},"author":{"name":"Laura P\u00e9rez","@id":"https:\/\/www.tapasmagazine.es\/#\/schema\/person\/eb46cbe76a9c8f062660eb609e3ecb4e"},"headline":"Zara opens an ephemeral design caf\u00e9 in Athens","datePublished":"2024-06-17T10:52:35+00:00","dateModified":"2024-06-17T10:56:01+00:00","mainEntityOfPage":{"@id":"https:\/\/www.tapasmagazine.es\/en\/zara-opens-ephemeral-design-cafe-athens\/"},"wordCount":158,"publisher":{"@id":"https:\/\/www.tapasmagazine.es\/#organization"},"image":{"@id":"https:\/\/www.tapasmagazine.es\/en\/zara-opens-ephemeral-design-cafe-athens\/#primaryimage"},"thumbnailUrl":"https:\/\/www.tapasmagazine.es\/wp-content\/uploads\/2024\/06\/zara-cafe-atenas-1.jpg","keywords":["caf\u00e9","ZARA"],"articleSection":["Lifestyle"],"inLanguage":"en-US"},{"@type":"WebPage","@id":"https:\/\/www.tapasmagazine.es\/en\/zara-opens-ephemeral-design-cafe-athens\/","url":"https:\/\/www.tapasmagazine.es\/en\/zara-opens-ephemeral-design-cafe-athens\/","name":"Zara opens an ephemeral design caf\u00e9 in Athens - Tapas","isPartOf":{"@id":"https:\/\/www.tapasmagazine.es\/#website"},"primaryImageOfPage":{"@id":"https:\/\/www.tapasmagazine.es\/en\/zara-opens-ephemeral-design-cafe-athens\/#primaryimage"},"image":{"@id":"https:\/\/www.tapasmagazine.es\/en\/zara-opens-ephemeral-design-cafe-athens\/#primaryimage"},"thumbnailUrl":"https:\/\/www.tapasmagazine.es\/wp-content\/uploads\/2024\/06\/zara-cafe-atenas-1.jpg","datePublished":"2024-06-17T10:52:35+00:00","dateModified":"2024-06-17T10:56:01+00:00","description":"Click here to read the Spanish version. The pop-up caf\u00e9 was installed at the end of May in the Pyrenees Tower to celebrate the opening of the new Zara","breadcrumb":{"@id":"https:\/\/www.tapasmagazine.es\/en\/zara-opens-ephemeral-design-cafe-athens\/#breadcrumb"},"inLanguage":"en-US","potentialAction":[{"@type":"ReadAction","target":["https:\/\/www.tapasmagazine.es\/en\/zara-opens-ephemeral-design-cafe-athens\/"]}]},{"@type":"ImageObject","inLanguage":"en-US","@id":"https:\/\/www.tapasmagazine.es\/en\/zara-opens-ephemeral-design-cafe-athens\/#primaryimage","url":"https:\/\/www.tapasmagazine.es\/wp-content\/uploads\/2024\/06\/zara-cafe-atenas-1.jpg","contentUrl":"https:\/\/www.tapasmagazine.es\/wp-content\/uploads\/2024\/06\/zara-cafe-atenas-1.jpg","width":1200,"height":675},{"@type":"BreadcrumbList","@id":"https:\/\/www.tapasmagazine.es\/en\/zara-opens-ephemeral-design-cafe-athens\/#breadcrumb","itemListElement":[{"@type":"ListItem","position":1,"name":"Portada","item":"https:\/\/www.tapasmagazine.es\/"},{"@type":"ListItem","position":2,"name":"Lifestyle","item":"https:\/\/www.tapasmagazine.es\/en\/categorias\/lifestyle-en\/"},{"@type":"ListItem","position":3,"name":"Zara opens an ephemeral design caf\u00e9 in Athens"}]},{"@type":"WebSite","@id":"https:\/\/www.tapasmagazine.es\/#website","url":"https:\/\/www.tapasmagazine.es\/","name":"Tapas","description":"\u00d1am \u00d1am Lifestyle. La vida a bocados. Premio Nacional de Gastronom\u00eda 2016.","publisher":{"@id":"https:\/\/www.tapasmagazine.es\/#organization"},"potentialAction":[{"@type":"SearchAction","target":{"@type":"EntryPoint","urlTemplate":"https:\/\/www.tapasmagazine.es\/?s={search_term_string}"},"query-input":{"@type":"PropertyValueSpecification","valueRequired":true,"valueName":"search_term_string"}}],"inLanguage":"en-US"},{"@type":"Organization","@id":"https:\/\/www.tapasmagazine.es\/#organization","name":"Tapas Magazine","url":"https:\/\/www.tapasmagazine.es\/","logo":{"@type":"ImageObject","inLanguage":"en-US","@id":"https:\/\/www.tapasmagazine.es\/#\/schema\/logo\/image\/","url":"https:\/\/www.tapasmagazine.es\/wp-content\/uploads\/2018\/01\/logo.png","contentUrl":"https:\/\/www.tapasmagazine.es\/wp-content\/uploads\/2018\/01\/logo.png","width":180,"height":60,"caption":"Tapas Magazine"},"image":{"@id":"https:\/\/www.tapasmagazine.es\/#\/schema\/logo\/image\/"},"sameAs":["https:\/\/www.facebook.com\/tapasmagazine","https:\/\/x.com\/TapasMagazine","https:\/\/www.instagram.com\/tapasmagazine\/","https:\/\/www.linkedin.com\/company\/tapas-magazine","https:\/\/es.pinterest.com\/tapasmagazine\/","https:\/\/www.youtube.com\/channel\/UCEyxneAaACuR0lfDagrWjjg?sub_confirmation=1"]},{"@type":"Person","@id":"https:\/\/www.tapasmagazine.es\/#\/schema\/person\/eb46cbe76a9c8f062660eb609e3ecb4e","name":"Laura P\u00e9rez","url":"https:\/\/www.tapasmagazine.es\/en\/author\/laura-perez\/"}]}},"_links":{"self":[{"href":"https:\/\/www.tapasmagazine.es\/en\/wp-json\/wp\/v2\/posts\/253623","targetHints":{"allow":["GET"]}}],"collection":[{"href":"https:\/\/www.tapasmagazine.es\/en\/wp-json\/wp\/v2\/posts"}],"about":[{"href":"https:\/\/www.tapasmagazine.es\/en\/wp-json\/wp\/v2\/types\/post"}],"author":[{"embeddable":true,"href":"https:\/\/www.tapasmagazine.es\/en\/wp-json\/wp\/v2\/users\/285"}],"replies":[{"embeddable":true,"href":"https:\/\/www.tapasmagazine.es\/en\/wp-json\/wp\/v2\/comments?post=253623"}],"version-history":[{"count":2,"href":"https:\/\/www.tapasmagazine.es\/en\/wp-json\/wp\/v2\/posts\/253623\/revisions"}],"predecessor-version":[{"id":253628,"href":"https:\/\/www.tapasmagazine.es\/en\/wp-json\/wp\/v2\/posts\/253623\/revisions\/253628"}],"wp:featuredmedia":[{"embeddable":true,"href":"https:\/\/www.tapasmagazine.es\/en\/wp-json\/wp\/v2\/media\/253612"}],"wp:attachment":[{"href":"https:\/\/www.tapasmagazine.es\/en\/wp-json\/wp\/v2\/media?parent=253623"}],"wp:term":[{"taxonomy":"category","embeddable":true,"href":"https:\/\/www.tapasmagazine.es\/en\/wp-json\/wp\/v2\/categories?post=253623"},{"taxonomy":"post_tag","embeddable":true,"href":"https:\/\/www.tapasmagazine.es\/en\/wp-json\/wp\/v2\/tags?post=253623"}],"curies":[{"name":"wp","href":"https:\/\/api.w.org\/{rel}","templated":true}]}}