{"id":253334,"date":"2024-06-14T09:17:20","date_gmt":"2024-06-14T07:17:20","guid":{"rendered":"https:\/\/www.tapasmagazine.es\/donde-comer-en-barcelona-durante-el-sonar\/"},"modified":"2024-06-14T13:58:11","modified_gmt":"2024-06-14T11:58:11","slug":"where-do-the-tapas-team-eat-in-barcelona-during-sonar-festival","status":"publish","type":"post","link":"https:\/\/www.tapasmagazine.es\/en\/where-do-the-tapas-team-eat-in-barcelona-during-sonar-festival\/","title":{"rendered":"Where do the Tapas&#8217; team eat in Barcelona during Sonar festival?"},"content":{"rendered":"\n<p><strong>Click <a href=\"https:\/\/www.tapasmagazine.es\/donde-comemos-los-de-tapas-en-barcelona-durante-el-sonar\/\" target=\"_blank\" rel=\"noreferrer noopener\">here<\/a> to read the Spanish version.<\/strong><\/p>\n\n\n\n<p><strong>Barcelona<\/strong> is once again the world epicentre of electronic music and cultural innovation with a new edition of S\u00f3nar that will bring together dance music pioneers, techno stars and innovative profiles from different eras, scenes and disciplines.<\/p>\n\n\n\n<p>To make it easier for you to manage during the festival, and so that you know where to go to satisfy your appetite between the lapses and rhythms of the shows and DJ sets, we recommend a series of venues for all tastes: from a haute cuisine restaurant to a trendy trattoria.<\/p>\n\n\n\n<h2 class=\"wp-block-heading\">Maggiorata<\/h2>\n\n\n<div class=\"wp-block-image\">\n<figure class=\"aligncenter size-large is-resized\"><img decoding=\"async\" width=\"1024\" height=\"576\" src=\"https:\/\/www.tapasmagazine.es\/wp-content\/uploads\/2024\/06\/donde-comer-sonar-2-1024x576.webp\" alt=\"\" class=\"wp-image-253273\" style=\"width:902px;height:auto\" srcset=\"https:\/\/www.tapasmagazine.es\/wp-content\/uploads\/2024\/06\/donde-comer-sonar-2-1024x576.webp 1024w, https:\/\/www.tapasmagazine.es\/wp-content\/uploads\/2024\/06\/donde-comer-sonar-2-300x169.webp 300w, https:\/\/www.tapasmagazine.es\/wp-content\/uploads\/2024\/06\/donde-comer-sonar-2-768x432.webp 768w, https:\/\/www.tapasmagazine.es\/wp-content\/uploads\/2024\/06\/donde-comer-sonar-2-1000x563.webp 1000w, https:\/\/www.tapasmagazine.es\/wp-content\/uploads\/2024\/06\/donde-comer-sonar-2-400x225.webp 400w, https:\/\/www.tapasmagazine.es\/wp-content\/uploads\/2024\/06\/donde-comer-sonar-2.webp 1200w\" sizes=\"(max-width: 1024px) 100vw, 1024px\" \/><\/figure>\n<\/div>\n\n\n<p>Barcelona&#8217;s trendy Italian trattoria is called <strong>Maggiorata<\/strong>. A minimalist restaurant located on Enrique Granados street, run by the partners of the legendary Bar Gal\u00e1n, which presents an ode to good food and good pasta with traditional dishes made with authentic Italian products. Its menu, inspired by the favourites of its chef Daniele de Luca, has 27 proposals framed in categories such as antipasti, main courses and desserts.<\/p>\n\n\n\n<p>Among its dishes are a number of classics: polpette with tomato in the form of meatballs on a tomato sauce and a cream of parmesan and milk, sirloin rossini or the traditional recipe for spaghetti carbonara with guanciale and a mixture of egg yolks and pecorino cheese.<\/p>\n\n\n\n<h2 class=\"wp-block-heading\">Casa Costa<\/h2>\n\n\n\n<figure class=\"wp-block-image size-large\"><img decoding=\"async\" width=\"820\" height=\"1024\" src=\"https:\/\/www.tapasmagazine.es\/wp-content\/uploads\/2024\/06\/tapas-weekend-barcelona-junio-3-820x1024.jpg\" alt=\"\" class=\"wp-image-253234\" srcset=\"https:\/\/www.tapasmagazine.es\/wp-content\/uploads\/2024\/06\/tapas-weekend-barcelona-junio-3-820x1024.jpg 820w, https:\/\/www.tapasmagazine.es\/wp-content\/uploads\/2024\/06\/tapas-weekend-barcelona-junio-3-240x300.jpg 240w, https:\/\/www.tapasmagazine.es\/wp-content\/uploads\/2024\/06\/tapas-weekend-barcelona-junio-3-768x959.jpg 768w, https:\/\/www.tapasmagazine.es\/wp-content\/uploads\/2024\/06\/tapas-weekend-barcelona-junio-3-1000x1249.jpg 1000w, https:\/\/www.tapasmagazine.es\/wp-content\/uploads\/2024\/06\/tapas-weekend-barcelona-junio-3-400x500.jpg 400w, https:\/\/www.tapasmagazine.es\/wp-content\/uploads\/2024\/06\/tapas-weekend-barcelona-junio-3.jpg 1080w\" sizes=\"(max-width: 820px) 100vw, 820px\" \/><\/figure>\n\n\n\n<p>La Barceloneta is home to one of the city&#8217;s most aesthetically pleasing restaurants. It&#8217;s called <strong><a href=\"https:\/\/www.instagram.com\/casacostabarceloneta\/?hl=es\" target=\"_blank\" rel=\"noreferrer noopener\">Casa Costa<\/a><\/strong>, and is reminiscent of the legendary seaside beach bars in a modern version decorated with flowers and works of art, where you can enjoy dishes ranging from classic tapas such as bravas or a well-made Russian salad, to more innovative dishes such as fried prawns with fried egg or grilled fish of the day.<\/p>\n\n\n\n<h2 class=\"wp-block-heading\">Compartir, T de Oro de Tapas 2023<\/h2>\n\n\n\n<figure class=\"wp-block-image size-large is-resized\"><img decoding=\"async\" width=\"1024\" height=\"576\" src=\"https:\/\/www.tapasmagazine.es\/wp-content\/uploads\/2024\/06\/tapas-weekend-barcelona-junio-4-1-1024x576.jpg\" alt=\"\" class=\"wp-image-253277\" style=\"width:911px;height:auto\" srcset=\"https:\/\/www.tapasmagazine.es\/wp-content\/uploads\/2024\/06\/tapas-weekend-barcelona-junio-4-1-1024x576.jpg 1024w, https:\/\/www.tapasmagazine.es\/wp-content\/uploads\/2024\/06\/tapas-weekend-barcelona-junio-4-1-300x169.jpg 300w, https:\/\/www.tapasmagazine.es\/wp-content\/uploads\/2024\/06\/tapas-weekend-barcelona-junio-4-1-768x432.jpg 768w, https:\/\/www.tapasmagazine.es\/wp-content\/uploads\/2024\/06\/tapas-weekend-barcelona-junio-4-1-1000x563.jpg 1000w, https:\/\/www.tapasmagazine.es\/wp-content\/uploads\/2024\/06\/tapas-weekend-barcelona-junio-4-1-400x225.jpg 400w, https:\/\/www.tapasmagazine.es\/wp-content\/uploads\/2024\/06\/tapas-weekend-barcelona-junio-4-1.jpg 1200w\" sizes=\"(max-width: 1024px) 100vw, 1024px\" \/><\/figure>\n\n\n\n<p>More than 25 years of friendship and several ongoing businesses endorse the careers of <strong>Oriol Castro<\/strong>,<strong> Mateu Casa\u00f1as <\/strong>and <strong>Eduard Xatruch<\/strong>. Three chefs whose work can only be understood as a team, and who are largely responsible for keeping the legacy of elBulli alive. After Compartir (Cadaqu\u00e9s) and Disfrutar (Barcelona), the chefs have transferred the essence of Compartir to Barcelona, this time with the incorporation of Nil Dulcet as partner and director. Here they work with the best raw materials, mostly from the sea, which take the form of delicate dishes to share, some of which are iconic of the Cadaqu\u00e9s restaurant, such as the sea ox with avocado and river trout roe.<\/p>\n\n\n\n<h2 class=\"wp-block-heading\">Brabo, Tapas Best New Restaurant 24&#8242;<\/h2>\n\n\n<div class=\"wp-block-image\">\n<figure class=\"aligncenter size-large is-resized\"><img decoding=\"async\" width=\"1024\" height=\"1024\" src=\"https:\/\/www.tapasmagazine.es\/wp-content\/uploads\/2024\/06\/donde-comer-sonar-5-1024x1024.jpg\" alt=\"\" class=\"wp-image-253279\" style=\"width:930px;height:auto\" srcset=\"https:\/\/www.tapasmagazine.es\/wp-content\/uploads\/2024\/06\/donde-comer-sonar-5-1024x1024.jpg 1024w, https:\/\/www.tapasmagazine.es\/wp-content\/uploads\/2024\/06\/donde-comer-sonar-5-300x300.jpg 300w, https:\/\/www.tapasmagazine.es\/wp-content\/uploads\/2024\/06\/donde-comer-sonar-5-150x150.jpg 150w, https:\/\/www.tapasmagazine.es\/wp-content\/uploads\/2024\/06\/donde-comer-sonar-5-768x768.jpg 768w, https:\/\/www.tapasmagazine.es\/wp-content\/uploads\/2024\/06\/donde-comer-sonar-5-1000x1000.jpg 1000w, https:\/\/www.tapasmagazine.es\/wp-content\/uploads\/2024\/06\/donde-comer-sonar-5-400x400.jpg 400w, https:\/\/www.tapasmagazine.es\/wp-content\/uploads\/2024\/06\/donde-comer-sonar-5.jpg 1080w\" sizes=\"(max-width: 1024px) 100vw, 1024px\" \/><\/figure>\n<\/div>\n\n\n<p>They define themselves as &#8216;an unpretentious steakhouse&#8217;, where everything that is cooked, smoked or grilled are local ingredients that they select themselves from their trusted suppliers. At the helm of this modern, product-focused steakhouse are <strong>Rafa Panatieri <\/strong>and<strong> Jorge Sastre<\/strong>, a professional couple who in just a few months have managed to turn their restaurant in the centre of Barcelona into a veritable temple of fire, where the ember predominates above all else. They make their own sausages and cheeses, ensuring that all the products have been grown in a sustainable and ecological way.<\/p>\n\n\n\n<h2 class=\"wp-block-heading\">Colmado Wilmot, Tapas Best New Restaurant 24&#8242;<\/h2>\n\n\n<div class=\"wp-block-image\">\n<figure class=\"aligncenter size-large is-resized\"><img decoding=\"async\" width=\"819\" height=\"1024\" src=\"https:\/\/www.tapasmagazine.es\/wp-content\/uploads\/2024\/06\/donde-comer-sonar-6-819x1024.jpg\" alt=\"\" class=\"wp-image-253283\" style=\"width:1013px;height:auto\" srcset=\"https:\/\/www.tapasmagazine.es\/wp-content\/uploads\/2024\/06\/donde-comer-sonar-6-819x1024.jpg 819w, https:\/\/www.tapasmagazine.es\/wp-content\/uploads\/2024\/06\/donde-comer-sonar-6-240x300.jpg 240w, https:\/\/www.tapasmagazine.es\/wp-content\/uploads\/2024\/06\/donde-comer-sonar-6-768x960.jpg 768w, https:\/\/www.tapasmagazine.es\/wp-content\/uploads\/2024\/06\/donde-comer-sonar-6-1000x1250.jpg 1000w, https:\/\/www.tapasmagazine.es\/wp-content\/uploads\/2024\/06\/donde-comer-sonar-6-400x500.jpg 400w, https:\/\/www.tapasmagazine.es\/wp-content\/uploads\/2024\/06\/donde-comer-sonar-6.jpg 1080w\" sizes=\"(max-width: 819px) 100vw, 819px\" \/><\/figure>\n<\/div>\n\n\n<p>Going back to the origins is something that <strong>Eugeni<\/strong> de <strong>Diego <\/strong>knows how to do very well. And it is with this space, which was born to sell takeaway food and soon evolved into a restaurant, where he shows it. There are memories of his beginnings at Ca L&#8217;Isidre, such as the cap i pota omelette, but also simple cuisine, with flavour and produce that Adri\u00e1n Redondo and David Guitart bring to the table on a day-to-day basis. For breakfast, with its succulent sandwiches, for lunch and dinner or simply to take a few products home. Any time is perfect in the grocer&#8217;s shop of passion for things well done.<\/p>\n\n\n\n<h2 class=\"wp-block-heading\">A Restaurant<\/h2>\n\n\n<div class=\"wp-block-image\">\n<figure class=\"aligncenter size-large is-resized\"><img decoding=\"async\" width=\"1024\" height=\"682\" src=\"https:\/\/www.tapasmagazine.es\/wp-content\/uploads\/2024\/06\/donde-comer-sonar-8-1024x682.webp\" alt=\"\" class=\"wp-image-253289\" style=\"width:998px;height:auto\" srcset=\"https:\/\/www.tapasmagazine.es\/wp-content\/uploads\/2024\/06\/donde-comer-sonar-8-1024x682.webp 1024w, https:\/\/www.tapasmagazine.es\/wp-content\/uploads\/2024\/06\/donde-comer-sonar-8-300x200.webp 300w, https:\/\/www.tapasmagazine.es\/wp-content\/uploads\/2024\/06\/donde-comer-sonar-8-768x512.webp 768w, https:\/\/www.tapasmagazine.es\/wp-content\/uploads\/2024\/06\/donde-comer-sonar-8-1536x1024.webp 1536w, https:\/\/www.tapasmagazine.es\/wp-content\/uploads\/2024\/06\/donde-comer-sonar-8-1000x667.webp 1000w, https:\/\/www.tapasmagazine.es\/wp-content\/uploads\/2024\/06\/donde-comer-sonar-8-400x267.webp 400w, https:\/\/www.tapasmagazine.es\/wp-content\/uploads\/2024\/06\/donde-comer-sonar-8.webp 2000w\" sizes=\"(max-width: 1024px) 100vw, 1024px\" \/><\/figure>\n<\/div>\n\n\n<p><strong>A Restaurant <\/strong>is the restaurant that houses the Hotel Neri. An urban oasis characterised by serving a gastronomic proposal that worships the product and proximity. It serves the diverse and evolving cuisine of its chef Alain Guiard, who proposes dishes such as a delicious sea bass, cockle and mussel ragout with orange and coconut, or grilled cannelloni with tender almond b\u00e9chamel sauce and teriyaki. The menu also includes a series of dishes designed for sharing, such as innovative tapas or lobster croquettes.<\/p>\n\n\n\n<h2 class=\"wp-block-heading\">Mae, Tapas Best New Restaurant 24&#8242;<\/h2>\n\n\n<div class=\"wp-block-image\">\n<figure class=\"aligncenter size-large is-resized\"><img decoding=\"async\" width=\"887\" height=\"1024\" src=\"https:\/\/www.tapasmagazine.es\/wp-content\/uploads\/2024\/06\/donde-comer-sonar-7-887x1024.jpg\" alt=\"\" class=\"wp-image-253286\" style=\"width:1136px;height:auto\" srcset=\"https:\/\/www.tapasmagazine.es\/wp-content\/uploads\/2024\/06\/donde-comer-sonar-7-887x1024.jpg 887w, https:\/\/www.tapasmagazine.es\/wp-content\/uploads\/2024\/06\/donde-comer-sonar-7-260x300.jpg 260w, https:\/\/www.tapasmagazine.es\/wp-content\/uploads\/2024\/06\/donde-comer-sonar-7-768x887.jpg 768w, https:\/\/www.tapasmagazine.es\/wp-content\/uploads\/2024\/06\/donde-comer-sonar-7-1000x1155.jpg 1000w, https:\/\/www.tapasmagazine.es\/wp-content\/uploads\/2024\/06\/donde-comer-sonar-7-400x462.jpg 400w, https:\/\/www.tapasmagazine.es\/wp-content\/uploads\/2024\/06\/donde-comer-sonar-7.jpg 1080w\" sizes=\"(max-width: 887px) 100vw, 887px\" \/><\/figure>\n<\/div>\n\n\n<p><strong>Mae<\/strong> opened its doors in 2023 under the direction of <strong>Germ\u00e1n Espinosa<\/strong>, together with Colombian chef <strong>Diego Mondrag\u00f3n<\/strong> and restaurateur<strong> Mariella Rodr\u00edguez<\/strong>. His gastronomic religion is based on globalism and localism reflected through a multicultural virtuosity with which he builds elaborations such as red shrimp with pig&#8217;s feet and tree tomato, cauliflower foam, changurro and mussel gel\u00e9e with fresh herbs or rack of lamb and tupinambo.<\/p>\n\n\n\n<h2 class=\"wp-block-heading\">Sartoria Panatieri<\/h2>\n\n\n\n<figure class=\"wp-block-image size-large is-resized\"><img decoding=\"async\" width=\"979\" height=\"1024\" src=\"https:\/\/www.tapasmagazine.es\/wp-content\/uploads\/2024\/06\/donde-comer-sonar-9-979x1024.jpg\" alt=\"\" class=\"wp-image-253295\" style=\"width:897px;height:auto\" srcset=\"https:\/\/www.tapasmagazine.es\/wp-content\/uploads\/2024\/06\/donde-comer-sonar-9-979x1024.jpg 979w, https:\/\/www.tapasmagazine.es\/wp-content\/uploads\/2024\/06\/donde-comer-sonar-9-287x300.jpg 287w, https:\/\/www.tapasmagazine.es\/wp-content\/uploads\/2024\/06\/donde-comer-sonar-9-768x803.jpg 768w, https:\/\/www.tapasmagazine.es\/wp-content\/uploads\/2024\/06\/donde-comer-sonar-9-1000x1046.jpg 1000w, https:\/\/www.tapasmagazine.es\/wp-content\/uploads\/2024\/06\/donde-comer-sonar-9-400x418.jpg 400w, https:\/\/www.tapasmagazine.es\/wp-content\/uploads\/2024\/06\/donde-comer-sonar-9.jpg 1300w\" sizes=\"(max-width: 979px) 100vw, 979px\" \/><\/figure>\n\n\n\n<p><strong>Sartoria Panatieri<\/strong> is known for being one of the best pizzerias in Barcelona, and in the world. An Italian restaurant co-directed by Jorge and Rafa that specialises in artisan pizzas that respect the true tradition in a wood-fired oven. The dough, made with stone-ground local organic flour, is made and fermented over a long period of time to create pizzas such as the delicious burrata stracciatella, along with their sausages and pickles created from scratch in their kitchens. Among the most popular are the &#8216;Best Pizza in Europe 2023&#8217; with roasted cherry tomato sauce, mozzarella and basil hollandaise or the Pizza with bacon, mozzarella, jacket potato, egg yolk and tuna bottarga.<\/p>\n\n\n\n<h2 class=\"wp-block-heading\">Alapar Bcn<\/h2>\n\n\n<div class=\"wp-block-image\">\n<figure class=\"aligncenter size-full is-resized\"><img decoding=\"async\" width=\"1000\" height=\"563\" src=\"https:\/\/www.tapasmagazine.es\/wp-content\/uploads\/2024\/06\/tapas-weekend-barcelona-junio-6.png\" alt=\"\" class=\"wp-image-253244\" style=\"width:894px;height:auto\" srcset=\"https:\/\/www.tapasmagazine.es\/wp-content\/uploads\/2024\/06\/tapas-weekend-barcelona-junio-6.png 1000w, https:\/\/www.tapasmagazine.es\/wp-content\/uploads\/2024\/06\/tapas-weekend-barcelona-junio-6-300x169.png 300w, https:\/\/www.tapasmagazine.es\/wp-content\/uploads\/2024\/06\/tapas-weekend-barcelona-junio-6-768x432.png 768w, https:\/\/www.tapasmagazine.es\/wp-content\/uploads\/2024\/06\/tapas-weekend-barcelona-junio-6-400x225.png 400w\" sizes=\"(max-width: 1000px) 100vw, 1000px\" \/><\/figure>\n<\/div>\n\n\n<p><strong>Alapar Bcn<\/strong> is a restaurant inspired by the classic Japanese izakayas with influences from Mediterranean cuisine and its products. This sort of &#8216;traditional bodega with an Asian vision&#8217;, run by Jaume Marambio and Vicky Maccarone, stands out for its unique proposal that fuses Mediterranean and Japanese gastronomy based on the concept of temporality. There, diners can experience different sensations in the mouth through its classic sea and Iberian bacon montadito, its gyozas of three sausages and broad beans or its pea stew with baby squid and katsuobushi.<\/p>\n\n\n\n<h2 class=\"wp-block-heading\">Rollo&#8217;s<\/h2>\n\n\n<div class=\"wp-block-image\">\n<figure class=\"aligncenter size-large is-resized\"><img decoding=\"async\" width=\"1024\" height=\"740\" src=\"https:\/\/www.tapasmagazine.es\/wp-content\/uploads\/2024\/06\/pHiAqElw-1024x740.jpeg\" alt=\"\" class=\"wp-image-253449\" style=\"width:964px;height:auto\" srcset=\"https:\/\/www.tapasmagazine.es\/wp-content\/uploads\/2024\/06\/pHiAqElw-1024x740.jpeg 1024w, https:\/\/www.tapasmagazine.es\/wp-content\/uploads\/2024\/06\/pHiAqElw-300x217.jpeg 300w, https:\/\/www.tapasmagazine.es\/wp-content\/uploads\/2024\/06\/pHiAqElw-768x555.jpeg 768w, https:\/\/www.tapasmagazine.es\/wp-content\/uploads\/2024\/06\/pHiAqElw-1536x1110.jpeg 1536w, https:\/\/www.tapasmagazine.es\/wp-content\/uploads\/2024\/06\/pHiAqElw-2048x1481.jpeg 2048w, https:\/\/www.tapasmagazine.es\/wp-content\/uploads\/2024\/06\/pHiAqElw-1000x723.jpeg 1000w, https:\/\/www.tapasmagazine.es\/wp-content\/uploads\/2024\/06\/pHiAqElw-400x289.jpeg 400w\" sizes=\"(max-width: 1024px) 100vw, 1024px\" \/><\/figure>\n<\/div>\n\n\n<p>Fast good on the move&#8217; is the slogan that defines <strong>Rollo&#8217;s<\/strong>, BCN&#8217;s new gastronomic concept based on rolls made with fresh, local ingredients.<\/p>\n\n\n\n<p>Rollo&#8217;s innovative offer receives a powerful international influence, with rolls to suit all tastes. This intrinsic variety in its DNA is reflected in its eight different types of hummus, lentil, tomato, curry, beetroot, activated charcoal, plain and spinach wafers. But also in their ingredient combinations (protein + 4 ingredients + 1 topping + 1 sauce), resulting in rolls like their Mexican roll with pulled pork cochinita pibil style, queso fresco blanco, pico de gallo with red onion or courgette; as well as their Chinese roll with lentil wafer, pulled chicken, goat cheese or red cabbage and olives.<\/p>\n\n\n\n<h2 class=\"wp-block-heading\">Bodega Bonay<\/h2>\n\n\n<div class=\"wp-block-image\">\n<figure class=\"aligncenter size-full is-resized\"><img decoding=\"async\" width=\"1024\" height=\"683\" src=\"https:\/\/www.tapasmagazine.es\/wp-content\/uploads\/2024\/06\/donde-comer-sonar-10.jpg\" alt=\"\" class=\"wp-image-253299\" style=\"width:1022px;height:auto\" srcset=\"https:\/\/www.tapasmagazine.es\/wp-content\/uploads\/2024\/06\/donde-comer-sonar-10.jpg 1024w, https:\/\/www.tapasmagazine.es\/wp-content\/uploads\/2024\/06\/donde-comer-sonar-10-300x200.jpg 300w, https:\/\/www.tapasmagazine.es\/wp-content\/uploads\/2024\/06\/donde-comer-sonar-10-768x512.jpg 768w, https:\/\/www.tapasmagazine.es\/wp-content\/uploads\/2024\/06\/donde-comer-sonar-10-1000x667.jpg 1000w, https:\/\/www.tapasmagazine.es\/wp-content\/uploads\/2024\/06\/donde-comer-sonar-10-400x267.jpg 400w\" sizes=\"(max-width: 1024px) 100vw, 1024px\" \/><\/figure>\n<\/div>\n\n\n<p>In the design restaurant of the <strong>Casa Bonay <\/strong>hotel you can discover the grandeur of the cellar dishes created by chef <strong>Giacomo Hassan<\/strong>. In his space, he mixes a curated selection of natural wines with his slow food cuisine based on seasonality and sustainability: the signs of identity that he transfers to dishes such as his grilled pork cheek with tomato bread or his puff pastry with grilled artichoke.<\/p>\n\n\n\n<h2 class=\"wp-block-heading\">The Green Spot<\/h2>\n\n\n\n<figure class=\"wp-block-image size-large\"><img decoding=\"async\" width=\"1024\" height=\"683\" src=\"https:\/\/www.tapasmagazine.es\/wp-content\/uploads\/2024\/01\/the-green-spot-1024x683.jpg\" alt=\"\" class=\"wp-image-228741\" srcset=\"https:\/\/www.tapasmagazine.es\/wp-content\/uploads\/2024\/01\/the-green-spot-1024x683.jpg 1024w, https:\/\/www.tapasmagazine.es\/wp-content\/uploads\/2024\/01\/the-green-spot-300x200.jpg 300w, https:\/\/www.tapasmagazine.es\/wp-content\/uploads\/2024\/01\/the-green-spot-768x512.jpg 768w, https:\/\/www.tapasmagazine.es\/wp-content\/uploads\/2024\/01\/the-green-spot-1536x1024.jpg 1536w, https:\/\/www.tapasmagazine.es\/wp-content\/uploads\/2024\/01\/the-green-spot-2048x1365.jpg 2048w, https:\/\/www.tapasmagazine.es\/wp-content\/uploads\/2024\/01\/the-green-spot-1000x667.jpg 1000w, https:\/\/www.tapasmagazine.es\/wp-content\/uploads\/2024\/01\/the-green-spot-400x267.jpg 400w\" sizes=\"(max-width: 1024px) 100vw, 1024px\" \/><\/figure>\n\n\n\n<p><strong>The Green Spot<\/strong> is the vegetarian restaurant in Port Vell where you can enjoy vegetables in a space designed by Isay Weinfeld, one of the greatest figures of Brazilian architecture who stands out for his creativity and innovation in the field. The restaurant&#8217;s menu is based on seasonal produce and is structured around sharing and individual dishes designed by its new chef Leandro Ortega, such as sweet potato tagliatelle with macadamia sauce and black truffle, maitake mushrooms with baked aubergine or organic jackfruit, pico de gallo and guacamole tacos.<\/p>\n\n\n\n<h2 class=\"wp-block-heading\">Bosco de Lobos<\/h2>\n\n\n\n<figure class=\"wp-block-gallery has-nested-images columns-default is-cropped wp-block-gallery-1 is-layout-flex wp-block-gallery-is-layout-flex\">\n<figure class=\"wp-block-image size-large\"><img decoding=\"async\" width=\"683\" height=\"1024\" data-id=\"253305\" src=\"https:\/\/www.tapasmagazine.es\/wp-content\/uploads\/2024\/06\/donde-comer-sonar-11-683x1024.jpg\" alt=\"\" class=\"wp-image-253305\" srcset=\"https:\/\/www.tapasmagazine.es\/wp-content\/uploads\/2024\/06\/donde-comer-sonar-11-683x1024.jpg 683w, https:\/\/www.tapasmagazine.es\/wp-content\/uploads\/2024\/06\/donde-comer-sonar-11-200x300.jpg 200w, https:\/\/www.tapasmagazine.es\/wp-content\/uploads\/2024\/06\/donde-comer-sonar-11-768x1152.jpg 768w, https:\/\/www.tapasmagazine.es\/wp-content\/uploads\/2024\/06\/donde-comer-sonar-11-400x600.jpg 400w, https:\/\/www.tapasmagazine.es\/wp-content\/uploads\/2024\/06\/donde-comer-sonar-11.jpg 980w\" sizes=\"(max-width: 683px) 100vw, 683px\" \/><\/figure>\n\n\n\n<figure class=\"wp-block-image size-large\"><img decoding=\"async\" width=\"567\" height=\"850\" data-id=\"253303\" src=\"https:\/\/www.tapasmagazine.es\/wp-content\/uploads\/2024\/06\/donde-comer-sonar-12.jpg\" alt=\"\" class=\"wp-image-253303\" srcset=\"https:\/\/www.tapasmagazine.es\/wp-content\/uploads\/2024\/06\/donde-comer-sonar-12.jpg 567w, https:\/\/www.tapasmagazine.es\/wp-content\/uploads\/2024\/06\/donde-comer-sonar-12-200x300.jpg 200w, https:\/\/www.tapasmagazine.es\/wp-content\/uploads\/2024\/06\/donde-comer-sonar-12-400x600.jpg 400w\" sizes=\"(max-width: 567px) 100vw, 567px\" \/><\/figure>\n<\/figure>\n\n\n\n<p>A forest located in the centre of Barcelona. This is Bosco de Lobos, from the Tragaluz group: a benchmark restaurant in Madrid that has had a culinary extension in Barcelona since last year, where you can eat between trees, from salads to high quality pasta or Roman pizzas. Before you visit, take note of their suggestions: the octopus carpaccio with fennel and the radiccio trevisano with pear, gorgonzola and hazelnuts.<\/p>\n","protected":false},"excerpt":{"rendered":"<p>Click here to read the Spanish version. Barcelona is once again the world epicentre of electronic music and cultural innovation with a new edition of S\u00f3nar that will bring together dance music pioneers, techno stars and innovative profiles from different eras, scenes and disciplines. To make it easier for you to manage during the festival, [&hellip;]<\/p>\n","protected":false},"author":285,"featured_media":253270,"comment_status":"closed","ping_status":"closed","sticky":false,"template":"","format":"standard","meta":{"_acf_changed":false,"footnotes":""},"categories":[18831,15797],"tags":[16260,15803],"class_list":["post-253334","post","type-post","status-publish","format-standard","has-post-thumbnail","hentry","category-lifestyle-en","category-planes-en","tag-barcelona-en","tag-restaurants","cat-18831-id","cat-15797-id"],"acf":[],"yoast_head":"<!-- This site is optimized with the Yoast SEO plugin v27.5 - https:\/\/yoast.com\/product\/yoast-seo-wordpress\/ -->\n<title>Where do the Tapas&#039; team eat in Barcelona during Sonar festival? - Tapas<\/title>\n<meta name=\"description\" content=\"Click here to read the Spanish version. Barcelona is once again the world epicentre of electronic music and cultural innovation with a new edition of\" \/>\n<meta name=\"robots\" content=\"index, follow, max-snippet:-1, max-image-preview:large, max-video-preview:-1\" \/>\n<link rel=\"canonical\" href=\"https:\/\/www.tapasmagazine.es\/en\/where-do-the-tapas-team-eat-in-barcelona-during-sonar-festival\/\" \/>\n<meta property=\"og:locale\" content=\"en_US\" \/>\n<meta property=\"og:type\" content=\"article\" \/>\n<meta property=\"og:title\" content=\"Where do the Tapas&#039; team eat in Barcelona during Sonar festival? - Tapas\" \/>\n<meta property=\"og:description\" content=\"Click here to read the Spanish version. Barcelona is once again the world epicentre of electronic music and cultural innovation with a new edition of\" \/>\n<meta property=\"og:url\" content=\"https:\/\/www.tapasmagazine.es\/en\/where-do-the-tapas-team-eat-in-barcelona-during-sonar-festival\/\" \/>\n<meta property=\"og:site_name\" content=\"Tapas\" \/>\n<meta property=\"article:publisher\" content=\"https:\/\/www.facebook.com\/tapasmagazine\" \/>\n<meta property=\"article:published_time\" content=\"2024-06-14T07:17:20+00:00\" \/>\n<meta property=\"article:modified_time\" content=\"2024-06-14T11:58:11+00:00\" \/>\n<meta property=\"og:image\" content=\"https:\/\/www.tapasmagazine.es\/wp-content\/uploads\/2024\/06\/donde-comer-sonar-1.jpg\" \/>\n\t<meta property=\"og:image:width\" content=\"1200\" \/>\n\t<meta property=\"og:image:height\" content=\"675\" \/>\n\t<meta property=\"og:image:type\" content=\"image\/jpeg\" \/>\n<meta name=\"author\" content=\"Laura P\u00e9rez\" \/>\n<meta name=\"twitter:card\" content=\"summary_large_image\" \/>\n<meta name=\"twitter:creator\" content=\"@TapasMagazine\" \/>\n<meta name=\"twitter:site\" content=\"@TapasMagazine\" \/>\n<meta name=\"twitter:label1\" content=\"Written by\" \/>\n\t<meta name=\"twitter:data1\" content=\"Laura P\u00e9rez\" \/>\n\t<meta name=\"twitter:label2\" content=\"Est. reading time\" \/>\n\t<meta name=\"twitter:data2\" content=\"10 minutes\" \/>\n<script type=\"application\/ld+json\" class=\"yoast-schema-graph\">{\"@context\":\"https:\\\/\\\/schema.org\",\"@graph\":[{\"@type\":\"Article\",\"@id\":\"https:\\\/\\\/www.tapasmagazine.es\\\/en\\\/where-do-the-tapas-team-eat-in-barcelona-during-sonar-festival\\\/#article\",\"isPartOf\":{\"@id\":\"https:\\\/\\\/www.tapasmagazine.es\\\/en\\\/where-do-the-tapas-team-eat-in-barcelona-during-sonar-festival\\\/\"},\"author\":{\"name\":\"Laura P\u00e9rez\",\"@id\":\"https:\\\/\\\/www.tapasmagazine.es\\\/#\\\/schema\\\/person\\\/eb46cbe76a9c8f062660eb609e3ecb4e\"},\"headline\":\"Where do the Tapas&#8217; team eat in Barcelona during Sonar festival?\",\"datePublished\":\"2024-06-14T07:17:20+00:00\",\"dateModified\":\"2024-06-14T11:58:11+00:00\",\"mainEntityOfPage\":{\"@id\":\"https:\\\/\\\/www.tapasmagazine.es\\\/en\\\/where-do-the-tapas-team-eat-in-barcelona-during-sonar-festival\\\/\"},\"wordCount\":1355,\"publisher\":{\"@id\":\"https:\\\/\\\/www.tapasmagazine.es\\\/#organization\"},\"image\":{\"@id\":\"https:\\\/\\\/www.tapasmagazine.es\\\/en\\\/where-do-the-tapas-team-eat-in-barcelona-during-sonar-festival\\\/#primaryimage\"},\"thumbnailUrl\":\"https:\\\/\\\/www.tapasmagazine.es\\\/wp-content\\\/uploads\\\/2024\\\/06\\\/donde-comer-sonar-1.jpg\",\"keywords\":[\"Barcelona\",\"restaurants\"],\"articleSection\":[\"Lifestyle\",\"Planes\"],\"inLanguage\":\"en-US\"},{\"@type\":\"WebPage\",\"@id\":\"https:\\\/\\\/www.tapasmagazine.es\\\/en\\\/where-do-the-tapas-team-eat-in-barcelona-during-sonar-festival\\\/\",\"url\":\"https:\\\/\\\/www.tapasmagazine.es\\\/en\\\/where-do-the-tapas-team-eat-in-barcelona-during-sonar-festival\\\/\",\"name\":\"Where do the Tapas' team eat in Barcelona during Sonar festival? - Tapas\",\"isPartOf\":{\"@id\":\"https:\\\/\\\/www.tapasmagazine.es\\\/#website\"},\"primaryImageOfPage\":{\"@id\":\"https:\\\/\\\/www.tapasmagazine.es\\\/en\\\/where-do-the-tapas-team-eat-in-barcelona-during-sonar-festival\\\/#primaryimage\"},\"image\":{\"@id\":\"https:\\\/\\\/www.tapasmagazine.es\\\/en\\\/where-do-the-tapas-team-eat-in-barcelona-during-sonar-festival\\\/#primaryimage\"},\"thumbnailUrl\":\"https:\\\/\\\/www.tapasmagazine.es\\\/wp-content\\\/uploads\\\/2024\\\/06\\\/donde-comer-sonar-1.jpg\",\"datePublished\":\"2024-06-14T07:17:20+00:00\",\"dateModified\":\"2024-06-14T11:58:11+00:00\",\"description\":\"Click here to read the Spanish version. Barcelona is once again the world epicentre of electronic music and cultural innovation with a new edition of\",\"breadcrumb\":{\"@id\":\"https:\\\/\\\/www.tapasmagazine.es\\\/en\\\/where-do-the-tapas-team-eat-in-barcelona-during-sonar-festival\\\/#breadcrumb\"},\"inLanguage\":\"en-US\",\"potentialAction\":[{\"@type\":\"ReadAction\",\"target\":[\"https:\\\/\\\/www.tapasmagazine.es\\\/en\\\/where-do-the-tapas-team-eat-in-barcelona-during-sonar-festival\\\/\"]}]},{\"@type\":\"ImageObject\",\"inLanguage\":\"en-US\",\"@id\":\"https:\\\/\\\/www.tapasmagazine.es\\\/en\\\/where-do-the-tapas-team-eat-in-barcelona-during-sonar-festival\\\/#primaryimage\",\"url\":\"https:\\\/\\\/www.tapasmagazine.es\\\/wp-content\\\/uploads\\\/2024\\\/06\\\/donde-comer-sonar-1.jpg\",\"contentUrl\":\"https:\\\/\\\/www.tapasmagazine.es\\\/wp-content\\\/uploads\\\/2024\\\/06\\\/donde-comer-sonar-1.jpg\",\"width\":1200,\"height\":675},{\"@type\":\"BreadcrumbList\",\"@id\":\"https:\\\/\\\/www.tapasmagazine.es\\\/en\\\/where-do-the-tapas-team-eat-in-barcelona-during-sonar-festival\\\/#breadcrumb\",\"itemListElement\":[{\"@type\":\"ListItem\",\"position\":1,\"name\":\"Portada\",\"item\":\"https:\\\/\\\/www.tapasmagazine.es\\\/\"},{\"@type\":\"ListItem\",\"position\":2,\"name\":\"Planes\",\"item\":\"https:\\\/\\\/www.tapasmagazine.es\\\/en\\\/categorias\\\/planes-en\\\/\"},{\"@type\":\"ListItem\",\"position\":3,\"name\":\"Where do the Tapas&#8217; team eat in Barcelona during Sonar festival?\"}]},{\"@type\":\"WebSite\",\"@id\":\"https:\\\/\\\/www.tapasmagazine.es\\\/#website\",\"url\":\"https:\\\/\\\/www.tapasmagazine.es\\\/\",\"name\":\"Tapas\",\"description\":\"\u00d1am \u00d1am Lifestyle. La vida a bocados. Premio Nacional de Gastronom\u00eda 2016.\",\"publisher\":{\"@id\":\"https:\\\/\\\/www.tapasmagazine.es\\\/#organization\"},\"potentialAction\":[{\"@type\":\"SearchAction\",\"target\":{\"@type\":\"EntryPoint\",\"urlTemplate\":\"https:\\\/\\\/www.tapasmagazine.es\\\/?s={search_term_string}\"},\"query-input\":{\"@type\":\"PropertyValueSpecification\",\"valueRequired\":true,\"valueName\":\"search_term_string\"}}],\"inLanguage\":\"en-US\"},{\"@type\":\"Organization\",\"@id\":\"https:\\\/\\\/www.tapasmagazine.es\\\/#organization\",\"name\":\"Tapas Magazine\",\"url\":\"https:\\\/\\\/www.tapasmagazine.es\\\/\",\"logo\":{\"@type\":\"ImageObject\",\"inLanguage\":\"en-US\",\"@id\":\"https:\\\/\\\/www.tapasmagazine.es\\\/#\\\/schema\\\/logo\\\/image\\\/\",\"url\":\"https:\\\/\\\/www.tapasmagazine.es\\\/wp-content\\\/uploads\\\/2018\\\/01\\\/logo.png\",\"contentUrl\":\"https:\\\/\\\/www.tapasmagazine.es\\\/wp-content\\\/uploads\\\/2018\\\/01\\\/logo.png\",\"width\":180,\"height\":60,\"caption\":\"Tapas Magazine\"},\"image\":{\"@id\":\"https:\\\/\\\/www.tapasmagazine.es\\\/#\\\/schema\\\/logo\\\/image\\\/\"},\"sameAs\":[\"https:\\\/\\\/www.facebook.com\\\/tapasmagazine\",\"https:\\\/\\\/x.com\\\/TapasMagazine\",\"https:\\\/\\\/www.instagram.com\\\/tapasmagazine\\\/\",\"https:\\\/\\\/www.linkedin.com\\\/company\\\/tapas-magazine\",\"https:\\\/\\\/es.pinterest.com\\\/tapasmagazine\\\/\",\"https:\\\/\\\/www.youtube.com\\\/channel\\\/UCEyxneAaACuR0lfDagrWjjg?sub_confirmation=1\"]},{\"@type\":\"Person\",\"@id\":\"https:\\\/\\\/www.tapasmagazine.es\\\/#\\\/schema\\\/person\\\/eb46cbe76a9c8f062660eb609e3ecb4e\",\"name\":\"Laura P\u00e9rez\",\"url\":\"https:\\\/\\\/www.tapasmagazine.es\\\/en\\\/author\\\/laura-perez\\\/\"}]}<\/script>\n<!-- \/ Yoast SEO plugin. -->","yoast_head_json":{"title":"Where do the Tapas' team eat in Barcelona during Sonar festival? - Tapas","description":"Click here to read the Spanish version. Barcelona is once again the world epicentre of electronic music and cultural innovation with a new edition of","robots":{"index":"index","follow":"follow","max-snippet":"max-snippet:-1","max-image-preview":"max-image-preview:large","max-video-preview":"max-video-preview:-1"},"canonical":"https:\/\/www.tapasmagazine.es\/en\/where-do-the-tapas-team-eat-in-barcelona-during-sonar-festival\/","og_locale":"en_US","og_type":"article","og_title":"Where do the Tapas' team eat in Barcelona during Sonar festival? - Tapas","og_description":"Click here to read the Spanish version. Barcelona is once again the world epicentre of electronic music and cultural innovation with a new edition of","og_url":"https:\/\/www.tapasmagazine.es\/en\/where-do-the-tapas-team-eat-in-barcelona-during-sonar-festival\/","og_site_name":"Tapas","article_publisher":"https:\/\/www.facebook.com\/tapasmagazine","article_published_time":"2024-06-14T07:17:20+00:00","article_modified_time":"2024-06-14T11:58:11+00:00","og_image":[{"width":1200,"height":675,"url":"https:\/\/www.tapasmagazine.es\/wp-content\/uploads\/2024\/06\/donde-comer-sonar-1.jpg","type":"image\/jpeg"}],"author":"Laura P\u00e9rez","twitter_card":"summary_large_image","twitter_creator":"@TapasMagazine","twitter_site":"@TapasMagazine","twitter_misc":{"Written by":"Laura P\u00e9rez","Est. reading time":"10 minutes"},"schema":{"@context":"https:\/\/schema.org","@graph":[{"@type":"Article","@id":"https:\/\/www.tapasmagazine.es\/en\/where-do-the-tapas-team-eat-in-barcelona-during-sonar-festival\/#article","isPartOf":{"@id":"https:\/\/www.tapasmagazine.es\/en\/where-do-the-tapas-team-eat-in-barcelona-during-sonar-festival\/"},"author":{"name":"Laura P\u00e9rez","@id":"https:\/\/www.tapasmagazine.es\/#\/schema\/person\/eb46cbe76a9c8f062660eb609e3ecb4e"},"headline":"Where do the Tapas&#8217; team eat in Barcelona during Sonar festival?","datePublished":"2024-06-14T07:17:20+00:00","dateModified":"2024-06-14T11:58:11+00:00","mainEntityOfPage":{"@id":"https:\/\/www.tapasmagazine.es\/en\/where-do-the-tapas-team-eat-in-barcelona-during-sonar-festival\/"},"wordCount":1355,"publisher":{"@id":"https:\/\/www.tapasmagazine.es\/#organization"},"image":{"@id":"https:\/\/www.tapasmagazine.es\/en\/where-do-the-tapas-team-eat-in-barcelona-during-sonar-festival\/#primaryimage"},"thumbnailUrl":"https:\/\/www.tapasmagazine.es\/wp-content\/uploads\/2024\/06\/donde-comer-sonar-1.jpg","keywords":["Barcelona","restaurants"],"articleSection":["Lifestyle","Planes"],"inLanguage":"en-US"},{"@type":"WebPage","@id":"https:\/\/www.tapasmagazine.es\/en\/where-do-the-tapas-team-eat-in-barcelona-during-sonar-festival\/","url":"https:\/\/www.tapasmagazine.es\/en\/where-do-the-tapas-team-eat-in-barcelona-during-sonar-festival\/","name":"Where do the Tapas' team eat in Barcelona during Sonar festival? - Tapas","isPartOf":{"@id":"https:\/\/www.tapasmagazine.es\/#website"},"primaryImageOfPage":{"@id":"https:\/\/www.tapasmagazine.es\/en\/where-do-the-tapas-team-eat-in-barcelona-during-sonar-festival\/#primaryimage"},"image":{"@id":"https:\/\/www.tapasmagazine.es\/en\/where-do-the-tapas-team-eat-in-barcelona-during-sonar-festival\/#primaryimage"},"thumbnailUrl":"https:\/\/www.tapasmagazine.es\/wp-content\/uploads\/2024\/06\/donde-comer-sonar-1.jpg","datePublished":"2024-06-14T07:17:20+00:00","dateModified":"2024-06-14T11:58:11+00:00","description":"Click here to read the Spanish version. Barcelona is once again the world epicentre of electronic music and cultural innovation with a new edition of","breadcrumb":{"@id":"https:\/\/www.tapasmagazine.es\/en\/where-do-the-tapas-team-eat-in-barcelona-during-sonar-festival\/#breadcrumb"},"inLanguage":"en-US","potentialAction":[{"@type":"ReadAction","target":["https:\/\/www.tapasmagazine.es\/en\/where-do-the-tapas-team-eat-in-barcelona-during-sonar-festival\/"]}]},{"@type":"ImageObject","inLanguage":"en-US","@id":"https:\/\/www.tapasmagazine.es\/en\/where-do-the-tapas-team-eat-in-barcelona-during-sonar-festival\/#primaryimage","url":"https:\/\/www.tapasmagazine.es\/wp-content\/uploads\/2024\/06\/donde-comer-sonar-1.jpg","contentUrl":"https:\/\/www.tapasmagazine.es\/wp-content\/uploads\/2024\/06\/donde-comer-sonar-1.jpg","width":1200,"height":675},{"@type":"BreadcrumbList","@id":"https:\/\/www.tapasmagazine.es\/en\/where-do-the-tapas-team-eat-in-barcelona-during-sonar-festival\/#breadcrumb","itemListElement":[{"@type":"ListItem","position":1,"name":"Portada","item":"https:\/\/www.tapasmagazine.es\/"},{"@type":"ListItem","position":2,"name":"Planes","item":"https:\/\/www.tapasmagazine.es\/en\/categorias\/planes-en\/"},{"@type":"ListItem","position":3,"name":"Where do the Tapas&#8217; team eat in Barcelona during Sonar festival?"}]},{"@type":"WebSite","@id":"https:\/\/www.tapasmagazine.es\/#website","url":"https:\/\/www.tapasmagazine.es\/","name":"Tapas","description":"\u00d1am \u00d1am Lifestyle. La vida a bocados. Premio Nacional de Gastronom\u00eda 2016.","publisher":{"@id":"https:\/\/www.tapasmagazine.es\/#organization"},"potentialAction":[{"@type":"SearchAction","target":{"@type":"EntryPoint","urlTemplate":"https:\/\/www.tapasmagazine.es\/?s={search_term_string}"},"query-input":{"@type":"PropertyValueSpecification","valueRequired":true,"valueName":"search_term_string"}}],"inLanguage":"en-US"},{"@type":"Organization","@id":"https:\/\/www.tapasmagazine.es\/#organization","name":"Tapas Magazine","url":"https:\/\/www.tapasmagazine.es\/","logo":{"@type":"ImageObject","inLanguage":"en-US","@id":"https:\/\/www.tapasmagazine.es\/#\/schema\/logo\/image\/","url":"https:\/\/www.tapasmagazine.es\/wp-content\/uploads\/2018\/01\/logo.png","contentUrl":"https:\/\/www.tapasmagazine.es\/wp-content\/uploads\/2018\/01\/logo.png","width":180,"height":60,"caption":"Tapas Magazine"},"image":{"@id":"https:\/\/www.tapasmagazine.es\/#\/schema\/logo\/image\/"},"sameAs":["https:\/\/www.facebook.com\/tapasmagazine","https:\/\/x.com\/TapasMagazine","https:\/\/www.instagram.com\/tapasmagazine\/","https:\/\/www.linkedin.com\/company\/tapas-magazine","https:\/\/es.pinterest.com\/tapasmagazine\/","https:\/\/www.youtube.com\/channel\/UCEyxneAaACuR0lfDagrWjjg?sub_confirmation=1"]},{"@type":"Person","@id":"https:\/\/www.tapasmagazine.es\/#\/schema\/person\/eb46cbe76a9c8f062660eb609e3ecb4e","name":"Laura P\u00e9rez","url":"https:\/\/www.tapasmagazine.es\/en\/author\/laura-perez\/"}]}},"_links":{"self":[{"href":"https:\/\/www.tapasmagazine.es\/en\/wp-json\/wp\/v2\/posts\/253334","targetHints":{"allow":["GET"]}}],"collection":[{"href":"https:\/\/www.tapasmagazine.es\/en\/wp-json\/wp\/v2\/posts"}],"about":[{"href":"https:\/\/www.tapasmagazine.es\/en\/wp-json\/wp\/v2\/types\/post"}],"author":[{"embeddable":true,"href":"https:\/\/www.tapasmagazine.es\/en\/wp-json\/wp\/v2\/users\/285"}],"replies":[{"embeddable":true,"href":"https:\/\/www.tapasmagazine.es\/en\/wp-json\/wp\/v2\/comments?post=253334"}],"version-history":[{"count":2,"href":"https:\/\/www.tapasmagazine.es\/en\/wp-json\/wp\/v2\/posts\/253334\/revisions"}],"predecessor-version":[{"id":253456,"href":"https:\/\/www.tapasmagazine.es\/en\/wp-json\/wp\/v2\/posts\/253334\/revisions\/253456"}],"wp:featuredmedia":[{"embeddable":true,"href":"https:\/\/www.tapasmagazine.es\/en\/wp-json\/wp\/v2\/media\/253270"}],"wp:attachment":[{"href":"https:\/\/www.tapasmagazine.es\/en\/wp-json\/wp\/v2\/media?parent=253334"}],"wp:term":[{"taxonomy":"category","embeddable":true,"href":"https:\/\/www.tapasmagazine.es\/en\/wp-json\/wp\/v2\/categories?post=253334"},{"taxonomy":"post_tag","embeddable":true,"href":"https:\/\/www.tapasmagazine.es\/en\/wp-json\/wp\/v2\/tags?post=253334"}],"curies":[{"name":"wp","href":"https:\/\/api.w.org\/{rel}","templated":true}]}}