{"id":253212,"date":"2024-06-13T12:20:11","date_gmt":"2024-06-13T10:20:11","guid":{"rendered":"https:\/\/www.tapasmagazine.es\/jose-andres-impartira-una-masterclass-sobre-el-poder-vinculante-de-la-comida\/"},"modified":"2024-06-13T12:22:05","modified_gmt":"2024-06-13T10:22:05","slug":"jose-andres-will-give-masterclass-on-the-binding-power-of-food","status":"publish","type":"post","link":"https:\/\/www.tapasmagazine.es\/en\/jose-andres-will-give-masterclass-on-the-binding-power-of-food\/","title":{"rendered":"Jos\u00e9 Andr\u00e9s will give a masterclass on the binding power of food"},"content":{"rendered":"\n<p><strong>Click <a href=\"https:\/\/www.tapasmagazine.es\/jose-andres-impartira-una-masterclass-sobre-el-poder-vinculante-de-la-comida\/\" target=\"_blank\" rel=\"noreferrer noopener\">here<\/a> to read the Spanish version.<\/strong><\/p>\n\n\n\n<p>The <strong>MasterClass <\/strong>platform announced that chef and humanitarian Jos\u00e9 Andr\u00e9s will ditch the jacket to don the teaching suit and teach a class on &#8216;the importance of understanding each other through food and using it to bring people together&#8217;. &#8216;I believe in the extraordinary power of food to bring people together,&#8217; Andr\u00e9s told Food &amp; Wine of the motivation behind the course. &#8216;Food is not just about nutrition\u2026 it&#8217;s about history, stories and connections&#8217;.<\/p>\n\n\n\n<p>Every recipe tells a story if you know where to look. Now, in a new three-part series with acclaimed chef Jos\u00e9 Andr\u00e9s, you&#8217;ll find out. Join the four-time James Beard Award-winning chef and nine guest stars on a journey to explore how food highlights how much we have in common. Discover recipes for dishes made for sharing and welcome everyone to your table,&#8217; reads the course description.<\/p>\n\n\n\n<p>In the course, the Spanish chef will share the history of some of his favourite dishes, such as macaroni and cheese and arepas, so that students can learn what they mean before they learn how to cook them. The aim is for them to discover how food is made to be shared and enjoyed with friends, family and even strangers. To establish that connection while creating something tasty.<\/p>\n\n\n\n<figure class=\"wp-block-embed is-type-video is-provider-youtube wp-block-embed-youtube wp-embed-aspect-16-9 wp-has-aspect-ratio\"><div class=\"wp-block-embed__wrapper\">\n<iframe title=\"Food, Stories, Connections With Jos\u00e9 Andr\u00e9s | Official Trailer | MasterClass\" width=\"640\" height=\"360\" src=\"https:\/\/www.youtube.com\/embed\/So2SyHxpuVQ?feature=oembed\" frameborder=\"0\" allow=\"accelerometer; autoplay; clipboard-write; encrypted-media; gyroscope; picture-in-picture; web-share\" referrerpolicy=\"strict-origin-when-cross-origin\" allowfullscreen><\/iframe>\n<\/div><\/figure>\n\n\n\n<p>Beyond learning how to prepare delicious dishes, I want people to understand the stories and traditions that have shaped these recipes over generations. I hope it inspires MasterClass members to truly embrace the idea of using food as a way to connect with family, friends and strangers,&#8217; he says, adding: &#8216;May they be inspired to build longer tables in their own lives and communities, creating moments where people come together and celebrate our shared humanity around a meal.&#8217;<\/p>\n\n\n\n<p><strong>Andr\u00e9s<\/strong> will not be the only teacher sharing his talent and knowledge with the students. He will also bring nine culinary experts who will delve into gastronomic traditions and a range of iconic US dishes.<\/p>\n\n\n\n<p>&#8216;I love sharing the rich history behind classic dishes and highlighting how coming together to cook can create a sense of unity and understanding,&#8217; Andr\u00e9s adds. &#8216;For me, it&#8217;s an incredible opportunity to celebrate our differences and find common ground through the simple act of sharing a meal. And while it&#8217;s technically my MasterClass, we also learn from some incredible people who I respect and admire and who share my passion for cooking and for gathering around a table.&#8217;<\/p>\n","protected":false},"excerpt":{"rendered":"<p>Click here to read the Spanish version. The MasterClass platform announced that chef and humanitarian Jos\u00e9 Andr\u00e9s will ditch the jacket to don the teaching suit and teach a class on &#8216;the importance of understanding each other through food and using it to bring people together&#8217;. &#8216;I believe in the extraordinary power of food to [&hellip;]<\/p>\n","protected":false},"author":285,"featured_media":253203,"comment_status":"closed","ping_status":"closed","sticky":false,"template":"","format":"standard","meta":{"_acf_changed":false,"footnotes":""},"categories":[15848,15851],"tags":[15905],"class_list":["post-253212","post","type-post","status-publish","format-standard","has-post-thumbnail","hentry","category-chefs-en","category-nombres-propios-en","tag-jose-andres-2-en","cat-15848-id","cat-15851-id"],"acf":[],"yoast_head":"<!-- This site is optimized with the Yoast SEO plugin v27.4 - https:\/\/yoast.com\/product\/yoast-seo-wordpress\/ -->\n<title>Jos\u00e9 Andr\u00e9s will give a masterclass on the binding power of food - Tapas<\/title>\n<meta name=\"description\" content=\"Click here to read the Spanish version. The MasterClass platform announced that chef and humanitarian Jos\u00e9 Andr\u00e9s will ditch the jacket to don the\" \/>\n<meta name=\"robots\" content=\"index, follow, max-snippet:-1, max-image-preview:large, max-video-preview:-1\" \/>\n<link rel=\"canonical\" href=\"https:\/\/www.tapasmagazine.es\/en\/jose-andres-will-give-masterclass-on-the-binding-power-of-food\/\" \/>\n<meta property=\"og:locale\" content=\"en_US\" \/>\n<meta property=\"og:type\" content=\"article\" \/>\n<meta property=\"og:title\" content=\"Jos\u00e9 Andr\u00e9s will give a masterclass on the binding power of food - Tapas\" \/>\n<meta property=\"og:description\" content=\"Click here to read the Spanish version. The MasterClass platform announced that chef and humanitarian Jos\u00e9 Andr\u00e9s will ditch the jacket to don the\" \/>\n<meta property=\"og:url\" content=\"https:\/\/www.tapasmagazine.es\/en\/jose-andres-will-give-masterclass-on-the-binding-power-of-food\/\" \/>\n<meta property=\"og:site_name\" content=\"Tapas\" \/>\n<meta property=\"article:publisher\" content=\"https:\/\/www.facebook.com\/tapasmagazine\" \/>\n<meta property=\"article:published_time\" content=\"2024-06-13T10:20:11+00:00\" \/>\n<meta property=\"article:modified_time\" content=\"2024-06-13T10:22:05+00:00\" \/>\n<meta property=\"og:image\" content=\"https:\/\/www.tapasmagazine.es\/wp-content\/uploads\/2024\/06\/jose-andres.jpg\" \/>\n\t<meta property=\"og:image:width\" content=\"1200\" \/>\n\t<meta property=\"og:image:height\" content=\"675\" \/>\n\t<meta property=\"og:image:type\" content=\"image\/jpeg\" \/>\n<meta name=\"author\" content=\"Laura P\u00e9rez\" \/>\n<meta name=\"twitter:card\" content=\"summary_large_image\" \/>\n<meta name=\"twitter:creator\" content=\"@TapasMagazine\" \/>\n<meta name=\"twitter:site\" content=\"@TapasMagazine\" \/>\n<meta name=\"twitter:label1\" content=\"Written by\" \/>\n\t<meta name=\"twitter:data1\" content=\"Laura P\u00e9rez\" \/>\n\t<meta name=\"twitter:label2\" content=\"Est. reading time\" \/>\n\t<meta name=\"twitter:data2\" content=\"3 minutes\" \/>\n<script type=\"application\/ld+json\" class=\"yoast-schema-graph\">{\"@context\":\"https:\\\/\\\/schema.org\",\"@graph\":[{\"@type\":\"Article\",\"@id\":\"https:\\\/\\\/www.tapasmagazine.es\\\/en\\\/jose-andres-will-give-masterclass-on-the-binding-power-of-food\\\/#article\",\"isPartOf\":{\"@id\":\"https:\\\/\\\/www.tapasmagazine.es\\\/en\\\/jose-andres-will-give-masterclass-on-the-binding-power-of-food\\\/\"},\"author\":{\"name\":\"Laura P\u00e9rez\",\"@id\":\"https:\\\/\\\/www.tapasmagazine.es\\\/#\\\/schema\\\/person\\\/eb46cbe76a9c8f062660eb609e3ecb4e\"},\"headline\":\"Jos\u00e9 Andr\u00e9s will give a masterclass on the binding power of food\",\"datePublished\":\"2024-06-13T10:20:11+00:00\",\"dateModified\":\"2024-06-13T10:22:05+00:00\",\"mainEntityOfPage\":{\"@id\":\"https:\\\/\\\/www.tapasmagazine.es\\\/en\\\/jose-andres-will-give-masterclass-on-the-binding-power-of-food\\\/\"},\"wordCount\":460,\"publisher\":{\"@id\":\"https:\\\/\\\/www.tapasmagazine.es\\\/#organization\"},\"image\":{\"@id\":\"https:\\\/\\\/www.tapasmagazine.es\\\/en\\\/jose-andres-will-give-masterclass-on-the-binding-power-of-food\\\/#primaryimage\"},\"thumbnailUrl\":\"https:\\\/\\\/www.tapasmagazine.es\\\/wp-content\\\/uploads\\\/2024\\\/06\\\/jose-andres.jpg\",\"keywords\":[\"Jos\u00e9 Andr\u00e9s\"],\"articleSection\":[\"Chefs\",\"Nombres propios\"],\"inLanguage\":\"en-US\"},{\"@type\":\"WebPage\",\"@id\":\"https:\\\/\\\/www.tapasmagazine.es\\\/en\\\/jose-andres-will-give-masterclass-on-the-binding-power-of-food\\\/\",\"url\":\"https:\\\/\\\/www.tapasmagazine.es\\\/en\\\/jose-andres-will-give-masterclass-on-the-binding-power-of-food\\\/\",\"name\":\"Jos\u00e9 Andr\u00e9s will give a masterclass on the binding power of food - Tapas\",\"isPartOf\":{\"@id\":\"https:\\\/\\\/www.tapasmagazine.es\\\/#website\"},\"primaryImageOfPage\":{\"@id\":\"https:\\\/\\\/www.tapasmagazine.es\\\/en\\\/jose-andres-will-give-masterclass-on-the-binding-power-of-food\\\/#primaryimage\"},\"image\":{\"@id\":\"https:\\\/\\\/www.tapasmagazine.es\\\/en\\\/jose-andres-will-give-masterclass-on-the-binding-power-of-food\\\/#primaryimage\"},\"thumbnailUrl\":\"https:\\\/\\\/www.tapasmagazine.es\\\/wp-content\\\/uploads\\\/2024\\\/06\\\/jose-andres.jpg\",\"datePublished\":\"2024-06-13T10:20:11+00:00\",\"dateModified\":\"2024-06-13T10:22:05+00:00\",\"description\":\"Click here to read the Spanish version. The MasterClass platform announced that chef and humanitarian Jos\u00e9 Andr\u00e9s will ditch the jacket to don the\",\"breadcrumb\":{\"@id\":\"https:\\\/\\\/www.tapasmagazine.es\\\/en\\\/jose-andres-will-give-masterclass-on-the-binding-power-of-food\\\/#breadcrumb\"},\"inLanguage\":\"en-US\",\"potentialAction\":[{\"@type\":\"ReadAction\",\"target\":[\"https:\\\/\\\/www.tapasmagazine.es\\\/en\\\/jose-andres-will-give-masterclass-on-the-binding-power-of-food\\\/\"]}]},{\"@type\":\"ImageObject\",\"inLanguage\":\"en-US\",\"@id\":\"https:\\\/\\\/www.tapasmagazine.es\\\/en\\\/jose-andres-will-give-masterclass-on-the-binding-power-of-food\\\/#primaryimage\",\"url\":\"https:\\\/\\\/www.tapasmagazine.es\\\/wp-content\\\/uploads\\\/2024\\\/06\\\/jose-andres.jpg\",\"contentUrl\":\"https:\\\/\\\/www.tapasmagazine.es\\\/wp-content\\\/uploads\\\/2024\\\/06\\\/jose-andres.jpg\",\"width\":1200,\"height\":675},{\"@type\":\"BreadcrumbList\",\"@id\":\"https:\\\/\\\/www.tapasmagazine.es\\\/en\\\/jose-andres-will-give-masterclass-on-the-binding-power-of-food\\\/#breadcrumb\",\"itemListElement\":[{\"@type\":\"ListItem\",\"position\":1,\"name\":\"Portada\",\"item\":\"https:\\\/\\\/www.tapasmagazine.es\\\/\"},{\"@type\":\"ListItem\",\"position\":2,\"name\":\"Nombres propios\",\"item\":\"https:\\\/\\\/www.tapasmagazine.es\\\/en\\\/categorias\\\/nombres-propios-en\\\/\"},{\"@type\":\"ListItem\",\"position\":3,\"name\":\"Jos\u00e9 Andr\u00e9s will give a masterclass on the binding power of food\"}]},{\"@type\":\"WebSite\",\"@id\":\"https:\\\/\\\/www.tapasmagazine.es\\\/#website\",\"url\":\"https:\\\/\\\/www.tapasmagazine.es\\\/\",\"name\":\"Tapas\",\"description\":\"\u00d1am \u00d1am Lifestyle. La vida a bocados. Premio Nacional de Gastronom\u00eda 2016.\",\"publisher\":{\"@id\":\"https:\\\/\\\/www.tapasmagazine.es\\\/#organization\"},\"potentialAction\":[{\"@type\":\"SearchAction\",\"target\":{\"@type\":\"EntryPoint\",\"urlTemplate\":\"https:\\\/\\\/www.tapasmagazine.es\\\/?s={search_term_string}\"},\"query-input\":{\"@type\":\"PropertyValueSpecification\",\"valueRequired\":true,\"valueName\":\"search_term_string\"}}],\"inLanguage\":\"en-US\"},{\"@type\":\"Organization\",\"@id\":\"https:\\\/\\\/www.tapasmagazine.es\\\/#organization\",\"name\":\"Tapas Magazine\",\"url\":\"https:\\\/\\\/www.tapasmagazine.es\\\/\",\"logo\":{\"@type\":\"ImageObject\",\"inLanguage\":\"en-US\",\"@id\":\"https:\\\/\\\/www.tapasmagazine.es\\\/#\\\/schema\\\/logo\\\/image\\\/\",\"url\":\"https:\\\/\\\/www.tapasmagazine.es\\\/wp-content\\\/uploads\\\/2018\\\/01\\\/logo.png\",\"contentUrl\":\"https:\\\/\\\/www.tapasmagazine.es\\\/wp-content\\\/uploads\\\/2018\\\/01\\\/logo.png\",\"width\":180,\"height\":60,\"caption\":\"Tapas Magazine\"},\"image\":{\"@id\":\"https:\\\/\\\/www.tapasmagazine.es\\\/#\\\/schema\\\/logo\\\/image\\\/\"},\"sameAs\":[\"https:\\\/\\\/www.facebook.com\\\/tapasmagazine\",\"https:\\\/\\\/x.com\\\/TapasMagazine\",\"https:\\\/\\\/www.instagram.com\\\/tapasmagazine\\\/\",\"https:\\\/\\\/www.linkedin.com\\\/company\\\/tapas-magazine\",\"https:\\\/\\\/es.pinterest.com\\\/tapasmagazine\\\/\",\"https:\\\/\\\/www.youtube.com\\\/channel\\\/UCEyxneAaACuR0lfDagrWjjg?sub_confirmation=1\"]},{\"@type\":\"Person\",\"@id\":\"https:\\\/\\\/www.tapasmagazine.es\\\/#\\\/schema\\\/person\\\/eb46cbe76a9c8f062660eb609e3ecb4e\",\"name\":\"Laura P\u00e9rez\",\"url\":\"https:\\\/\\\/www.tapasmagazine.es\\\/en\\\/author\\\/laura-perez\\\/\"}]}<\/script>\n<!-- \/ Yoast SEO plugin. -->","yoast_head_json":{"title":"Jos\u00e9 Andr\u00e9s will give a masterclass on the binding power of food - Tapas","description":"Click here to read the Spanish version. The MasterClass platform announced that chef and humanitarian Jos\u00e9 Andr\u00e9s will ditch the jacket to don the","robots":{"index":"index","follow":"follow","max-snippet":"max-snippet:-1","max-image-preview":"max-image-preview:large","max-video-preview":"max-video-preview:-1"},"canonical":"https:\/\/www.tapasmagazine.es\/en\/jose-andres-will-give-masterclass-on-the-binding-power-of-food\/","og_locale":"en_US","og_type":"article","og_title":"Jos\u00e9 Andr\u00e9s will give a masterclass on the binding power of food - Tapas","og_description":"Click here to read the Spanish version. The MasterClass platform announced that chef and humanitarian Jos\u00e9 Andr\u00e9s will ditch the jacket to don the","og_url":"https:\/\/www.tapasmagazine.es\/en\/jose-andres-will-give-masterclass-on-the-binding-power-of-food\/","og_site_name":"Tapas","article_publisher":"https:\/\/www.facebook.com\/tapasmagazine","article_published_time":"2024-06-13T10:20:11+00:00","article_modified_time":"2024-06-13T10:22:05+00:00","og_image":[{"width":1200,"height":675,"url":"https:\/\/www.tapasmagazine.es\/wp-content\/uploads\/2024\/06\/jose-andres.jpg","type":"image\/jpeg"}],"author":"Laura P\u00e9rez","twitter_card":"summary_large_image","twitter_creator":"@TapasMagazine","twitter_site":"@TapasMagazine","twitter_misc":{"Written by":"Laura P\u00e9rez","Est. reading time":"3 minutes"},"schema":{"@context":"https:\/\/schema.org","@graph":[{"@type":"Article","@id":"https:\/\/www.tapasmagazine.es\/en\/jose-andres-will-give-masterclass-on-the-binding-power-of-food\/#article","isPartOf":{"@id":"https:\/\/www.tapasmagazine.es\/en\/jose-andres-will-give-masterclass-on-the-binding-power-of-food\/"},"author":{"name":"Laura P\u00e9rez","@id":"https:\/\/www.tapasmagazine.es\/#\/schema\/person\/eb46cbe76a9c8f062660eb609e3ecb4e"},"headline":"Jos\u00e9 Andr\u00e9s will give a masterclass on the binding power of food","datePublished":"2024-06-13T10:20:11+00:00","dateModified":"2024-06-13T10:22:05+00:00","mainEntityOfPage":{"@id":"https:\/\/www.tapasmagazine.es\/en\/jose-andres-will-give-masterclass-on-the-binding-power-of-food\/"},"wordCount":460,"publisher":{"@id":"https:\/\/www.tapasmagazine.es\/#organization"},"image":{"@id":"https:\/\/www.tapasmagazine.es\/en\/jose-andres-will-give-masterclass-on-the-binding-power-of-food\/#primaryimage"},"thumbnailUrl":"https:\/\/www.tapasmagazine.es\/wp-content\/uploads\/2024\/06\/jose-andres.jpg","keywords":["Jos\u00e9 Andr\u00e9s"],"articleSection":["Chefs","Nombres propios"],"inLanguage":"en-US"},{"@type":"WebPage","@id":"https:\/\/www.tapasmagazine.es\/en\/jose-andres-will-give-masterclass-on-the-binding-power-of-food\/","url":"https:\/\/www.tapasmagazine.es\/en\/jose-andres-will-give-masterclass-on-the-binding-power-of-food\/","name":"Jos\u00e9 Andr\u00e9s will give a masterclass on the binding power of food - Tapas","isPartOf":{"@id":"https:\/\/www.tapasmagazine.es\/#website"},"primaryImageOfPage":{"@id":"https:\/\/www.tapasmagazine.es\/en\/jose-andres-will-give-masterclass-on-the-binding-power-of-food\/#primaryimage"},"image":{"@id":"https:\/\/www.tapasmagazine.es\/en\/jose-andres-will-give-masterclass-on-the-binding-power-of-food\/#primaryimage"},"thumbnailUrl":"https:\/\/www.tapasmagazine.es\/wp-content\/uploads\/2024\/06\/jose-andres.jpg","datePublished":"2024-06-13T10:20:11+00:00","dateModified":"2024-06-13T10:22:05+00:00","description":"Click here to read the Spanish version. The MasterClass platform announced that chef and humanitarian Jos\u00e9 Andr\u00e9s will ditch the jacket to don the","breadcrumb":{"@id":"https:\/\/www.tapasmagazine.es\/en\/jose-andres-will-give-masterclass-on-the-binding-power-of-food\/#breadcrumb"},"inLanguage":"en-US","potentialAction":[{"@type":"ReadAction","target":["https:\/\/www.tapasmagazine.es\/en\/jose-andres-will-give-masterclass-on-the-binding-power-of-food\/"]}]},{"@type":"ImageObject","inLanguage":"en-US","@id":"https:\/\/www.tapasmagazine.es\/en\/jose-andres-will-give-masterclass-on-the-binding-power-of-food\/#primaryimage","url":"https:\/\/www.tapasmagazine.es\/wp-content\/uploads\/2024\/06\/jose-andres.jpg","contentUrl":"https:\/\/www.tapasmagazine.es\/wp-content\/uploads\/2024\/06\/jose-andres.jpg","width":1200,"height":675},{"@type":"BreadcrumbList","@id":"https:\/\/www.tapasmagazine.es\/en\/jose-andres-will-give-masterclass-on-the-binding-power-of-food\/#breadcrumb","itemListElement":[{"@type":"ListItem","position":1,"name":"Portada","item":"https:\/\/www.tapasmagazine.es\/"},{"@type":"ListItem","position":2,"name":"Nombres propios","item":"https:\/\/www.tapasmagazine.es\/en\/categorias\/nombres-propios-en\/"},{"@type":"ListItem","position":3,"name":"Jos\u00e9 Andr\u00e9s will give a masterclass on the binding power of food"}]},{"@type":"WebSite","@id":"https:\/\/www.tapasmagazine.es\/#website","url":"https:\/\/www.tapasmagazine.es\/","name":"Tapas","description":"\u00d1am \u00d1am Lifestyle. La vida a bocados. Premio Nacional de Gastronom\u00eda 2016.","publisher":{"@id":"https:\/\/www.tapasmagazine.es\/#organization"},"potentialAction":[{"@type":"SearchAction","target":{"@type":"EntryPoint","urlTemplate":"https:\/\/www.tapasmagazine.es\/?s={search_term_string}"},"query-input":{"@type":"PropertyValueSpecification","valueRequired":true,"valueName":"search_term_string"}}],"inLanguage":"en-US"},{"@type":"Organization","@id":"https:\/\/www.tapasmagazine.es\/#organization","name":"Tapas Magazine","url":"https:\/\/www.tapasmagazine.es\/","logo":{"@type":"ImageObject","inLanguage":"en-US","@id":"https:\/\/www.tapasmagazine.es\/#\/schema\/logo\/image\/","url":"https:\/\/www.tapasmagazine.es\/wp-content\/uploads\/2018\/01\/logo.png","contentUrl":"https:\/\/www.tapasmagazine.es\/wp-content\/uploads\/2018\/01\/logo.png","width":180,"height":60,"caption":"Tapas Magazine"},"image":{"@id":"https:\/\/www.tapasmagazine.es\/#\/schema\/logo\/image\/"},"sameAs":["https:\/\/www.facebook.com\/tapasmagazine","https:\/\/x.com\/TapasMagazine","https:\/\/www.instagram.com\/tapasmagazine\/","https:\/\/www.linkedin.com\/company\/tapas-magazine","https:\/\/es.pinterest.com\/tapasmagazine\/","https:\/\/www.youtube.com\/channel\/UCEyxneAaACuR0lfDagrWjjg?sub_confirmation=1"]},{"@type":"Person","@id":"https:\/\/www.tapasmagazine.es\/#\/schema\/person\/eb46cbe76a9c8f062660eb609e3ecb4e","name":"Laura P\u00e9rez","url":"https:\/\/www.tapasmagazine.es\/en\/author\/laura-perez\/"}]}},"_links":{"self":[{"href":"https:\/\/www.tapasmagazine.es\/en\/wp-json\/wp\/v2\/posts\/253212","targetHints":{"allow":["GET"]}}],"collection":[{"href":"https:\/\/www.tapasmagazine.es\/en\/wp-json\/wp\/v2\/posts"}],"about":[{"href":"https:\/\/www.tapasmagazine.es\/en\/wp-json\/wp\/v2\/types\/post"}],"author":[{"embeddable":true,"href":"https:\/\/www.tapasmagazine.es\/en\/wp-json\/wp\/v2\/users\/285"}],"replies":[{"embeddable":true,"href":"https:\/\/www.tapasmagazine.es\/en\/wp-json\/wp\/v2\/comments?post=253212"}],"version-history":[{"count":2,"href":"https:\/\/www.tapasmagazine.es\/en\/wp-json\/wp\/v2\/posts\/253212\/revisions"}],"predecessor-version":[{"id":253218,"href":"https:\/\/www.tapasmagazine.es\/en\/wp-json\/wp\/v2\/posts\/253212\/revisions\/253218"}],"wp:featuredmedia":[{"embeddable":true,"href":"https:\/\/www.tapasmagazine.es\/en\/wp-json\/wp\/v2\/media\/253203"}],"wp:attachment":[{"href":"https:\/\/www.tapasmagazine.es\/en\/wp-json\/wp\/v2\/media?parent=253212"}],"wp:term":[{"taxonomy":"category","embeddable":true,"href":"https:\/\/www.tapasmagazine.es\/en\/wp-json\/wp\/v2\/categories?post=253212"},{"taxonomy":"post_tag","embeddable":true,"href":"https:\/\/www.tapasmagazine.es\/en\/wp-json\/wp\/v2\/tags?post=253212"}],"curies":[{"name":"wp","href":"https:\/\/api.w.org\/{rel}","templated":true}]}}