{"id":253016,"date":"2024-06-12T11:16:07","date_gmt":"2024-06-12T09:16:07","guid":{"rendered":"https:\/\/www.tapasmagazine.es\/amaro-del-capo-lleva-la-experiencia-dolcemesa-al-restaurante-allegra\/"},"modified":"2024-06-12T11:19:33","modified_gmt":"2024-06-12T09:19:33","slug":"amaro-del-capo-brings-dolce-mesa-experience-to-allegra-restaurant","status":"publish","type":"post","link":"https:\/\/www.tapasmagazine.es\/en\/amaro-del-capo-brings-dolce-mesa-experience-to-allegra-restaurant\/","title":{"rendered":"Amaro del Capo brings &#8216;DolceMesa&#8217; experience to Allegra restaurant"},"content":{"rendered":"\n<p><strong>Click <a href=\"https:\/\/www.tapasmagazine.es\/amaro-del-capo-lleva-la-experiencia-dolcemesa-al-restaurante-allegra\/\" target=\"_blank\" rel=\"noreferrer noopener\">here<\/a> to read the Spanish version.<\/strong><\/p>\n\n\n\n<p>The &#8216;dolce vita&#8217; can now be experienced at <strong>Allegra<\/strong>, the new trendy Italian restaurant that brings out Mediterranean gastronomy from its kitchen with a vibrant central piano bar as the protagonist. Amidst its romantic space fused with elements of the Caf\u00e9 de l&#8217;Opera, <strong>Isabella&#8217;s Group<\/strong> and <strong>Amaro del Capo <\/strong>will serve the &#8216;<strong>DolceMesa<\/strong>&#8216; experience based on the Italian benchmark liqueur made with natural ingredients.<\/p>\n\n\n\n<p>The &#8216;Made in Italy&#8217; product will activate all the senses of the diner through an evening that will combine &#8216;exquisite bites, small drinks and moments to remember&#8217;.<\/p>\n\n\n<div class=\"wp-block-image\">\n<figure class=\"aligncenter size-large is-resized\"><img decoding=\"async\" width=\"1024\" height=\"576\" src=\"https:\/\/www.tapasmagazine.es\/wp-content\/uploads\/2024\/06\/restaurantes-puente-mayo-1-1024x576.webp\" alt=\"\" class=\"wp-image-253005\" style=\"width:958px;height:auto\" srcset=\"https:\/\/www.tapasmagazine.es\/wp-content\/uploads\/2024\/06\/restaurantes-puente-mayo-1-1024x576.webp 1024w, https:\/\/www.tapasmagazine.es\/wp-content\/uploads\/2024\/06\/restaurantes-puente-mayo-1-300x169.webp 300w, https:\/\/www.tapasmagazine.es\/wp-content\/uploads\/2024\/06\/restaurantes-puente-mayo-1-768x432.webp 768w, https:\/\/www.tapasmagazine.es\/wp-content\/uploads\/2024\/06\/restaurantes-puente-mayo-1-1000x563.webp 1000w, https:\/\/www.tapasmagazine.es\/wp-content\/uploads\/2024\/06\/restaurantes-puente-mayo-1-400x225.webp 400w, https:\/\/www.tapasmagazine.es\/wp-content\/uploads\/2024\/06\/restaurantes-puente-mayo-1.webp 1200w\" sizes=\"(max-width: 1024px) 100vw, 1024px\" \/><\/figure>\n<\/div>\n\n\n<p>Chef<strong> Luca Mazzini<\/strong> has created a very special dolci selection for the occasion to demonstrate the versatility of the liqueur and its ease of pairing with typical Italian desserts, which will be available on the menu from June to September. A proposal with influences from international confectionery that will take the form of a dark chocolate brownie with Amaro del Capo crumble and vanilla ice cream, a Tiramisu with Amaro del Capo sauce and gelly, and a Parmesan cheesecake with Amaro del Capo mousse.<\/p>\n\n\n\n<p>Three innovative desserts designed for sharing, with Amaro del Capo as the main ingredient and as an accompaniment, always served at a temperature of -20\u00b0 directly from the freezer; in order to preserve all its properties and guarantee its consumption at its optimum point.<\/p>\n\n\n<div class=\"wp-block-image\">\n<figure class=\"aligncenter size-large is-resized\"><img decoding=\"async\" width=\"683\" height=\"1024\" src=\"https:\/\/www.tapasmagazine.es\/wp-content\/uploads\/2024\/06\/amaro-del-capo-allegra-2-683x1024.jpg\" alt=\"\" class=\"wp-image-253008\" style=\"width:1215px;height:auto\" srcset=\"https:\/\/www.tapasmagazine.es\/wp-content\/uploads\/2024\/06\/amaro-del-capo-allegra-2-683x1024.jpg 683w, https:\/\/www.tapasmagazine.es\/wp-content\/uploads\/2024\/06\/amaro-del-capo-allegra-2-200x300.jpg 200w, https:\/\/www.tapasmagazine.es\/wp-content\/uploads\/2024\/06\/amaro-del-capo-allegra-2-768x1152.jpg 768w, https:\/\/www.tapasmagazine.es\/wp-content\/uploads\/2024\/06\/amaro-del-capo-allegra-2-1024x1536.jpg 1024w, https:\/\/www.tapasmagazine.es\/wp-content\/uploads\/2024\/06\/amaro-del-capo-allegra-2-1365x2048.jpg 1365w, https:\/\/www.tapasmagazine.es\/wp-content\/uploads\/2024\/06\/amaro-del-capo-allegra-2-1000x1500.jpg 1000w, https:\/\/www.tapasmagazine.es\/wp-content\/uploads\/2024\/06\/amaro-del-capo-allegra-2-400x600.jpg 400w, https:\/\/www.tapasmagazine.es\/wp-content\/uploads\/2024\/06\/amaro-del-capo-allegra-2-scaled.jpg 1706w\" sizes=\"(max-width: 683px) 100vw, 683px\" \/><\/figure>\n<\/div>\n\n\n<p>Moreover, the &#8216;DolceMesa&#8217; experience will not end at Allegra, but will be extended from September to November to<strong> Casa Isabella<\/strong> through a unique proposal paired with Amaro del Capo to continue delighting its customers.<\/p>\n","protected":false},"excerpt":{"rendered":"<p>Click here to read the Spanish version. The &#8216;dolce vita&#8217; can now be experienced at Allegra, the new trendy Italian restaurant that brings out Mediterranean gastronomy from its kitchen with a vibrant central piano bar as the protagonist. Amidst its romantic space fused with elements of the Caf\u00e9 de l&#8217;Opera, Isabella&#8217;s Group and Amaro del [&hellip;]<\/p>\n","protected":false},"author":285,"featured_media":253003,"comment_status":"closed","ping_status":"closed","sticky":false,"template":"","format":"standard","meta":{"_acf_changed":false,"footnotes":""},"categories":[15802,15797,1],"tags":[15824,18353,15803],"class_list":["post-253016","post","type-post","status-publish","format-standard","has-post-thumbnail","hentry","category-news","category-planes-en","category-sin-categorizar","tag-gastronomia-en","tag-licor-en","tag-restaurants","cat-15802-id","cat-15797-id","cat-1-id"],"acf":[],"yoast_head":"<!-- This site is optimized with the Yoast SEO plugin v27.4 - https:\/\/yoast.com\/product\/yoast-seo-wordpress\/ -->\n<title>Amaro del Capo brings &#039;DolceMesa&#039; experience to Allegra restaurant - Tapas<\/title>\n<meta name=\"description\" content=\"Click here to read the Spanish version. The &#039;dolce vita&#039; can now be experienced at Allegra, the new trendy Italian restaurant that brings out\" \/>\n<meta name=\"robots\" content=\"index, follow, max-snippet:-1, max-image-preview:large, max-video-preview:-1\" \/>\n<link rel=\"canonical\" href=\"https:\/\/www.tapasmagazine.es\/en\/amaro-del-capo-brings-dolce-mesa-experience-to-allegra-restaurant\/\" \/>\n<meta property=\"og:locale\" content=\"en_US\" \/>\n<meta property=\"og:type\" content=\"article\" \/>\n<meta property=\"og:title\" content=\"Amaro del Capo brings &#039;DolceMesa&#039; experience to Allegra restaurant - Tapas\" \/>\n<meta property=\"og:description\" content=\"Click here to read the Spanish version. The &#039;dolce vita&#039; can now be experienced at Allegra, the new trendy Italian restaurant that brings out\" \/>\n<meta property=\"og:url\" content=\"https:\/\/www.tapasmagazine.es\/en\/amaro-del-capo-brings-dolce-mesa-experience-to-allegra-restaurant\/\" \/>\n<meta property=\"og:site_name\" content=\"Tapas\" \/>\n<meta property=\"article:publisher\" content=\"https:\/\/www.facebook.com\/tapasmagazine\" \/>\n<meta property=\"article:published_time\" content=\"2024-06-12T09:16:07+00:00\" \/>\n<meta property=\"article:modified_time\" content=\"2024-06-12T09:19:33+00:00\" \/>\n<meta property=\"og:image\" content=\"https:\/\/www.tapasmagazine.es\/wp-content\/uploads\/2024\/06\/amaro-del-capo-allegra-1.jpg\" \/>\n\t<meta property=\"og:image:width\" content=\"1200\" \/>\n\t<meta property=\"og:image:height\" content=\"675\" \/>\n\t<meta property=\"og:image:type\" content=\"image\/jpeg\" \/>\n<meta name=\"author\" content=\"Laura P\u00e9rez\" \/>\n<meta name=\"twitter:card\" content=\"summary_large_image\" \/>\n<meta name=\"twitter:creator\" content=\"@TapasMagazine\" \/>\n<meta name=\"twitter:site\" content=\"@TapasMagazine\" \/>\n<meta name=\"twitter:label1\" content=\"Written by\" \/>\n\t<meta name=\"twitter:data1\" content=\"Laura P\u00e9rez\" \/>\n\t<meta name=\"twitter:label2\" content=\"Est. reading time\" \/>\n\t<meta name=\"twitter:data2\" content=\"2 minutes\" \/>\n<script type=\"application\/ld+json\" class=\"yoast-schema-graph\">{\"@context\":\"https:\\\/\\\/schema.org\",\"@graph\":[{\"@type\":\"Article\",\"@id\":\"https:\\\/\\\/www.tapasmagazine.es\\\/en\\\/amaro-del-capo-brings-dolce-mesa-experience-to-allegra-restaurant\\\/#article\",\"isPartOf\":{\"@id\":\"https:\\\/\\\/www.tapasmagazine.es\\\/en\\\/amaro-del-capo-brings-dolce-mesa-experience-to-allegra-restaurant\\\/\"},\"author\":{\"name\":\"Laura P\u00e9rez\",\"@id\":\"https:\\\/\\\/www.tapasmagazine.es\\\/#\\\/schema\\\/person\\\/eb46cbe76a9c8f062660eb609e3ecb4e\"},\"headline\":\"Amaro del Capo brings &#8216;DolceMesa&#8217; experience to Allegra restaurant\",\"datePublished\":\"2024-06-12T09:16:07+00:00\",\"dateModified\":\"2024-06-12T09:19:33+00:00\",\"mainEntityOfPage\":{\"@id\":\"https:\\\/\\\/www.tapasmagazine.es\\\/en\\\/amaro-del-capo-brings-dolce-mesa-experience-to-allegra-restaurant\\\/\"},\"wordCount\":271,\"publisher\":{\"@id\":\"https:\\\/\\\/www.tapasmagazine.es\\\/#organization\"},\"image\":{\"@id\":\"https:\\\/\\\/www.tapasmagazine.es\\\/en\\\/amaro-del-capo-brings-dolce-mesa-experience-to-allegra-restaurant\\\/#primaryimage\"},\"thumbnailUrl\":\"https:\\\/\\\/www.tapasmagazine.es\\\/wp-content\\\/uploads\\\/2024\\\/06\\\/amaro-del-capo-allegra-1.jpg\",\"keywords\":[\"gastronom\u00eda\",\"licor\",\"restaurants\"],\"articleSection\":[\"News\",\"Planes\",\"Sin categorizar\"],\"inLanguage\":\"en-US\"},{\"@type\":\"WebPage\",\"@id\":\"https:\\\/\\\/www.tapasmagazine.es\\\/en\\\/amaro-del-capo-brings-dolce-mesa-experience-to-allegra-restaurant\\\/\",\"url\":\"https:\\\/\\\/www.tapasmagazine.es\\\/en\\\/amaro-del-capo-brings-dolce-mesa-experience-to-allegra-restaurant\\\/\",\"name\":\"Amaro del Capo brings 'DolceMesa' experience to Allegra restaurant - Tapas\",\"isPartOf\":{\"@id\":\"https:\\\/\\\/www.tapasmagazine.es\\\/#website\"},\"primaryImageOfPage\":{\"@id\":\"https:\\\/\\\/www.tapasmagazine.es\\\/en\\\/amaro-del-capo-brings-dolce-mesa-experience-to-allegra-restaurant\\\/#primaryimage\"},\"image\":{\"@id\":\"https:\\\/\\\/www.tapasmagazine.es\\\/en\\\/amaro-del-capo-brings-dolce-mesa-experience-to-allegra-restaurant\\\/#primaryimage\"},\"thumbnailUrl\":\"https:\\\/\\\/www.tapasmagazine.es\\\/wp-content\\\/uploads\\\/2024\\\/06\\\/amaro-del-capo-allegra-1.jpg\",\"datePublished\":\"2024-06-12T09:16:07+00:00\",\"dateModified\":\"2024-06-12T09:19:33+00:00\",\"description\":\"Click here to read the Spanish version. The 'dolce vita' can now be experienced at Allegra, the new trendy Italian restaurant that brings out\",\"breadcrumb\":{\"@id\":\"https:\\\/\\\/www.tapasmagazine.es\\\/en\\\/amaro-del-capo-brings-dolce-mesa-experience-to-allegra-restaurant\\\/#breadcrumb\"},\"inLanguage\":\"en-US\",\"potentialAction\":[{\"@type\":\"ReadAction\",\"target\":[\"https:\\\/\\\/www.tapasmagazine.es\\\/en\\\/amaro-del-capo-brings-dolce-mesa-experience-to-allegra-restaurant\\\/\"]}]},{\"@type\":\"ImageObject\",\"inLanguage\":\"en-US\",\"@id\":\"https:\\\/\\\/www.tapasmagazine.es\\\/en\\\/amaro-del-capo-brings-dolce-mesa-experience-to-allegra-restaurant\\\/#primaryimage\",\"url\":\"https:\\\/\\\/www.tapasmagazine.es\\\/wp-content\\\/uploads\\\/2024\\\/06\\\/amaro-del-capo-allegra-1.jpg\",\"contentUrl\":\"https:\\\/\\\/www.tapasmagazine.es\\\/wp-content\\\/uploads\\\/2024\\\/06\\\/amaro-del-capo-allegra-1.jpg\",\"width\":1200,\"height\":675},{\"@type\":\"BreadcrumbList\",\"@id\":\"https:\\\/\\\/www.tapasmagazine.es\\\/en\\\/amaro-del-capo-brings-dolce-mesa-experience-to-allegra-restaurant\\\/#breadcrumb\",\"itemListElement\":[{\"@type\":\"ListItem\",\"position\":1,\"name\":\"Portada\",\"item\":\"https:\\\/\\\/www.tapasmagazine.es\\\/\"},{\"@type\":\"ListItem\",\"position\":2,\"name\":\"Sin categorizar\",\"item\":\"https:\\\/\\\/www.tapasmagazine.es\\\/categorias\\\/sin-categorizar\\\/\"},{\"@type\":\"ListItem\",\"position\":3,\"name\":\"Amaro del Capo brings &#8216;DolceMesa&#8217; experience to Allegra restaurant\"}]},{\"@type\":\"WebSite\",\"@id\":\"https:\\\/\\\/www.tapasmagazine.es\\\/#website\",\"url\":\"https:\\\/\\\/www.tapasmagazine.es\\\/\",\"name\":\"Tapas\",\"description\":\"\u00d1am \u00d1am Lifestyle. La vida a bocados. Premio Nacional de Gastronom\u00eda 2016.\",\"publisher\":{\"@id\":\"https:\\\/\\\/www.tapasmagazine.es\\\/#organization\"},\"potentialAction\":[{\"@type\":\"SearchAction\",\"target\":{\"@type\":\"EntryPoint\",\"urlTemplate\":\"https:\\\/\\\/www.tapasmagazine.es\\\/?s={search_term_string}\"},\"query-input\":{\"@type\":\"PropertyValueSpecification\",\"valueRequired\":true,\"valueName\":\"search_term_string\"}}],\"inLanguage\":\"en-US\"},{\"@type\":\"Organization\",\"@id\":\"https:\\\/\\\/www.tapasmagazine.es\\\/#organization\",\"name\":\"Tapas Magazine\",\"url\":\"https:\\\/\\\/www.tapasmagazine.es\\\/\",\"logo\":{\"@type\":\"ImageObject\",\"inLanguage\":\"en-US\",\"@id\":\"https:\\\/\\\/www.tapasmagazine.es\\\/#\\\/schema\\\/logo\\\/image\\\/\",\"url\":\"https:\\\/\\\/www.tapasmagazine.es\\\/wp-content\\\/uploads\\\/2018\\\/01\\\/logo.png\",\"contentUrl\":\"https:\\\/\\\/www.tapasmagazine.es\\\/wp-content\\\/uploads\\\/2018\\\/01\\\/logo.png\",\"width\":180,\"height\":60,\"caption\":\"Tapas Magazine\"},\"image\":{\"@id\":\"https:\\\/\\\/www.tapasmagazine.es\\\/#\\\/schema\\\/logo\\\/image\\\/\"},\"sameAs\":[\"https:\\\/\\\/www.facebook.com\\\/tapasmagazine\",\"https:\\\/\\\/x.com\\\/TapasMagazine\",\"https:\\\/\\\/www.instagram.com\\\/tapasmagazine\\\/\",\"https:\\\/\\\/www.linkedin.com\\\/company\\\/tapas-magazine\",\"https:\\\/\\\/es.pinterest.com\\\/tapasmagazine\\\/\",\"https:\\\/\\\/www.youtube.com\\\/channel\\\/UCEyxneAaACuR0lfDagrWjjg?sub_confirmation=1\"]},{\"@type\":\"Person\",\"@id\":\"https:\\\/\\\/www.tapasmagazine.es\\\/#\\\/schema\\\/person\\\/eb46cbe76a9c8f062660eb609e3ecb4e\",\"name\":\"Laura P\u00e9rez\",\"url\":\"https:\\\/\\\/www.tapasmagazine.es\\\/en\\\/author\\\/laura-perez\\\/\"}]}<\/script>\n<!-- \/ Yoast SEO plugin. -->","yoast_head_json":{"title":"Amaro del Capo brings 'DolceMesa' experience to Allegra restaurant - Tapas","description":"Click here to read the Spanish version. The 'dolce vita' can now be experienced at Allegra, the new trendy Italian restaurant that brings out","robots":{"index":"index","follow":"follow","max-snippet":"max-snippet:-1","max-image-preview":"max-image-preview:large","max-video-preview":"max-video-preview:-1"},"canonical":"https:\/\/www.tapasmagazine.es\/en\/amaro-del-capo-brings-dolce-mesa-experience-to-allegra-restaurant\/","og_locale":"en_US","og_type":"article","og_title":"Amaro del Capo brings 'DolceMesa' experience to Allegra restaurant - Tapas","og_description":"Click here to read the Spanish version. The 'dolce vita' can now be experienced at Allegra, the new trendy Italian restaurant that brings out","og_url":"https:\/\/www.tapasmagazine.es\/en\/amaro-del-capo-brings-dolce-mesa-experience-to-allegra-restaurant\/","og_site_name":"Tapas","article_publisher":"https:\/\/www.facebook.com\/tapasmagazine","article_published_time":"2024-06-12T09:16:07+00:00","article_modified_time":"2024-06-12T09:19:33+00:00","og_image":[{"width":1200,"height":675,"url":"https:\/\/www.tapasmagazine.es\/wp-content\/uploads\/2024\/06\/amaro-del-capo-allegra-1.jpg","type":"image\/jpeg"}],"author":"Laura P\u00e9rez","twitter_card":"summary_large_image","twitter_creator":"@TapasMagazine","twitter_site":"@TapasMagazine","twitter_misc":{"Written by":"Laura P\u00e9rez","Est. reading time":"2 minutes"},"schema":{"@context":"https:\/\/schema.org","@graph":[{"@type":"Article","@id":"https:\/\/www.tapasmagazine.es\/en\/amaro-del-capo-brings-dolce-mesa-experience-to-allegra-restaurant\/#article","isPartOf":{"@id":"https:\/\/www.tapasmagazine.es\/en\/amaro-del-capo-brings-dolce-mesa-experience-to-allegra-restaurant\/"},"author":{"name":"Laura P\u00e9rez","@id":"https:\/\/www.tapasmagazine.es\/#\/schema\/person\/eb46cbe76a9c8f062660eb609e3ecb4e"},"headline":"Amaro del Capo brings &#8216;DolceMesa&#8217; experience to Allegra restaurant","datePublished":"2024-06-12T09:16:07+00:00","dateModified":"2024-06-12T09:19:33+00:00","mainEntityOfPage":{"@id":"https:\/\/www.tapasmagazine.es\/en\/amaro-del-capo-brings-dolce-mesa-experience-to-allegra-restaurant\/"},"wordCount":271,"publisher":{"@id":"https:\/\/www.tapasmagazine.es\/#organization"},"image":{"@id":"https:\/\/www.tapasmagazine.es\/en\/amaro-del-capo-brings-dolce-mesa-experience-to-allegra-restaurant\/#primaryimage"},"thumbnailUrl":"https:\/\/www.tapasmagazine.es\/wp-content\/uploads\/2024\/06\/amaro-del-capo-allegra-1.jpg","keywords":["gastronom\u00eda","licor","restaurants"],"articleSection":["News","Planes","Sin categorizar"],"inLanguage":"en-US"},{"@type":"WebPage","@id":"https:\/\/www.tapasmagazine.es\/en\/amaro-del-capo-brings-dolce-mesa-experience-to-allegra-restaurant\/","url":"https:\/\/www.tapasmagazine.es\/en\/amaro-del-capo-brings-dolce-mesa-experience-to-allegra-restaurant\/","name":"Amaro del Capo brings 'DolceMesa' experience to Allegra restaurant - Tapas","isPartOf":{"@id":"https:\/\/www.tapasmagazine.es\/#website"},"primaryImageOfPage":{"@id":"https:\/\/www.tapasmagazine.es\/en\/amaro-del-capo-brings-dolce-mesa-experience-to-allegra-restaurant\/#primaryimage"},"image":{"@id":"https:\/\/www.tapasmagazine.es\/en\/amaro-del-capo-brings-dolce-mesa-experience-to-allegra-restaurant\/#primaryimage"},"thumbnailUrl":"https:\/\/www.tapasmagazine.es\/wp-content\/uploads\/2024\/06\/amaro-del-capo-allegra-1.jpg","datePublished":"2024-06-12T09:16:07+00:00","dateModified":"2024-06-12T09:19:33+00:00","description":"Click here to read the Spanish version. The 'dolce vita' can now be experienced at Allegra, the new trendy Italian restaurant that brings out","breadcrumb":{"@id":"https:\/\/www.tapasmagazine.es\/en\/amaro-del-capo-brings-dolce-mesa-experience-to-allegra-restaurant\/#breadcrumb"},"inLanguage":"en-US","potentialAction":[{"@type":"ReadAction","target":["https:\/\/www.tapasmagazine.es\/en\/amaro-del-capo-brings-dolce-mesa-experience-to-allegra-restaurant\/"]}]},{"@type":"ImageObject","inLanguage":"en-US","@id":"https:\/\/www.tapasmagazine.es\/en\/amaro-del-capo-brings-dolce-mesa-experience-to-allegra-restaurant\/#primaryimage","url":"https:\/\/www.tapasmagazine.es\/wp-content\/uploads\/2024\/06\/amaro-del-capo-allegra-1.jpg","contentUrl":"https:\/\/www.tapasmagazine.es\/wp-content\/uploads\/2024\/06\/amaro-del-capo-allegra-1.jpg","width":1200,"height":675},{"@type":"BreadcrumbList","@id":"https:\/\/www.tapasmagazine.es\/en\/amaro-del-capo-brings-dolce-mesa-experience-to-allegra-restaurant\/#breadcrumb","itemListElement":[{"@type":"ListItem","position":1,"name":"Portada","item":"https:\/\/www.tapasmagazine.es\/"},{"@type":"ListItem","position":2,"name":"Sin categorizar","item":"https:\/\/www.tapasmagazine.es\/categorias\/sin-categorizar\/"},{"@type":"ListItem","position":3,"name":"Amaro del Capo brings &#8216;DolceMesa&#8217; experience to Allegra restaurant"}]},{"@type":"WebSite","@id":"https:\/\/www.tapasmagazine.es\/#website","url":"https:\/\/www.tapasmagazine.es\/","name":"Tapas","description":"\u00d1am \u00d1am Lifestyle. La vida a bocados. Premio Nacional de Gastronom\u00eda 2016.","publisher":{"@id":"https:\/\/www.tapasmagazine.es\/#organization"},"potentialAction":[{"@type":"SearchAction","target":{"@type":"EntryPoint","urlTemplate":"https:\/\/www.tapasmagazine.es\/?s={search_term_string}"},"query-input":{"@type":"PropertyValueSpecification","valueRequired":true,"valueName":"search_term_string"}}],"inLanguage":"en-US"},{"@type":"Organization","@id":"https:\/\/www.tapasmagazine.es\/#organization","name":"Tapas Magazine","url":"https:\/\/www.tapasmagazine.es\/","logo":{"@type":"ImageObject","inLanguage":"en-US","@id":"https:\/\/www.tapasmagazine.es\/#\/schema\/logo\/image\/","url":"https:\/\/www.tapasmagazine.es\/wp-content\/uploads\/2018\/01\/logo.png","contentUrl":"https:\/\/www.tapasmagazine.es\/wp-content\/uploads\/2018\/01\/logo.png","width":180,"height":60,"caption":"Tapas Magazine"},"image":{"@id":"https:\/\/www.tapasmagazine.es\/#\/schema\/logo\/image\/"},"sameAs":["https:\/\/www.facebook.com\/tapasmagazine","https:\/\/x.com\/TapasMagazine","https:\/\/www.instagram.com\/tapasmagazine\/","https:\/\/www.linkedin.com\/company\/tapas-magazine","https:\/\/es.pinterest.com\/tapasmagazine\/","https:\/\/www.youtube.com\/channel\/UCEyxneAaACuR0lfDagrWjjg?sub_confirmation=1"]},{"@type":"Person","@id":"https:\/\/www.tapasmagazine.es\/#\/schema\/person\/eb46cbe76a9c8f062660eb609e3ecb4e","name":"Laura P\u00e9rez","url":"https:\/\/www.tapasmagazine.es\/en\/author\/laura-perez\/"}]}},"_links":{"self":[{"href":"https:\/\/www.tapasmagazine.es\/en\/wp-json\/wp\/v2\/posts\/253016","targetHints":{"allow":["GET"]}}],"collection":[{"href":"https:\/\/www.tapasmagazine.es\/en\/wp-json\/wp\/v2\/posts"}],"about":[{"href":"https:\/\/www.tapasmagazine.es\/en\/wp-json\/wp\/v2\/types\/post"}],"author":[{"embeddable":true,"href":"https:\/\/www.tapasmagazine.es\/en\/wp-json\/wp\/v2\/users\/285"}],"replies":[{"embeddable":true,"href":"https:\/\/www.tapasmagazine.es\/en\/wp-json\/wp\/v2\/comments?post=253016"}],"version-history":[{"count":1,"href":"https:\/\/www.tapasmagazine.es\/en\/wp-json\/wp\/v2\/posts\/253016\/revisions"}],"predecessor-version":[{"id":253023,"href":"https:\/\/www.tapasmagazine.es\/en\/wp-json\/wp\/v2\/posts\/253016\/revisions\/253023"}],"wp:featuredmedia":[{"embeddable":true,"href":"https:\/\/www.tapasmagazine.es\/en\/wp-json\/wp\/v2\/media\/253003"}],"wp:attachment":[{"href":"https:\/\/www.tapasmagazine.es\/en\/wp-json\/wp\/v2\/media?parent=253016"}],"wp:term":[{"taxonomy":"category","embeddable":true,"href":"https:\/\/www.tapasmagazine.es\/en\/wp-json\/wp\/v2\/categories?post=253016"},{"taxonomy":"post_tag","embeddable":true,"href":"https:\/\/www.tapasmagazine.es\/en\/wp-json\/wp\/v2\/tags?post=253016"}],"curies":[{"name":"wp","href":"https:\/\/api.w.org\/{rel}","templated":true}]}}