{"id":252895,"date":"2024-06-11T15:28:26","date_gmt":"2024-06-11T13:28:26","guid":{"rendered":"https:\/\/www.tapasmagazine.es\/los-restaurantes-de-la-maquina-celebran-las-jornadas-del-atun-rojo-de-almadraba\/"},"modified":"2024-06-11T15:35:43","modified_gmt":"2024-06-11T13:35:43","slug":"la-maquina-restaurants-celebrate-almadraba-bluefin-tuna-festival","status":"publish","type":"post","link":"https:\/\/www.tapasmagazine.es\/en\/la-maquina-restaurants-celebrate-almadraba-bluefin-tuna-festival\/","title":{"rendered":"La M\u00e1quina restaurants celebrate the Almadraba bluefin tuna festival"},"content":{"rendered":"\n<p><strong>Click <a href=\"https:\/\/www.tapasmagazine.es\/los-restaurantes-de-la-maquina-celebran-las-jornadas-del-atun-rojo-de-almadraba\/\" target=\"_blank\" rel=\"noreferrer noopener\">here<\/a> to read the Spanish version.<\/strong><\/p>\n\n\n\n<p>In the middle of the Almadraba <strong>bluefin tuna season<\/strong>, the restaurants of<strong> La M\u00e1quina<\/strong> present a new edition in which the product is praised through its elaborations.<\/p>\n\n\n\n<p>The new wild bluefin tuna days are based on the art of fishing typical of the Cadiz coastline using sustainable and environmentally friendly practices. A philosophy practised by La M\u00e1quina, as a national benchmark in its use of the highest quality raw materials.<\/p>\n\n\n<div class=\"wp-block-image\">\n<figure class=\"aligncenter size-large is-resized\"><img decoding=\"async\" width=\"683\" height=\"1024\" src=\"https:\/\/www.tapasmagazine.es\/wp-content\/uploads\/2024\/06\/la-maquina-atun-rojo-1-683x1024.jpg\" alt=\"\" class=\"wp-image-252889\" style=\"width:949px;height:auto\" srcset=\"https:\/\/www.tapasmagazine.es\/wp-content\/uploads\/2024\/06\/la-maquina-atun-rojo-1-683x1024.jpg 683w, https:\/\/www.tapasmagazine.es\/wp-content\/uploads\/2024\/06\/la-maquina-atun-rojo-1-200x300.jpg 200w, https:\/\/www.tapasmagazine.es\/wp-content\/uploads\/2024\/06\/la-maquina-atun-rojo-1-768x1152.jpg 768w, https:\/\/www.tapasmagazine.es\/wp-content\/uploads\/2024\/06\/la-maquina-atun-rojo-1-1024x1536.jpg 1024w, https:\/\/www.tapasmagazine.es\/wp-content\/uploads\/2024\/06\/la-maquina-atun-rojo-1-1366x2048.jpg 1366w, https:\/\/www.tapasmagazine.es\/wp-content\/uploads\/2024\/06\/la-maquina-atun-rojo-1-1000x1500.jpg 1000w, https:\/\/www.tapasmagazine.es\/wp-content\/uploads\/2024\/06\/la-maquina-atun-rojo-1-400x600.jpg 400w, https:\/\/www.tapasmagazine.es\/wp-content\/uploads\/2024\/06\/la-maquina-atun-rojo-1-scaled.jpg 1707w\" sizes=\"(max-width: 683px) 100vw, 683px\" \/><\/figure>\n<\/div>\n\n\n<p>From 4 June, diners can enjoy in all its restaurants recipes prepared with the best version of this fish caught in the Cadiz coastline by the traps in its best season.<\/p>\n\n\n\n<h2 class=\"wp-block-heading\">An ode to the red gold of the sea<\/h2>\n\n\n\n<p>During this new edition, La M\u00e1quina offers in its culinary spaces exquisite dishes such as the three cuts of wild red tuna Tuna T-bone steak: the loin, the tarantelo and the ventresca; the grilled wild red tuna Tarantelo; the grilled wild red tuna Ventresca; the fried wild red tuna Mormo with caramelised onion; the wild red tuna Tartar; the grilled wild red tuna Morrillo; or the grilled or &#8220;roasted&#8221; wild red tuna Parpatana, among other recipes.<\/p>\n\n\n<div class=\"wp-block-image\">\n<figure class=\"aligncenter size-large is-resized\"><img decoding=\"async\" width=\"1024\" height=\"683\" src=\"https:\/\/www.tapasmagazine.es\/wp-content\/uploads\/2024\/06\/la-maquina-atun-rojo-2-1024x683.jpg\" alt=\"\" class=\"wp-image-252891\" style=\"width:952px;height:auto\" srcset=\"https:\/\/www.tapasmagazine.es\/wp-content\/uploads\/2024\/06\/la-maquina-atun-rojo-2-1024x683.jpg 1024w, https:\/\/www.tapasmagazine.es\/wp-content\/uploads\/2024\/06\/la-maquina-atun-rojo-2-300x200.jpg 300w, https:\/\/www.tapasmagazine.es\/wp-content\/uploads\/2024\/06\/la-maquina-atun-rojo-2-768x512.jpg 768w, https:\/\/www.tapasmagazine.es\/wp-content\/uploads\/2024\/06\/la-maquina-atun-rojo-2-1536x1024.jpg 1536w, https:\/\/www.tapasmagazine.es\/wp-content\/uploads\/2024\/06\/la-maquina-atun-rojo-2-2048x1365.jpg 2048w, https:\/\/www.tapasmagazine.es\/wp-content\/uploads\/2024\/06\/la-maquina-atun-rojo-2-1000x667.jpg 1000w, https:\/\/www.tapasmagazine.es\/wp-content\/uploads\/2024\/06\/la-maquina-atun-rojo-2-400x267.jpg 400w\" sizes=\"(max-width: 1024px) 100vw, 1024px\" \/><\/figure>\n<\/div>\n\n\n<p>The wines chosen to pair this exclusive experience are Mandolas 2021 from Bodegas Oremus and Ali\u00f3n 2020 from Bodegas Vega Sicilia, white and red respectively.<\/p>\n\n\n\n<p>The restaurants participating in the event are: La M\u00e1quina Caleido in Cuatro Torres; El Jard\u00edn de La M\u00e1quina, in Pozuelo; La M\u00e1quina La Moraleja, in Plaza de la Moraleja-Alcobendas; Casa Narcisa, in Paseo de la Castellana 254; Casa Nemesio, in Paseo de la Castellana 260; La Cantina, in Calle Sor \u00c1ngela de la Cruz 22; La M\u00e1quina Chamber\u00ed, in Calle de Ponzano 39; La M\u00e1quina Jorge Juan, in Calle Jorge Juan 12; La Parrilla de La M\u00e1quina, in Calle Jorge Juan 22 and in the Gourmet Spaces of El Corte Ingl\u00e9s Vag\u00f3n de La M\u00e1quina (Goya, Castellana and Gran V\u00eda).<\/p>\n","protected":false},"excerpt":{"rendered":"<p>Click here to read the Spanish version. In the middle of the Almadraba bluefin tuna season, the restaurants of La M\u00e1quina present a new edition in which the product is praised through its elaborations. The new wild bluefin tuna days are based on the art of fishing typical of the Cadiz coastline using sustainable and [&hellip;]<\/p>\n","protected":false},"author":285,"featured_media":252886,"comment_status":"closed","ping_status":"closed","sticky":false,"template":"","format":"standard","meta":{"_acf_changed":false,"footnotes":""},"categories":[15807,15797,1],"tags":[16033,15803],"class_list":["post-252895","post","type-post","status-publish","format-standard","has-post-thumbnail","hentry","category-gastro-en","category-planes-en","category-sin-categorizar","tag-madrid-en","tag-restaurants","cat-15807-id","cat-15797-id","cat-1-id"],"acf":[],"yoast_head":"<!-- This site is optimized with the Yoast SEO plugin v27.5 - https:\/\/yoast.com\/product\/yoast-seo-wordpress\/ -->\n<title>La M\u00e1quina restaurants celebrate bluefin tuna days<\/title>\n<meta name=\"description\" content=\"Click here to read the Spanish version. In the middle of the Almadraba bluefin tuna season, the restaurants of La M\u00e1quina present a new edition in which\" \/>\n<meta name=\"robots\" content=\"index, follow, max-snippet:-1, max-image-preview:large, max-video-preview:-1\" \/>\n<link rel=\"canonical\" href=\"https:\/\/www.tapasmagazine.es\/en\/la-maquina-restaurants-celebrate-almadraba-bluefin-tuna-festival\/\" \/>\n<meta property=\"og:locale\" content=\"en_US\" \/>\n<meta property=\"og:type\" content=\"article\" \/>\n<meta property=\"og:title\" content=\"La M\u00e1quina restaurants celebrate bluefin tuna days\" \/>\n<meta property=\"og:description\" content=\"Click here to read the Spanish version. In the middle of the Almadraba bluefin tuna season, the restaurants of La M\u00e1quina present a new edition in which\" \/>\n<meta property=\"og:url\" content=\"https:\/\/www.tapasmagazine.es\/en\/la-maquina-restaurants-celebrate-almadraba-bluefin-tuna-festival\/\" \/>\n<meta property=\"og:site_name\" content=\"Tapas\" \/>\n<meta property=\"article:publisher\" content=\"https:\/\/www.facebook.com\/tapasmagazine\" \/>\n<meta property=\"article:published_time\" content=\"2024-06-11T13:28:26+00:00\" \/>\n<meta property=\"article:modified_time\" content=\"2024-06-11T13:35:43+00:00\" \/>\n<meta property=\"og:image\" content=\"https:\/\/www.tapasmagazine.es\/wp-content\/uploads\/2024\/06\/la-maquina-atun-rojo.jpg\" \/>\n\t<meta property=\"og:image:width\" content=\"1200\" \/>\n\t<meta property=\"og:image:height\" content=\"675\" \/>\n\t<meta property=\"og:image:type\" content=\"image\/jpeg\" \/>\n<meta name=\"author\" content=\"Laura P\u00e9rez\" \/>\n<meta name=\"twitter:card\" content=\"summary_large_image\" \/>\n<meta name=\"twitter:creator\" content=\"@TapasMagazine\" \/>\n<meta name=\"twitter:site\" content=\"@TapasMagazine\" \/>\n<meta name=\"twitter:label1\" content=\"Written by\" \/>\n\t<meta name=\"twitter:data1\" content=\"Laura P\u00e9rez\" \/>\n\t<meta name=\"twitter:label2\" content=\"Est. reading time\" \/>\n\t<meta name=\"twitter:data2\" content=\"3 minutes\" \/>\n<script type=\"application\/ld+json\" class=\"yoast-schema-graph\">{\"@context\":\"https:\\\/\\\/schema.org\",\"@graph\":[{\"@type\":\"Article\",\"@id\":\"https:\\\/\\\/www.tapasmagazine.es\\\/en\\\/la-maquina-restaurants-celebrate-almadraba-bluefin-tuna-festival\\\/#article\",\"isPartOf\":{\"@id\":\"https:\\\/\\\/www.tapasmagazine.es\\\/en\\\/la-maquina-restaurants-celebrate-almadraba-bluefin-tuna-festival\\\/\"},\"author\":{\"name\":\"Laura P\u00e9rez\",\"@id\":\"https:\\\/\\\/www.tapasmagazine.es\\\/#\\\/schema\\\/person\\\/eb46cbe76a9c8f062660eb609e3ecb4e\"},\"headline\":\"La M\u00e1quina restaurants celebrate the Almadraba bluefin tuna festival\",\"datePublished\":\"2024-06-11T13:28:26+00:00\",\"dateModified\":\"2024-06-11T13:35:43+00:00\",\"mainEntityOfPage\":{\"@id\":\"https:\\\/\\\/www.tapasmagazine.es\\\/en\\\/la-maquina-restaurants-celebrate-almadraba-bluefin-tuna-festival\\\/\"},\"wordCount\":334,\"publisher\":{\"@id\":\"https:\\\/\\\/www.tapasmagazine.es\\\/#organization\"},\"image\":{\"@id\":\"https:\\\/\\\/www.tapasmagazine.es\\\/en\\\/la-maquina-restaurants-celebrate-almadraba-bluefin-tuna-festival\\\/#primaryimage\"},\"thumbnailUrl\":\"https:\\\/\\\/www.tapasmagazine.es\\\/wp-content\\\/uploads\\\/2024\\\/06\\\/la-maquina-atun-rojo.jpg\",\"keywords\":[\"Madrid\",\"restaurants\"],\"articleSection\":[\"Gastro\",\"Planes\",\"Sin categorizar\"],\"inLanguage\":\"en-US\"},{\"@type\":\"WebPage\",\"@id\":\"https:\\\/\\\/www.tapasmagazine.es\\\/en\\\/la-maquina-restaurants-celebrate-almadraba-bluefin-tuna-festival\\\/\",\"url\":\"https:\\\/\\\/www.tapasmagazine.es\\\/en\\\/la-maquina-restaurants-celebrate-almadraba-bluefin-tuna-festival\\\/\",\"name\":\"La M\u00e1quina restaurants celebrate bluefin tuna days\",\"isPartOf\":{\"@id\":\"https:\\\/\\\/www.tapasmagazine.es\\\/#website\"},\"primaryImageOfPage\":{\"@id\":\"https:\\\/\\\/www.tapasmagazine.es\\\/en\\\/la-maquina-restaurants-celebrate-almadraba-bluefin-tuna-festival\\\/#primaryimage\"},\"image\":{\"@id\":\"https:\\\/\\\/www.tapasmagazine.es\\\/en\\\/la-maquina-restaurants-celebrate-almadraba-bluefin-tuna-festival\\\/#primaryimage\"},\"thumbnailUrl\":\"https:\\\/\\\/www.tapasmagazine.es\\\/wp-content\\\/uploads\\\/2024\\\/06\\\/la-maquina-atun-rojo.jpg\",\"datePublished\":\"2024-06-11T13:28:26+00:00\",\"dateModified\":\"2024-06-11T13:35:43+00:00\",\"description\":\"Click here to read the Spanish version. In the middle of the Almadraba bluefin tuna season, the restaurants of La M\u00e1quina present a new edition in which\",\"breadcrumb\":{\"@id\":\"https:\\\/\\\/www.tapasmagazine.es\\\/en\\\/la-maquina-restaurants-celebrate-almadraba-bluefin-tuna-festival\\\/#breadcrumb\"},\"inLanguage\":\"en-US\",\"potentialAction\":[{\"@type\":\"ReadAction\",\"target\":[\"https:\\\/\\\/www.tapasmagazine.es\\\/en\\\/la-maquina-restaurants-celebrate-almadraba-bluefin-tuna-festival\\\/\"]}]},{\"@type\":\"ImageObject\",\"inLanguage\":\"en-US\",\"@id\":\"https:\\\/\\\/www.tapasmagazine.es\\\/en\\\/la-maquina-restaurants-celebrate-almadraba-bluefin-tuna-festival\\\/#primaryimage\",\"url\":\"https:\\\/\\\/www.tapasmagazine.es\\\/wp-content\\\/uploads\\\/2024\\\/06\\\/la-maquina-atun-rojo.jpg\",\"contentUrl\":\"https:\\\/\\\/www.tapasmagazine.es\\\/wp-content\\\/uploads\\\/2024\\\/06\\\/la-maquina-atun-rojo.jpg\",\"width\":1200,\"height\":675},{\"@type\":\"BreadcrumbList\",\"@id\":\"https:\\\/\\\/www.tapasmagazine.es\\\/en\\\/la-maquina-restaurants-celebrate-almadraba-bluefin-tuna-festival\\\/#breadcrumb\",\"itemListElement\":[{\"@type\":\"ListItem\",\"position\":1,\"name\":\"Portada\",\"item\":\"https:\\\/\\\/www.tapasmagazine.es\\\/\"},{\"@type\":\"ListItem\",\"position\":2,\"name\":\"Sin categorizar\",\"item\":\"https:\\\/\\\/www.tapasmagazine.es\\\/categorias\\\/sin-categorizar\\\/\"},{\"@type\":\"ListItem\",\"position\":3,\"name\":\"La M\u00e1quina restaurants celebrate the Almadraba bluefin tuna festival\"}]},{\"@type\":\"WebSite\",\"@id\":\"https:\\\/\\\/www.tapasmagazine.es\\\/#website\",\"url\":\"https:\\\/\\\/www.tapasmagazine.es\\\/\",\"name\":\"Tapas\",\"description\":\"\u00d1am \u00d1am Lifestyle. La vida a bocados. Premio Nacional de Gastronom\u00eda 2016.\",\"publisher\":{\"@id\":\"https:\\\/\\\/www.tapasmagazine.es\\\/#organization\"},\"potentialAction\":[{\"@type\":\"SearchAction\",\"target\":{\"@type\":\"EntryPoint\",\"urlTemplate\":\"https:\\\/\\\/www.tapasmagazine.es\\\/?s={search_term_string}\"},\"query-input\":{\"@type\":\"PropertyValueSpecification\",\"valueRequired\":true,\"valueName\":\"search_term_string\"}}],\"inLanguage\":\"en-US\"},{\"@type\":\"Organization\",\"@id\":\"https:\\\/\\\/www.tapasmagazine.es\\\/#organization\",\"name\":\"Tapas Magazine\",\"url\":\"https:\\\/\\\/www.tapasmagazine.es\\\/\",\"logo\":{\"@type\":\"ImageObject\",\"inLanguage\":\"en-US\",\"@id\":\"https:\\\/\\\/www.tapasmagazine.es\\\/#\\\/schema\\\/logo\\\/image\\\/\",\"url\":\"https:\\\/\\\/www.tapasmagazine.es\\\/wp-content\\\/uploads\\\/2018\\\/01\\\/logo.png\",\"contentUrl\":\"https:\\\/\\\/www.tapasmagazine.es\\\/wp-content\\\/uploads\\\/2018\\\/01\\\/logo.png\",\"width\":180,\"height\":60,\"caption\":\"Tapas Magazine\"},\"image\":{\"@id\":\"https:\\\/\\\/www.tapasmagazine.es\\\/#\\\/schema\\\/logo\\\/image\\\/\"},\"sameAs\":[\"https:\\\/\\\/www.facebook.com\\\/tapasmagazine\",\"https:\\\/\\\/x.com\\\/TapasMagazine\",\"https:\\\/\\\/www.instagram.com\\\/tapasmagazine\\\/\",\"https:\\\/\\\/www.linkedin.com\\\/company\\\/tapas-magazine\",\"https:\\\/\\\/es.pinterest.com\\\/tapasmagazine\\\/\",\"https:\\\/\\\/www.youtube.com\\\/channel\\\/UCEyxneAaACuR0lfDagrWjjg?sub_confirmation=1\"]},{\"@type\":\"Person\",\"@id\":\"https:\\\/\\\/www.tapasmagazine.es\\\/#\\\/schema\\\/person\\\/eb46cbe76a9c8f062660eb609e3ecb4e\",\"name\":\"Laura P\u00e9rez\",\"url\":\"https:\\\/\\\/www.tapasmagazine.es\\\/en\\\/author\\\/laura-perez\\\/\"}]}<\/script>\n<!-- \/ Yoast SEO plugin. -->","yoast_head_json":{"title":"La M\u00e1quina restaurants celebrate bluefin tuna days","description":"Click here to read the Spanish version. In the middle of the Almadraba bluefin tuna season, the restaurants of La M\u00e1quina present a new edition in which","robots":{"index":"index","follow":"follow","max-snippet":"max-snippet:-1","max-image-preview":"max-image-preview:large","max-video-preview":"max-video-preview:-1"},"canonical":"https:\/\/www.tapasmagazine.es\/en\/la-maquina-restaurants-celebrate-almadraba-bluefin-tuna-festival\/","og_locale":"en_US","og_type":"article","og_title":"La M\u00e1quina restaurants celebrate bluefin tuna days","og_description":"Click here to read the Spanish version. In the middle of the Almadraba bluefin tuna season, the restaurants of La M\u00e1quina present a new edition in which","og_url":"https:\/\/www.tapasmagazine.es\/en\/la-maquina-restaurants-celebrate-almadraba-bluefin-tuna-festival\/","og_site_name":"Tapas","article_publisher":"https:\/\/www.facebook.com\/tapasmagazine","article_published_time":"2024-06-11T13:28:26+00:00","article_modified_time":"2024-06-11T13:35:43+00:00","og_image":[{"width":1200,"height":675,"url":"https:\/\/www.tapasmagazine.es\/wp-content\/uploads\/2024\/06\/la-maquina-atun-rojo.jpg","type":"image\/jpeg"}],"author":"Laura P\u00e9rez","twitter_card":"summary_large_image","twitter_creator":"@TapasMagazine","twitter_site":"@TapasMagazine","twitter_misc":{"Written by":"Laura P\u00e9rez","Est. reading time":"3 minutes"},"schema":{"@context":"https:\/\/schema.org","@graph":[{"@type":"Article","@id":"https:\/\/www.tapasmagazine.es\/en\/la-maquina-restaurants-celebrate-almadraba-bluefin-tuna-festival\/#article","isPartOf":{"@id":"https:\/\/www.tapasmagazine.es\/en\/la-maquina-restaurants-celebrate-almadraba-bluefin-tuna-festival\/"},"author":{"name":"Laura P\u00e9rez","@id":"https:\/\/www.tapasmagazine.es\/#\/schema\/person\/eb46cbe76a9c8f062660eb609e3ecb4e"},"headline":"La M\u00e1quina restaurants celebrate the Almadraba bluefin tuna festival","datePublished":"2024-06-11T13:28:26+00:00","dateModified":"2024-06-11T13:35:43+00:00","mainEntityOfPage":{"@id":"https:\/\/www.tapasmagazine.es\/en\/la-maquina-restaurants-celebrate-almadraba-bluefin-tuna-festival\/"},"wordCount":334,"publisher":{"@id":"https:\/\/www.tapasmagazine.es\/#organization"},"image":{"@id":"https:\/\/www.tapasmagazine.es\/en\/la-maquina-restaurants-celebrate-almadraba-bluefin-tuna-festival\/#primaryimage"},"thumbnailUrl":"https:\/\/www.tapasmagazine.es\/wp-content\/uploads\/2024\/06\/la-maquina-atun-rojo.jpg","keywords":["Madrid","restaurants"],"articleSection":["Gastro","Planes","Sin categorizar"],"inLanguage":"en-US"},{"@type":"WebPage","@id":"https:\/\/www.tapasmagazine.es\/en\/la-maquina-restaurants-celebrate-almadraba-bluefin-tuna-festival\/","url":"https:\/\/www.tapasmagazine.es\/en\/la-maquina-restaurants-celebrate-almadraba-bluefin-tuna-festival\/","name":"La M\u00e1quina restaurants celebrate bluefin tuna days","isPartOf":{"@id":"https:\/\/www.tapasmagazine.es\/#website"},"primaryImageOfPage":{"@id":"https:\/\/www.tapasmagazine.es\/en\/la-maquina-restaurants-celebrate-almadraba-bluefin-tuna-festival\/#primaryimage"},"image":{"@id":"https:\/\/www.tapasmagazine.es\/en\/la-maquina-restaurants-celebrate-almadraba-bluefin-tuna-festival\/#primaryimage"},"thumbnailUrl":"https:\/\/www.tapasmagazine.es\/wp-content\/uploads\/2024\/06\/la-maquina-atun-rojo.jpg","datePublished":"2024-06-11T13:28:26+00:00","dateModified":"2024-06-11T13:35:43+00:00","description":"Click here to read the Spanish version. In the middle of the Almadraba bluefin tuna season, the restaurants of La M\u00e1quina present a new edition in which","breadcrumb":{"@id":"https:\/\/www.tapasmagazine.es\/en\/la-maquina-restaurants-celebrate-almadraba-bluefin-tuna-festival\/#breadcrumb"},"inLanguage":"en-US","potentialAction":[{"@type":"ReadAction","target":["https:\/\/www.tapasmagazine.es\/en\/la-maquina-restaurants-celebrate-almadraba-bluefin-tuna-festival\/"]}]},{"@type":"ImageObject","inLanguage":"en-US","@id":"https:\/\/www.tapasmagazine.es\/en\/la-maquina-restaurants-celebrate-almadraba-bluefin-tuna-festival\/#primaryimage","url":"https:\/\/www.tapasmagazine.es\/wp-content\/uploads\/2024\/06\/la-maquina-atun-rojo.jpg","contentUrl":"https:\/\/www.tapasmagazine.es\/wp-content\/uploads\/2024\/06\/la-maquina-atun-rojo.jpg","width":1200,"height":675},{"@type":"BreadcrumbList","@id":"https:\/\/www.tapasmagazine.es\/en\/la-maquina-restaurants-celebrate-almadraba-bluefin-tuna-festival\/#breadcrumb","itemListElement":[{"@type":"ListItem","position":1,"name":"Portada","item":"https:\/\/www.tapasmagazine.es\/"},{"@type":"ListItem","position":2,"name":"Sin categorizar","item":"https:\/\/www.tapasmagazine.es\/categorias\/sin-categorizar\/"},{"@type":"ListItem","position":3,"name":"La M\u00e1quina restaurants celebrate the Almadraba bluefin tuna festival"}]},{"@type":"WebSite","@id":"https:\/\/www.tapasmagazine.es\/#website","url":"https:\/\/www.tapasmagazine.es\/","name":"Tapas","description":"\u00d1am \u00d1am Lifestyle. La vida a bocados. Premio Nacional de Gastronom\u00eda 2016.","publisher":{"@id":"https:\/\/www.tapasmagazine.es\/#organization"},"potentialAction":[{"@type":"SearchAction","target":{"@type":"EntryPoint","urlTemplate":"https:\/\/www.tapasmagazine.es\/?s={search_term_string}"},"query-input":{"@type":"PropertyValueSpecification","valueRequired":true,"valueName":"search_term_string"}}],"inLanguage":"en-US"},{"@type":"Organization","@id":"https:\/\/www.tapasmagazine.es\/#organization","name":"Tapas Magazine","url":"https:\/\/www.tapasmagazine.es\/","logo":{"@type":"ImageObject","inLanguage":"en-US","@id":"https:\/\/www.tapasmagazine.es\/#\/schema\/logo\/image\/","url":"https:\/\/www.tapasmagazine.es\/wp-content\/uploads\/2018\/01\/logo.png","contentUrl":"https:\/\/www.tapasmagazine.es\/wp-content\/uploads\/2018\/01\/logo.png","width":180,"height":60,"caption":"Tapas Magazine"},"image":{"@id":"https:\/\/www.tapasmagazine.es\/#\/schema\/logo\/image\/"},"sameAs":["https:\/\/www.facebook.com\/tapasmagazine","https:\/\/x.com\/TapasMagazine","https:\/\/www.instagram.com\/tapasmagazine\/","https:\/\/www.linkedin.com\/company\/tapas-magazine","https:\/\/es.pinterest.com\/tapasmagazine\/","https:\/\/www.youtube.com\/channel\/UCEyxneAaACuR0lfDagrWjjg?sub_confirmation=1"]},{"@type":"Person","@id":"https:\/\/www.tapasmagazine.es\/#\/schema\/person\/eb46cbe76a9c8f062660eb609e3ecb4e","name":"Laura P\u00e9rez","url":"https:\/\/www.tapasmagazine.es\/en\/author\/laura-perez\/"}]}},"_links":{"self":[{"href":"https:\/\/www.tapasmagazine.es\/en\/wp-json\/wp\/v2\/posts\/252895","targetHints":{"allow":["GET"]}}],"collection":[{"href":"https:\/\/www.tapasmagazine.es\/en\/wp-json\/wp\/v2\/posts"}],"about":[{"href":"https:\/\/www.tapasmagazine.es\/en\/wp-json\/wp\/v2\/types\/post"}],"author":[{"embeddable":true,"href":"https:\/\/www.tapasmagazine.es\/en\/wp-json\/wp\/v2\/users\/285"}],"replies":[{"embeddable":true,"href":"https:\/\/www.tapasmagazine.es\/en\/wp-json\/wp\/v2\/comments?post=252895"}],"version-history":[{"count":1,"href":"https:\/\/www.tapasmagazine.es\/en\/wp-json\/wp\/v2\/posts\/252895\/revisions"}],"predecessor-version":[{"id":252902,"href":"https:\/\/www.tapasmagazine.es\/en\/wp-json\/wp\/v2\/posts\/252895\/revisions\/252902"}],"wp:featuredmedia":[{"embeddable":true,"href":"https:\/\/www.tapasmagazine.es\/en\/wp-json\/wp\/v2\/media\/252886"}],"wp:attachment":[{"href":"https:\/\/www.tapasmagazine.es\/en\/wp-json\/wp\/v2\/media?parent=252895"}],"wp:term":[{"taxonomy":"category","embeddable":true,"href":"https:\/\/www.tapasmagazine.es\/en\/wp-json\/wp\/v2\/categories?post=252895"},{"taxonomy":"post_tag","embeddable":true,"href":"https:\/\/www.tapasmagazine.es\/en\/wp-json\/wp\/v2\/tags?post=252895"}],"curies":[{"name":"wp","href":"https:\/\/api.w.org\/{rel}","templated":true}]}}