{"id":251794,"date":"2024-06-04T13:31:05","date_gmt":"2024-06-04T11:31:05","guid":{"rendered":"https:\/\/www.tapasmagazine.es\/sofia-vergara-crea-su-propia-linea-de-cafe-colombiano\/"},"modified":"2024-06-04T13:33:49","modified_gmt":"2024-06-04T11:33:49","slug":"sofia-vergara-creates-her-own-colombian-coffee-line","status":"publish","type":"post","link":"https:\/\/www.tapasmagazine.es\/en\/sofia-vergara-creates-her-own-colombian-coffee-line\/","title":{"rendered":"Sofia Vergara creates her own Colombian coffee line"},"content":{"rendered":"\n<p><strong>Click <a href=\"https:\/\/www.tapasmagazine.es\/sofia-vergara-crea-su-propia-linea-de-cafe-colombiano\/\" target=\"_blank\" rel=\"noreferrer noopener\">here<\/a> to read the Spanish version.<\/strong><\/p>\n\n\n\n<p>The actress has just launched her brand <strong>D\u00cdOS MIO! COFFEE<\/strong> brand, with which she is reinventing the coffee sector based on a fair trade philosophy. The name of the line itself is inspired by the popular Latin expression that, according to Vergara, &#8216;Latinos use when they discover the perfect taste and flavour&#8217;.<\/p>\n\n\n\n<p><strong>Sofia<\/strong>, as a great coffee connoisseur, has developed three different roasts that have been blended by a cast of women coffee growers to whom she also pays tribute with this range, as well as to her own origins. It highlights the women coffee growers of Colombia who work tirelessly and meticulously at what they do,&#8217; she acknowledges.<\/p>\n\n\n\n<figure class=\"wp-block-image size-large\"><img decoding=\"async\" width=\"1024\" height=\"683\" src=\"https:\/\/www.tapasmagazine.es\/wp-content\/uploads\/2024\/06\/sofia-vergara-cafe-2-1024x683.webp\" alt=\"\" class=\"wp-image-251787\" srcset=\"https:\/\/www.tapasmagazine.es\/wp-content\/uploads\/2024\/06\/sofia-vergara-cafe-2-1024x683.webp 1024w, https:\/\/www.tapasmagazine.es\/wp-content\/uploads\/2024\/06\/sofia-vergara-cafe-2-300x200.webp 300w, https:\/\/www.tapasmagazine.es\/wp-content\/uploads\/2024\/06\/sofia-vergara-cafe-2-768x512.webp 768w, https:\/\/www.tapasmagazine.es\/wp-content\/uploads\/2024\/06\/sofia-vergara-cafe-2-1000x667.webp 1000w, https:\/\/www.tapasmagazine.es\/wp-content\/uploads\/2024\/06\/sofia-vergara-cafe-2-400x267.webp 400w, https:\/\/www.tapasmagazine.es\/wp-content\/uploads\/2024\/06\/sofia-vergara-cafe-2.webp 1500w\" sizes=\"(max-width: 1024px) 100vw, 1024px\" \/><\/figure>\n\n\n\n<p>The creation of this exhilarating expression, the star tells PEOPLE, came from her personal need to drink quality coffee in Los Angeles, where she has long experience in its tradition and consumption. She worked closely with the National Federation of Colombian Coffee Growers to ensure that the products were made with authentic Colombian beans.<\/p>\n\n\n\n<h2 class=\"wp-block-heading\">Three mixtures<\/h2>\n\n\n\n<p><strong>Vergara<\/strong>&#8216;s <strong>collection <\/strong>features three types of coffee blend each intended to honour different &#8216;qualities and characteristics of Colombian women&#8217;, according to a statement.<\/p>\n\n\n\n<p>On the one hand, &#8216;<strong>Dulzura<\/strong>&#8216; is the light roast that takes its cue from a grandmother&#8217;s embrace to dilute a smooth, fruity cup with a touch of acidity; while the medium roast is called &#8216;Balance&#8217; and contains flavour notes of nuts, white chocolate and brown sugar. This one is inspired by women who &#8216;balance work, family and passion for coffee&#8217;.<\/p>\n\n\n\n<p>Completing the range is the &#8216;<strong>Strength<\/strong>&#8216; coffee: the darkest roast that pays homage to the powerful &#8216;Colombian women of coffee growing&#8217; through its cocoa and smoky flavour, which, like the other roasts, is now available in whole beans, ground beans, K-Cups and Nespresso capsules on its D\u00edos M\u00edo! website.<\/p>\n","protected":false},"excerpt":{"rendered":"<p>Click here to read the Spanish version. The actress has just launched her brand D\u00cdOS MIO! COFFEE brand, with which she is reinventing the coffee sector based on a fair trade philosophy. The name of the line itself is inspired by the popular Latin expression that, according to Vergara, &#8216;Latinos use when they discover the [&hellip;]<\/p>\n","protected":false},"author":285,"featured_media":251785,"comment_status":"closed","ping_status":"closed","sticky":false,"template":"","format":"standard","meta":{"_acf_changed":false,"footnotes":""},"categories":[15851,15910],"tags":[16537],"class_list":["post-251794","post","type-post","status-publish","format-standard","has-post-thumbnail","hentry","category-nombres-propios-en","category-personajes-en","tag-cafe-en","cat-15851-id","cat-15910-id"],"acf":[],"yoast_head":"<!-- This site is optimized with the Yoast SEO plugin v27.5 - https:\/\/yoast.com\/product\/yoast-seo-wordpress\/ -->\n<title>Sofia Vergara creates her own Colombian coffee line - Tapas<\/title>\n<meta name=\"description\" content=\"Click here to read the Spanish version. The actress has just launched her brand D\u00cdOS MIO! COFFEE brand, with which she is reinventing the coffee sector\" \/>\n<meta name=\"robots\" content=\"index, follow, max-snippet:-1, max-image-preview:large, max-video-preview:-1\" \/>\n<link rel=\"canonical\" href=\"https:\/\/www.tapasmagazine.es\/en\/sofia-vergara-creates-her-own-colombian-coffee-line\/\" \/>\n<meta property=\"og:locale\" content=\"en_US\" \/>\n<meta property=\"og:type\" content=\"article\" \/>\n<meta property=\"og:title\" content=\"Sofia Vergara creates her own Colombian coffee line - Tapas\" \/>\n<meta property=\"og:description\" content=\"Click here to read the Spanish version. The actress has just launched her brand D\u00cdOS MIO! COFFEE brand, with which she is reinventing the coffee sector\" \/>\n<meta property=\"og:url\" content=\"https:\/\/www.tapasmagazine.es\/en\/sofia-vergara-creates-her-own-colombian-coffee-line\/\" \/>\n<meta property=\"og:site_name\" content=\"Tapas\" \/>\n<meta property=\"article:publisher\" content=\"https:\/\/www.facebook.com\/tapasmagazine\" \/>\n<meta property=\"article:published_time\" content=\"2024-06-04T11:31:05+00:00\" \/>\n<meta property=\"article:modified_time\" content=\"2024-06-04T11:33:49+00:00\" \/>\n<meta property=\"og:image\" content=\"https:\/\/www.tapasmagazine.es\/wp-content\/uploads\/2024\/06\/sofia-vergara-cafe-1.jpg\" \/>\n\t<meta property=\"og:image:width\" content=\"1200\" \/>\n\t<meta property=\"og:image:height\" content=\"675\" \/>\n\t<meta property=\"og:image:type\" content=\"image\/jpeg\" \/>\n<meta name=\"author\" content=\"Laura P\u00e9rez\" \/>\n<meta name=\"twitter:card\" content=\"summary_large_image\" \/>\n<meta name=\"twitter:creator\" content=\"@TapasMagazine\" \/>\n<meta name=\"twitter:site\" content=\"@TapasMagazine\" \/>\n<meta name=\"twitter:label1\" content=\"Written by\" \/>\n\t<meta name=\"twitter:data1\" content=\"Laura P\u00e9rez\" \/>\n\t<meta name=\"twitter:label2\" content=\"Est. reading time\" \/>\n\t<meta name=\"twitter:data2\" content=\"2 minutes\" \/>\n<script type=\"application\/ld+json\" class=\"yoast-schema-graph\">{\"@context\":\"https:\\\/\\\/schema.org\",\"@graph\":[{\"@type\":\"Article\",\"@id\":\"https:\\\/\\\/www.tapasmagazine.es\\\/en\\\/sofia-vergara-creates-her-own-colombian-coffee-line\\\/#article\",\"isPartOf\":{\"@id\":\"https:\\\/\\\/www.tapasmagazine.es\\\/en\\\/sofia-vergara-creates-her-own-colombian-coffee-line\\\/\"},\"author\":{\"name\":\"Laura P\u00e9rez\",\"@id\":\"https:\\\/\\\/www.tapasmagazine.es\\\/#\\\/schema\\\/person\\\/eb46cbe76a9c8f062660eb609e3ecb4e\"},\"headline\":\"Sofia Vergara creates her own Colombian coffee line\",\"datePublished\":\"2024-06-04T11:31:05+00:00\",\"dateModified\":\"2024-06-04T11:33:49+00:00\",\"mainEntityOfPage\":{\"@id\":\"https:\\\/\\\/www.tapasmagazine.es\\\/en\\\/sofia-vergara-creates-her-own-colombian-coffee-line\\\/\"},\"wordCount\":317,\"publisher\":{\"@id\":\"https:\\\/\\\/www.tapasmagazine.es\\\/#organization\"},\"image\":{\"@id\":\"https:\\\/\\\/www.tapasmagazine.es\\\/en\\\/sofia-vergara-creates-her-own-colombian-coffee-line\\\/#primaryimage\"},\"thumbnailUrl\":\"https:\\\/\\\/www.tapasmagazine.es\\\/wp-content\\\/uploads\\\/2024\\\/06\\\/sofia-vergara-cafe-1.jpg\",\"keywords\":[\"caf\u00e9\"],\"articleSection\":[\"Nombres propios\",\"Personajes\"],\"inLanguage\":\"en-US\"},{\"@type\":\"WebPage\",\"@id\":\"https:\\\/\\\/www.tapasmagazine.es\\\/en\\\/sofia-vergara-creates-her-own-colombian-coffee-line\\\/\",\"url\":\"https:\\\/\\\/www.tapasmagazine.es\\\/en\\\/sofia-vergara-creates-her-own-colombian-coffee-line\\\/\",\"name\":\"Sofia Vergara creates her own Colombian coffee line - Tapas\",\"isPartOf\":{\"@id\":\"https:\\\/\\\/www.tapasmagazine.es\\\/#website\"},\"primaryImageOfPage\":{\"@id\":\"https:\\\/\\\/www.tapasmagazine.es\\\/en\\\/sofia-vergara-creates-her-own-colombian-coffee-line\\\/#primaryimage\"},\"image\":{\"@id\":\"https:\\\/\\\/www.tapasmagazine.es\\\/en\\\/sofia-vergara-creates-her-own-colombian-coffee-line\\\/#primaryimage\"},\"thumbnailUrl\":\"https:\\\/\\\/www.tapasmagazine.es\\\/wp-content\\\/uploads\\\/2024\\\/06\\\/sofia-vergara-cafe-1.jpg\",\"datePublished\":\"2024-06-04T11:31:05+00:00\",\"dateModified\":\"2024-06-04T11:33:49+00:00\",\"description\":\"Click here to read the Spanish version. The actress has just launched her brand D\u00cdOS MIO! COFFEE brand, with which she is reinventing the coffee sector\",\"breadcrumb\":{\"@id\":\"https:\\\/\\\/www.tapasmagazine.es\\\/en\\\/sofia-vergara-creates-her-own-colombian-coffee-line\\\/#breadcrumb\"},\"inLanguage\":\"en-US\",\"potentialAction\":[{\"@type\":\"ReadAction\",\"target\":[\"https:\\\/\\\/www.tapasmagazine.es\\\/en\\\/sofia-vergara-creates-her-own-colombian-coffee-line\\\/\"]}]},{\"@type\":\"ImageObject\",\"inLanguage\":\"en-US\",\"@id\":\"https:\\\/\\\/www.tapasmagazine.es\\\/en\\\/sofia-vergara-creates-her-own-colombian-coffee-line\\\/#primaryimage\",\"url\":\"https:\\\/\\\/www.tapasmagazine.es\\\/wp-content\\\/uploads\\\/2024\\\/06\\\/sofia-vergara-cafe-1.jpg\",\"contentUrl\":\"https:\\\/\\\/www.tapasmagazine.es\\\/wp-content\\\/uploads\\\/2024\\\/06\\\/sofia-vergara-cafe-1.jpg\",\"width\":1200,\"height\":675},{\"@type\":\"BreadcrumbList\",\"@id\":\"https:\\\/\\\/www.tapasmagazine.es\\\/en\\\/sofia-vergara-creates-her-own-colombian-coffee-line\\\/#breadcrumb\",\"itemListElement\":[{\"@type\":\"ListItem\",\"position\":1,\"name\":\"Portada\",\"item\":\"https:\\\/\\\/www.tapasmagazine.es\\\/\"},{\"@type\":\"ListItem\",\"position\":2,\"name\":\"Nombres propios\",\"item\":\"https:\\\/\\\/www.tapasmagazine.es\\\/en\\\/categorias\\\/nombres-propios-en\\\/\"},{\"@type\":\"ListItem\",\"position\":3,\"name\":\"Sofia Vergara creates her own Colombian coffee line\"}]},{\"@type\":\"WebSite\",\"@id\":\"https:\\\/\\\/www.tapasmagazine.es\\\/#website\",\"url\":\"https:\\\/\\\/www.tapasmagazine.es\\\/\",\"name\":\"Tapas\",\"description\":\"\u00d1am \u00d1am Lifestyle. La vida a bocados. Premio Nacional de Gastronom\u00eda 2016.\",\"publisher\":{\"@id\":\"https:\\\/\\\/www.tapasmagazine.es\\\/#organization\"},\"potentialAction\":[{\"@type\":\"SearchAction\",\"target\":{\"@type\":\"EntryPoint\",\"urlTemplate\":\"https:\\\/\\\/www.tapasmagazine.es\\\/?s={search_term_string}\"},\"query-input\":{\"@type\":\"PropertyValueSpecification\",\"valueRequired\":true,\"valueName\":\"search_term_string\"}}],\"inLanguage\":\"en-US\"},{\"@type\":\"Organization\",\"@id\":\"https:\\\/\\\/www.tapasmagazine.es\\\/#organization\",\"name\":\"Tapas Magazine\",\"url\":\"https:\\\/\\\/www.tapasmagazine.es\\\/\",\"logo\":{\"@type\":\"ImageObject\",\"inLanguage\":\"en-US\",\"@id\":\"https:\\\/\\\/www.tapasmagazine.es\\\/#\\\/schema\\\/logo\\\/image\\\/\",\"url\":\"https:\\\/\\\/www.tapasmagazine.es\\\/wp-content\\\/uploads\\\/2018\\\/01\\\/logo.png\",\"contentUrl\":\"https:\\\/\\\/www.tapasmagazine.es\\\/wp-content\\\/uploads\\\/2018\\\/01\\\/logo.png\",\"width\":180,\"height\":60,\"caption\":\"Tapas Magazine\"},\"image\":{\"@id\":\"https:\\\/\\\/www.tapasmagazine.es\\\/#\\\/schema\\\/logo\\\/image\\\/\"},\"sameAs\":[\"https:\\\/\\\/www.facebook.com\\\/tapasmagazine\",\"https:\\\/\\\/x.com\\\/TapasMagazine\",\"https:\\\/\\\/www.instagram.com\\\/tapasmagazine\\\/\",\"https:\\\/\\\/www.linkedin.com\\\/company\\\/tapas-magazine\",\"https:\\\/\\\/es.pinterest.com\\\/tapasmagazine\\\/\",\"https:\\\/\\\/www.youtube.com\\\/channel\\\/UCEyxneAaACuR0lfDagrWjjg?sub_confirmation=1\"]},{\"@type\":\"Person\",\"@id\":\"https:\\\/\\\/www.tapasmagazine.es\\\/#\\\/schema\\\/person\\\/eb46cbe76a9c8f062660eb609e3ecb4e\",\"name\":\"Laura P\u00e9rez\",\"url\":\"https:\\\/\\\/www.tapasmagazine.es\\\/en\\\/author\\\/laura-perez\\\/\"}]}<\/script>\n<!-- \/ Yoast SEO plugin. -->","yoast_head_json":{"title":"Sofia Vergara creates her own Colombian coffee line - Tapas","description":"Click here to read the Spanish version. The actress has just launched her brand D\u00cdOS MIO! COFFEE brand, with which she is reinventing the coffee sector","robots":{"index":"index","follow":"follow","max-snippet":"max-snippet:-1","max-image-preview":"max-image-preview:large","max-video-preview":"max-video-preview:-1"},"canonical":"https:\/\/www.tapasmagazine.es\/en\/sofia-vergara-creates-her-own-colombian-coffee-line\/","og_locale":"en_US","og_type":"article","og_title":"Sofia Vergara creates her own Colombian coffee line - Tapas","og_description":"Click here to read the Spanish version. The actress has just launched her brand D\u00cdOS MIO! COFFEE brand, with which she is reinventing the coffee sector","og_url":"https:\/\/www.tapasmagazine.es\/en\/sofia-vergara-creates-her-own-colombian-coffee-line\/","og_site_name":"Tapas","article_publisher":"https:\/\/www.facebook.com\/tapasmagazine","article_published_time":"2024-06-04T11:31:05+00:00","article_modified_time":"2024-06-04T11:33:49+00:00","og_image":[{"width":1200,"height":675,"url":"https:\/\/www.tapasmagazine.es\/wp-content\/uploads\/2024\/06\/sofia-vergara-cafe-1.jpg","type":"image\/jpeg"}],"author":"Laura P\u00e9rez","twitter_card":"summary_large_image","twitter_creator":"@TapasMagazine","twitter_site":"@TapasMagazine","twitter_misc":{"Written by":"Laura P\u00e9rez","Est. reading time":"2 minutes"},"schema":{"@context":"https:\/\/schema.org","@graph":[{"@type":"Article","@id":"https:\/\/www.tapasmagazine.es\/en\/sofia-vergara-creates-her-own-colombian-coffee-line\/#article","isPartOf":{"@id":"https:\/\/www.tapasmagazine.es\/en\/sofia-vergara-creates-her-own-colombian-coffee-line\/"},"author":{"name":"Laura P\u00e9rez","@id":"https:\/\/www.tapasmagazine.es\/#\/schema\/person\/eb46cbe76a9c8f062660eb609e3ecb4e"},"headline":"Sofia Vergara creates her own Colombian coffee line","datePublished":"2024-06-04T11:31:05+00:00","dateModified":"2024-06-04T11:33:49+00:00","mainEntityOfPage":{"@id":"https:\/\/www.tapasmagazine.es\/en\/sofia-vergara-creates-her-own-colombian-coffee-line\/"},"wordCount":317,"publisher":{"@id":"https:\/\/www.tapasmagazine.es\/#organization"},"image":{"@id":"https:\/\/www.tapasmagazine.es\/en\/sofia-vergara-creates-her-own-colombian-coffee-line\/#primaryimage"},"thumbnailUrl":"https:\/\/www.tapasmagazine.es\/wp-content\/uploads\/2024\/06\/sofia-vergara-cafe-1.jpg","keywords":["caf\u00e9"],"articleSection":["Nombres propios","Personajes"],"inLanguage":"en-US"},{"@type":"WebPage","@id":"https:\/\/www.tapasmagazine.es\/en\/sofia-vergara-creates-her-own-colombian-coffee-line\/","url":"https:\/\/www.tapasmagazine.es\/en\/sofia-vergara-creates-her-own-colombian-coffee-line\/","name":"Sofia Vergara creates her own Colombian coffee line - Tapas","isPartOf":{"@id":"https:\/\/www.tapasmagazine.es\/#website"},"primaryImageOfPage":{"@id":"https:\/\/www.tapasmagazine.es\/en\/sofia-vergara-creates-her-own-colombian-coffee-line\/#primaryimage"},"image":{"@id":"https:\/\/www.tapasmagazine.es\/en\/sofia-vergara-creates-her-own-colombian-coffee-line\/#primaryimage"},"thumbnailUrl":"https:\/\/www.tapasmagazine.es\/wp-content\/uploads\/2024\/06\/sofia-vergara-cafe-1.jpg","datePublished":"2024-06-04T11:31:05+00:00","dateModified":"2024-06-04T11:33:49+00:00","description":"Click here to read the Spanish version. The actress has just launched her brand D\u00cdOS MIO! COFFEE brand, with which she is reinventing the coffee sector","breadcrumb":{"@id":"https:\/\/www.tapasmagazine.es\/en\/sofia-vergara-creates-her-own-colombian-coffee-line\/#breadcrumb"},"inLanguage":"en-US","potentialAction":[{"@type":"ReadAction","target":["https:\/\/www.tapasmagazine.es\/en\/sofia-vergara-creates-her-own-colombian-coffee-line\/"]}]},{"@type":"ImageObject","inLanguage":"en-US","@id":"https:\/\/www.tapasmagazine.es\/en\/sofia-vergara-creates-her-own-colombian-coffee-line\/#primaryimage","url":"https:\/\/www.tapasmagazine.es\/wp-content\/uploads\/2024\/06\/sofia-vergara-cafe-1.jpg","contentUrl":"https:\/\/www.tapasmagazine.es\/wp-content\/uploads\/2024\/06\/sofia-vergara-cafe-1.jpg","width":1200,"height":675},{"@type":"BreadcrumbList","@id":"https:\/\/www.tapasmagazine.es\/en\/sofia-vergara-creates-her-own-colombian-coffee-line\/#breadcrumb","itemListElement":[{"@type":"ListItem","position":1,"name":"Portada","item":"https:\/\/www.tapasmagazine.es\/"},{"@type":"ListItem","position":2,"name":"Nombres propios","item":"https:\/\/www.tapasmagazine.es\/en\/categorias\/nombres-propios-en\/"},{"@type":"ListItem","position":3,"name":"Sofia Vergara creates her own Colombian coffee line"}]},{"@type":"WebSite","@id":"https:\/\/www.tapasmagazine.es\/#website","url":"https:\/\/www.tapasmagazine.es\/","name":"Tapas","description":"\u00d1am \u00d1am Lifestyle. La vida a bocados. Premio Nacional de Gastronom\u00eda 2016.","publisher":{"@id":"https:\/\/www.tapasmagazine.es\/#organization"},"potentialAction":[{"@type":"SearchAction","target":{"@type":"EntryPoint","urlTemplate":"https:\/\/www.tapasmagazine.es\/?s={search_term_string}"},"query-input":{"@type":"PropertyValueSpecification","valueRequired":true,"valueName":"search_term_string"}}],"inLanguage":"en-US"},{"@type":"Organization","@id":"https:\/\/www.tapasmagazine.es\/#organization","name":"Tapas Magazine","url":"https:\/\/www.tapasmagazine.es\/","logo":{"@type":"ImageObject","inLanguage":"en-US","@id":"https:\/\/www.tapasmagazine.es\/#\/schema\/logo\/image\/","url":"https:\/\/www.tapasmagazine.es\/wp-content\/uploads\/2018\/01\/logo.png","contentUrl":"https:\/\/www.tapasmagazine.es\/wp-content\/uploads\/2018\/01\/logo.png","width":180,"height":60,"caption":"Tapas Magazine"},"image":{"@id":"https:\/\/www.tapasmagazine.es\/#\/schema\/logo\/image\/"},"sameAs":["https:\/\/www.facebook.com\/tapasmagazine","https:\/\/x.com\/TapasMagazine","https:\/\/www.instagram.com\/tapasmagazine\/","https:\/\/www.linkedin.com\/company\/tapas-magazine","https:\/\/es.pinterest.com\/tapasmagazine\/","https:\/\/www.youtube.com\/channel\/UCEyxneAaACuR0lfDagrWjjg?sub_confirmation=1"]},{"@type":"Person","@id":"https:\/\/www.tapasmagazine.es\/#\/schema\/person\/eb46cbe76a9c8f062660eb609e3ecb4e","name":"Laura P\u00e9rez","url":"https:\/\/www.tapasmagazine.es\/en\/author\/laura-perez\/"}]}},"_links":{"self":[{"href":"https:\/\/www.tapasmagazine.es\/en\/wp-json\/wp\/v2\/posts\/251794","targetHints":{"allow":["GET"]}}],"collection":[{"href":"https:\/\/www.tapasmagazine.es\/en\/wp-json\/wp\/v2\/posts"}],"about":[{"href":"https:\/\/www.tapasmagazine.es\/en\/wp-json\/wp\/v2\/types\/post"}],"author":[{"embeddable":true,"href":"https:\/\/www.tapasmagazine.es\/en\/wp-json\/wp\/v2\/users\/285"}],"replies":[{"embeddable":true,"href":"https:\/\/www.tapasmagazine.es\/en\/wp-json\/wp\/v2\/comments?post=251794"}],"version-history":[{"count":2,"href":"https:\/\/www.tapasmagazine.es\/en\/wp-json\/wp\/v2\/posts\/251794\/revisions"}],"predecessor-version":[{"id":251801,"href":"https:\/\/www.tapasmagazine.es\/en\/wp-json\/wp\/v2\/posts\/251794\/revisions\/251801"}],"wp:featuredmedia":[{"embeddable":true,"href":"https:\/\/www.tapasmagazine.es\/en\/wp-json\/wp\/v2\/media\/251785"}],"wp:attachment":[{"href":"https:\/\/www.tapasmagazine.es\/en\/wp-json\/wp\/v2\/media?parent=251794"}],"wp:term":[{"taxonomy":"category","embeddable":true,"href":"https:\/\/www.tapasmagazine.es\/en\/wp-json\/wp\/v2\/categories?post=251794"},{"taxonomy":"post_tag","embeddable":true,"href":"https:\/\/www.tapasmagazine.es\/en\/wp-json\/wp\/v2\/tags?post=251794"}],"curies":[{"name":"wp","href":"https:\/\/api.w.org\/{rel}","templated":true}]}}