{"id":251297,"date":"2024-05-29T14:05:47","date_gmt":"2024-05-29T12:05:47","guid":{"rendered":"https:\/\/www.tapasmagazine.es\/el-silencio-ibiza-reabre-sus-puertas-de-la-mano-de-la-izakaya-japonesa-urusai\/"},"modified":"2024-05-29T15:38:53","modified_gmt":"2024-05-29T13:38:53","slug":"el-silencio-ibiza-kicks-off-summer-season-new-japanese-izakaya","status":"publish","type":"post","link":"https:\/\/www.tapasmagazine.es\/en\/el-silencio-ibiza-kicks-off-summer-season-new-japanese-izakaya\/","title":{"rendered":"El Silencio Ibiza kicks off the summer season with a new Japanese izakaya"},"content":{"rendered":"\n<p><strong>Click <a href=\"https:\/\/www.tapasmagazine.es\/el-silencio-ibiza-estrena-la-temporada-estival-nueva-izakaya-japonesa\/\" target=\"_blank\" rel=\"noreferrer noopener\">here<\/a> to read the Spanish version.<\/strong><\/p>\n\n\n\n<p>The fashionable Ibiza&#8217;s beach bar welcomes the summer for the fourth consecutive year with iconic Argentinean chef <strong>Mauro Colagreco<\/strong>, who will take the reins of its gastronomic proposal for another year.<\/p>\n\n\n\n<p>In this inspirational sanctuary on the island, which is also notable for its design by the architectural studio Moredesign, Colagreco will once again demonstrate his culinary talent for the SS24 season with a renewed menu -in constant connection with nature- composed of refreshing dishes such as Peruvian ceviche, prawn carpaccio, grilled turbot, as well as salads, vegetarian dishes, tapas to share and grilled meat.<\/p>\n\n\n<div class=\"wp-block-image\">\n<figure class=\"aligncenter size-large is-resized\"><img decoding=\"async\" width=\"1024\" height=\"699\" src=\"https:\/\/www.tapasmagazine.es\/wp-content\/uploads\/2024\/05\/silencio-ibiza-2-1024x699.jpeg\" alt=\"\" class=\"wp-image-251279\" style=\"width:1028px;height:auto\" srcset=\"https:\/\/www.tapasmagazine.es\/wp-content\/uploads\/2024\/05\/silencio-ibiza-2-1024x699.jpeg 1024w, https:\/\/www.tapasmagazine.es\/wp-content\/uploads\/2024\/05\/silencio-ibiza-2-300x205.jpeg 300w, https:\/\/www.tapasmagazine.es\/wp-content\/uploads\/2024\/05\/silencio-ibiza-2-768x524.jpeg 768w, https:\/\/www.tapasmagazine.es\/wp-content\/uploads\/2024\/05\/silencio-ibiza-2-1536x1048.jpeg 1536w, https:\/\/www.tapasmagazine.es\/wp-content\/uploads\/2024\/05\/silencio-ibiza-2-2048x1398.jpeg 2048w, https:\/\/www.tapasmagazine.es\/wp-content\/uploads\/2024\/05\/silencio-ibiza-2-1000x682.jpeg 1000w, https:\/\/www.tapasmagazine.es\/wp-content\/uploads\/2024\/05\/silencio-ibiza-2-400x273.jpeg 400w\" sizes=\"(max-width: 1024px) 100vw, 1024px\" \/><\/figure>\n<\/div>\n\n\n<p>In the proposal of this restaurant located in the heart of Cala Mol\u00ed, which fuses the avant-garde with tradition, the local produce and the catch of the day will once again vibrate; as well as the art of the embers intrinsic in the DNA of the haute cuisine chef. All this will be paired with a cocktail menu designed by <strong>R\u00e9my Savage<\/strong>, one of the best mixologists in the world, as well as the sounds of its resident DJS who will liven up the evening until the sun sets.<\/p>\n\n\n\n<h2 class=\"wp-block-heading\">URUSAI<\/h2>\n\n\n\n<p>El Silencio Ibiza&#8217;s novelty this season also includes the addition of Urusai, a Japanese tapas izakaya that will open its doors on 14 June, in collaboration with the Parisian group Onii.<\/p>\n\n\n\n<figure class=\"wp-block-gallery has-nested-images columns-default is-cropped wp-block-gallery-1 is-layout-flex wp-block-gallery-is-layout-flex\">\n<figure class=\"wp-block-image size-large\"><img decoding=\"async\" width=\"819\" height=\"1024\" data-id=\"251283\" src=\"https:\/\/www.tapasmagazine.es\/wp-content\/uploads\/2024\/05\/silencio-ibiza-3-819x1024.jpeg\" alt=\"\" class=\"wp-image-251283\" srcset=\"https:\/\/www.tapasmagazine.es\/wp-content\/uploads\/2024\/05\/silencio-ibiza-3-819x1024.jpeg 819w, https:\/\/www.tapasmagazine.es\/wp-content\/uploads\/2024\/05\/silencio-ibiza-3-240x300.jpeg 240w, https:\/\/www.tapasmagazine.es\/wp-content\/uploads\/2024\/05\/silencio-ibiza-3-768x960.jpeg 768w, https:\/\/www.tapasmagazine.es\/wp-content\/uploads\/2024\/05\/silencio-ibiza-3-1229x1536.jpeg 1229w, https:\/\/www.tapasmagazine.es\/wp-content\/uploads\/2024\/05\/silencio-ibiza-3-1638x2048.jpeg 1638w, https:\/\/www.tapasmagazine.es\/wp-content\/uploads\/2024\/05\/silencio-ibiza-3-1000x1250.jpeg 1000w, https:\/\/www.tapasmagazine.es\/wp-content\/uploads\/2024\/05\/silencio-ibiza-3-400x500.jpeg 400w, https:\/\/www.tapasmagazine.es\/wp-content\/uploads\/2024\/05\/silencio-ibiza-3-scaled.jpeg 2048w\" sizes=\"(max-width: 819px) 100vw, 819px\" \/><\/figure>\n\n\n\n<figure class=\"wp-block-image size-large\"><img decoding=\"async\" width=\"819\" height=\"1024\" data-id=\"251281\" src=\"https:\/\/www.tapasmagazine.es\/wp-content\/uploads\/2024\/05\/silencio-ibiza-4-819x1024.jpeg\" alt=\"\" class=\"wp-image-251281\" srcset=\"https:\/\/www.tapasmagazine.es\/wp-content\/uploads\/2024\/05\/silencio-ibiza-4-819x1024.jpeg 819w, https:\/\/www.tapasmagazine.es\/wp-content\/uploads\/2024\/05\/silencio-ibiza-4-240x300.jpeg 240w, https:\/\/www.tapasmagazine.es\/wp-content\/uploads\/2024\/05\/silencio-ibiza-4-768x960.jpeg 768w, https:\/\/www.tapasmagazine.es\/wp-content\/uploads\/2024\/05\/silencio-ibiza-4-1229x1536.jpeg 1229w, https:\/\/www.tapasmagazine.es\/wp-content\/uploads\/2024\/05\/silencio-ibiza-4-1638x2048.jpeg 1638w, https:\/\/www.tapasmagazine.es\/wp-content\/uploads\/2024\/05\/silencio-ibiza-4-1000x1250.jpeg 1000w, https:\/\/www.tapasmagazine.es\/wp-content\/uploads\/2024\/05\/silencio-ibiza-4-400x500.jpeg 400w, https:\/\/www.tapasmagazine.es\/wp-content\/uploads\/2024\/05\/silencio-ibiza-4-scaled.jpeg 2048w\" sizes=\"(max-width: 819px) 100vw, 819px\" \/><\/figure>\n<\/figure>\n\n\n\n<p>This Asian-inspired restaurant is the result of a joint trip to Japan by Arnaud Frisch &#8211; creator of Silencio &#8211; and Arthur Cohen &#8211; creator of the Onii Group &#8211; who took on the challenge of creating an &#8220;izakayaiberica&#8221; based on Ibiza and the menus of the Japanese restaurants in Paris, Ojii and Onii-San.<\/p>\n\n\n\n<p>The chefs of the establishments Taku Yuji Mikurya (Ojii) and Romain Litti\u00e8re (Onii-San) will serve their shared vision of izakaya-style cuisine at the tables of this space through different dishes to share, such as the carpaccio of bull and akami ikejime, Onii-san&#8217;s famous toro saando, sobas with red shrimp and pistachios or a sirloin of Galician blonde matured for 6 weeks and roasted with binchotan.<\/p>\n\n\n\n<figure class=\"wp-block-gallery has-nested-images columns-default is-cropped wp-block-gallery-2 is-layout-flex wp-block-gallery-is-layout-flex\">\n<figure class=\"wp-block-image size-large\"><img decoding=\"async\" width=\"819\" height=\"1024\" data-id=\"251286\" src=\"https:\/\/www.tapasmagazine.es\/wp-content\/uploads\/2024\/05\/silencio-ibiza-5-819x1024.jpeg\" alt=\"\" class=\"wp-image-251286\" srcset=\"https:\/\/www.tapasmagazine.es\/wp-content\/uploads\/2024\/05\/silencio-ibiza-5-819x1024.jpeg 819w, https:\/\/www.tapasmagazine.es\/wp-content\/uploads\/2024\/05\/silencio-ibiza-5-240x300.jpeg 240w, https:\/\/www.tapasmagazine.es\/wp-content\/uploads\/2024\/05\/silencio-ibiza-5-768x960.jpeg 768w, https:\/\/www.tapasmagazine.es\/wp-content\/uploads\/2024\/05\/silencio-ibiza-5-1229x1536.jpeg 1229w, https:\/\/www.tapasmagazine.es\/wp-content\/uploads\/2024\/05\/silencio-ibiza-5-1638x2048.jpeg 1638w, https:\/\/www.tapasmagazine.es\/wp-content\/uploads\/2024\/05\/silencio-ibiza-5-1000x1250.jpeg 1000w, https:\/\/www.tapasmagazine.es\/wp-content\/uploads\/2024\/05\/silencio-ibiza-5-400x500.jpeg 400w, https:\/\/www.tapasmagazine.es\/wp-content\/uploads\/2024\/05\/silencio-ibiza-5-scaled.jpeg 2048w\" sizes=\"(max-width: 819px) 100vw, 819px\" \/><\/figure>\n\n\n\n<figure class=\"wp-block-image size-large\"><img decoding=\"async\" width=\"819\" height=\"1024\" data-id=\"251285\" src=\"https:\/\/www.tapasmagazine.es\/wp-content\/uploads\/2024\/05\/silencio-ibiza-6-819x1024.jpeg\" alt=\"\" class=\"wp-image-251285\" srcset=\"https:\/\/www.tapasmagazine.es\/wp-content\/uploads\/2024\/05\/silencio-ibiza-6-819x1024.jpeg 819w, https:\/\/www.tapasmagazine.es\/wp-content\/uploads\/2024\/05\/silencio-ibiza-6-240x300.jpeg 240w, https:\/\/www.tapasmagazine.es\/wp-content\/uploads\/2024\/05\/silencio-ibiza-6-768x960.jpeg 768w, https:\/\/www.tapasmagazine.es\/wp-content\/uploads\/2024\/05\/silencio-ibiza-6-1229x1536.jpeg 1229w, https:\/\/www.tapasmagazine.es\/wp-content\/uploads\/2024\/05\/silencio-ibiza-6-1638x2048.jpeg 1638w, https:\/\/www.tapasmagazine.es\/wp-content\/uploads\/2024\/05\/silencio-ibiza-6-1000x1250.jpeg 1000w, https:\/\/www.tapasmagazine.es\/wp-content\/uploads\/2024\/05\/silencio-ibiza-6-400x500.jpeg 400w, https:\/\/www.tapasmagazine.es\/wp-content\/uploads\/2024\/05\/silencio-ibiza-6.jpeg 2000w\" sizes=\"(max-width: 819px) 100vw, 819px\" \/><\/figure>\n<\/figure>\n\n\n\n<p>Its elevated interpretation of Iberian izakaya will fuse the island&#8217;s produce with a liquid menu featuring unique sakes, cocktails with Japanese notes and a selection of wines by AnabelleBerthelemot.<\/p>\n","protected":false},"excerpt":{"rendered":"<p>Click here to read the Spanish version. The fashionable Ibiza&#8217;s beach bar welcomes the summer for the fourth consecutive year with iconic Argentinean chef Mauro Colagreco, who will take the reins of its gastronomic proposal for another year. In this inspirational sanctuary on the island, which is also notable for its design by the architectural [&hellip;]<\/p>\n","protected":false},"author":285,"featured_media":251278,"comment_status":"closed","ping_status":"closed","sticky":false,"template":"","format":"standard","meta":{"_acf_changed":false,"footnotes":""},"categories":[15802],"tags":[17777],"class_list":["post-251297","post","type-post","status-publish","format-standard","has-post-thumbnail","hentry","category-news","tag-ibiza-en","cat-15802-id"],"acf":[],"yoast_head":"<!-- This site is optimized with the Yoast SEO plugin v27.4 - https:\/\/yoast.com\/product\/yoast-seo-wordpress\/ -->\n<title>El Silencio Ibiza kicks off the summer season with a new Japanese izakaya - Tapas<\/title>\n<meta name=\"description\" content=\"Click here to read the Spanish version. The fashionable Ibiza&#039;s beach bar welcomes the summer for the fourth consecutive year with iconic Argentinean chef\" \/>\n<meta name=\"robots\" content=\"index, follow, max-snippet:-1, max-image-preview:large, max-video-preview:-1\" \/>\n<link rel=\"canonical\" href=\"https:\/\/www.tapasmagazine.es\/en\/el-silencio-ibiza-kicks-off-summer-season-new-japanese-izakaya\/\" \/>\n<meta property=\"og:locale\" content=\"en_US\" \/>\n<meta property=\"og:type\" content=\"article\" \/>\n<meta property=\"og:title\" content=\"El Silencio Ibiza kicks off the summer season with a new Japanese izakaya - Tapas\" \/>\n<meta property=\"og:description\" content=\"Click here to read the Spanish version. The fashionable Ibiza&#039;s beach bar welcomes the summer for the fourth consecutive year with iconic Argentinean chef\" \/>\n<meta property=\"og:url\" content=\"https:\/\/www.tapasmagazine.es\/en\/el-silencio-ibiza-kicks-off-summer-season-new-japanese-izakaya\/\" \/>\n<meta property=\"og:site_name\" content=\"Tapas\" \/>\n<meta property=\"article:publisher\" content=\"https:\/\/www.facebook.com\/tapasmagazine\" \/>\n<meta property=\"article:published_time\" content=\"2024-05-29T12:05:47+00:00\" \/>\n<meta property=\"article:modified_time\" content=\"2024-05-29T13:38:53+00:00\" \/>\n<meta property=\"og:image\" content=\"https:\/\/www.tapasmagazine.es\/wp-content\/uploads\/2024\/05\/silencio-ibiza-1.jpg\" \/>\n\t<meta property=\"og:image:width\" content=\"1200\" \/>\n\t<meta property=\"og:image:height\" content=\"675\" \/>\n\t<meta property=\"og:image:type\" content=\"image\/jpeg\" \/>\n<meta name=\"author\" content=\"Laura P\u00e9rez\" \/>\n<meta name=\"twitter:card\" content=\"summary_large_image\" \/>\n<meta name=\"twitter:creator\" content=\"@TapasMagazine\" \/>\n<meta name=\"twitter:site\" content=\"@TapasMagazine\" \/>\n<meta name=\"twitter:label1\" content=\"Written by\" \/>\n\t<meta name=\"twitter:data1\" content=\"Laura P\u00e9rez\" \/>\n\t<meta name=\"twitter:label2\" content=\"Est. reading time\" \/>\n\t<meta name=\"twitter:data2\" content=\"3 minutes\" \/>\n<script type=\"application\/ld+json\" class=\"yoast-schema-graph\">{\"@context\":\"https:\\\/\\\/schema.org\",\"@graph\":[{\"@type\":\"Article\",\"@id\":\"https:\\\/\\\/www.tapasmagazine.es\\\/en\\\/el-silencio-ibiza-kicks-off-summer-season-new-japanese-izakaya\\\/#article\",\"isPartOf\":{\"@id\":\"https:\\\/\\\/www.tapasmagazine.es\\\/en\\\/el-silencio-ibiza-kicks-off-summer-season-new-japanese-izakaya\\\/\"},\"author\":{\"name\":\"Laura P\u00e9rez\",\"@id\":\"https:\\\/\\\/www.tapasmagazine.es\\\/#\\\/schema\\\/person\\\/eb46cbe76a9c8f062660eb609e3ecb4e\"},\"headline\":\"El Silencio Ibiza kicks off the summer season with a new Japanese izakaya\",\"datePublished\":\"2024-05-29T12:05:47+00:00\",\"dateModified\":\"2024-05-29T13:38:53+00:00\",\"mainEntityOfPage\":{\"@id\":\"https:\\\/\\\/www.tapasmagazine.es\\\/en\\\/el-silencio-ibiza-kicks-off-summer-season-new-japanese-izakaya\\\/\"},\"wordCount\":388,\"publisher\":{\"@id\":\"https:\\\/\\\/www.tapasmagazine.es\\\/#organization\"},\"image\":{\"@id\":\"https:\\\/\\\/www.tapasmagazine.es\\\/en\\\/el-silencio-ibiza-kicks-off-summer-season-new-japanese-izakaya\\\/#primaryimage\"},\"thumbnailUrl\":\"https:\\\/\\\/www.tapasmagazine.es\\\/wp-content\\\/uploads\\\/2024\\\/05\\\/silencio-ibiza-1.jpg\",\"keywords\":[\"Ibiza\"],\"articleSection\":[\"News\"],\"inLanguage\":\"en-US\"},{\"@type\":\"WebPage\",\"@id\":\"https:\\\/\\\/www.tapasmagazine.es\\\/en\\\/el-silencio-ibiza-kicks-off-summer-season-new-japanese-izakaya\\\/\",\"url\":\"https:\\\/\\\/www.tapasmagazine.es\\\/en\\\/el-silencio-ibiza-kicks-off-summer-season-new-japanese-izakaya\\\/\",\"name\":\"El Silencio Ibiza kicks off the summer season with a new Japanese izakaya - Tapas\",\"isPartOf\":{\"@id\":\"https:\\\/\\\/www.tapasmagazine.es\\\/#website\"},\"primaryImageOfPage\":{\"@id\":\"https:\\\/\\\/www.tapasmagazine.es\\\/en\\\/el-silencio-ibiza-kicks-off-summer-season-new-japanese-izakaya\\\/#primaryimage\"},\"image\":{\"@id\":\"https:\\\/\\\/www.tapasmagazine.es\\\/en\\\/el-silencio-ibiza-kicks-off-summer-season-new-japanese-izakaya\\\/#primaryimage\"},\"thumbnailUrl\":\"https:\\\/\\\/www.tapasmagazine.es\\\/wp-content\\\/uploads\\\/2024\\\/05\\\/silencio-ibiza-1.jpg\",\"datePublished\":\"2024-05-29T12:05:47+00:00\",\"dateModified\":\"2024-05-29T13:38:53+00:00\",\"description\":\"Click here to read the Spanish version. The fashionable Ibiza's beach bar welcomes the summer for the fourth consecutive year with iconic Argentinean chef\",\"breadcrumb\":{\"@id\":\"https:\\\/\\\/www.tapasmagazine.es\\\/en\\\/el-silencio-ibiza-kicks-off-summer-season-new-japanese-izakaya\\\/#breadcrumb\"},\"inLanguage\":\"en-US\",\"potentialAction\":[{\"@type\":\"ReadAction\",\"target\":[\"https:\\\/\\\/www.tapasmagazine.es\\\/en\\\/el-silencio-ibiza-kicks-off-summer-season-new-japanese-izakaya\\\/\"]}]},{\"@type\":\"ImageObject\",\"inLanguage\":\"en-US\",\"@id\":\"https:\\\/\\\/www.tapasmagazine.es\\\/en\\\/el-silencio-ibiza-kicks-off-summer-season-new-japanese-izakaya\\\/#primaryimage\",\"url\":\"https:\\\/\\\/www.tapasmagazine.es\\\/wp-content\\\/uploads\\\/2024\\\/05\\\/silencio-ibiza-1.jpg\",\"contentUrl\":\"https:\\\/\\\/www.tapasmagazine.es\\\/wp-content\\\/uploads\\\/2024\\\/05\\\/silencio-ibiza-1.jpg\",\"width\":1200,\"height\":675},{\"@type\":\"BreadcrumbList\",\"@id\":\"https:\\\/\\\/www.tapasmagazine.es\\\/en\\\/el-silencio-ibiza-kicks-off-summer-season-new-japanese-izakaya\\\/#breadcrumb\",\"itemListElement\":[{\"@type\":\"ListItem\",\"position\":1,\"name\":\"Portada\",\"item\":\"https:\\\/\\\/www.tapasmagazine.es\\\/\"},{\"@type\":\"ListItem\",\"position\":2,\"name\":\"News\",\"item\":\"https:\\\/\\\/www.tapasmagazine.es\\\/en\\\/categorias\\\/news\\\/\"},{\"@type\":\"ListItem\",\"position\":3,\"name\":\"El Silencio Ibiza kicks off the summer season with a new Japanese izakaya\"}]},{\"@type\":\"WebSite\",\"@id\":\"https:\\\/\\\/www.tapasmagazine.es\\\/#website\",\"url\":\"https:\\\/\\\/www.tapasmagazine.es\\\/\",\"name\":\"Tapas\",\"description\":\"\u00d1am \u00d1am Lifestyle. La vida a bocados. Premio Nacional de Gastronom\u00eda 2016.\",\"publisher\":{\"@id\":\"https:\\\/\\\/www.tapasmagazine.es\\\/#organization\"},\"potentialAction\":[{\"@type\":\"SearchAction\",\"target\":{\"@type\":\"EntryPoint\",\"urlTemplate\":\"https:\\\/\\\/www.tapasmagazine.es\\\/?s={search_term_string}\"},\"query-input\":{\"@type\":\"PropertyValueSpecification\",\"valueRequired\":true,\"valueName\":\"search_term_string\"}}],\"inLanguage\":\"en-US\"},{\"@type\":\"Organization\",\"@id\":\"https:\\\/\\\/www.tapasmagazine.es\\\/#organization\",\"name\":\"Tapas Magazine\",\"url\":\"https:\\\/\\\/www.tapasmagazine.es\\\/\",\"logo\":{\"@type\":\"ImageObject\",\"inLanguage\":\"en-US\",\"@id\":\"https:\\\/\\\/www.tapasmagazine.es\\\/#\\\/schema\\\/logo\\\/image\\\/\",\"url\":\"https:\\\/\\\/www.tapasmagazine.es\\\/wp-content\\\/uploads\\\/2018\\\/01\\\/logo.png\",\"contentUrl\":\"https:\\\/\\\/www.tapasmagazine.es\\\/wp-content\\\/uploads\\\/2018\\\/01\\\/logo.png\",\"width\":180,\"height\":60,\"caption\":\"Tapas Magazine\"},\"image\":{\"@id\":\"https:\\\/\\\/www.tapasmagazine.es\\\/#\\\/schema\\\/logo\\\/image\\\/\"},\"sameAs\":[\"https:\\\/\\\/www.facebook.com\\\/tapasmagazine\",\"https:\\\/\\\/x.com\\\/TapasMagazine\",\"https:\\\/\\\/www.instagram.com\\\/tapasmagazine\\\/\",\"https:\\\/\\\/www.linkedin.com\\\/company\\\/tapas-magazine\",\"https:\\\/\\\/es.pinterest.com\\\/tapasmagazine\\\/\",\"https:\\\/\\\/www.youtube.com\\\/channel\\\/UCEyxneAaACuR0lfDagrWjjg?sub_confirmation=1\"]},{\"@type\":\"Person\",\"@id\":\"https:\\\/\\\/www.tapasmagazine.es\\\/#\\\/schema\\\/person\\\/eb46cbe76a9c8f062660eb609e3ecb4e\",\"name\":\"Laura P\u00e9rez\",\"url\":\"https:\\\/\\\/www.tapasmagazine.es\\\/en\\\/author\\\/laura-perez\\\/\"}]}<\/script>\n<!-- \/ Yoast SEO plugin. -->","yoast_head_json":{"title":"El Silencio Ibiza kicks off the summer season with a new Japanese izakaya - Tapas","description":"Click here to read the Spanish version. The fashionable Ibiza's beach bar welcomes the summer for the fourth consecutive year with iconic Argentinean chef","robots":{"index":"index","follow":"follow","max-snippet":"max-snippet:-1","max-image-preview":"max-image-preview:large","max-video-preview":"max-video-preview:-1"},"canonical":"https:\/\/www.tapasmagazine.es\/en\/el-silencio-ibiza-kicks-off-summer-season-new-japanese-izakaya\/","og_locale":"en_US","og_type":"article","og_title":"El Silencio Ibiza kicks off the summer season with a new Japanese izakaya - Tapas","og_description":"Click here to read the Spanish version. The fashionable Ibiza's beach bar welcomes the summer for the fourth consecutive year with iconic Argentinean chef","og_url":"https:\/\/www.tapasmagazine.es\/en\/el-silencio-ibiza-kicks-off-summer-season-new-japanese-izakaya\/","og_site_name":"Tapas","article_publisher":"https:\/\/www.facebook.com\/tapasmagazine","article_published_time":"2024-05-29T12:05:47+00:00","article_modified_time":"2024-05-29T13:38:53+00:00","og_image":[{"width":1200,"height":675,"url":"https:\/\/www.tapasmagazine.es\/wp-content\/uploads\/2024\/05\/silencio-ibiza-1.jpg","type":"image\/jpeg"}],"author":"Laura P\u00e9rez","twitter_card":"summary_large_image","twitter_creator":"@TapasMagazine","twitter_site":"@TapasMagazine","twitter_misc":{"Written by":"Laura P\u00e9rez","Est. reading time":"3 minutes"},"schema":{"@context":"https:\/\/schema.org","@graph":[{"@type":"Article","@id":"https:\/\/www.tapasmagazine.es\/en\/el-silencio-ibiza-kicks-off-summer-season-new-japanese-izakaya\/#article","isPartOf":{"@id":"https:\/\/www.tapasmagazine.es\/en\/el-silencio-ibiza-kicks-off-summer-season-new-japanese-izakaya\/"},"author":{"name":"Laura P\u00e9rez","@id":"https:\/\/www.tapasmagazine.es\/#\/schema\/person\/eb46cbe76a9c8f062660eb609e3ecb4e"},"headline":"El Silencio Ibiza kicks off the summer season with a new Japanese izakaya","datePublished":"2024-05-29T12:05:47+00:00","dateModified":"2024-05-29T13:38:53+00:00","mainEntityOfPage":{"@id":"https:\/\/www.tapasmagazine.es\/en\/el-silencio-ibiza-kicks-off-summer-season-new-japanese-izakaya\/"},"wordCount":388,"publisher":{"@id":"https:\/\/www.tapasmagazine.es\/#organization"},"image":{"@id":"https:\/\/www.tapasmagazine.es\/en\/el-silencio-ibiza-kicks-off-summer-season-new-japanese-izakaya\/#primaryimage"},"thumbnailUrl":"https:\/\/www.tapasmagazine.es\/wp-content\/uploads\/2024\/05\/silencio-ibiza-1.jpg","keywords":["Ibiza"],"articleSection":["News"],"inLanguage":"en-US"},{"@type":"WebPage","@id":"https:\/\/www.tapasmagazine.es\/en\/el-silencio-ibiza-kicks-off-summer-season-new-japanese-izakaya\/","url":"https:\/\/www.tapasmagazine.es\/en\/el-silencio-ibiza-kicks-off-summer-season-new-japanese-izakaya\/","name":"El Silencio Ibiza kicks off the summer season with a new Japanese izakaya - Tapas","isPartOf":{"@id":"https:\/\/www.tapasmagazine.es\/#website"},"primaryImageOfPage":{"@id":"https:\/\/www.tapasmagazine.es\/en\/el-silencio-ibiza-kicks-off-summer-season-new-japanese-izakaya\/#primaryimage"},"image":{"@id":"https:\/\/www.tapasmagazine.es\/en\/el-silencio-ibiza-kicks-off-summer-season-new-japanese-izakaya\/#primaryimage"},"thumbnailUrl":"https:\/\/www.tapasmagazine.es\/wp-content\/uploads\/2024\/05\/silencio-ibiza-1.jpg","datePublished":"2024-05-29T12:05:47+00:00","dateModified":"2024-05-29T13:38:53+00:00","description":"Click here to read the Spanish version. The fashionable Ibiza's beach bar welcomes the summer for the fourth consecutive year with iconic Argentinean chef","breadcrumb":{"@id":"https:\/\/www.tapasmagazine.es\/en\/el-silencio-ibiza-kicks-off-summer-season-new-japanese-izakaya\/#breadcrumb"},"inLanguage":"en-US","potentialAction":[{"@type":"ReadAction","target":["https:\/\/www.tapasmagazine.es\/en\/el-silencio-ibiza-kicks-off-summer-season-new-japanese-izakaya\/"]}]},{"@type":"ImageObject","inLanguage":"en-US","@id":"https:\/\/www.tapasmagazine.es\/en\/el-silencio-ibiza-kicks-off-summer-season-new-japanese-izakaya\/#primaryimage","url":"https:\/\/www.tapasmagazine.es\/wp-content\/uploads\/2024\/05\/silencio-ibiza-1.jpg","contentUrl":"https:\/\/www.tapasmagazine.es\/wp-content\/uploads\/2024\/05\/silencio-ibiza-1.jpg","width":1200,"height":675},{"@type":"BreadcrumbList","@id":"https:\/\/www.tapasmagazine.es\/en\/el-silencio-ibiza-kicks-off-summer-season-new-japanese-izakaya\/#breadcrumb","itemListElement":[{"@type":"ListItem","position":1,"name":"Portada","item":"https:\/\/www.tapasmagazine.es\/"},{"@type":"ListItem","position":2,"name":"News","item":"https:\/\/www.tapasmagazine.es\/en\/categorias\/news\/"},{"@type":"ListItem","position":3,"name":"El Silencio Ibiza kicks off the summer season with a new Japanese izakaya"}]},{"@type":"WebSite","@id":"https:\/\/www.tapasmagazine.es\/#website","url":"https:\/\/www.tapasmagazine.es\/","name":"Tapas","description":"\u00d1am \u00d1am Lifestyle. La vida a bocados. Premio Nacional de Gastronom\u00eda 2016.","publisher":{"@id":"https:\/\/www.tapasmagazine.es\/#organization"},"potentialAction":[{"@type":"SearchAction","target":{"@type":"EntryPoint","urlTemplate":"https:\/\/www.tapasmagazine.es\/?s={search_term_string}"},"query-input":{"@type":"PropertyValueSpecification","valueRequired":true,"valueName":"search_term_string"}}],"inLanguage":"en-US"},{"@type":"Organization","@id":"https:\/\/www.tapasmagazine.es\/#organization","name":"Tapas Magazine","url":"https:\/\/www.tapasmagazine.es\/","logo":{"@type":"ImageObject","inLanguage":"en-US","@id":"https:\/\/www.tapasmagazine.es\/#\/schema\/logo\/image\/","url":"https:\/\/www.tapasmagazine.es\/wp-content\/uploads\/2018\/01\/logo.png","contentUrl":"https:\/\/www.tapasmagazine.es\/wp-content\/uploads\/2018\/01\/logo.png","width":180,"height":60,"caption":"Tapas Magazine"},"image":{"@id":"https:\/\/www.tapasmagazine.es\/#\/schema\/logo\/image\/"},"sameAs":["https:\/\/www.facebook.com\/tapasmagazine","https:\/\/x.com\/TapasMagazine","https:\/\/www.instagram.com\/tapasmagazine\/","https:\/\/www.linkedin.com\/company\/tapas-magazine","https:\/\/es.pinterest.com\/tapasmagazine\/","https:\/\/www.youtube.com\/channel\/UCEyxneAaACuR0lfDagrWjjg?sub_confirmation=1"]},{"@type":"Person","@id":"https:\/\/www.tapasmagazine.es\/#\/schema\/person\/eb46cbe76a9c8f062660eb609e3ecb4e","name":"Laura P\u00e9rez","url":"https:\/\/www.tapasmagazine.es\/en\/author\/laura-perez\/"}]}},"_links":{"self":[{"href":"https:\/\/www.tapasmagazine.es\/en\/wp-json\/wp\/v2\/posts\/251297","targetHints":{"allow":["GET"]}}],"collection":[{"href":"https:\/\/www.tapasmagazine.es\/en\/wp-json\/wp\/v2\/posts"}],"about":[{"href":"https:\/\/www.tapasmagazine.es\/en\/wp-json\/wp\/v2\/types\/post"}],"author":[{"embeddable":true,"href":"https:\/\/www.tapasmagazine.es\/en\/wp-json\/wp\/v2\/users\/285"}],"replies":[{"embeddable":true,"href":"https:\/\/www.tapasmagazine.es\/en\/wp-json\/wp\/v2\/comments?post=251297"}],"version-history":[{"count":2,"href":"https:\/\/www.tapasmagazine.es\/en\/wp-json\/wp\/v2\/posts\/251297\/revisions"}],"predecessor-version":[{"id":251319,"href":"https:\/\/www.tapasmagazine.es\/en\/wp-json\/wp\/v2\/posts\/251297\/revisions\/251319"}],"wp:featuredmedia":[{"embeddable":true,"href":"https:\/\/www.tapasmagazine.es\/en\/wp-json\/wp\/v2\/media\/251278"}],"wp:attachment":[{"href":"https:\/\/www.tapasmagazine.es\/en\/wp-json\/wp\/v2\/media?parent=251297"}],"wp:term":[{"taxonomy":"category","embeddable":true,"href":"https:\/\/www.tapasmagazine.es\/en\/wp-json\/wp\/v2\/categories?post=251297"},{"taxonomy":"post_tag","embeddable":true,"href":"https:\/\/www.tapasmagazine.es\/en\/wp-json\/wp\/v2\/tags?post=251297"}],"curies":[{"name":"wp","href":"https:\/\/api.w.org\/{rel}","templated":true}]}}