{"id":250727,"date":"2024-05-24T13:03:11","date_gmt":"2024-05-24T11:03:11","guid":{"rendered":"https:\/\/www.tapasmagazine.es\/primavera-sound-2024-contara-con-un-eclectico-cartel-gastronomico\/"},"modified":"2024-05-24T13:09:38","modified_gmt":"2024-05-24T11:09:38","slug":"primavera-sound-2024-to-feature-eclectic-gastronomic-line-up","status":"publish","type":"post","link":"https:\/\/www.tapasmagazine.es\/en\/primavera-sound-2024-to-feature-eclectic-gastronomic-line-up\/","title":{"rendered":"Primavera Sound 2024 to feature an eclectic gastronomic line-up"},"content":{"rendered":"\n<p><strong>Click <a href=\"https:\/\/www.tapasmagazine.es\/primavera-sound-2024-contara-con-un-eclectico-line-up-gastronomico\/\" target=\"_blank\" rel=\"noreferrer noopener\">here<\/a> to read the Spanish version.<\/strong><\/p>\n\n\n\n<p>If you are lucky enough to be able to attend this year&#8217;s cult festival in Barcelona, there are a number of things to consider, beyond the outfits and the music programme. <strong>Food and drink <\/strong>will also be essential to complete and stimulate the festival experience. So where will you be able to eat during the 22nd edition of <strong>Primavera Sound<\/strong>?<\/p>\n\n\n\n<p>From<strong> 29 May to 2 June 2024<\/strong> the festival will be vibrating at high voltage with a line-up made up of artists of the calibre of Lana del Rey, 070 Shake, Pulp, Justice, Vampire Weekend, SZA, Charli XCX, Amaarae, Peggy Gou and ARCA.<\/p>\n\n\n\n<figure class=\"wp-block-image size-large is-resized\"><img decoding=\"async\" width=\"1024\" height=\"576\" src=\"https:\/\/www.tapasmagazine.es\/wp-content\/uploads\/2024\/05\/primavera-sound-cartel-gastro-4-1024x576.jpg\" alt=\"\" class=\"wp-image-250717\" style=\"width:908px;height:auto\" srcset=\"https:\/\/www.tapasmagazine.es\/wp-content\/uploads\/2024\/05\/primavera-sound-cartel-gastro-4-1024x576.jpg 1024w, https:\/\/www.tapasmagazine.es\/wp-content\/uploads\/2024\/05\/primavera-sound-cartel-gastro-4-300x169.jpg 300w, https:\/\/www.tapasmagazine.es\/wp-content\/uploads\/2024\/05\/primavera-sound-cartel-gastro-4-768x432.jpg 768w, https:\/\/www.tapasmagazine.es\/wp-content\/uploads\/2024\/05\/primavera-sound-cartel-gastro-4-1536x864.jpg 1536w, https:\/\/www.tapasmagazine.es\/wp-content\/uploads\/2024\/05\/primavera-sound-cartel-gastro-4-2048x1152.jpg 2048w, https:\/\/www.tapasmagazine.es\/wp-content\/uploads\/2024\/05\/primavera-sound-cartel-gastro-4-1200x675.jpg 1200w, https:\/\/www.tapasmagazine.es\/wp-content\/uploads\/2024\/05\/primavera-sound-cartel-gastro-4-1000x563.jpg 1000w, https:\/\/www.tapasmagazine.es\/wp-content\/uploads\/2024\/05\/primavera-sound-cartel-gastro-4-400x225.jpg 400w\" sizes=\"(max-width: 1024px) 100vw, 1024px\" \/><\/figure>\n\n\n\n<p>There, in the <strong>Parc del F\u00f2rum<\/strong>, in addition to the music of our era, there will also be plenty of stands and food trucks where you can eat your fill between shows. In addition, PS also reflects in the culinary line-up the same diversity that surrounds and represents the festival; synchronising in the same proposal classics with new trends that vary between the local and the global.<\/p>\n\n\n\n<h2 class=\"wp-block-heading\">Diverse and sustainable menu<\/h2>\n\n\n\n<p>For the next edition, the festival has teamed up with <strong>Verbena Foodie Events<\/strong> to continue reinforcing its spirit of <strong>greatest hits <\/strong>of <strong>Barcelona<\/strong>: great culinary phenomena of the city that will coexist in the same venue based on sustainability and respect for the environment. Thus, all the cutlery and crockery will be compostable, and seasonal and local products will be used to reduce the environmental impact.<\/p>\n\n\n\n<p>From the creative omelettes of The Fish and Chips Shop to the gourmet milanesas of Chalito, the award-winning pizzas of Grosso Napoletano, the legendary burgers of <strong>Vicio<\/strong> in its exclusive Burger Club or the five-star bikinis of<strong> Rocambolesc<\/strong>. All these restaurants will come together to debunk the myth that you can&#8217;t eat well at festivals.<\/p>\n\n\n\n<figure class=\"wp-block-image size-large is-resized\"><img decoding=\"async\" width=\"1024\" height=\"768\" src=\"https:\/\/www.tapasmagazine.es\/wp-content\/uploads\/2024\/05\/primavera-sound-cartel-gastro-2-1024x768.jpeg\" alt=\"\" class=\"wp-image-250719\" style=\"width:1001px;height:auto\" srcset=\"https:\/\/www.tapasmagazine.es\/wp-content\/uploads\/2024\/05\/primavera-sound-cartel-gastro-2-1024x768.jpeg 1024w, https:\/\/www.tapasmagazine.es\/wp-content\/uploads\/2024\/05\/primavera-sound-cartel-gastro-2-300x225.jpeg 300w, https:\/\/www.tapasmagazine.es\/wp-content\/uploads\/2024\/05\/primavera-sound-cartel-gastro-2-768x576.jpeg 768w, https:\/\/www.tapasmagazine.es\/wp-content\/uploads\/2024\/05\/primavera-sound-cartel-gastro-2-1000x750.jpeg 1000w, https:\/\/www.tapasmagazine.es\/wp-content\/uploads\/2024\/05\/primavera-sound-cartel-gastro-2-400x300.jpeg 400w, https:\/\/www.tapasmagazine.es\/wp-content\/uploads\/2024\/05\/primavera-sound-cartel-gastro-2.jpeg 1536w\" sizes=\"(max-width: 1024px) 100vw, 1024px\" \/><\/figure>\n\n\n\n<p>In the fast food arena, beyond VICIO, La Porca, Filete Ruso and Hamburguesa Nostra will be serving their succulent burgers, along with pizzas from Garden Pizza, Funky Pizza, Squadra Pizza Lab, L&#8217;Artesana and Una Pizza.<\/p>\n\n\n\n<p>The culinary eclecticism will also vibrate with the dumplings of Lady Dumpling, the empanadas of Las Muns, the onigiris of Omu or the African cuisine of Abarka; but it will also include vegetarian and vegan options and food intolerances.<\/p>\n\n\n<div class=\"wp-block-image\">\n<figure class=\"aligncenter size-large is-resized\"><img decoding=\"async\" width=\"1024\" height=\"576\" src=\"https:\/\/www.tapasmagazine.es\/wp-content\/uploads\/2024\/05\/primavera-sound-cartel-gastro-1-1024x576.jpg\" alt=\"\" class=\"wp-image-250712\" style=\"width:1092px;height:auto\" srcset=\"https:\/\/www.tapasmagazine.es\/wp-content\/uploads\/2024\/05\/primavera-sound-cartel-gastro-1-1024x576.jpg 1024w, https:\/\/www.tapasmagazine.es\/wp-content\/uploads\/2024\/05\/primavera-sound-cartel-gastro-1-300x169.jpg 300w, https:\/\/www.tapasmagazine.es\/wp-content\/uploads\/2024\/05\/primavera-sound-cartel-gastro-1-768x432.jpg 768w, https:\/\/www.tapasmagazine.es\/wp-content\/uploads\/2024\/05\/primavera-sound-cartel-gastro-1-1000x563.jpg 1000w, https:\/\/www.tapasmagazine.es\/wp-content\/uploads\/2024\/05\/primavera-sound-cartel-gastro-1-400x225.jpg 400w, https:\/\/www.tapasmagazine.es\/wp-content\/uploads\/2024\/05\/primavera-sound-cartel-gastro-1.jpg 1200w\" sizes=\"(max-width: 1024px) 100vw, 1024px\" \/><\/figure>\n<\/div>\n\n\n<p>Although practically all the stands and food trucks will have alternatives on their menus, on the site you will find the<strong> Better Festival <\/strong>stand where Better Balance will serve its 100% vegetable protein of the highest quality, specifically plant based points such as Quinoa, Rasoterra and Gallo Santo or the gluten free corner of M2.<\/p>\n\n\n\n<p>Finally, ice creams from Gogo and Guapaletas, vegan doughnuts from Cuvo and a\u00e7a\u00ed bowls from Oakberry will satisfy the sweet tooth of the festival, to be paired with drinks from Estrella Damm, Organics, Red Bull and Pepsi, partners of Primavera Sound for yet another edition.<\/p>\n","protected":false},"excerpt":{"rendered":"<p>Click here to read the Spanish version. If you are lucky enough to be able to attend this year&#8217;s cult festival in Barcelona, there are a number of things to consider, beyond the outfits and the music programme. Food and drink will also be essential to complete and stimulate the festival experience. So where will [&hellip;]<\/p>\n","protected":false},"author":285,"featured_media":250716,"comment_status":"closed","ping_status":"closed","sticky":false,"template":"","format":"standard","meta":{"_acf_changed":false,"footnotes":""},"categories":[18831],"tags":[18521],"class_list":["post-250727","post","type-post","status-publish","format-standard","has-post-thumbnail","hentry","category-lifestyle-en","tag-festival-en","cat-18831-id"],"acf":[],"yoast_head":"<!-- This site is optimized with the Yoast SEO plugin v27.4 - https:\/\/yoast.com\/product\/yoast-seo-wordpress\/ -->\n<title>Primavera Sound 2024 to feature an eclectic gastronomic line-up - Tapas<\/title>\n<meta name=\"description\" content=\"Click here to read the Spanish version. If you are lucky enough to be able to attend this year&#039;s cult festival in Barcelona, there are a number of things\" \/>\n<meta name=\"robots\" content=\"index, follow, max-snippet:-1, max-image-preview:large, max-video-preview:-1\" \/>\n<link rel=\"canonical\" href=\"https:\/\/www.tapasmagazine.es\/en\/primavera-sound-2024-to-feature-eclectic-gastronomic-line-up\/\" \/>\n<meta property=\"og:locale\" content=\"en_US\" \/>\n<meta property=\"og:type\" content=\"article\" \/>\n<meta property=\"og:title\" content=\"Primavera Sound 2024 to feature an eclectic gastronomic line-up - Tapas\" \/>\n<meta property=\"og:description\" content=\"Click here to read the Spanish version. If you are lucky enough to be able to attend this year&#039;s cult festival in Barcelona, there are a number of things\" \/>\n<meta property=\"og:url\" content=\"https:\/\/www.tapasmagazine.es\/en\/primavera-sound-2024-to-feature-eclectic-gastronomic-line-up\/\" \/>\n<meta property=\"og:site_name\" content=\"Tapas\" \/>\n<meta property=\"article:publisher\" content=\"https:\/\/www.facebook.com\/tapasmagazine\" \/>\n<meta property=\"article:published_time\" content=\"2024-05-24T11:03:11+00:00\" \/>\n<meta property=\"article:modified_time\" content=\"2024-05-24T11:09:38+00:00\" \/>\n<meta property=\"og:image\" content=\"https:\/\/www.tapasmagazine.es\/wp-content\/uploads\/2024\/05\/primavera-sound-cartel-gastro-5.jpg\" \/>\n\t<meta property=\"og:image:width\" content=\"1200\" \/>\n\t<meta property=\"og:image:height\" content=\"675\" \/>\n\t<meta property=\"og:image:type\" content=\"image\/jpeg\" \/>\n<meta name=\"author\" content=\"Laura P\u00e9rez\" \/>\n<meta name=\"twitter:card\" content=\"summary_large_image\" \/>\n<meta name=\"twitter:creator\" content=\"@TapasMagazine\" \/>\n<meta name=\"twitter:site\" content=\"@TapasMagazine\" \/>\n<meta name=\"twitter:label1\" content=\"Written by\" \/>\n\t<meta name=\"twitter:data1\" content=\"Laura P\u00e9rez\" \/>\n\t<meta name=\"twitter:label2\" content=\"Est. reading time\" \/>\n\t<meta name=\"twitter:data2\" content=\"3 minutes\" \/>\n<script type=\"application\/ld+json\" class=\"yoast-schema-graph\">{\"@context\":\"https:\\\/\\\/schema.org\",\"@graph\":[{\"@type\":\"Article\",\"@id\":\"https:\\\/\\\/www.tapasmagazine.es\\\/en\\\/primavera-sound-2024-to-feature-eclectic-gastronomic-line-up\\\/#article\",\"isPartOf\":{\"@id\":\"https:\\\/\\\/www.tapasmagazine.es\\\/en\\\/primavera-sound-2024-to-feature-eclectic-gastronomic-line-up\\\/\"},\"author\":{\"name\":\"Laura P\u00e9rez\",\"@id\":\"https:\\\/\\\/www.tapasmagazine.es\\\/#\\\/schema\\\/person\\\/eb46cbe76a9c8f062660eb609e3ecb4e\"},\"headline\":\"Primavera Sound 2024 to feature an eclectic gastronomic line-up\",\"datePublished\":\"2024-05-24T11:03:11+00:00\",\"dateModified\":\"2024-05-24T11:09:38+00:00\",\"mainEntityOfPage\":{\"@id\":\"https:\\\/\\\/www.tapasmagazine.es\\\/en\\\/primavera-sound-2024-to-feature-eclectic-gastronomic-line-up\\\/\"},\"wordCount\":484,\"publisher\":{\"@id\":\"https:\\\/\\\/www.tapasmagazine.es\\\/#organization\"},\"image\":{\"@id\":\"https:\\\/\\\/www.tapasmagazine.es\\\/en\\\/primavera-sound-2024-to-feature-eclectic-gastronomic-line-up\\\/#primaryimage\"},\"thumbnailUrl\":\"https:\\\/\\\/www.tapasmagazine.es\\\/wp-content\\\/uploads\\\/2024\\\/05\\\/primavera-sound-cartel-gastro-5.jpg\",\"keywords\":[\"Festival\"],\"articleSection\":[\"Lifestyle\"],\"inLanguage\":\"en-US\"},{\"@type\":\"WebPage\",\"@id\":\"https:\\\/\\\/www.tapasmagazine.es\\\/en\\\/primavera-sound-2024-to-feature-eclectic-gastronomic-line-up\\\/\",\"url\":\"https:\\\/\\\/www.tapasmagazine.es\\\/en\\\/primavera-sound-2024-to-feature-eclectic-gastronomic-line-up\\\/\",\"name\":\"Primavera Sound 2024 to feature an eclectic gastronomic line-up - Tapas\",\"isPartOf\":{\"@id\":\"https:\\\/\\\/www.tapasmagazine.es\\\/#website\"},\"primaryImageOfPage\":{\"@id\":\"https:\\\/\\\/www.tapasmagazine.es\\\/en\\\/primavera-sound-2024-to-feature-eclectic-gastronomic-line-up\\\/#primaryimage\"},\"image\":{\"@id\":\"https:\\\/\\\/www.tapasmagazine.es\\\/en\\\/primavera-sound-2024-to-feature-eclectic-gastronomic-line-up\\\/#primaryimage\"},\"thumbnailUrl\":\"https:\\\/\\\/www.tapasmagazine.es\\\/wp-content\\\/uploads\\\/2024\\\/05\\\/primavera-sound-cartel-gastro-5.jpg\",\"datePublished\":\"2024-05-24T11:03:11+00:00\",\"dateModified\":\"2024-05-24T11:09:38+00:00\",\"description\":\"Click here to read the Spanish version. If you are lucky enough to be able to attend this year's cult festival in Barcelona, there are a number of things\",\"breadcrumb\":{\"@id\":\"https:\\\/\\\/www.tapasmagazine.es\\\/en\\\/primavera-sound-2024-to-feature-eclectic-gastronomic-line-up\\\/#breadcrumb\"},\"inLanguage\":\"en-US\",\"potentialAction\":[{\"@type\":\"ReadAction\",\"target\":[\"https:\\\/\\\/www.tapasmagazine.es\\\/en\\\/primavera-sound-2024-to-feature-eclectic-gastronomic-line-up\\\/\"]}]},{\"@type\":\"ImageObject\",\"inLanguage\":\"en-US\",\"@id\":\"https:\\\/\\\/www.tapasmagazine.es\\\/en\\\/primavera-sound-2024-to-feature-eclectic-gastronomic-line-up\\\/#primaryimage\",\"url\":\"https:\\\/\\\/www.tapasmagazine.es\\\/wp-content\\\/uploads\\\/2024\\\/05\\\/primavera-sound-cartel-gastro-5.jpg\",\"contentUrl\":\"https:\\\/\\\/www.tapasmagazine.es\\\/wp-content\\\/uploads\\\/2024\\\/05\\\/primavera-sound-cartel-gastro-5.jpg\",\"width\":1200,\"height\":675},{\"@type\":\"BreadcrumbList\",\"@id\":\"https:\\\/\\\/www.tapasmagazine.es\\\/en\\\/primavera-sound-2024-to-feature-eclectic-gastronomic-line-up\\\/#breadcrumb\",\"itemListElement\":[{\"@type\":\"ListItem\",\"position\":1,\"name\":\"Portada\",\"item\":\"https:\\\/\\\/www.tapasmagazine.es\\\/\"},{\"@type\":\"ListItem\",\"position\":2,\"name\":\"Lifestyle\",\"item\":\"https:\\\/\\\/www.tapasmagazine.es\\\/en\\\/categorias\\\/lifestyle-en\\\/\"},{\"@type\":\"ListItem\",\"position\":3,\"name\":\"Primavera Sound 2024 to feature an eclectic gastronomic line-up\"}]},{\"@type\":\"WebSite\",\"@id\":\"https:\\\/\\\/www.tapasmagazine.es\\\/#website\",\"url\":\"https:\\\/\\\/www.tapasmagazine.es\\\/\",\"name\":\"Tapas\",\"description\":\"\u00d1am \u00d1am Lifestyle. La vida a bocados. Premio Nacional de Gastronom\u00eda 2016.\",\"publisher\":{\"@id\":\"https:\\\/\\\/www.tapasmagazine.es\\\/#organization\"},\"potentialAction\":[{\"@type\":\"SearchAction\",\"target\":{\"@type\":\"EntryPoint\",\"urlTemplate\":\"https:\\\/\\\/www.tapasmagazine.es\\\/?s={search_term_string}\"},\"query-input\":{\"@type\":\"PropertyValueSpecification\",\"valueRequired\":true,\"valueName\":\"search_term_string\"}}],\"inLanguage\":\"en-US\"},{\"@type\":\"Organization\",\"@id\":\"https:\\\/\\\/www.tapasmagazine.es\\\/#organization\",\"name\":\"Tapas Magazine\",\"url\":\"https:\\\/\\\/www.tapasmagazine.es\\\/\",\"logo\":{\"@type\":\"ImageObject\",\"inLanguage\":\"en-US\",\"@id\":\"https:\\\/\\\/www.tapasmagazine.es\\\/#\\\/schema\\\/logo\\\/image\\\/\",\"url\":\"https:\\\/\\\/www.tapasmagazine.es\\\/wp-content\\\/uploads\\\/2018\\\/01\\\/logo.png\",\"contentUrl\":\"https:\\\/\\\/www.tapasmagazine.es\\\/wp-content\\\/uploads\\\/2018\\\/01\\\/logo.png\",\"width\":180,\"height\":60,\"caption\":\"Tapas Magazine\"},\"image\":{\"@id\":\"https:\\\/\\\/www.tapasmagazine.es\\\/#\\\/schema\\\/logo\\\/image\\\/\"},\"sameAs\":[\"https:\\\/\\\/www.facebook.com\\\/tapasmagazine\",\"https:\\\/\\\/x.com\\\/TapasMagazine\",\"https:\\\/\\\/www.instagram.com\\\/tapasmagazine\\\/\",\"https:\\\/\\\/www.linkedin.com\\\/company\\\/tapas-magazine\",\"https:\\\/\\\/es.pinterest.com\\\/tapasmagazine\\\/\",\"https:\\\/\\\/www.youtube.com\\\/channel\\\/UCEyxneAaACuR0lfDagrWjjg?sub_confirmation=1\"]},{\"@type\":\"Person\",\"@id\":\"https:\\\/\\\/www.tapasmagazine.es\\\/#\\\/schema\\\/person\\\/eb46cbe76a9c8f062660eb609e3ecb4e\",\"name\":\"Laura P\u00e9rez\",\"url\":\"https:\\\/\\\/www.tapasmagazine.es\\\/en\\\/author\\\/laura-perez\\\/\"}]}<\/script>\n<!-- \/ Yoast SEO plugin. -->","yoast_head_json":{"title":"Primavera Sound 2024 to feature an eclectic gastronomic line-up - Tapas","description":"Click here to read the Spanish version. If you are lucky enough to be able to attend this year's cult festival in Barcelona, there are a number of things","robots":{"index":"index","follow":"follow","max-snippet":"max-snippet:-1","max-image-preview":"max-image-preview:large","max-video-preview":"max-video-preview:-1"},"canonical":"https:\/\/www.tapasmagazine.es\/en\/primavera-sound-2024-to-feature-eclectic-gastronomic-line-up\/","og_locale":"en_US","og_type":"article","og_title":"Primavera Sound 2024 to feature an eclectic gastronomic line-up - Tapas","og_description":"Click here to read the Spanish version. If you are lucky enough to be able to attend this year's cult festival in Barcelona, there are a number of things","og_url":"https:\/\/www.tapasmagazine.es\/en\/primavera-sound-2024-to-feature-eclectic-gastronomic-line-up\/","og_site_name":"Tapas","article_publisher":"https:\/\/www.facebook.com\/tapasmagazine","article_published_time":"2024-05-24T11:03:11+00:00","article_modified_time":"2024-05-24T11:09:38+00:00","og_image":[{"width":1200,"height":675,"url":"https:\/\/www.tapasmagazine.es\/wp-content\/uploads\/2024\/05\/primavera-sound-cartel-gastro-5.jpg","type":"image\/jpeg"}],"author":"Laura P\u00e9rez","twitter_card":"summary_large_image","twitter_creator":"@TapasMagazine","twitter_site":"@TapasMagazine","twitter_misc":{"Written by":"Laura P\u00e9rez","Est. reading time":"3 minutes"},"schema":{"@context":"https:\/\/schema.org","@graph":[{"@type":"Article","@id":"https:\/\/www.tapasmagazine.es\/en\/primavera-sound-2024-to-feature-eclectic-gastronomic-line-up\/#article","isPartOf":{"@id":"https:\/\/www.tapasmagazine.es\/en\/primavera-sound-2024-to-feature-eclectic-gastronomic-line-up\/"},"author":{"name":"Laura P\u00e9rez","@id":"https:\/\/www.tapasmagazine.es\/#\/schema\/person\/eb46cbe76a9c8f062660eb609e3ecb4e"},"headline":"Primavera Sound 2024 to feature an eclectic gastronomic line-up","datePublished":"2024-05-24T11:03:11+00:00","dateModified":"2024-05-24T11:09:38+00:00","mainEntityOfPage":{"@id":"https:\/\/www.tapasmagazine.es\/en\/primavera-sound-2024-to-feature-eclectic-gastronomic-line-up\/"},"wordCount":484,"publisher":{"@id":"https:\/\/www.tapasmagazine.es\/#organization"},"image":{"@id":"https:\/\/www.tapasmagazine.es\/en\/primavera-sound-2024-to-feature-eclectic-gastronomic-line-up\/#primaryimage"},"thumbnailUrl":"https:\/\/www.tapasmagazine.es\/wp-content\/uploads\/2024\/05\/primavera-sound-cartel-gastro-5.jpg","keywords":["Festival"],"articleSection":["Lifestyle"],"inLanguage":"en-US"},{"@type":"WebPage","@id":"https:\/\/www.tapasmagazine.es\/en\/primavera-sound-2024-to-feature-eclectic-gastronomic-line-up\/","url":"https:\/\/www.tapasmagazine.es\/en\/primavera-sound-2024-to-feature-eclectic-gastronomic-line-up\/","name":"Primavera Sound 2024 to feature an eclectic gastronomic line-up - Tapas","isPartOf":{"@id":"https:\/\/www.tapasmagazine.es\/#website"},"primaryImageOfPage":{"@id":"https:\/\/www.tapasmagazine.es\/en\/primavera-sound-2024-to-feature-eclectic-gastronomic-line-up\/#primaryimage"},"image":{"@id":"https:\/\/www.tapasmagazine.es\/en\/primavera-sound-2024-to-feature-eclectic-gastronomic-line-up\/#primaryimage"},"thumbnailUrl":"https:\/\/www.tapasmagazine.es\/wp-content\/uploads\/2024\/05\/primavera-sound-cartel-gastro-5.jpg","datePublished":"2024-05-24T11:03:11+00:00","dateModified":"2024-05-24T11:09:38+00:00","description":"Click here to read the Spanish version. If you are lucky enough to be able to attend this year's cult festival in Barcelona, there are a number of things","breadcrumb":{"@id":"https:\/\/www.tapasmagazine.es\/en\/primavera-sound-2024-to-feature-eclectic-gastronomic-line-up\/#breadcrumb"},"inLanguage":"en-US","potentialAction":[{"@type":"ReadAction","target":["https:\/\/www.tapasmagazine.es\/en\/primavera-sound-2024-to-feature-eclectic-gastronomic-line-up\/"]}]},{"@type":"ImageObject","inLanguage":"en-US","@id":"https:\/\/www.tapasmagazine.es\/en\/primavera-sound-2024-to-feature-eclectic-gastronomic-line-up\/#primaryimage","url":"https:\/\/www.tapasmagazine.es\/wp-content\/uploads\/2024\/05\/primavera-sound-cartel-gastro-5.jpg","contentUrl":"https:\/\/www.tapasmagazine.es\/wp-content\/uploads\/2024\/05\/primavera-sound-cartel-gastro-5.jpg","width":1200,"height":675},{"@type":"BreadcrumbList","@id":"https:\/\/www.tapasmagazine.es\/en\/primavera-sound-2024-to-feature-eclectic-gastronomic-line-up\/#breadcrumb","itemListElement":[{"@type":"ListItem","position":1,"name":"Portada","item":"https:\/\/www.tapasmagazine.es\/"},{"@type":"ListItem","position":2,"name":"Lifestyle","item":"https:\/\/www.tapasmagazine.es\/en\/categorias\/lifestyle-en\/"},{"@type":"ListItem","position":3,"name":"Primavera Sound 2024 to feature an eclectic gastronomic line-up"}]},{"@type":"WebSite","@id":"https:\/\/www.tapasmagazine.es\/#website","url":"https:\/\/www.tapasmagazine.es\/","name":"Tapas","description":"\u00d1am \u00d1am Lifestyle. La vida a bocados. Premio Nacional de Gastronom\u00eda 2016.","publisher":{"@id":"https:\/\/www.tapasmagazine.es\/#organization"},"potentialAction":[{"@type":"SearchAction","target":{"@type":"EntryPoint","urlTemplate":"https:\/\/www.tapasmagazine.es\/?s={search_term_string}"},"query-input":{"@type":"PropertyValueSpecification","valueRequired":true,"valueName":"search_term_string"}}],"inLanguage":"en-US"},{"@type":"Organization","@id":"https:\/\/www.tapasmagazine.es\/#organization","name":"Tapas Magazine","url":"https:\/\/www.tapasmagazine.es\/","logo":{"@type":"ImageObject","inLanguage":"en-US","@id":"https:\/\/www.tapasmagazine.es\/#\/schema\/logo\/image\/","url":"https:\/\/www.tapasmagazine.es\/wp-content\/uploads\/2018\/01\/logo.png","contentUrl":"https:\/\/www.tapasmagazine.es\/wp-content\/uploads\/2018\/01\/logo.png","width":180,"height":60,"caption":"Tapas Magazine"},"image":{"@id":"https:\/\/www.tapasmagazine.es\/#\/schema\/logo\/image\/"},"sameAs":["https:\/\/www.facebook.com\/tapasmagazine","https:\/\/x.com\/TapasMagazine","https:\/\/www.instagram.com\/tapasmagazine\/","https:\/\/www.linkedin.com\/company\/tapas-magazine","https:\/\/es.pinterest.com\/tapasmagazine\/","https:\/\/www.youtube.com\/channel\/UCEyxneAaACuR0lfDagrWjjg?sub_confirmation=1"]},{"@type":"Person","@id":"https:\/\/www.tapasmagazine.es\/#\/schema\/person\/eb46cbe76a9c8f062660eb609e3ecb4e","name":"Laura P\u00e9rez","url":"https:\/\/www.tapasmagazine.es\/en\/author\/laura-perez\/"}]}},"_links":{"self":[{"href":"https:\/\/www.tapasmagazine.es\/en\/wp-json\/wp\/v2\/posts\/250727","targetHints":{"allow":["GET"]}}],"collection":[{"href":"https:\/\/www.tapasmagazine.es\/en\/wp-json\/wp\/v2\/posts"}],"about":[{"href":"https:\/\/www.tapasmagazine.es\/en\/wp-json\/wp\/v2\/types\/post"}],"author":[{"embeddable":true,"href":"https:\/\/www.tapasmagazine.es\/en\/wp-json\/wp\/v2\/users\/285"}],"replies":[{"embeddable":true,"href":"https:\/\/www.tapasmagazine.es\/en\/wp-json\/wp\/v2\/comments?post=250727"}],"version-history":[{"count":2,"href":"https:\/\/www.tapasmagazine.es\/en\/wp-json\/wp\/v2\/posts\/250727\/revisions"}],"predecessor-version":[{"id":250737,"href":"https:\/\/www.tapasmagazine.es\/en\/wp-json\/wp\/v2\/posts\/250727\/revisions\/250737"}],"wp:featuredmedia":[{"embeddable":true,"href":"https:\/\/www.tapasmagazine.es\/en\/wp-json\/wp\/v2\/media\/250716"}],"wp:attachment":[{"href":"https:\/\/www.tapasmagazine.es\/en\/wp-json\/wp\/v2\/media?parent=250727"}],"wp:term":[{"taxonomy":"category","embeddable":true,"href":"https:\/\/www.tapasmagazine.es\/en\/wp-json\/wp\/v2\/categories?post=250727"},{"taxonomy":"post_tag","embeddable":true,"href":"https:\/\/www.tapasmagazine.es\/en\/wp-json\/wp\/v2\/tags?post=250727"}],"curies":[{"name":"wp","href":"https:\/\/api.w.org\/{rel}","templated":true}]}}