{"id":250302,"date":"2024-05-21T16:48:11","date_gmt":"2024-05-21T14:48:11","guid":{"rendered":"https:\/\/www.tapasmagazine.es\/el-chef-rafa-zafra-crece-en-espana-con-la-apertura-de-un-nuevo-restaurante-en-madrid\/"},"modified":"2024-05-21T16:50:41","modified_gmt":"2024-05-21T14:50:41","slug":"chef-rafa-zafra-grows-in-spain-with-new-restaurant-opening-in-madrid","status":"publish","type":"post","link":"https:\/\/www.tapasmagazine.es\/en\/chef-rafa-zafra-grows-in-spain-with-new-restaurant-opening-in-madrid\/","title":{"rendered":"Chef Rafa Zafra grows in Spain with new restaurant opening in Madrid"},"content":{"rendered":"\n<p><strong>Click <a href=\"https:\/\/www.tapasmagazine.es\/el-chef-rafa-zafra-crece-en-espana-con-la-apertura-de-un-nuevo-restaurante-en-madrid\/\" target=\"_blank\" rel=\"noreferrer noopener\">here<\/a> to read the Spanish version.<\/strong><\/p>\n\n\n\n<p>The Sevillian chef <strong>Rafa Zafra<\/strong> is growing in Spain with the opening of Casa de Comidas, his new restaurant in Madrid, which is located in the NH Collection Madrid Eurobuilding hotel, according to a press release.<\/p>\n\n\n\n<p>With this new opening, Zafra already has &#8216;Estimar&#8217;, which has locations in Barcelona and Madrid, &#8216;Rural&#8217;, dedicated to meat in Madrid, the &#8216;chiringuito&#8217; &#8216;Jondal&#8217; in Ibiza, the restaurant &#8216;Amar&#8217; in the Palace Hotel in Barcelona.<\/p>\n\n\n\n<p>In addition, the opening of Casa de Comidas comes with the recently renovated <strong>NH Collection Madrid Eurobuilding hotel<\/strong>, which consolidates it as one of the gastronomic epicentres in the capital, as, since its opening, the hotel has hosted internationally renowned proposals that are part of the culinary scene.<\/p>\n\n\n\n<p>In this way, the new space is marked with Zafra&#8217;s seal of identity, which defends &#8220;a traditional cuisine with sophisticated and hedonistic touches that turn the traditional into avant-garde&#8221;. Thus, the gastronomic proposal is prepared with the best seasonal produce, but always treated with the utmost respect, according to the establishment.<\/p>\n\n\n\n<p>It also has a wine list featuring the main Spanish designations of origin, which share the limelight with champagnes from major houses, sparkling wines, whites and ros\u00e9s.<\/p>\n","protected":false},"excerpt":{"rendered":"<p>Click here to read the Spanish version. The Sevillian chef Rafa Zafra is growing in Spain with the opening of Casa de Comidas, his new restaurant in Madrid, which is located in the NH Collection Madrid Eurobuilding hotel, according to a press release. With this new opening, Zafra already has &#8216;Estimar&#8217;, which has locations in [&hellip;]<\/p>\n","protected":false},"author":316,"featured_media":250296,"comment_status":"closed","ping_status":"closed","sticky":false,"template":"","format":"standard","meta":{"_acf_changed":false,"footnotes":""},"categories":[15848,15851],"tags":[16033,17746,15803],"class_list":["post-250302","post","type-post","status-publish","format-standard","has-post-thumbnail","hentry","category-chefs-en","category-nombres-propios-en","tag-madrid-en","tag-rafa-zafra-en","tag-restaurants","cat-15848-id","cat-15851-id"],"acf":[],"yoast_head":"<!-- This site is optimized with the Yoast SEO plugin v27.4 - https:\/\/yoast.com\/product\/yoast-seo-wordpress\/ -->\n<title>Chef Rafa Zafra grows in Spain with new restaurant opening in Madrid - Tapas<\/title>\n<meta name=\"description\" content=\"Click here to read the Spanish version. The Sevillian chef Rafa Zafra is growing in Spain with the opening of Casa de Comidas, his new restaurant in\" \/>\n<meta name=\"robots\" content=\"index, follow, max-snippet:-1, max-image-preview:large, max-video-preview:-1\" \/>\n<link rel=\"canonical\" href=\"https:\/\/www.tapasmagazine.es\/en\/chef-rafa-zafra-grows-in-spain-with-new-restaurant-opening-in-madrid\/\" \/>\n<meta property=\"og:locale\" content=\"en_US\" \/>\n<meta property=\"og:type\" content=\"article\" \/>\n<meta property=\"og:title\" content=\"Chef Rafa Zafra grows in Spain with new restaurant opening in Madrid - Tapas\" \/>\n<meta property=\"og:description\" content=\"Click here to read the Spanish version. The Sevillian chef Rafa Zafra is growing in Spain with the opening of Casa de Comidas, his new restaurant in\" \/>\n<meta property=\"og:url\" content=\"https:\/\/www.tapasmagazine.es\/en\/chef-rafa-zafra-grows-in-spain-with-new-restaurant-opening-in-madrid\/\" \/>\n<meta property=\"og:site_name\" content=\"Tapas\" \/>\n<meta property=\"article:publisher\" content=\"https:\/\/www.facebook.com\/tapasmagazine\" \/>\n<meta property=\"article:published_time\" content=\"2024-05-21T14:48:11+00:00\" \/>\n<meta property=\"article:modified_time\" content=\"2024-05-21T14:50:41+00:00\" \/>\n<meta property=\"og:image\" content=\"https:\/\/www.tapasmagazine.es\/wp-content\/uploads\/2024\/05\/rafa-zafra-casa-comidas.jpg\" \/>\n\t<meta property=\"og:image:width\" content=\"1200\" \/>\n\t<meta property=\"og:image:height\" content=\"675\" \/>\n\t<meta property=\"og:image:type\" content=\"image\/jpeg\" \/>\n<meta name=\"author\" content=\"TAPAS MAGAZINE\" \/>\n<meta name=\"twitter:card\" content=\"summary_large_image\" \/>\n<meta name=\"twitter:creator\" content=\"@TapasMagazine\" \/>\n<meta name=\"twitter:site\" content=\"@TapasMagazine\" \/>\n<meta name=\"twitter:label1\" content=\"Written by\" \/>\n\t<meta name=\"twitter:data1\" content=\"TAPAS MAGAZINE\" \/>\n\t<meta name=\"twitter:label2\" content=\"Est. reading time\" \/>\n\t<meta name=\"twitter:data2\" content=\"2 minutes\" \/>\n<script type=\"application\/ld+json\" class=\"yoast-schema-graph\">{\"@context\":\"https:\\\/\\\/schema.org\",\"@graph\":[{\"@type\":\"Article\",\"@id\":\"https:\\\/\\\/www.tapasmagazine.es\\\/en\\\/chef-rafa-zafra-grows-in-spain-with-new-restaurant-opening-in-madrid\\\/#article\",\"isPartOf\":{\"@id\":\"https:\\\/\\\/www.tapasmagazine.es\\\/en\\\/chef-rafa-zafra-grows-in-spain-with-new-restaurant-opening-in-madrid\\\/\"},\"author\":{\"name\":\"TAPAS MAGAZINE\",\"@id\":\"https:\\\/\\\/www.tapasmagazine.es\\\/#\\\/schema\\\/person\\\/aa2878f43139547f5e6a3af3b7fd27ef\"},\"headline\":\"Chef Rafa Zafra grows in Spain with new restaurant opening in Madrid\",\"datePublished\":\"2024-05-21T14:48:11+00:00\",\"dateModified\":\"2024-05-21T14:50:41+00:00\",\"mainEntityOfPage\":{\"@id\":\"https:\\\/\\\/www.tapasmagazine.es\\\/en\\\/chef-rafa-zafra-grows-in-spain-with-new-restaurant-opening-in-madrid\\\/\"},\"wordCount\":218,\"publisher\":{\"@id\":\"https:\\\/\\\/www.tapasmagazine.es\\\/#organization\"},\"image\":{\"@id\":\"https:\\\/\\\/www.tapasmagazine.es\\\/en\\\/chef-rafa-zafra-grows-in-spain-with-new-restaurant-opening-in-madrid\\\/#primaryimage\"},\"thumbnailUrl\":\"https:\\\/\\\/www.tapasmagazine.es\\\/wp-content\\\/uploads\\\/2024\\\/05\\\/rafa-zafra-casa-comidas.jpg\",\"keywords\":[\"Madrid\",\"Rafa Zafra\",\"restaurants\"],\"articleSection\":[\"Chefs\",\"Nombres propios\"],\"inLanguage\":\"en-US\"},{\"@type\":\"WebPage\",\"@id\":\"https:\\\/\\\/www.tapasmagazine.es\\\/en\\\/chef-rafa-zafra-grows-in-spain-with-new-restaurant-opening-in-madrid\\\/\",\"url\":\"https:\\\/\\\/www.tapasmagazine.es\\\/en\\\/chef-rafa-zafra-grows-in-spain-with-new-restaurant-opening-in-madrid\\\/\",\"name\":\"Chef Rafa Zafra grows in Spain with new restaurant opening in Madrid - Tapas\",\"isPartOf\":{\"@id\":\"https:\\\/\\\/www.tapasmagazine.es\\\/#website\"},\"primaryImageOfPage\":{\"@id\":\"https:\\\/\\\/www.tapasmagazine.es\\\/en\\\/chef-rafa-zafra-grows-in-spain-with-new-restaurant-opening-in-madrid\\\/#primaryimage\"},\"image\":{\"@id\":\"https:\\\/\\\/www.tapasmagazine.es\\\/en\\\/chef-rafa-zafra-grows-in-spain-with-new-restaurant-opening-in-madrid\\\/#primaryimage\"},\"thumbnailUrl\":\"https:\\\/\\\/www.tapasmagazine.es\\\/wp-content\\\/uploads\\\/2024\\\/05\\\/rafa-zafra-casa-comidas.jpg\",\"datePublished\":\"2024-05-21T14:48:11+00:00\",\"dateModified\":\"2024-05-21T14:50:41+00:00\",\"description\":\"Click here to read the Spanish version. The Sevillian chef Rafa Zafra is growing in Spain with the opening of Casa de Comidas, his new restaurant in\",\"breadcrumb\":{\"@id\":\"https:\\\/\\\/www.tapasmagazine.es\\\/en\\\/chef-rafa-zafra-grows-in-spain-with-new-restaurant-opening-in-madrid\\\/#breadcrumb\"},\"inLanguage\":\"en-US\",\"potentialAction\":[{\"@type\":\"ReadAction\",\"target\":[\"https:\\\/\\\/www.tapasmagazine.es\\\/en\\\/chef-rafa-zafra-grows-in-spain-with-new-restaurant-opening-in-madrid\\\/\"]}]},{\"@type\":\"ImageObject\",\"inLanguage\":\"en-US\",\"@id\":\"https:\\\/\\\/www.tapasmagazine.es\\\/en\\\/chef-rafa-zafra-grows-in-spain-with-new-restaurant-opening-in-madrid\\\/#primaryimage\",\"url\":\"https:\\\/\\\/www.tapasmagazine.es\\\/wp-content\\\/uploads\\\/2024\\\/05\\\/rafa-zafra-casa-comidas.jpg\",\"contentUrl\":\"https:\\\/\\\/www.tapasmagazine.es\\\/wp-content\\\/uploads\\\/2024\\\/05\\\/rafa-zafra-casa-comidas.jpg\",\"width\":1200,\"height\":675},{\"@type\":\"BreadcrumbList\",\"@id\":\"https:\\\/\\\/www.tapasmagazine.es\\\/en\\\/chef-rafa-zafra-grows-in-spain-with-new-restaurant-opening-in-madrid\\\/#breadcrumb\",\"itemListElement\":[{\"@type\":\"ListItem\",\"position\":1,\"name\":\"Portada\",\"item\":\"https:\\\/\\\/www.tapasmagazine.es\\\/\"},{\"@type\":\"ListItem\",\"position\":2,\"name\":\"Nombres propios\",\"item\":\"https:\\\/\\\/www.tapasmagazine.es\\\/en\\\/categorias\\\/nombres-propios-en\\\/\"},{\"@type\":\"ListItem\",\"position\":3,\"name\":\"Chef Rafa Zafra grows in Spain with new restaurant opening in Madrid\"}]},{\"@type\":\"WebSite\",\"@id\":\"https:\\\/\\\/www.tapasmagazine.es\\\/#website\",\"url\":\"https:\\\/\\\/www.tapasmagazine.es\\\/\",\"name\":\"Tapas\",\"description\":\"\u00d1am \u00d1am Lifestyle. La vida a bocados. Premio Nacional de Gastronom\u00eda 2016.\",\"publisher\":{\"@id\":\"https:\\\/\\\/www.tapasmagazine.es\\\/#organization\"},\"potentialAction\":[{\"@type\":\"SearchAction\",\"target\":{\"@type\":\"EntryPoint\",\"urlTemplate\":\"https:\\\/\\\/www.tapasmagazine.es\\\/?s={search_term_string}\"},\"query-input\":{\"@type\":\"PropertyValueSpecification\",\"valueRequired\":true,\"valueName\":\"search_term_string\"}}],\"inLanguage\":\"en-US\"},{\"@type\":\"Organization\",\"@id\":\"https:\\\/\\\/www.tapasmagazine.es\\\/#organization\",\"name\":\"Tapas Magazine\",\"url\":\"https:\\\/\\\/www.tapasmagazine.es\\\/\",\"logo\":{\"@type\":\"ImageObject\",\"inLanguage\":\"en-US\",\"@id\":\"https:\\\/\\\/www.tapasmagazine.es\\\/#\\\/schema\\\/logo\\\/image\\\/\",\"url\":\"https:\\\/\\\/www.tapasmagazine.es\\\/wp-content\\\/uploads\\\/2018\\\/01\\\/logo.png\",\"contentUrl\":\"https:\\\/\\\/www.tapasmagazine.es\\\/wp-content\\\/uploads\\\/2018\\\/01\\\/logo.png\",\"width\":180,\"height\":60,\"caption\":\"Tapas Magazine\"},\"image\":{\"@id\":\"https:\\\/\\\/www.tapasmagazine.es\\\/#\\\/schema\\\/logo\\\/image\\\/\"},\"sameAs\":[\"https:\\\/\\\/www.facebook.com\\\/tapasmagazine\",\"https:\\\/\\\/x.com\\\/TapasMagazine\",\"https:\\\/\\\/www.instagram.com\\\/tapasmagazine\\\/\",\"https:\\\/\\\/www.linkedin.com\\\/company\\\/tapas-magazine\",\"https:\\\/\\\/es.pinterest.com\\\/tapasmagazine\\\/\",\"https:\\\/\\\/www.youtube.com\\\/channel\\\/UCEyxneAaACuR0lfDagrWjjg?sub_confirmation=1\"]},{\"@type\":\"Person\",\"@id\":\"https:\\\/\\\/www.tapasmagazine.es\\\/#\\\/schema\\\/person\\\/aa2878f43139547f5e6a3af3b7fd27ef\",\"name\":\"TAPAS MAGAZINE\",\"url\":\"https:\\\/\\\/www.tapasmagazine.es\\\/en\\\/author\\\/tapasmagazine\\\/\"}]}<\/script>\n<!-- \/ Yoast SEO plugin. -->","yoast_head_json":{"title":"Chef Rafa Zafra grows in Spain with new restaurant opening in Madrid - Tapas","description":"Click here to read the Spanish version. The Sevillian chef Rafa Zafra is growing in Spain with the opening of Casa de Comidas, his new restaurant in","robots":{"index":"index","follow":"follow","max-snippet":"max-snippet:-1","max-image-preview":"max-image-preview:large","max-video-preview":"max-video-preview:-1"},"canonical":"https:\/\/www.tapasmagazine.es\/en\/chef-rafa-zafra-grows-in-spain-with-new-restaurant-opening-in-madrid\/","og_locale":"en_US","og_type":"article","og_title":"Chef Rafa Zafra grows in Spain with new restaurant opening in Madrid - Tapas","og_description":"Click here to read the Spanish version. The Sevillian chef Rafa Zafra is growing in Spain with the opening of Casa de Comidas, his new restaurant in","og_url":"https:\/\/www.tapasmagazine.es\/en\/chef-rafa-zafra-grows-in-spain-with-new-restaurant-opening-in-madrid\/","og_site_name":"Tapas","article_publisher":"https:\/\/www.facebook.com\/tapasmagazine","article_published_time":"2024-05-21T14:48:11+00:00","article_modified_time":"2024-05-21T14:50:41+00:00","og_image":[{"width":1200,"height":675,"url":"https:\/\/www.tapasmagazine.es\/wp-content\/uploads\/2024\/05\/rafa-zafra-casa-comidas.jpg","type":"image\/jpeg"}],"author":"TAPAS MAGAZINE","twitter_card":"summary_large_image","twitter_creator":"@TapasMagazine","twitter_site":"@TapasMagazine","twitter_misc":{"Written by":"TAPAS MAGAZINE","Est. reading time":"2 minutes"},"schema":{"@context":"https:\/\/schema.org","@graph":[{"@type":"Article","@id":"https:\/\/www.tapasmagazine.es\/en\/chef-rafa-zafra-grows-in-spain-with-new-restaurant-opening-in-madrid\/#article","isPartOf":{"@id":"https:\/\/www.tapasmagazine.es\/en\/chef-rafa-zafra-grows-in-spain-with-new-restaurant-opening-in-madrid\/"},"author":{"name":"TAPAS MAGAZINE","@id":"https:\/\/www.tapasmagazine.es\/#\/schema\/person\/aa2878f43139547f5e6a3af3b7fd27ef"},"headline":"Chef Rafa Zafra grows in Spain with new restaurant opening in Madrid","datePublished":"2024-05-21T14:48:11+00:00","dateModified":"2024-05-21T14:50:41+00:00","mainEntityOfPage":{"@id":"https:\/\/www.tapasmagazine.es\/en\/chef-rafa-zafra-grows-in-spain-with-new-restaurant-opening-in-madrid\/"},"wordCount":218,"publisher":{"@id":"https:\/\/www.tapasmagazine.es\/#organization"},"image":{"@id":"https:\/\/www.tapasmagazine.es\/en\/chef-rafa-zafra-grows-in-spain-with-new-restaurant-opening-in-madrid\/#primaryimage"},"thumbnailUrl":"https:\/\/www.tapasmagazine.es\/wp-content\/uploads\/2024\/05\/rafa-zafra-casa-comidas.jpg","keywords":["Madrid","Rafa Zafra","restaurants"],"articleSection":["Chefs","Nombres propios"],"inLanguage":"en-US"},{"@type":"WebPage","@id":"https:\/\/www.tapasmagazine.es\/en\/chef-rafa-zafra-grows-in-spain-with-new-restaurant-opening-in-madrid\/","url":"https:\/\/www.tapasmagazine.es\/en\/chef-rafa-zafra-grows-in-spain-with-new-restaurant-opening-in-madrid\/","name":"Chef Rafa Zafra grows in Spain with new restaurant opening in Madrid - Tapas","isPartOf":{"@id":"https:\/\/www.tapasmagazine.es\/#website"},"primaryImageOfPage":{"@id":"https:\/\/www.tapasmagazine.es\/en\/chef-rafa-zafra-grows-in-spain-with-new-restaurant-opening-in-madrid\/#primaryimage"},"image":{"@id":"https:\/\/www.tapasmagazine.es\/en\/chef-rafa-zafra-grows-in-spain-with-new-restaurant-opening-in-madrid\/#primaryimage"},"thumbnailUrl":"https:\/\/www.tapasmagazine.es\/wp-content\/uploads\/2024\/05\/rafa-zafra-casa-comidas.jpg","datePublished":"2024-05-21T14:48:11+00:00","dateModified":"2024-05-21T14:50:41+00:00","description":"Click here to read the Spanish version. The Sevillian chef Rafa Zafra is growing in Spain with the opening of Casa de Comidas, his new restaurant in","breadcrumb":{"@id":"https:\/\/www.tapasmagazine.es\/en\/chef-rafa-zafra-grows-in-spain-with-new-restaurant-opening-in-madrid\/#breadcrumb"},"inLanguage":"en-US","potentialAction":[{"@type":"ReadAction","target":["https:\/\/www.tapasmagazine.es\/en\/chef-rafa-zafra-grows-in-spain-with-new-restaurant-opening-in-madrid\/"]}]},{"@type":"ImageObject","inLanguage":"en-US","@id":"https:\/\/www.tapasmagazine.es\/en\/chef-rafa-zafra-grows-in-spain-with-new-restaurant-opening-in-madrid\/#primaryimage","url":"https:\/\/www.tapasmagazine.es\/wp-content\/uploads\/2024\/05\/rafa-zafra-casa-comidas.jpg","contentUrl":"https:\/\/www.tapasmagazine.es\/wp-content\/uploads\/2024\/05\/rafa-zafra-casa-comidas.jpg","width":1200,"height":675},{"@type":"BreadcrumbList","@id":"https:\/\/www.tapasmagazine.es\/en\/chef-rafa-zafra-grows-in-spain-with-new-restaurant-opening-in-madrid\/#breadcrumb","itemListElement":[{"@type":"ListItem","position":1,"name":"Portada","item":"https:\/\/www.tapasmagazine.es\/"},{"@type":"ListItem","position":2,"name":"Nombres propios","item":"https:\/\/www.tapasmagazine.es\/en\/categorias\/nombres-propios-en\/"},{"@type":"ListItem","position":3,"name":"Chef Rafa Zafra grows in Spain with new restaurant opening in Madrid"}]},{"@type":"WebSite","@id":"https:\/\/www.tapasmagazine.es\/#website","url":"https:\/\/www.tapasmagazine.es\/","name":"Tapas","description":"\u00d1am \u00d1am Lifestyle. La vida a bocados. Premio Nacional de Gastronom\u00eda 2016.","publisher":{"@id":"https:\/\/www.tapasmagazine.es\/#organization"},"potentialAction":[{"@type":"SearchAction","target":{"@type":"EntryPoint","urlTemplate":"https:\/\/www.tapasmagazine.es\/?s={search_term_string}"},"query-input":{"@type":"PropertyValueSpecification","valueRequired":true,"valueName":"search_term_string"}}],"inLanguage":"en-US"},{"@type":"Organization","@id":"https:\/\/www.tapasmagazine.es\/#organization","name":"Tapas Magazine","url":"https:\/\/www.tapasmagazine.es\/","logo":{"@type":"ImageObject","inLanguage":"en-US","@id":"https:\/\/www.tapasmagazine.es\/#\/schema\/logo\/image\/","url":"https:\/\/www.tapasmagazine.es\/wp-content\/uploads\/2018\/01\/logo.png","contentUrl":"https:\/\/www.tapasmagazine.es\/wp-content\/uploads\/2018\/01\/logo.png","width":180,"height":60,"caption":"Tapas Magazine"},"image":{"@id":"https:\/\/www.tapasmagazine.es\/#\/schema\/logo\/image\/"},"sameAs":["https:\/\/www.facebook.com\/tapasmagazine","https:\/\/x.com\/TapasMagazine","https:\/\/www.instagram.com\/tapasmagazine\/","https:\/\/www.linkedin.com\/company\/tapas-magazine","https:\/\/es.pinterest.com\/tapasmagazine\/","https:\/\/www.youtube.com\/channel\/UCEyxneAaACuR0lfDagrWjjg?sub_confirmation=1"]},{"@type":"Person","@id":"https:\/\/www.tapasmagazine.es\/#\/schema\/person\/aa2878f43139547f5e6a3af3b7fd27ef","name":"TAPAS MAGAZINE","url":"https:\/\/www.tapasmagazine.es\/en\/author\/tapasmagazine\/"}]}},"_links":{"self":[{"href":"https:\/\/www.tapasmagazine.es\/en\/wp-json\/wp\/v2\/posts\/250302","targetHints":{"allow":["GET"]}}],"collection":[{"href":"https:\/\/www.tapasmagazine.es\/en\/wp-json\/wp\/v2\/posts"}],"about":[{"href":"https:\/\/www.tapasmagazine.es\/en\/wp-json\/wp\/v2\/types\/post"}],"author":[{"embeddable":true,"href":"https:\/\/www.tapasmagazine.es\/en\/wp-json\/wp\/v2\/users\/316"}],"replies":[{"embeddable":true,"href":"https:\/\/www.tapasmagazine.es\/en\/wp-json\/wp\/v2\/comments?post=250302"}],"version-history":[{"count":2,"href":"https:\/\/www.tapasmagazine.es\/en\/wp-json\/wp\/v2\/posts\/250302\/revisions"}],"predecessor-version":[{"id":250307,"href":"https:\/\/www.tapasmagazine.es\/en\/wp-json\/wp\/v2\/posts\/250302\/revisions\/250307"}],"wp:featuredmedia":[{"embeddable":true,"href":"https:\/\/www.tapasmagazine.es\/en\/wp-json\/wp\/v2\/media\/250296"}],"wp:attachment":[{"href":"https:\/\/www.tapasmagazine.es\/en\/wp-json\/wp\/v2\/media?parent=250302"}],"wp:term":[{"taxonomy":"category","embeddable":true,"href":"https:\/\/www.tapasmagazine.es\/en\/wp-json\/wp\/v2\/categories?post=250302"},{"taxonomy":"post_tag","embeddable":true,"href":"https:\/\/www.tapasmagazine.es\/en\/wp-json\/wp\/v2\/tags?post=250302"}],"curies":[{"name":"wp","href":"https:\/\/api.w.org\/{rel}","templated":true}]}}