{"id":250060,"date":"2024-05-20T13:43:05","date_gmt":"2024-05-20T11:43:05","guid":{"rendered":"https:\/\/www.tapasmagazine.es\/asian-army-llega-a-cafe-comercial\/"},"modified":"2024-05-20T13:45:30","modified_gmt":"2024-05-20T11:45:30","slug":"asian-army-arrives-at-cafe-comercial","status":"publish","type":"post","link":"https:\/\/www.tapasmagazine.es\/en\/asian-army-arrives-at-cafe-comercial\/","title":{"rendered":"Asian Army arrives at Caf\u00e9 Comercial"},"content":{"rendered":"\n<p><strong>Click <a href=\"https:\/\/www.tapasmagazine.es\/asian-army-llega-a-cafe-comercial\/\" target=\"_blank\" rel=\"noreferrer noopener\">here<\/a> to read the Spanish version.<\/strong><\/p>\n\n\n\n<p>The bar of this Madrid classic will be reserved exclusively for Sunday 26th, Monday 27th May and Sunday 9th and Monday 10th June to present the traditional and Asian fusion that <strong>Caf\u00e9 Comercial<\/strong> x <strong>Asian Army<\/strong> has designed.<\/p>\n\n\n\n<p><strong>Caf\u00e9 Comercial<\/strong> will delight diners during these days with a special menu created in conjunction with the Southeast Asian cuisine restaurant, focusing on homemade gastronomy and street food with dishes featuring the flavours of Indonesia, Singapore, Malaysia, Thailand and Vietnam.<\/p>\n\n\n<div class=\"wp-block-image\">\n<figure class=\"aligncenter size-full is-resized\"><img decoding=\"async\" width=\"1000\" height=\"667\" src=\"https:\/\/www.tapasmagazine.es\/wp-content\/uploads\/2024\/05\/asian-army-3.jpg\" alt=\"\" class=\"wp-image-250048\" style=\"width:952px;height:auto\" srcset=\"https:\/\/www.tapasmagazine.es\/wp-content\/uploads\/2024\/05\/asian-army-3.jpg 1000w, https:\/\/www.tapasmagazine.es\/wp-content\/uploads\/2024\/05\/asian-army-3-300x200.jpg 300w, https:\/\/www.tapasmagazine.es\/wp-content\/uploads\/2024\/05\/asian-army-3-768x512.jpg 768w, https:\/\/www.tapasmagazine.es\/wp-content\/uploads\/2024\/05\/asian-army-3-400x267.jpg 400w\" sizes=\"(max-width: 1000px) 100vw, 1000px\" \/><\/figure>\n<\/div>\n\n\n<p>The proposal will be orchestrated around<strong> nine dishe<\/strong>s and <strong>two desserts<\/strong> designed by the culinary duo <strong>Isadora Tan <\/strong>of <strong>Asian Army<\/strong> and <strong>Carlos Moreno<\/strong>, the chef of<strong> Comercial<\/strong>. Their identities will be harmoniously diluted in dishes such as sate ayam rempah, a skewered chicken with Indonesian spices, fried okra with yoghurt, coriander and mint sauce, torreznos with curry and black pepper sauce or oxtail nem.<\/p>\n\n\n\n<p>To continue the experience, they will serve dishes such as Isan-style fried sea bass with herb salad and toasted Khao Khua rice, phad phak boong fai dai with morning glory and fermented yellow bean, mini Laksa deluxe, a spicy soup made according to Isadora&#8217;s grandmother&#8217;s traditional recipe with prawns, shrimp, fish balls and tofu, or Pad Thai ca\u00f1\u00ed, bound with Madrid-style tripe sauce.<\/p>\n\n\n<div class=\"wp-block-image\">\n<figure class=\"aligncenter size-large is-resized\"><img decoding=\"async\" width=\"683\" height=\"1024\" src=\"https:\/\/www.tapasmagazine.es\/wp-content\/uploads\/2024\/05\/asian-army-2-683x1024.jpg\" alt=\"\" class=\"wp-image-250046\" style=\"width:1105px;height:auto\" srcset=\"https:\/\/www.tapasmagazine.es\/wp-content\/uploads\/2024\/05\/asian-army-2-683x1024.jpg 683w, https:\/\/www.tapasmagazine.es\/wp-content\/uploads\/2024\/05\/asian-army-2-200x300.jpg 200w, https:\/\/www.tapasmagazine.es\/wp-content\/uploads\/2024\/05\/asian-army-2-768x1152.jpg 768w, https:\/\/www.tapasmagazine.es\/wp-content\/uploads\/2024\/05\/asian-army-2-1024x1536.jpg 1024w, https:\/\/www.tapasmagazine.es\/wp-content\/uploads\/2024\/05\/asian-army-2-1365x2048.jpg 1365w, https:\/\/www.tapasmagazine.es\/wp-content\/uploads\/2024\/05\/asian-army-2-1000x1500.jpg 1000w, https:\/\/www.tapasmagazine.es\/wp-content\/uploads\/2024\/05\/asian-army-2-400x600.jpg 400w, https:\/\/www.tapasmagazine.es\/wp-content\/uploads\/2024\/05\/asian-army-2-scaled.jpg 1707w\" sizes=\"(max-width: 683px) 100vw, 683px\" \/><\/figure>\n<\/div>\n\n\n<p>The final part will be dedicated to savouring exoticism through surprising desserts such as coconut mochi ice cream with pandan sticky rice, jackfruit, peanut and toasted sesame and the Tha\u00eflova, pavlova with coconut cream, slightly spicy mint and basil syrup and sour passion fruit soup.<\/p>\n","protected":false},"excerpt":{"rendered":"<p>Click here to read the Spanish version. The bar of this Madrid classic will be reserved exclusively for Sunday 26th, Monday 27th May and Sunday 9th and Monday 10th June to present the traditional and Asian fusion that Caf\u00e9 Comercial x Asian Army has designed. Caf\u00e9 Comercial will delight diners during these days with a [&hellip;]<\/p>\n","protected":false},"author":285,"featured_media":250042,"comment_status":"closed","ping_status":"closed","sticky":false,"template":"","format":"standard","meta":{"_acf_changed":false,"footnotes":""},"categories":[18831,15802,1],"tags":[16033,15803],"class_list":["post-250060","post","type-post","status-publish","format-standard","has-post-thumbnail","hentry","category-lifestyle-en","category-news","category-sin-categorizar","tag-madrid-en","tag-restaurants","cat-18831-id","cat-15802-id","cat-1-id"],"acf":[],"yoast_head":"<!-- This site is optimized with the Yoast SEO plugin v27.5 - https:\/\/yoast.com\/product\/yoast-seo-wordpress\/ -->\n<title>Asian Army arrives at Caf\u00e9 Comercial - Tapas<\/title>\n<meta name=\"description\" content=\"Click here to read the Spanish version. The bar of this Madrid classic will be reserved exclusively for Sunday 26th, Monday 27th May and Sunday 9th and\" \/>\n<meta name=\"robots\" content=\"index, follow, max-snippet:-1, max-image-preview:large, max-video-preview:-1\" \/>\n<link rel=\"canonical\" href=\"https:\/\/www.tapasmagazine.es\/en\/asian-army-arrives-at-cafe-comercial\/\" \/>\n<meta property=\"og:locale\" content=\"en_US\" \/>\n<meta property=\"og:type\" content=\"article\" \/>\n<meta property=\"og:title\" content=\"Asian Army arrives at Caf\u00e9 Comercial - Tapas\" \/>\n<meta property=\"og:description\" content=\"Click here to read the Spanish version. The bar of this Madrid classic will be reserved exclusively for Sunday 26th, Monday 27th May and Sunday 9th and\" \/>\n<meta property=\"og:url\" content=\"https:\/\/www.tapasmagazine.es\/en\/asian-army-arrives-at-cafe-comercial\/\" \/>\n<meta property=\"og:site_name\" content=\"Tapas\" \/>\n<meta property=\"article:publisher\" content=\"https:\/\/www.facebook.com\/tapasmagazine\" \/>\n<meta property=\"article:published_time\" content=\"2024-05-20T11:43:05+00:00\" \/>\n<meta property=\"article:modified_time\" content=\"2024-05-20T11:45:30+00:00\" \/>\n<meta property=\"og:image\" content=\"https:\/\/www.tapasmagazine.es\/wp-content\/uploads\/2024\/05\/asian-army-1.jpg\" \/>\n\t<meta property=\"og:image:width\" content=\"1200\" \/>\n\t<meta property=\"og:image:height\" content=\"675\" \/>\n\t<meta property=\"og:image:type\" content=\"image\/jpeg\" \/>\n<meta name=\"author\" content=\"Laura P\u00e9rez\" \/>\n<meta name=\"twitter:card\" content=\"summary_large_image\" \/>\n<meta name=\"twitter:creator\" content=\"@TapasMagazine\" \/>\n<meta name=\"twitter:site\" content=\"@TapasMagazine\" \/>\n<meta name=\"twitter:label1\" content=\"Written by\" \/>\n\t<meta name=\"twitter:data1\" content=\"Laura P\u00e9rez\" \/>\n\t<meta name=\"twitter:label2\" content=\"Est. reading time\" \/>\n\t<meta name=\"twitter:data2\" content=\"2 minutes\" \/>\n<script type=\"application\/ld+json\" class=\"yoast-schema-graph\">{\"@context\":\"https:\\\/\\\/schema.org\",\"@graph\":[{\"@type\":\"Article\",\"@id\":\"https:\\\/\\\/www.tapasmagazine.es\\\/en\\\/asian-army-arrives-at-cafe-comercial\\\/#article\",\"isPartOf\":{\"@id\":\"https:\\\/\\\/www.tapasmagazine.es\\\/en\\\/asian-army-arrives-at-cafe-comercial\\\/\"},\"author\":{\"name\":\"Laura P\u00e9rez\",\"@id\":\"https:\\\/\\\/www.tapasmagazine.es\\\/#\\\/schema\\\/person\\\/eb46cbe76a9c8f062660eb609e3ecb4e\"},\"headline\":\"Asian Army arrives at Caf\u00e9 Comercial\",\"datePublished\":\"2024-05-20T11:43:05+00:00\",\"dateModified\":\"2024-05-20T11:45:30+00:00\",\"mainEntityOfPage\":{\"@id\":\"https:\\\/\\\/www.tapasmagazine.es\\\/en\\\/asian-army-arrives-at-cafe-comercial\\\/\"},\"wordCount\":267,\"publisher\":{\"@id\":\"https:\\\/\\\/www.tapasmagazine.es\\\/#organization\"},\"image\":{\"@id\":\"https:\\\/\\\/www.tapasmagazine.es\\\/en\\\/asian-army-arrives-at-cafe-comercial\\\/#primaryimage\"},\"thumbnailUrl\":\"https:\\\/\\\/www.tapasmagazine.es\\\/wp-content\\\/uploads\\\/2024\\\/05\\\/asian-army-1.jpg\",\"keywords\":[\"Madrid\",\"restaurants\"],\"articleSection\":[\"Lifestyle\",\"News\",\"Sin categorizar\"],\"inLanguage\":\"en-US\"},{\"@type\":\"WebPage\",\"@id\":\"https:\\\/\\\/www.tapasmagazine.es\\\/en\\\/asian-army-arrives-at-cafe-comercial\\\/\",\"url\":\"https:\\\/\\\/www.tapasmagazine.es\\\/en\\\/asian-army-arrives-at-cafe-comercial\\\/\",\"name\":\"Asian Army arrives at Caf\u00e9 Comercial - Tapas\",\"isPartOf\":{\"@id\":\"https:\\\/\\\/www.tapasmagazine.es\\\/#website\"},\"primaryImageOfPage\":{\"@id\":\"https:\\\/\\\/www.tapasmagazine.es\\\/en\\\/asian-army-arrives-at-cafe-comercial\\\/#primaryimage\"},\"image\":{\"@id\":\"https:\\\/\\\/www.tapasmagazine.es\\\/en\\\/asian-army-arrives-at-cafe-comercial\\\/#primaryimage\"},\"thumbnailUrl\":\"https:\\\/\\\/www.tapasmagazine.es\\\/wp-content\\\/uploads\\\/2024\\\/05\\\/asian-army-1.jpg\",\"datePublished\":\"2024-05-20T11:43:05+00:00\",\"dateModified\":\"2024-05-20T11:45:30+00:00\",\"description\":\"Click here to read the Spanish version. The bar of this Madrid classic will be reserved exclusively for Sunday 26th, Monday 27th May and Sunday 9th and\",\"breadcrumb\":{\"@id\":\"https:\\\/\\\/www.tapasmagazine.es\\\/en\\\/asian-army-arrives-at-cafe-comercial\\\/#breadcrumb\"},\"inLanguage\":\"en-US\",\"potentialAction\":[{\"@type\":\"ReadAction\",\"target\":[\"https:\\\/\\\/www.tapasmagazine.es\\\/en\\\/asian-army-arrives-at-cafe-comercial\\\/\"]}]},{\"@type\":\"ImageObject\",\"inLanguage\":\"en-US\",\"@id\":\"https:\\\/\\\/www.tapasmagazine.es\\\/en\\\/asian-army-arrives-at-cafe-comercial\\\/#primaryimage\",\"url\":\"https:\\\/\\\/www.tapasmagazine.es\\\/wp-content\\\/uploads\\\/2024\\\/05\\\/asian-army-1.jpg\",\"contentUrl\":\"https:\\\/\\\/www.tapasmagazine.es\\\/wp-content\\\/uploads\\\/2024\\\/05\\\/asian-army-1.jpg\",\"width\":1200,\"height\":675},{\"@type\":\"BreadcrumbList\",\"@id\":\"https:\\\/\\\/www.tapasmagazine.es\\\/en\\\/asian-army-arrives-at-cafe-comercial\\\/#breadcrumb\",\"itemListElement\":[{\"@type\":\"ListItem\",\"position\":1,\"name\":\"Portada\",\"item\":\"https:\\\/\\\/www.tapasmagazine.es\\\/\"},{\"@type\":\"ListItem\",\"position\":2,\"name\":\"Sin categorizar\",\"item\":\"https:\\\/\\\/www.tapasmagazine.es\\\/categorias\\\/sin-categorizar\\\/\"},{\"@type\":\"ListItem\",\"position\":3,\"name\":\"Asian Army arrives at Caf\u00e9 Comercial\"}]},{\"@type\":\"WebSite\",\"@id\":\"https:\\\/\\\/www.tapasmagazine.es\\\/#website\",\"url\":\"https:\\\/\\\/www.tapasmagazine.es\\\/\",\"name\":\"Tapas\",\"description\":\"\u00d1am \u00d1am Lifestyle. La vida a bocados. Premio Nacional de Gastronom\u00eda 2016.\",\"publisher\":{\"@id\":\"https:\\\/\\\/www.tapasmagazine.es\\\/#organization\"},\"potentialAction\":[{\"@type\":\"SearchAction\",\"target\":{\"@type\":\"EntryPoint\",\"urlTemplate\":\"https:\\\/\\\/www.tapasmagazine.es\\\/?s={search_term_string}\"},\"query-input\":{\"@type\":\"PropertyValueSpecification\",\"valueRequired\":true,\"valueName\":\"search_term_string\"}}],\"inLanguage\":\"en-US\"},{\"@type\":\"Organization\",\"@id\":\"https:\\\/\\\/www.tapasmagazine.es\\\/#organization\",\"name\":\"Tapas Magazine\",\"url\":\"https:\\\/\\\/www.tapasmagazine.es\\\/\",\"logo\":{\"@type\":\"ImageObject\",\"inLanguage\":\"en-US\",\"@id\":\"https:\\\/\\\/www.tapasmagazine.es\\\/#\\\/schema\\\/logo\\\/image\\\/\",\"url\":\"https:\\\/\\\/www.tapasmagazine.es\\\/wp-content\\\/uploads\\\/2018\\\/01\\\/logo.png\",\"contentUrl\":\"https:\\\/\\\/www.tapasmagazine.es\\\/wp-content\\\/uploads\\\/2018\\\/01\\\/logo.png\",\"width\":180,\"height\":60,\"caption\":\"Tapas Magazine\"},\"image\":{\"@id\":\"https:\\\/\\\/www.tapasmagazine.es\\\/#\\\/schema\\\/logo\\\/image\\\/\"},\"sameAs\":[\"https:\\\/\\\/www.facebook.com\\\/tapasmagazine\",\"https:\\\/\\\/x.com\\\/TapasMagazine\",\"https:\\\/\\\/www.instagram.com\\\/tapasmagazine\\\/\",\"https:\\\/\\\/www.linkedin.com\\\/company\\\/tapas-magazine\",\"https:\\\/\\\/es.pinterest.com\\\/tapasmagazine\\\/\",\"https:\\\/\\\/www.youtube.com\\\/channel\\\/UCEyxneAaACuR0lfDagrWjjg?sub_confirmation=1\"]},{\"@type\":\"Person\",\"@id\":\"https:\\\/\\\/www.tapasmagazine.es\\\/#\\\/schema\\\/person\\\/eb46cbe76a9c8f062660eb609e3ecb4e\",\"name\":\"Laura P\u00e9rez\",\"url\":\"https:\\\/\\\/www.tapasmagazine.es\\\/en\\\/author\\\/laura-perez\\\/\"}]}<\/script>\n<!-- \/ Yoast SEO plugin. -->","yoast_head_json":{"title":"Asian Army arrives at Caf\u00e9 Comercial - Tapas","description":"Click here to read the Spanish version. The bar of this Madrid classic will be reserved exclusively for Sunday 26th, Monday 27th May and Sunday 9th and","robots":{"index":"index","follow":"follow","max-snippet":"max-snippet:-1","max-image-preview":"max-image-preview:large","max-video-preview":"max-video-preview:-1"},"canonical":"https:\/\/www.tapasmagazine.es\/en\/asian-army-arrives-at-cafe-comercial\/","og_locale":"en_US","og_type":"article","og_title":"Asian Army arrives at Caf\u00e9 Comercial - Tapas","og_description":"Click here to read the Spanish version. The bar of this Madrid classic will be reserved exclusively for Sunday 26th, Monday 27th May and Sunday 9th and","og_url":"https:\/\/www.tapasmagazine.es\/en\/asian-army-arrives-at-cafe-comercial\/","og_site_name":"Tapas","article_publisher":"https:\/\/www.facebook.com\/tapasmagazine","article_published_time":"2024-05-20T11:43:05+00:00","article_modified_time":"2024-05-20T11:45:30+00:00","og_image":[{"width":1200,"height":675,"url":"https:\/\/www.tapasmagazine.es\/wp-content\/uploads\/2024\/05\/asian-army-1.jpg","type":"image\/jpeg"}],"author":"Laura P\u00e9rez","twitter_card":"summary_large_image","twitter_creator":"@TapasMagazine","twitter_site":"@TapasMagazine","twitter_misc":{"Written by":"Laura P\u00e9rez","Est. reading time":"2 minutes"},"schema":{"@context":"https:\/\/schema.org","@graph":[{"@type":"Article","@id":"https:\/\/www.tapasmagazine.es\/en\/asian-army-arrives-at-cafe-comercial\/#article","isPartOf":{"@id":"https:\/\/www.tapasmagazine.es\/en\/asian-army-arrives-at-cafe-comercial\/"},"author":{"name":"Laura P\u00e9rez","@id":"https:\/\/www.tapasmagazine.es\/#\/schema\/person\/eb46cbe76a9c8f062660eb609e3ecb4e"},"headline":"Asian Army arrives at Caf\u00e9 Comercial","datePublished":"2024-05-20T11:43:05+00:00","dateModified":"2024-05-20T11:45:30+00:00","mainEntityOfPage":{"@id":"https:\/\/www.tapasmagazine.es\/en\/asian-army-arrives-at-cafe-comercial\/"},"wordCount":267,"publisher":{"@id":"https:\/\/www.tapasmagazine.es\/#organization"},"image":{"@id":"https:\/\/www.tapasmagazine.es\/en\/asian-army-arrives-at-cafe-comercial\/#primaryimage"},"thumbnailUrl":"https:\/\/www.tapasmagazine.es\/wp-content\/uploads\/2024\/05\/asian-army-1.jpg","keywords":["Madrid","restaurants"],"articleSection":["Lifestyle","News","Sin categorizar"],"inLanguage":"en-US"},{"@type":"WebPage","@id":"https:\/\/www.tapasmagazine.es\/en\/asian-army-arrives-at-cafe-comercial\/","url":"https:\/\/www.tapasmagazine.es\/en\/asian-army-arrives-at-cafe-comercial\/","name":"Asian Army arrives at Caf\u00e9 Comercial - Tapas","isPartOf":{"@id":"https:\/\/www.tapasmagazine.es\/#website"},"primaryImageOfPage":{"@id":"https:\/\/www.tapasmagazine.es\/en\/asian-army-arrives-at-cafe-comercial\/#primaryimage"},"image":{"@id":"https:\/\/www.tapasmagazine.es\/en\/asian-army-arrives-at-cafe-comercial\/#primaryimage"},"thumbnailUrl":"https:\/\/www.tapasmagazine.es\/wp-content\/uploads\/2024\/05\/asian-army-1.jpg","datePublished":"2024-05-20T11:43:05+00:00","dateModified":"2024-05-20T11:45:30+00:00","description":"Click here to read the Spanish version. The bar of this Madrid classic will be reserved exclusively for Sunday 26th, Monday 27th May and Sunday 9th and","breadcrumb":{"@id":"https:\/\/www.tapasmagazine.es\/en\/asian-army-arrives-at-cafe-comercial\/#breadcrumb"},"inLanguage":"en-US","potentialAction":[{"@type":"ReadAction","target":["https:\/\/www.tapasmagazine.es\/en\/asian-army-arrives-at-cafe-comercial\/"]}]},{"@type":"ImageObject","inLanguage":"en-US","@id":"https:\/\/www.tapasmagazine.es\/en\/asian-army-arrives-at-cafe-comercial\/#primaryimage","url":"https:\/\/www.tapasmagazine.es\/wp-content\/uploads\/2024\/05\/asian-army-1.jpg","contentUrl":"https:\/\/www.tapasmagazine.es\/wp-content\/uploads\/2024\/05\/asian-army-1.jpg","width":1200,"height":675},{"@type":"BreadcrumbList","@id":"https:\/\/www.tapasmagazine.es\/en\/asian-army-arrives-at-cafe-comercial\/#breadcrumb","itemListElement":[{"@type":"ListItem","position":1,"name":"Portada","item":"https:\/\/www.tapasmagazine.es\/"},{"@type":"ListItem","position":2,"name":"Sin categorizar","item":"https:\/\/www.tapasmagazine.es\/categorias\/sin-categorizar\/"},{"@type":"ListItem","position":3,"name":"Asian Army arrives at Caf\u00e9 Comercial"}]},{"@type":"WebSite","@id":"https:\/\/www.tapasmagazine.es\/#website","url":"https:\/\/www.tapasmagazine.es\/","name":"Tapas","description":"\u00d1am \u00d1am Lifestyle. La vida a bocados. Premio Nacional de Gastronom\u00eda 2016.","publisher":{"@id":"https:\/\/www.tapasmagazine.es\/#organization"},"potentialAction":[{"@type":"SearchAction","target":{"@type":"EntryPoint","urlTemplate":"https:\/\/www.tapasmagazine.es\/?s={search_term_string}"},"query-input":{"@type":"PropertyValueSpecification","valueRequired":true,"valueName":"search_term_string"}}],"inLanguage":"en-US"},{"@type":"Organization","@id":"https:\/\/www.tapasmagazine.es\/#organization","name":"Tapas Magazine","url":"https:\/\/www.tapasmagazine.es\/","logo":{"@type":"ImageObject","inLanguage":"en-US","@id":"https:\/\/www.tapasmagazine.es\/#\/schema\/logo\/image\/","url":"https:\/\/www.tapasmagazine.es\/wp-content\/uploads\/2018\/01\/logo.png","contentUrl":"https:\/\/www.tapasmagazine.es\/wp-content\/uploads\/2018\/01\/logo.png","width":180,"height":60,"caption":"Tapas Magazine"},"image":{"@id":"https:\/\/www.tapasmagazine.es\/#\/schema\/logo\/image\/"},"sameAs":["https:\/\/www.facebook.com\/tapasmagazine","https:\/\/x.com\/TapasMagazine","https:\/\/www.instagram.com\/tapasmagazine\/","https:\/\/www.linkedin.com\/company\/tapas-magazine","https:\/\/es.pinterest.com\/tapasmagazine\/","https:\/\/www.youtube.com\/channel\/UCEyxneAaACuR0lfDagrWjjg?sub_confirmation=1"]},{"@type":"Person","@id":"https:\/\/www.tapasmagazine.es\/#\/schema\/person\/eb46cbe76a9c8f062660eb609e3ecb4e","name":"Laura P\u00e9rez","url":"https:\/\/www.tapasmagazine.es\/en\/author\/laura-perez\/"}]}},"_links":{"self":[{"href":"https:\/\/www.tapasmagazine.es\/en\/wp-json\/wp\/v2\/posts\/250060","targetHints":{"allow":["GET"]}}],"collection":[{"href":"https:\/\/www.tapasmagazine.es\/en\/wp-json\/wp\/v2\/posts"}],"about":[{"href":"https:\/\/www.tapasmagazine.es\/en\/wp-json\/wp\/v2\/types\/post"}],"author":[{"embeddable":true,"href":"https:\/\/www.tapasmagazine.es\/en\/wp-json\/wp\/v2\/users\/285"}],"replies":[{"embeddable":true,"href":"https:\/\/www.tapasmagazine.es\/en\/wp-json\/wp\/v2\/comments?post=250060"}],"version-history":[{"count":2,"href":"https:\/\/www.tapasmagazine.es\/en\/wp-json\/wp\/v2\/posts\/250060\/revisions"}],"predecessor-version":[{"id":250067,"href":"https:\/\/www.tapasmagazine.es\/en\/wp-json\/wp\/v2\/posts\/250060\/revisions\/250067"}],"wp:featuredmedia":[{"embeddable":true,"href":"https:\/\/www.tapasmagazine.es\/en\/wp-json\/wp\/v2\/media\/250042"}],"wp:attachment":[{"href":"https:\/\/www.tapasmagazine.es\/en\/wp-json\/wp\/v2\/media?parent=250060"}],"wp:term":[{"taxonomy":"category","embeddable":true,"href":"https:\/\/www.tapasmagazine.es\/en\/wp-json\/wp\/v2\/categories?post=250060"},{"taxonomy":"post_tag","embeddable":true,"href":"https:\/\/www.tapasmagazine.es\/en\/wp-json\/wp\/v2\/tags?post=250060"}],"curies":[{"name":"wp","href":"https:\/\/api.w.org\/{rel}","templated":true}]}}