{"id":248714,"date":"2024-05-10T13:10:17","date_gmt":"2024-05-10T11:10:17","guid":{"rendered":"https:\/\/www.tapasmagazine.es\/portamerica-fusionara-musica-y-alta-gastronomia-en-su-iconico-festival\/"},"modified":"2024-05-10T13:14:24","modified_gmt":"2024-05-10T11:14:24","slug":"portamerica-fuse-music-haute-cuisine-at-its-iconic-festival","status":"publish","type":"post","link":"https:\/\/www.tapasmagazine.es\/en\/portamerica-fuse-music-haute-cuisine-at-its-iconic-festival\/","title":{"rendered":"PortAmerica to fuse music and haute cuisine at its iconic festival"},"content":{"rendered":"\n<p><strong>Click <a href=\"https:\/\/www.tapasmagazine.es\/portamerica-fusionara-musica-y-alta-gastronomia-en-su-iconico-festival\/\" target=\"_blank\" rel=\"noreferrer noopener\">here<\/a> to read the Spanish version.<\/strong><\/p>\n\n\n\n<p>The <strong>Galician festival <\/strong>will once again resonate throughout the national scene from the Galician Azucreira de Portas venue from 4 to 6 July. The festival will bring together more than thirty artists and an exclusive line-up of 30 haute cuisine chefs, with a total of eighteen Michelin Stars and four Green Stars.<\/p>\n\n\n\n<p><strong>PortAm\u00e9rica <\/strong>will be consolidated in this twelfth edition with the largest ephemeral kitchen in the world by the hand of <strong>Cervezas 1906<\/strong>, promoting this vibrant connection between gastronomy and music, which will also deploy spaces in which to enjoy different experiences around beer culture.<\/p>\n\n\n<div class=\"wp-block-image\">\n<figure class=\"aligncenter size-large is-resized\"><img decoding=\"async\" width=\"1024\" height=\"683\" src=\"https:\/\/www.tapasmagazine.es\/wp-content\/uploads\/2024\/05\/portamerica-4-1024x683.jpg\" alt=\"\" class=\"wp-image-248700\" style=\"width:932px;height:auto\" srcset=\"https:\/\/www.tapasmagazine.es\/wp-content\/uploads\/2024\/05\/portamerica-4-1024x683.jpg 1024w, https:\/\/www.tapasmagazine.es\/wp-content\/uploads\/2024\/05\/portamerica-4-300x200.jpg 300w, https:\/\/www.tapasmagazine.es\/wp-content\/uploads\/2024\/05\/portamerica-4-768x512.jpg 768w, https:\/\/www.tapasmagazine.es\/wp-content\/uploads\/2024\/05\/portamerica-4-1000x667.jpg 1000w, https:\/\/www.tapasmagazine.es\/wp-content\/uploads\/2024\/05\/portamerica-4-400x267.jpg 400w, https:\/\/www.tapasmagazine.es\/wp-content\/uploads\/2024\/05\/portamerica-4.jpg 1250w\" sizes=\"(max-width: 1024px) 100vw, 1024px\" \/><\/figure>\n<\/div>\n\n\n<p><strong>1906<\/strong> will once again showcase its close ties with the culinary arts, as it has demonstrated since its origins, through direct support for chefs such as Diego Guerrero and \u00c1ngel Le\u00f3n, as well as the creation of initiatives such as &#8216;Imperfectxs&#8217;: an outreach project that seeks to share and disseminate good food practices.<\/p>\n\n\n\n<p>Now, the beer brand for &#8216;an immense minority&#8217; is expanding thanks to an organic collaboration with an indie-pop festival that will bring together national and Latin American stars of the calibre of Vetusta Morla, Aitana, Luz Casal, Juanes, Arde Bogot\u00e1, Xoel L\u00f3pez, Toquinho, Standtill, Lila Downs, El Drogas and Lit Killah, among many others.<\/p>\n\n\n<div class=\"wp-block-image\">\n<figure class=\"aligncenter size-large is-resized\"><img decoding=\"async\" width=\"731\" height=\"1024\" src=\"https:\/\/www.tapasmagazine.es\/wp-content\/uploads\/2024\/05\/portamerica-2-731x1024.jpg\" alt=\"\" class=\"wp-image-248698\" style=\"width:1325px;height:auto\" srcset=\"https:\/\/www.tapasmagazine.es\/wp-content\/uploads\/2024\/05\/portamerica-2-731x1024.jpg 731w, https:\/\/www.tapasmagazine.es\/wp-content\/uploads\/2024\/05\/portamerica-2-214x300.jpg 214w, https:\/\/www.tapasmagazine.es\/wp-content\/uploads\/2024\/05\/portamerica-2-768x1075.jpg 768w, https:\/\/www.tapasmagazine.es\/wp-content\/uploads\/2024\/05\/portamerica-2-1097x1536.jpg 1097w, https:\/\/www.tapasmagazine.es\/wp-content\/uploads\/2024\/05\/portamerica-2-1463x2048.jpg 1463w, https:\/\/www.tapasmagazine.es\/wp-content\/uploads\/2024\/05\/portamerica-2-1000x1400.jpg 1000w, https:\/\/www.tapasmagazine.es\/wp-content\/uploads\/2024\/05\/portamerica-2-400x560.jpg 400w, https:\/\/www.tapasmagazine.es\/wp-content\/uploads\/2024\/05\/portamerica-2-scaled.jpg 1829w\" sizes=\"(max-width: 731px) 100vw, 731px\" \/><\/figure>\n<\/div>\n\n\n<p>Beyond the concerts, the culinary revolution will come from the Galician chef Pepe Solla and his project based on music as an element of connection between cultures to reflect the spirit of the festival: the convergence of the Europe-America union.<\/p>\n\n\n\n<h2 class=\"wp-block-heading\">Ephemeral cuisine surrounded by stars<\/h2>\n\n\n\n<p>Its innovative &#8216;<strong>ShowRocking<\/strong>&#8216; will have a 600-metre space dedicated to gastronomy in which the creations of more than 30 internationally renowned chefs will be served, such as Pepe Solla (Casa Solla, Poio), Diego Guerrero (DSTAgE, Madrid), Bego\u00f1a Rodrigo (La Salita, Valencia), Catalina V\u00e9lez (Domingo de Vereda, Colombia), Javier Est\u00e9vez (La Tasquer\u00eda, Madrid), Javier Olleros (Culler de Pau, O Grove) and Maca de Castro (Maca de Castro, Alcudia). The sweet spot will be served by P\u00eda Salazar (Nuema, Ecuador), F\u00e1tima Gismeno (F\u00e1tica Gismeno, Guadalaraja) and Ana Gar\u00eda together with Guille Moscoso (Pan da Moa, Santiago de Compostela).<\/p>\n\n\n\n<figure class=\"wp-block-image size-large\"><img decoding=\"async\" width=\"1024\" height=\"683\" src=\"https:\/\/www.tapasmagazine.es\/wp-content\/uploads\/2024\/05\/portamerica-3-1024x683.jpg\" alt=\"\" class=\"wp-image-248703\" srcset=\"https:\/\/www.tapasmagazine.es\/wp-content\/uploads\/2024\/05\/portamerica-3-1024x683.jpg 1024w, https:\/\/www.tapasmagazine.es\/wp-content\/uploads\/2024\/05\/portamerica-3-300x200.jpg 300w, https:\/\/www.tapasmagazine.es\/wp-content\/uploads\/2024\/05\/portamerica-3-768x512.jpg 768w, https:\/\/www.tapasmagazine.es\/wp-content\/uploads\/2024\/05\/portamerica-3-1536x1024.jpg 1536w, https:\/\/www.tapasmagazine.es\/wp-content\/uploads\/2024\/05\/portamerica-3-2048x1365.jpg 2048w, https:\/\/www.tapasmagazine.es\/wp-content\/uploads\/2024\/05\/portamerica-3-1000x667.jpg 1000w, https:\/\/www.tapasmagazine.es\/wp-content\/uploads\/2024\/05\/portamerica-3-400x267.jpg 400w\" sizes=\"(max-width: 1024px) 100vw, 1024px\" \/><\/figure>\n\n\n\n<p>All this high-end gastronomic proposal will be paired by the <strong>1906 Beer family,<\/strong> which will set up its own brewery at the venue. In addition, one of the stars of the festival will be <strong>Miguel Molina<\/strong>, the winner of the last edition of Desaf\u00edo XChef by Cervezas 1906.<\/p>\n","protected":false},"excerpt":{"rendered":"<p>Click here to read the Spanish version. The Galician festival will once again resonate throughout the national scene from the Galician Azucreira de Portas venue from 4 to 6 July. The festival will bring together more than thirty artists and an exclusive line-up of 30 haute cuisine chefs, with a total of eighteen Michelin Stars [&hellip;]<\/p>\n","protected":false},"author":285,"featured_media":248697,"comment_status":"closed","ping_status":"closed","sticky":false,"template":"","format":"standard","meta":{"_acf_changed":false,"footnotes":""},"categories":[15802],"tags":[18521],"class_list":["post-248714","post","type-post","status-publish","format-standard","has-post-thumbnail","hentry","category-news","tag-festival-en","cat-15802-id"],"acf":[],"yoast_head":"<!-- This site is optimized with the Yoast SEO plugin v27.4 - https:\/\/yoast.com\/product\/yoast-seo-wordpress\/ -->\n<title>PortAmerica to fuse music and haute cuisine at its iconic festival - Tapas<\/title>\n<meta name=\"description\" content=\"Click here to read the Spanish version. The Galician festival will once again resonate throughout the national scene from the Galician Azucreira de Portas\" \/>\n<meta name=\"robots\" content=\"index, follow, max-snippet:-1, max-image-preview:large, max-video-preview:-1\" \/>\n<link rel=\"canonical\" href=\"https:\/\/www.tapasmagazine.es\/en\/portamerica-fuse-music-haute-cuisine-at-its-iconic-festival\/\" \/>\n<meta property=\"og:locale\" content=\"en_US\" \/>\n<meta property=\"og:type\" content=\"article\" \/>\n<meta property=\"og:title\" content=\"PortAmerica to fuse music and haute cuisine at its iconic festival - Tapas\" \/>\n<meta property=\"og:description\" content=\"Click here to read the Spanish version. The Galician festival will once again resonate throughout the national scene from the Galician Azucreira de Portas\" \/>\n<meta property=\"og:url\" content=\"https:\/\/www.tapasmagazine.es\/en\/portamerica-fuse-music-haute-cuisine-at-its-iconic-festival\/\" \/>\n<meta property=\"og:site_name\" content=\"Tapas\" \/>\n<meta property=\"article:publisher\" content=\"https:\/\/www.facebook.com\/tapasmagazine\" \/>\n<meta property=\"article:published_time\" content=\"2024-05-10T11:10:17+00:00\" \/>\n<meta property=\"article:modified_time\" content=\"2024-05-10T11:14:24+00:00\" \/>\n<meta property=\"og:image\" content=\"https:\/\/www.tapasmagazine.es\/wp-content\/uploads\/2024\/05\/portamerica-1.jpg\" \/>\n\t<meta property=\"og:image:width\" content=\"1200\" \/>\n\t<meta property=\"og:image:height\" content=\"675\" \/>\n\t<meta property=\"og:image:type\" content=\"image\/jpeg\" \/>\n<meta name=\"author\" content=\"Laura P\u00e9rez\" \/>\n<meta name=\"twitter:card\" content=\"summary_large_image\" \/>\n<meta name=\"twitter:creator\" content=\"@TapasMagazine\" \/>\n<meta name=\"twitter:site\" content=\"@TapasMagazine\" \/>\n<meta name=\"twitter:label1\" content=\"Written by\" \/>\n\t<meta name=\"twitter:data1\" content=\"Laura P\u00e9rez\" \/>\n\t<meta name=\"twitter:label2\" content=\"Est. reading time\" \/>\n\t<meta name=\"twitter:data2\" content=\"3 minutes\" \/>\n<script type=\"application\/ld+json\" class=\"yoast-schema-graph\">{\"@context\":\"https:\\\/\\\/schema.org\",\"@graph\":[{\"@type\":\"Article\",\"@id\":\"https:\\\/\\\/www.tapasmagazine.es\\\/en\\\/portamerica-fuse-music-haute-cuisine-at-its-iconic-festival\\\/#article\",\"isPartOf\":{\"@id\":\"https:\\\/\\\/www.tapasmagazine.es\\\/en\\\/portamerica-fuse-music-haute-cuisine-at-its-iconic-festival\\\/\"},\"author\":{\"name\":\"Laura P\u00e9rez\",\"@id\":\"https:\\\/\\\/www.tapasmagazine.es\\\/#\\\/schema\\\/person\\\/eb46cbe76a9c8f062660eb609e3ecb4e\"},\"headline\":\"PortAmerica to fuse music and haute cuisine at its iconic festival\",\"datePublished\":\"2024-05-10T11:10:17+00:00\",\"dateModified\":\"2024-05-10T11:14:24+00:00\",\"mainEntityOfPage\":{\"@id\":\"https:\\\/\\\/www.tapasmagazine.es\\\/en\\\/portamerica-fuse-music-haute-cuisine-at-its-iconic-festival\\\/\"},\"wordCount\":414,\"publisher\":{\"@id\":\"https:\\\/\\\/www.tapasmagazine.es\\\/#organization\"},\"image\":{\"@id\":\"https:\\\/\\\/www.tapasmagazine.es\\\/en\\\/portamerica-fuse-music-haute-cuisine-at-its-iconic-festival\\\/#primaryimage\"},\"thumbnailUrl\":\"https:\\\/\\\/www.tapasmagazine.es\\\/wp-content\\\/uploads\\\/2024\\\/05\\\/portamerica-1.jpg\",\"keywords\":[\"Festival\"],\"articleSection\":[\"News\"],\"inLanguage\":\"en-US\"},{\"@type\":\"WebPage\",\"@id\":\"https:\\\/\\\/www.tapasmagazine.es\\\/en\\\/portamerica-fuse-music-haute-cuisine-at-its-iconic-festival\\\/\",\"url\":\"https:\\\/\\\/www.tapasmagazine.es\\\/en\\\/portamerica-fuse-music-haute-cuisine-at-its-iconic-festival\\\/\",\"name\":\"PortAmerica to fuse music and haute cuisine at its iconic festival - Tapas\",\"isPartOf\":{\"@id\":\"https:\\\/\\\/www.tapasmagazine.es\\\/#website\"},\"primaryImageOfPage\":{\"@id\":\"https:\\\/\\\/www.tapasmagazine.es\\\/en\\\/portamerica-fuse-music-haute-cuisine-at-its-iconic-festival\\\/#primaryimage\"},\"image\":{\"@id\":\"https:\\\/\\\/www.tapasmagazine.es\\\/en\\\/portamerica-fuse-music-haute-cuisine-at-its-iconic-festival\\\/#primaryimage\"},\"thumbnailUrl\":\"https:\\\/\\\/www.tapasmagazine.es\\\/wp-content\\\/uploads\\\/2024\\\/05\\\/portamerica-1.jpg\",\"datePublished\":\"2024-05-10T11:10:17+00:00\",\"dateModified\":\"2024-05-10T11:14:24+00:00\",\"description\":\"Click here to read the Spanish version. The Galician festival will once again resonate throughout the national scene from the Galician Azucreira de Portas\",\"breadcrumb\":{\"@id\":\"https:\\\/\\\/www.tapasmagazine.es\\\/en\\\/portamerica-fuse-music-haute-cuisine-at-its-iconic-festival\\\/#breadcrumb\"},\"inLanguage\":\"en-US\",\"potentialAction\":[{\"@type\":\"ReadAction\",\"target\":[\"https:\\\/\\\/www.tapasmagazine.es\\\/en\\\/portamerica-fuse-music-haute-cuisine-at-its-iconic-festival\\\/\"]}]},{\"@type\":\"ImageObject\",\"inLanguage\":\"en-US\",\"@id\":\"https:\\\/\\\/www.tapasmagazine.es\\\/en\\\/portamerica-fuse-music-haute-cuisine-at-its-iconic-festival\\\/#primaryimage\",\"url\":\"https:\\\/\\\/www.tapasmagazine.es\\\/wp-content\\\/uploads\\\/2024\\\/05\\\/portamerica-1.jpg\",\"contentUrl\":\"https:\\\/\\\/www.tapasmagazine.es\\\/wp-content\\\/uploads\\\/2024\\\/05\\\/portamerica-1.jpg\",\"width\":1200,\"height\":675},{\"@type\":\"BreadcrumbList\",\"@id\":\"https:\\\/\\\/www.tapasmagazine.es\\\/en\\\/portamerica-fuse-music-haute-cuisine-at-its-iconic-festival\\\/#breadcrumb\",\"itemListElement\":[{\"@type\":\"ListItem\",\"position\":1,\"name\":\"Portada\",\"item\":\"https:\\\/\\\/www.tapasmagazine.es\\\/\"},{\"@type\":\"ListItem\",\"position\":2,\"name\":\"News\",\"item\":\"https:\\\/\\\/www.tapasmagazine.es\\\/en\\\/categorias\\\/news\\\/\"},{\"@type\":\"ListItem\",\"position\":3,\"name\":\"PortAmerica to fuse music and haute cuisine at its iconic festival\"}]},{\"@type\":\"WebSite\",\"@id\":\"https:\\\/\\\/www.tapasmagazine.es\\\/#website\",\"url\":\"https:\\\/\\\/www.tapasmagazine.es\\\/\",\"name\":\"Tapas\",\"description\":\"\u00d1am \u00d1am Lifestyle. La vida a bocados. Premio Nacional de Gastronom\u00eda 2016.\",\"publisher\":{\"@id\":\"https:\\\/\\\/www.tapasmagazine.es\\\/#organization\"},\"potentialAction\":[{\"@type\":\"SearchAction\",\"target\":{\"@type\":\"EntryPoint\",\"urlTemplate\":\"https:\\\/\\\/www.tapasmagazine.es\\\/?s={search_term_string}\"},\"query-input\":{\"@type\":\"PropertyValueSpecification\",\"valueRequired\":true,\"valueName\":\"search_term_string\"}}],\"inLanguage\":\"en-US\"},{\"@type\":\"Organization\",\"@id\":\"https:\\\/\\\/www.tapasmagazine.es\\\/#organization\",\"name\":\"Tapas Magazine\",\"url\":\"https:\\\/\\\/www.tapasmagazine.es\\\/\",\"logo\":{\"@type\":\"ImageObject\",\"inLanguage\":\"en-US\",\"@id\":\"https:\\\/\\\/www.tapasmagazine.es\\\/#\\\/schema\\\/logo\\\/image\\\/\",\"url\":\"https:\\\/\\\/www.tapasmagazine.es\\\/wp-content\\\/uploads\\\/2018\\\/01\\\/logo.png\",\"contentUrl\":\"https:\\\/\\\/www.tapasmagazine.es\\\/wp-content\\\/uploads\\\/2018\\\/01\\\/logo.png\",\"width\":180,\"height\":60,\"caption\":\"Tapas Magazine\"},\"image\":{\"@id\":\"https:\\\/\\\/www.tapasmagazine.es\\\/#\\\/schema\\\/logo\\\/image\\\/\"},\"sameAs\":[\"https:\\\/\\\/www.facebook.com\\\/tapasmagazine\",\"https:\\\/\\\/x.com\\\/TapasMagazine\",\"https:\\\/\\\/www.instagram.com\\\/tapasmagazine\\\/\",\"https:\\\/\\\/www.linkedin.com\\\/company\\\/tapas-magazine\",\"https:\\\/\\\/es.pinterest.com\\\/tapasmagazine\\\/\",\"https:\\\/\\\/www.youtube.com\\\/channel\\\/UCEyxneAaACuR0lfDagrWjjg?sub_confirmation=1\"]},{\"@type\":\"Person\",\"@id\":\"https:\\\/\\\/www.tapasmagazine.es\\\/#\\\/schema\\\/person\\\/eb46cbe76a9c8f062660eb609e3ecb4e\",\"name\":\"Laura P\u00e9rez\",\"url\":\"https:\\\/\\\/www.tapasmagazine.es\\\/en\\\/author\\\/laura-perez\\\/\"}]}<\/script>\n<!-- \/ Yoast SEO plugin. -->","yoast_head_json":{"title":"PortAmerica to fuse music and haute cuisine at its iconic festival - Tapas","description":"Click here to read the Spanish version. The Galician festival will once again resonate throughout the national scene from the Galician Azucreira de Portas","robots":{"index":"index","follow":"follow","max-snippet":"max-snippet:-1","max-image-preview":"max-image-preview:large","max-video-preview":"max-video-preview:-1"},"canonical":"https:\/\/www.tapasmagazine.es\/en\/portamerica-fuse-music-haute-cuisine-at-its-iconic-festival\/","og_locale":"en_US","og_type":"article","og_title":"PortAmerica to fuse music and haute cuisine at its iconic festival - Tapas","og_description":"Click here to read the Spanish version. The Galician festival will once again resonate throughout the national scene from the Galician Azucreira de Portas","og_url":"https:\/\/www.tapasmagazine.es\/en\/portamerica-fuse-music-haute-cuisine-at-its-iconic-festival\/","og_site_name":"Tapas","article_publisher":"https:\/\/www.facebook.com\/tapasmagazine","article_published_time":"2024-05-10T11:10:17+00:00","article_modified_time":"2024-05-10T11:14:24+00:00","og_image":[{"width":1200,"height":675,"url":"https:\/\/www.tapasmagazine.es\/wp-content\/uploads\/2024\/05\/portamerica-1.jpg","type":"image\/jpeg"}],"author":"Laura P\u00e9rez","twitter_card":"summary_large_image","twitter_creator":"@TapasMagazine","twitter_site":"@TapasMagazine","twitter_misc":{"Written by":"Laura P\u00e9rez","Est. reading time":"3 minutes"},"schema":{"@context":"https:\/\/schema.org","@graph":[{"@type":"Article","@id":"https:\/\/www.tapasmagazine.es\/en\/portamerica-fuse-music-haute-cuisine-at-its-iconic-festival\/#article","isPartOf":{"@id":"https:\/\/www.tapasmagazine.es\/en\/portamerica-fuse-music-haute-cuisine-at-its-iconic-festival\/"},"author":{"name":"Laura P\u00e9rez","@id":"https:\/\/www.tapasmagazine.es\/#\/schema\/person\/eb46cbe76a9c8f062660eb609e3ecb4e"},"headline":"PortAmerica to fuse music and haute cuisine at its iconic festival","datePublished":"2024-05-10T11:10:17+00:00","dateModified":"2024-05-10T11:14:24+00:00","mainEntityOfPage":{"@id":"https:\/\/www.tapasmagazine.es\/en\/portamerica-fuse-music-haute-cuisine-at-its-iconic-festival\/"},"wordCount":414,"publisher":{"@id":"https:\/\/www.tapasmagazine.es\/#organization"},"image":{"@id":"https:\/\/www.tapasmagazine.es\/en\/portamerica-fuse-music-haute-cuisine-at-its-iconic-festival\/#primaryimage"},"thumbnailUrl":"https:\/\/www.tapasmagazine.es\/wp-content\/uploads\/2024\/05\/portamerica-1.jpg","keywords":["Festival"],"articleSection":["News"],"inLanguage":"en-US"},{"@type":"WebPage","@id":"https:\/\/www.tapasmagazine.es\/en\/portamerica-fuse-music-haute-cuisine-at-its-iconic-festival\/","url":"https:\/\/www.tapasmagazine.es\/en\/portamerica-fuse-music-haute-cuisine-at-its-iconic-festival\/","name":"PortAmerica to fuse music and haute cuisine at its iconic festival - Tapas","isPartOf":{"@id":"https:\/\/www.tapasmagazine.es\/#website"},"primaryImageOfPage":{"@id":"https:\/\/www.tapasmagazine.es\/en\/portamerica-fuse-music-haute-cuisine-at-its-iconic-festival\/#primaryimage"},"image":{"@id":"https:\/\/www.tapasmagazine.es\/en\/portamerica-fuse-music-haute-cuisine-at-its-iconic-festival\/#primaryimage"},"thumbnailUrl":"https:\/\/www.tapasmagazine.es\/wp-content\/uploads\/2024\/05\/portamerica-1.jpg","datePublished":"2024-05-10T11:10:17+00:00","dateModified":"2024-05-10T11:14:24+00:00","description":"Click here to read the Spanish version. The Galician festival will once again resonate throughout the national scene from the Galician Azucreira de Portas","breadcrumb":{"@id":"https:\/\/www.tapasmagazine.es\/en\/portamerica-fuse-music-haute-cuisine-at-its-iconic-festival\/#breadcrumb"},"inLanguage":"en-US","potentialAction":[{"@type":"ReadAction","target":["https:\/\/www.tapasmagazine.es\/en\/portamerica-fuse-music-haute-cuisine-at-its-iconic-festival\/"]}]},{"@type":"ImageObject","inLanguage":"en-US","@id":"https:\/\/www.tapasmagazine.es\/en\/portamerica-fuse-music-haute-cuisine-at-its-iconic-festival\/#primaryimage","url":"https:\/\/www.tapasmagazine.es\/wp-content\/uploads\/2024\/05\/portamerica-1.jpg","contentUrl":"https:\/\/www.tapasmagazine.es\/wp-content\/uploads\/2024\/05\/portamerica-1.jpg","width":1200,"height":675},{"@type":"BreadcrumbList","@id":"https:\/\/www.tapasmagazine.es\/en\/portamerica-fuse-music-haute-cuisine-at-its-iconic-festival\/#breadcrumb","itemListElement":[{"@type":"ListItem","position":1,"name":"Portada","item":"https:\/\/www.tapasmagazine.es\/"},{"@type":"ListItem","position":2,"name":"News","item":"https:\/\/www.tapasmagazine.es\/en\/categorias\/news\/"},{"@type":"ListItem","position":3,"name":"PortAmerica to fuse music and haute cuisine at its iconic festival"}]},{"@type":"WebSite","@id":"https:\/\/www.tapasmagazine.es\/#website","url":"https:\/\/www.tapasmagazine.es\/","name":"Tapas","description":"\u00d1am \u00d1am Lifestyle. La vida a bocados. Premio Nacional de Gastronom\u00eda 2016.","publisher":{"@id":"https:\/\/www.tapasmagazine.es\/#organization"},"potentialAction":[{"@type":"SearchAction","target":{"@type":"EntryPoint","urlTemplate":"https:\/\/www.tapasmagazine.es\/?s={search_term_string}"},"query-input":{"@type":"PropertyValueSpecification","valueRequired":true,"valueName":"search_term_string"}}],"inLanguage":"en-US"},{"@type":"Organization","@id":"https:\/\/www.tapasmagazine.es\/#organization","name":"Tapas Magazine","url":"https:\/\/www.tapasmagazine.es\/","logo":{"@type":"ImageObject","inLanguage":"en-US","@id":"https:\/\/www.tapasmagazine.es\/#\/schema\/logo\/image\/","url":"https:\/\/www.tapasmagazine.es\/wp-content\/uploads\/2018\/01\/logo.png","contentUrl":"https:\/\/www.tapasmagazine.es\/wp-content\/uploads\/2018\/01\/logo.png","width":180,"height":60,"caption":"Tapas Magazine"},"image":{"@id":"https:\/\/www.tapasmagazine.es\/#\/schema\/logo\/image\/"},"sameAs":["https:\/\/www.facebook.com\/tapasmagazine","https:\/\/x.com\/TapasMagazine","https:\/\/www.instagram.com\/tapasmagazine\/","https:\/\/www.linkedin.com\/company\/tapas-magazine","https:\/\/es.pinterest.com\/tapasmagazine\/","https:\/\/www.youtube.com\/channel\/UCEyxneAaACuR0lfDagrWjjg?sub_confirmation=1"]},{"@type":"Person","@id":"https:\/\/www.tapasmagazine.es\/#\/schema\/person\/eb46cbe76a9c8f062660eb609e3ecb4e","name":"Laura P\u00e9rez","url":"https:\/\/www.tapasmagazine.es\/en\/author\/laura-perez\/"}]}},"_links":{"self":[{"href":"https:\/\/www.tapasmagazine.es\/en\/wp-json\/wp\/v2\/posts\/248714","targetHints":{"allow":["GET"]}}],"collection":[{"href":"https:\/\/www.tapasmagazine.es\/en\/wp-json\/wp\/v2\/posts"}],"about":[{"href":"https:\/\/www.tapasmagazine.es\/en\/wp-json\/wp\/v2\/types\/post"}],"author":[{"embeddable":true,"href":"https:\/\/www.tapasmagazine.es\/en\/wp-json\/wp\/v2\/users\/285"}],"replies":[{"embeddable":true,"href":"https:\/\/www.tapasmagazine.es\/en\/wp-json\/wp\/v2\/comments?post=248714"}],"version-history":[{"count":2,"href":"https:\/\/www.tapasmagazine.es\/en\/wp-json\/wp\/v2\/posts\/248714\/revisions"}],"predecessor-version":[{"id":248723,"href":"https:\/\/www.tapasmagazine.es\/en\/wp-json\/wp\/v2\/posts\/248714\/revisions\/248723"}],"wp:featuredmedia":[{"embeddable":true,"href":"https:\/\/www.tapasmagazine.es\/en\/wp-json\/wp\/v2\/media\/248697"}],"wp:attachment":[{"href":"https:\/\/www.tapasmagazine.es\/en\/wp-json\/wp\/v2\/media?parent=248714"}],"wp:term":[{"taxonomy":"category","embeddable":true,"href":"https:\/\/www.tapasmagazine.es\/en\/wp-json\/wp\/v2\/categories?post=248714"},{"taxonomy":"post_tag","embeddable":true,"href":"https:\/\/www.tapasmagazine.es\/en\/wp-json\/wp\/v2\/tags?post=248714"}],"curies":[{"name":"wp","href":"https:\/\/api.w.org\/{rel}","templated":true}]}}