{"id":248684,"date":"2024-05-10T12:14:47","date_gmt":"2024-05-10T10:14:47","guid":{"rendered":"https:\/\/www.tapasmagazine.es\/manolo-bakes-abre-una-tienda-en-portugal\/"},"modified":"2024-05-10T12:18:26","modified_gmt":"2024-05-10T10:18:26","slug":"manolo-bakes-opens-a-new-branch-portugal","status":"publish","type":"post","link":"https:\/\/www.tapasmagazine.es\/en\/manolo-bakes-opens-a-new-branch-portugal\/","title":{"rendered":"Manolo Bakes opens a new branch in Portugal"},"content":{"rendered":"\n<p><strong>Click <a href=\"https:\/\/www.tapasmagazine.es\/manolo-bakes-abre-una-tienda-en-portugal\/\" target=\"_blank\" rel=\"noreferrer noopener\">here<\/a> to read the Spanish version.<\/strong><\/p>\n\n\n\n<p><strong>Manolo Bakes <\/strong>has just marked a milestone in the iconic legacy of its speciality coffee shop with the opening of its first shop in Portugal, as part of its expansion plan to open establishments in the USA, Latin America and the Middle East.<\/p>\n\n\n\n<p>This new shop, which will be added to the 45 establishments that make up its universe spread throughout Spain, will offer in its display all the creations that have led it to become a renowned coffee and pastry shop: its classic manolitos, palmitas or its limited edition boxes in collaboration with emerging artists such as Caravaca or Pils Ferrer. A proposal that they combine with their liquid menu of teas or speciality coffees from an exclusive blend of the brand.<\/p>\n\n\n\n<figure class=\"wp-block-image size-large\"><img decoding=\"async\" width=\"1024\" height=\"682\" src=\"https:\/\/www.tapasmagazine.es\/wp-content\/uploads\/2024\/05\/manolo-bakes-portugal-1-1024x682.jpg\" alt=\"\" class=\"wp-image-248671\" srcset=\"https:\/\/www.tapasmagazine.es\/wp-content\/uploads\/2024\/05\/manolo-bakes-portugal-1-1024x682.jpg 1024w, https:\/\/www.tapasmagazine.es\/wp-content\/uploads\/2024\/05\/manolo-bakes-portugal-1-300x200.jpg 300w, https:\/\/www.tapasmagazine.es\/wp-content\/uploads\/2024\/05\/manolo-bakes-portugal-1-768x512.jpg 768w, https:\/\/www.tapasmagazine.es\/wp-content\/uploads\/2024\/05\/manolo-bakes-portugal-1-1536x1024.jpg 1536w, https:\/\/www.tapasmagazine.es\/wp-content\/uploads\/2024\/05\/manolo-bakes-portugal-1-2048x1365.jpg 2048w, https:\/\/www.tapasmagazine.es\/wp-content\/uploads\/2024\/05\/manolo-bakes-portugal-1-1000x666.jpg 1000w, https:\/\/www.tapasmagazine.es\/wp-content\/uploads\/2024\/05\/manolo-bakes-portugal-1-400x267.jpg 400w\" sizes=\"(max-width: 1024px) 100vw, 1024px\" \/><\/figure>\n\n\n\n<p>The firm is constantly reinventing itself to reinterpret latent trends in its shops, such as Frapp\u00e9 Lotus or Iced Pistachio Coffee. Manolo Bakes also offers a wide range of sweet and savoury products, and even a line of gluten-free manolitos and palmitas.<\/p>\n\n\n\n<p>They do all this by mixing the ingredients behind their success: quality raw materials, innovation and creativity, creating an identity that they will now also transfer to their new shop in Portugal, as well as to the 15 they plan to open in the capital over the next 3 years.<\/p>\n\n\n\n<figure class=\"wp-block-image size-large\"><img decoding=\"async\" width=\"1024\" height=\"683\" src=\"https:\/\/www.tapasmagazine.es\/wp-content\/uploads\/2024\/05\/manolo-bakes-portugal-2-1-1024x683.jpg\" alt=\"\" class=\"wp-image-248673\" srcset=\"https:\/\/www.tapasmagazine.es\/wp-content\/uploads\/2024\/05\/manolo-bakes-portugal-2-1-1024x683.jpg 1024w, https:\/\/www.tapasmagazine.es\/wp-content\/uploads\/2024\/05\/manolo-bakes-portugal-2-1-300x200.jpg 300w, https:\/\/www.tapasmagazine.es\/wp-content\/uploads\/2024\/05\/manolo-bakes-portugal-2-1-768x512.jpg 768w, https:\/\/www.tapasmagazine.es\/wp-content\/uploads\/2024\/05\/manolo-bakes-portugal-2-1-1536x1025.jpg 1536w, https:\/\/www.tapasmagazine.es\/wp-content\/uploads\/2024\/05\/manolo-bakes-portugal-2-1-1000x667.jpg 1000w, https:\/\/www.tapasmagazine.es\/wp-content\/uploads\/2024\/05\/manolo-bakes-portugal-2-1-400x267.jpg 400w, https:\/\/www.tapasmagazine.es\/wp-content\/uploads\/2024\/05\/manolo-bakes-portugal-2-1.jpg 1920w\" sizes=\"(max-width: 1024px) 100vw, 1024px\" \/><\/figure>\n\n\n\n<p>Take note: the Manolo Bakes shop in Portugal is located at the historic Largo do Calhariz number 2, in the Chiado district.<\/p>\n","protected":false},"excerpt":{"rendered":"<p>Click here to read the Spanish version. Manolo Bakes has just marked a milestone in the iconic legacy of its speciality coffee shop with the opening of its first shop in Portugal, as part of its expansion plan to open establishments in the USA, Latin America and the Middle East. This new shop, which will [&hellip;]<\/p>\n","protected":false},"author":285,"featured_media":248666,"comment_status":"closed","ping_status":"closed","sticky":false,"template":"","format":"standard","meta":{"_acf_changed":false,"footnotes":""},"categories":[15802],"tags":[18933],"class_list":["post-248684","post","type-post","status-publish","format-standard","has-post-thumbnail","hentry","category-news","tag-manolo-bakes-en","cat-15802-id"],"acf":[],"yoast_head":"<!-- This site is optimized with the Yoast SEO plugin v27.4 - https:\/\/yoast.com\/product\/yoast-seo-wordpress\/ -->\n<title>Manolo Bakes opens a new branch in Portugal - Tapas<\/title>\n<meta name=\"description\" content=\"Click here to read the Spanish version. Manolo Bakes has just marked a milestone in the iconic legacy of its speciality coffee shop with the opening of\" \/>\n<meta name=\"robots\" content=\"index, follow, max-snippet:-1, max-image-preview:large, max-video-preview:-1\" \/>\n<link rel=\"canonical\" href=\"https:\/\/www.tapasmagazine.es\/en\/manolo-bakes-opens-a-new-branch-portugal\/\" \/>\n<meta property=\"og:locale\" content=\"en_US\" \/>\n<meta property=\"og:type\" content=\"article\" \/>\n<meta property=\"og:title\" content=\"Manolo Bakes opens a new branch in Portugal - Tapas\" \/>\n<meta property=\"og:description\" content=\"Click here to read the Spanish version. Manolo Bakes has just marked a milestone in the iconic legacy of its speciality coffee shop with the opening of\" \/>\n<meta property=\"og:url\" content=\"https:\/\/www.tapasmagazine.es\/en\/manolo-bakes-opens-a-new-branch-portugal\/\" \/>\n<meta property=\"og:site_name\" content=\"Tapas\" \/>\n<meta property=\"article:publisher\" content=\"https:\/\/www.facebook.com\/tapasmagazine\" \/>\n<meta property=\"article:published_time\" content=\"2024-05-10T10:14:47+00:00\" \/>\n<meta property=\"article:modified_time\" content=\"2024-05-10T10:18:26+00:00\" \/>\n<meta property=\"og:image\" content=\"https:\/\/www.tapasmagazine.es\/wp-content\/uploads\/2024\/05\/manolo-bakes-portugal.jpg\" \/>\n\t<meta property=\"og:image:width\" content=\"1200\" \/>\n\t<meta property=\"og:image:height\" content=\"675\" \/>\n\t<meta property=\"og:image:type\" content=\"image\/jpeg\" \/>\n<meta name=\"author\" content=\"Laura P\u00e9rez\" \/>\n<meta name=\"twitter:card\" content=\"summary_large_image\" \/>\n<meta name=\"twitter:creator\" content=\"@TapasMagazine\" \/>\n<meta name=\"twitter:site\" content=\"@TapasMagazine\" \/>\n<meta name=\"twitter:label1\" content=\"Written by\" \/>\n\t<meta name=\"twitter:data1\" content=\"Laura P\u00e9rez\" \/>\n\t<meta name=\"twitter:label2\" content=\"Est. reading time\" \/>\n\t<meta name=\"twitter:data2\" content=\"2 minutes\" \/>\n<script type=\"application\/ld+json\" class=\"yoast-schema-graph\">{\"@context\":\"https:\\\/\\\/schema.org\",\"@graph\":[{\"@type\":\"Article\",\"@id\":\"https:\\\/\\\/www.tapasmagazine.es\\\/en\\\/manolo-bakes-opens-a-new-branch-portugal\\\/#article\",\"isPartOf\":{\"@id\":\"https:\\\/\\\/www.tapasmagazine.es\\\/en\\\/manolo-bakes-opens-a-new-branch-portugal\\\/\"},\"author\":{\"name\":\"Laura P\u00e9rez\",\"@id\":\"https:\\\/\\\/www.tapasmagazine.es\\\/#\\\/schema\\\/person\\\/eb46cbe76a9c8f062660eb609e3ecb4e\"},\"headline\":\"Manolo Bakes opens a new branch in Portugal\",\"datePublished\":\"2024-05-10T10:14:47+00:00\",\"dateModified\":\"2024-05-10T10:18:26+00:00\",\"mainEntityOfPage\":{\"@id\":\"https:\\\/\\\/www.tapasmagazine.es\\\/en\\\/manolo-bakes-opens-a-new-branch-portugal\\\/\"},\"wordCount\":248,\"publisher\":{\"@id\":\"https:\\\/\\\/www.tapasmagazine.es\\\/#organization\"},\"image\":{\"@id\":\"https:\\\/\\\/www.tapasmagazine.es\\\/en\\\/manolo-bakes-opens-a-new-branch-portugal\\\/#primaryimage\"},\"thumbnailUrl\":\"https:\\\/\\\/www.tapasmagazine.es\\\/wp-content\\\/uploads\\\/2024\\\/05\\\/manolo-bakes-portugal.jpg\",\"keywords\":[\"Manolo Bakes\"],\"articleSection\":[\"News\"],\"inLanguage\":\"en-US\"},{\"@type\":\"WebPage\",\"@id\":\"https:\\\/\\\/www.tapasmagazine.es\\\/en\\\/manolo-bakes-opens-a-new-branch-portugal\\\/\",\"url\":\"https:\\\/\\\/www.tapasmagazine.es\\\/en\\\/manolo-bakes-opens-a-new-branch-portugal\\\/\",\"name\":\"Manolo Bakes opens a new branch in Portugal - Tapas\",\"isPartOf\":{\"@id\":\"https:\\\/\\\/www.tapasmagazine.es\\\/#website\"},\"primaryImageOfPage\":{\"@id\":\"https:\\\/\\\/www.tapasmagazine.es\\\/en\\\/manolo-bakes-opens-a-new-branch-portugal\\\/#primaryimage\"},\"image\":{\"@id\":\"https:\\\/\\\/www.tapasmagazine.es\\\/en\\\/manolo-bakes-opens-a-new-branch-portugal\\\/#primaryimage\"},\"thumbnailUrl\":\"https:\\\/\\\/www.tapasmagazine.es\\\/wp-content\\\/uploads\\\/2024\\\/05\\\/manolo-bakes-portugal.jpg\",\"datePublished\":\"2024-05-10T10:14:47+00:00\",\"dateModified\":\"2024-05-10T10:18:26+00:00\",\"description\":\"Click here to read the Spanish version. Manolo Bakes has just marked a milestone in the iconic legacy of its speciality coffee shop with the opening of\",\"breadcrumb\":{\"@id\":\"https:\\\/\\\/www.tapasmagazine.es\\\/en\\\/manolo-bakes-opens-a-new-branch-portugal\\\/#breadcrumb\"},\"inLanguage\":\"en-US\",\"potentialAction\":[{\"@type\":\"ReadAction\",\"target\":[\"https:\\\/\\\/www.tapasmagazine.es\\\/en\\\/manolo-bakes-opens-a-new-branch-portugal\\\/\"]}]},{\"@type\":\"ImageObject\",\"inLanguage\":\"en-US\",\"@id\":\"https:\\\/\\\/www.tapasmagazine.es\\\/en\\\/manolo-bakes-opens-a-new-branch-portugal\\\/#primaryimage\",\"url\":\"https:\\\/\\\/www.tapasmagazine.es\\\/wp-content\\\/uploads\\\/2024\\\/05\\\/manolo-bakes-portugal.jpg\",\"contentUrl\":\"https:\\\/\\\/www.tapasmagazine.es\\\/wp-content\\\/uploads\\\/2024\\\/05\\\/manolo-bakes-portugal.jpg\",\"width\":1200,\"height\":675},{\"@type\":\"BreadcrumbList\",\"@id\":\"https:\\\/\\\/www.tapasmagazine.es\\\/en\\\/manolo-bakes-opens-a-new-branch-portugal\\\/#breadcrumb\",\"itemListElement\":[{\"@type\":\"ListItem\",\"position\":1,\"name\":\"Portada\",\"item\":\"https:\\\/\\\/www.tapasmagazine.es\\\/\"},{\"@type\":\"ListItem\",\"position\":2,\"name\":\"News\",\"item\":\"https:\\\/\\\/www.tapasmagazine.es\\\/en\\\/categorias\\\/news\\\/\"},{\"@type\":\"ListItem\",\"position\":3,\"name\":\"Manolo Bakes opens a new branch in Portugal\"}]},{\"@type\":\"WebSite\",\"@id\":\"https:\\\/\\\/www.tapasmagazine.es\\\/#website\",\"url\":\"https:\\\/\\\/www.tapasmagazine.es\\\/\",\"name\":\"Tapas\",\"description\":\"\u00d1am \u00d1am Lifestyle. La vida a bocados. Premio Nacional de Gastronom\u00eda 2016.\",\"publisher\":{\"@id\":\"https:\\\/\\\/www.tapasmagazine.es\\\/#organization\"},\"potentialAction\":[{\"@type\":\"SearchAction\",\"target\":{\"@type\":\"EntryPoint\",\"urlTemplate\":\"https:\\\/\\\/www.tapasmagazine.es\\\/?s={search_term_string}\"},\"query-input\":{\"@type\":\"PropertyValueSpecification\",\"valueRequired\":true,\"valueName\":\"search_term_string\"}}],\"inLanguage\":\"en-US\"},{\"@type\":\"Organization\",\"@id\":\"https:\\\/\\\/www.tapasmagazine.es\\\/#organization\",\"name\":\"Tapas Magazine\",\"url\":\"https:\\\/\\\/www.tapasmagazine.es\\\/\",\"logo\":{\"@type\":\"ImageObject\",\"inLanguage\":\"en-US\",\"@id\":\"https:\\\/\\\/www.tapasmagazine.es\\\/#\\\/schema\\\/logo\\\/image\\\/\",\"url\":\"https:\\\/\\\/www.tapasmagazine.es\\\/wp-content\\\/uploads\\\/2018\\\/01\\\/logo.png\",\"contentUrl\":\"https:\\\/\\\/www.tapasmagazine.es\\\/wp-content\\\/uploads\\\/2018\\\/01\\\/logo.png\",\"width\":180,\"height\":60,\"caption\":\"Tapas Magazine\"},\"image\":{\"@id\":\"https:\\\/\\\/www.tapasmagazine.es\\\/#\\\/schema\\\/logo\\\/image\\\/\"},\"sameAs\":[\"https:\\\/\\\/www.facebook.com\\\/tapasmagazine\",\"https:\\\/\\\/x.com\\\/TapasMagazine\",\"https:\\\/\\\/www.instagram.com\\\/tapasmagazine\\\/\",\"https:\\\/\\\/www.linkedin.com\\\/company\\\/tapas-magazine\",\"https:\\\/\\\/es.pinterest.com\\\/tapasmagazine\\\/\",\"https:\\\/\\\/www.youtube.com\\\/channel\\\/UCEyxneAaACuR0lfDagrWjjg?sub_confirmation=1\"]},{\"@type\":\"Person\",\"@id\":\"https:\\\/\\\/www.tapasmagazine.es\\\/#\\\/schema\\\/person\\\/eb46cbe76a9c8f062660eb609e3ecb4e\",\"name\":\"Laura P\u00e9rez\",\"url\":\"https:\\\/\\\/www.tapasmagazine.es\\\/en\\\/author\\\/laura-perez\\\/\"}]}<\/script>\n<!-- \/ Yoast SEO plugin. -->","yoast_head_json":{"title":"Manolo Bakes opens a new branch in Portugal - Tapas","description":"Click here to read the Spanish version. Manolo Bakes has just marked a milestone in the iconic legacy of its speciality coffee shop with the opening of","robots":{"index":"index","follow":"follow","max-snippet":"max-snippet:-1","max-image-preview":"max-image-preview:large","max-video-preview":"max-video-preview:-1"},"canonical":"https:\/\/www.tapasmagazine.es\/en\/manolo-bakes-opens-a-new-branch-portugal\/","og_locale":"en_US","og_type":"article","og_title":"Manolo Bakes opens a new branch in Portugal - Tapas","og_description":"Click here to read the Spanish version. Manolo Bakes has just marked a milestone in the iconic legacy of its speciality coffee shop with the opening of","og_url":"https:\/\/www.tapasmagazine.es\/en\/manolo-bakes-opens-a-new-branch-portugal\/","og_site_name":"Tapas","article_publisher":"https:\/\/www.facebook.com\/tapasmagazine","article_published_time":"2024-05-10T10:14:47+00:00","article_modified_time":"2024-05-10T10:18:26+00:00","og_image":[{"width":1200,"height":675,"url":"https:\/\/www.tapasmagazine.es\/wp-content\/uploads\/2024\/05\/manolo-bakes-portugal.jpg","type":"image\/jpeg"}],"author":"Laura P\u00e9rez","twitter_card":"summary_large_image","twitter_creator":"@TapasMagazine","twitter_site":"@TapasMagazine","twitter_misc":{"Written by":"Laura P\u00e9rez","Est. reading time":"2 minutes"},"schema":{"@context":"https:\/\/schema.org","@graph":[{"@type":"Article","@id":"https:\/\/www.tapasmagazine.es\/en\/manolo-bakes-opens-a-new-branch-portugal\/#article","isPartOf":{"@id":"https:\/\/www.tapasmagazine.es\/en\/manolo-bakes-opens-a-new-branch-portugal\/"},"author":{"name":"Laura P\u00e9rez","@id":"https:\/\/www.tapasmagazine.es\/#\/schema\/person\/eb46cbe76a9c8f062660eb609e3ecb4e"},"headline":"Manolo Bakes opens a new branch in Portugal","datePublished":"2024-05-10T10:14:47+00:00","dateModified":"2024-05-10T10:18:26+00:00","mainEntityOfPage":{"@id":"https:\/\/www.tapasmagazine.es\/en\/manolo-bakes-opens-a-new-branch-portugal\/"},"wordCount":248,"publisher":{"@id":"https:\/\/www.tapasmagazine.es\/#organization"},"image":{"@id":"https:\/\/www.tapasmagazine.es\/en\/manolo-bakes-opens-a-new-branch-portugal\/#primaryimage"},"thumbnailUrl":"https:\/\/www.tapasmagazine.es\/wp-content\/uploads\/2024\/05\/manolo-bakes-portugal.jpg","keywords":["Manolo Bakes"],"articleSection":["News"],"inLanguage":"en-US"},{"@type":"WebPage","@id":"https:\/\/www.tapasmagazine.es\/en\/manolo-bakes-opens-a-new-branch-portugal\/","url":"https:\/\/www.tapasmagazine.es\/en\/manolo-bakes-opens-a-new-branch-portugal\/","name":"Manolo Bakes opens a new branch in Portugal - Tapas","isPartOf":{"@id":"https:\/\/www.tapasmagazine.es\/#website"},"primaryImageOfPage":{"@id":"https:\/\/www.tapasmagazine.es\/en\/manolo-bakes-opens-a-new-branch-portugal\/#primaryimage"},"image":{"@id":"https:\/\/www.tapasmagazine.es\/en\/manolo-bakes-opens-a-new-branch-portugal\/#primaryimage"},"thumbnailUrl":"https:\/\/www.tapasmagazine.es\/wp-content\/uploads\/2024\/05\/manolo-bakes-portugal.jpg","datePublished":"2024-05-10T10:14:47+00:00","dateModified":"2024-05-10T10:18:26+00:00","description":"Click here to read the Spanish version. Manolo Bakes has just marked a milestone in the iconic legacy of its speciality coffee shop with the opening of","breadcrumb":{"@id":"https:\/\/www.tapasmagazine.es\/en\/manolo-bakes-opens-a-new-branch-portugal\/#breadcrumb"},"inLanguage":"en-US","potentialAction":[{"@type":"ReadAction","target":["https:\/\/www.tapasmagazine.es\/en\/manolo-bakes-opens-a-new-branch-portugal\/"]}]},{"@type":"ImageObject","inLanguage":"en-US","@id":"https:\/\/www.tapasmagazine.es\/en\/manolo-bakes-opens-a-new-branch-portugal\/#primaryimage","url":"https:\/\/www.tapasmagazine.es\/wp-content\/uploads\/2024\/05\/manolo-bakes-portugal.jpg","contentUrl":"https:\/\/www.tapasmagazine.es\/wp-content\/uploads\/2024\/05\/manolo-bakes-portugal.jpg","width":1200,"height":675},{"@type":"BreadcrumbList","@id":"https:\/\/www.tapasmagazine.es\/en\/manolo-bakes-opens-a-new-branch-portugal\/#breadcrumb","itemListElement":[{"@type":"ListItem","position":1,"name":"Portada","item":"https:\/\/www.tapasmagazine.es\/"},{"@type":"ListItem","position":2,"name":"News","item":"https:\/\/www.tapasmagazine.es\/en\/categorias\/news\/"},{"@type":"ListItem","position":3,"name":"Manolo Bakes opens a new branch in Portugal"}]},{"@type":"WebSite","@id":"https:\/\/www.tapasmagazine.es\/#website","url":"https:\/\/www.tapasmagazine.es\/","name":"Tapas","description":"\u00d1am \u00d1am Lifestyle. La vida a bocados. Premio Nacional de Gastronom\u00eda 2016.","publisher":{"@id":"https:\/\/www.tapasmagazine.es\/#organization"},"potentialAction":[{"@type":"SearchAction","target":{"@type":"EntryPoint","urlTemplate":"https:\/\/www.tapasmagazine.es\/?s={search_term_string}"},"query-input":{"@type":"PropertyValueSpecification","valueRequired":true,"valueName":"search_term_string"}}],"inLanguage":"en-US"},{"@type":"Organization","@id":"https:\/\/www.tapasmagazine.es\/#organization","name":"Tapas Magazine","url":"https:\/\/www.tapasmagazine.es\/","logo":{"@type":"ImageObject","inLanguage":"en-US","@id":"https:\/\/www.tapasmagazine.es\/#\/schema\/logo\/image\/","url":"https:\/\/www.tapasmagazine.es\/wp-content\/uploads\/2018\/01\/logo.png","contentUrl":"https:\/\/www.tapasmagazine.es\/wp-content\/uploads\/2018\/01\/logo.png","width":180,"height":60,"caption":"Tapas Magazine"},"image":{"@id":"https:\/\/www.tapasmagazine.es\/#\/schema\/logo\/image\/"},"sameAs":["https:\/\/www.facebook.com\/tapasmagazine","https:\/\/x.com\/TapasMagazine","https:\/\/www.instagram.com\/tapasmagazine\/","https:\/\/www.linkedin.com\/company\/tapas-magazine","https:\/\/es.pinterest.com\/tapasmagazine\/","https:\/\/www.youtube.com\/channel\/UCEyxneAaACuR0lfDagrWjjg?sub_confirmation=1"]},{"@type":"Person","@id":"https:\/\/www.tapasmagazine.es\/#\/schema\/person\/eb46cbe76a9c8f062660eb609e3ecb4e","name":"Laura P\u00e9rez","url":"https:\/\/www.tapasmagazine.es\/en\/author\/laura-perez\/"}]}},"_links":{"self":[{"href":"https:\/\/www.tapasmagazine.es\/en\/wp-json\/wp\/v2\/posts\/248684","targetHints":{"allow":["GET"]}}],"collection":[{"href":"https:\/\/www.tapasmagazine.es\/en\/wp-json\/wp\/v2\/posts"}],"about":[{"href":"https:\/\/www.tapasmagazine.es\/en\/wp-json\/wp\/v2\/types\/post"}],"author":[{"embeddable":true,"href":"https:\/\/www.tapasmagazine.es\/en\/wp-json\/wp\/v2\/users\/285"}],"replies":[{"embeddable":true,"href":"https:\/\/www.tapasmagazine.es\/en\/wp-json\/wp\/v2\/comments?post=248684"}],"version-history":[{"count":2,"href":"https:\/\/www.tapasmagazine.es\/en\/wp-json\/wp\/v2\/posts\/248684\/revisions"}],"predecessor-version":[{"id":248690,"href":"https:\/\/www.tapasmagazine.es\/en\/wp-json\/wp\/v2\/posts\/248684\/revisions\/248690"}],"wp:featuredmedia":[{"embeddable":true,"href":"https:\/\/www.tapasmagazine.es\/en\/wp-json\/wp\/v2\/media\/248666"}],"wp:attachment":[{"href":"https:\/\/www.tapasmagazine.es\/en\/wp-json\/wp\/v2\/media?parent=248684"}],"wp:term":[{"taxonomy":"category","embeddable":true,"href":"https:\/\/www.tapasmagazine.es\/en\/wp-json\/wp\/v2\/categories?post=248684"},{"taxonomy":"post_tag","embeddable":true,"href":"https:\/\/www.tapasmagazine.es\/en\/wp-json\/wp\/v2\/tags?post=248684"}],"curies":[{"name":"wp","href":"https:\/\/api.w.org\/{rel}","templated":true}]}}