{"id":246566,"date":"2024-04-24T11:32:06","date_gmt":"2024-04-24T09:32:06","guid":{"rendered":"https:\/\/www.tapasmagazine.es\/en-chefsforchildren-24-grandes-chefs-nacionales-ensenan-a-cocinar-a-ninos-con-autismo\/"},"modified":"2024-04-24T11:35:32","modified_gmt":"2024-04-24T09:35:32","slug":"chefsforchildren-24-top-spanish-chefs-teach-cooking-children-with-autism","status":"publish","type":"post","link":"https:\/\/www.tapasmagazine.es\/en\/chefsforchildren-24-top-spanish-chefs-teach-cooking-children-with-autism\/","title":{"rendered":"At ChefsForChildren 24&#8242; top spanish chefs teach cooking to children with autism"},"content":{"rendered":"\n<p><strong>Click <a href=\"https:\/\/www.tapasmagazine.es\/en-chefsforchildren-24-grandes-chefs-nacionales-ensenan-a-cocinar-a-ninos-con-autismo\/\" target=\"_blank\" rel=\"noreferrer noopener\">here<\/a> to read the Spanish version.<\/strong><\/p>\n\n\n\n<p>The philosophy &#8216;<strong>eating healthy is fun<\/strong>&#8216; fuels this project in which the Michelin Star chefs present at the Anantara Villa Padierna resort in Marbella transmitted to all the children who participated the importance of healthy eating and gastronomy.<\/p>\n\n\n\n<p>In this solidarity initiative, the chefs participated in various cooking workshops with<strong> 150 children<\/strong> from Autism Spain and the Daid\u00edn and Atalaya schools in the town of Malaga, in which they prepared simple recipes with healthy foods such as chicken tacos and pistachio guacamole, empanadas of different flavors, tartlets or fruit skewers.<\/p>\n\n\n<div class=\"wp-block-image\">\n<figure class=\"aligncenter size-large is-resized\"><img decoding=\"async\" width=\"1024\" height=\"683\" src=\"https:\/\/www.tapasmagazine.es\/wp-content\/uploads\/2024\/04\/chefsforchildren-2-1024x683.jpg\" alt=\"\" class=\"wp-image-246551\" style=\"width:1052px;height:auto\" srcset=\"https:\/\/www.tapasmagazine.es\/wp-content\/uploads\/2024\/04\/chefsforchildren-2-1024x683.jpg 1024w, https:\/\/www.tapasmagazine.es\/wp-content\/uploads\/2024\/04\/chefsforchildren-2-300x200.jpg 300w, https:\/\/www.tapasmagazine.es\/wp-content\/uploads\/2024\/04\/chefsforchildren-2-768x512.jpg 768w, https:\/\/www.tapasmagazine.es\/wp-content\/uploads\/2024\/04\/chefsforchildren-2-1536x1024.jpg 1536w, https:\/\/www.tapasmagazine.es\/wp-content\/uploads\/2024\/04\/chefsforchildren-2-2048x1365.jpg 2048w, https:\/\/www.tapasmagazine.es\/wp-content\/uploads\/2024\/04\/chefsforchildren-2-1000x667.jpg 1000w, https:\/\/www.tapasmagazine.es\/wp-content\/uploads\/2024\/04\/chefsforchildren-2-400x267.jpg 400w\" sizes=\"(max-width: 1024px) 100vw, 1024px\" \/><\/figure>\n<\/div>\n\n\n<p>The <strong>55 renowned chefs<\/strong> who participated in the different activities and workshops in this edition were To\u00f1o P\u00e9rez, Paolo Casagrande, Benito G\u00f3mez, Mario Sandoval, Martina Puigvert, Paco Roncero, Ram\u00f3n Freixa, Rafa Soler, Bego\u00f1a Rodrigo or Pepe Vieira, among many others who also connected with this powerful cause that fuses gastronomy with solidarity.<\/p>\n\n\n\n<figure class=\"wp-block-gallery has-nested-images columns-default is-cropped wp-block-gallery-1 is-layout-flex wp-block-gallery-is-layout-flex\">\n<figure class=\"wp-block-image size-large\"><img decoding=\"async\" width=\"683\" height=\"1024\" data-id=\"246557\" src=\"https:\/\/www.tapasmagazine.es\/wp-content\/uploads\/2024\/04\/chefsforchildren-4-683x1024.jpg\" alt=\"\" class=\"wp-image-246557\" srcset=\"https:\/\/www.tapasmagazine.es\/wp-content\/uploads\/2024\/04\/chefsforchildren-4-683x1024.jpg 683w, https:\/\/www.tapasmagazine.es\/wp-content\/uploads\/2024\/04\/chefsforchildren-4-200x300.jpg 200w, https:\/\/www.tapasmagazine.es\/wp-content\/uploads\/2024\/04\/chefsforchildren-4-768x1152.jpg 768w, https:\/\/www.tapasmagazine.es\/wp-content\/uploads\/2024\/04\/chefsforchildren-4-1024x1536.jpg 1024w, https:\/\/www.tapasmagazine.es\/wp-content\/uploads\/2024\/04\/chefsforchildren-4-1365x2048.jpg 1365w, https:\/\/www.tapasmagazine.es\/wp-content\/uploads\/2024\/04\/chefsforchildren-4-1000x1500.jpg 1000w, https:\/\/www.tapasmagazine.es\/wp-content\/uploads\/2024\/04\/chefsforchildren-4-400x600.jpg 400w, https:\/\/www.tapasmagazine.es\/wp-content\/uploads\/2024\/04\/chefsforchildren-4-scaled.jpg 1707w\" sizes=\"(max-width: 683px) 100vw, 683px\" \/><\/figure>\n\n\n\n<figure class=\"wp-block-image size-large\"><img decoding=\"async\" width=\"682\" height=\"1024\" data-id=\"246555\" src=\"https:\/\/www.tapasmagazine.es\/wp-content\/uploads\/2024\/04\/chefsforchildren-5-682x1024.jpg\" alt=\"\" class=\"wp-image-246555\" srcset=\"https:\/\/www.tapasmagazine.es\/wp-content\/uploads\/2024\/04\/chefsforchildren-5-682x1024.jpg 682w, https:\/\/www.tapasmagazine.es\/wp-content\/uploads\/2024\/04\/chefsforchildren-5-200x300.jpg 200w, https:\/\/www.tapasmagazine.es\/wp-content\/uploads\/2024\/04\/chefsforchildren-5-768x1152.jpg 768w, https:\/\/www.tapasmagazine.es\/wp-content\/uploads\/2024\/04\/chefsforchildren-5-1024x1536.jpg 1024w, https:\/\/www.tapasmagazine.es\/wp-content\/uploads\/2024\/04\/chefsforchildren-5-1000x1500.jpg 1000w, https:\/\/www.tapasmagazine.es\/wp-content\/uploads\/2024\/04\/chefsforchildren-5-400x600.jpg 400w, https:\/\/www.tapasmagazine.es\/wp-content\/uploads\/2024\/04\/chefsforchildren-5.jpg 1243w\" sizes=\"(max-width: 682px) 100vw, 682px\" \/><\/figure>\n<\/figure>\n\n\n\n<p><strong>Amparo Rey<\/strong>, head of Communication and Institutional Relations of Autism Spain expressed the following: &#8216;From Autism Spain we are very grateful that ChefsForChildren has chosen children with autism as a solidarity cause for its 6th edition. The children who have participated in the workshops organized in Madrid, Cadiz and Malaga have enjoyed a wonderful experience thanks to the involvement and affection shown by the chefs who have cooked with them. Undoubtedly, this initiative helps us to make autism and the reality experienced by the more than 470,000 autistic people in our country more visible. Because we must not forget that autism is the most prevalent disability in Spain, and that it is present in 1 out of every 100 births. A lot of social awareness is needed so that autistic people can enjoy equal opportunities and that autism is diagnosed early, so that they can access the specialized support they need as soon as possible&#8217;.<\/p>\n\n\n<div class=\"wp-block-image\">\n<figure class=\"aligncenter size-large is-resized\"><img decoding=\"async\" width=\"1024\" height=\"683\" src=\"https:\/\/www.tapasmagazine.es\/wp-content\/uploads\/2024\/04\/chefsforchildren-3-1024x683.jpg\" alt=\"\" class=\"wp-image-246553\" style=\"width:1010px;height:auto\" srcset=\"https:\/\/www.tapasmagazine.es\/wp-content\/uploads\/2024\/04\/chefsforchildren-3-1024x683.jpg 1024w, https:\/\/www.tapasmagazine.es\/wp-content\/uploads\/2024\/04\/chefsforchildren-3-300x200.jpg 300w, https:\/\/www.tapasmagazine.es\/wp-content\/uploads\/2024\/04\/chefsforchildren-3-768x512.jpg 768w, https:\/\/www.tapasmagazine.es\/wp-content\/uploads\/2024\/04\/chefsforchildren-3-1536x1024.jpg 1536w, https:\/\/www.tapasmagazine.es\/wp-content\/uploads\/2024\/04\/chefsforchildren-3-2048x1366.jpg 2048w, https:\/\/www.tapasmagazine.es\/wp-content\/uploads\/2024\/04\/chefsforchildren-3-1000x667.jpg 1000w, https:\/\/www.tapasmagazine.es\/wp-content\/uploads\/2024\/04\/chefsforchildren-3-400x267.jpg 400w\" sizes=\"(max-width: 1024px) 100vw, 1024px\" \/><\/figure>\n<\/div>\n\n\n<p>The last edition of <strong>ChefsForChildren<\/strong> would end in style with a charity gala in benefit of Autism Spain, in which the chefs shared a table with the guests, and in which a gastronomic experience in their restaurant was raffled.<\/p>\n\n\n\n<p>The evening&#8217;s tasting menu was orchestrated around eight courses prepared by starred chefs such as Mario Cachinero, from Skina, Benito G\u00f3mez, from Bardal, Mauricio Giovanini, from Messina or Diego Gallegos, from Sollo.<\/p>\n","protected":false},"excerpt":{"rendered":"<p>Click here to read the Spanish version. The philosophy &#8216;eating healthy is fun&#8216; fuels this project in which the Michelin Star chefs present at the Anantara Villa Padierna resort in Marbella transmitted to all the children who participated the importance of healthy eating and gastronomy. In this solidarity initiative, the chefs participated in various cooking [&hellip;]<\/p>\n","protected":false},"author":318,"featured_media":246550,"comment_status":"closed","ping_status":"closed","sticky":false,"template":"","format":"standard","meta":{"_acf_changed":false,"footnotes":""},"categories":[15848,15802,15851],"tags":[18924],"class_list":["post-246566","post","type-post","status-publish","format-standard","has-post-thumbnail","hentry","category-chefs-en","category-news","category-nombres-propios-en","tag-comida-saludable-en","cat-15848-id","cat-15802-id","cat-15851-id"],"acf":[],"yoast_head":"<!-- This site is optimized with the Yoast SEO plugin v27.4 - https:\/\/yoast.com\/product\/yoast-seo-wordpress\/ -->\n<title>At ChefsForChildren 24&#039; top spanish chefs teach cooking to children with autism - Tapas<\/title>\n<meta name=\"description\" content=\"Click here to read the Spanish version. The philosophy &#039;eating healthy is fun&#039; fuels this project in which the Michelin Star chefs present at the Anantara\" \/>\n<meta name=\"robots\" content=\"index, follow, max-snippet:-1, max-image-preview:large, max-video-preview:-1\" \/>\n<link rel=\"canonical\" href=\"https:\/\/www.tapasmagazine.es\/en\/chefsforchildren-24-top-spanish-chefs-teach-cooking-children-with-autism\/\" \/>\n<meta property=\"og:locale\" content=\"en_US\" \/>\n<meta property=\"og:type\" content=\"article\" \/>\n<meta property=\"og:title\" content=\"At ChefsForChildren 24&#039; top spanish chefs teach cooking to children with autism - Tapas\" \/>\n<meta property=\"og:description\" content=\"Click here to read the Spanish version. The philosophy &#039;eating healthy is fun&#039; fuels this project in which the Michelin Star chefs present at the Anantara\" \/>\n<meta property=\"og:url\" content=\"https:\/\/www.tapasmagazine.es\/en\/chefsforchildren-24-top-spanish-chefs-teach-cooking-children-with-autism\/\" \/>\n<meta property=\"og:site_name\" content=\"Tapas\" \/>\n<meta property=\"article:publisher\" content=\"https:\/\/www.facebook.com\/tapasmagazine\" \/>\n<meta property=\"article:published_time\" content=\"2024-04-24T09:32:06+00:00\" \/>\n<meta property=\"article:modified_time\" content=\"2024-04-24T09:35:32+00:00\" \/>\n<meta property=\"og:image\" content=\"https:\/\/www.tapasmagazine.es\/wp-content\/uploads\/2024\/04\/chefsforchildren-1.jpg\" \/>\n\t<meta property=\"og:image:width\" content=\"1200\" \/>\n\t<meta property=\"og:image:height\" content=\"675\" \/>\n\t<meta property=\"og:image:type\" content=\"image\/jpeg\" \/>\n<meta name=\"author\" content=\"Tapas Magazine\" \/>\n<meta name=\"twitter:card\" content=\"summary_large_image\" \/>\n<meta name=\"twitter:creator\" content=\"@TapasMagazine\" \/>\n<meta name=\"twitter:site\" content=\"@TapasMagazine\" \/>\n<meta name=\"twitter:label1\" content=\"Written by\" \/>\n\t<meta name=\"twitter:data1\" content=\"Tapas Magazine\" \/>\n\t<meta name=\"twitter:label2\" content=\"Est. reading time\" \/>\n\t<meta name=\"twitter:data2\" content=\"3 minutes\" \/>\n<script type=\"application\/ld+json\" class=\"yoast-schema-graph\">{\"@context\":\"https:\\\/\\\/schema.org\",\"@graph\":[{\"@type\":\"Article\",\"@id\":\"https:\\\/\\\/www.tapasmagazine.es\\\/en\\\/chefsforchildren-24-top-spanish-chefs-teach-cooking-children-with-autism\\\/#article\",\"isPartOf\":{\"@id\":\"https:\\\/\\\/www.tapasmagazine.es\\\/en\\\/chefsforchildren-24-top-spanish-chefs-teach-cooking-children-with-autism\\\/\"},\"author\":{\"name\":\"Tapas Magazine\",\"@id\":\"https:\\\/\\\/www.tapasmagazine.es\\\/#\\\/schema\\\/person\\\/ea9005ac2d36a0c25f3e81c47da0182f\"},\"headline\":\"At ChefsForChildren 24&#8242; top spanish chefs teach cooking to children with autism\",\"datePublished\":\"2024-04-24T09:32:06+00:00\",\"dateModified\":\"2024-04-24T09:35:32+00:00\",\"mainEntityOfPage\":{\"@id\":\"https:\\\/\\\/www.tapasmagazine.es\\\/en\\\/chefsforchildren-24-top-spanish-chefs-teach-cooking-children-with-autism\\\/\"},\"wordCount\":389,\"publisher\":{\"@id\":\"https:\\\/\\\/www.tapasmagazine.es\\\/#organization\"},\"image\":{\"@id\":\"https:\\\/\\\/www.tapasmagazine.es\\\/en\\\/chefsforchildren-24-top-spanish-chefs-teach-cooking-children-with-autism\\\/#primaryimage\"},\"thumbnailUrl\":\"https:\\\/\\\/www.tapasmagazine.es\\\/wp-content\\\/uploads\\\/2024\\\/04\\\/chefsforchildren-1.jpg\",\"keywords\":[\"Comida saludable\"],\"articleSection\":[\"Chefs\",\"News\",\"Nombres propios\"],\"inLanguage\":\"en-US\"},{\"@type\":\"WebPage\",\"@id\":\"https:\\\/\\\/www.tapasmagazine.es\\\/en\\\/chefsforchildren-24-top-spanish-chefs-teach-cooking-children-with-autism\\\/\",\"url\":\"https:\\\/\\\/www.tapasmagazine.es\\\/en\\\/chefsforchildren-24-top-spanish-chefs-teach-cooking-children-with-autism\\\/\",\"name\":\"At ChefsForChildren 24' top spanish chefs teach cooking to children with autism - Tapas\",\"isPartOf\":{\"@id\":\"https:\\\/\\\/www.tapasmagazine.es\\\/#website\"},\"primaryImageOfPage\":{\"@id\":\"https:\\\/\\\/www.tapasmagazine.es\\\/en\\\/chefsforchildren-24-top-spanish-chefs-teach-cooking-children-with-autism\\\/#primaryimage\"},\"image\":{\"@id\":\"https:\\\/\\\/www.tapasmagazine.es\\\/en\\\/chefsforchildren-24-top-spanish-chefs-teach-cooking-children-with-autism\\\/#primaryimage\"},\"thumbnailUrl\":\"https:\\\/\\\/www.tapasmagazine.es\\\/wp-content\\\/uploads\\\/2024\\\/04\\\/chefsforchildren-1.jpg\",\"datePublished\":\"2024-04-24T09:32:06+00:00\",\"dateModified\":\"2024-04-24T09:35:32+00:00\",\"description\":\"Click here to read the Spanish version. The philosophy 'eating healthy is fun' fuels this project in which the Michelin Star chefs present at the Anantara\",\"breadcrumb\":{\"@id\":\"https:\\\/\\\/www.tapasmagazine.es\\\/en\\\/chefsforchildren-24-top-spanish-chefs-teach-cooking-children-with-autism\\\/#breadcrumb\"},\"inLanguage\":\"en-US\",\"potentialAction\":[{\"@type\":\"ReadAction\",\"target\":[\"https:\\\/\\\/www.tapasmagazine.es\\\/en\\\/chefsforchildren-24-top-spanish-chefs-teach-cooking-children-with-autism\\\/\"]}]},{\"@type\":\"ImageObject\",\"inLanguage\":\"en-US\",\"@id\":\"https:\\\/\\\/www.tapasmagazine.es\\\/en\\\/chefsforchildren-24-top-spanish-chefs-teach-cooking-children-with-autism\\\/#primaryimage\",\"url\":\"https:\\\/\\\/www.tapasmagazine.es\\\/wp-content\\\/uploads\\\/2024\\\/04\\\/chefsforchildren-1.jpg\",\"contentUrl\":\"https:\\\/\\\/www.tapasmagazine.es\\\/wp-content\\\/uploads\\\/2024\\\/04\\\/chefsforchildren-1.jpg\",\"width\":1200,\"height\":675},{\"@type\":\"BreadcrumbList\",\"@id\":\"https:\\\/\\\/www.tapasmagazine.es\\\/en\\\/chefsforchildren-24-top-spanish-chefs-teach-cooking-children-with-autism\\\/#breadcrumb\",\"itemListElement\":[{\"@type\":\"ListItem\",\"position\":1,\"name\":\"Portada\",\"item\":\"https:\\\/\\\/www.tapasmagazine.es\\\/\"},{\"@type\":\"ListItem\",\"position\":2,\"name\":\"News\",\"item\":\"https:\\\/\\\/www.tapasmagazine.es\\\/en\\\/categorias\\\/news\\\/\"},{\"@type\":\"ListItem\",\"position\":3,\"name\":\"At ChefsForChildren 24&#8242; top spanish chefs teach cooking to children with autism\"}]},{\"@type\":\"WebSite\",\"@id\":\"https:\\\/\\\/www.tapasmagazine.es\\\/#website\",\"url\":\"https:\\\/\\\/www.tapasmagazine.es\\\/\",\"name\":\"Tapas\",\"description\":\"\u00d1am \u00d1am Lifestyle. La vida a bocados. Premio Nacional de Gastronom\u00eda 2016.\",\"publisher\":{\"@id\":\"https:\\\/\\\/www.tapasmagazine.es\\\/#organization\"},\"potentialAction\":[{\"@type\":\"SearchAction\",\"target\":{\"@type\":\"EntryPoint\",\"urlTemplate\":\"https:\\\/\\\/www.tapasmagazine.es\\\/?s={search_term_string}\"},\"query-input\":{\"@type\":\"PropertyValueSpecification\",\"valueRequired\":true,\"valueName\":\"search_term_string\"}}],\"inLanguage\":\"en-US\"},{\"@type\":\"Organization\",\"@id\":\"https:\\\/\\\/www.tapasmagazine.es\\\/#organization\",\"name\":\"Tapas Magazine\",\"url\":\"https:\\\/\\\/www.tapasmagazine.es\\\/\",\"logo\":{\"@type\":\"ImageObject\",\"inLanguage\":\"en-US\",\"@id\":\"https:\\\/\\\/www.tapasmagazine.es\\\/#\\\/schema\\\/logo\\\/image\\\/\",\"url\":\"https:\\\/\\\/www.tapasmagazine.es\\\/wp-content\\\/uploads\\\/2018\\\/01\\\/logo.png\",\"contentUrl\":\"https:\\\/\\\/www.tapasmagazine.es\\\/wp-content\\\/uploads\\\/2018\\\/01\\\/logo.png\",\"width\":180,\"height\":60,\"caption\":\"Tapas Magazine\"},\"image\":{\"@id\":\"https:\\\/\\\/www.tapasmagazine.es\\\/#\\\/schema\\\/logo\\\/image\\\/\"},\"sameAs\":[\"https:\\\/\\\/www.facebook.com\\\/tapasmagazine\",\"https:\\\/\\\/x.com\\\/TapasMagazine\",\"https:\\\/\\\/www.instagram.com\\\/tapasmagazine\\\/\",\"https:\\\/\\\/www.linkedin.com\\\/company\\\/tapas-magazine\",\"https:\\\/\\\/es.pinterest.com\\\/tapasmagazine\\\/\",\"https:\\\/\\\/www.youtube.com\\\/channel\\\/UCEyxneAaACuR0lfDagrWjjg?sub_confirmation=1\"]},{\"@type\":\"Person\",\"@id\":\"https:\\\/\\\/www.tapasmagazine.es\\\/#\\\/schema\\\/person\\\/ea9005ac2d36a0c25f3e81c47da0182f\",\"name\":\"Tapas Magazine\",\"url\":\"https:\\\/\\\/www.tapasmagazine.es\\\/en\\\/author\\\/tapas-magazine\\\/\"}]}<\/script>\n<!-- \/ Yoast SEO plugin. -->","yoast_head_json":{"title":"At ChefsForChildren 24' top spanish chefs teach cooking to children with autism - Tapas","description":"Click here to read the Spanish version. The philosophy 'eating healthy is fun' fuels this project in which the Michelin Star chefs present at the Anantara","robots":{"index":"index","follow":"follow","max-snippet":"max-snippet:-1","max-image-preview":"max-image-preview:large","max-video-preview":"max-video-preview:-1"},"canonical":"https:\/\/www.tapasmagazine.es\/en\/chefsforchildren-24-top-spanish-chefs-teach-cooking-children-with-autism\/","og_locale":"en_US","og_type":"article","og_title":"At ChefsForChildren 24' top spanish chefs teach cooking to children with autism - Tapas","og_description":"Click here to read the Spanish version. The philosophy 'eating healthy is fun' fuels this project in which the Michelin Star chefs present at the Anantara","og_url":"https:\/\/www.tapasmagazine.es\/en\/chefsforchildren-24-top-spanish-chefs-teach-cooking-children-with-autism\/","og_site_name":"Tapas","article_publisher":"https:\/\/www.facebook.com\/tapasmagazine","article_published_time":"2024-04-24T09:32:06+00:00","article_modified_time":"2024-04-24T09:35:32+00:00","og_image":[{"width":1200,"height":675,"url":"https:\/\/www.tapasmagazine.es\/wp-content\/uploads\/2024\/04\/chefsforchildren-1.jpg","type":"image\/jpeg"}],"author":"Tapas Magazine","twitter_card":"summary_large_image","twitter_creator":"@TapasMagazine","twitter_site":"@TapasMagazine","twitter_misc":{"Written by":"Tapas Magazine","Est. reading time":"3 minutes"},"schema":{"@context":"https:\/\/schema.org","@graph":[{"@type":"Article","@id":"https:\/\/www.tapasmagazine.es\/en\/chefsforchildren-24-top-spanish-chefs-teach-cooking-children-with-autism\/#article","isPartOf":{"@id":"https:\/\/www.tapasmagazine.es\/en\/chefsforchildren-24-top-spanish-chefs-teach-cooking-children-with-autism\/"},"author":{"name":"Tapas Magazine","@id":"https:\/\/www.tapasmagazine.es\/#\/schema\/person\/ea9005ac2d36a0c25f3e81c47da0182f"},"headline":"At ChefsForChildren 24&#8242; top spanish chefs teach cooking to children with autism","datePublished":"2024-04-24T09:32:06+00:00","dateModified":"2024-04-24T09:35:32+00:00","mainEntityOfPage":{"@id":"https:\/\/www.tapasmagazine.es\/en\/chefsforchildren-24-top-spanish-chefs-teach-cooking-children-with-autism\/"},"wordCount":389,"publisher":{"@id":"https:\/\/www.tapasmagazine.es\/#organization"},"image":{"@id":"https:\/\/www.tapasmagazine.es\/en\/chefsforchildren-24-top-spanish-chefs-teach-cooking-children-with-autism\/#primaryimage"},"thumbnailUrl":"https:\/\/www.tapasmagazine.es\/wp-content\/uploads\/2024\/04\/chefsforchildren-1.jpg","keywords":["Comida saludable"],"articleSection":["Chefs","News","Nombres propios"],"inLanguage":"en-US"},{"@type":"WebPage","@id":"https:\/\/www.tapasmagazine.es\/en\/chefsforchildren-24-top-spanish-chefs-teach-cooking-children-with-autism\/","url":"https:\/\/www.tapasmagazine.es\/en\/chefsforchildren-24-top-spanish-chefs-teach-cooking-children-with-autism\/","name":"At ChefsForChildren 24' top spanish chefs teach cooking to children with autism - Tapas","isPartOf":{"@id":"https:\/\/www.tapasmagazine.es\/#website"},"primaryImageOfPage":{"@id":"https:\/\/www.tapasmagazine.es\/en\/chefsforchildren-24-top-spanish-chefs-teach-cooking-children-with-autism\/#primaryimage"},"image":{"@id":"https:\/\/www.tapasmagazine.es\/en\/chefsforchildren-24-top-spanish-chefs-teach-cooking-children-with-autism\/#primaryimage"},"thumbnailUrl":"https:\/\/www.tapasmagazine.es\/wp-content\/uploads\/2024\/04\/chefsforchildren-1.jpg","datePublished":"2024-04-24T09:32:06+00:00","dateModified":"2024-04-24T09:35:32+00:00","description":"Click here to read the Spanish version. The philosophy 'eating healthy is fun' fuels this project in which the Michelin Star chefs present at the Anantara","breadcrumb":{"@id":"https:\/\/www.tapasmagazine.es\/en\/chefsforchildren-24-top-spanish-chefs-teach-cooking-children-with-autism\/#breadcrumb"},"inLanguage":"en-US","potentialAction":[{"@type":"ReadAction","target":["https:\/\/www.tapasmagazine.es\/en\/chefsforchildren-24-top-spanish-chefs-teach-cooking-children-with-autism\/"]}]},{"@type":"ImageObject","inLanguage":"en-US","@id":"https:\/\/www.tapasmagazine.es\/en\/chefsforchildren-24-top-spanish-chefs-teach-cooking-children-with-autism\/#primaryimage","url":"https:\/\/www.tapasmagazine.es\/wp-content\/uploads\/2024\/04\/chefsforchildren-1.jpg","contentUrl":"https:\/\/www.tapasmagazine.es\/wp-content\/uploads\/2024\/04\/chefsforchildren-1.jpg","width":1200,"height":675},{"@type":"BreadcrumbList","@id":"https:\/\/www.tapasmagazine.es\/en\/chefsforchildren-24-top-spanish-chefs-teach-cooking-children-with-autism\/#breadcrumb","itemListElement":[{"@type":"ListItem","position":1,"name":"Portada","item":"https:\/\/www.tapasmagazine.es\/"},{"@type":"ListItem","position":2,"name":"News","item":"https:\/\/www.tapasmagazine.es\/en\/categorias\/news\/"},{"@type":"ListItem","position":3,"name":"At ChefsForChildren 24&#8242; top spanish chefs teach cooking to children with autism"}]},{"@type":"WebSite","@id":"https:\/\/www.tapasmagazine.es\/#website","url":"https:\/\/www.tapasmagazine.es\/","name":"Tapas","description":"\u00d1am \u00d1am Lifestyle. La vida a bocados. Premio Nacional de Gastronom\u00eda 2016.","publisher":{"@id":"https:\/\/www.tapasmagazine.es\/#organization"},"potentialAction":[{"@type":"SearchAction","target":{"@type":"EntryPoint","urlTemplate":"https:\/\/www.tapasmagazine.es\/?s={search_term_string}"},"query-input":{"@type":"PropertyValueSpecification","valueRequired":true,"valueName":"search_term_string"}}],"inLanguage":"en-US"},{"@type":"Organization","@id":"https:\/\/www.tapasmagazine.es\/#organization","name":"Tapas Magazine","url":"https:\/\/www.tapasmagazine.es\/","logo":{"@type":"ImageObject","inLanguage":"en-US","@id":"https:\/\/www.tapasmagazine.es\/#\/schema\/logo\/image\/","url":"https:\/\/www.tapasmagazine.es\/wp-content\/uploads\/2018\/01\/logo.png","contentUrl":"https:\/\/www.tapasmagazine.es\/wp-content\/uploads\/2018\/01\/logo.png","width":180,"height":60,"caption":"Tapas Magazine"},"image":{"@id":"https:\/\/www.tapasmagazine.es\/#\/schema\/logo\/image\/"},"sameAs":["https:\/\/www.facebook.com\/tapasmagazine","https:\/\/x.com\/TapasMagazine","https:\/\/www.instagram.com\/tapasmagazine\/","https:\/\/www.linkedin.com\/company\/tapas-magazine","https:\/\/es.pinterest.com\/tapasmagazine\/","https:\/\/www.youtube.com\/channel\/UCEyxneAaACuR0lfDagrWjjg?sub_confirmation=1"]},{"@type":"Person","@id":"https:\/\/www.tapasmagazine.es\/#\/schema\/person\/ea9005ac2d36a0c25f3e81c47da0182f","name":"Tapas Magazine","url":"https:\/\/www.tapasmagazine.es\/en\/author\/tapas-magazine\/"}]}},"_links":{"self":[{"href":"https:\/\/www.tapasmagazine.es\/en\/wp-json\/wp\/v2\/posts\/246566","targetHints":{"allow":["GET"]}}],"collection":[{"href":"https:\/\/www.tapasmagazine.es\/en\/wp-json\/wp\/v2\/posts"}],"about":[{"href":"https:\/\/www.tapasmagazine.es\/en\/wp-json\/wp\/v2\/types\/post"}],"author":[{"embeddable":true,"href":"https:\/\/www.tapasmagazine.es\/en\/wp-json\/wp\/v2\/users\/318"}],"replies":[{"embeddable":true,"href":"https:\/\/www.tapasmagazine.es\/en\/wp-json\/wp\/v2\/comments?post=246566"}],"version-history":[{"count":2,"href":"https:\/\/www.tapasmagazine.es\/en\/wp-json\/wp\/v2\/posts\/246566\/revisions"}],"predecessor-version":[{"id":246574,"href":"https:\/\/www.tapasmagazine.es\/en\/wp-json\/wp\/v2\/posts\/246566\/revisions\/246574"}],"wp:featuredmedia":[{"embeddable":true,"href":"https:\/\/www.tapasmagazine.es\/en\/wp-json\/wp\/v2\/media\/246550"}],"wp:attachment":[{"href":"https:\/\/www.tapasmagazine.es\/en\/wp-json\/wp\/v2\/media?parent=246566"}],"wp:term":[{"taxonomy":"category","embeddable":true,"href":"https:\/\/www.tapasmagazine.es\/en\/wp-json\/wp\/v2\/categories?post=246566"},{"taxonomy":"post_tag","embeddable":true,"href":"https:\/\/www.tapasmagazine.es\/en\/wp-json\/wp\/v2\/tags?post=246566"}],"curies":[{"name":"wp","href":"https:\/\/api.w.org\/{rel}","templated":true}]}}